{"id":29433,"date":"2026-09-04T12:36:45","date_gmt":"2026-09-04T15:36:45","guid":{"rendered":"https:\/\/sudoesteacontece.com.br\/?p=29433"},"modified":"2026-09-04T12:36:50","modified_gmt":"2026-09-04T15:36:50","slug":"incendio-ameaca-casas-e-e-controlado-pela-pm-em-pindai","status":"publish","type":"post","link":"https:\/\/sudoesteacontece.com.br\/?p=29433","title":{"rendered":"Inc\u00eandio amea\u00e7a casas e \u00e9 controlado pela PM em Pinda\u00ed"},"content":{"rendered":"\n<figure class=\"wp-block-image size-full\"><img fetchpriority=\"high\" decoding=\"async\" width=\"900\" height=\"600\" src=\"http:\/\/sudoesteacontece.com.br\/wp-content\/uploads\/2026\/09\/Incendio-ameaca-casas-e-e-controlado-pela-PM-em-Pindai.jpg\" alt=\"\" class=\"wp-image-29459\" srcset=\"https:\/\/sudoesteacontece.com.br\/wp-content\/uploads\/2026\/09\/Incendio-ameaca-casas-e-e-controlado-pela-PM-em-Pindai.jpg 900w, https:\/\/sudoesteacontece.com.br\/wp-content\/uploads\/2026\/09\/Incendio-ameaca-casas-e-e-controlado-pela-PM-em-Pindai-300x200.jpg 300w, https:\/\/sudoesteacontece.com.br\/wp-content\/uploads\/2026\/09\/Incendio-ameaca-casas-e-e-controlado-pela-PM-em-Pindai-768x512.jpg 768w\" sizes=\"(max-width: 900px) 100vw, 900px\" \/><\/figure>\n\n\n\n<p class=\"wp-block-paragraph\">Um inc\u00eandio atingiu um terreno baldio na manh\u00e3 desta quinta-feira (3), na Rua Quatro de Abril, no Centro de Pinda\u00ed, em frente ao Hospital Municipal. A ocorr\u00eancia foi registrada por volta das 10h13, quando uma equipe do 17\u00ba Batalh\u00e3o de Pol\u00edcia Militar (17\u00ba BPM) foi acionada pelo telefone funcional. No local, os policiais constataram que as chamas poderiam alcan\u00e7ar im\u00f3veis vizinhos.<\/p>\n\n\n\n<p class=\"wp-block-paragraph\">Diante do risco de propaga\u00e7\u00e3o, a guarni\u00e7\u00e3o solicitou apoio de um caminh\u00e3o-pipa da Prefeitura de Pinda\u00ed. O ve\u00edculo foi utilizado para combater o fogo e auxiliar no resfriamento da \u00e1rea atingida. Com a atua\u00e7\u00e3o conjunta, as chamas foram controladas e o risco de que o inc\u00eandio avan\u00e7asse para as resid\u00eancias pr\u00f3ximas foi eliminado.<\/p>\n\n\n\n<p class=\"wp-block-paragraph\">Moradores relataram aos policiais a suspeita de que o fogo tenha come\u00e7ado ap\u00f3s o uso de fogos de artif\u00edcio. A informa\u00e7\u00e3o, no entanto, n\u00e3o foi confirmada pelas autoridades no momento da ocorr\u00eancia. O 17\u00ba BPM realizou dilig\u00eancias nas proximidades depois que o inc\u00eandio foi controlado, com o objetivo de localizar o poss\u00edvel respons\u00e1vel.<\/p>\n\n\n\n<p class=\"wp-block-paragraph\">At\u00e9 o momento, nenhum suspeito foi encontrado durante as buscas realizadas pela equipe. A ocorr\u00eancia ficou sob acompanhamento das autoridades respons\u00e1veis, enquanto as circunst\u00e2ncias que provocaram o inc\u00eandio permanecem sem confirma\u00e7\u00e3o oficial.<\/p>\n","protected":false},"excerpt":{"rendered":"<p>Um inc\u00eandio atingiu um terreno baldio na manh\u00e3 desta quinta-feira (3), na Rua Quatro de Abril, no Centro de Pinda\u00ed, em frente ao Hospital Municipal. A ocorr\u00eancia foi registrada por volta das 10h13, quando uma equipe do 17\u00ba Batalh\u00e3o de Pol\u00edcia Militar (17\u00ba BPM) foi acionada pelo telefone funcional. No local, os policiais constataram que as chamas poderiam alcan\u00e7ar im\u00f3veis vizinhos. Diante do risco de propaga\u00e7\u00e3o, a guarni\u00e7\u00e3o solicitou apoio de um caminh\u00e3o-pipa da Prefeitura de Pinda\u00ed. O ve\u00edculo foi utilizado para combater o fogo e auxiliar no resfriamento da \u00e1rea atingida. Com a atua\u00e7\u00e3o conjunta, as chamas foram controladas e o risco de que o inc\u00eandio avan\u00e7asse para as resid\u00eancias pr\u00f3ximas foi eliminado. Moradores relataram aos policiais a suspeita de que o fogo tenha come\u00e7ado ap\u00f3s o uso de fogos de artif\u00edcio. A informa\u00e7\u00e3o, no entanto, n\u00e3o foi confirmada pelas autoridades no momento da ocorr\u00eancia. O 17\u00ba BPM realizou dilig\u00eancias nas proximidades depois que o inc\u00eandio foi controlado, com o objetivo de localizar o poss\u00edvel respons\u00e1vel. At\u00e9 o momento, nenhum suspeito foi encontrado durante as buscas realizadas pela equipe. A ocorr\u00eancia ficou sob acompanhamento das autoridades respons\u00e1veis, enquanto as circunst\u00e2ncias que provocaram o inc\u00eandio permanecem sem confirma\u00e7\u00e3o oficial.<\/p>\n","protected":false},"author":4,"featured_media":0,"comment_status":"open","ping_status":"open","sticky":false,"template":"","format":"standard","meta":{"footnotes":""},"categories":[4,95,3],"tags":[],"class_list":["post-29433","post","type-post","status-publish","format-standard","hentry","category-cidades","category-pindai","category-policia"],"yoast_head":"<!-- This site is optimized with the Yoast SEO plugin v26.5 - https:\/\/yoast.com\/wordpress\/plugins\/seo\/ -->\n<title>Inc\u00eandio amea\u00e7a casas e \u00e9 controlado pela PM em Pinda\u00ed - Sudoesteacontece<\/title>\n<meta name=\"robots\" content=\"index, follow, max-snippet:-1, max-image-preview:large, max-video-preview:-1\" \/>\n<link rel=\"canonical\" href=\"https:\/\/sudoesteacontece.com.br\/?p=29433\" \/>\n<meta property=\"og:locale\" content=\"pt_BR\" \/>\n<meta property=\"og:type\" content=\"article\" \/>\n<meta property=\"og:title\" content=\"Inc\u00eandio amea\u00e7a casas e \u00e9 controlado pela PM em Pinda\u00ed - Sudoesteacontece\" \/>\n<meta property=\"og:description\" content=\"Um inc\u00eandio atingiu um terreno baldio na manh\u00e3 desta quinta-feira (3), na Rua Quatro de Abril, no Centro de Pinda\u00ed, em frente ao Hospital Municipal. A ocorr\u00eancia foi registrada por volta das 10h13, quando uma equipe do 17\u00ba Batalh\u00e3o de Pol\u00edcia Militar (17\u00ba BPM) foi acionada pelo telefone funcional. No local, os policiais constataram que as chamas poderiam alcan\u00e7ar im\u00f3veis vizinhos. Diante do risco de propaga\u00e7\u00e3o, a guarni\u00e7\u00e3o solicitou apoio de um caminh\u00e3o-pipa da Prefeitura de Pinda\u00ed. O ve\u00edculo foi utilizado para combater o fogo e auxiliar no resfriamento da \u00e1rea atingida. Com a atua\u00e7\u00e3o conjunta, as chamas foram controladas e o risco de que o inc\u00eandio avan\u00e7asse para as resid\u00eancias pr\u00f3ximas foi eliminado. Moradores relataram aos policiais a suspeita de que o fogo tenha come\u00e7ado ap\u00f3s o uso de fogos de artif\u00edcio. A informa\u00e7\u00e3o, no entanto, n\u00e3o foi confirmada pelas autoridades no momento da ocorr\u00eancia. O 17\u00ba BPM realizou dilig\u00eancias nas proximidades depois que o inc\u00eandio foi controlado, com o objetivo de localizar o poss\u00edvel respons\u00e1vel. At\u00e9 o momento, nenhum suspeito foi encontrado durante as buscas realizadas pela equipe. A ocorr\u00eancia ficou sob acompanhamento das autoridades respons\u00e1veis, enquanto as circunst\u00e2ncias que provocaram o inc\u00eandio permanecem sem confirma\u00e7\u00e3o oficial.\" \/>\n<meta property=\"og:url\" content=\"https:\/\/sudoesteacontece.com.br\/?p=29433\" \/>\n<meta property=\"og:site_name\" content=\"Sudoesteacontece\" \/>\n<meta property=\"article:publisher\" content=\"https:\/\/www.facebook.com\/sudoesteacontece\/?locale=pt_BR\" \/>\n<meta property=\"article:published_time\" content=\"2026-09-04T15:36:45+00:00\" \/>\n<meta property=\"article:modified_time\" content=\"2026-09-04T15:36:50+00:00\" \/>\n<meta property=\"og:image\" content=\"https:\/\/sudoesteacontece.com.br\/wp-content\/uploads\/2026\/09\/Incendio-ameaca-casas-e-e-controlado-pela-PM-em-Pindai.jpg\" \/>\n\t<meta property=\"og:image:width\" content=\"900\" \/>\n\t<meta property=\"og:image:height\" content=\"600\" \/>\n\t<meta property=\"og:image:type\" content=\"image\/jpeg\" \/>\n<meta name=\"author\" content=\"Reda\u00e7\u00e3o\" \/>\n<meta name=\"twitter:card\" content=\"summary_large_image\" \/>\n<meta name=\"twitter:label1\" content=\"Escrito por\" \/>\n\t<meta name=\"twitter:data1\" content=\"Reda\u00e7\u00e3o\" \/>\n\t<meta name=\"twitter:label2\" content=\"Est. tempo de leitura\" \/>\n\t<meta name=\"twitter:data2\" content=\"2 minutos\" \/>\n<script type=\"application\/ld+json\" class=\"yoast-schema-graph\">{\"@context\":\"https:\/\/schema.org\",\"@graph\":[{\"@type\":\"Article\",\"@id\":\"https:\/\/sudoesteacontece.com.br\/?p=29433#article\",\"isPartOf\":{\"@id\":\"https:\/\/sudoesteacontece.com.br\/?p=29433\"},\"author\":{\"name\":\"Reda\u00e7\u00e3o\",\"@id\":\"https:\/\/sudoesteacontece.com.br\/#\/schema\/person\/a4f22429c1d0923ef8f7d43343f8dc38\"},\"headline\":\"Inc\u00eandio amea\u00e7a casas e \u00e9 controlado pela PM em Pinda\u00ed\",\"datePublished\":\"2026-09-04T15:36:45+00:00\",\"dateModified\":\"2026-09-04T15:36:50+00:00\",\"mainEntityOfPage\":{\"@id\":\"https:\/\/sudoesteacontece.com.br\/?p=29433\"},\"wordCount\":236,\"commentCount\":0,\"publisher\":{\"@id\":\"https:\/\/sudoesteacontece.com.br\/#organization\"},\"image\":{\"@id\":\"https:\/\/sudoesteacontece.com.br\/?p=29433#primaryimage\"},\"thumbnailUrl\":\"http:\/\/sudoesteacontece.com.br\/wp-content\/uploads\/2026\/09\/Incendio-ameaca-casas-e-e-controlado-pela-PM-em-Pindai.jpg\",\"articleSection\":[\"Cidades\",\"Pinda\u00ed\",\"Pol\u00edcia\"],\"inLanguage\":\"pt-BR\",\"potentialAction\":[{\"@type\":\"CommentAction\",\"name\":\"Comment\",\"target\":[\"https:\/\/sudoesteacontece.com.br\/?p=29433#respond\"]}]},{\"@type\":\"WebPage\",\"@id\":\"https:\/\/sudoesteacontece.com.br\/?p=29433\",\"url\":\"https:\/\/sudoesteacontece.com.br\/?p=29433\",\"name\":\"Inc\u00eandio amea\u00e7a casas e \u00e9 controlado pela PM em Pinda\u00ed - Sudoesteacontece\",\"isPartOf\":{\"@id\":\"https:\/\/sudoesteacontece.com.br\/#website\"},\"primaryImageOfPage\":{\"@id\":\"https:\/\/sudoesteacontece.com.br\/?p=29433#primaryimage\"},\"image\":{\"@id\":\"https:\/\/sudoesteacontece.com.br\/?p=29433#primaryimage\"},\"thumbnailUrl\":\"http:\/\/sudoesteacontece.com.br\/wp-content\/uploads\/2026\/09\/Incendio-ameaca-casas-e-e-controlado-pela-PM-em-Pindai.jpg\",\"datePublished\":\"2026-09-04T15:36:45+00:00\",\"dateModified\":\"2026-09-04T15:36:50+00:00\",\"breadcrumb\":{\"@id\":\"https:\/\/sudoesteacontece.com.br\/?p=29433#breadcrumb\"},\"inLanguage\":\"pt-BR\",\"potentialAction\":[{\"@type\":\"ReadAction\",\"target\":[\"https:\/\/sudoesteacontece.com.br\/?p=29433\"]}]},{\"@type\":\"ImageObject\",\"inLanguage\":\"pt-BR\",\"@id\":\"https:\/\/sudoesteacontece.com.br\/?p=29433#primaryimage\",\"url\":\"https:\/\/sudoesteacontece.com.br\/wp-content\/uploads\/2026\/09\/Incendio-ameaca-casas-e-e-controlado-pela-PM-em-Pindai.jpg\",\"contentUrl\":\"https:\/\/sudoesteacontece.com.br\/wp-content\/uploads\/2026\/09\/Incendio-ameaca-casas-e-e-controlado-pela-PM-em-Pindai.jpg\",\"width\":900,\"height\":600},{\"@type\":\"BreadcrumbList\",\"@id\":\"https:\/\/sudoesteacontece.com.br\/?p=29433#breadcrumb\",\"itemListElement\":[{\"@type\":\"ListItem\",\"position\":1,\"name\":\"In\u00edcio\",\"item\":\"https:\/\/sudoesteacontece.com.br\/\"},{\"@type\":\"ListItem\",\"position\":2,\"name\":\"Inc\u00eandio amea\u00e7a casas e \u00e9 controlado pela PM em Pinda\u00ed\"}]},{\"@type\":\"WebSite\",\"@id\":\"https:\/\/sudoesteacontece.com.br\/#website\",\"url\":\"https:\/\/sudoesteacontece.com.br\/\",\"name\":\"Sudoesteacontece\",\"description\":\"\",\"publisher\":{\"@id\":\"https:\/\/sudoesteacontece.com.br\/#organization\"},\"potentialAction\":[{\"@type\":\"SearchAction\",\"target\":{\"@type\":\"EntryPoint\",\"urlTemplate\":\"https:\/\/sudoesteacontece.com.br\/?s={search_term_string}\"},\"query-input\":{\"@type\":\"PropertyValueSpecification\",\"valueRequired\":true,\"valueName\":\"search_term_string\"}}],\"inLanguage\":\"pt-BR\"},{\"@type\":\"Organization\",\"@id\":\"https:\/\/sudoesteacontece.com.br\/#organization\",\"name\":\"Sudoesteacontece\",\"url\":\"https:\/\/sudoesteacontece.com.br\/\",\"logo\":{\"@type\":\"ImageObject\",\"inLanguage\":\"pt-BR\",\"@id\":\"https:\/\/sudoesteacontece.com.br\/#\/schema\/logo\/image\/\",\"url\":\"https:\/\/sudoesteacontece.com.br\/wp-content\/uploads\/2025\/12\/cropped-logo-2-180x180-1.png\",\"contentUrl\":\"https:\/\/sudoesteacontece.com.br\/wp-content\/uploads\/2025\/12\/cropped-logo-2-180x180-1.png\",\"width\":180,\"height\":180,\"caption\":\"Sudoesteacontece\"},\"image\":{\"@id\":\"https:\/\/sudoesteacontece.com.br\/#\/schema\/logo\/image\/\"},\"sameAs\":[\"https:\/\/www.facebook.com\/sudoesteacontece\/?locale=pt_BR\"]},{\"@type\":\"Person\",\"@id\":\"https:\/\/sudoesteacontece.com.br\/#\/schema\/person\/a4f22429c1d0923ef8f7d43343f8dc38\",\"name\":\"Reda\u00e7\u00e3o\",\"image\":{\"@type\":\"ImageObject\",\"inLanguage\":\"pt-BR\",\"@id\":\"https:\/\/sudoesteacontece.com.br\/#\/schema\/person\/image\/\",\"url\":\"https:\/\/secure.gravatar.com\/avatar\/c3a5b3c93f268a709c25a2df414c629a96fb3b1b4bf97a94fb3f72e54ae76903?s=96&d=mm&r=g\",\"contentUrl\":\"https:\/\/secure.gravatar.com\/avatar\/c3a5b3c93f268a709c25a2df414c629a96fb3b1b4bf97a94fb3f72e54ae76903?s=96&d=mm&r=g\",\"caption\":\"Reda\u00e7\u00e3o\"},\"url\":\"https:\/\/sudoesteacontece.com.br\/?author=4\"}]}<\/script>\n<!-- \/ Yoast SEO plugin. -->","yoast_head_json":{"title":"Inc\u00eandio amea\u00e7a casas e \u00e9 controlado pela PM em Pinda\u00ed - Sudoesteacontece","robots":{"index":"index","follow":"follow","max-snippet":"max-snippet:-1","max-image-preview":"max-image-preview:large","max-video-preview":"max-video-preview:-1"},"canonical":"https:\/\/sudoesteacontece.com.br\/?p=29433","og_locale":"pt_BR","og_type":"article","og_title":"Inc\u00eandio amea\u00e7a casas e \u00e9 controlado pela PM em Pinda\u00ed - Sudoesteacontece","og_description":"Um inc\u00eandio atingiu um terreno baldio na manh\u00e3 desta quinta-feira (3), na Rua Quatro de Abril, no Centro de Pinda\u00ed, em frente ao Hospital Municipal. A ocorr\u00eancia foi registrada por volta das 10h13, quando uma equipe do 17\u00ba Batalh\u00e3o de Pol\u00edcia Militar (17\u00ba BPM) foi acionada pelo telefone funcional. No local, os policiais constataram que as chamas poderiam alcan\u00e7ar im\u00f3veis vizinhos. Diante do risco de propaga\u00e7\u00e3o, a guarni\u00e7\u00e3o solicitou apoio de um caminh\u00e3o-pipa da Prefeitura de Pinda\u00ed. O ve\u00edculo foi utilizado para combater o fogo e auxiliar no resfriamento da \u00e1rea atingida. Com a atua\u00e7\u00e3o conjunta, as chamas foram controladas e o risco de que o inc\u00eandio avan\u00e7asse para as resid\u00eancias pr\u00f3ximas foi eliminado. Moradores relataram aos policiais a suspeita de que o fogo tenha come\u00e7ado ap\u00f3s o uso de fogos de artif\u00edcio. A informa\u00e7\u00e3o, no entanto, n\u00e3o foi confirmada pelas autoridades no momento da ocorr\u00eancia. O 17\u00ba BPM realizou dilig\u00eancias nas proximidades depois que o inc\u00eandio foi controlado, com o objetivo de localizar o poss\u00edvel respons\u00e1vel. At\u00e9 o momento, nenhum suspeito foi encontrado durante as buscas realizadas pela equipe. A ocorr\u00eancia ficou sob acompanhamento das autoridades respons\u00e1veis, enquanto as circunst\u00e2ncias que provocaram o inc\u00eandio permanecem sem confirma\u00e7\u00e3o oficial.","og_url":"https:\/\/sudoesteacontece.com.br\/?p=29433","og_site_name":"Sudoesteacontece","article_publisher":"https:\/\/www.facebook.com\/sudoesteacontece\/?locale=pt_BR","article_published_time":"2026-09-04T15:36:45+00:00","article_modified_time":"2026-09-04T15:36:50+00:00","og_image":[{"width":900,"height":600,"url":"https:\/\/sudoesteacontece.com.br\/wp-content\/uploads\/2026\/09\/Incendio-ameaca-casas-e-e-controlado-pela-PM-em-Pindai.jpg","type":"image\/jpeg"}],"author":"Reda\u00e7\u00e3o","twitter_card":"summary_large_image","twitter_misc":{"Escrito por":"Reda\u00e7\u00e3o","Est. tempo de leitura":"2 minutos"},"schema":{"@context":"https:\/\/schema.org","@graph":[{"@type":"Article","@id":"https:\/\/sudoesteacontece.com.br\/?p=29433#article","isPartOf":{"@id":"https:\/\/sudoesteacontece.com.br\/?p=29433"},"author":{"name":"Reda\u00e7\u00e3o","@id":"https:\/\/sudoesteacontece.com.br\/#\/schema\/person\/a4f22429c1d0923ef8f7d43343f8dc38"},"headline":"Inc\u00eandio amea\u00e7a casas e \u00e9 controlado pela PM em Pinda\u00ed","datePublished":"2026-09-04T15:36:45+00:00","dateModified":"2026-09-04T15:36:50+00:00","mainEntityOfPage":{"@id":"https:\/\/sudoesteacontece.com.br\/?p=29433"},"wordCount":236,"commentCount":0,"publisher":{"@id":"https:\/\/sudoesteacontece.com.br\/#organization"},"image":{"@id":"https:\/\/sudoesteacontece.com.br\/?p=29433#primaryimage"},"thumbnailUrl":"http:\/\/sudoesteacontece.com.br\/wp-content\/uploads\/2026\/09\/Incendio-ameaca-casas-e-e-controlado-pela-PM-em-Pindai.jpg","articleSection":["Cidades","Pinda\u00ed","Pol\u00edcia"],"inLanguage":"pt-BR","potentialAction":[{"@type":"CommentAction","name":"Comment","target":["https:\/\/sudoesteacontece.com.br\/?p=29433#respond"]}]},{"@type":"WebPage","@id":"https:\/\/sudoesteacontece.com.br\/?p=29433","url":"https:\/\/sudoesteacontece.com.br\/?p=29433","name":"Inc\u00eandio amea\u00e7a casas e \u00e9 controlado pela PM em Pinda\u00ed - Sudoesteacontece","isPartOf":{"@id":"https:\/\/sudoesteacontece.com.br\/#website"},"primaryImageOfPage":{"@id":"https:\/\/sudoesteacontece.com.br\/?p=29433#primaryimage"},"image":{"@id":"https:\/\/sudoesteacontece.com.br\/?p=29433#primaryimage"},"thumbnailUrl":"http:\/\/sudoesteacontece.com.br\/wp-content\/uploads\/2026\/09\/Incendio-ameaca-casas-e-e-controlado-pela-PM-em-Pindai.jpg","datePublished":"2026-09-04T15:36:45+00:00","dateModified":"2026-09-04T15:36:50+00:00","breadcrumb":{"@id":"https:\/\/sudoesteacontece.com.br\/?p=29433#breadcrumb"},"inLanguage":"pt-BR","potentialAction":[{"@type":"ReadAction","target":["https:\/\/sudoesteacontece.com.br\/?p=29433"]}]},{"@type":"ImageObject","inLanguage":"pt-BR","@id":"https:\/\/sudoesteacontece.com.br\/?p=29433#primaryimage","url":"https:\/\/sudoesteacontece.com.br\/wp-content\/uploads\/2026\/09\/Incendio-ameaca-casas-e-e-controlado-pela-PM-em-Pindai.jpg","contentUrl":"https:\/\/sudoesteacontece.com.br\/wp-content\/uploads\/2026\/09\/Incendio-ameaca-casas-e-e-controlado-pela-PM-em-Pindai.jpg","width":900,"height":600},{"@type":"BreadcrumbList","@id":"https:\/\/sudoesteacontece.com.br\/?p=29433#breadcrumb","itemListElement":[{"@type":"ListItem","position":1,"name":"In\u00edcio","item":"https:\/\/sudoesteacontece.com.br\/"},{"@type":"ListItem","position":2,"name":"Inc\u00eandio amea\u00e7a casas e \u00e9 controlado pela PM em Pinda\u00ed"}]},{"@type":"WebSite","@id":"https:\/\/sudoesteacontece.com.br\/#website","url":"https:\/\/sudoesteacontece.com.br\/","name":"Sudoesteacontece","description":"","publisher":{"@id":"https:\/\/sudoesteacontece.com.br\/#organization"},"potentialAction":[{"@type":"SearchAction","target":{"@type":"EntryPoint","urlTemplate":"https:\/\/sudoesteacontece.com.br\/?s={search_term_string}"},"query-input":{"@type":"PropertyValueSpecification","valueRequired":true,"valueName":"search_term_string"}}],"inLanguage":"pt-BR"},{"@type":"Organization","@id":"https:\/\/sudoesteacontece.com.br\/#organization","name":"Sudoesteacontece","url":"https:\/\/sudoesteacontece.com.br\/","logo":{"@type":"ImageObject","inLanguage":"pt-BR","@id":"https:\/\/sudoesteacontece.com.br\/#\/schema\/logo\/image\/","url":"https:\/\/sudoesteacontece.com.br\/wp-content\/uploads\/2025\/12\/cropped-logo-2-180x180-1.png","contentUrl":"https:\/\/sudoesteacontece.com.br\/wp-content\/uploads\/2025\/12\/cropped-logo-2-180x180-1.png","width":180,"height":180,"caption":"Sudoesteacontece"},"image":{"@id":"https:\/\/sudoesteacontece.com.br\/#\/schema\/logo\/image\/"},"sameAs":["https:\/\/www.facebook.com\/sudoesteacontece\/?locale=pt_BR"]},{"@type":"Person","@id":"https:\/\/sudoesteacontece.com.br\/#\/schema\/person\/a4f22429c1d0923ef8f7d43343f8dc38","name":"Reda\u00e7\u00e3o","image":{"@type":"ImageObject","inLanguage":"pt-BR","@id":"https:\/\/sudoesteacontece.com.br\/#\/schema\/person\/image\/","url":"https:\/\/secure.gravatar.com\/avatar\/c3a5b3c93f268a709c25a2df414c629a96fb3b1b4bf97a94fb3f72e54ae76903?s=96&d=mm&r=g","contentUrl":"https:\/\/secure.gravatar.com\/avatar\/c3a5b3c93f268a709c25a2df414c629a96fb3b1b4bf97a94fb3f72e54ae76903?s=96&d=mm&r=g","caption":"Reda\u00e7\u00e3o"},"url":"https:\/\/sudoesteacontece.com.br\/?author=4"}]}},"_links":{"self":[{"href":"https:\/\/sudoesteacontece.com.br\/index.php?rest_route=\/wp\/v2\/posts\/29433","targetHints":{"allow":["GET"]}}],"collection":[{"href":"https:\/\/sudoesteacontece.com.br\/index.php?rest_route=\/wp\/v2\/posts"}],"about":[{"href":"https:\/\/sudoesteacontece.com.br\/index.php?rest_route=\/wp\/v2\/types\/post"}],"author":[{"embeddable":true,"href":"https:\/\/sudoesteacontece.com.br\/index.php?rest_route=\/wp\/v2\/users\/4"}],"replies":[{"embeddable":true,"href":"https:\/\/sudoesteacontece.com.br\/index.php?rest_route=%2Fwp%2Fv2%2Fcomments&post=29433"}],"version-history":[{"count":1,"href":"https:\/\/sudoesteacontece.com.br\/index.php?rest_route=\/wp\/v2\/posts\/29433\/revisions"}],"predecessor-version":[{"id":29483,"href":"https:\/\/sudoesteacontece.com.br\/index.php?rest_route=\/wp\/v2\/posts\/29433\/revisions\/29483"}],"wp:attachment":[{"href":"https:\/\/sudoesteacontece.com.br\/index.php?rest_route=%2Fwp%2Fv2%2Fmedia&parent=29433"}],"wp:term":[{"taxonomy":"category","embeddable":true,"href":"https:\/\/sudoesteacontece.com.br\/index.php?rest_route=%2Fwp%2Fv2%2Fcategories&post=29433"},{"taxonomy":"post_tag","embeddable":true,"href":"https:\/\/sudoesteacontece.com.br\/index.php?rest_route=%2Fwp%2Fv2%2Ftags&post=29433"}],"curies":[{"name":"wp","href":"https:\/\/api.w.org\/{rel}","templated":true}]}}