{"id":29434,"date":"2026-09-04T12:30:39","date_gmt":"2026-09-04T15:30:39","guid":{"rendered":"https:\/\/sudoesteacontece.com.br\/?p=29434"},"modified":"2026-09-04T12:30:45","modified_gmt":"2026-09-04T15:30:45","slug":"homem-de-55-anos-e-encontrado-morto-dentro-de-casa-em-brumado","status":"publish","type":"post","link":"https:\/\/sudoesteacontece.com.br\/?p=29434","title":{"rendered":"Homem de 55 anos \u00e9 encontrado morto dentro de casa em Brumado"},"content":{"rendered":"\n<figure class=\"wp-block-image size-full\"><img fetchpriority=\"high\" decoding=\"async\" width=\"900\" height=\"600\" src=\"http:\/\/sudoesteacontece.com.br\/wp-content\/uploads\/2026\/08\/IML-1.jpeg\" alt=\"\" class=\"wp-image-27384\" srcset=\"https:\/\/sudoesteacontece.com.br\/wp-content\/uploads\/2026\/08\/IML-1.jpeg 900w, https:\/\/sudoesteacontece.com.br\/wp-content\/uploads\/2026\/08\/IML-1-300x200.jpeg 300w, https:\/\/sudoesteacontece.com.br\/wp-content\/uploads\/2026\/08\/IML-1-768x512.jpeg 768w\" sizes=\"(max-width: 900px) 100vw, 900px\" \/><\/figure>\n\n\n\n<p class=\"wp-block-paragraph\">Um homem de 55 anos foi encontrado morto dentro de uma resid\u00eancia no bairro Maria Jos\u00e9 Viana, em Brumado, na tarde desta quinta-feira (3). A Pol\u00edcia Militar foi acionada por volta das 13h50 ap\u00f3s receber informa\u00e7\u00f5es sobre uma poss\u00edvel ocorr\u00eancia de suic\u00eddio. Uma equipe do Servi\u00e7o de Atendimento M\u00f3vel de Urg\u00eancia (SAMU 192) j\u00e1 estava no endere\u00e7o quando os policiais chegaram.<\/p>\n\n\n\n<p class=\"wp-block-paragraph\">Segundo as informa\u00e7\u00f5es registradas no local, o m\u00e9dico plantonista do SAMU constatou o \u00f3bito. A v\u00edtima foi identificada como Luis Ant\u00f4nio de Almeida, de 55 anos. Familiares relataram que ele frequentava o Centro de Aten\u00e7\u00e3o Psicossocial (CAPS), mas teria deixado de comparecer ao servi\u00e7o nos \u00faltimos dias.<\/p>\n\n\n\n<p class=\"wp-block-paragraph\">Conforme o relato de um familiar, Luis Ant\u00f4nio tamb\u00e9m vinha apresentando altera\u00e7\u00f5es comportamentais recentemente. As informa\u00e7\u00f5es foram repassadas \u00e0s autoridades durante o atendimento da ocorr\u00eancia. N\u00e3o foram divulgados outros detalhes sobre as circunst\u00e2ncias que antecederam a morte.<\/p>\n\n\n\n<p class=\"wp-block-paragraph\">Ap\u00f3s a confirma\u00e7\u00e3o do \u00f3bito, policiais militares realizaram o isolamento e a preserva\u00e7\u00e3o do im\u00f3vel at\u00e9 a chegada do Departamento de Pol\u00edcia T\u00e9cnica (DPT). Peritos fizeram os procedimentos necess\u00e1rios no local e, posteriormente, o corpo foi removido.<\/p>\n\n\n\n<p class=\"wp-block-paragraph\">Por fim, o caso dever\u00e1 ser apurado pelas autoridades competentes, que dever\u00e3o esclarecer as circunst\u00e2ncias da morte. As informa\u00e7\u00f5es sobre a poss\u00edvel causa do \u00f3bito permanecem sujeitas \u00e0 investiga\u00e7\u00e3o e aos procedimentos periciais.<\/p>\n","protected":false},"excerpt":{"rendered":"<p>Um homem de 55 anos foi encontrado morto dentro de uma resid\u00eancia no bairro Maria Jos\u00e9 Viana, em Brumado, na tarde desta quinta-feira (3). A Pol\u00edcia Militar foi acionada por volta das 13h50 ap\u00f3s receber informa\u00e7\u00f5es sobre uma poss\u00edvel ocorr\u00eancia de suic\u00eddio. Uma equipe do Servi\u00e7o de Atendimento M\u00f3vel de Urg\u00eancia (SAMU 192) j\u00e1 estava no endere\u00e7o quando os policiais chegaram. Segundo as informa\u00e7\u00f5es registradas no local, o m\u00e9dico plantonista do SAMU constatou o \u00f3bito. A v\u00edtima foi identificada como Luis Ant\u00f4nio de Almeida, de 55 anos. Familiares relataram que ele frequentava o Centro de Aten\u00e7\u00e3o Psicossocial (CAPS), mas teria deixado de comparecer ao servi\u00e7o nos \u00faltimos dias. Conforme o relato de um familiar, Luis Ant\u00f4nio tamb\u00e9m vinha apresentando altera\u00e7\u00f5es comportamentais recentemente. As informa\u00e7\u00f5es foram repassadas \u00e0s autoridades durante o atendimento da ocorr\u00eancia. N\u00e3o foram divulgados outros detalhes sobre as circunst\u00e2ncias que antecederam a morte. Ap\u00f3s a confirma\u00e7\u00e3o do \u00f3bito, policiais militares realizaram o isolamento e a preserva\u00e7\u00e3o do im\u00f3vel at\u00e9 a chegada do Departamento de Pol\u00edcia T\u00e9cnica (DPT). Peritos fizeram os procedimentos necess\u00e1rios no local e, posteriormente, o corpo foi removido. Por fim, o caso dever\u00e1 ser apurado pelas autoridades competentes, que dever\u00e3o esclarecer as circunst\u00e2ncias da morte. As informa\u00e7\u00f5es sobre a poss\u00edvel causa do \u00f3bito permanecem sujeitas \u00e0 investiga\u00e7\u00e3o e aos procedimentos periciais.<\/p>\n","protected":false},"author":4,"featured_media":27384,"comment_status":"open","ping_status":"open","sticky":false,"template":"","format":"standard","meta":{"footnotes":""},"categories":[10,4,3],"tags":[],"class_list":["post-29434","post","type-post","status-publish","format-standard","has-post-thumbnail","hentry","category-brumado","category-cidades","category-policia"],"yoast_head":"<!-- This site is optimized with the Yoast SEO plugin v26.5 - https:\/\/yoast.com\/wordpress\/plugins\/seo\/ -->\n<title>Homem de 55 anos \u00e9 encontrado morto dentro de casa em Brumado - Sudoesteacontece<\/title>\n<meta name=\"robots\" content=\"index, follow, max-snippet:-1, max-image-preview:large, max-video-preview:-1\" \/>\n<link rel=\"canonical\" href=\"https:\/\/sudoesteacontece.com.br\/?p=29434\" \/>\n<meta property=\"og:locale\" content=\"pt_BR\" \/>\n<meta property=\"og:type\" content=\"article\" \/>\n<meta property=\"og:title\" content=\"Homem de 55 anos \u00e9 encontrado morto dentro de casa em Brumado - Sudoesteacontece\" \/>\n<meta property=\"og:description\" content=\"Um homem de 55 anos foi encontrado morto dentro de uma resid\u00eancia no bairro Maria Jos\u00e9 Viana, em Brumado, na tarde desta quinta-feira (3). A Pol\u00edcia Militar foi acionada por volta das 13h50 ap\u00f3s receber informa\u00e7\u00f5es sobre uma poss\u00edvel ocorr\u00eancia de suic\u00eddio. Uma equipe do Servi\u00e7o de Atendimento M\u00f3vel de Urg\u00eancia (SAMU 192) j\u00e1 estava no endere\u00e7o quando os policiais chegaram. Segundo as informa\u00e7\u00f5es registradas no local, o m\u00e9dico plantonista do SAMU constatou o \u00f3bito. A v\u00edtima foi identificada como Luis Ant\u00f4nio de Almeida, de 55 anos. Familiares relataram que ele frequentava o Centro de Aten\u00e7\u00e3o Psicossocial (CAPS), mas teria deixado de comparecer ao servi\u00e7o nos \u00faltimos dias. Conforme o relato de um familiar, Luis Ant\u00f4nio tamb\u00e9m vinha apresentando altera\u00e7\u00f5es comportamentais recentemente. As informa\u00e7\u00f5es foram repassadas \u00e0s autoridades durante o atendimento da ocorr\u00eancia. N\u00e3o foram divulgados outros detalhes sobre as circunst\u00e2ncias que antecederam a morte. Ap\u00f3s a confirma\u00e7\u00e3o do \u00f3bito, policiais militares realizaram o isolamento e a preserva\u00e7\u00e3o do im\u00f3vel at\u00e9 a chegada do Departamento de Pol\u00edcia T\u00e9cnica (DPT). Peritos fizeram os procedimentos necess\u00e1rios no local e, posteriormente, o corpo foi removido. Por fim, o caso dever\u00e1 ser apurado pelas autoridades competentes, que dever\u00e3o esclarecer as circunst\u00e2ncias da morte. As informa\u00e7\u00f5es sobre a poss\u00edvel causa do \u00f3bito permanecem sujeitas \u00e0 investiga\u00e7\u00e3o e aos procedimentos periciais.\" \/>\n<meta property=\"og:url\" content=\"https:\/\/sudoesteacontece.com.br\/?p=29434\" \/>\n<meta property=\"og:site_name\" content=\"Sudoesteacontece\" \/>\n<meta property=\"article:publisher\" content=\"https:\/\/www.facebook.com\/sudoesteacontece\/?locale=pt_BR\" \/>\n<meta property=\"article:published_time\" content=\"2026-09-04T15:30:39+00:00\" \/>\n<meta property=\"article:modified_time\" content=\"2026-09-04T15:30:45+00:00\" \/>\n<meta property=\"og:image\" content=\"http:\/\/sudoesteacontece.com.br\/wp-content\/uploads\/2026\/08\/IML-1.jpeg\" \/>\n\t<meta property=\"og:image:width\" content=\"900\" \/>\n\t<meta property=\"og:image:height\" content=\"600\" \/>\n\t<meta property=\"og:image:type\" content=\"image\/jpeg\" \/>\n<meta name=\"author\" content=\"Reda\u00e7\u00e3o\" \/>\n<meta name=\"twitter:card\" content=\"summary_large_image\" \/>\n<meta name=\"twitter:label1\" content=\"Escrito por\" \/>\n\t<meta name=\"twitter:data1\" content=\"Reda\u00e7\u00e3o\" \/>\n\t<meta name=\"twitter:label2\" content=\"Est. tempo de leitura\" \/>\n\t<meta name=\"twitter:data2\" content=\"2 minutos\" \/>\n<script type=\"application\/ld+json\" class=\"yoast-schema-graph\">{\"@context\":\"https:\/\/schema.org\",\"@graph\":[{\"@type\":\"Article\",\"@id\":\"https:\/\/sudoesteacontece.com.br\/?p=29434#article\",\"isPartOf\":{\"@id\":\"https:\/\/sudoesteacontece.com.br\/?p=29434\"},\"author\":{\"name\":\"Reda\u00e7\u00e3o\",\"@id\":\"https:\/\/sudoesteacontece.com.br\/#\/schema\/person\/a4f22429c1d0923ef8f7d43343f8dc38\"},\"headline\":\"Homem de 55 anos \u00e9 encontrado morto dentro de casa em Brumado\",\"datePublished\":\"2026-09-04T15:30:39+00:00\",\"dateModified\":\"2026-09-04T15:30:45+00:00\",\"mainEntityOfPage\":{\"@id\":\"https:\/\/sudoesteacontece.com.br\/?p=29434\"},\"wordCount\":256,\"commentCount\":0,\"publisher\":{\"@id\":\"https:\/\/sudoesteacontece.com.br\/#organization\"},\"image\":{\"@id\":\"https:\/\/sudoesteacontece.com.br\/?p=29434#primaryimage\"},\"thumbnailUrl\":\"https:\/\/sudoesteacontece.com.br\/wp-content\/uploads\/2026\/08\/IML-1.jpeg\",\"articleSection\":[\"Brumado\",\"Cidades\",\"Pol\u00edcia\"],\"inLanguage\":\"pt-BR\",\"potentialAction\":[{\"@type\":\"CommentAction\",\"name\":\"Comment\",\"target\":[\"https:\/\/sudoesteacontece.com.br\/?p=29434#respond\"]}]},{\"@type\":\"WebPage\",\"@id\":\"https:\/\/sudoesteacontece.com.br\/?p=29434\",\"url\":\"https:\/\/sudoesteacontece.com.br\/?p=29434\",\"name\":\"Homem de 55 anos \u00e9 encontrado morto dentro de casa em Brumado - Sudoesteacontece\",\"isPartOf\":{\"@id\":\"https:\/\/sudoesteacontece.com.br\/#website\"},\"primaryImageOfPage\":{\"@id\":\"https:\/\/sudoesteacontece.com.br\/?p=29434#primaryimage\"},\"image\":{\"@id\":\"https:\/\/sudoesteacontece.com.br\/?p=29434#primaryimage\"},\"thumbnailUrl\":\"https:\/\/sudoesteacontece.com.br\/wp-content\/uploads\/2026\/08\/IML-1.jpeg\",\"datePublished\":\"2026-09-04T15:30:39+00:00\",\"dateModified\":\"2026-09-04T15:30:45+00:00\",\"breadcrumb\":{\"@id\":\"https:\/\/sudoesteacontece.com.br\/?p=29434#breadcrumb\"},\"inLanguage\":\"pt-BR\",\"potentialAction\":[{\"@type\":\"ReadAction\",\"target\":[\"https:\/\/sudoesteacontece.com.br\/?p=29434\"]}]},{\"@type\":\"ImageObject\",\"inLanguage\":\"pt-BR\",\"@id\":\"https:\/\/sudoesteacontece.com.br\/?p=29434#primaryimage\",\"url\":\"https:\/\/sudoesteacontece.com.br\/wp-content\/uploads\/2026\/08\/IML-1.jpeg\",\"contentUrl\":\"https:\/\/sudoesteacontece.com.br\/wp-content\/uploads\/2026\/08\/IML-1.jpeg\",\"width\":900,\"height\":600},{\"@type\":\"BreadcrumbList\",\"@id\":\"https:\/\/sudoesteacontece.com.br\/?p=29434#breadcrumb\",\"itemListElement\":[{\"@type\":\"ListItem\",\"position\":1,\"name\":\"In\u00edcio\",\"item\":\"https:\/\/sudoesteacontece.com.br\/\"},{\"@type\":\"ListItem\",\"position\":2,\"name\":\"Homem de 55 anos \u00e9 encontrado morto dentro de casa em Brumado\"}]},{\"@type\":\"WebSite\",\"@id\":\"https:\/\/sudoesteacontece.com.br\/#website\",\"url\":\"https:\/\/sudoesteacontece.com.br\/\",\"name\":\"Sudoesteacontece\",\"description\":\"\",\"publisher\":{\"@id\":\"https:\/\/sudoesteacontece.com.br\/#organization\"},\"potentialAction\":[{\"@type\":\"SearchAction\",\"target\":{\"@type\":\"EntryPoint\",\"urlTemplate\":\"https:\/\/sudoesteacontece.com.br\/?s={search_term_string}\"},\"query-input\":{\"@type\":\"PropertyValueSpecification\",\"valueRequired\":true,\"valueName\":\"search_term_string\"}}],\"inLanguage\":\"pt-BR\"},{\"@type\":\"Organization\",\"@id\":\"https:\/\/sudoesteacontece.com.br\/#organization\",\"name\":\"Sudoesteacontece\",\"url\":\"https:\/\/sudoesteacontece.com.br\/\",\"logo\":{\"@type\":\"ImageObject\",\"inLanguage\":\"pt-BR\",\"@id\":\"https:\/\/sudoesteacontece.com.br\/#\/schema\/logo\/image\/\",\"url\":\"https:\/\/sudoesteacontece.com.br\/wp-content\/uploads\/2025\/12\/cropped-logo-2-180x180-1.png\",\"contentUrl\":\"https:\/\/sudoesteacontece.com.br\/wp-content\/uploads\/2025\/12\/cropped-logo-2-180x180-1.png\",\"width\":180,\"height\":180,\"caption\":\"Sudoesteacontece\"},\"image\":{\"@id\":\"https:\/\/sudoesteacontece.com.br\/#\/schema\/logo\/image\/\"},\"sameAs\":[\"https:\/\/www.facebook.com\/sudoesteacontece\/?locale=pt_BR\"]},{\"@type\":\"Person\",\"@id\":\"https:\/\/sudoesteacontece.com.br\/#\/schema\/person\/a4f22429c1d0923ef8f7d43343f8dc38\",\"name\":\"Reda\u00e7\u00e3o\",\"image\":{\"@type\":\"ImageObject\",\"inLanguage\":\"pt-BR\",\"@id\":\"https:\/\/sudoesteacontece.com.br\/#\/schema\/person\/image\/\",\"url\":\"https:\/\/secure.gravatar.com\/avatar\/c3a5b3c93f268a709c25a2df414c629a96fb3b1b4bf97a94fb3f72e54ae76903?s=96&d=mm&r=g\",\"contentUrl\":\"https:\/\/secure.gravatar.com\/avatar\/c3a5b3c93f268a709c25a2df414c629a96fb3b1b4bf97a94fb3f72e54ae76903?s=96&d=mm&r=g\",\"caption\":\"Reda\u00e7\u00e3o\"},\"url\":\"https:\/\/sudoesteacontece.com.br\/?author=4\"}]}<\/script>\n<!-- \/ Yoast SEO plugin. -->","yoast_head_json":{"title":"Homem de 55 anos \u00e9 encontrado morto dentro de casa em Brumado - Sudoesteacontece","robots":{"index":"index","follow":"follow","max-snippet":"max-snippet:-1","max-image-preview":"max-image-preview:large","max-video-preview":"max-video-preview:-1"},"canonical":"https:\/\/sudoesteacontece.com.br\/?p=29434","og_locale":"pt_BR","og_type":"article","og_title":"Homem de 55 anos \u00e9 encontrado morto dentro de casa em Brumado - Sudoesteacontece","og_description":"Um homem de 55 anos foi encontrado morto dentro de uma resid\u00eancia no bairro Maria Jos\u00e9 Viana, em Brumado, na tarde desta quinta-feira (3). A Pol\u00edcia Militar foi acionada por volta das 13h50 ap\u00f3s receber informa\u00e7\u00f5es sobre uma poss\u00edvel ocorr\u00eancia de suic\u00eddio. Uma equipe do Servi\u00e7o de Atendimento M\u00f3vel de Urg\u00eancia (SAMU 192) j\u00e1 estava no endere\u00e7o quando os policiais chegaram. Segundo as informa\u00e7\u00f5es registradas no local, o m\u00e9dico plantonista do SAMU constatou o \u00f3bito. A v\u00edtima foi identificada como Luis Ant\u00f4nio de Almeida, de 55 anos. Familiares relataram que ele frequentava o Centro de Aten\u00e7\u00e3o Psicossocial (CAPS), mas teria deixado de comparecer ao servi\u00e7o nos \u00faltimos dias. Conforme o relato de um familiar, Luis Ant\u00f4nio tamb\u00e9m vinha apresentando altera\u00e7\u00f5es comportamentais recentemente. As informa\u00e7\u00f5es foram repassadas \u00e0s autoridades durante o atendimento da ocorr\u00eancia. N\u00e3o foram divulgados outros detalhes sobre as circunst\u00e2ncias que antecederam a morte. Ap\u00f3s a confirma\u00e7\u00e3o do \u00f3bito, policiais militares realizaram o isolamento e a preserva\u00e7\u00e3o do im\u00f3vel at\u00e9 a chegada do Departamento de Pol\u00edcia T\u00e9cnica (DPT). Peritos fizeram os procedimentos necess\u00e1rios no local e, posteriormente, o corpo foi removido. Por fim, o caso dever\u00e1 ser apurado pelas autoridades competentes, que dever\u00e3o esclarecer as circunst\u00e2ncias da morte. As informa\u00e7\u00f5es sobre a poss\u00edvel causa do \u00f3bito permanecem sujeitas \u00e0 investiga\u00e7\u00e3o e aos procedimentos periciais.","og_url":"https:\/\/sudoesteacontece.com.br\/?p=29434","og_site_name":"Sudoesteacontece","article_publisher":"https:\/\/www.facebook.com\/sudoesteacontece\/?locale=pt_BR","article_published_time":"2026-09-04T15:30:39+00:00","article_modified_time":"2026-09-04T15:30:45+00:00","og_image":[{"width":900,"height":600,"url":"http:\/\/sudoesteacontece.com.br\/wp-content\/uploads\/2026\/08\/IML-1.jpeg","type":"image\/jpeg"}],"author":"Reda\u00e7\u00e3o","twitter_card":"summary_large_image","twitter_misc":{"Escrito por":"Reda\u00e7\u00e3o","Est. tempo de leitura":"2 minutos"},"schema":{"@context":"https:\/\/schema.org","@graph":[{"@type":"Article","@id":"https:\/\/sudoesteacontece.com.br\/?p=29434#article","isPartOf":{"@id":"https:\/\/sudoesteacontece.com.br\/?p=29434"},"author":{"name":"Reda\u00e7\u00e3o","@id":"https:\/\/sudoesteacontece.com.br\/#\/schema\/person\/a4f22429c1d0923ef8f7d43343f8dc38"},"headline":"Homem de 55 anos \u00e9 encontrado morto dentro de casa em Brumado","datePublished":"2026-09-04T15:30:39+00:00","dateModified":"2026-09-04T15:30:45+00:00","mainEntityOfPage":{"@id":"https:\/\/sudoesteacontece.com.br\/?p=29434"},"wordCount":256,"commentCount":0,"publisher":{"@id":"https:\/\/sudoesteacontece.com.br\/#organization"},"image":{"@id":"https:\/\/sudoesteacontece.com.br\/?p=29434#primaryimage"},"thumbnailUrl":"https:\/\/sudoesteacontece.com.br\/wp-content\/uploads\/2026\/08\/IML-1.jpeg","articleSection":["Brumado","Cidades","Pol\u00edcia"],"inLanguage":"pt-BR","potentialAction":[{"@type":"CommentAction","name":"Comment","target":["https:\/\/sudoesteacontece.com.br\/?p=29434#respond"]}]},{"@type":"WebPage","@id":"https:\/\/sudoesteacontece.com.br\/?p=29434","url":"https:\/\/sudoesteacontece.com.br\/?p=29434","name":"Homem de 55 anos \u00e9 encontrado morto dentro de casa em Brumado - Sudoesteacontece","isPartOf":{"@id":"https:\/\/sudoesteacontece.com.br\/#website"},"primaryImageOfPage":{"@id":"https:\/\/sudoesteacontece.com.br\/?p=29434#primaryimage"},"image":{"@id":"https:\/\/sudoesteacontece.com.br\/?p=29434#primaryimage"},"thumbnailUrl":"https:\/\/sudoesteacontece.com.br\/wp-content\/uploads\/2026\/08\/IML-1.jpeg","datePublished":"2026-09-04T15:30:39+00:00","dateModified":"2026-09-04T15:30:45+00:00","breadcrumb":{"@id":"https:\/\/sudoesteacontece.com.br\/?p=29434#breadcrumb"},"inLanguage":"pt-BR","potentialAction":[{"@type":"ReadAction","target":["https:\/\/sudoesteacontece.com.br\/?p=29434"]}]},{"@type":"ImageObject","inLanguage":"pt-BR","@id":"https:\/\/sudoesteacontece.com.br\/?p=29434#primaryimage","url":"https:\/\/sudoesteacontece.com.br\/wp-content\/uploads\/2026\/08\/IML-1.jpeg","contentUrl":"https:\/\/sudoesteacontece.com.br\/wp-content\/uploads\/2026\/08\/IML-1.jpeg","width":900,"height":600},{"@type":"BreadcrumbList","@id":"https:\/\/sudoesteacontece.com.br\/?p=29434#breadcrumb","itemListElement":[{"@type":"ListItem","position":1,"name":"In\u00edcio","item":"https:\/\/sudoesteacontece.com.br\/"},{"@type":"ListItem","position":2,"name":"Homem de 55 anos \u00e9 encontrado morto dentro de casa em Brumado"}]},{"@type":"WebSite","@id":"https:\/\/sudoesteacontece.com.br\/#website","url":"https:\/\/sudoesteacontece.com.br\/","name":"Sudoesteacontece","description":"","publisher":{"@id":"https:\/\/sudoesteacontece.com.br\/#organization"},"potentialAction":[{"@type":"SearchAction","target":{"@type":"EntryPoint","urlTemplate":"https:\/\/sudoesteacontece.com.br\/?s={search_term_string}"},"query-input":{"@type":"PropertyValueSpecification","valueRequired":true,"valueName":"search_term_string"}}],"inLanguage":"pt-BR"},{"@type":"Organization","@id":"https:\/\/sudoesteacontece.com.br\/#organization","name":"Sudoesteacontece","url":"https:\/\/sudoesteacontece.com.br\/","logo":{"@type":"ImageObject","inLanguage":"pt-BR","@id":"https:\/\/sudoesteacontece.com.br\/#\/schema\/logo\/image\/","url":"https:\/\/sudoesteacontece.com.br\/wp-content\/uploads\/2025\/12\/cropped-logo-2-180x180-1.png","contentUrl":"https:\/\/sudoesteacontece.com.br\/wp-content\/uploads\/2025\/12\/cropped-logo-2-180x180-1.png","width":180,"height":180,"caption":"Sudoesteacontece"},"image":{"@id":"https:\/\/sudoesteacontece.com.br\/#\/schema\/logo\/image\/"},"sameAs":["https:\/\/www.facebook.com\/sudoesteacontece\/?locale=pt_BR"]},{"@type":"Person","@id":"https:\/\/sudoesteacontece.com.br\/#\/schema\/person\/a4f22429c1d0923ef8f7d43343f8dc38","name":"Reda\u00e7\u00e3o","image":{"@type":"ImageObject","inLanguage":"pt-BR","@id":"https:\/\/sudoesteacontece.com.br\/#\/schema\/person\/image\/","url":"https:\/\/secure.gravatar.com\/avatar\/c3a5b3c93f268a709c25a2df414c629a96fb3b1b4bf97a94fb3f72e54ae76903?s=96&d=mm&r=g","contentUrl":"https:\/\/secure.gravatar.com\/avatar\/c3a5b3c93f268a709c25a2df414c629a96fb3b1b4bf97a94fb3f72e54ae76903?s=96&d=mm&r=g","caption":"Reda\u00e7\u00e3o"},"url":"https:\/\/sudoesteacontece.com.br\/?author=4"}]}},"_links":{"self":[{"href":"https:\/\/sudoesteacontece.com.br\/index.php?rest_route=\/wp\/v2\/posts\/29434","targetHints":{"allow":["GET"]}}],"collection":[{"href":"https:\/\/sudoesteacontece.com.br\/index.php?rest_route=\/wp\/v2\/posts"}],"about":[{"href":"https:\/\/sudoesteacontece.com.br\/index.php?rest_route=\/wp\/v2\/types\/post"}],"author":[{"embeddable":true,"href":"https:\/\/sudoesteacontece.com.br\/index.php?rest_route=\/wp\/v2\/users\/4"}],"replies":[{"embeddable":true,"href":"https:\/\/sudoesteacontece.com.br\/index.php?rest_route=%2Fwp%2Fv2%2Fcomments&post=29434"}],"version-history":[{"count":1,"href":"https:\/\/sudoesteacontece.com.br\/index.php?rest_route=\/wp\/v2\/posts\/29434\/revisions"}],"predecessor-version":[{"id":29477,"href":"https:\/\/sudoesteacontece.com.br\/index.php?rest_route=\/wp\/v2\/posts\/29434\/revisions\/29477"}],"wp:featuredmedia":[{"embeddable":true,"href":"https:\/\/sudoesteacontece.com.br\/index.php?rest_route=\/wp\/v2\/media\/27384"}],"wp:attachment":[{"href":"https:\/\/sudoesteacontece.com.br\/index.php?rest_route=%2Fwp%2Fv2%2Fmedia&parent=29434"}],"wp:term":[{"taxonomy":"category","embeddable":true,"href":"https:\/\/sudoesteacontece.com.br\/index.php?rest_route=%2Fwp%2Fv2%2Fcategories&post=29434"},{"taxonomy":"post_tag","embeddable":true,"href":"https:\/\/sudoesteacontece.com.br\/index.php?rest_route=%2Fwp%2Fv2%2Ftags&post=29434"}],"curies":[{"name":"wp","href":"https:\/\/api.w.org\/{rel}","templated":true}]}}