{"id":29436,"date":"2026-09-04T12:42:57","date_gmt":"2026-09-04T15:42:57","guid":{"rendered":"https:\/\/sudoesteacontece.com.br\/?p=29436"},"modified":"2026-09-04T12:43:03","modified_gmt":"2026-09-04T15:43:03","slug":"servidores-da-pgr-relatam-tensao-e-ironizam-gonet-em-grupos-de-whatsapp","status":"publish","type":"post","link":"https:\/\/sudoesteacontece.com.br\/?p=29436","title":{"rendered":"Servidores da PGR relatam tens\u00e3o e ironizam Gonet em grupos de WhatsApp"},"content":{"rendered":"\n<figure class=\"wp-block-image size-full\"><img fetchpriority=\"high\" decoding=\"async\" width=\"900\" height=\"600\" src=\"http:\/\/sudoesteacontece.com.br\/wp-content\/uploads\/2026\/09\/Citacoes-a-Gonet-em-mensagens-de-Vorcaro-aumentam-pressao-sobre-PGR-1.jpg\" alt=\"\" class=\"wp-image-29493\" srcset=\"https:\/\/sudoesteacontece.com.br\/wp-content\/uploads\/2026\/09\/Citacoes-a-Gonet-em-mensagens-de-Vorcaro-aumentam-pressao-sobre-PGR-1.jpg 900w, https:\/\/sudoesteacontece.com.br\/wp-content\/uploads\/2026\/09\/Citacoes-a-Gonet-em-mensagens-de-Vorcaro-aumentam-pressao-sobre-PGR-1-300x200.jpg 300w, https:\/\/sudoesteacontece.com.br\/wp-content\/uploads\/2026\/09\/Citacoes-a-Gonet-em-mensagens-de-Vorcaro-aumentam-pressao-sobre-PGR-1-768x512.jpg 768w\" sizes=\"(max-width: 900px) 100vw, 900px\" \/><\/figure>\n\n\n\n<p class=\"wp-block-paragraph\">Servidores da Procuradoria-Geral da Rep\u00fablica (PGR) relataram um clima de tens\u00e3o dentro do \u00f3rg\u00e3o ap\u00f3s a divulga\u00e7\u00e3o de conversas envolvendo o procurador-geral Paulo Gonet e o banqueiro Daniel Vorcaro. Os funcion\u00e1rios afirmaram que o assunto dominou as conversas na quarta-feira (2), em Bras\u00edlia. Parte dos servidores tamb\u00e9m teria demonstrado receio de poss\u00edveis repres\u00e1lias por eventuais vazamentos relacionados ao chefe da institui\u00e7\u00e3o.<\/p>\n\n\n\n<p class=\"wp-block-paragraph\">Durante o expediente, funcion\u00e1rios teriam discutido em pequenos grupos os poss\u00edveis desdobramentos das revela\u00e7\u00f5es e a rela\u00e7\u00e3o entre Gonet e Vorcaro. Um servidor ouvido sob condi\u00e7\u00e3o de anonimato afirmou que \u201cs\u00f3 se fala nisso\u201d dentro da PGR. Segundo o relato, alguns trabalhadores estariam preocupados com uma eventual persegui\u00e7\u00e3o ap\u00f3s a exposi\u00e7\u00e3o das informa\u00e7\u00f5es.<\/p>\n\n\n\n<p class=\"wp-block-paragraph\">Entre as conversas divulgadas est\u00e3o mensagens relacionadas \u00e0 participa\u00e7\u00e3o de Gonet em eventos promovidos por Vorcaro em Londres. O banqueiro teria utilizado o advogado Ciro Soares como intermedi\u00e1rio para fazer contatos com o procurador-geral. Entre os eventos mencionados est\u00e3o uma degusta\u00e7\u00e3o de charutos e uma atividade relacionada ao u\u00edsque Macallan, da qual Gonet teria aceitado participar.<\/p>\n\n\n\n<p class=\"wp-block-paragraph\">Nos grupos de WhatsApp formados por servidores, as mensagens sobre o epis\u00f3dio teriam provocado rea\u00e7\u00f5es em tom de ironia. Segundo funcion\u00e1rios ouvidos, alguns coment\u00e1rios faziam refer\u00eancias jocosas \u00e0s conversas sobre charutos e u\u00edsque. O conte\u00fado compartilhado nos grupos tamb\u00e9m teria alimentado cr\u00edticas internas \u00e0 atua\u00e7\u00e3o do procurador-geral.<\/p>\n\n\n\n<p class=\"wp-block-paragraph\">Paralelamente, servidores relataram um ambiente de \u201crevanchismo\u201d nas conversas virtuais. Segundo os relatos, parte do descontentamento estaria relacionada \u00e0 percep\u00e7\u00e3o de desprest\u00edgio por parte de Gonet. Um dos principais motivos citados seria a demora na equipara\u00e7\u00e3o salarial entre servidores da PGR e funcion\u00e1rios do Judici\u00e1rio, medida que ocorreu em outubro de 2025.<\/p>\n\n\n\n<p class=\"wp-block-paragraph\">Por fim, alguns integrantes dos grupos teriam tratado, de forma jocosa, a exposi\u00e7\u00e3o da rela\u00e7\u00e3o entre Gonet e Vorcaro como uma esp\u00e9cie de \u201cpenaliza\u00e7\u00e3o\u201d pelo que consideram falta de valoriza\u00e7\u00e3o dos servidores. Os relatos sobre o ambiente interno foram atribu\u00eddos a funcion\u00e1rios da PGR ouvidos sob anonimato. A institui\u00e7\u00e3o n\u00e3o apresentou, no conte\u00fado divulgado, uma manifesta\u00e7\u00e3o espec\u00edfica sobre as conversas dos servidores.<\/p>\n","protected":false},"excerpt":{"rendered":"<p>Servidores da Procuradoria-Geral da Rep\u00fablica (PGR) relataram um clima de tens\u00e3o dentro do \u00f3rg\u00e3o ap\u00f3s a divulga\u00e7\u00e3o de conversas envolvendo o procurador-geral Paulo Gonet e o banqueiro Daniel Vorcaro. Os funcion\u00e1rios afirmaram que o assunto dominou as conversas na quarta-feira (2), em Bras\u00edlia. Parte dos servidores tamb\u00e9m teria demonstrado receio de poss\u00edveis repres\u00e1lias por eventuais vazamentos relacionados ao chefe da institui\u00e7\u00e3o. Durante o expediente, funcion\u00e1rios teriam discutido em pequenos grupos os poss\u00edveis desdobramentos das revela\u00e7\u00f5es e a rela\u00e7\u00e3o entre Gonet e Vorcaro. Um servidor ouvido sob condi\u00e7\u00e3o de anonimato afirmou que \u201cs\u00f3 se fala nisso\u201d dentro da PGR. Segundo o relato, alguns trabalhadores estariam preocupados com uma eventual persegui\u00e7\u00e3o ap\u00f3s a exposi\u00e7\u00e3o das informa\u00e7\u00f5es. Entre as conversas divulgadas est\u00e3o mensagens relacionadas \u00e0 participa\u00e7\u00e3o de Gonet em eventos promovidos por Vorcaro em Londres. O banqueiro teria utilizado o advogado Ciro Soares como intermedi\u00e1rio para fazer contatos com o procurador-geral. Entre os eventos mencionados est\u00e3o uma degusta\u00e7\u00e3o de charutos e uma atividade relacionada ao u\u00edsque Macallan, da qual Gonet teria aceitado participar. Nos grupos de WhatsApp formados por servidores, as mensagens sobre o epis\u00f3dio teriam provocado rea\u00e7\u00f5es em tom de ironia. Segundo funcion\u00e1rios ouvidos, alguns coment\u00e1rios faziam refer\u00eancias jocosas \u00e0s conversas sobre charutos e u\u00edsque. O conte\u00fado compartilhado nos grupos tamb\u00e9m teria alimentado cr\u00edticas internas \u00e0 atua\u00e7\u00e3o do procurador-geral. Paralelamente, servidores relataram um ambiente de \u201crevanchismo\u201d nas conversas virtuais. Segundo os relatos, parte do descontentamento estaria relacionada \u00e0 percep\u00e7\u00e3o de desprest\u00edgio por parte de Gonet. Um dos principais motivos citados seria a demora na equipara\u00e7\u00e3o salarial entre servidores da PGR e funcion\u00e1rios do Judici\u00e1rio, medida que ocorreu em outubro de 2025. Por fim, alguns integrantes dos grupos teriam tratado, de forma jocosa, a exposi\u00e7\u00e3o da rela\u00e7\u00e3o entre Gonet e Vorcaro como uma esp\u00e9cie de \u201cpenaliza\u00e7\u00e3o\u201d pelo que consideram falta de valoriza\u00e7\u00e3o dos servidores. Os relatos sobre o ambiente interno foram atribu\u00eddos a funcion\u00e1rios da PGR ouvidos sob anonimato. A institui\u00e7\u00e3o n\u00e3o apresentou, no conte\u00fado divulgado, uma manifesta\u00e7\u00e3o espec\u00edfica sobre as conversas dos servidores.<\/p>\n","protected":false},"author":4,"featured_media":0,"comment_status":"open","ping_status":"open","sticky":false,"template":"","format":"standard","meta":{"footnotes":""},"categories":[53,58,13,3,6],"tags":[],"class_list":["post-29436","post","type-post","status-publish","format-standard","hentry","category-brasil","category-eleicoes-2026","category-justica","category-policia","category-politica"],"yoast_head":"<!-- This site is optimized with the Yoast SEO plugin v26.5 - https:\/\/yoast.com\/wordpress\/plugins\/seo\/ -->\n<title>Servidores da PGR relatam tens\u00e3o e ironizam Gonet em grupos de WhatsApp - Sudoesteacontece<\/title>\n<meta name=\"robots\" content=\"index, follow, max-snippet:-1, max-image-preview:large, max-video-preview:-1\" \/>\n<link rel=\"canonical\" href=\"https:\/\/sudoesteacontece.com.br\/?p=29436\" \/>\n<meta property=\"og:locale\" content=\"pt_BR\" \/>\n<meta property=\"og:type\" content=\"article\" \/>\n<meta property=\"og:title\" content=\"Servidores da PGR relatam tens\u00e3o e ironizam Gonet em grupos de WhatsApp - Sudoesteacontece\" \/>\n<meta property=\"og:description\" content=\"Servidores da Procuradoria-Geral da Rep\u00fablica (PGR) relataram um clima de tens\u00e3o dentro do \u00f3rg\u00e3o ap\u00f3s a divulga\u00e7\u00e3o de conversas envolvendo o procurador-geral Paulo Gonet e o banqueiro Daniel Vorcaro. Os funcion\u00e1rios afirmaram que o assunto dominou as conversas na quarta-feira (2), em Bras\u00edlia. Parte dos servidores tamb\u00e9m teria demonstrado receio de poss\u00edveis repres\u00e1lias por eventuais vazamentos relacionados ao chefe da institui\u00e7\u00e3o. Durante o expediente, funcion\u00e1rios teriam discutido em pequenos grupos os poss\u00edveis desdobramentos das revela\u00e7\u00f5es e a rela\u00e7\u00e3o entre Gonet e Vorcaro. Um servidor ouvido sob condi\u00e7\u00e3o de anonimato afirmou que \u201cs\u00f3 se fala nisso\u201d dentro da PGR. Segundo o relato, alguns trabalhadores estariam preocupados com uma eventual persegui\u00e7\u00e3o ap\u00f3s a exposi\u00e7\u00e3o das informa\u00e7\u00f5es. Entre as conversas divulgadas est\u00e3o mensagens relacionadas \u00e0 participa\u00e7\u00e3o de Gonet em eventos promovidos por Vorcaro em Londres. O banqueiro teria utilizado o advogado Ciro Soares como intermedi\u00e1rio para fazer contatos com o procurador-geral. Entre os eventos mencionados est\u00e3o uma degusta\u00e7\u00e3o de charutos e uma atividade relacionada ao u\u00edsque Macallan, da qual Gonet teria aceitado participar. Nos grupos de WhatsApp formados por servidores, as mensagens sobre o epis\u00f3dio teriam provocado rea\u00e7\u00f5es em tom de ironia. Segundo funcion\u00e1rios ouvidos, alguns coment\u00e1rios faziam refer\u00eancias jocosas \u00e0s conversas sobre charutos e u\u00edsque. O conte\u00fado compartilhado nos grupos tamb\u00e9m teria alimentado cr\u00edticas internas \u00e0 atua\u00e7\u00e3o do procurador-geral. Paralelamente, servidores relataram um ambiente de \u201crevanchismo\u201d nas conversas virtuais. Segundo os relatos, parte do descontentamento estaria relacionada \u00e0 percep\u00e7\u00e3o de desprest\u00edgio por parte de Gonet. Um dos principais motivos citados seria a demora na equipara\u00e7\u00e3o salarial entre servidores da PGR e funcion\u00e1rios do Judici\u00e1rio, medida que ocorreu em outubro de 2025. Por fim, alguns integrantes dos grupos teriam tratado, de forma jocosa, a exposi\u00e7\u00e3o da rela\u00e7\u00e3o entre Gonet e Vorcaro como uma esp\u00e9cie de \u201cpenaliza\u00e7\u00e3o\u201d pelo que consideram falta de valoriza\u00e7\u00e3o dos servidores. Os relatos sobre o ambiente interno foram atribu\u00eddos a funcion\u00e1rios da PGR ouvidos sob anonimato. A institui\u00e7\u00e3o n\u00e3o apresentou, no conte\u00fado divulgado, uma manifesta\u00e7\u00e3o espec\u00edfica sobre as conversas dos servidores.\" \/>\n<meta property=\"og:url\" content=\"https:\/\/sudoesteacontece.com.br\/?p=29436\" \/>\n<meta property=\"og:site_name\" content=\"Sudoesteacontece\" \/>\n<meta property=\"article:publisher\" content=\"https:\/\/www.facebook.com\/sudoesteacontece\/?locale=pt_BR\" \/>\n<meta property=\"article:published_time\" content=\"2026-09-04T15:42:57+00:00\" \/>\n<meta property=\"article:modified_time\" content=\"2026-09-04T15:43:03+00:00\" \/>\n<meta property=\"og:image\" content=\"https:\/\/sudoesteacontece.com.br\/wp-content\/uploads\/2026\/09\/Citacoes-a-Gonet-em-mensagens-de-Vorcaro-aumentam-pressao-sobre-PGR-1.jpg\" \/>\n\t<meta property=\"og:image:width\" content=\"900\" \/>\n\t<meta property=\"og:image:height\" content=\"600\" \/>\n\t<meta property=\"og:image:type\" content=\"image\/jpeg\" \/>\n<meta name=\"author\" content=\"Reda\u00e7\u00e3o\" \/>\n<meta name=\"twitter:card\" content=\"summary_large_image\" \/>\n<meta name=\"twitter:label1\" content=\"Escrito por\" \/>\n\t<meta name=\"twitter:data1\" content=\"Reda\u00e7\u00e3o\" \/>\n\t<meta name=\"twitter:label2\" content=\"Est. tempo de leitura\" \/>\n\t<meta name=\"twitter:data2\" content=\"3 minutos\" \/>\n<script type=\"application\/ld+json\" class=\"yoast-schema-graph\">{\"@context\":\"https:\/\/schema.org\",\"@graph\":[{\"@type\":\"Article\",\"@id\":\"https:\/\/sudoesteacontece.com.br\/?p=29436#article\",\"isPartOf\":{\"@id\":\"https:\/\/sudoesteacontece.com.br\/?p=29436\"},\"author\":{\"name\":\"Reda\u00e7\u00e3o\",\"@id\":\"https:\/\/sudoesteacontece.com.br\/#\/schema\/person\/a4f22429c1d0923ef8f7d43343f8dc38\"},\"headline\":\"Servidores da PGR relatam tens\u00e3o e ironizam Gonet em grupos de WhatsApp\",\"datePublished\":\"2026-09-04T15:42:57+00:00\",\"dateModified\":\"2026-09-04T15:43:03+00:00\",\"mainEntityOfPage\":{\"@id\":\"https:\/\/sudoesteacontece.com.br\/?p=29436\"},\"wordCount\":392,\"commentCount\":0,\"publisher\":{\"@id\":\"https:\/\/sudoesteacontece.com.br\/#organization\"},\"image\":{\"@id\":\"https:\/\/sudoesteacontece.com.br\/?p=29436#primaryimage\"},\"thumbnailUrl\":\"http:\/\/sudoesteacontece.com.br\/wp-content\/uploads\/2026\/09\/Citacoes-a-Gonet-em-mensagens-de-Vorcaro-aumentam-pressao-sobre-PGR-1.jpg\",\"articleSection\":[\"Brasil\",\"Elei\u00e7\u00f5es 2026\",\"Justi\u00e7a\",\"Pol\u00edcia\",\"Pol\u00edtica\"],\"inLanguage\":\"pt-BR\",\"potentialAction\":[{\"@type\":\"CommentAction\",\"name\":\"Comment\",\"target\":[\"https:\/\/sudoesteacontece.com.br\/?p=29436#respond\"]}]},{\"@type\":\"WebPage\",\"@id\":\"https:\/\/sudoesteacontece.com.br\/?p=29436\",\"url\":\"https:\/\/sudoesteacontece.com.br\/?p=29436\",\"name\":\"Servidores da PGR relatam tens\u00e3o e ironizam Gonet em grupos de WhatsApp - Sudoesteacontece\",\"isPartOf\":{\"@id\":\"https:\/\/sudoesteacontece.com.br\/#website\"},\"primaryImageOfPage\":{\"@id\":\"https:\/\/sudoesteacontece.com.br\/?p=29436#primaryimage\"},\"image\":{\"@id\":\"https:\/\/sudoesteacontece.com.br\/?p=29436#primaryimage\"},\"thumbnailUrl\":\"http:\/\/sudoesteacontece.com.br\/wp-content\/uploads\/2026\/09\/Citacoes-a-Gonet-em-mensagens-de-Vorcaro-aumentam-pressao-sobre-PGR-1.jpg\",\"datePublished\":\"2026-09-04T15:42:57+00:00\",\"dateModified\":\"2026-09-04T15:43:03+00:00\",\"breadcrumb\":{\"@id\":\"https:\/\/sudoesteacontece.com.br\/?p=29436#breadcrumb\"},\"inLanguage\":\"pt-BR\",\"potentialAction\":[{\"@type\":\"ReadAction\",\"target\":[\"https:\/\/sudoesteacontece.com.br\/?p=29436\"]}]},{\"@type\":\"ImageObject\",\"inLanguage\":\"pt-BR\",\"@id\":\"https:\/\/sudoesteacontece.com.br\/?p=29436#primaryimage\",\"url\":\"https:\/\/sudoesteacontece.com.br\/wp-content\/uploads\/2026\/09\/Citacoes-a-Gonet-em-mensagens-de-Vorcaro-aumentam-pressao-sobre-PGR-1.jpg\",\"contentUrl\":\"https:\/\/sudoesteacontece.com.br\/wp-content\/uploads\/2026\/09\/Citacoes-a-Gonet-em-mensagens-de-Vorcaro-aumentam-pressao-sobre-PGR-1.jpg\",\"width\":900,\"height\":600},{\"@type\":\"BreadcrumbList\",\"@id\":\"https:\/\/sudoesteacontece.com.br\/?p=29436#breadcrumb\",\"itemListElement\":[{\"@type\":\"ListItem\",\"position\":1,\"name\":\"In\u00edcio\",\"item\":\"https:\/\/sudoesteacontece.com.br\/\"},{\"@type\":\"ListItem\",\"position\":2,\"name\":\"Servidores da PGR relatam tens\u00e3o e ironizam Gonet em grupos de WhatsApp\"}]},{\"@type\":\"WebSite\",\"@id\":\"https:\/\/sudoesteacontece.com.br\/#website\",\"url\":\"https:\/\/sudoesteacontece.com.br\/\",\"name\":\"Sudoesteacontece\",\"description\":\"\",\"publisher\":{\"@id\":\"https:\/\/sudoesteacontece.com.br\/#organization\"},\"potentialAction\":[{\"@type\":\"SearchAction\",\"target\":{\"@type\":\"EntryPoint\",\"urlTemplate\":\"https:\/\/sudoesteacontece.com.br\/?s={search_term_string}\"},\"query-input\":{\"@type\":\"PropertyValueSpecification\",\"valueRequired\":true,\"valueName\":\"search_term_string\"}}],\"inLanguage\":\"pt-BR\"},{\"@type\":\"Organization\",\"@id\":\"https:\/\/sudoesteacontece.com.br\/#organization\",\"name\":\"Sudoesteacontece\",\"url\":\"https:\/\/sudoesteacontece.com.br\/\",\"logo\":{\"@type\":\"ImageObject\",\"inLanguage\":\"pt-BR\",\"@id\":\"https:\/\/sudoesteacontece.com.br\/#\/schema\/logo\/image\/\",\"url\":\"https:\/\/sudoesteacontece.com.br\/wp-content\/uploads\/2025\/12\/cropped-logo-2-180x180-1.png\",\"contentUrl\":\"https:\/\/sudoesteacontece.com.br\/wp-content\/uploads\/2025\/12\/cropped-logo-2-180x180-1.png\",\"width\":180,\"height\":180,\"caption\":\"Sudoesteacontece\"},\"image\":{\"@id\":\"https:\/\/sudoesteacontece.com.br\/#\/schema\/logo\/image\/\"},\"sameAs\":[\"https:\/\/www.facebook.com\/sudoesteacontece\/?locale=pt_BR\"]},{\"@type\":\"Person\",\"@id\":\"https:\/\/sudoesteacontece.com.br\/#\/schema\/person\/a4f22429c1d0923ef8f7d43343f8dc38\",\"name\":\"Reda\u00e7\u00e3o\",\"image\":{\"@type\":\"ImageObject\",\"inLanguage\":\"pt-BR\",\"@id\":\"https:\/\/sudoesteacontece.com.br\/#\/schema\/person\/image\/\",\"url\":\"https:\/\/secure.gravatar.com\/avatar\/c3a5b3c93f268a709c25a2df414c629a96fb3b1b4bf97a94fb3f72e54ae76903?s=96&d=mm&r=g\",\"contentUrl\":\"https:\/\/secure.gravatar.com\/avatar\/c3a5b3c93f268a709c25a2df414c629a96fb3b1b4bf97a94fb3f72e54ae76903?s=96&d=mm&r=g\",\"caption\":\"Reda\u00e7\u00e3o\"},\"url\":\"https:\/\/sudoesteacontece.com.br\/?author=4\"}]}<\/script>\n<!-- \/ Yoast SEO plugin. -->","yoast_head_json":{"title":"Servidores da PGR relatam tens\u00e3o e ironizam Gonet em grupos de WhatsApp - Sudoesteacontece","robots":{"index":"index","follow":"follow","max-snippet":"max-snippet:-1","max-image-preview":"max-image-preview:large","max-video-preview":"max-video-preview:-1"},"canonical":"https:\/\/sudoesteacontece.com.br\/?p=29436","og_locale":"pt_BR","og_type":"article","og_title":"Servidores da PGR relatam tens\u00e3o e ironizam Gonet em grupos de WhatsApp - Sudoesteacontece","og_description":"Servidores da Procuradoria-Geral da Rep\u00fablica (PGR) relataram um clima de tens\u00e3o dentro do \u00f3rg\u00e3o ap\u00f3s a divulga\u00e7\u00e3o de conversas envolvendo o procurador-geral Paulo Gonet e o banqueiro Daniel Vorcaro. Os funcion\u00e1rios afirmaram que o assunto dominou as conversas na quarta-feira (2), em Bras\u00edlia. Parte dos servidores tamb\u00e9m teria demonstrado receio de poss\u00edveis repres\u00e1lias por eventuais vazamentos relacionados ao chefe da institui\u00e7\u00e3o. Durante o expediente, funcion\u00e1rios teriam discutido em pequenos grupos os poss\u00edveis desdobramentos das revela\u00e7\u00f5es e a rela\u00e7\u00e3o entre Gonet e Vorcaro. Um servidor ouvido sob condi\u00e7\u00e3o de anonimato afirmou que \u201cs\u00f3 se fala nisso\u201d dentro da PGR. Segundo o relato, alguns trabalhadores estariam preocupados com uma eventual persegui\u00e7\u00e3o ap\u00f3s a exposi\u00e7\u00e3o das informa\u00e7\u00f5es. Entre as conversas divulgadas est\u00e3o mensagens relacionadas \u00e0 participa\u00e7\u00e3o de Gonet em eventos promovidos por Vorcaro em Londres. O banqueiro teria utilizado o advogado Ciro Soares como intermedi\u00e1rio para fazer contatos com o procurador-geral. Entre os eventos mencionados est\u00e3o uma degusta\u00e7\u00e3o de charutos e uma atividade relacionada ao u\u00edsque Macallan, da qual Gonet teria aceitado participar. Nos grupos de WhatsApp formados por servidores, as mensagens sobre o epis\u00f3dio teriam provocado rea\u00e7\u00f5es em tom de ironia. Segundo funcion\u00e1rios ouvidos, alguns coment\u00e1rios faziam refer\u00eancias jocosas \u00e0s conversas sobre charutos e u\u00edsque. O conte\u00fado compartilhado nos grupos tamb\u00e9m teria alimentado cr\u00edticas internas \u00e0 atua\u00e7\u00e3o do procurador-geral. Paralelamente, servidores relataram um ambiente de \u201crevanchismo\u201d nas conversas virtuais. Segundo os relatos, parte do descontentamento estaria relacionada \u00e0 percep\u00e7\u00e3o de desprest\u00edgio por parte de Gonet. Um dos principais motivos citados seria a demora na equipara\u00e7\u00e3o salarial entre servidores da PGR e funcion\u00e1rios do Judici\u00e1rio, medida que ocorreu em outubro de 2025. Por fim, alguns integrantes dos grupos teriam tratado, de forma jocosa, a exposi\u00e7\u00e3o da rela\u00e7\u00e3o entre Gonet e Vorcaro como uma esp\u00e9cie de \u201cpenaliza\u00e7\u00e3o\u201d pelo que consideram falta de valoriza\u00e7\u00e3o dos servidores. Os relatos sobre o ambiente interno foram atribu\u00eddos a funcion\u00e1rios da PGR ouvidos sob anonimato. A institui\u00e7\u00e3o n\u00e3o apresentou, no conte\u00fado divulgado, uma manifesta\u00e7\u00e3o espec\u00edfica sobre as conversas dos servidores.","og_url":"https:\/\/sudoesteacontece.com.br\/?p=29436","og_site_name":"Sudoesteacontece","article_publisher":"https:\/\/www.facebook.com\/sudoesteacontece\/?locale=pt_BR","article_published_time":"2026-09-04T15:42:57+00:00","article_modified_time":"2026-09-04T15:43:03+00:00","og_image":[{"width":900,"height":600,"url":"https:\/\/sudoesteacontece.com.br\/wp-content\/uploads\/2026\/09\/Citacoes-a-Gonet-em-mensagens-de-Vorcaro-aumentam-pressao-sobre-PGR-1.jpg","type":"image\/jpeg"}],"author":"Reda\u00e7\u00e3o","twitter_card":"summary_large_image","twitter_misc":{"Escrito por":"Reda\u00e7\u00e3o","Est. tempo de leitura":"3 minutos"},"schema":{"@context":"https:\/\/schema.org","@graph":[{"@type":"Article","@id":"https:\/\/sudoesteacontece.com.br\/?p=29436#article","isPartOf":{"@id":"https:\/\/sudoesteacontece.com.br\/?p=29436"},"author":{"name":"Reda\u00e7\u00e3o","@id":"https:\/\/sudoesteacontece.com.br\/#\/schema\/person\/a4f22429c1d0923ef8f7d43343f8dc38"},"headline":"Servidores da PGR relatam tens\u00e3o e ironizam Gonet em grupos de WhatsApp","datePublished":"2026-09-04T15:42:57+00:00","dateModified":"2026-09-04T15:43:03+00:00","mainEntityOfPage":{"@id":"https:\/\/sudoesteacontece.com.br\/?p=29436"},"wordCount":392,"commentCount":0,"publisher":{"@id":"https:\/\/sudoesteacontece.com.br\/#organization"},"image":{"@id":"https:\/\/sudoesteacontece.com.br\/?p=29436#primaryimage"},"thumbnailUrl":"http:\/\/sudoesteacontece.com.br\/wp-content\/uploads\/2026\/09\/Citacoes-a-Gonet-em-mensagens-de-Vorcaro-aumentam-pressao-sobre-PGR-1.jpg","articleSection":["Brasil","Elei\u00e7\u00f5es 2026","Justi\u00e7a","Pol\u00edcia","Pol\u00edtica"],"inLanguage":"pt-BR","potentialAction":[{"@type":"CommentAction","name":"Comment","target":["https:\/\/sudoesteacontece.com.br\/?p=29436#respond"]}]},{"@type":"WebPage","@id":"https:\/\/sudoesteacontece.com.br\/?p=29436","url":"https:\/\/sudoesteacontece.com.br\/?p=29436","name":"Servidores da PGR relatam tens\u00e3o e ironizam Gonet em grupos de WhatsApp - Sudoesteacontece","isPartOf":{"@id":"https:\/\/sudoesteacontece.com.br\/#website"},"primaryImageOfPage":{"@id":"https:\/\/sudoesteacontece.com.br\/?p=29436#primaryimage"},"image":{"@id":"https:\/\/sudoesteacontece.com.br\/?p=29436#primaryimage"},"thumbnailUrl":"http:\/\/sudoesteacontece.com.br\/wp-content\/uploads\/2026\/09\/Citacoes-a-Gonet-em-mensagens-de-Vorcaro-aumentam-pressao-sobre-PGR-1.jpg","datePublished":"2026-09-04T15:42:57+00:00","dateModified":"2026-09-04T15:43:03+00:00","breadcrumb":{"@id":"https:\/\/sudoesteacontece.com.br\/?p=29436#breadcrumb"},"inLanguage":"pt-BR","potentialAction":[{"@type":"ReadAction","target":["https:\/\/sudoesteacontece.com.br\/?p=29436"]}]},{"@type":"ImageObject","inLanguage":"pt-BR","@id":"https:\/\/sudoesteacontece.com.br\/?p=29436#primaryimage","url":"https:\/\/sudoesteacontece.com.br\/wp-content\/uploads\/2026\/09\/Citacoes-a-Gonet-em-mensagens-de-Vorcaro-aumentam-pressao-sobre-PGR-1.jpg","contentUrl":"https:\/\/sudoesteacontece.com.br\/wp-content\/uploads\/2026\/09\/Citacoes-a-Gonet-em-mensagens-de-Vorcaro-aumentam-pressao-sobre-PGR-1.jpg","width":900,"height":600},{"@type":"BreadcrumbList","@id":"https:\/\/sudoesteacontece.com.br\/?p=29436#breadcrumb","itemListElement":[{"@type":"ListItem","position":1,"name":"In\u00edcio","item":"https:\/\/sudoesteacontece.com.br\/"},{"@type":"ListItem","position":2,"name":"Servidores da PGR relatam tens\u00e3o e ironizam Gonet em grupos de WhatsApp"}]},{"@type":"WebSite","@id":"https:\/\/sudoesteacontece.com.br\/#website","url":"https:\/\/sudoesteacontece.com.br\/","name":"Sudoesteacontece","description":"","publisher":{"@id":"https:\/\/sudoesteacontece.com.br\/#organization"},"potentialAction":[{"@type":"SearchAction","target":{"@type":"EntryPoint","urlTemplate":"https:\/\/sudoesteacontece.com.br\/?s={search_term_string}"},"query-input":{"@type":"PropertyValueSpecification","valueRequired":true,"valueName":"search_term_string"}}],"inLanguage":"pt-BR"},{"@type":"Organization","@id":"https:\/\/sudoesteacontece.com.br\/#organization","name":"Sudoesteacontece","url":"https:\/\/sudoesteacontece.com.br\/","logo":{"@type":"ImageObject","inLanguage":"pt-BR","@id":"https:\/\/sudoesteacontece.com.br\/#\/schema\/logo\/image\/","url":"https:\/\/sudoesteacontece.com.br\/wp-content\/uploads\/2025\/12\/cropped-logo-2-180x180-1.png","contentUrl":"https:\/\/sudoesteacontece.com.br\/wp-content\/uploads\/2025\/12\/cropped-logo-2-180x180-1.png","width":180,"height":180,"caption":"Sudoesteacontece"},"image":{"@id":"https:\/\/sudoesteacontece.com.br\/#\/schema\/logo\/image\/"},"sameAs":["https:\/\/www.facebook.com\/sudoesteacontece\/?locale=pt_BR"]},{"@type":"Person","@id":"https:\/\/sudoesteacontece.com.br\/#\/schema\/person\/a4f22429c1d0923ef8f7d43343f8dc38","name":"Reda\u00e7\u00e3o","image":{"@type":"ImageObject","inLanguage":"pt-BR","@id":"https:\/\/sudoesteacontece.com.br\/#\/schema\/person\/image\/","url":"https:\/\/secure.gravatar.com\/avatar\/c3a5b3c93f268a709c25a2df414c629a96fb3b1b4bf97a94fb3f72e54ae76903?s=96&d=mm&r=g","contentUrl":"https:\/\/secure.gravatar.com\/avatar\/c3a5b3c93f268a709c25a2df414c629a96fb3b1b4bf97a94fb3f72e54ae76903?s=96&d=mm&r=g","caption":"Reda\u00e7\u00e3o"},"url":"https:\/\/sudoesteacontece.com.br\/?author=4"}]}},"_links":{"self":[{"href":"https:\/\/sudoesteacontece.com.br\/index.php?rest_route=\/wp\/v2\/posts\/29436","targetHints":{"allow":["GET"]}}],"collection":[{"href":"https:\/\/sudoesteacontece.com.br\/index.php?rest_route=\/wp\/v2\/posts"}],"about":[{"href":"https:\/\/sudoesteacontece.com.br\/index.php?rest_route=\/wp\/v2\/types\/post"}],"author":[{"embeddable":true,"href":"https:\/\/sudoesteacontece.com.br\/index.php?rest_route=\/wp\/v2\/users\/4"}],"replies":[{"embeddable":true,"href":"https:\/\/sudoesteacontece.com.br\/index.php?rest_route=%2Fwp%2Fv2%2Fcomments&post=29436"}],"version-history":[{"count":1,"href":"https:\/\/sudoesteacontece.com.br\/index.php?rest_route=\/wp\/v2\/posts\/29436\/revisions"}],"predecessor-version":[{"id":29494,"href":"https:\/\/sudoesteacontece.com.br\/index.php?rest_route=\/wp\/v2\/posts\/29436\/revisions\/29494"}],"wp:attachment":[{"href":"https:\/\/sudoesteacontece.com.br\/index.php?rest_route=%2Fwp%2Fv2%2Fmedia&parent=29436"}],"wp:term":[{"taxonomy":"category","embeddable":true,"href":"https:\/\/sudoesteacontece.com.br\/index.php?rest_route=%2Fwp%2Fv2%2Fcategories&post=29436"},{"taxonomy":"post_tag","embeddable":true,"href":"https:\/\/sudoesteacontece.com.br\/index.php?rest_route=%2Fwp%2Fv2%2Ftags&post=29436"}],"curies":[{"name":"wp","href":"https:\/\/api.w.org\/{rel}","templated":true}]}}