{"id":29440,"date":"2026-09-04T12:41:52","date_gmt":"2026-09-04T15:41:52","guid":{"rendered":"https:\/\/sudoesteacontece.com.br\/?p=29440"},"modified":"2026-09-04T12:41:57","modified_gmt":"2026-09-04T15:41:57","slug":"homem-e-preso-suspeito-de-estupro-de-vulneravel-contra-duas-criancas-em-carinhanha","status":"publish","type":"post","link":"https:\/\/sudoesteacontece.com.br\/?p=29440","title":{"rendered":"Homem \u00e9 preso suspeito de estupro de vulner\u00e1vel contra duas crian\u00e7as em Carinhanha"},"content":{"rendered":"\n<figure class=\"wp-block-image size-full\"><img fetchpriority=\"high\" decoding=\"async\" width=\"900\" height=\"600\" src=\"http:\/\/sudoesteacontece.com.br\/wp-content\/uploads\/2026\/09\/Homem-e-preso-suspeito-de-estupro-de-vulneravel-contra-duas-criancas-em-Carinhanha.jpg\" alt=\"\" class=\"wp-image-29456\" srcset=\"https:\/\/sudoesteacontece.com.br\/wp-content\/uploads\/2026\/09\/Homem-e-preso-suspeito-de-estupro-de-vulneravel-contra-duas-criancas-em-Carinhanha.jpg 900w, https:\/\/sudoesteacontece.com.br\/wp-content\/uploads\/2026\/09\/Homem-e-preso-suspeito-de-estupro-de-vulneravel-contra-duas-criancas-em-Carinhanha-300x200.jpg 300w, https:\/\/sudoesteacontece.com.br\/wp-content\/uploads\/2026\/09\/Homem-e-preso-suspeito-de-estupro-de-vulneravel-contra-duas-criancas-em-Carinhanha-768x512.jpg 768w\" sizes=\"(max-width: 900px) 100vw, 900px\" \/><\/figure>\n\n\n\n<p class=\"wp-block-paragraph\">Um homem de 43 anos foi preso pela Pol\u00edcia Civil da Bahia nesta quinta-feira (3), na zona rural de Carinhanha, no sudoeste da Bahia. Ele \u00e9 investigado por estupro de vulner\u00e1vel contra duas crian\u00e7as, de 5 e 8 anos. A pris\u00e3o ocorreu ap\u00f3s a Justi\u00e7a expedir um mandado de pris\u00e3o preventiva contra o suspeito.<\/p>\n\n\n\n<p class=\"wp-block-paragraph\">Segundo as investiga\u00e7\u00f5es, os crimes teriam ocorrido em mar\u00e7o deste ano, em um contexto de conviv\u00eancia familiar. A apura\u00e7\u00e3o come\u00e7ou depois que familiares das crian\u00e7as relataram comportamentos e revela\u00e7\u00f5es feitas pelas v\u00edtimas. A Pol\u00edcia Civil passou a reunir informa\u00e7\u00f5es para esclarecer as circunst\u00e2ncias dos fatos.<\/p>\n\n\n\n<p class=\"wp-block-paragraph\">Durante a investiga\u00e7\u00e3o, os policiais realizaram oitivas, escuta especializada, exames periciais e outras dilig\u00eancias. As medidas tiveram como objetivo reunir elementos para subsidiar a apura\u00e7\u00e3o e verificar as circunst\u00e2ncias relacionadas \u00e0s den\u00fancias apresentadas pelos familiares.<\/p>\n\n\n\n<p class=\"wp-block-paragraph\">Ap\u00f3s a pris\u00e3o, o suspeito foi levado para uma unidade policial e passou pelos procedimentos legais. Ele permanece custodiado e \u00e0 disposi\u00e7\u00e3o da Justi\u00e7a. O caso seguir\u00e1 sob investiga\u00e7\u00e3o das autoridades respons\u00e1veis pela apura\u00e7\u00e3o dos fatos.<\/p>\n\n\n\n<p class=\"wp-block-paragraph\">As duas crian\u00e7as foram encaminhadas para acompanhamento pelo servi\u00e7o de atendimento psicossocial do munic\u00edpio. A medida integra as a\u00e7\u00f5es de prote\u00e7\u00e3o previstas pelo Estatuto da Crian\u00e7a e do Adolescente (ECA) para v\u00edtimas de viol\u00eancia.<\/p>\n\n\n\n<p class=\"wp-block-paragraph\">A pris\u00e3o ocorreu no \u00e2mbito da Opera\u00e7\u00e3o Malhas da Lei e foi realizada pela Delegacia Territorial de Carinhanha. A a\u00e7\u00e3o contou com apoio do Grupo de Apoio T\u00e1tico e T\u00e9cnico \u00e0 Investiga\u00e7\u00e3o (GATTI\/Semi\u00e1rido) e da 22\u00aa Coordenadoria Regional de Pol\u00edcia do Interior (22\u00aa COORPIN\/Guanambi).<\/p>\n","protected":false},"excerpt":{"rendered":"<p>Um homem de 43 anos foi preso pela Pol\u00edcia Civil da Bahia nesta quinta-feira (3), na zona rural de Carinhanha, no sudoeste da Bahia. Ele \u00e9 investigado por estupro de vulner\u00e1vel contra duas crian\u00e7as, de 5 e 8 anos. A pris\u00e3o ocorreu ap\u00f3s a Justi\u00e7a expedir um mandado de pris\u00e3o preventiva contra o suspeito. Segundo as investiga\u00e7\u00f5es, os crimes teriam ocorrido em mar\u00e7o deste ano, em um contexto de conviv\u00eancia familiar. A apura\u00e7\u00e3o come\u00e7ou depois que familiares das crian\u00e7as relataram comportamentos e revela\u00e7\u00f5es feitas pelas v\u00edtimas. A Pol\u00edcia Civil passou a reunir informa\u00e7\u00f5es para esclarecer as circunst\u00e2ncias dos fatos. Durante a investiga\u00e7\u00e3o, os policiais realizaram oitivas, escuta especializada, exames periciais e outras dilig\u00eancias. As medidas tiveram como objetivo reunir elementos para subsidiar a apura\u00e7\u00e3o e verificar as circunst\u00e2ncias relacionadas \u00e0s den\u00fancias apresentadas pelos familiares. Ap\u00f3s a pris\u00e3o, o suspeito foi levado para uma unidade policial e passou pelos procedimentos legais. Ele permanece custodiado e \u00e0 disposi\u00e7\u00e3o da Justi\u00e7a. O caso seguir\u00e1 sob investiga\u00e7\u00e3o das autoridades respons\u00e1veis pela apura\u00e7\u00e3o dos fatos. As duas crian\u00e7as foram encaminhadas para acompanhamento pelo servi\u00e7o de atendimento psicossocial do munic\u00edpio. A medida integra as a\u00e7\u00f5es de prote\u00e7\u00e3o previstas pelo Estatuto da Crian\u00e7a e do Adolescente (ECA) para v\u00edtimas de viol\u00eancia. A pris\u00e3o ocorreu no \u00e2mbito da Opera\u00e7\u00e3o Malhas da Lei e foi realizada pela Delegacia Territorial de Carinhanha. A a\u00e7\u00e3o contou com apoio do Grupo de Apoio T\u00e1tico e T\u00e9cnico \u00e0 Investiga\u00e7\u00e3o (GATTI\/Semi\u00e1rido) e da 22\u00aa Coordenadoria Regional de Pol\u00edcia do Interior (22\u00aa COORPIN\/Guanambi).<\/p>\n","protected":false},"author":4,"featured_media":0,"comment_status":"open","ping_status":"open","sticky":false,"template":"","format":"standard","meta":{"footnotes":""},"categories":[85,4,3],"tags":[],"class_list":["post-29440","post","type-post","status-publish","format-standard","hentry","category-carinhanha","category-cidades","category-policia"],"yoast_head":"<!-- This site is optimized with the Yoast SEO plugin v26.5 - https:\/\/yoast.com\/wordpress\/plugins\/seo\/ -->\n<title>Homem \u00e9 preso suspeito de estupro de vulner\u00e1vel contra duas crian\u00e7as em Carinhanha - Sudoesteacontece<\/title>\n<meta name=\"robots\" content=\"index, follow, max-snippet:-1, max-image-preview:large, max-video-preview:-1\" \/>\n<link rel=\"canonical\" href=\"https:\/\/sudoesteacontece.com.br\/?p=29440\" \/>\n<meta property=\"og:locale\" content=\"pt_BR\" \/>\n<meta property=\"og:type\" content=\"article\" \/>\n<meta property=\"og:title\" content=\"Homem \u00e9 preso suspeito de estupro de vulner\u00e1vel contra duas crian\u00e7as em Carinhanha - Sudoesteacontece\" \/>\n<meta property=\"og:description\" content=\"Um homem de 43 anos foi preso pela Pol\u00edcia Civil da Bahia nesta quinta-feira (3), na zona rural de Carinhanha, no sudoeste da Bahia. Ele \u00e9 investigado por estupro de vulner\u00e1vel contra duas crian\u00e7as, de 5 e 8 anos. A pris\u00e3o ocorreu ap\u00f3s a Justi\u00e7a expedir um mandado de pris\u00e3o preventiva contra o suspeito. Segundo as investiga\u00e7\u00f5es, os crimes teriam ocorrido em mar\u00e7o deste ano, em um contexto de conviv\u00eancia familiar. A apura\u00e7\u00e3o come\u00e7ou depois que familiares das crian\u00e7as relataram comportamentos e revela\u00e7\u00f5es feitas pelas v\u00edtimas. A Pol\u00edcia Civil passou a reunir informa\u00e7\u00f5es para esclarecer as circunst\u00e2ncias dos fatos. Durante a investiga\u00e7\u00e3o, os policiais realizaram oitivas, escuta especializada, exames periciais e outras dilig\u00eancias. As medidas tiveram como objetivo reunir elementos para subsidiar a apura\u00e7\u00e3o e verificar as circunst\u00e2ncias relacionadas \u00e0s den\u00fancias apresentadas pelos familiares. Ap\u00f3s a pris\u00e3o, o suspeito foi levado para uma unidade policial e passou pelos procedimentos legais. Ele permanece custodiado e \u00e0 disposi\u00e7\u00e3o da Justi\u00e7a. O caso seguir\u00e1 sob investiga\u00e7\u00e3o das autoridades respons\u00e1veis pela apura\u00e7\u00e3o dos fatos. As duas crian\u00e7as foram encaminhadas para acompanhamento pelo servi\u00e7o de atendimento psicossocial do munic\u00edpio. A medida integra as a\u00e7\u00f5es de prote\u00e7\u00e3o previstas pelo Estatuto da Crian\u00e7a e do Adolescente (ECA) para v\u00edtimas de viol\u00eancia. A pris\u00e3o ocorreu no \u00e2mbito da Opera\u00e7\u00e3o Malhas da Lei e foi realizada pela Delegacia Territorial de Carinhanha. A a\u00e7\u00e3o contou com apoio do Grupo de Apoio T\u00e1tico e T\u00e9cnico \u00e0 Investiga\u00e7\u00e3o (GATTI\/Semi\u00e1rido) e da 22\u00aa Coordenadoria Regional de Pol\u00edcia do Interior (22\u00aa COORPIN\/Guanambi).\" \/>\n<meta property=\"og:url\" content=\"https:\/\/sudoesteacontece.com.br\/?p=29440\" \/>\n<meta property=\"og:site_name\" content=\"Sudoesteacontece\" \/>\n<meta property=\"article:publisher\" content=\"https:\/\/www.facebook.com\/sudoesteacontece\/?locale=pt_BR\" \/>\n<meta property=\"article:published_time\" content=\"2026-09-04T15:41:52+00:00\" \/>\n<meta property=\"article:modified_time\" content=\"2026-09-04T15:41:57+00:00\" \/>\n<meta property=\"og:image\" content=\"https:\/\/sudoesteacontece.com.br\/wp-content\/uploads\/2026\/09\/Homem-e-preso-suspeito-de-estupro-de-vulneravel-contra-duas-criancas-em-Carinhanha.jpg\" \/>\n\t<meta property=\"og:image:width\" content=\"900\" \/>\n\t<meta property=\"og:image:height\" content=\"600\" \/>\n\t<meta property=\"og:image:type\" content=\"image\/jpeg\" \/>\n<meta name=\"author\" content=\"Reda\u00e7\u00e3o\" \/>\n<meta name=\"twitter:card\" content=\"summary_large_image\" \/>\n<meta name=\"twitter:label1\" content=\"Escrito por\" \/>\n\t<meta name=\"twitter:data1\" content=\"Reda\u00e7\u00e3o\" \/>\n\t<meta name=\"twitter:label2\" content=\"Est. tempo de leitura\" \/>\n\t<meta name=\"twitter:data2\" content=\"2 minutos\" \/>\n<script type=\"application\/ld+json\" class=\"yoast-schema-graph\">{\"@context\":\"https:\/\/schema.org\",\"@graph\":[{\"@type\":\"Article\",\"@id\":\"https:\/\/sudoesteacontece.com.br\/?p=29440#article\",\"isPartOf\":{\"@id\":\"https:\/\/sudoesteacontece.com.br\/?p=29440\"},\"author\":{\"name\":\"Reda\u00e7\u00e3o\",\"@id\":\"https:\/\/sudoesteacontece.com.br\/#\/schema\/person\/a4f22429c1d0923ef8f7d43343f8dc38\"},\"headline\":\"Homem \u00e9 preso suspeito de estupro de vulner\u00e1vel contra duas crian\u00e7as em Carinhanha\",\"datePublished\":\"2026-09-04T15:41:52+00:00\",\"dateModified\":\"2026-09-04T15:41:57+00:00\",\"mainEntityOfPage\":{\"@id\":\"https:\/\/sudoesteacontece.com.br\/?p=29440\"},\"wordCount\":301,\"commentCount\":0,\"publisher\":{\"@id\":\"https:\/\/sudoesteacontece.com.br\/#organization\"},\"image\":{\"@id\":\"https:\/\/sudoesteacontece.com.br\/?p=29440#primaryimage\"},\"thumbnailUrl\":\"http:\/\/sudoesteacontece.com.br\/wp-content\/uploads\/2026\/09\/Homem-e-preso-suspeito-de-estupro-de-vulneravel-contra-duas-criancas-em-Carinhanha.jpg\",\"articleSection\":[\"Carinhanha\",\"Cidades\",\"Pol\u00edcia\"],\"inLanguage\":\"pt-BR\",\"potentialAction\":[{\"@type\":\"CommentAction\",\"name\":\"Comment\",\"target\":[\"https:\/\/sudoesteacontece.com.br\/?p=29440#respond\"]}]},{\"@type\":\"WebPage\",\"@id\":\"https:\/\/sudoesteacontece.com.br\/?p=29440\",\"url\":\"https:\/\/sudoesteacontece.com.br\/?p=29440\",\"name\":\"Homem \u00e9 preso suspeito de estupro de vulner\u00e1vel contra duas crian\u00e7as em Carinhanha - Sudoesteacontece\",\"isPartOf\":{\"@id\":\"https:\/\/sudoesteacontece.com.br\/#website\"},\"primaryImageOfPage\":{\"@id\":\"https:\/\/sudoesteacontece.com.br\/?p=29440#primaryimage\"},\"image\":{\"@id\":\"https:\/\/sudoesteacontece.com.br\/?p=29440#primaryimage\"},\"thumbnailUrl\":\"http:\/\/sudoesteacontece.com.br\/wp-content\/uploads\/2026\/09\/Homem-e-preso-suspeito-de-estupro-de-vulneravel-contra-duas-criancas-em-Carinhanha.jpg\",\"datePublished\":\"2026-09-04T15:41:52+00:00\",\"dateModified\":\"2026-09-04T15:41:57+00:00\",\"breadcrumb\":{\"@id\":\"https:\/\/sudoesteacontece.com.br\/?p=29440#breadcrumb\"},\"inLanguage\":\"pt-BR\",\"potentialAction\":[{\"@type\":\"ReadAction\",\"target\":[\"https:\/\/sudoesteacontece.com.br\/?p=29440\"]}]},{\"@type\":\"ImageObject\",\"inLanguage\":\"pt-BR\",\"@id\":\"https:\/\/sudoesteacontece.com.br\/?p=29440#primaryimage\",\"url\":\"https:\/\/sudoesteacontece.com.br\/wp-content\/uploads\/2026\/09\/Homem-e-preso-suspeito-de-estupro-de-vulneravel-contra-duas-criancas-em-Carinhanha.jpg\",\"contentUrl\":\"https:\/\/sudoesteacontece.com.br\/wp-content\/uploads\/2026\/09\/Homem-e-preso-suspeito-de-estupro-de-vulneravel-contra-duas-criancas-em-Carinhanha.jpg\",\"width\":900,\"height\":600},{\"@type\":\"BreadcrumbList\",\"@id\":\"https:\/\/sudoesteacontece.com.br\/?p=29440#breadcrumb\",\"itemListElement\":[{\"@type\":\"ListItem\",\"position\":1,\"name\":\"In\u00edcio\",\"item\":\"https:\/\/sudoesteacontece.com.br\/\"},{\"@type\":\"ListItem\",\"position\":2,\"name\":\"Homem \u00e9 preso suspeito de estupro de vulner\u00e1vel contra duas crian\u00e7as em Carinhanha\"}]},{\"@type\":\"WebSite\",\"@id\":\"https:\/\/sudoesteacontece.com.br\/#website\",\"url\":\"https:\/\/sudoesteacontece.com.br\/\",\"name\":\"Sudoesteacontece\",\"description\":\"\",\"publisher\":{\"@id\":\"https:\/\/sudoesteacontece.com.br\/#organization\"},\"potentialAction\":[{\"@type\":\"SearchAction\",\"target\":{\"@type\":\"EntryPoint\",\"urlTemplate\":\"https:\/\/sudoesteacontece.com.br\/?s={search_term_string}\"},\"query-input\":{\"@type\":\"PropertyValueSpecification\",\"valueRequired\":true,\"valueName\":\"search_term_string\"}}],\"inLanguage\":\"pt-BR\"},{\"@type\":\"Organization\",\"@id\":\"https:\/\/sudoesteacontece.com.br\/#organization\",\"name\":\"Sudoesteacontece\",\"url\":\"https:\/\/sudoesteacontece.com.br\/\",\"logo\":{\"@type\":\"ImageObject\",\"inLanguage\":\"pt-BR\",\"@id\":\"https:\/\/sudoesteacontece.com.br\/#\/schema\/logo\/image\/\",\"url\":\"https:\/\/sudoesteacontece.com.br\/wp-content\/uploads\/2025\/12\/cropped-logo-2-180x180-1.png\",\"contentUrl\":\"https:\/\/sudoesteacontece.com.br\/wp-content\/uploads\/2025\/12\/cropped-logo-2-180x180-1.png\",\"width\":180,\"height\":180,\"caption\":\"Sudoesteacontece\"},\"image\":{\"@id\":\"https:\/\/sudoesteacontece.com.br\/#\/schema\/logo\/image\/\"},\"sameAs\":[\"https:\/\/www.facebook.com\/sudoesteacontece\/?locale=pt_BR\"]},{\"@type\":\"Person\",\"@id\":\"https:\/\/sudoesteacontece.com.br\/#\/schema\/person\/a4f22429c1d0923ef8f7d43343f8dc38\",\"name\":\"Reda\u00e7\u00e3o\",\"image\":{\"@type\":\"ImageObject\",\"inLanguage\":\"pt-BR\",\"@id\":\"https:\/\/sudoesteacontece.com.br\/#\/schema\/person\/image\/\",\"url\":\"https:\/\/secure.gravatar.com\/avatar\/c3a5b3c93f268a709c25a2df414c629a96fb3b1b4bf97a94fb3f72e54ae76903?s=96&d=mm&r=g\",\"contentUrl\":\"https:\/\/secure.gravatar.com\/avatar\/c3a5b3c93f268a709c25a2df414c629a96fb3b1b4bf97a94fb3f72e54ae76903?s=96&d=mm&r=g\",\"caption\":\"Reda\u00e7\u00e3o\"},\"url\":\"https:\/\/sudoesteacontece.com.br\/?author=4\"}]}<\/script>\n<!-- \/ Yoast SEO plugin. -->","yoast_head_json":{"title":"Homem \u00e9 preso suspeito de estupro de vulner\u00e1vel contra duas crian\u00e7as em Carinhanha - Sudoesteacontece","robots":{"index":"index","follow":"follow","max-snippet":"max-snippet:-1","max-image-preview":"max-image-preview:large","max-video-preview":"max-video-preview:-1"},"canonical":"https:\/\/sudoesteacontece.com.br\/?p=29440","og_locale":"pt_BR","og_type":"article","og_title":"Homem \u00e9 preso suspeito de estupro de vulner\u00e1vel contra duas crian\u00e7as em Carinhanha - Sudoesteacontece","og_description":"Um homem de 43 anos foi preso pela Pol\u00edcia Civil da Bahia nesta quinta-feira (3), na zona rural de Carinhanha, no sudoeste da Bahia. Ele \u00e9 investigado por estupro de vulner\u00e1vel contra duas crian\u00e7as, de 5 e 8 anos. A pris\u00e3o ocorreu ap\u00f3s a Justi\u00e7a expedir um mandado de pris\u00e3o preventiva contra o suspeito. Segundo as investiga\u00e7\u00f5es, os crimes teriam ocorrido em mar\u00e7o deste ano, em um contexto de conviv\u00eancia familiar. A apura\u00e7\u00e3o come\u00e7ou depois que familiares das crian\u00e7as relataram comportamentos e revela\u00e7\u00f5es feitas pelas v\u00edtimas. A Pol\u00edcia Civil passou a reunir informa\u00e7\u00f5es para esclarecer as circunst\u00e2ncias dos fatos. Durante a investiga\u00e7\u00e3o, os policiais realizaram oitivas, escuta especializada, exames periciais e outras dilig\u00eancias. As medidas tiveram como objetivo reunir elementos para subsidiar a apura\u00e7\u00e3o e verificar as circunst\u00e2ncias relacionadas \u00e0s den\u00fancias apresentadas pelos familiares. Ap\u00f3s a pris\u00e3o, o suspeito foi levado para uma unidade policial e passou pelos procedimentos legais. Ele permanece custodiado e \u00e0 disposi\u00e7\u00e3o da Justi\u00e7a. O caso seguir\u00e1 sob investiga\u00e7\u00e3o das autoridades respons\u00e1veis pela apura\u00e7\u00e3o dos fatos. As duas crian\u00e7as foram encaminhadas para acompanhamento pelo servi\u00e7o de atendimento psicossocial do munic\u00edpio. A medida integra as a\u00e7\u00f5es de prote\u00e7\u00e3o previstas pelo Estatuto da Crian\u00e7a e do Adolescente (ECA) para v\u00edtimas de viol\u00eancia. A pris\u00e3o ocorreu no \u00e2mbito da Opera\u00e7\u00e3o Malhas da Lei e foi realizada pela Delegacia Territorial de Carinhanha. A a\u00e7\u00e3o contou com apoio do Grupo de Apoio T\u00e1tico e T\u00e9cnico \u00e0 Investiga\u00e7\u00e3o (GATTI\/Semi\u00e1rido) e da 22\u00aa Coordenadoria Regional de Pol\u00edcia do Interior (22\u00aa COORPIN\/Guanambi).","og_url":"https:\/\/sudoesteacontece.com.br\/?p=29440","og_site_name":"Sudoesteacontece","article_publisher":"https:\/\/www.facebook.com\/sudoesteacontece\/?locale=pt_BR","article_published_time":"2026-09-04T15:41:52+00:00","article_modified_time":"2026-09-04T15:41:57+00:00","og_image":[{"width":900,"height":600,"url":"https:\/\/sudoesteacontece.com.br\/wp-content\/uploads\/2026\/09\/Homem-e-preso-suspeito-de-estupro-de-vulneravel-contra-duas-criancas-em-Carinhanha.jpg","type":"image\/jpeg"}],"author":"Reda\u00e7\u00e3o","twitter_card":"summary_large_image","twitter_misc":{"Escrito por":"Reda\u00e7\u00e3o","Est. tempo de leitura":"2 minutos"},"schema":{"@context":"https:\/\/schema.org","@graph":[{"@type":"Article","@id":"https:\/\/sudoesteacontece.com.br\/?p=29440#article","isPartOf":{"@id":"https:\/\/sudoesteacontece.com.br\/?p=29440"},"author":{"name":"Reda\u00e7\u00e3o","@id":"https:\/\/sudoesteacontece.com.br\/#\/schema\/person\/a4f22429c1d0923ef8f7d43343f8dc38"},"headline":"Homem \u00e9 preso suspeito de estupro de vulner\u00e1vel contra duas crian\u00e7as em Carinhanha","datePublished":"2026-09-04T15:41:52+00:00","dateModified":"2026-09-04T15:41:57+00:00","mainEntityOfPage":{"@id":"https:\/\/sudoesteacontece.com.br\/?p=29440"},"wordCount":301,"commentCount":0,"publisher":{"@id":"https:\/\/sudoesteacontece.com.br\/#organization"},"image":{"@id":"https:\/\/sudoesteacontece.com.br\/?p=29440#primaryimage"},"thumbnailUrl":"http:\/\/sudoesteacontece.com.br\/wp-content\/uploads\/2026\/09\/Homem-e-preso-suspeito-de-estupro-de-vulneravel-contra-duas-criancas-em-Carinhanha.jpg","articleSection":["Carinhanha","Cidades","Pol\u00edcia"],"inLanguage":"pt-BR","potentialAction":[{"@type":"CommentAction","name":"Comment","target":["https:\/\/sudoesteacontece.com.br\/?p=29440#respond"]}]},{"@type":"WebPage","@id":"https:\/\/sudoesteacontece.com.br\/?p=29440","url":"https:\/\/sudoesteacontece.com.br\/?p=29440","name":"Homem \u00e9 preso suspeito de estupro de vulner\u00e1vel contra duas crian\u00e7as em Carinhanha - Sudoesteacontece","isPartOf":{"@id":"https:\/\/sudoesteacontece.com.br\/#website"},"primaryImageOfPage":{"@id":"https:\/\/sudoesteacontece.com.br\/?p=29440#primaryimage"},"image":{"@id":"https:\/\/sudoesteacontece.com.br\/?p=29440#primaryimage"},"thumbnailUrl":"http:\/\/sudoesteacontece.com.br\/wp-content\/uploads\/2026\/09\/Homem-e-preso-suspeito-de-estupro-de-vulneravel-contra-duas-criancas-em-Carinhanha.jpg","datePublished":"2026-09-04T15:41:52+00:00","dateModified":"2026-09-04T15:41:57+00:00","breadcrumb":{"@id":"https:\/\/sudoesteacontece.com.br\/?p=29440#breadcrumb"},"inLanguage":"pt-BR","potentialAction":[{"@type":"ReadAction","target":["https:\/\/sudoesteacontece.com.br\/?p=29440"]}]},{"@type":"ImageObject","inLanguage":"pt-BR","@id":"https:\/\/sudoesteacontece.com.br\/?p=29440#primaryimage","url":"https:\/\/sudoesteacontece.com.br\/wp-content\/uploads\/2026\/09\/Homem-e-preso-suspeito-de-estupro-de-vulneravel-contra-duas-criancas-em-Carinhanha.jpg","contentUrl":"https:\/\/sudoesteacontece.com.br\/wp-content\/uploads\/2026\/09\/Homem-e-preso-suspeito-de-estupro-de-vulneravel-contra-duas-criancas-em-Carinhanha.jpg","width":900,"height":600},{"@type":"BreadcrumbList","@id":"https:\/\/sudoesteacontece.com.br\/?p=29440#breadcrumb","itemListElement":[{"@type":"ListItem","position":1,"name":"In\u00edcio","item":"https:\/\/sudoesteacontece.com.br\/"},{"@type":"ListItem","position":2,"name":"Homem \u00e9 preso suspeito de estupro de vulner\u00e1vel contra duas crian\u00e7as em Carinhanha"}]},{"@type":"WebSite","@id":"https:\/\/sudoesteacontece.com.br\/#website","url":"https:\/\/sudoesteacontece.com.br\/","name":"Sudoesteacontece","description":"","publisher":{"@id":"https:\/\/sudoesteacontece.com.br\/#organization"},"potentialAction":[{"@type":"SearchAction","target":{"@type":"EntryPoint","urlTemplate":"https:\/\/sudoesteacontece.com.br\/?s={search_term_string}"},"query-input":{"@type":"PropertyValueSpecification","valueRequired":true,"valueName":"search_term_string"}}],"inLanguage":"pt-BR"},{"@type":"Organization","@id":"https:\/\/sudoesteacontece.com.br\/#organization","name":"Sudoesteacontece","url":"https:\/\/sudoesteacontece.com.br\/","logo":{"@type":"ImageObject","inLanguage":"pt-BR","@id":"https:\/\/sudoesteacontece.com.br\/#\/schema\/logo\/image\/","url":"https:\/\/sudoesteacontece.com.br\/wp-content\/uploads\/2025\/12\/cropped-logo-2-180x180-1.png","contentUrl":"https:\/\/sudoesteacontece.com.br\/wp-content\/uploads\/2025\/12\/cropped-logo-2-180x180-1.png","width":180,"height":180,"caption":"Sudoesteacontece"},"image":{"@id":"https:\/\/sudoesteacontece.com.br\/#\/schema\/logo\/image\/"},"sameAs":["https:\/\/www.facebook.com\/sudoesteacontece\/?locale=pt_BR"]},{"@type":"Person","@id":"https:\/\/sudoesteacontece.com.br\/#\/schema\/person\/a4f22429c1d0923ef8f7d43343f8dc38","name":"Reda\u00e7\u00e3o","image":{"@type":"ImageObject","inLanguage":"pt-BR","@id":"https:\/\/sudoesteacontece.com.br\/#\/schema\/person\/image\/","url":"https:\/\/secure.gravatar.com\/avatar\/c3a5b3c93f268a709c25a2df414c629a96fb3b1b4bf97a94fb3f72e54ae76903?s=96&d=mm&r=g","contentUrl":"https:\/\/secure.gravatar.com\/avatar\/c3a5b3c93f268a709c25a2df414c629a96fb3b1b4bf97a94fb3f72e54ae76903?s=96&d=mm&r=g","caption":"Reda\u00e7\u00e3o"},"url":"https:\/\/sudoesteacontece.com.br\/?author=4"}]}},"_links":{"self":[{"href":"https:\/\/sudoesteacontece.com.br\/index.php?rest_route=\/wp\/v2\/posts\/29440","targetHints":{"allow":["GET"]}}],"collection":[{"href":"https:\/\/sudoesteacontece.com.br\/index.php?rest_route=\/wp\/v2\/posts"}],"about":[{"href":"https:\/\/sudoesteacontece.com.br\/index.php?rest_route=\/wp\/v2\/types\/post"}],"author":[{"embeddable":true,"href":"https:\/\/sudoesteacontece.com.br\/index.php?rest_route=\/wp\/v2\/users\/4"}],"replies":[{"embeddable":true,"href":"https:\/\/sudoesteacontece.com.br\/index.php?rest_route=%2Fwp%2Fv2%2Fcomments&post=29440"}],"version-history":[{"count":1,"href":"https:\/\/sudoesteacontece.com.br\/index.php?rest_route=\/wp\/v2\/posts\/29440\/revisions"}],"predecessor-version":[{"id":29492,"href":"https:\/\/sudoesteacontece.com.br\/index.php?rest_route=\/wp\/v2\/posts\/29440\/revisions\/29492"}],"wp:attachment":[{"href":"https:\/\/sudoesteacontece.com.br\/index.php?rest_route=%2Fwp%2Fv2%2Fmedia&parent=29440"}],"wp:term":[{"taxonomy":"category","embeddable":true,"href":"https:\/\/sudoesteacontece.com.br\/index.php?rest_route=%2Fwp%2Fv2%2Fcategories&post=29440"},{"taxonomy":"post_tag","embeddable":true,"href":"https:\/\/sudoesteacontece.com.br\/index.php?rest_route=%2Fwp%2Fv2%2Ftags&post=29440"}],"curies":[{"name":"wp","href":"https:\/\/api.w.org\/{rel}","templated":true}]}}