{"id":29442,"date":"2026-09-04T12:43:32","date_gmt":"2026-09-04T15:43:32","guid":{"rendered":"https:\/\/sudoesteacontece.com.br\/?p=29442"},"modified":"2026-09-04T12:43:37","modified_gmt":"2026-09-04T15:43:37","slug":"30-bombeiros-e-duas-aeronaves-reforcam-combate-a-incendio-na-serra-da-bandeira-em-barreiras","status":"publish","type":"post","link":"https:\/\/sudoesteacontece.com.br\/?p=29442","title":{"rendered":"30 bombeiros e duas aeronaves refor\u00e7am combate a inc\u00eandio na Serra da Bandeira em Barreiras"},"content":{"rendered":"\n<figure class=\"wp-block-image size-full\"><img fetchpriority=\"high\" decoding=\"async\" width=\"900\" height=\"600\" src=\"http:\/\/sudoesteacontece.com.br\/wp-content\/uploads\/2026\/09\/30-bombeiros-e-duas-aeronaves-reforcam-combate-a-incendio-na-Serra-da-Bandeira-em-Barreiras.jpg\" alt=\"\" class=\"wp-image-29446\" srcset=\"https:\/\/sudoesteacontece.com.br\/wp-content\/uploads\/2026\/09\/30-bombeiros-e-duas-aeronaves-reforcam-combate-a-incendio-na-Serra-da-Bandeira-em-Barreiras.jpg 900w, https:\/\/sudoesteacontece.com.br\/wp-content\/uploads\/2026\/09\/30-bombeiros-e-duas-aeronaves-reforcam-combate-a-incendio-na-Serra-da-Bandeira-em-Barreiras-300x200.jpg 300w, https:\/\/sudoesteacontece.com.br\/wp-content\/uploads\/2026\/09\/30-bombeiros-e-duas-aeronaves-reforcam-combate-a-incendio-na-Serra-da-Bandeira-em-Barreiras-768x512.jpg 768w\" sizes=\"(max-width: 900px) 100vw, 900px\" \/><\/figure>\n\n\n\n<p class=\"wp-block-paragraph\">Trinta bombeiros militares e duas aeronaves do modelo Air Tractor permanecem mobilizados no combate ao inc\u00eandio florestal que atinge a Serra da Bandeira, em Barreiras, no oeste da Bahia. As equipes atuam nesta quinta-feira (3) para conter as chamas e evitar que o fogo avance sobre novas \u00e1reas de vegeta\u00e7\u00e3o.<\/p>\n\n\n\n<p class=\"wp-block-paragraph\">Na quarta-feira (2), os bombeiros conseguiram controlar as chamas em uma \u00e1rea considerada priorit\u00e1ria da serra. Ap\u00f3s a conten\u00e7\u00e3o, os militares intensificaram o monitoramento para identificar poss\u00edveis pontos de reigni\u00e7\u00e3o e impedir que o inc\u00eandio volte a se espalhar.<\/p>\n\n\n\n<p class=\"wp-block-paragraph\">Nesta quinta, as equipes atuam em tr\u00eas frentes de combate situadas em uma \u00e1rea oposta ao trecho que j\u00e1 foi controlado. Apesar da presen\u00e7a de focos de fogo, os bombeiros consideram a situa\u00e7\u00e3o sob controle e mant\u00eam as a\u00e7\u00f5es para conter o avan\u00e7o das chamas.<\/p>\n\n\n\n<p class=\"wp-block-paragraph\">Enquanto isso, as duas aeronaves Air Tractor auxiliam principalmente nas regi\u00f5es de dif\u00edcil acesso por terra. Os equipamentos realizam lan\u00e7amentos de \u00e1gua sobre os pontos atingidos pelo inc\u00eandio, contribuindo para o trabalho desenvolvido pelas equipes em solo.<\/p>\n\n\n\n<p class=\"wp-block-paragraph\">No terreno, os bombeiros atuam diretamente na conten\u00e7\u00e3o das chamas e no acompanhamento das \u00e1reas atingidas. O monitoramento tamb\u00e9m busca identificar rapidamente novos focos e reduzir o risco de reigni\u00e7\u00e3o na Serra da Bandeira.<\/p>\n","protected":false},"excerpt":{"rendered":"<p>Trinta bombeiros militares e duas aeronaves do modelo Air Tractor permanecem mobilizados no combate ao inc\u00eandio florestal que atinge a Serra da Bandeira, em Barreiras, no oeste da Bahia. As equipes atuam nesta quinta-feira (3) para conter as chamas e evitar que o fogo avance sobre novas \u00e1reas de vegeta\u00e7\u00e3o. Na quarta-feira (2), os bombeiros conseguiram controlar as chamas em uma \u00e1rea considerada priorit\u00e1ria da serra. Ap\u00f3s a conten\u00e7\u00e3o, os militares intensificaram o monitoramento para identificar poss\u00edveis pontos de reigni\u00e7\u00e3o e impedir que o inc\u00eandio volte a se espalhar. Nesta quinta, as equipes atuam em tr\u00eas frentes de combate situadas em uma \u00e1rea oposta ao trecho que j\u00e1 foi controlado. Apesar da presen\u00e7a de focos de fogo, os bombeiros consideram a situa\u00e7\u00e3o sob controle e mant\u00eam as a\u00e7\u00f5es para conter o avan\u00e7o das chamas. Enquanto isso, as duas aeronaves Air Tractor auxiliam principalmente nas regi\u00f5es de dif\u00edcil acesso por terra. Os equipamentos realizam lan\u00e7amentos de \u00e1gua sobre os pontos atingidos pelo inc\u00eandio, contribuindo para o trabalho desenvolvido pelas equipes em solo. No terreno, os bombeiros atuam diretamente na conten\u00e7\u00e3o das chamas e no acompanhamento das \u00e1reas atingidas. O monitoramento tamb\u00e9m busca identificar rapidamente novos focos e reduzir o risco de reigni\u00e7\u00e3o na Serra da Bandeira.<\/p>\n","protected":false},"author":4,"featured_media":0,"comment_status":"open","ping_status":"open","sticky":false,"template":"","format":"standard","meta":{"footnotes":""},"categories":[66,4],"tags":[],"class_list":["post-29442","post","type-post","status-publish","format-standard","hentry","category-barreiras","category-cidades"],"yoast_head":"<!-- This site is optimized with the Yoast SEO plugin v26.5 - https:\/\/yoast.com\/wordpress\/plugins\/seo\/ -->\n<title>30 bombeiros e duas aeronaves refor\u00e7am combate a inc\u00eandio na Serra da Bandeira em Barreiras - Sudoesteacontece<\/title>\n<meta name=\"robots\" content=\"index, follow, max-snippet:-1, max-image-preview:large, max-video-preview:-1\" \/>\n<link rel=\"canonical\" href=\"https:\/\/sudoesteacontece.com.br\/?p=29442\" \/>\n<meta property=\"og:locale\" content=\"pt_BR\" \/>\n<meta property=\"og:type\" content=\"article\" \/>\n<meta property=\"og:title\" content=\"30 bombeiros e duas aeronaves refor\u00e7am combate a inc\u00eandio na Serra da Bandeira em Barreiras - Sudoesteacontece\" \/>\n<meta property=\"og:description\" content=\"Trinta bombeiros militares e duas aeronaves do modelo Air Tractor permanecem mobilizados no combate ao inc\u00eandio florestal que atinge a Serra da Bandeira, em Barreiras, no oeste da Bahia. As equipes atuam nesta quinta-feira (3) para conter as chamas e evitar que o fogo avance sobre novas \u00e1reas de vegeta\u00e7\u00e3o. Na quarta-feira (2), os bombeiros conseguiram controlar as chamas em uma \u00e1rea considerada priorit\u00e1ria da serra. Ap\u00f3s a conten\u00e7\u00e3o, os militares intensificaram o monitoramento para identificar poss\u00edveis pontos de reigni\u00e7\u00e3o e impedir que o inc\u00eandio volte a se espalhar. Nesta quinta, as equipes atuam em tr\u00eas frentes de combate situadas em uma \u00e1rea oposta ao trecho que j\u00e1 foi controlado. Apesar da presen\u00e7a de focos de fogo, os bombeiros consideram a situa\u00e7\u00e3o sob controle e mant\u00eam as a\u00e7\u00f5es para conter o avan\u00e7o das chamas. Enquanto isso, as duas aeronaves Air Tractor auxiliam principalmente nas regi\u00f5es de dif\u00edcil acesso por terra. Os equipamentos realizam lan\u00e7amentos de \u00e1gua sobre os pontos atingidos pelo inc\u00eandio, contribuindo para o trabalho desenvolvido pelas equipes em solo. No terreno, os bombeiros atuam diretamente na conten\u00e7\u00e3o das chamas e no acompanhamento das \u00e1reas atingidas. O monitoramento tamb\u00e9m busca identificar rapidamente novos focos e reduzir o risco de reigni\u00e7\u00e3o na Serra da Bandeira.\" \/>\n<meta property=\"og:url\" content=\"https:\/\/sudoesteacontece.com.br\/?p=29442\" \/>\n<meta property=\"og:site_name\" content=\"Sudoesteacontece\" \/>\n<meta property=\"article:publisher\" content=\"https:\/\/www.facebook.com\/sudoesteacontece\/?locale=pt_BR\" \/>\n<meta property=\"article:published_time\" content=\"2026-09-04T15:43:32+00:00\" \/>\n<meta property=\"article:modified_time\" content=\"2026-09-04T15:43:37+00:00\" \/>\n<meta property=\"og:image\" content=\"https:\/\/sudoesteacontece.com.br\/wp-content\/uploads\/2026\/09\/30-bombeiros-e-duas-aeronaves-reforcam-combate-a-incendio-na-Serra-da-Bandeira-em-Barreiras.jpg\" \/>\n\t<meta property=\"og:image:width\" content=\"900\" \/>\n\t<meta property=\"og:image:height\" content=\"600\" \/>\n\t<meta property=\"og:image:type\" content=\"image\/jpeg\" \/>\n<meta name=\"author\" content=\"Reda\u00e7\u00e3o\" \/>\n<meta name=\"twitter:card\" content=\"summary_large_image\" \/>\n<meta name=\"twitter:label1\" content=\"Escrito por\" \/>\n\t<meta name=\"twitter:data1\" content=\"Reda\u00e7\u00e3o\" \/>\n\t<meta name=\"twitter:label2\" content=\"Est. tempo de leitura\" \/>\n\t<meta name=\"twitter:data2\" content=\"2 minutos\" \/>\n<script type=\"application\/ld+json\" class=\"yoast-schema-graph\">{\"@context\":\"https:\/\/schema.org\",\"@graph\":[{\"@type\":\"Article\",\"@id\":\"https:\/\/sudoesteacontece.com.br\/?p=29442#article\",\"isPartOf\":{\"@id\":\"https:\/\/sudoesteacontece.com.br\/?p=29442\"},\"author\":{\"name\":\"Reda\u00e7\u00e3o\",\"@id\":\"https:\/\/sudoesteacontece.com.br\/#\/schema\/person\/a4f22429c1d0923ef8f7d43343f8dc38\"},\"headline\":\"30 bombeiros e duas aeronaves refor\u00e7am combate a inc\u00eandio na Serra da Bandeira em Barreiras\",\"datePublished\":\"2026-09-04T15:43:32+00:00\",\"dateModified\":\"2026-09-04T15:43:37+00:00\",\"mainEntityOfPage\":{\"@id\":\"https:\/\/sudoesteacontece.com.br\/?p=29442\"},\"wordCount\":240,\"commentCount\":0,\"publisher\":{\"@id\":\"https:\/\/sudoesteacontece.com.br\/#organization\"},\"image\":{\"@id\":\"https:\/\/sudoesteacontece.com.br\/?p=29442#primaryimage\"},\"thumbnailUrl\":\"http:\/\/sudoesteacontece.com.br\/wp-content\/uploads\/2026\/09\/30-bombeiros-e-duas-aeronaves-reforcam-combate-a-incendio-na-Serra-da-Bandeira-em-Barreiras.jpg\",\"articleSection\":[\"Barreiras\",\"Cidades\"],\"inLanguage\":\"pt-BR\",\"potentialAction\":[{\"@type\":\"CommentAction\",\"name\":\"Comment\",\"target\":[\"https:\/\/sudoesteacontece.com.br\/?p=29442#respond\"]}]},{\"@type\":\"WebPage\",\"@id\":\"https:\/\/sudoesteacontece.com.br\/?p=29442\",\"url\":\"https:\/\/sudoesteacontece.com.br\/?p=29442\",\"name\":\"30 bombeiros e duas aeronaves refor\u00e7am combate a inc\u00eandio na Serra da Bandeira em Barreiras - Sudoesteacontece\",\"isPartOf\":{\"@id\":\"https:\/\/sudoesteacontece.com.br\/#website\"},\"primaryImageOfPage\":{\"@id\":\"https:\/\/sudoesteacontece.com.br\/?p=29442#primaryimage\"},\"image\":{\"@id\":\"https:\/\/sudoesteacontece.com.br\/?p=29442#primaryimage\"},\"thumbnailUrl\":\"http:\/\/sudoesteacontece.com.br\/wp-content\/uploads\/2026\/09\/30-bombeiros-e-duas-aeronaves-reforcam-combate-a-incendio-na-Serra-da-Bandeira-em-Barreiras.jpg\",\"datePublished\":\"2026-09-04T15:43:32+00:00\",\"dateModified\":\"2026-09-04T15:43:37+00:00\",\"breadcrumb\":{\"@id\":\"https:\/\/sudoesteacontece.com.br\/?p=29442#breadcrumb\"},\"inLanguage\":\"pt-BR\",\"potentialAction\":[{\"@type\":\"ReadAction\",\"target\":[\"https:\/\/sudoesteacontece.com.br\/?p=29442\"]}]},{\"@type\":\"ImageObject\",\"inLanguage\":\"pt-BR\",\"@id\":\"https:\/\/sudoesteacontece.com.br\/?p=29442#primaryimage\",\"url\":\"https:\/\/sudoesteacontece.com.br\/wp-content\/uploads\/2026\/09\/30-bombeiros-e-duas-aeronaves-reforcam-combate-a-incendio-na-Serra-da-Bandeira-em-Barreiras.jpg\",\"contentUrl\":\"https:\/\/sudoesteacontece.com.br\/wp-content\/uploads\/2026\/09\/30-bombeiros-e-duas-aeronaves-reforcam-combate-a-incendio-na-Serra-da-Bandeira-em-Barreiras.jpg\",\"width\":900,\"height\":600},{\"@type\":\"BreadcrumbList\",\"@id\":\"https:\/\/sudoesteacontece.com.br\/?p=29442#breadcrumb\",\"itemListElement\":[{\"@type\":\"ListItem\",\"position\":1,\"name\":\"In\u00edcio\",\"item\":\"https:\/\/sudoesteacontece.com.br\/\"},{\"@type\":\"ListItem\",\"position\":2,\"name\":\"30 bombeiros e duas aeronaves refor\u00e7am combate a inc\u00eandio na Serra da Bandeira em Barreiras\"}]},{\"@type\":\"WebSite\",\"@id\":\"https:\/\/sudoesteacontece.com.br\/#website\",\"url\":\"https:\/\/sudoesteacontece.com.br\/\",\"name\":\"Sudoesteacontece\",\"description\":\"\",\"publisher\":{\"@id\":\"https:\/\/sudoesteacontece.com.br\/#organization\"},\"potentialAction\":[{\"@type\":\"SearchAction\",\"target\":{\"@type\":\"EntryPoint\",\"urlTemplate\":\"https:\/\/sudoesteacontece.com.br\/?s={search_term_string}\"},\"query-input\":{\"@type\":\"PropertyValueSpecification\",\"valueRequired\":true,\"valueName\":\"search_term_string\"}}],\"inLanguage\":\"pt-BR\"},{\"@type\":\"Organization\",\"@id\":\"https:\/\/sudoesteacontece.com.br\/#organization\",\"name\":\"Sudoesteacontece\",\"url\":\"https:\/\/sudoesteacontece.com.br\/\",\"logo\":{\"@type\":\"ImageObject\",\"inLanguage\":\"pt-BR\",\"@id\":\"https:\/\/sudoesteacontece.com.br\/#\/schema\/logo\/image\/\",\"url\":\"https:\/\/sudoesteacontece.com.br\/wp-content\/uploads\/2025\/12\/cropped-logo-2-180x180-1.png\",\"contentUrl\":\"https:\/\/sudoesteacontece.com.br\/wp-content\/uploads\/2025\/12\/cropped-logo-2-180x180-1.png\",\"width\":180,\"height\":180,\"caption\":\"Sudoesteacontece\"},\"image\":{\"@id\":\"https:\/\/sudoesteacontece.com.br\/#\/schema\/logo\/image\/\"},\"sameAs\":[\"https:\/\/www.facebook.com\/sudoesteacontece\/?locale=pt_BR\"]},{\"@type\":\"Person\",\"@id\":\"https:\/\/sudoesteacontece.com.br\/#\/schema\/person\/a4f22429c1d0923ef8f7d43343f8dc38\",\"name\":\"Reda\u00e7\u00e3o\",\"image\":{\"@type\":\"ImageObject\",\"inLanguage\":\"pt-BR\",\"@id\":\"https:\/\/sudoesteacontece.com.br\/#\/schema\/person\/image\/\",\"url\":\"https:\/\/secure.gravatar.com\/avatar\/c3a5b3c93f268a709c25a2df414c629a96fb3b1b4bf97a94fb3f72e54ae76903?s=96&d=mm&r=g\",\"contentUrl\":\"https:\/\/secure.gravatar.com\/avatar\/c3a5b3c93f268a709c25a2df414c629a96fb3b1b4bf97a94fb3f72e54ae76903?s=96&d=mm&r=g\",\"caption\":\"Reda\u00e7\u00e3o\"},\"url\":\"https:\/\/sudoesteacontece.com.br\/?author=4\"}]}<\/script>\n<!-- \/ Yoast SEO plugin. -->","yoast_head_json":{"title":"30 bombeiros e duas aeronaves refor\u00e7am combate a inc\u00eandio na Serra da Bandeira em Barreiras - Sudoesteacontece","robots":{"index":"index","follow":"follow","max-snippet":"max-snippet:-1","max-image-preview":"max-image-preview:large","max-video-preview":"max-video-preview:-1"},"canonical":"https:\/\/sudoesteacontece.com.br\/?p=29442","og_locale":"pt_BR","og_type":"article","og_title":"30 bombeiros e duas aeronaves refor\u00e7am combate a inc\u00eandio na Serra da Bandeira em Barreiras - Sudoesteacontece","og_description":"Trinta bombeiros militares e duas aeronaves do modelo Air Tractor permanecem mobilizados no combate ao inc\u00eandio florestal que atinge a Serra da Bandeira, em Barreiras, no oeste da Bahia. As equipes atuam nesta quinta-feira (3) para conter as chamas e evitar que o fogo avance sobre novas \u00e1reas de vegeta\u00e7\u00e3o. Na quarta-feira (2), os bombeiros conseguiram controlar as chamas em uma \u00e1rea considerada priorit\u00e1ria da serra. Ap\u00f3s a conten\u00e7\u00e3o, os militares intensificaram o monitoramento para identificar poss\u00edveis pontos de reigni\u00e7\u00e3o e impedir que o inc\u00eandio volte a se espalhar. Nesta quinta, as equipes atuam em tr\u00eas frentes de combate situadas em uma \u00e1rea oposta ao trecho que j\u00e1 foi controlado. Apesar da presen\u00e7a de focos de fogo, os bombeiros consideram a situa\u00e7\u00e3o sob controle e mant\u00eam as a\u00e7\u00f5es para conter o avan\u00e7o das chamas. Enquanto isso, as duas aeronaves Air Tractor auxiliam principalmente nas regi\u00f5es de dif\u00edcil acesso por terra. Os equipamentos realizam lan\u00e7amentos de \u00e1gua sobre os pontos atingidos pelo inc\u00eandio, contribuindo para o trabalho desenvolvido pelas equipes em solo. No terreno, os bombeiros atuam diretamente na conten\u00e7\u00e3o das chamas e no acompanhamento das \u00e1reas atingidas. O monitoramento tamb\u00e9m busca identificar rapidamente novos focos e reduzir o risco de reigni\u00e7\u00e3o na Serra da Bandeira.","og_url":"https:\/\/sudoesteacontece.com.br\/?p=29442","og_site_name":"Sudoesteacontece","article_publisher":"https:\/\/www.facebook.com\/sudoesteacontece\/?locale=pt_BR","article_published_time":"2026-09-04T15:43:32+00:00","article_modified_time":"2026-09-04T15:43:37+00:00","og_image":[{"width":900,"height":600,"url":"https:\/\/sudoesteacontece.com.br\/wp-content\/uploads\/2026\/09\/30-bombeiros-e-duas-aeronaves-reforcam-combate-a-incendio-na-Serra-da-Bandeira-em-Barreiras.jpg","type":"image\/jpeg"}],"author":"Reda\u00e7\u00e3o","twitter_card":"summary_large_image","twitter_misc":{"Escrito por":"Reda\u00e7\u00e3o","Est. tempo de leitura":"2 minutos"},"schema":{"@context":"https:\/\/schema.org","@graph":[{"@type":"Article","@id":"https:\/\/sudoesteacontece.com.br\/?p=29442#article","isPartOf":{"@id":"https:\/\/sudoesteacontece.com.br\/?p=29442"},"author":{"name":"Reda\u00e7\u00e3o","@id":"https:\/\/sudoesteacontece.com.br\/#\/schema\/person\/a4f22429c1d0923ef8f7d43343f8dc38"},"headline":"30 bombeiros e duas aeronaves refor\u00e7am combate a inc\u00eandio na Serra da Bandeira em Barreiras","datePublished":"2026-09-04T15:43:32+00:00","dateModified":"2026-09-04T15:43:37+00:00","mainEntityOfPage":{"@id":"https:\/\/sudoesteacontece.com.br\/?p=29442"},"wordCount":240,"commentCount":0,"publisher":{"@id":"https:\/\/sudoesteacontece.com.br\/#organization"},"image":{"@id":"https:\/\/sudoesteacontece.com.br\/?p=29442#primaryimage"},"thumbnailUrl":"http:\/\/sudoesteacontece.com.br\/wp-content\/uploads\/2026\/09\/30-bombeiros-e-duas-aeronaves-reforcam-combate-a-incendio-na-Serra-da-Bandeira-em-Barreiras.jpg","articleSection":["Barreiras","Cidades"],"inLanguage":"pt-BR","potentialAction":[{"@type":"CommentAction","name":"Comment","target":["https:\/\/sudoesteacontece.com.br\/?p=29442#respond"]}]},{"@type":"WebPage","@id":"https:\/\/sudoesteacontece.com.br\/?p=29442","url":"https:\/\/sudoesteacontece.com.br\/?p=29442","name":"30 bombeiros e duas aeronaves refor\u00e7am combate a inc\u00eandio na Serra da Bandeira em Barreiras - Sudoesteacontece","isPartOf":{"@id":"https:\/\/sudoesteacontece.com.br\/#website"},"primaryImageOfPage":{"@id":"https:\/\/sudoesteacontece.com.br\/?p=29442#primaryimage"},"image":{"@id":"https:\/\/sudoesteacontece.com.br\/?p=29442#primaryimage"},"thumbnailUrl":"http:\/\/sudoesteacontece.com.br\/wp-content\/uploads\/2026\/09\/30-bombeiros-e-duas-aeronaves-reforcam-combate-a-incendio-na-Serra-da-Bandeira-em-Barreiras.jpg","datePublished":"2026-09-04T15:43:32+00:00","dateModified":"2026-09-04T15:43:37+00:00","breadcrumb":{"@id":"https:\/\/sudoesteacontece.com.br\/?p=29442#breadcrumb"},"inLanguage":"pt-BR","potentialAction":[{"@type":"ReadAction","target":["https:\/\/sudoesteacontece.com.br\/?p=29442"]}]},{"@type":"ImageObject","inLanguage":"pt-BR","@id":"https:\/\/sudoesteacontece.com.br\/?p=29442#primaryimage","url":"https:\/\/sudoesteacontece.com.br\/wp-content\/uploads\/2026\/09\/30-bombeiros-e-duas-aeronaves-reforcam-combate-a-incendio-na-Serra-da-Bandeira-em-Barreiras.jpg","contentUrl":"https:\/\/sudoesteacontece.com.br\/wp-content\/uploads\/2026\/09\/30-bombeiros-e-duas-aeronaves-reforcam-combate-a-incendio-na-Serra-da-Bandeira-em-Barreiras.jpg","width":900,"height":600},{"@type":"BreadcrumbList","@id":"https:\/\/sudoesteacontece.com.br\/?p=29442#breadcrumb","itemListElement":[{"@type":"ListItem","position":1,"name":"In\u00edcio","item":"https:\/\/sudoesteacontece.com.br\/"},{"@type":"ListItem","position":2,"name":"30 bombeiros e duas aeronaves refor\u00e7am combate a inc\u00eandio na Serra da Bandeira em Barreiras"}]},{"@type":"WebSite","@id":"https:\/\/sudoesteacontece.com.br\/#website","url":"https:\/\/sudoesteacontece.com.br\/","name":"Sudoesteacontece","description":"","publisher":{"@id":"https:\/\/sudoesteacontece.com.br\/#organization"},"potentialAction":[{"@type":"SearchAction","target":{"@type":"EntryPoint","urlTemplate":"https:\/\/sudoesteacontece.com.br\/?s={search_term_string}"},"query-input":{"@type":"PropertyValueSpecification","valueRequired":true,"valueName":"search_term_string"}}],"inLanguage":"pt-BR"},{"@type":"Organization","@id":"https:\/\/sudoesteacontece.com.br\/#organization","name":"Sudoesteacontece","url":"https:\/\/sudoesteacontece.com.br\/","logo":{"@type":"ImageObject","inLanguage":"pt-BR","@id":"https:\/\/sudoesteacontece.com.br\/#\/schema\/logo\/image\/","url":"https:\/\/sudoesteacontece.com.br\/wp-content\/uploads\/2025\/12\/cropped-logo-2-180x180-1.png","contentUrl":"https:\/\/sudoesteacontece.com.br\/wp-content\/uploads\/2025\/12\/cropped-logo-2-180x180-1.png","width":180,"height":180,"caption":"Sudoesteacontece"},"image":{"@id":"https:\/\/sudoesteacontece.com.br\/#\/schema\/logo\/image\/"},"sameAs":["https:\/\/www.facebook.com\/sudoesteacontece\/?locale=pt_BR"]},{"@type":"Person","@id":"https:\/\/sudoesteacontece.com.br\/#\/schema\/person\/a4f22429c1d0923ef8f7d43343f8dc38","name":"Reda\u00e7\u00e3o","image":{"@type":"ImageObject","inLanguage":"pt-BR","@id":"https:\/\/sudoesteacontece.com.br\/#\/schema\/person\/image\/","url":"https:\/\/secure.gravatar.com\/avatar\/c3a5b3c93f268a709c25a2df414c629a96fb3b1b4bf97a94fb3f72e54ae76903?s=96&d=mm&r=g","contentUrl":"https:\/\/secure.gravatar.com\/avatar\/c3a5b3c93f268a709c25a2df414c629a96fb3b1b4bf97a94fb3f72e54ae76903?s=96&d=mm&r=g","caption":"Reda\u00e7\u00e3o"},"url":"https:\/\/sudoesteacontece.com.br\/?author=4"}]}},"_links":{"self":[{"href":"https:\/\/sudoesteacontece.com.br\/index.php?rest_route=\/wp\/v2\/posts\/29442","targetHints":{"allow":["GET"]}}],"collection":[{"href":"https:\/\/sudoesteacontece.com.br\/index.php?rest_route=\/wp\/v2\/posts"}],"about":[{"href":"https:\/\/sudoesteacontece.com.br\/index.php?rest_route=\/wp\/v2\/types\/post"}],"author":[{"embeddable":true,"href":"https:\/\/sudoesteacontece.com.br\/index.php?rest_route=\/wp\/v2\/users\/4"}],"replies":[{"embeddable":true,"href":"https:\/\/sudoesteacontece.com.br\/index.php?rest_route=%2Fwp%2Fv2%2Fcomments&post=29442"}],"version-history":[{"count":1,"href":"https:\/\/sudoesteacontece.com.br\/index.php?rest_route=\/wp\/v2\/posts\/29442\/revisions"}],"predecessor-version":[{"id":29495,"href":"https:\/\/sudoesteacontece.com.br\/index.php?rest_route=\/wp\/v2\/posts\/29442\/revisions\/29495"}],"wp:attachment":[{"href":"https:\/\/sudoesteacontece.com.br\/index.php?rest_route=%2Fwp%2Fv2%2Fmedia&parent=29442"}],"wp:term":[{"taxonomy":"category","embeddable":true,"href":"https:\/\/sudoesteacontece.com.br\/index.php?rest_route=%2Fwp%2Fv2%2Fcategories&post=29442"},{"taxonomy":"post_tag","embeddable":true,"href":"https:\/\/sudoesteacontece.com.br\/index.php?rest_route=%2Fwp%2Fv2%2Ftags&post=29442"}],"curies":[{"name":"wp","href":"https:\/\/api.w.org\/{rel}","templated":true}]}}