{"id":29443,"date":"2026-09-04T12:47:21","date_gmt":"2026-09-04T15:47:21","guid":{"rendered":"https:\/\/sudoesteacontece.com.br\/?p=29443"},"modified":"2026-09-04T12:47:27","modified_gmt":"2026-09-04T15:47:27","slug":"idoso-de-63-anos-e-agredido-pelo-irmao-durante-disputa-por-terras-em-palmas-de-monte-alto","status":"publish","type":"post","link":"https:\/\/sudoesteacontece.com.br\/?p=29443","title":{"rendered":"Idoso de 63 anos \u00e9 agredido pelo irm\u00e3o durante disputa por terras em Palmas de Monte Alto"},"content":{"rendered":"\n<figure class=\"wp-block-image size-full\"><img fetchpriority=\"high\" decoding=\"async\" width=\"900\" height=\"600\" src=\"http:\/\/sudoesteacontece.com.br\/wp-content\/uploads\/2026\/09\/Idoso-de-63-anos-e-agredido-pelo-irmao-durante-disputa-por-terras-em-Palmas-de-Monte-Alto.jpg\" alt=\"\" class=\"wp-image-29458\" srcset=\"https:\/\/sudoesteacontece.com.br\/wp-content\/uploads\/2026\/09\/Idoso-de-63-anos-e-agredido-pelo-irmao-durante-disputa-por-terras-em-Palmas-de-Monte-Alto.jpg 900w, https:\/\/sudoesteacontece.com.br\/wp-content\/uploads\/2026\/09\/Idoso-de-63-anos-e-agredido-pelo-irmao-durante-disputa-por-terras-em-Palmas-de-Monte-Alto-300x200.jpg 300w, https:\/\/sudoesteacontece.com.br\/wp-content\/uploads\/2026\/09\/Idoso-de-63-anos-e-agredido-pelo-irmao-durante-disputa-por-terras-em-Palmas-de-Monte-Alto-768x512.jpg 768w\" sizes=\"(max-width: 900px) 100vw, 900px\" \/><\/figure>\n\n\n\n<p class=\"wp-block-paragraph\">Um homem de 63 anos relatou ter sido agredido pelo pr\u00f3prio irm\u00e3o na tarde desta quinta-feira (3), no povoado de Pinga Fogo, zona rural de Palmas de Monte Alto. Segundo a Pol\u00edcia Militar, os dois mant\u00eam desentendimentos antigos relacionados a uma disputa por terras. A ocorr\u00eancia foi atendida por uma equipe do 17\u00ba Batalh\u00e3o de Pol\u00edcia Militar (BPM).<\/p>\n\n\n\n<p class=\"wp-block-paragraph\">Por volta das 16h26, os policiais foram acionados e seguiram at\u00e9 a comunidade. No local, a v\u00edtima contou que havia sido agredida pelo irm\u00e3o, que deixou a \u00e1rea antes da chegada da guarni\u00e7\u00e3o. Moradores tamb\u00e9m relataram \u00e0 equipe que os conflitos entre os dois seriam antigos e estariam relacionados \u00e0 quest\u00e3o fundi\u00e1ria.<\/p>\n\n\n\n<p class=\"wp-block-paragraph\">Apesar da den\u00fancia de agress\u00e3o, o homem n\u00e3o apresentava marcas vis\u00edveis de ferimentos no momento do atendimento. Os policiais realizaram buscas pelo povoado para tentar localizar o suspeito, mas n\u00e3o conseguiram encontr\u00e1-lo.<\/p>\n\n\n\n<p class=\"wp-block-paragraph\">Diante da situa\u00e7\u00e3o, a v\u00edtima recebeu orienta\u00e7\u00e3o para procurar a Delegacia Territorial e registrar formalmente o caso. A ocorr\u00eancia dever\u00e1 ser analisada pela autoridade policial, que poder\u00e1 adotar as medidas cab\u00edveis para apurar a den\u00fancia de agress\u00e3o e os conflitos envolvendo os irm\u00e3os.<\/p>\n","protected":false},"excerpt":{"rendered":"<p>Um homem de 63 anos relatou ter sido agredido pelo pr\u00f3prio irm\u00e3o na tarde desta quinta-feira (3), no povoado de Pinga Fogo, zona rural de Palmas de Monte Alto. Segundo a Pol\u00edcia Militar, os dois mant\u00eam desentendimentos antigos relacionados a uma disputa por terras. A ocorr\u00eancia foi atendida por uma equipe do 17\u00ba Batalh\u00e3o de Pol\u00edcia Militar (BPM). Por volta das 16h26, os policiais foram acionados e seguiram at\u00e9 a comunidade. No local, a v\u00edtima contou que havia sido agredida pelo irm\u00e3o, que deixou a \u00e1rea antes da chegada da guarni\u00e7\u00e3o. Moradores tamb\u00e9m relataram \u00e0 equipe que os conflitos entre os dois seriam antigos e estariam relacionados \u00e0 quest\u00e3o fundi\u00e1ria. Apesar da den\u00fancia de agress\u00e3o, o homem n\u00e3o apresentava marcas vis\u00edveis de ferimentos no momento do atendimento. Os policiais realizaram buscas pelo povoado para tentar localizar o suspeito, mas n\u00e3o conseguiram encontr\u00e1-lo. Diante da situa\u00e7\u00e3o, a v\u00edtima recebeu orienta\u00e7\u00e3o para procurar a Delegacia Territorial e registrar formalmente o caso. A ocorr\u00eancia dever\u00e1 ser analisada pela autoridade policial, que poder\u00e1 adotar as medidas cab\u00edveis para apurar a den\u00fancia de agress\u00e3o e os conflitos envolvendo os irm\u00e3os.<\/p>\n","protected":false},"author":4,"featured_media":0,"comment_status":"open","ping_status":"open","sticky":false,"template":"","format":"standard","meta":{"footnotes":""},"categories":[4,48,3],"tags":[],"class_list":["post-29443","post","type-post","status-publish","format-standard","hentry","category-cidades","category-palmas-de-monte-alto","category-policia"],"yoast_head":"<!-- This site is optimized with the Yoast SEO plugin v26.5 - https:\/\/yoast.com\/wordpress\/plugins\/seo\/ -->\n<title>Idoso de 63 anos \u00e9 agredido pelo irm\u00e3o durante disputa por terras em Palmas de Monte Alto - Sudoesteacontece<\/title>\n<meta name=\"robots\" content=\"index, follow, max-snippet:-1, max-image-preview:large, max-video-preview:-1\" \/>\n<link rel=\"canonical\" href=\"https:\/\/sudoesteacontece.com.br\/?p=29443\" \/>\n<meta property=\"og:locale\" content=\"pt_BR\" \/>\n<meta property=\"og:type\" content=\"article\" \/>\n<meta property=\"og:title\" content=\"Idoso de 63 anos \u00e9 agredido pelo irm\u00e3o durante disputa por terras em Palmas de Monte Alto - Sudoesteacontece\" \/>\n<meta property=\"og:description\" content=\"Um homem de 63 anos relatou ter sido agredido pelo pr\u00f3prio irm\u00e3o na tarde desta quinta-feira (3), no povoado de Pinga Fogo, zona rural de Palmas de Monte Alto. Segundo a Pol\u00edcia Militar, os dois mant\u00eam desentendimentos antigos relacionados a uma disputa por terras. A ocorr\u00eancia foi atendida por uma equipe do 17\u00ba Batalh\u00e3o de Pol\u00edcia Militar (BPM). Por volta das 16h26, os policiais foram acionados e seguiram at\u00e9 a comunidade. No local, a v\u00edtima contou que havia sido agredida pelo irm\u00e3o, que deixou a \u00e1rea antes da chegada da guarni\u00e7\u00e3o. Moradores tamb\u00e9m relataram \u00e0 equipe que os conflitos entre os dois seriam antigos e estariam relacionados \u00e0 quest\u00e3o fundi\u00e1ria. Apesar da den\u00fancia de agress\u00e3o, o homem n\u00e3o apresentava marcas vis\u00edveis de ferimentos no momento do atendimento. Os policiais realizaram buscas pelo povoado para tentar localizar o suspeito, mas n\u00e3o conseguiram encontr\u00e1-lo. Diante da situa\u00e7\u00e3o, a v\u00edtima recebeu orienta\u00e7\u00e3o para procurar a Delegacia Territorial e registrar formalmente o caso. A ocorr\u00eancia dever\u00e1 ser analisada pela autoridade policial, que poder\u00e1 adotar as medidas cab\u00edveis para apurar a den\u00fancia de agress\u00e3o e os conflitos envolvendo os irm\u00e3os.\" \/>\n<meta property=\"og:url\" content=\"https:\/\/sudoesteacontece.com.br\/?p=29443\" \/>\n<meta property=\"og:site_name\" content=\"Sudoesteacontece\" \/>\n<meta property=\"article:publisher\" content=\"https:\/\/www.facebook.com\/sudoesteacontece\/?locale=pt_BR\" \/>\n<meta property=\"article:published_time\" content=\"2026-09-04T15:47:21+00:00\" \/>\n<meta property=\"article:modified_time\" content=\"2026-09-04T15:47:27+00:00\" \/>\n<meta property=\"og:image\" content=\"https:\/\/sudoesteacontece.com.br\/wp-content\/uploads\/2026\/09\/Idoso-de-63-anos-e-agredido-pelo-irmao-durante-disputa-por-terras-em-Palmas-de-Monte-Alto.jpg\" \/>\n\t<meta property=\"og:image:width\" content=\"900\" \/>\n\t<meta property=\"og:image:height\" content=\"600\" \/>\n\t<meta property=\"og:image:type\" content=\"image\/jpeg\" \/>\n<meta name=\"author\" content=\"Reda\u00e7\u00e3o\" \/>\n<meta name=\"twitter:card\" content=\"summary_large_image\" \/>\n<meta name=\"twitter:label1\" content=\"Escrito por\" \/>\n\t<meta name=\"twitter:data1\" content=\"Reda\u00e7\u00e3o\" \/>\n\t<meta name=\"twitter:label2\" content=\"Est. tempo de leitura\" \/>\n\t<meta name=\"twitter:data2\" content=\"2 minutos\" \/>\n<script type=\"application\/ld+json\" class=\"yoast-schema-graph\">{\"@context\":\"https:\/\/schema.org\",\"@graph\":[{\"@type\":\"Article\",\"@id\":\"https:\/\/sudoesteacontece.com.br\/?p=29443#article\",\"isPartOf\":{\"@id\":\"https:\/\/sudoesteacontece.com.br\/?p=29443\"},\"author\":{\"name\":\"Reda\u00e7\u00e3o\",\"@id\":\"https:\/\/sudoesteacontece.com.br\/#\/schema\/person\/a4f22429c1d0923ef8f7d43343f8dc38\"},\"headline\":\"Idoso de 63 anos \u00e9 agredido pelo irm\u00e3o durante disputa por terras em Palmas de Monte Alto\",\"datePublished\":\"2026-09-04T15:47:21+00:00\",\"dateModified\":\"2026-09-04T15:47:27+00:00\",\"mainEntityOfPage\":{\"@id\":\"https:\/\/sudoesteacontece.com.br\/?p=29443\"},\"wordCount\":223,\"commentCount\":0,\"publisher\":{\"@id\":\"https:\/\/sudoesteacontece.com.br\/#organization\"},\"image\":{\"@id\":\"https:\/\/sudoesteacontece.com.br\/?p=29443#primaryimage\"},\"thumbnailUrl\":\"http:\/\/sudoesteacontece.com.br\/wp-content\/uploads\/2026\/09\/Idoso-de-63-anos-e-agredido-pelo-irmao-durante-disputa-por-terras-em-Palmas-de-Monte-Alto.jpg\",\"articleSection\":[\"Cidades\",\"Palmas de Monte Alto\",\"Pol\u00edcia\"],\"inLanguage\":\"pt-BR\",\"potentialAction\":[{\"@type\":\"CommentAction\",\"name\":\"Comment\",\"target\":[\"https:\/\/sudoesteacontece.com.br\/?p=29443#respond\"]}]},{\"@type\":\"WebPage\",\"@id\":\"https:\/\/sudoesteacontece.com.br\/?p=29443\",\"url\":\"https:\/\/sudoesteacontece.com.br\/?p=29443\",\"name\":\"Idoso de 63 anos \u00e9 agredido pelo irm\u00e3o durante disputa por terras em Palmas de Monte Alto - Sudoesteacontece\",\"isPartOf\":{\"@id\":\"https:\/\/sudoesteacontece.com.br\/#website\"},\"primaryImageOfPage\":{\"@id\":\"https:\/\/sudoesteacontece.com.br\/?p=29443#primaryimage\"},\"image\":{\"@id\":\"https:\/\/sudoesteacontece.com.br\/?p=29443#primaryimage\"},\"thumbnailUrl\":\"http:\/\/sudoesteacontece.com.br\/wp-content\/uploads\/2026\/09\/Idoso-de-63-anos-e-agredido-pelo-irmao-durante-disputa-por-terras-em-Palmas-de-Monte-Alto.jpg\",\"datePublished\":\"2026-09-04T15:47:21+00:00\",\"dateModified\":\"2026-09-04T15:47:27+00:00\",\"breadcrumb\":{\"@id\":\"https:\/\/sudoesteacontece.com.br\/?p=29443#breadcrumb\"},\"inLanguage\":\"pt-BR\",\"potentialAction\":[{\"@type\":\"ReadAction\",\"target\":[\"https:\/\/sudoesteacontece.com.br\/?p=29443\"]}]},{\"@type\":\"ImageObject\",\"inLanguage\":\"pt-BR\",\"@id\":\"https:\/\/sudoesteacontece.com.br\/?p=29443#primaryimage\",\"url\":\"https:\/\/sudoesteacontece.com.br\/wp-content\/uploads\/2026\/09\/Idoso-de-63-anos-e-agredido-pelo-irmao-durante-disputa-por-terras-em-Palmas-de-Monte-Alto.jpg\",\"contentUrl\":\"https:\/\/sudoesteacontece.com.br\/wp-content\/uploads\/2026\/09\/Idoso-de-63-anos-e-agredido-pelo-irmao-durante-disputa-por-terras-em-Palmas-de-Monte-Alto.jpg\",\"width\":900,\"height\":600},{\"@type\":\"BreadcrumbList\",\"@id\":\"https:\/\/sudoesteacontece.com.br\/?p=29443#breadcrumb\",\"itemListElement\":[{\"@type\":\"ListItem\",\"position\":1,\"name\":\"In\u00edcio\",\"item\":\"https:\/\/sudoesteacontece.com.br\/\"},{\"@type\":\"ListItem\",\"position\":2,\"name\":\"Idoso de 63 anos \u00e9 agredido pelo irm\u00e3o durante disputa por terras em Palmas de Monte Alto\"}]},{\"@type\":\"WebSite\",\"@id\":\"https:\/\/sudoesteacontece.com.br\/#website\",\"url\":\"https:\/\/sudoesteacontece.com.br\/\",\"name\":\"Sudoesteacontece\",\"description\":\"\",\"publisher\":{\"@id\":\"https:\/\/sudoesteacontece.com.br\/#organization\"},\"potentialAction\":[{\"@type\":\"SearchAction\",\"target\":{\"@type\":\"EntryPoint\",\"urlTemplate\":\"https:\/\/sudoesteacontece.com.br\/?s={search_term_string}\"},\"query-input\":{\"@type\":\"PropertyValueSpecification\",\"valueRequired\":true,\"valueName\":\"search_term_string\"}}],\"inLanguage\":\"pt-BR\"},{\"@type\":\"Organization\",\"@id\":\"https:\/\/sudoesteacontece.com.br\/#organization\",\"name\":\"Sudoesteacontece\",\"url\":\"https:\/\/sudoesteacontece.com.br\/\",\"logo\":{\"@type\":\"ImageObject\",\"inLanguage\":\"pt-BR\",\"@id\":\"https:\/\/sudoesteacontece.com.br\/#\/schema\/logo\/image\/\",\"url\":\"https:\/\/sudoesteacontece.com.br\/wp-content\/uploads\/2025\/12\/cropped-logo-2-180x180-1.png\",\"contentUrl\":\"https:\/\/sudoesteacontece.com.br\/wp-content\/uploads\/2025\/12\/cropped-logo-2-180x180-1.png\",\"width\":180,\"height\":180,\"caption\":\"Sudoesteacontece\"},\"image\":{\"@id\":\"https:\/\/sudoesteacontece.com.br\/#\/schema\/logo\/image\/\"},\"sameAs\":[\"https:\/\/www.facebook.com\/sudoesteacontece\/?locale=pt_BR\"]},{\"@type\":\"Person\",\"@id\":\"https:\/\/sudoesteacontece.com.br\/#\/schema\/person\/a4f22429c1d0923ef8f7d43343f8dc38\",\"name\":\"Reda\u00e7\u00e3o\",\"image\":{\"@type\":\"ImageObject\",\"inLanguage\":\"pt-BR\",\"@id\":\"https:\/\/sudoesteacontece.com.br\/#\/schema\/person\/image\/\",\"url\":\"https:\/\/secure.gravatar.com\/avatar\/c3a5b3c93f268a709c25a2df414c629a96fb3b1b4bf97a94fb3f72e54ae76903?s=96&d=mm&r=g\",\"contentUrl\":\"https:\/\/secure.gravatar.com\/avatar\/c3a5b3c93f268a709c25a2df414c629a96fb3b1b4bf97a94fb3f72e54ae76903?s=96&d=mm&r=g\",\"caption\":\"Reda\u00e7\u00e3o\"},\"url\":\"https:\/\/sudoesteacontece.com.br\/?author=4\"}]}<\/script>\n<!-- \/ Yoast SEO plugin. -->","yoast_head_json":{"title":"Idoso de 63 anos \u00e9 agredido pelo irm\u00e3o durante disputa por terras em Palmas de Monte Alto - Sudoesteacontece","robots":{"index":"index","follow":"follow","max-snippet":"max-snippet:-1","max-image-preview":"max-image-preview:large","max-video-preview":"max-video-preview:-1"},"canonical":"https:\/\/sudoesteacontece.com.br\/?p=29443","og_locale":"pt_BR","og_type":"article","og_title":"Idoso de 63 anos \u00e9 agredido pelo irm\u00e3o durante disputa por terras em Palmas de Monte Alto - Sudoesteacontece","og_description":"Um homem de 63 anos relatou ter sido agredido pelo pr\u00f3prio irm\u00e3o na tarde desta quinta-feira (3), no povoado de Pinga Fogo, zona rural de Palmas de Monte Alto. Segundo a Pol\u00edcia Militar, os dois mant\u00eam desentendimentos antigos relacionados a uma disputa por terras. A ocorr\u00eancia foi atendida por uma equipe do 17\u00ba Batalh\u00e3o de Pol\u00edcia Militar (BPM). Por volta das 16h26, os policiais foram acionados e seguiram at\u00e9 a comunidade. No local, a v\u00edtima contou que havia sido agredida pelo irm\u00e3o, que deixou a \u00e1rea antes da chegada da guarni\u00e7\u00e3o. Moradores tamb\u00e9m relataram \u00e0 equipe que os conflitos entre os dois seriam antigos e estariam relacionados \u00e0 quest\u00e3o fundi\u00e1ria. Apesar da den\u00fancia de agress\u00e3o, o homem n\u00e3o apresentava marcas vis\u00edveis de ferimentos no momento do atendimento. Os policiais realizaram buscas pelo povoado para tentar localizar o suspeito, mas n\u00e3o conseguiram encontr\u00e1-lo. Diante da situa\u00e7\u00e3o, a v\u00edtima recebeu orienta\u00e7\u00e3o para procurar a Delegacia Territorial e registrar formalmente o caso. A ocorr\u00eancia dever\u00e1 ser analisada pela autoridade policial, que poder\u00e1 adotar as medidas cab\u00edveis para apurar a den\u00fancia de agress\u00e3o e os conflitos envolvendo os irm\u00e3os.","og_url":"https:\/\/sudoesteacontece.com.br\/?p=29443","og_site_name":"Sudoesteacontece","article_publisher":"https:\/\/www.facebook.com\/sudoesteacontece\/?locale=pt_BR","article_published_time":"2026-09-04T15:47:21+00:00","article_modified_time":"2026-09-04T15:47:27+00:00","og_image":[{"width":900,"height":600,"url":"https:\/\/sudoesteacontece.com.br\/wp-content\/uploads\/2026\/09\/Idoso-de-63-anos-e-agredido-pelo-irmao-durante-disputa-por-terras-em-Palmas-de-Monte-Alto.jpg","type":"image\/jpeg"}],"author":"Reda\u00e7\u00e3o","twitter_card":"summary_large_image","twitter_misc":{"Escrito por":"Reda\u00e7\u00e3o","Est. tempo de leitura":"2 minutos"},"schema":{"@context":"https:\/\/schema.org","@graph":[{"@type":"Article","@id":"https:\/\/sudoesteacontece.com.br\/?p=29443#article","isPartOf":{"@id":"https:\/\/sudoesteacontece.com.br\/?p=29443"},"author":{"name":"Reda\u00e7\u00e3o","@id":"https:\/\/sudoesteacontece.com.br\/#\/schema\/person\/a4f22429c1d0923ef8f7d43343f8dc38"},"headline":"Idoso de 63 anos \u00e9 agredido pelo irm\u00e3o durante disputa por terras em Palmas de Monte Alto","datePublished":"2026-09-04T15:47:21+00:00","dateModified":"2026-09-04T15:47:27+00:00","mainEntityOfPage":{"@id":"https:\/\/sudoesteacontece.com.br\/?p=29443"},"wordCount":223,"commentCount":0,"publisher":{"@id":"https:\/\/sudoesteacontece.com.br\/#organization"},"image":{"@id":"https:\/\/sudoesteacontece.com.br\/?p=29443#primaryimage"},"thumbnailUrl":"http:\/\/sudoesteacontece.com.br\/wp-content\/uploads\/2026\/09\/Idoso-de-63-anos-e-agredido-pelo-irmao-durante-disputa-por-terras-em-Palmas-de-Monte-Alto.jpg","articleSection":["Cidades","Palmas de Monte Alto","Pol\u00edcia"],"inLanguage":"pt-BR","potentialAction":[{"@type":"CommentAction","name":"Comment","target":["https:\/\/sudoesteacontece.com.br\/?p=29443#respond"]}]},{"@type":"WebPage","@id":"https:\/\/sudoesteacontece.com.br\/?p=29443","url":"https:\/\/sudoesteacontece.com.br\/?p=29443","name":"Idoso de 63 anos \u00e9 agredido pelo irm\u00e3o durante disputa por terras em Palmas de Monte Alto - Sudoesteacontece","isPartOf":{"@id":"https:\/\/sudoesteacontece.com.br\/#website"},"primaryImageOfPage":{"@id":"https:\/\/sudoesteacontece.com.br\/?p=29443#primaryimage"},"image":{"@id":"https:\/\/sudoesteacontece.com.br\/?p=29443#primaryimage"},"thumbnailUrl":"http:\/\/sudoesteacontece.com.br\/wp-content\/uploads\/2026\/09\/Idoso-de-63-anos-e-agredido-pelo-irmao-durante-disputa-por-terras-em-Palmas-de-Monte-Alto.jpg","datePublished":"2026-09-04T15:47:21+00:00","dateModified":"2026-09-04T15:47:27+00:00","breadcrumb":{"@id":"https:\/\/sudoesteacontece.com.br\/?p=29443#breadcrumb"},"inLanguage":"pt-BR","potentialAction":[{"@type":"ReadAction","target":["https:\/\/sudoesteacontece.com.br\/?p=29443"]}]},{"@type":"ImageObject","inLanguage":"pt-BR","@id":"https:\/\/sudoesteacontece.com.br\/?p=29443#primaryimage","url":"https:\/\/sudoesteacontece.com.br\/wp-content\/uploads\/2026\/09\/Idoso-de-63-anos-e-agredido-pelo-irmao-durante-disputa-por-terras-em-Palmas-de-Monte-Alto.jpg","contentUrl":"https:\/\/sudoesteacontece.com.br\/wp-content\/uploads\/2026\/09\/Idoso-de-63-anos-e-agredido-pelo-irmao-durante-disputa-por-terras-em-Palmas-de-Monte-Alto.jpg","width":900,"height":600},{"@type":"BreadcrumbList","@id":"https:\/\/sudoesteacontece.com.br\/?p=29443#breadcrumb","itemListElement":[{"@type":"ListItem","position":1,"name":"In\u00edcio","item":"https:\/\/sudoesteacontece.com.br\/"},{"@type":"ListItem","position":2,"name":"Idoso de 63 anos \u00e9 agredido pelo irm\u00e3o durante disputa por terras em Palmas de Monte Alto"}]},{"@type":"WebSite","@id":"https:\/\/sudoesteacontece.com.br\/#website","url":"https:\/\/sudoesteacontece.com.br\/","name":"Sudoesteacontece","description":"","publisher":{"@id":"https:\/\/sudoesteacontece.com.br\/#organization"},"potentialAction":[{"@type":"SearchAction","target":{"@type":"EntryPoint","urlTemplate":"https:\/\/sudoesteacontece.com.br\/?s={search_term_string}"},"query-input":{"@type":"PropertyValueSpecification","valueRequired":true,"valueName":"search_term_string"}}],"inLanguage":"pt-BR"},{"@type":"Organization","@id":"https:\/\/sudoesteacontece.com.br\/#organization","name":"Sudoesteacontece","url":"https:\/\/sudoesteacontece.com.br\/","logo":{"@type":"ImageObject","inLanguage":"pt-BR","@id":"https:\/\/sudoesteacontece.com.br\/#\/schema\/logo\/image\/","url":"https:\/\/sudoesteacontece.com.br\/wp-content\/uploads\/2025\/12\/cropped-logo-2-180x180-1.png","contentUrl":"https:\/\/sudoesteacontece.com.br\/wp-content\/uploads\/2025\/12\/cropped-logo-2-180x180-1.png","width":180,"height":180,"caption":"Sudoesteacontece"},"image":{"@id":"https:\/\/sudoesteacontece.com.br\/#\/schema\/logo\/image\/"},"sameAs":["https:\/\/www.facebook.com\/sudoesteacontece\/?locale=pt_BR"]},{"@type":"Person","@id":"https:\/\/sudoesteacontece.com.br\/#\/schema\/person\/a4f22429c1d0923ef8f7d43343f8dc38","name":"Reda\u00e7\u00e3o","image":{"@type":"ImageObject","inLanguage":"pt-BR","@id":"https:\/\/sudoesteacontece.com.br\/#\/schema\/person\/image\/","url":"https:\/\/secure.gravatar.com\/avatar\/c3a5b3c93f268a709c25a2df414c629a96fb3b1b4bf97a94fb3f72e54ae76903?s=96&d=mm&r=g","contentUrl":"https:\/\/secure.gravatar.com\/avatar\/c3a5b3c93f268a709c25a2df414c629a96fb3b1b4bf97a94fb3f72e54ae76903?s=96&d=mm&r=g","caption":"Reda\u00e7\u00e3o"},"url":"https:\/\/sudoesteacontece.com.br\/?author=4"}]}},"_links":{"self":[{"href":"https:\/\/sudoesteacontece.com.br\/index.php?rest_route=\/wp\/v2\/posts\/29443","targetHints":{"allow":["GET"]}}],"collection":[{"href":"https:\/\/sudoesteacontece.com.br\/index.php?rest_route=\/wp\/v2\/posts"}],"about":[{"href":"https:\/\/sudoesteacontece.com.br\/index.php?rest_route=\/wp\/v2\/types\/post"}],"author":[{"embeddable":true,"href":"https:\/\/sudoesteacontece.com.br\/index.php?rest_route=\/wp\/v2\/users\/4"}],"replies":[{"embeddable":true,"href":"https:\/\/sudoesteacontece.com.br\/index.php?rest_route=%2Fwp%2Fv2%2Fcomments&post=29443"}],"version-history":[{"count":1,"href":"https:\/\/sudoesteacontece.com.br\/index.php?rest_route=\/wp\/v2\/posts\/29443\/revisions"}],"predecessor-version":[{"id":29498,"href":"https:\/\/sudoesteacontece.com.br\/index.php?rest_route=\/wp\/v2\/posts\/29443\/revisions\/29498"}],"wp:attachment":[{"href":"https:\/\/sudoesteacontece.com.br\/index.php?rest_route=%2Fwp%2Fv2%2Fmedia&parent=29443"}],"wp:term":[{"taxonomy":"category","embeddable":true,"href":"https:\/\/sudoesteacontece.com.br\/index.php?rest_route=%2Fwp%2Fv2%2Fcategories&post=29443"},{"taxonomy":"post_tag","embeddable":true,"href":"https:\/\/sudoesteacontece.com.br\/index.php?rest_route=%2Fwp%2Fv2%2Ftags&post=29443"}],"curies":[{"name":"wp","href":"https:\/\/api.w.org\/{rel}","templated":true}]}}