{"id":29444,"date":"2026-09-04T12:46:21","date_gmt":"2026-09-04T15:46:21","guid":{"rendered":"https:\/\/sudoesteacontece.com.br\/?p=29444"},"modified":"2026-09-04T12:46:27","modified_gmt":"2026-09-04T15:46:27","slug":"o-sentimento-de-mudanca-ganhou-tracao-na-bahia-inteira-diz-amarildo-bomfim-apos-pesquisa-projetar-vitoria-de-acm-neto","status":"publish","type":"post","link":"https:\/\/sudoesteacontece.com.br\/?p=29444","title":{"rendered":"\u201cO sentimento de mudan\u00e7a ganhou tra\u00e7\u00e3o na Bahia inteira\u201d, diz Amarildo Bomfim ap\u00f3s pesquisa projetar vit\u00f3ria de ACM Neto"},"content":{"rendered":"\n<figure class=\"wp-block-image size-full\"><img fetchpriority=\"high\" decoding=\"async\" width=\"900\" height=\"600\" src=\"http:\/\/sudoesteacontece.com.br\/wp-content\/uploads\/2026\/09\/O-sentimento-de-mudanca-ganhou-tracao-na-Bahia-inteira-diz-Amarildo-Bomfim-apos-pesquisa-projetar-vitoria-de-ACM-Neto.jpg\" alt=\"\" class=\"wp-image-29445\" srcset=\"https:\/\/sudoesteacontece.com.br\/wp-content\/uploads\/2026\/09\/O-sentimento-de-mudanca-ganhou-tracao-na-Bahia-inteira-diz-Amarildo-Bomfim-apos-pesquisa-projetar-vitoria-de-ACM-Neto.jpg 900w, https:\/\/sudoesteacontece.com.br\/wp-content\/uploads\/2026\/09\/O-sentimento-de-mudanca-ganhou-tracao-na-Bahia-inteira-diz-Amarildo-Bomfim-apos-pesquisa-projetar-vitoria-de-ACM-Neto-300x200.jpg 300w, https:\/\/sudoesteacontece.com.br\/wp-content\/uploads\/2026\/09\/O-sentimento-de-mudanca-ganhou-tracao-na-Bahia-inteira-diz-Amarildo-Bomfim-apos-pesquisa-projetar-vitoria-de-ACM-Neto-768x512.jpg 768w\" sizes=\"(max-width: 900px) 100vw, 900px\" \/><\/figure>\n\n\n\n<p class=\"wp-block-paragraph\">O candidato a deputado estadual Amarildo Bomfim, do Republicanos, afirmou que uma pesquisa recente refor\u00e7a a percep\u00e7\u00e3o de mudan\u00e7a no cen\u00e1rio pol\u00edtico da Bahia. Ex-vereador de Brumado, ele destacou o desempenho de ACM Neto na disputa pelo governo estadual.<\/p>\n\n\n\n<p class=\"wp-block-paragraph\">Segundo o levantamento AtlasIntel, ACM Neto aparece com 48,8% das inten\u00e7\u00f5es de voto, enquanto o governador Jer\u00f4nimo Rodrigues registra 47,5%. Considerando apenas os votos v\u00e1lidos, o ex-prefeito de Salvador chega a 50,05%, contra 48,7% do atual governador.<\/p>\n\n\n\n<p class=\"wp-block-paragraph\">Para Amarildo Bomfim, os n\u00fameros indicam um cen\u00e1rio competitivo e mostram que o eleitorado baiano demonstra interesse por uma mudan\u00e7a na condu\u00e7\u00e3o do estado. O candidato tamb\u00e9m relacionou o resultado \u00e0s principais preocupa\u00e7\u00f5es apontadas pelos entrevistados.<\/p>\n\n\n\n<p class=\"wp-block-paragraph\">Entre os problemas citados na pesquisa, a criminalidade aparece como a maior preocupa\u00e7\u00e3o, mencionada por 82% dos participantes. O acesso \u00e0 sa\u00fade foi apontado por 52,3%, enquanto a qualidade da educa\u00e7\u00e3o recebeu 21,8%.<\/p>\n\n\n\n<p class=\"wp-block-paragraph\">O levantamento ouviu 1.804 eleitores em diferentes regi\u00f5es da Bahia, entre os dias 28 de agosto e 2 de setembro. A pesquisa utilizou recrutamento digital aleat\u00f3rio e apresenta margem de erro de 2 pontos percentuais.<\/p>\n\n\n\n<p class=\"wp-block-paragraph\">Na avalia\u00e7\u00e3o de Amarildo Bomfim, candidato a deputado estadual pelo Republicanos, o resultado evidencia uma disputa aberta pelo governo baiano. A pesquisa foi registrada no Tribunal Superior Eleitoral sob o n\u00famero BA-08891\/2026 e possui n\u00edvel de confian\u00e7a de 95%.<\/p>\n","protected":false},"excerpt":{"rendered":"<p>O candidato a deputado estadual Amarildo Bomfim, do Republicanos, afirmou que uma pesquisa recente refor\u00e7a a percep\u00e7\u00e3o de mudan\u00e7a no cen\u00e1rio pol\u00edtico da Bahia. Ex-vereador de Brumado, ele destacou o desempenho de ACM Neto na disputa pelo governo estadual. Segundo o levantamento AtlasIntel, ACM Neto aparece com 48,8% das inten\u00e7\u00f5es de voto, enquanto o governador Jer\u00f4nimo Rodrigues registra 47,5%. Considerando apenas os votos v\u00e1lidos, o ex-prefeito de Salvador chega a 50,05%, contra 48,7% do atual governador. Para Amarildo Bomfim, os n\u00fameros indicam um cen\u00e1rio competitivo e mostram que o eleitorado baiano demonstra interesse por uma mudan\u00e7a na condu\u00e7\u00e3o do estado. O candidato tamb\u00e9m relacionou o resultado \u00e0s principais preocupa\u00e7\u00f5es apontadas pelos entrevistados. Entre os problemas citados na pesquisa, a criminalidade aparece como a maior preocupa\u00e7\u00e3o, mencionada por 82% dos participantes. O acesso \u00e0 sa\u00fade foi apontado por 52,3%, enquanto a qualidade da educa\u00e7\u00e3o recebeu 21,8%. O levantamento ouviu 1.804 eleitores em diferentes regi\u00f5es da Bahia, entre os dias 28 de agosto e 2 de setembro. A pesquisa utilizou recrutamento digital aleat\u00f3rio e apresenta margem de erro de 2 pontos percentuais. Na avalia\u00e7\u00e3o de Amarildo Bomfim, candidato a deputado estadual pelo Republicanos, o resultado evidencia uma disputa aberta pelo governo baiano. A pesquisa foi registrada no Tribunal Superior Eleitoral sob o n\u00famero BA-08891\/2026 e possui n\u00edvel de confian\u00e7a de 95%.<\/p>\n","protected":false},"author":4,"featured_media":0,"comment_status":"open","ping_status":"open","sticky":false,"template":"","format":"standard","meta":{"footnotes":""},"categories":[7,10,58,6],"tags":[],"class_list":["post-29444","post","type-post","status-publish","format-standard","hentry","category-bahia","category-brumado","category-eleicoes-2026","category-politica"],"yoast_head":"<!-- This site is optimized with the Yoast SEO plugin v26.5 - https:\/\/yoast.com\/wordpress\/plugins\/seo\/ -->\n<title>\u201cO sentimento de mudan\u00e7a ganhou tra\u00e7\u00e3o na Bahia inteira\u201d, diz Amarildo Bomfim ap\u00f3s pesquisa projetar vit\u00f3ria de ACM Neto - Sudoesteacontece<\/title>\n<meta name=\"robots\" content=\"index, follow, max-snippet:-1, max-image-preview:large, max-video-preview:-1\" \/>\n<link rel=\"canonical\" href=\"https:\/\/sudoesteacontece.com.br\/?p=29444\" \/>\n<meta property=\"og:locale\" content=\"pt_BR\" \/>\n<meta property=\"og:type\" content=\"article\" \/>\n<meta property=\"og:title\" content=\"\u201cO sentimento de mudan\u00e7a ganhou tra\u00e7\u00e3o na Bahia inteira\u201d, diz Amarildo Bomfim ap\u00f3s pesquisa projetar vit\u00f3ria de ACM Neto - Sudoesteacontece\" \/>\n<meta property=\"og:description\" content=\"O candidato a deputado estadual Amarildo Bomfim, do Republicanos, afirmou que uma pesquisa recente refor\u00e7a a percep\u00e7\u00e3o de mudan\u00e7a no cen\u00e1rio pol\u00edtico da Bahia. Ex-vereador de Brumado, ele destacou o desempenho de ACM Neto na disputa pelo governo estadual. Segundo o levantamento AtlasIntel, ACM Neto aparece com 48,8% das inten\u00e7\u00f5es de voto, enquanto o governador Jer\u00f4nimo Rodrigues registra 47,5%. Considerando apenas os votos v\u00e1lidos, o ex-prefeito de Salvador chega a 50,05%, contra 48,7% do atual governador. Para Amarildo Bomfim, os n\u00fameros indicam um cen\u00e1rio competitivo e mostram que o eleitorado baiano demonstra interesse por uma mudan\u00e7a na condu\u00e7\u00e3o do estado. O candidato tamb\u00e9m relacionou o resultado \u00e0s principais preocupa\u00e7\u00f5es apontadas pelos entrevistados. Entre os problemas citados na pesquisa, a criminalidade aparece como a maior preocupa\u00e7\u00e3o, mencionada por 82% dos participantes. O acesso \u00e0 sa\u00fade foi apontado por 52,3%, enquanto a qualidade da educa\u00e7\u00e3o recebeu 21,8%. O levantamento ouviu 1.804 eleitores em diferentes regi\u00f5es da Bahia, entre os dias 28 de agosto e 2 de setembro. A pesquisa utilizou recrutamento digital aleat\u00f3rio e apresenta margem de erro de 2 pontos percentuais. Na avalia\u00e7\u00e3o de Amarildo Bomfim, candidato a deputado estadual pelo Republicanos, o resultado evidencia uma disputa aberta pelo governo baiano. A pesquisa foi registrada no Tribunal Superior Eleitoral sob o n\u00famero BA-08891\/2026 e possui n\u00edvel de confian\u00e7a de 95%.\" \/>\n<meta property=\"og:url\" content=\"https:\/\/sudoesteacontece.com.br\/?p=29444\" \/>\n<meta property=\"og:site_name\" content=\"Sudoesteacontece\" \/>\n<meta property=\"article:publisher\" content=\"https:\/\/www.facebook.com\/sudoesteacontece\/?locale=pt_BR\" \/>\n<meta property=\"article:published_time\" content=\"2026-09-04T15:46:21+00:00\" \/>\n<meta property=\"article:modified_time\" content=\"2026-09-04T15:46:27+00:00\" \/>\n<meta property=\"og:image\" content=\"https:\/\/sudoesteacontece.com.br\/wp-content\/uploads\/2026\/09\/O-sentimento-de-mudanca-ganhou-tracao-na-Bahia-inteira-diz-Amarildo-Bomfim-apos-pesquisa-projetar-vitoria-de-ACM-Neto.jpg\" \/>\n\t<meta property=\"og:image:width\" content=\"900\" \/>\n\t<meta property=\"og:image:height\" content=\"600\" \/>\n\t<meta property=\"og:image:type\" content=\"image\/jpeg\" \/>\n<meta name=\"author\" content=\"Reda\u00e7\u00e3o\" \/>\n<meta name=\"twitter:card\" content=\"summary_large_image\" \/>\n<meta name=\"twitter:label1\" content=\"Escrito por\" \/>\n\t<meta name=\"twitter:data1\" content=\"Reda\u00e7\u00e3o\" \/>\n\t<meta name=\"twitter:label2\" content=\"Est. tempo de leitura\" \/>\n\t<meta name=\"twitter:data2\" content=\"2 minutos\" \/>\n<script type=\"application\/ld+json\" class=\"yoast-schema-graph\">{\"@context\":\"https:\/\/schema.org\",\"@graph\":[{\"@type\":\"Article\",\"@id\":\"https:\/\/sudoesteacontece.com.br\/?p=29444#article\",\"isPartOf\":{\"@id\":\"https:\/\/sudoesteacontece.com.br\/?p=29444\"},\"author\":{\"name\":\"Reda\u00e7\u00e3o\",\"@id\":\"https:\/\/sudoesteacontece.com.br\/#\/schema\/person\/a4f22429c1d0923ef8f7d43343f8dc38\"},\"headline\":\"\u201cO sentimento de mudan\u00e7a ganhou tra\u00e7\u00e3o na Bahia inteira\u201d, diz Amarildo Bomfim ap\u00f3s pesquisa projetar vit\u00f3ria de ACM Neto\",\"datePublished\":\"2026-09-04T15:46:21+00:00\",\"dateModified\":\"2026-09-04T15:46:27+00:00\",\"mainEntityOfPage\":{\"@id\":\"https:\/\/sudoesteacontece.com.br\/?p=29444\"},\"wordCount\":252,\"commentCount\":0,\"publisher\":{\"@id\":\"https:\/\/sudoesteacontece.com.br\/#organization\"},\"image\":{\"@id\":\"https:\/\/sudoesteacontece.com.br\/?p=29444#primaryimage\"},\"thumbnailUrl\":\"http:\/\/sudoesteacontece.com.br\/wp-content\/uploads\/2026\/09\/O-sentimento-de-mudanca-ganhou-tracao-na-Bahia-inteira-diz-Amarildo-Bomfim-apos-pesquisa-projetar-vitoria-de-ACM-Neto.jpg\",\"articleSection\":[\"Bahia\",\"Brumado\",\"Elei\u00e7\u00f5es 2026\",\"Pol\u00edtica\"],\"inLanguage\":\"pt-BR\",\"potentialAction\":[{\"@type\":\"CommentAction\",\"name\":\"Comment\",\"target\":[\"https:\/\/sudoesteacontece.com.br\/?p=29444#respond\"]}]},{\"@type\":\"WebPage\",\"@id\":\"https:\/\/sudoesteacontece.com.br\/?p=29444\",\"url\":\"https:\/\/sudoesteacontece.com.br\/?p=29444\",\"name\":\"\u201cO sentimento de mudan\u00e7a ganhou tra\u00e7\u00e3o na Bahia inteira\u201d, diz Amarildo Bomfim ap\u00f3s pesquisa projetar vit\u00f3ria de ACM Neto - Sudoesteacontece\",\"isPartOf\":{\"@id\":\"https:\/\/sudoesteacontece.com.br\/#website\"},\"primaryImageOfPage\":{\"@id\":\"https:\/\/sudoesteacontece.com.br\/?p=29444#primaryimage\"},\"image\":{\"@id\":\"https:\/\/sudoesteacontece.com.br\/?p=29444#primaryimage\"},\"thumbnailUrl\":\"http:\/\/sudoesteacontece.com.br\/wp-content\/uploads\/2026\/09\/O-sentimento-de-mudanca-ganhou-tracao-na-Bahia-inteira-diz-Amarildo-Bomfim-apos-pesquisa-projetar-vitoria-de-ACM-Neto.jpg\",\"datePublished\":\"2026-09-04T15:46:21+00:00\",\"dateModified\":\"2026-09-04T15:46:27+00:00\",\"breadcrumb\":{\"@id\":\"https:\/\/sudoesteacontece.com.br\/?p=29444#breadcrumb\"},\"inLanguage\":\"pt-BR\",\"potentialAction\":[{\"@type\":\"ReadAction\",\"target\":[\"https:\/\/sudoesteacontece.com.br\/?p=29444\"]}]},{\"@type\":\"ImageObject\",\"inLanguage\":\"pt-BR\",\"@id\":\"https:\/\/sudoesteacontece.com.br\/?p=29444#primaryimage\",\"url\":\"https:\/\/sudoesteacontece.com.br\/wp-content\/uploads\/2026\/09\/O-sentimento-de-mudanca-ganhou-tracao-na-Bahia-inteira-diz-Amarildo-Bomfim-apos-pesquisa-projetar-vitoria-de-ACM-Neto.jpg\",\"contentUrl\":\"https:\/\/sudoesteacontece.com.br\/wp-content\/uploads\/2026\/09\/O-sentimento-de-mudanca-ganhou-tracao-na-Bahia-inteira-diz-Amarildo-Bomfim-apos-pesquisa-projetar-vitoria-de-ACM-Neto.jpg\",\"width\":900,\"height\":600},{\"@type\":\"BreadcrumbList\",\"@id\":\"https:\/\/sudoesteacontece.com.br\/?p=29444#breadcrumb\",\"itemListElement\":[{\"@type\":\"ListItem\",\"position\":1,\"name\":\"In\u00edcio\",\"item\":\"https:\/\/sudoesteacontece.com.br\/\"},{\"@type\":\"ListItem\",\"position\":2,\"name\":\"\u201cO sentimento de mudan\u00e7a ganhou tra\u00e7\u00e3o na Bahia inteira\u201d, diz Amarildo Bomfim ap\u00f3s pesquisa projetar vit\u00f3ria de ACM Neto\"}]},{\"@type\":\"WebSite\",\"@id\":\"https:\/\/sudoesteacontece.com.br\/#website\",\"url\":\"https:\/\/sudoesteacontece.com.br\/\",\"name\":\"Sudoesteacontece\",\"description\":\"\",\"publisher\":{\"@id\":\"https:\/\/sudoesteacontece.com.br\/#organization\"},\"potentialAction\":[{\"@type\":\"SearchAction\",\"target\":{\"@type\":\"EntryPoint\",\"urlTemplate\":\"https:\/\/sudoesteacontece.com.br\/?s={search_term_string}\"},\"query-input\":{\"@type\":\"PropertyValueSpecification\",\"valueRequired\":true,\"valueName\":\"search_term_string\"}}],\"inLanguage\":\"pt-BR\"},{\"@type\":\"Organization\",\"@id\":\"https:\/\/sudoesteacontece.com.br\/#organization\",\"name\":\"Sudoesteacontece\",\"url\":\"https:\/\/sudoesteacontece.com.br\/\",\"logo\":{\"@type\":\"ImageObject\",\"inLanguage\":\"pt-BR\",\"@id\":\"https:\/\/sudoesteacontece.com.br\/#\/schema\/logo\/image\/\",\"url\":\"https:\/\/sudoesteacontece.com.br\/wp-content\/uploads\/2025\/12\/cropped-logo-2-180x180-1.png\",\"contentUrl\":\"https:\/\/sudoesteacontece.com.br\/wp-content\/uploads\/2025\/12\/cropped-logo-2-180x180-1.png\",\"width\":180,\"height\":180,\"caption\":\"Sudoesteacontece\"},\"image\":{\"@id\":\"https:\/\/sudoesteacontece.com.br\/#\/schema\/logo\/image\/\"},\"sameAs\":[\"https:\/\/www.facebook.com\/sudoesteacontece\/?locale=pt_BR\"]},{\"@type\":\"Person\",\"@id\":\"https:\/\/sudoesteacontece.com.br\/#\/schema\/person\/a4f22429c1d0923ef8f7d43343f8dc38\",\"name\":\"Reda\u00e7\u00e3o\",\"image\":{\"@type\":\"ImageObject\",\"inLanguage\":\"pt-BR\",\"@id\":\"https:\/\/sudoesteacontece.com.br\/#\/schema\/person\/image\/\",\"url\":\"https:\/\/secure.gravatar.com\/avatar\/c3a5b3c93f268a709c25a2df414c629a96fb3b1b4bf97a94fb3f72e54ae76903?s=96&d=mm&r=g\",\"contentUrl\":\"https:\/\/secure.gravatar.com\/avatar\/c3a5b3c93f268a709c25a2df414c629a96fb3b1b4bf97a94fb3f72e54ae76903?s=96&d=mm&r=g\",\"caption\":\"Reda\u00e7\u00e3o\"},\"url\":\"https:\/\/sudoesteacontece.com.br\/?author=4\"}]}<\/script>\n<!-- \/ Yoast SEO plugin. -->","yoast_head_json":{"title":"\u201cO sentimento de mudan\u00e7a ganhou tra\u00e7\u00e3o na Bahia inteira\u201d, diz Amarildo Bomfim ap\u00f3s pesquisa projetar vit\u00f3ria de ACM Neto - Sudoesteacontece","robots":{"index":"index","follow":"follow","max-snippet":"max-snippet:-1","max-image-preview":"max-image-preview:large","max-video-preview":"max-video-preview:-1"},"canonical":"https:\/\/sudoesteacontece.com.br\/?p=29444","og_locale":"pt_BR","og_type":"article","og_title":"\u201cO sentimento de mudan\u00e7a ganhou tra\u00e7\u00e3o na Bahia inteira\u201d, diz Amarildo Bomfim ap\u00f3s pesquisa projetar vit\u00f3ria de ACM Neto - Sudoesteacontece","og_description":"O candidato a deputado estadual Amarildo Bomfim, do Republicanos, afirmou que uma pesquisa recente refor\u00e7a a percep\u00e7\u00e3o de mudan\u00e7a no cen\u00e1rio pol\u00edtico da Bahia. Ex-vereador de Brumado, ele destacou o desempenho de ACM Neto na disputa pelo governo estadual. Segundo o levantamento AtlasIntel, ACM Neto aparece com 48,8% das inten\u00e7\u00f5es de voto, enquanto o governador Jer\u00f4nimo Rodrigues registra 47,5%. Considerando apenas os votos v\u00e1lidos, o ex-prefeito de Salvador chega a 50,05%, contra 48,7% do atual governador. Para Amarildo Bomfim, os n\u00fameros indicam um cen\u00e1rio competitivo e mostram que o eleitorado baiano demonstra interesse por uma mudan\u00e7a na condu\u00e7\u00e3o do estado. O candidato tamb\u00e9m relacionou o resultado \u00e0s principais preocupa\u00e7\u00f5es apontadas pelos entrevistados. Entre os problemas citados na pesquisa, a criminalidade aparece como a maior preocupa\u00e7\u00e3o, mencionada por 82% dos participantes. O acesso \u00e0 sa\u00fade foi apontado por 52,3%, enquanto a qualidade da educa\u00e7\u00e3o recebeu 21,8%. O levantamento ouviu 1.804 eleitores em diferentes regi\u00f5es da Bahia, entre os dias 28 de agosto e 2 de setembro. A pesquisa utilizou recrutamento digital aleat\u00f3rio e apresenta margem de erro de 2 pontos percentuais. Na avalia\u00e7\u00e3o de Amarildo Bomfim, candidato a deputado estadual pelo Republicanos, o resultado evidencia uma disputa aberta pelo governo baiano. A pesquisa foi registrada no Tribunal Superior Eleitoral sob o n\u00famero BA-08891\/2026 e possui n\u00edvel de confian\u00e7a de 95%.","og_url":"https:\/\/sudoesteacontece.com.br\/?p=29444","og_site_name":"Sudoesteacontece","article_publisher":"https:\/\/www.facebook.com\/sudoesteacontece\/?locale=pt_BR","article_published_time":"2026-09-04T15:46:21+00:00","article_modified_time":"2026-09-04T15:46:27+00:00","og_image":[{"width":900,"height":600,"url":"https:\/\/sudoesteacontece.com.br\/wp-content\/uploads\/2026\/09\/O-sentimento-de-mudanca-ganhou-tracao-na-Bahia-inteira-diz-Amarildo-Bomfim-apos-pesquisa-projetar-vitoria-de-ACM-Neto.jpg","type":"image\/jpeg"}],"author":"Reda\u00e7\u00e3o","twitter_card":"summary_large_image","twitter_misc":{"Escrito por":"Reda\u00e7\u00e3o","Est. tempo de leitura":"2 minutos"},"schema":{"@context":"https:\/\/schema.org","@graph":[{"@type":"Article","@id":"https:\/\/sudoesteacontece.com.br\/?p=29444#article","isPartOf":{"@id":"https:\/\/sudoesteacontece.com.br\/?p=29444"},"author":{"name":"Reda\u00e7\u00e3o","@id":"https:\/\/sudoesteacontece.com.br\/#\/schema\/person\/a4f22429c1d0923ef8f7d43343f8dc38"},"headline":"\u201cO sentimento de mudan\u00e7a ganhou tra\u00e7\u00e3o na Bahia inteira\u201d, diz Amarildo Bomfim ap\u00f3s pesquisa projetar vit\u00f3ria de ACM Neto","datePublished":"2026-09-04T15:46:21+00:00","dateModified":"2026-09-04T15:46:27+00:00","mainEntityOfPage":{"@id":"https:\/\/sudoesteacontece.com.br\/?p=29444"},"wordCount":252,"commentCount":0,"publisher":{"@id":"https:\/\/sudoesteacontece.com.br\/#organization"},"image":{"@id":"https:\/\/sudoesteacontece.com.br\/?p=29444#primaryimage"},"thumbnailUrl":"http:\/\/sudoesteacontece.com.br\/wp-content\/uploads\/2026\/09\/O-sentimento-de-mudanca-ganhou-tracao-na-Bahia-inteira-diz-Amarildo-Bomfim-apos-pesquisa-projetar-vitoria-de-ACM-Neto.jpg","articleSection":["Bahia","Brumado","Elei\u00e7\u00f5es 2026","Pol\u00edtica"],"inLanguage":"pt-BR","potentialAction":[{"@type":"CommentAction","name":"Comment","target":["https:\/\/sudoesteacontece.com.br\/?p=29444#respond"]}]},{"@type":"WebPage","@id":"https:\/\/sudoesteacontece.com.br\/?p=29444","url":"https:\/\/sudoesteacontece.com.br\/?p=29444","name":"\u201cO sentimento de mudan\u00e7a ganhou tra\u00e7\u00e3o na Bahia inteira\u201d, diz Amarildo Bomfim ap\u00f3s pesquisa projetar vit\u00f3ria de ACM Neto - Sudoesteacontece","isPartOf":{"@id":"https:\/\/sudoesteacontece.com.br\/#website"},"primaryImageOfPage":{"@id":"https:\/\/sudoesteacontece.com.br\/?p=29444#primaryimage"},"image":{"@id":"https:\/\/sudoesteacontece.com.br\/?p=29444#primaryimage"},"thumbnailUrl":"http:\/\/sudoesteacontece.com.br\/wp-content\/uploads\/2026\/09\/O-sentimento-de-mudanca-ganhou-tracao-na-Bahia-inteira-diz-Amarildo-Bomfim-apos-pesquisa-projetar-vitoria-de-ACM-Neto.jpg","datePublished":"2026-09-04T15:46:21+00:00","dateModified":"2026-09-04T15:46:27+00:00","breadcrumb":{"@id":"https:\/\/sudoesteacontece.com.br\/?p=29444#breadcrumb"},"inLanguage":"pt-BR","potentialAction":[{"@type":"ReadAction","target":["https:\/\/sudoesteacontece.com.br\/?p=29444"]}]},{"@type":"ImageObject","inLanguage":"pt-BR","@id":"https:\/\/sudoesteacontece.com.br\/?p=29444#primaryimage","url":"https:\/\/sudoesteacontece.com.br\/wp-content\/uploads\/2026\/09\/O-sentimento-de-mudanca-ganhou-tracao-na-Bahia-inteira-diz-Amarildo-Bomfim-apos-pesquisa-projetar-vitoria-de-ACM-Neto.jpg","contentUrl":"https:\/\/sudoesteacontece.com.br\/wp-content\/uploads\/2026\/09\/O-sentimento-de-mudanca-ganhou-tracao-na-Bahia-inteira-diz-Amarildo-Bomfim-apos-pesquisa-projetar-vitoria-de-ACM-Neto.jpg","width":900,"height":600},{"@type":"BreadcrumbList","@id":"https:\/\/sudoesteacontece.com.br\/?p=29444#breadcrumb","itemListElement":[{"@type":"ListItem","position":1,"name":"In\u00edcio","item":"https:\/\/sudoesteacontece.com.br\/"},{"@type":"ListItem","position":2,"name":"\u201cO sentimento de mudan\u00e7a ganhou tra\u00e7\u00e3o na Bahia inteira\u201d, diz Amarildo Bomfim ap\u00f3s pesquisa projetar vit\u00f3ria de ACM Neto"}]},{"@type":"WebSite","@id":"https:\/\/sudoesteacontece.com.br\/#website","url":"https:\/\/sudoesteacontece.com.br\/","name":"Sudoesteacontece","description":"","publisher":{"@id":"https:\/\/sudoesteacontece.com.br\/#organization"},"potentialAction":[{"@type":"SearchAction","target":{"@type":"EntryPoint","urlTemplate":"https:\/\/sudoesteacontece.com.br\/?s={search_term_string}"},"query-input":{"@type":"PropertyValueSpecification","valueRequired":true,"valueName":"search_term_string"}}],"inLanguage":"pt-BR"},{"@type":"Organization","@id":"https:\/\/sudoesteacontece.com.br\/#organization","name":"Sudoesteacontece","url":"https:\/\/sudoesteacontece.com.br\/","logo":{"@type":"ImageObject","inLanguage":"pt-BR","@id":"https:\/\/sudoesteacontece.com.br\/#\/schema\/logo\/image\/","url":"https:\/\/sudoesteacontece.com.br\/wp-content\/uploads\/2025\/12\/cropped-logo-2-180x180-1.png","contentUrl":"https:\/\/sudoesteacontece.com.br\/wp-content\/uploads\/2025\/12\/cropped-logo-2-180x180-1.png","width":180,"height":180,"caption":"Sudoesteacontece"},"image":{"@id":"https:\/\/sudoesteacontece.com.br\/#\/schema\/logo\/image\/"},"sameAs":["https:\/\/www.facebook.com\/sudoesteacontece\/?locale=pt_BR"]},{"@type":"Person","@id":"https:\/\/sudoesteacontece.com.br\/#\/schema\/person\/a4f22429c1d0923ef8f7d43343f8dc38","name":"Reda\u00e7\u00e3o","image":{"@type":"ImageObject","inLanguage":"pt-BR","@id":"https:\/\/sudoesteacontece.com.br\/#\/schema\/person\/image\/","url":"https:\/\/secure.gravatar.com\/avatar\/c3a5b3c93f268a709c25a2df414c629a96fb3b1b4bf97a94fb3f72e54ae76903?s=96&d=mm&r=g","contentUrl":"https:\/\/secure.gravatar.com\/avatar\/c3a5b3c93f268a709c25a2df414c629a96fb3b1b4bf97a94fb3f72e54ae76903?s=96&d=mm&r=g","caption":"Reda\u00e7\u00e3o"},"url":"https:\/\/sudoesteacontece.com.br\/?author=4"}]}},"_links":{"self":[{"href":"https:\/\/sudoesteacontece.com.br\/index.php?rest_route=\/wp\/v2\/posts\/29444","targetHints":{"allow":["GET"]}}],"collection":[{"href":"https:\/\/sudoesteacontece.com.br\/index.php?rest_route=\/wp\/v2\/posts"}],"about":[{"href":"https:\/\/sudoesteacontece.com.br\/index.php?rest_route=\/wp\/v2\/types\/post"}],"author":[{"embeddable":true,"href":"https:\/\/sudoesteacontece.com.br\/index.php?rest_route=\/wp\/v2\/users\/4"}],"replies":[{"embeddable":true,"href":"https:\/\/sudoesteacontece.com.br\/index.php?rest_route=%2Fwp%2Fv2%2Fcomments&post=29444"}],"version-history":[{"count":1,"href":"https:\/\/sudoesteacontece.com.br\/index.php?rest_route=\/wp\/v2\/posts\/29444\/revisions"}],"predecessor-version":[{"id":29497,"href":"https:\/\/sudoesteacontece.com.br\/index.php?rest_route=\/wp\/v2\/posts\/29444\/revisions\/29497"}],"wp:attachment":[{"href":"https:\/\/sudoesteacontece.com.br\/index.php?rest_route=%2Fwp%2Fv2%2Fmedia&parent=29444"}],"wp:term":[{"taxonomy":"category","embeddable":true,"href":"https:\/\/sudoesteacontece.com.br\/index.php?rest_route=%2Fwp%2Fv2%2Fcategories&post=29444"},{"taxonomy":"post_tag","embeddable":true,"href":"https:\/\/sudoesteacontece.com.br\/index.php?rest_route=%2Fwp%2Fv2%2Ftags&post=29444"}],"curies":[{"name":"wp","href":"https:\/\/api.w.org\/{rel}","templated":true}]}}