{"id":2975,"date":"2025-11-19T10:58:15","date_gmt":"2025-11-19T13:58:15","guid":{"rendered":"https:\/\/sudoesteacontece.com.br\/?p=2975"},"modified":"2025-11-19T10:58:16","modified_gmt":"2025-11-19T13:58:16","slug":"marcelo-nilo-lanca-pre-candidatura-ao-senado-e-se-alinha-a-acm-neto-para-2026","status":"publish","type":"post","link":"https:\/\/sudoesteacontece.com.br\/?p=2975","title":{"rendered":"Marcelo Nilo lan\u00e7a pr\u00e9-candidatura ao Senado e se alinha a ACM Neto para 2026"},"content":{"rendered":"<div class=\"wp-block-image\">\n<figure class=\"aligncenter size-full\"><img fetchpriority=\"high\" decoding=\"async\" width=\"900\" height=\"600\" src=\"http:\/\/sudoesteacontece.com.br\/wp-content\/uploads\/2025\/11\/Marcelo-Nilo-lanca-pre-candidatura-ao-Senado-e-se-alinha-a-ACM-Neto-para-2026-sudoeste-acontece.jpg\" alt=\"\" class=\"wp-image-3000\" srcset=\"https:\/\/sudoesteacontece.com.br\/wp-content\/uploads\/2025\/11\/Marcelo-Nilo-lanca-pre-candidatura-ao-Senado-e-se-alinha-a-ACM-Neto-para-2026-sudoeste-acontece.jpg 900w, https:\/\/sudoesteacontece.com.br\/wp-content\/uploads\/2025\/11\/Marcelo-Nilo-lanca-pre-candidatura-ao-Senado-e-se-alinha-a-ACM-Neto-para-2026-sudoeste-acontece-300x200.jpg 300w, https:\/\/sudoesteacontece.com.br\/wp-content\/uploads\/2025\/11\/Marcelo-Nilo-lanca-pre-candidatura-ao-Senado-e-se-alinha-a-ACM-Neto-para-2026-sudoeste-acontece-768x512.jpg 768w\" sizes=\"(max-width: 900px) 100vw, 900px\" \/><\/figure>\n<\/div>\n\n\n<p>Marcelo Nilo confirmou que \u00e9 pr\u00e9-candidato ao Senado na chapa de ACM Neto (Uni\u00e3o Brasil) para as elei\u00e7\u00f5es de 2026. O ex-deputado federal refor\u00e7ou que velhas diverg\u00eancias com Ant\u00f4nio Carlos Magalh\u00e3es n\u00e3o influenciam sua posi\u00e7\u00e3o atual.<\/p>\n\n\n\n<p>Nilo afirmou que mant\u00e9m coer\u00eancia pol\u00edtica e que sua escolha reflete o momento atual. \u201cEu tinha diverg\u00eancias com o av\u00f4, n\u00e3o posso passar isso para o neto. Sou pr\u00e9-candidato a senador na chapa de ACM Neto\u201d, disse.<\/p>\n\n\n\n<p>Duas vezes o deputado estadual mais votado da Bahia, Nilo declarou que suas prioridades ser\u00e3o voltadas ao interior, caso conquiste uma cadeira no Senado. Ele destacou que h\u00e1 espa\u00e7o para atua\u00e7\u00e3o mais sens\u00edvel \u00e0s necessidades do semi\u00e1rido.<\/p>\n\n\n\n<p>Nilo garantiu que vai defender pautas essenciais para fortalecer as regi\u00f5es mais carentes do estado. Sa\u00fade, educa\u00e7\u00e3o, gera\u00e7\u00e3o de emprego, seguran\u00e7a p\u00fablica e, principalmente, recursos h\u00eddricos estar\u00e3o no centro de sua agenda.<\/p>\n\n\n\n<p>O pr\u00e9-candidato refor\u00e7ou que quer representar quem vive longe da capital. \u201cQuero ser senador do interior, do semi\u00e1rido e dos recursos h\u00eddricos\u201d, enfatizou.<\/p>\n","protected":false},"excerpt":{"rendered":"<p>Marcelo Nilo confirmou que \u00e9 pr\u00e9-candidato ao Senado na chapa de ACM Neto (Uni\u00e3o Brasil) para as elei\u00e7\u00f5es de 2026. O ex-deputado federal refor\u00e7ou que velhas diverg\u00eancias com Ant\u00f4nio Carlos Magalh\u00e3es n\u00e3o influenciam sua posi\u00e7\u00e3o atual. Nilo afirmou que mant\u00e9m coer\u00eancia pol\u00edtica e que sua escolha reflete o momento atual. \u201cEu tinha diverg\u00eancias com o av\u00f4, n\u00e3o posso passar isso para o neto. Sou pr\u00e9-candidato a senador na chapa de ACM Neto\u201d, disse. Duas vezes o deputado estadual mais votado da Bahia, Nilo declarou que suas prioridades ser\u00e3o voltadas ao interior, caso conquiste uma cadeira no Senado. Ele destacou que h\u00e1 espa\u00e7o para atua\u00e7\u00e3o mais sens\u00edvel \u00e0s necessidades do semi\u00e1rido. Nilo garantiu que vai defender pautas essenciais para fortalecer as regi\u00f5es mais carentes do estado. Sa\u00fade, educa\u00e7\u00e3o, gera\u00e7\u00e3o de emprego, seguran\u00e7a p\u00fablica e, principalmente, recursos h\u00eddricos estar\u00e3o no centro de sua agenda. O pr\u00e9-candidato refor\u00e7ou que quer representar quem vive longe da capital. \u201cQuero ser senador do interior, do semi\u00e1rido e dos recursos h\u00eddricos\u201d, enfatizou.<\/p>\n","protected":false},"author":2,"featured_media":3000,"comment_status":"open","ping_status":"open","sticky":false,"template":"","format":"standard","meta":{"footnotes":""},"categories":[7,4,58,6],"tags":[],"class_list":["post-2975","post","type-post","status-publish","format-standard","has-post-thumbnail","hentry","category-bahia","category-cidades","category-eleicoes-2026","category-politica"],"yoast_head":"<!-- This site is optimized with the Yoast SEO plugin v26.5 - https:\/\/yoast.com\/wordpress\/plugins\/seo\/ -->\n<title>Marcelo Nilo lan\u00e7a pr\u00e9-candidatura ao Senado e se alinha a ACM Neto para 2026 - Sudoesteacontece<\/title>\n<meta name=\"robots\" content=\"index, follow, max-snippet:-1, max-image-preview:large, max-video-preview:-1\" \/>\n<link rel=\"canonical\" href=\"https:\/\/sudoesteacontece.com.br\/?p=2975\" \/>\n<meta property=\"og:locale\" content=\"pt_BR\" \/>\n<meta property=\"og:type\" content=\"article\" \/>\n<meta property=\"og:title\" content=\"Marcelo Nilo lan\u00e7a pr\u00e9-candidatura ao Senado e se alinha a ACM Neto para 2026 - Sudoesteacontece\" \/>\n<meta property=\"og:description\" content=\"Marcelo Nilo confirmou que \u00e9 pr\u00e9-candidato ao Senado na chapa de ACM Neto (Uni\u00e3o Brasil) para as elei\u00e7\u00f5es de 2026. O ex-deputado federal refor\u00e7ou que velhas diverg\u00eancias com Ant\u00f4nio Carlos Magalh\u00e3es n\u00e3o influenciam sua posi\u00e7\u00e3o atual. Nilo afirmou que mant\u00e9m coer\u00eancia pol\u00edtica e que sua escolha reflete o momento atual. \u201cEu tinha diverg\u00eancias com o av\u00f4, n\u00e3o posso passar isso para o neto. Sou pr\u00e9-candidato a senador na chapa de ACM Neto\u201d, disse. Duas vezes o deputado estadual mais votado da Bahia, Nilo declarou que suas prioridades ser\u00e3o voltadas ao interior, caso conquiste uma cadeira no Senado. Ele destacou que h\u00e1 espa\u00e7o para atua\u00e7\u00e3o mais sens\u00edvel \u00e0s necessidades do semi\u00e1rido. Nilo garantiu que vai defender pautas essenciais para fortalecer as regi\u00f5es mais carentes do estado. Sa\u00fade, educa\u00e7\u00e3o, gera\u00e7\u00e3o de emprego, seguran\u00e7a p\u00fablica e, principalmente, recursos h\u00eddricos estar\u00e3o no centro de sua agenda. O pr\u00e9-candidato refor\u00e7ou que quer representar quem vive longe da capital. \u201cQuero ser senador do interior, do semi\u00e1rido e dos recursos h\u00eddricos\u201d, enfatizou.\" \/>\n<meta property=\"og:url\" content=\"https:\/\/sudoesteacontece.com.br\/?p=2975\" \/>\n<meta property=\"og:site_name\" content=\"Sudoesteacontece\" \/>\n<meta property=\"article:publisher\" content=\"https:\/\/www.facebook.com\/sudoesteacontece\/?locale=pt_BR\" \/>\n<meta property=\"article:published_time\" content=\"2025-11-19T13:58:15+00:00\" \/>\n<meta property=\"article:modified_time\" content=\"2025-11-19T13:58:16+00:00\" \/>\n<meta property=\"og:image\" content=\"https:\/\/sudoesteacontece.com.br\/wp-content\/uploads\/2025\/11\/Marcelo-Nilo-lanca-pre-candidatura-ao-Senado-e-se-alinha-a-ACM-Neto-para-2026-sudoeste-acontece.jpg\" \/>\n\t<meta property=\"og:image:width\" content=\"900\" \/>\n\t<meta property=\"og:image:height\" content=\"600\" \/>\n\t<meta property=\"og:image:type\" content=\"image\/jpeg\" \/>\n<meta name=\"author\" content=\"Washington Tiago\" \/>\n<meta name=\"twitter:card\" content=\"summary_large_image\" \/>\n<meta name=\"twitter:label1\" content=\"Escrito por\" \/>\n\t<meta name=\"twitter:data1\" content=\"Washington Tiago\" \/>\n\t<meta name=\"twitter:label2\" content=\"Est. tempo de leitura\" \/>\n\t<meta name=\"twitter:data2\" content=\"1 minuto\" \/>\n<script type=\"application\/ld+json\" class=\"yoast-schema-graph\">{\"@context\":\"https:\/\/schema.org\",\"@graph\":[{\"@type\":\"Article\",\"@id\":\"https:\/\/sudoesteacontece.com.br\/?p=2975#article\",\"isPartOf\":{\"@id\":\"https:\/\/sudoesteacontece.com.br\/?p=2975\"},\"author\":{\"name\":\"Washington Tiago\",\"@id\":\"https:\/\/sudoesteacontece.com.br\/#\/schema\/person\/3cf2cf009926a9683ebc29d5379fa79c\"},\"headline\":\"Marcelo Nilo lan\u00e7a pr\u00e9-candidatura ao Senado e se alinha a ACM Neto para 2026\",\"datePublished\":\"2025-11-19T13:58:15+00:00\",\"dateModified\":\"2025-11-19T13:58:16+00:00\",\"mainEntityOfPage\":{\"@id\":\"https:\/\/sudoesteacontece.com.br\/?p=2975\"},\"wordCount\":210,\"commentCount\":0,\"publisher\":{\"@id\":\"https:\/\/sudoesteacontece.com.br\/#organization\"},\"image\":{\"@id\":\"https:\/\/sudoesteacontece.com.br\/?p=2975#primaryimage\"},\"thumbnailUrl\":\"https:\/\/sudoesteacontece.com.br\/wp-content\/uploads\/2025\/11\/Marcelo-Nilo-lanca-pre-candidatura-ao-Senado-e-se-alinha-a-ACM-Neto-para-2026-sudoeste-acontece.jpg\",\"articleSection\":[\"Bahia\",\"Cidades\",\"Elei\u00e7\u00f5es 2026\",\"Pol\u00edtica\"],\"inLanguage\":\"pt-BR\",\"potentialAction\":[{\"@type\":\"CommentAction\",\"name\":\"Comment\",\"target\":[\"https:\/\/sudoesteacontece.com.br\/?p=2975#respond\"]}]},{\"@type\":\"WebPage\",\"@id\":\"https:\/\/sudoesteacontece.com.br\/?p=2975\",\"url\":\"https:\/\/sudoesteacontece.com.br\/?p=2975\",\"name\":\"Marcelo Nilo lan\u00e7a pr\u00e9-candidatura ao Senado e se alinha a ACM Neto para 2026 - Sudoesteacontece\",\"isPartOf\":{\"@id\":\"https:\/\/sudoesteacontece.com.br\/#website\"},\"primaryImageOfPage\":{\"@id\":\"https:\/\/sudoesteacontece.com.br\/?p=2975#primaryimage\"},\"image\":{\"@id\":\"https:\/\/sudoesteacontece.com.br\/?p=2975#primaryimage\"},\"thumbnailUrl\":\"https:\/\/sudoesteacontece.com.br\/wp-content\/uploads\/2025\/11\/Marcelo-Nilo-lanca-pre-candidatura-ao-Senado-e-se-alinha-a-ACM-Neto-para-2026-sudoeste-acontece.jpg\",\"datePublished\":\"2025-11-19T13:58:15+00:00\",\"dateModified\":\"2025-11-19T13:58:16+00:00\",\"breadcrumb\":{\"@id\":\"https:\/\/sudoesteacontece.com.br\/?p=2975#breadcrumb\"},\"inLanguage\":\"pt-BR\",\"potentialAction\":[{\"@type\":\"ReadAction\",\"target\":[\"https:\/\/sudoesteacontece.com.br\/?p=2975\"]}]},{\"@type\":\"ImageObject\",\"inLanguage\":\"pt-BR\",\"@id\":\"https:\/\/sudoesteacontece.com.br\/?p=2975#primaryimage\",\"url\":\"https:\/\/sudoesteacontece.com.br\/wp-content\/uploads\/2025\/11\/Marcelo-Nilo-lanca-pre-candidatura-ao-Senado-e-se-alinha-a-ACM-Neto-para-2026-sudoeste-acontece.jpg\",\"contentUrl\":\"https:\/\/sudoesteacontece.com.br\/wp-content\/uploads\/2025\/11\/Marcelo-Nilo-lanca-pre-candidatura-ao-Senado-e-se-alinha-a-ACM-Neto-para-2026-sudoeste-acontece.jpg\",\"width\":900,\"height\":600},{\"@type\":\"BreadcrumbList\",\"@id\":\"https:\/\/sudoesteacontece.com.br\/?p=2975#breadcrumb\",\"itemListElement\":[{\"@type\":\"ListItem\",\"position\":1,\"name\":\"In\u00edcio\",\"item\":\"https:\/\/sudoesteacontece.com.br\/\"},{\"@type\":\"ListItem\",\"position\":2,\"name\":\"Marcelo Nilo lan\u00e7a pr\u00e9-candidatura ao Senado e se alinha a ACM Neto para 2026\"}]},{\"@type\":\"WebSite\",\"@id\":\"https:\/\/sudoesteacontece.com.br\/#website\",\"url\":\"https:\/\/sudoesteacontece.com.br\/\",\"name\":\"Sudoesteacontece\",\"description\":\"\",\"publisher\":{\"@id\":\"https:\/\/sudoesteacontece.com.br\/#organization\"},\"potentialAction\":[{\"@type\":\"SearchAction\",\"target\":{\"@type\":\"EntryPoint\",\"urlTemplate\":\"https:\/\/sudoesteacontece.com.br\/?s={search_term_string}\"},\"query-input\":{\"@type\":\"PropertyValueSpecification\",\"valueRequired\":true,\"valueName\":\"search_term_string\"}}],\"inLanguage\":\"pt-BR\"},{\"@type\":\"Organization\",\"@id\":\"https:\/\/sudoesteacontece.com.br\/#organization\",\"name\":\"Sudoesteacontece\",\"url\":\"https:\/\/sudoesteacontece.com.br\/\",\"logo\":{\"@type\":\"ImageObject\",\"inLanguage\":\"pt-BR\",\"@id\":\"https:\/\/sudoesteacontece.com.br\/#\/schema\/logo\/image\/\",\"url\":\"https:\/\/sudoesteacontece.com.br\/wp-content\/uploads\/2025\/12\/cropped-logo-2-180x180-1.png\",\"contentUrl\":\"https:\/\/sudoesteacontece.com.br\/wp-content\/uploads\/2025\/12\/cropped-logo-2-180x180-1.png\",\"width\":180,\"height\":180,\"caption\":\"Sudoesteacontece\"},\"image\":{\"@id\":\"https:\/\/sudoesteacontece.com.br\/#\/schema\/logo\/image\/\"},\"sameAs\":[\"https:\/\/www.facebook.com\/sudoesteacontece\/?locale=pt_BR\"]},{\"@type\":\"Person\",\"@id\":\"https:\/\/sudoesteacontece.com.br\/#\/schema\/person\/3cf2cf009926a9683ebc29d5379fa79c\",\"name\":\"Washington Tiago\",\"image\":{\"@type\":\"ImageObject\",\"inLanguage\":\"pt-BR\",\"@id\":\"https:\/\/sudoesteacontece.com.br\/#\/schema\/person\/image\/\",\"url\":\"https:\/\/secure.gravatar.com\/avatar\/33c43b8668157e040f9d1fe93c354bf087cbd8ba36270c1163198bd3ddcf2a56?s=96&d=mm&r=g\",\"contentUrl\":\"https:\/\/secure.gravatar.com\/avatar\/33c43b8668157e040f9d1fe93c354bf087cbd8ba36270c1163198bd3ddcf2a56?s=96&d=mm&r=g\",\"caption\":\"Washington Tiago\"},\"url\":\"https:\/\/sudoesteacontece.com.br\/?author=2\"}]}<\/script>\n<!-- \/ Yoast SEO plugin. -->","yoast_head_json":{"title":"Marcelo Nilo lan\u00e7a pr\u00e9-candidatura ao Senado e se alinha a ACM Neto para 2026 - Sudoesteacontece","robots":{"index":"index","follow":"follow","max-snippet":"max-snippet:-1","max-image-preview":"max-image-preview:large","max-video-preview":"max-video-preview:-1"},"canonical":"https:\/\/sudoesteacontece.com.br\/?p=2975","og_locale":"pt_BR","og_type":"article","og_title":"Marcelo Nilo lan\u00e7a pr\u00e9-candidatura ao Senado e se alinha a ACM Neto para 2026 - Sudoesteacontece","og_description":"Marcelo Nilo confirmou que \u00e9 pr\u00e9-candidato ao Senado na chapa de ACM Neto (Uni\u00e3o Brasil) para as elei\u00e7\u00f5es de 2026. O ex-deputado federal refor\u00e7ou que velhas diverg\u00eancias com Ant\u00f4nio Carlos Magalh\u00e3es n\u00e3o influenciam sua posi\u00e7\u00e3o atual. Nilo afirmou que mant\u00e9m coer\u00eancia pol\u00edtica e que sua escolha reflete o momento atual. \u201cEu tinha diverg\u00eancias com o av\u00f4, n\u00e3o posso passar isso para o neto. Sou pr\u00e9-candidato a senador na chapa de ACM Neto\u201d, disse. Duas vezes o deputado estadual mais votado da Bahia, Nilo declarou que suas prioridades ser\u00e3o voltadas ao interior, caso conquiste uma cadeira no Senado. Ele destacou que h\u00e1 espa\u00e7o para atua\u00e7\u00e3o mais sens\u00edvel \u00e0s necessidades do semi\u00e1rido. Nilo garantiu que vai defender pautas essenciais para fortalecer as regi\u00f5es mais carentes do estado. Sa\u00fade, educa\u00e7\u00e3o, gera\u00e7\u00e3o de emprego, seguran\u00e7a p\u00fablica e, principalmente, recursos h\u00eddricos estar\u00e3o no centro de sua agenda. O pr\u00e9-candidato refor\u00e7ou que quer representar quem vive longe da capital. \u201cQuero ser senador do interior, do semi\u00e1rido e dos recursos h\u00eddricos\u201d, enfatizou.","og_url":"https:\/\/sudoesteacontece.com.br\/?p=2975","og_site_name":"Sudoesteacontece","article_publisher":"https:\/\/www.facebook.com\/sudoesteacontece\/?locale=pt_BR","article_published_time":"2025-11-19T13:58:15+00:00","article_modified_time":"2025-11-19T13:58:16+00:00","og_image":[{"width":900,"height":600,"url":"https:\/\/sudoesteacontece.com.br\/wp-content\/uploads\/2025\/11\/Marcelo-Nilo-lanca-pre-candidatura-ao-Senado-e-se-alinha-a-ACM-Neto-para-2026-sudoeste-acontece.jpg","type":"image\/jpeg"}],"author":"Washington Tiago","twitter_card":"summary_large_image","twitter_misc":{"Escrito por":"Washington Tiago","Est. tempo de leitura":"1 minuto"},"schema":{"@context":"https:\/\/schema.org","@graph":[{"@type":"Article","@id":"https:\/\/sudoesteacontece.com.br\/?p=2975#article","isPartOf":{"@id":"https:\/\/sudoesteacontece.com.br\/?p=2975"},"author":{"name":"Washington Tiago","@id":"https:\/\/sudoesteacontece.com.br\/#\/schema\/person\/3cf2cf009926a9683ebc29d5379fa79c"},"headline":"Marcelo Nilo lan\u00e7a pr\u00e9-candidatura ao Senado e se alinha a ACM Neto para 2026","datePublished":"2025-11-19T13:58:15+00:00","dateModified":"2025-11-19T13:58:16+00:00","mainEntityOfPage":{"@id":"https:\/\/sudoesteacontece.com.br\/?p=2975"},"wordCount":210,"commentCount":0,"publisher":{"@id":"https:\/\/sudoesteacontece.com.br\/#organization"},"image":{"@id":"https:\/\/sudoesteacontece.com.br\/?p=2975#primaryimage"},"thumbnailUrl":"https:\/\/sudoesteacontece.com.br\/wp-content\/uploads\/2025\/11\/Marcelo-Nilo-lanca-pre-candidatura-ao-Senado-e-se-alinha-a-ACM-Neto-para-2026-sudoeste-acontece.jpg","articleSection":["Bahia","Cidades","Elei\u00e7\u00f5es 2026","Pol\u00edtica"],"inLanguage":"pt-BR","potentialAction":[{"@type":"CommentAction","name":"Comment","target":["https:\/\/sudoesteacontece.com.br\/?p=2975#respond"]}]},{"@type":"WebPage","@id":"https:\/\/sudoesteacontece.com.br\/?p=2975","url":"https:\/\/sudoesteacontece.com.br\/?p=2975","name":"Marcelo Nilo lan\u00e7a pr\u00e9-candidatura ao Senado e se alinha a ACM Neto para 2026 - Sudoesteacontece","isPartOf":{"@id":"https:\/\/sudoesteacontece.com.br\/#website"},"primaryImageOfPage":{"@id":"https:\/\/sudoesteacontece.com.br\/?p=2975#primaryimage"},"image":{"@id":"https:\/\/sudoesteacontece.com.br\/?p=2975#primaryimage"},"thumbnailUrl":"https:\/\/sudoesteacontece.com.br\/wp-content\/uploads\/2025\/11\/Marcelo-Nilo-lanca-pre-candidatura-ao-Senado-e-se-alinha-a-ACM-Neto-para-2026-sudoeste-acontece.jpg","datePublished":"2025-11-19T13:58:15+00:00","dateModified":"2025-11-19T13:58:16+00:00","breadcrumb":{"@id":"https:\/\/sudoesteacontece.com.br\/?p=2975#breadcrumb"},"inLanguage":"pt-BR","potentialAction":[{"@type":"ReadAction","target":["https:\/\/sudoesteacontece.com.br\/?p=2975"]}]},{"@type":"ImageObject","inLanguage":"pt-BR","@id":"https:\/\/sudoesteacontece.com.br\/?p=2975#primaryimage","url":"https:\/\/sudoesteacontece.com.br\/wp-content\/uploads\/2025\/11\/Marcelo-Nilo-lanca-pre-candidatura-ao-Senado-e-se-alinha-a-ACM-Neto-para-2026-sudoeste-acontece.jpg","contentUrl":"https:\/\/sudoesteacontece.com.br\/wp-content\/uploads\/2025\/11\/Marcelo-Nilo-lanca-pre-candidatura-ao-Senado-e-se-alinha-a-ACM-Neto-para-2026-sudoeste-acontece.jpg","width":900,"height":600},{"@type":"BreadcrumbList","@id":"https:\/\/sudoesteacontece.com.br\/?p=2975#breadcrumb","itemListElement":[{"@type":"ListItem","position":1,"name":"In\u00edcio","item":"https:\/\/sudoesteacontece.com.br\/"},{"@type":"ListItem","position":2,"name":"Marcelo Nilo lan\u00e7a pr\u00e9-candidatura ao Senado e se alinha a ACM Neto para 2026"}]},{"@type":"WebSite","@id":"https:\/\/sudoesteacontece.com.br\/#website","url":"https:\/\/sudoesteacontece.com.br\/","name":"Sudoesteacontece","description":"","publisher":{"@id":"https:\/\/sudoesteacontece.com.br\/#organization"},"potentialAction":[{"@type":"SearchAction","target":{"@type":"EntryPoint","urlTemplate":"https:\/\/sudoesteacontece.com.br\/?s={search_term_string}"},"query-input":{"@type":"PropertyValueSpecification","valueRequired":true,"valueName":"search_term_string"}}],"inLanguage":"pt-BR"},{"@type":"Organization","@id":"https:\/\/sudoesteacontece.com.br\/#organization","name":"Sudoesteacontece","url":"https:\/\/sudoesteacontece.com.br\/","logo":{"@type":"ImageObject","inLanguage":"pt-BR","@id":"https:\/\/sudoesteacontece.com.br\/#\/schema\/logo\/image\/","url":"https:\/\/sudoesteacontece.com.br\/wp-content\/uploads\/2025\/12\/cropped-logo-2-180x180-1.png","contentUrl":"https:\/\/sudoesteacontece.com.br\/wp-content\/uploads\/2025\/12\/cropped-logo-2-180x180-1.png","width":180,"height":180,"caption":"Sudoesteacontece"},"image":{"@id":"https:\/\/sudoesteacontece.com.br\/#\/schema\/logo\/image\/"},"sameAs":["https:\/\/www.facebook.com\/sudoesteacontece\/?locale=pt_BR"]},{"@type":"Person","@id":"https:\/\/sudoesteacontece.com.br\/#\/schema\/person\/3cf2cf009926a9683ebc29d5379fa79c","name":"Washington Tiago","image":{"@type":"ImageObject","inLanguage":"pt-BR","@id":"https:\/\/sudoesteacontece.com.br\/#\/schema\/person\/image\/","url":"https:\/\/secure.gravatar.com\/avatar\/33c43b8668157e040f9d1fe93c354bf087cbd8ba36270c1163198bd3ddcf2a56?s=96&d=mm&r=g","contentUrl":"https:\/\/secure.gravatar.com\/avatar\/33c43b8668157e040f9d1fe93c354bf087cbd8ba36270c1163198bd3ddcf2a56?s=96&d=mm&r=g","caption":"Washington Tiago"},"url":"https:\/\/sudoesteacontece.com.br\/?author=2"}]}},"_links":{"self":[{"href":"https:\/\/sudoesteacontece.com.br\/index.php?rest_route=\/wp\/v2\/posts\/2975","targetHints":{"allow":["GET"]}}],"collection":[{"href":"https:\/\/sudoesteacontece.com.br\/index.php?rest_route=\/wp\/v2\/posts"}],"about":[{"href":"https:\/\/sudoesteacontece.com.br\/index.php?rest_route=\/wp\/v2\/types\/post"}],"author":[{"embeddable":true,"href":"https:\/\/sudoesteacontece.com.br\/index.php?rest_route=\/wp\/v2\/users\/2"}],"replies":[{"embeddable":true,"href":"https:\/\/sudoesteacontece.com.br\/index.php?rest_route=%2Fwp%2Fv2%2Fcomments&post=2975"}],"version-history":[{"count":0,"href":"https:\/\/sudoesteacontece.com.br\/index.php?rest_route=\/wp\/v2\/posts\/2975\/revisions"}],"wp:featuredmedia":[{"embeddable":true,"href":"https:\/\/sudoesteacontece.com.br\/index.php?rest_route=\/wp\/v2\/media\/3000"}],"wp:attachment":[{"href":"https:\/\/sudoesteacontece.com.br\/index.php?rest_route=%2Fwp%2Fv2%2Fmedia&parent=2975"}],"wp:term":[{"taxonomy":"category","embeddable":true,"href":"https:\/\/sudoesteacontece.com.br\/index.php?rest_route=%2Fwp%2Fv2%2Fcategories&post=2975"},{"taxonomy":"post_tag","embeddable":true,"href":"https:\/\/sudoesteacontece.com.br\/index.php?rest_route=%2Fwp%2Fv2%2Ftags&post=2975"}],"curies":[{"name":"wp","href":"https:\/\/api.w.org\/{rel}","templated":true}]}}