{"id":2976,"date":"2025-11-19T11:04:24","date_gmt":"2025-11-19T14:04:24","guid":{"rendered":"https:\/\/sudoesteacontece.com.br\/?p=2976"},"modified":"2025-11-19T11:04:25","modified_gmt":"2025-11-19T14:04:25","slug":"exoneracao-de-delegado-odilson-pereira-causa-choque-em-conquista-e-levanta-suspeitas-de-pressao-politica","status":"publish","type":"post","link":"https:\/\/sudoesteacontece.com.br\/?p=2976","title":{"rendered":"Exonera\u00e7\u00e3o de delegado Odilson Pereira causa choque em Conquista e levanta suspeitas de press\u00e3o pol\u00edtica"},"content":{"rendered":"<div class=\"wp-block-image\">\n<figure class=\"aligncenter size-full\"><img fetchpriority=\"high\" decoding=\"async\" width=\"900\" height=\"600\" src=\"http:\/\/sudoesteacontece.com.br\/wp-content\/uploads\/2025\/11\/Exoneracao-de-delegado-Odilson-Pereira-causa-choque-em-Conquista-e-levanta-suspeitas-de-pressao-politica-sudoeste-acontece.jpg\" alt=\"\" class=\"wp-image-3002\" srcset=\"https:\/\/sudoesteacontece.com.br\/wp-content\/uploads\/2025\/11\/Exoneracao-de-delegado-Odilson-Pereira-causa-choque-em-Conquista-e-levanta-suspeitas-de-pressao-politica-sudoeste-acontece.jpg 900w, https:\/\/sudoesteacontece.com.br\/wp-content\/uploads\/2025\/11\/Exoneracao-de-delegado-Odilson-Pereira-causa-choque-em-Conquista-e-levanta-suspeitas-de-pressao-politica-sudoeste-acontece-300x200.jpg 300w, https:\/\/sudoesteacontece.com.br\/wp-content\/uploads\/2025\/11\/Exoneracao-de-delegado-Odilson-Pereira-causa-choque-em-Conquista-e-levanta-suspeitas-de-pressao-politica-sudoeste-acontece-768x512.jpg 768w\" sizes=\"(max-width: 900px) 100vw, 900px\" \/><\/figure>\n<\/div>\n\n\n<p>Vit\u00f3ria da Conquista amanheceu em alerta nesta ter\u00e7a-feira (18) ap\u00f3s a exonera\u00e7\u00e3o inesperada do delegado Odilson Pereira Silva, respons\u00e1vel pela Delegacia de Repress\u00e3o a Furtos e Roubos (DRFR). A sa\u00edda abrupta gerou forte repercuss\u00e3o, indignou moradores e acendeu suspeitas sobre poss\u00edveis press\u00f5es externas.<\/p>\n\n\n\n<p>Comunidade policial e popula\u00e7\u00e3o reagiram imediatamente, j\u00e1 que Odilson \u00e9 considerado um dos nomes mais eficientes no combate ao crime patrimonial na regi\u00e3o. Durante os dois anos e meio no comando da DRFR, ele se destacou com investiga\u00e7\u00f5es firmes, opera\u00e7\u00f5es robustas e resultados expressivos que reduziram furtos, roubos e esquemas criminosos no sudoeste baiano.<\/p>\n\n\n\n<p>Opera\u00e7\u00f5es conduzidas pela equipe dele alcan\u00e7aram repercuss\u00e3o regional e nacional, com desarticula\u00e7\u00e3o de quadrilhas especializadas, apreens\u00f5es milion\u00e1rias e pris\u00f5es de grande impacto. Entre os alvos estavam grupos ligados a fraudes no DETRAN-BA, furtos de equipamentos hospitalares, golpes de falso cons\u00f3rcio, agiotagem, extors\u00e3o e recepta\u00e7\u00e3o de cobre.<\/p>\n\n\n\n<p>Cresce nos bastidores a leitura de que o trabalho inc\u00f4modo do delegado pode ter atingido interesses poderosos. A aus\u00eancia de explica\u00e7\u00f5es oficiais, at\u00e9 o momento, alimentou especula\u00e7\u00f5es de que a mudan\u00e7a n\u00e3o teria sido apenas administrativa. H\u00e1 quem acredite que alguma investiga\u00e7\u00e3o sens\u00edvel possa ter esbarrado em figuras influentes da pol\u00edtica local.<\/p>\n\n\n\n<p>Mensagens de apoio tomaram conta das redes sociais, onde moradores destacaram a postura firme do delegado e o impacto positivo de sua atua\u00e7\u00e3o na seguran\u00e7a p\u00fablica. Muitos manifestaram preocupa\u00e7\u00e3o com a possibilidade de interfer\u00eancia pol\u00edtica afetar o combate ao crime patrimonial na cidade.<\/p>\n\n\n\n<p>Pol\u00edcia Civil da Bahia ainda n\u00e3o divulgou o novo nome para assumir a DRFR, o que intensificou o clima de incerteza. Enquanto isso, a exonera\u00e7\u00e3o continua sendo tema central nas rodas de conversa e reacende o debate sobre autonomia das investiga\u00e7\u00f5es no estado.<\/p>\n","protected":false},"excerpt":{"rendered":"<p>Vit\u00f3ria da Conquista amanheceu em alerta nesta ter\u00e7a-feira (18) ap\u00f3s a exonera\u00e7\u00e3o inesperada do delegado Odilson Pereira Silva, respons\u00e1vel pela Delegacia de Repress\u00e3o a Furtos e Roubos (DRFR). A sa\u00edda abrupta gerou forte repercuss\u00e3o, indignou moradores e acendeu suspeitas sobre poss\u00edveis press\u00f5es externas. Comunidade policial e popula\u00e7\u00e3o reagiram imediatamente, j\u00e1 que Odilson \u00e9 considerado um dos nomes mais eficientes no combate ao crime patrimonial na regi\u00e3o. Durante os dois anos e meio no comando da DRFR, ele se destacou com investiga\u00e7\u00f5es firmes, opera\u00e7\u00f5es robustas e resultados expressivos que reduziram furtos, roubos e esquemas criminosos no sudoeste baiano. Opera\u00e7\u00f5es conduzidas pela equipe dele alcan\u00e7aram repercuss\u00e3o regional e nacional, com desarticula\u00e7\u00e3o de quadrilhas especializadas, apreens\u00f5es milion\u00e1rias e pris\u00f5es de grande impacto. Entre os alvos estavam grupos ligados a fraudes no DETRAN-BA, furtos de equipamentos hospitalares, golpes de falso cons\u00f3rcio, agiotagem, extors\u00e3o e recepta\u00e7\u00e3o de cobre. Cresce nos bastidores a leitura de que o trabalho inc\u00f4modo do delegado pode ter atingido interesses poderosos. A aus\u00eancia de explica\u00e7\u00f5es oficiais, at\u00e9 o momento, alimentou especula\u00e7\u00f5es de que a mudan\u00e7a n\u00e3o teria sido apenas administrativa. H\u00e1 quem acredite que alguma investiga\u00e7\u00e3o sens\u00edvel possa ter esbarrado em figuras influentes da pol\u00edtica local. Mensagens de apoio tomaram conta das redes sociais, onde moradores destacaram a postura firme do delegado e o impacto positivo de sua atua\u00e7\u00e3o na seguran\u00e7a p\u00fablica. Muitos manifestaram preocupa\u00e7\u00e3o com a possibilidade de interfer\u00eancia pol\u00edtica afetar o combate ao crime patrimonial na cidade. Pol\u00edcia Civil da Bahia ainda n\u00e3o divulgou o novo nome para assumir a DRFR, o que intensificou o clima de incerteza. Enquanto isso, a exonera\u00e7\u00e3o continua sendo tema central nas rodas de conversa e reacende o debate sobre autonomia das investiga\u00e7\u00f5es no estado.<\/p>\n","protected":false},"author":2,"featured_media":3002,"comment_status":"open","ping_status":"open","sticky":false,"template":"","format":"standard","meta":{"footnotes":""},"categories":[4,3,6,8],"tags":[],"class_list":["post-2976","post","type-post","status-publish","format-standard","has-post-thumbnail","hentry","category-cidades","category-policia","category-politica","category-vitoria-da-conquista"],"yoast_head":"<!-- This site is optimized with the Yoast SEO plugin v26.5 - https:\/\/yoast.com\/wordpress\/plugins\/seo\/ -->\n<title>Exonera\u00e7\u00e3o de delegado Odilson Pereira causa choque em Conquista e levanta suspeitas de press\u00e3o pol\u00edtica - Sudoesteacontece<\/title>\n<meta name=\"robots\" content=\"index, follow, max-snippet:-1, max-image-preview:large, max-video-preview:-1\" \/>\n<link rel=\"canonical\" href=\"https:\/\/sudoesteacontece.com.br\/?p=2976\" \/>\n<meta property=\"og:locale\" content=\"pt_BR\" \/>\n<meta property=\"og:type\" content=\"article\" \/>\n<meta property=\"og:title\" content=\"Exonera\u00e7\u00e3o de delegado Odilson Pereira causa choque em Conquista e levanta suspeitas de press\u00e3o pol\u00edtica - Sudoesteacontece\" \/>\n<meta property=\"og:description\" content=\"Vit\u00f3ria da Conquista amanheceu em alerta nesta ter\u00e7a-feira (18) ap\u00f3s a exonera\u00e7\u00e3o inesperada do delegado Odilson Pereira Silva, respons\u00e1vel pela Delegacia de Repress\u00e3o a Furtos e Roubos (DRFR). A sa\u00edda abrupta gerou forte repercuss\u00e3o, indignou moradores e acendeu suspeitas sobre poss\u00edveis press\u00f5es externas. Comunidade policial e popula\u00e7\u00e3o reagiram imediatamente, j\u00e1 que Odilson \u00e9 considerado um dos nomes mais eficientes no combate ao crime patrimonial na regi\u00e3o. Durante os dois anos e meio no comando da DRFR, ele se destacou com investiga\u00e7\u00f5es firmes, opera\u00e7\u00f5es robustas e resultados expressivos que reduziram furtos, roubos e esquemas criminosos no sudoeste baiano. Opera\u00e7\u00f5es conduzidas pela equipe dele alcan\u00e7aram repercuss\u00e3o regional e nacional, com desarticula\u00e7\u00e3o de quadrilhas especializadas, apreens\u00f5es milion\u00e1rias e pris\u00f5es de grande impacto. Entre os alvos estavam grupos ligados a fraudes no DETRAN-BA, furtos de equipamentos hospitalares, golpes de falso cons\u00f3rcio, agiotagem, extors\u00e3o e recepta\u00e7\u00e3o de cobre. Cresce nos bastidores a leitura de que o trabalho inc\u00f4modo do delegado pode ter atingido interesses poderosos. A aus\u00eancia de explica\u00e7\u00f5es oficiais, at\u00e9 o momento, alimentou especula\u00e7\u00f5es de que a mudan\u00e7a n\u00e3o teria sido apenas administrativa. H\u00e1 quem acredite que alguma investiga\u00e7\u00e3o sens\u00edvel possa ter esbarrado em figuras influentes da pol\u00edtica local. Mensagens de apoio tomaram conta das redes sociais, onde moradores destacaram a postura firme do delegado e o impacto positivo de sua atua\u00e7\u00e3o na seguran\u00e7a p\u00fablica. Muitos manifestaram preocupa\u00e7\u00e3o com a possibilidade de interfer\u00eancia pol\u00edtica afetar o combate ao crime patrimonial na cidade. Pol\u00edcia Civil da Bahia ainda n\u00e3o divulgou o novo nome para assumir a DRFR, o que intensificou o clima de incerteza. Enquanto isso, a exonera\u00e7\u00e3o continua sendo tema central nas rodas de conversa e reacende o debate sobre autonomia das investiga\u00e7\u00f5es no estado.\" \/>\n<meta property=\"og:url\" content=\"https:\/\/sudoesteacontece.com.br\/?p=2976\" \/>\n<meta property=\"og:site_name\" content=\"Sudoesteacontece\" \/>\n<meta property=\"article:publisher\" content=\"https:\/\/www.facebook.com\/sudoesteacontece\/?locale=pt_BR\" \/>\n<meta property=\"article:published_time\" content=\"2025-11-19T14:04:24+00:00\" \/>\n<meta property=\"article:modified_time\" content=\"2025-11-19T14:04:25+00:00\" \/>\n<meta property=\"og:image\" content=\"https:\/\/sudoesteacontece.com.br\/wp-content\/uploads\/2025\/11\/Exoneracao-de-delegado-Odilson-Pereira-causa-choque-em-Conquista-e-levanta-suspeitas-de-pressao-politica-sudoeste-acontece.jpg\" \/>\n\t<meta property=\"og:image:width\" content=\"900\" \/>\n\t<meta property=\"og:image:height\" content=\"600\" \/>\n\t<meta property=\"og:image:type\" content=\"image\/jpeg\" \/>\n<meta name=\"author\" content=\"Washington Tiago\" \/>\n<meta name=\"twitter:card\" content=\"summary_large_image\" \/>\n<meta name=\"twitter:label1\" content=\"Escrito por\" \/>\n\t<meta name=\"twitter:data1\" content=\"Washington Tiago\" \/>\n\t<meta name=\"twitter:label2\" content=\"Est. tempo de leitura\" \/>\n\t<meta name=\"twitter:data2\" content=\"2 minutos\" \/>\n<script type=\"application\/ld+json\" class=\"yoast-schema-graph\">{\"@context\":\"https:\/\/schema.org\",\"@graph\":[{\"@type\":\"Article\",\"@id\":\"https:\/\/sudoesteacontece.com.br\/?p=2976#article\",\"isPartOf\":{\"@id\":\"https:\/\/sudoesteacontece.com.br\/?p=2976\"},\"author\":{\"name\":\"Washington Tiago\",\"@id\":\"https:\/\/sudoesteacontece.com.br\/#\/schema\/person\/3cf2cf009926a9683ebc29d5379fa79c\"},\"headline\":\"Exonera\u00e7\u00e3o de delegado Odilson Pereira causa choque em Conquista e levanta suspeitas de press\u00e3o pol\u00edtica\",\"datePublished\":\"2025-11-19T14:04:24+00:00\",\"dateModified\":\"2025-11-19T14:04:25+00:00\",\"mainEntityOfPage\":{\"@id\":\"https:\/\/sudoesteacontece.com.br\/?p=2976\"},\"wordCount\":340,\"commentCount\":0,\"publisher\":{\"@id\":\"https:\/\/sudoesteacontece.com.br\/#organization\"},\"image\":{\"@id\":\"https:\/\/sudoesteacontece.com.br\/?p=2976#primaryimage\"},\"thumbnailUrl\":\"https:\/\/sudoesteacontece.com.br\/wp-content\/uploads\/2025\/11\/Exoneracao-de-delegado-Odilson-Pereira-causa-choque-em-Conquista-e-levanta-suspeitas-de-pressao-politica-sudoeste-acontece.jpg\",\"articleSection\":[\"Cidades\",\"Pol\u00edcia\",\"Pol\u00edtica\",\"Vit\u00f3ria da Conquista\"],\"inLanguage\":\"pt-BR\",\"potentialAction\":[{\"@type\":\"CommentAction\",\"name\":\"Comment\",\"target\":[\"https:\/\/sudoesteacontece.com.br\/?p=2976#respond\"]}]},{\"@type\":\"WebPage\",\"@id\":\"https:\/\/sudoesteacontece.com.br\/?p=2976\",\"url\":\"https:\/\/sudoesteacontece.com.br\/?p=2976\",\"name\":\"Exonera\u00e7\u00e3o de delegado Odilson Pereira causa choque em Conquista e levanta suspeitas de press\u00e3o pol\u00edtica - Sudoesteacontece\",\"isPartOf\":{\"@id\":\"https:\/\/sudoesteacontece.com.br\/#website\"},\"primaryImageOfPage\":{\"@id\":\"https:\/\/sudoesteacontece.com.br\/?p=2976#primaryimage\"},\"image\":{\"@id\":\"https:\/\/sudoesteacontece.com.br\/?p=2976#primaryimage\"},\"thumbnailUrl\":\"https:\/\/sudoesteacontece.com.br\/wp-content\/uploads\/2025\/11\/Exoneracao-de-delegado-Odilson-Pereira-causa-choque-em-Conquista-e-levanta-suspeitas-de-pressao-politica-sudoeste-acontece.jpg\",\"datePublished\":\"2025-11-19T14:04:24+00:00\",\"dateModified\":\"2025-11-19T14:04:25+00:00\",\"breadcrumb\":{\"@id\":\"https:\/\/sudoesteacontece.com.br\/?p=2976#breadcrumb\"},\"inLanguage\":\"pt-BR\",\"potentialAction\":[{\"@type\":\"ReadAction\",\"target\":[\"https:\/\/sudoesteacontece.com.br\/?p=2976\"]}]},{\"@type\":\"ImageObject\",\"inLanguage\":\"pt-BR\",\"@id\":\"https:\/\/sudoesteacontece.com.br\/?p=2976#primaryimage\",\"url\":\"https:\/\/sudoesteacontece.com.br\/wp-content\/uploads\/2025\/11\/Exoneracao-de-delegado-Odilson-Pereira-causa-choque-em-Conquista-e-levanta-suspeitas-de-pressao-politica-sudoeste-acontece.jpg\",\"contentUrl\":\"https:\/\/sudoesteacontece.com.br\/wp-content\/uploads\/2025\/11\/Exoneracao-de-delegado-Odilson-Pereira-causa-choque-em-Conquista-e-levanta-suspeitas-de-pressao-politica-sudoeste-acontece.jpg\",\"width\":900,\"height\":600},{\"@type\":\"BreadcrumbList\",\"@id\":\"https:\/\/sudoesteacontece.com.br\/?p=2976#breadcrumb\",\"itemListElement\":[{\"@type\":\"ListItem\",\"position\":1,\"name\":\"In\u00edcio\",\"item\":\"https:\/\/sudoesteacontece.com.br\/\"},{\"@type\":\"ListItem\",\"position\":2,\"name\":\"Exonera\u00e7\u00e3o de delegado Odilson Pereira causa choque em Conquista e levanta suspeitas de press\u00e3o pol\u00edtica\"}]},{\"@type\":\"WebSite\",\"@id\":\"https:\/\/sudoesteacontece.com.br\/#website\",\"url\":\"https:\/\/sudoesteacontece.com.br\/\",\"name\":\"Sudoesteacontece\",\"description\":\"\",\"publisher\":{\"@id\":\"https:\/\/sudoesteacontece.com.br\/#organization\"},\"potentialAction\":[{\"@type\":\"SearchAction\",\"target\":{\"@type\":\"EntryPoint\",\"urlTemplate\":\"https:\/\/sudoesteacontece.com.br\/?s={search_term_string}\"},\"query-input\":{\"@type\":\"PropertyValueSpecification\",\"valueRequired\":true,\"valueName\":\"search_term_string\"}}],\"inLanguage\":\"pt-BR\"},{\"@type\":\"Organization\",\"@id\":\"https:\/\/sudoesteacontece.com.br\/#organization\",\"name\":\"Sudoesteacontece\",\"url\":\"https:\/\/sudoesteacontece.com.br\/\",\"logo\":{\"@type\":\"ImageObject\",\"inLanguage\":\"pt-BR\",\"@id\":\"https:\/\/sudoesteacontece.com.br\/#\/schema\/logo\/image\/\",\"url\":\"https:\/\/sudoesteacontece.com.br\/wp-content\/uploads\/2025\/12\/cropped-logo-2-180x180-1.png\",\"contentUrl\":\"https:\/\/sudoesteacontece.com.br\/wp-content\/uploads\/2025\/12\/cropped-logo-2-180x180-1.png\",\"width\":180,\"height\":180,\"caption\":\"Sudoesteacontece\"},\"image\":{\"@id\":\"https:\/\/sudoesteacontece.com.br\/#\/schema\/logo\/image\/\"},\"sameAs\":[\"https:\/\/www.facebook.com\/sudoesteacontece\/?locale=pt_BR\"]},{\"@type\":\"Person\",\"@id\":\"https:\/\/sudoesteacontece.com.br\/#\/schema\/person\/3cf2cf009926a9683ebc29d5379fa79c\",\"name\":\"Washington Tiago\",\"image\":{\"@type\":\"ImageObject\",\"inLanguage\":\"pt-BR\",\"@id\":\"https:\/\/sudoesteacontece.com.br\/#\/schema\/person\/image\/\",\"url\":\"https:\/\/secure.gravatar.com\/avatar\/33c43b8668157e040f9d1fe93c354bf087cbd8ba36270c1163198bd3ddcf2a56?s=96&d=mm&r=g\",\"contentUrl\":\"https:\/\/secure.gravatar.com\/avatar\/33c43b8668157e040f9d1fe93c354bf087cbd8ba36270c1163198bd3ddcf2a56?s=96&d=mm&r=g\",\"caption\":\"Washington Tiago\"},\"url\":\"https:\/\/sudoesteacontece.com.br\/?author=2\"}]}<\/script>\n<!-- \/ Yoast SEO plugin. -->","yoast_head_json":{"title":"Exonera\u00e7\u00e3o de delegado Odilson Pereira causa choque em Conquista e levanta suspeitas de press\u00e3o pol\u00edtica - Sudoesteacontece","robots":{"index":"index","follow":"follow","max-snippet":"max-snippet:-1","max-image-preview":"max-image-preview:large","max-video-preview":"max-video-preview:-1"},"canonical":"https:\/\/sudoesteacontece.com.br\/?p=2976","og_locale":"pt_BR","og_type":"article","og_title":"Exonera\u00e7\u00e3o de delegado Odilson Pereira causa choque em Conquista e levanta suspeitas de press\u00e3o pol\u00edtica - Sudoesteacontece","og_description":"Vit\u00f3ria da Conquista amanheceu em alerta nesta ter\u00e7a-feira (18) ap\u00f3s a exonera\u00e7\u00e3o inesperada do delegado Odilson Pereira Silva, respons\u00e1vel pela Delegacia de Repress\u00e3o a Furtos e Roubos (DRFR). A sa\u00edda abrupta gerou forte repercuss\u00e3o, indignou moradores e acendeu suspeitas sobre poss\u00edveis press\u00f5es externas. Comunidade policial e popula\u00e7\u00e3o reagiram imediatamente, j\u00e1 que Odilson \u00e9 considerado um dos nomes mais eficientes no combate ao crime patrimonial na regi\u00e3o. Durante os dois anos e meio no comando da DRFR, ele se destacou com investiga\u00e7\u00f5es firmes, opera\u00e7\u00f5es robustas e resultados expressivos que reduziram furtos, roubos e esquemas criminosos no sudoeste baiano. Opera\u00e7\u00f5es conduzidas pela equipe dele alcan\u00e7aram repercuss\u00e3o regional e nacional, com desarticula\u00e7\u00e3o de quadrilhas especializadas, apreens\u00f5es milion\u00e1rias e pris\u00f5es de grande impacto. Entre os alvos estavam grupos ligados a fraudes no DETRAN-BA, furtos de equipamentos hospitalares, golpes de falso cons\u00f3rcio, agiotagem, extors\u00e3o e recepta\u00e7\u00e3o de cobre. Cresce nos bastidores a leitura de que o trabalho inc\u00f4modo do delegado pode ter atingido interesses poderosos. A aus\u00eancia de explica\u00e7\u00f5es oficiais, at\u00e9 o momento, alimentou especula\u00e7\u00f5es de que a mudan\u00e7a n\u00e3o teria sido apenas administrativa. H\u00e1 quem acredite que alguma investiga\u00e7\u00e3o sens\u00edvel possa ter esbarrado em figuras influentes da pol\u00edtica local. Mensagens de apoio tomaram conta das redes sociais, onde moradores destacaram a postura firme do delegado e o impacto positivo de sua atua\u00e7\u00e3o na seguran\u00e7a p\u00fablica. Muitos manifestaram preocupa\u00e7\u00e3o com a possibilidade de interfer\u00eancia pol\u00edtica afetar o combate ao crime patrimonial na cidade. Pol\u00edcia Civil da Bahia ainda n\u00e3o divulgou o novo nome para assumir a DRFR, o que intensificou o clima de incerteza. Enquanto isso, a exonera\u00e7\u00e3o continua sendo tema central nas rodas de conversa e reacende o debate sobre autonomia das investiga\u00e7\u00f5es no estado.","og_url":"https:\/\/sudoesteacontece.com.br\/?p=2976","og_site_name":"Sudoesteacontece","article_publisher":"https:\/\/www.facebook.com\/sudoesteacontece\/?locale=pt_BR","article_published_time":"2025-11-19T14:04:24+00:00","article_modified_time":"2025-11-19T14:04:25+00:00","og_image":[{"width":900,"height":600,"url":"https:\/\/sudoesteacontece.com.br\/wp-content\/uploads\/2025\/11\/Exoneracao-de-delegado-Odilson-Pereira-causa-choque-em-Conquista-e-levanta-suspeitas-de-pressao-politica-sudoeste-acontece.jpg","type":"image\/jpeg"}],"author":"Washington Tiago","twitter_card":"summary_large_image","twitter_misc":{"Escrito por":"Washington Tiago","Est. tempo de leitura":"2 minutos"},"schema":{"@context":"https:\/\/schema.org","@graph":[{"@type":"Article","@id":"https:\/\/sudoesteacontece.com.br\/?p=2976#article","isPartOf":{"@id":"https:\/\/sudoesteacontece.com.br\/?p=2976"},"author":{"name":"Washington Tiago","@id":"https:\/\/sudoesteacontece.com.br\/#\/schema\/person\/3cf2cf009926a9683ebc29d5379fa79c"},"headline":"Exonera\u00e7\u00e3o de delegado Odilson Pereira causa choque em Conquista e levanta suspeitas de press\u00e3o pol\u00edtica","datePublished":"2025-11-19T14:04:24+00:00","dateModified":"2025-11-19T14:04:25+00:00","mainEntityOfPage":{"@id":"https:\/\/sudoesteacontece.com.br\/?p=2976"},"wordCount":340,"commentCount":0,"publisher":{"@id":"https:\/\/sudoesteacontece.com.br\/#organization"},"image":{"@id":"https:\/\/sudoesteacontece.com.br\/?p=2976#primaryimage"},"thumbnailUrl":"https:\/\/sudoesteacontece.com.br\/wp-content\/uploads\/2025\/11\/Exoneracao-de-delegado-Odilson-Pereira-causa-choque-em-Conquista-e-levanta-suspeitas-de-pressao-politica-sudoeste-acontece.jpg","articleSection":["Cidades","Pol\u00edcia","Pol\u00edtica","Vit\u00f3ria da Conquista"],"inLanguage":"pt-BR","potentialAction":[{"@type":"CommentAction","name":"Comment","target":["https:\/\/sudoesteacontece.com.br\/?p=2976#respond"]}]},{"@type":"WebPage","@id":"https:\/\/sudoesteacontece.com.br\/?p=2976","url":"https:\/\/sudoesteacontece.com.br\/?p=2976","name":"Exonera\u00e7\u00e3o de delegado Odilson Pereira causa choque em Conquista e levanta suspeitas de press\u00e3o pol\u00edtica - Sudoesteacontece","isPartOf":{"@id":"https:\/\/sudoesteacontece.com.br\/#website"},"primaryImageOfPage":{"@id":"https:\/\/sudoesteacontece.com.br\/?p=2976#primaryimage"},"image":{"@id":"https:\/\/sudoesteacontece.com.br\/?p=2976#primaryimage"},"thumbnailUrl":"https:\/\/sudoesteacontece.com.br\/wp-content\/uploads\/2025\/11\/Exoneracao-de-delegado-Odilson-Pereira-causa-choque-em-Conquista-e-levanta-suspeitas-de-pressao-politica-sudoeste-acontece.jpg","datePublished":"2025-11-19T14:04:24+00:00","dateModified":"2025-11-19T14:04:25+00:00","breadcrumb":{"@id":"https:\/\/sudoesteacontece.com.br\/?p=2976#breadcrumb"},"inLanguage":"pt-BR","potentialAction":[{"@type":"ReadAction","target":["https:\/\/sudoesteacontece.com.br\/?p=2976"]}]},{"@type":"ImageObject","inLanguage":"pt-BR","@id":"https:\/\/sudoesteacontece.com.br\/?p=2976#primaryimage","url":"https:\/\/sudoesteacontece.com.br\/wp-content\/uploads\/2025\/11\/Exoneracao-de-delegado-Odilson-Pereira-causa-choque-em-Conquista-e-levanta-suspeitas-de-pressao-politica-sudoeste-acontece.jpg","contentUrl":"https:\/\/sudoesteacontece.com.br\/wp-content\/uploads\/2025\/11\/Exoneracao-de-delegado-Odilson-Pereira-causa-choque-em-Conquista-e-levanta-suspeitas-de-pressao-politica-sudoeste-acontece.jpg","width":900,"height":600},{"@type":"BreadcrumbList","@id":"https:\/\/sudoesteacontece.com.br\/?p=2976#breadcrumb","itemListElement":[{"@type":"ListItem","position":1,"name":"In\u00edcio","item":"https:\/\/sudoesteacontece.com.br\/"},{"@type":"ListItem","position":2,"name":"Exonera\u00e7\u00e3o de delegado Odilson Pereira causa choque em Conquista e levanta suspeitas de press\u00e3o pol\u00edtica"}]},{"@type":"WebSite","@id":"https:\/\/sudoesteacontece.com.br\/#website","url":"https:\/\/sudoesteacontece.com.br\/","name":"Sudoesteacontece","description":"","publisher":{"@id":"https:\/\/sudoesteacontece.com.br\/#organization"},"potentialAction":[{"@type":"SearchAction","target":{"@type":"EntryPoint","urlTemplate":"https:\/\/sudoesteacontece.com.br\/?s={search_term_string}"},"query-input":{"@type":"PropertyValueSpecification","valueRequired":true,"valueName":"search_term_string"}}],"inLanguage":"pt-BR"},{"@type":"Organization","@id":"https:\/\/sudoesteacontece.com.br\/#organization","name":"Sudoesteacontece","url":"https:\/\/sudoesteacontece.com.br\/","logo":{"@type":"ImageObject","inLanguage":"pt-BR","@id":"https:\/\/sudoesteacontece.com.br\/#\/schema\/logo\/image\/","url":"https:\/\/sudoesteacontece.com.br\/wp-content\/uploads\/2025\/12\/cropped-logo-2-180x180-1.png","contentUrl":"https:\/\/sudoesteacontece.com.br\/wp-content\/uploads\/2025\/12\/cropped-logo-2-180x180-1.png","width":180,"height":180,"caption":"Sudoesteacontece"},"image":{"@id":"https:\/\/sudoesteacontece.com.br\/#\/schema\/logo\/image\/"},"sameAs":["https:\/\/www.facebook.com\/sudoesteacontece\/?locale=pt_BR"]},{"@type":"Person","@id":"https:\/\/sudoesteacontece.com.br\/#\/schema\/person\/3cf2cf009926a9683ebc29d5379fa79c","name":"Washington Tiago","image":{"@type":"ImageObject","inLanguage":"pt-BR","@id":"https:\/\/sudoesteacontece.com.br\/#\/schema\/person\/image\/","url":"https:\/\/secure.gravatar.com\/avatar\/33c43b8668157e040f9d1fe93c354bf087cbd8ba36270c1163198bd3ddcf2a56?s=96&d=mm&r=g","contentUrl":"https:\/\/secure.gravatar.com\/avatar\/33c43b8668157e040f9d1fe93c354bf087cbd8ba36270c1163198bd3ddcf2a56?s=96&d=mm&r=g","caption":"Washington Tiago"},"url":"https:\/\/sudoesteacontece.com.br\/?author=2"}]}},"_links":{"self":[{"href":"https:\/\/sudoesteacontece.com.br\/index.php?rest_route=\/wp\/v2\/posts\/2976","targetHints":{"allow":["GET"]}}],"collection":[{"href":"https:\/\/sudoesteacontece.com.br\/index.php?rest_route=\/wp\/v2\/posts"}],"about":[{"href":"https:\/\/sudoesteacontece.com.br\/index.php?rest_route=\/wp\/v2\/types\/post"}],"author":[{"embeddable":true,"href":"https:\/\/sudoesteacontece.com.br\/index.php?rest_route=\/wp\/v2\/users\/2"}],"replies":[{"embeddable":true,"href":"https:\/\/sudoesteacontece.com.br\/index.php?rest_route=%2Fwp%2Fv2%2Fcomments&post=2976"}],"version-history":[{"count":0,"href":"https:\/\/sudoesteacontece.com.br\/index.php?rest_route=\/wp\/v2\/posts\/2976\/revisions"}],"wp:featuredmedia":[{"embeddable":true,"href":"https:\/\/sudoesteacontece.com.br\/index.php?rest_route=\/wp\/v2\/media\/3002"}],"wp:attachment":[{"href":"https:\/\/sudoesteacontece.com.br\/index.php?rest_route=%2Fwp%2Fv2%2Fmedia&parent=2976"}],"wp:term":[{"taxonomy":"category","embeddable":true,"href":"https:\/\/sudoesteacontece.com.br\/index.php?rest_route=%2Fwp%2Fv2%2Fcategories&post=2976"},{"taxonomy":"post_tag","embeddable":true,"href":"https:\/\/sudoesteacontece.com.br\/index.php?rest_route=%2Fwp%2Fv2%2Ftags&post=2976"}],"curies":[{"name":"wp","href":"https:\/\/api.w.org\/{rel}","templated":true}]}}