{"id":2978,"date":"2025-11-19T11:25:10","date_gmt":"2025-11-19T14:25:10","guid":{"rendered":"https:\/\/sudoesteacontece.com.br\/?p=2978"},"modified":"2025-11-19T11:25:12","modified_gmt":"2025-11-19T14:25:12","slug":"homem-vai-a-delegacia-para-depor-e-acaba-preso-ao-ter-mandado-descoberto-em-ibiassuce","status":"publish","type":"post","link":"https:\/\/sudoesteacontece.com.br\/?p=2978","title":{"rendered":"Homem vai \u00e0 delegacia para depor e acaba preso ao ter mandado descoberto em Ibiassuc\u00ea"},"content":{"rendered":"<div class=\"wp-block-image\">\n<figure class=\"aligncenter size-full\"><img fetchpriority=\"high\" decoding=\"async\" width=\"900\" height=\"600\" src=\"http:\/\/sudoesteacontece.com.br\/wp-content\/uploads\/2025\/11\/Homem-vai-a-delegacia-para-depor-e-acaba-preso-ao-ter-mandado-descoberto-em-Ibiassuce-sudoeste-acontece.jpg\" alt=\"\" class=\"wp-image-3009\" srcset=\"https:\/\/sudoesteacontece.com.br\/wp-content\/uploads\/2025\/11\/Homem-vai-a-delegacia-para-depor-e-acaba-preso-ao-ter-mandado-descoberto-em-Ibiassuce-sudoeste-acontece.jpg 900w, https:\/\/sudoesteacontece.com.br\/wp-content\/uploads\/2025\/11\/Homem-vai-a-delegacia-para-depor-e-acaba-preso-ao-ter-mandado-descoberto-em-Ibiassuce-sudoeste-acontece-300x200.jpg 300w, https:\/\/sudoesteacontece.com.br\/wp-content\/uploads\/2025\/11\/Homem-vai-a-delegacia-para-depor-e-acaba-preso-ao-ter-mandado-descoberto-em-Ibiassuce-sudoeste-acontece-768x512.jpg 768w\" sizes=\"(max-width: 900px) 100vw, 900px\" \/><\/figure>\n<\/div>\n\n\n<p>Um homem com mandado de pris\u00e3o em aberto foi detido dentro da Delegacia de Policia Civil de Ibiassuc\u00ea na manh\u00e3 desta ter\u00e7a-feira (18). Ele havia comparecido ao local ap\u00f3s ser intimado para prestar esclarecimentos em um caso de viol\u00eancia dom\u00e9stica.<\/p>\n\n\n\n<p>Policiais identificaram a ordem judicial durante o processo de qualifica\u00e7\u00e3o. Ao consultar o sistema, a equipe constatou que havia um mandado de pris\u00e3o expedido pelo Tribunal de Justi\u00e7a de S\u00e3o Paulo (TJ-SP) contra o investigado. A situa\u00e7\u00e3o levou \u00e0 pris\u00e3o imediata do homem, que n\u00e3o apresentou resist\u00eancia.<\/p>\n\n\n\n<p>Os agentes cumpriram a ordem judicial e adotaram todos os procedimentos legais necess\u00e1rios. O detido foi transferido para a Delegacia de Pol\u00edcia de Guanambi, onde permanece \u00e0 disposi\u00e7\u00e3o da Justi\u00e7a. A unidade deve dar continuidade aos tr\u00e2mites at\u00e9 a defini\u00e7\u00e3o do destino do preso pelo Judici\u00e1rio paulista.<\/p>\n","protected":false},"excerpt":{"rendered":"<p>Um homem com mandado de pris\u00e3o em aberto foi detido dentro da Delegacia de Policia Civil de Ibiassuc\u00ea na manh\u00e3 desta ter\u00e7a-feira (18). Ele havia comparecido ao local ap\u00f3s ser intimado para prestar esclarecimentos em um caso de viol\u00eancia dom\u00e9stica. Policiais identificaram a ordem judicial durante o processo de qualifica\u00e7\u00e3o. Ao consultar o sistema, a equipe constatou que havia um mandado de pris\u00e3o expedido pelo Tribunal de Justi\u00e7a de S\u00e3o Paulo (TJ-SP) contra o investigado. A situa\u00e7\u00e3o levou \u00e0 pris\u00e3o imediata do homem, que n\u00e3o apresentou resist\u00eancia. Os agentes cumpriram a ordem judicial e adotaram todos os procedimentos legais necess\u00e1rios. O detido foi transferido para a Delegacia de Pol\u00edcia de Guanambi, onde permanece \u00e0 disposi\u00e7\u00e3o da Justi\u00e7a. A unidade deve dar continuidade aos tr\u00e2mites at\u00e9 a defini\u00e7\u00e3o do destino do preso pelo Judici\u00e1rio paulista.<\/p>\n","protected":false},"author":2,"featured_media":3009,"comment_status":"open","ping_status":"open","sticky":false,"template":"","format":"standard","meta":{"footnotes":""},"categories":[4,88,3],"tags":[],"class_list":["post-2978","post","type-post","status-publish","format-standard","has-post-thumbnail","hentry","category-cidades","category-ibiassuce","category-policia"],"yoast_head":"<!-- This site is optimized with the Yoast SEO plugin v26.5 - https:\/\/yoast.com\/wordpress\/plugins\/seo\/ -->\n<title>Homem vai \u00e0 delegacia para depor e acaba preso ao ter mandado descoberto em Ibiassuc\u00ea - Sudoesteacontece<\/title>\n<meta name=\"robots\" content=\"index, follow, max-snippet:-1, max-image-preview:large, max-video-preview:-1\" \/>\n<link rel=\"canonical\" href=\"http:\/\/sudoesteacontece.com.br\/?p=2978\" \/>\n<meta property=\"og:locale\" content=\"pt_BR\" \/>\n<meta property=\"og:type\" content=\"article\" \/>\n<meta property=\"og:title\" content=\"Homem vai \u00e0 delegacia para depor e acaba preso ao ter mandado descoberto em Ibiassuc\u00ea - Sudoesteacontece\" \/>\n<meta property=\"og:description\" content=\"Um homem com mandado de pris\u00e3o em aberto foi detido dentro da Delegacia de Policia Civil de Ibiassuc\u00ea na manh\u00e3 desta ter\u00e7a-feira (18). Ele havia comparecido ao local ap\u00f3s ser intimado para prestar esclarecimentos em um caso de viol\u00eancia dom\u00e9stica. Policiais identificaram a ordem judicial durante o processo de qualifica\u00e7\u00e3o. Ao consultar o sistema, a equipe constatou que havia um mandado de pris\u00e3o expedido pelo Tribunal de Justi\u00e7a de S\u00e3o Paulo (TJ-SP) contra o investigado. A situa\u00e7\u00e3o levou \u00e0 pris\u00e3o imediata do homem, que n\u00e3o apresentou resist\u00eancia. Os agentes cumpriram a ordem judicial e adotaram todos os procedimentos legais necess\u00e1rios. O detido foi transferido para a Delegacia de Pol\u00edcia de Guanambi, onde permanece \u00e0 disposi\u00e7\u00e3o da Justi\u00e7a. A unidade deve dar continuidade aos tr\u00e2mites at\u00e9 a defini\u00e7\u00e3o do destino do preso pelo Judici\u00e1rio paulista.\" \/>\n<meta property=\"og:url\" content=\"http:\/\/sudoesteacontece.com.br\/?p=2978\" \/>\n<meta property=\"og:site_name\" content=\"Sudoesteacontece\" \/>\n<meta property=\"article:publisher\" content=\"https:\/\/www.facebook.com\/sudoesteacontece\/?locale=pt_BR\" \/>\n<meta property=\"article:published_time\" content=\"2025-11-19T14:25:10+00:00\" \/>\n<meta property=\"article:modified_time\" content=\"2025-11-19T14:25:12+00:00\" \/>\n<meta property=\"og:image\" content=\"http:\/\/sudoesteacontece.com.br\/wp-content\/uploads\/2025\/11\/Homem-vai-a-delegacia-para-depor-e-acaba-preso-ao-ter-mandado-descoberto-em-Ibiassuce-sudoeste-acontece.jpg\" \/>\n\t<meta property=\"og:image:width\" content=\"900\" \/>\n\t<meta property=\"og:image:height\" content=\"600\" \/>\n\t<meta property=\"og:image:type\" content=\"image\/jpeg\" \/>\n<meta name=\"author\" content=\"Washington Tiago\" \/>\n<meta name=\"twitter:card\" content=\"summary_large_image\" \/>\n<meta name=\"twitter:label1\" content=\"Escrito por\" \/>\n\t<meta name=\"twitter:data1\" content=\"Washington Tiago\" \/>\n\t<meta name=\"twitter:label2\" content=\"Est. tempo de leitura\" \/>\n\t<meta name=\"twitter:data2\" content=\"1 minuto\" \/>\n<script type=\"application\/ld+json\" class=\"yoast-schema-graph\">{\"@context\":\"https:\/\/schema.org\",\"@graph\":[{\"@type\":\"Article\",\"@id\":\"http:\/\/sudoesteacontece.com.br\/?p=2978#article\",\"isPartOf\":{\"@id\":\"http:\/\/sudoesteacontece.com.br\/?p=2978\"},\"author\":{\"name\":\"Washington Tiago\",\"@id\":\"https:\/\/sudoesteacontece.com.br\/#\/schema\/person\/3cf2cf009926a9683ebc29d5379fa79c\"},\"headline\":\"Homem vai \u00e0 delegacia para depor e acaba preso ao ter mandado descoberto em Ibiassuc\u00ea\",\"datePublished\":\"2025-11-19T14:25:10+00:00\",\"dateModified\":\"2025-11-19T14:25:12+00:00\",\"mainEntityOfPage\":{\"@id\":\"http:\/\/sudoesteacontece.com.br\/?p=2978\"},\"wordCount\":165,\"commentCount\":0,\"publisher\":{\"@id\":\"https:\/\/sudoesteacontece.com.br\/#organization\"},\"image\":{\"@id\":\"http:\/\/sudoesteacontece.com.br\/?p=2978#primaryimage\"},\"thumbnailUrl\":\"https:\/\/sudoesteacontece.com.br\/wp-content\/uploads\/2025\/11\/Homem-vai-a-delegacia-para-depor-e-acaba-preso-ao-ter-mandado-descoberto-em-Ibiassuce-sudoeste-acontece.jpg\",\"articleSection\":[\"Cidades\",\"Ibiassuc\u00ea\",\"Pol\u00edcia\"],\"inLanguage\":\"pt-BR\",\"potentialAction\":[{\"@type\":\"CommentAction\",\"name\":\"Comment\",\"target\":[\"http:\/\/sudoesteacontece.com.br\/?p=2978#respond\"]}]},{\"@type\":\"WebPage\",\"@id\":\"http:\/\/sudoesteacontece.com.br\/?p=2978\",\"url\":\"http:\/\/sudoesteacontece.com.br\/?p=2978\",\"name\":\"Homem vai \u00e0 delegacia para depor e acaba preso ao ter mandado descoberto em Ibiassuc\u00ea - Sudoesteacontece\",\"isPartOf\":{\"@id\":\"https:\/\/sudoesteacontece.com.br\/#website\"},\"primaryImageOfPage\":{\"@id\":\"http:\/\/sudoesteacontece.com.br\/?p=2978#primaryimage\"},\"image\":{\"@id\":\"http:\/\/sudoesteacontece.com.br\/?p=2978#primaryimage\"},\"thumbnailUrl\":\"https:\/\/sudoesteacontece.com.br\/wp-content\/uploads\/2025\/11\/Homem-vai-a-delegacia-para-depor-e-acaba-preso-ao-ter-mandado-descoberto-em-Ibiassuce-sudoeste-acontece.jpg\",\"datePublished\":\"2025-11-19T14:25:10+00:00\",\"dateModified\":\"2025-11-19T14:25:12+00:00\",\"breadcrumb\":{\"@id\":\"http:\/\/sudoesteacontece.com.br\/?p=2978#breadcrumb\"},\"inLanguage\":\"pt-BR\",\"potentialAction\":[{\"@type\":\"ReadAction\",\"target\":[\"http:\/\/sudoesteacontece.com.br\/?p=2978\"]}]},{\"@type\":\"ImageObject\",\"inLanguage\":\"pt-BR\",\"@id\":\"http:\/\/sudoesteacontece.com.br\/?p=2978#primaryimage\",\"url\":\"https:\/\/sudoesteacontece.com.br\/wp-content\/uploads\/2025\/11\/Homem-vai-a-delegacia-para-depor-e-acaba-preso-ao-ter-mandado-descoberto-em-Ibiassuce-sudoeste-acontece.jpg\",\"contentUrl\":\"https:\/\/sudoesteacontece.com.br\/wp-content\/uploads\/2025\/11\/Homem-vai-a-delegacia-para-depor-e-acaba-preso-ao-ter-mandado-descoberto-em-Ibiassuce-sudoeste-acontece.jpg\",\"width\":900,\"height\":600},{\"@type\":\"BreadcrumbList\",\"@id\":\"http:\/\/sudoesteacontece.com.br\/?p=2978#breadcrumb\",\"itemListElement\":[{\"@type\":\"ListItem\",\"position\":1,\"name\":\"In\u00edcio\",\"item\":\"https:\/\/sudoesteacontece.com.br\/\"},{\"@type\":\"ListItem\",\"position\":2,\"name\":\"Homem vai \u00e0 delegacia para depor e acaba preso ao ter mandado descoberto em Ibiassuc\u00ea\"}]},{\"@type\":\"WebSite\",\"@id\":\"https:\/\/sudoesteacontece.com.br\/#website\",\"url\":\"https:\/\/sudoesteacontece.com.br\/\",\"name\":\"Sudoesteacontece\",\"description\":\"\",\"publisher\":{\"@id\":\"https:\/\/sudoesteacontece.com.br\/#organization\"},\"potentialAction\":[{\"@type\":\"SearchAction\",\"target\":{\"@type\":\"EntryPoint\",\"urlTemplate\":\"https:\/\/sudoesteacontece.com.br\/?s={search_term_string}\"},\"query-input\":{\"@type\":\"PropertyValueSpecification\",\"valueRequired\":true,\"valueName\":\"search_term_string\"}}],\"inLanguage\":\"pt-BR\"},{\"@type\":\"Organization\",\"@id\":\"https:\/\/sudoesteacontece.com.br\/#organization\",\"name\":\"Sudoesteacontece\",\"url\":\"https:\/\/sudoesteacontece.com.br\/\",\"logo\":{\"@type\":\"ImageObject\",\"inLanguage\":\"pt-BR\",\"@id\":\"https:\/\/sudoesteacontece.com.br\/#\/schema\/logo\/image\/\",\"url\":\"https:\/\/sudoesteacontece.com.br\/wp-content\/uploads\/2025\/12\/cropped-logo-2-180x180-1.png\",\"contentUrl\":\"https:\/\/sudoesteacontece.com.br\/wp-content\/uploads\/2025\/12\/cropped-logo-2-180x180-1.png\",\"width\":180,\"height\":180,\"caption\":\"Sudoesteacontece\"},\"image\":{\"@id\":\"https:\/\/sudoesteacontece.com.br\/#\/schema\/logo\/image\/\"},\"sameAs\":[\"https:\/\/www.facebook.com\/sudoesteacontece\/?locale=pt_BR\"]},{\"@type\":\"Person\",\"@id\":\"https:\/\/sudoesteacontece.com.br\/#\/schema\/person\/3cf2cf009926a9683ebc29d5379fa79c\",\"name\":\"Washington Tiago\",\"image\":{\"@type\":\"ImageObject\",\"inLanguage\":\"pt-BR\",\"@id\":\"https:\/\/sudoesteacontece.com.br\/#\/schema\/person\/image\/\",\"url\":\"https:\/\/secure.gravatar.com\/avatar\/33c43b8668157e040f9d1fe93c354bf087cbd8ba36270c1163198bd3ddcf2a56?s=96&d=mm&r=g\",\"contentUrl\":\"https:\/\/secure.gravatar.com\/avatar\/33c43b8668157e040f9d1fe93c354bf087cbd8ba36270c1163198bd3ddcf2a56?s=96&d=mm&r=g\",\"caption\":\"Washington Tiago\"},\"url\":\"https:\/\/sudoesteacontece.com.br\/?author=2\"}]}<\/script>\n<!-- \/ Yoast SEO plugin. -->","yoast_head_json":{"title":"Homem vai \u00e0 delegacia para depor e acaba preso ao ter mandado descoberto em Ibiassuc\u00ea - Sudoesteacontece","robots":{"index":"index","follow":"follow","max-snippet":"max-snippet:-1","max-image-preview":"max-image-preview:large","max-video-preview":"max-video-preview:-1"},"canonical":"http:\/\/sudoesteacontece.com.br\/?p=2978","og_locale":"pt_BR","og_type":"article","og_title":"Homem vai \u00e0 delegacia para depor e acaba preso ao ter mandado descoberto em Ibiassuc\u00ea - Sudoesteacontece","og_description":"Um homem com mandado de pris\u00e3o em aberto foi detido dentro da Delegacia de Policia Civil de Ibiassuc\u00ea na manh\u00e3 desta ter\u00e7a-feira (18). Ele havia comparecido ao local ap\u00f3s ser intimado para prestar esclarecimentos em um caso de viol\u00eancia dom\u00e9stica. Policiais identificaram a ordem judicial durante o processo de qualifica\u00e7\u00e3o. Ao consultar o sistema, a equipe constatou que havia um mandado de pris\u00e3o expedido pelo Tribunal de Justi\u00e7a de S\u00e3o Paulo (TJ-SP) contra o investigado. A situa\u00e7\u00e3o levou \u00e0 pris\u00e3o imediata do homem, que n\u00e3o apresentou resist\u00eancia. Os agentes cumpriram a ordem judicial e adotaram todos os procedimentos legais necess\u00e1rios. O detido foi transferido para a Delegacia de Pol\u00edcia de Guanambi, onde permanece \u00e0 disposi\u00e7\u00e3o da Justi\u00e7a. A unidade deve dar continuidade aos tr\u00e2mites at\u00e9 a defini\u00e7\u00e3o do destino do preso pelo Judici\u00e1rio paulista.","og_url":"http:\/\/sudoesteacontece.com.br\/?p=2978","og_site_name":"Sudoesteacontece","article_publisher":"https:\/\/www.facebook.com\/sudoesteacontece\/?locale=pt_BR","article_published_time":"2025-11-19T14:25:10+00:00","article_modified_time":"2025-11-19T14:25:12+00:00","og_image":[{"width":900,"height":600,"url":"http:\/\/sudoesteacontece.com.br\/wp-content\/uploads\/2025\/11\/Homem-vai-a-delegacia-para-depor-e-acaba-preso-ao-ter-mandado-descoberto-em-Ibiassuce-sudoeste-acontece.jpg","type":"image\/jpeg"}],"author":"Washington Tiago","twitter_card":"summary_large_image","twitter_misc":{"Escrito por":"Washington Tiago","Est. tempo de leitura":"1 minuto"},"schema":{"@context":"https:\/\/schema.org","@graph":[{"@type":"Article","@id":"http:\/\/sudoesteacontece.com.br\/?p=2978#article","isPartOf":{"@id":"http:\/\/sudoesteacontece.com.br\/?p=2978"},"author":{"name":"Washington Tiago","@id":"https:\/\/sudoesteacontece.com.br\/#\/schema\/person\/3cf2cf009926a9683ebc29d5379fa79c"},"headline":"Homem vai \u00e0 delegacia para depor e acaba preso ao ter mandado descoberto em Ibiassuc\u00ea","datePublished":"2025-11-19T14:25:10+00:00","dateModified":"2025-11-19T14:25:12+00:00","mainEntityOfPage":{"@id":"http:\/\/sudoesteacontece.com.br\/?p=2978"},"wordCount":165,"commentCount":0,"publisher":{"@id":"https:\/\/sudoesteacontece.com.br\/#organization"},"image":{"@id":"http:\/\/sudoesteacontece.com.br\/?p=2978#primaryimage"},"thumbnailUrl":"https:\/\/sudoesteacontece.com.br\/wp-content\/uploads\/2025\/11\/Homem-vai-a-delegacia-para-depor-e-acaba-preso-ao-ter-mandado-descoberto-em-Ibiassuce-sudoeste-acontece.jpg","articleSection":["Cidades","Ibiassuc\u00ea","Pol\u00edcia"],"inLanguage":"pt-BR","potentialAction":[{"@type":"CommentAction","name":"Comment","target":["http:\/\/sudoesteacontece.com.br\/?p=2978#respond"]}]},{"@type":"WebPage","@id":"http:\/\/sudoesteacontece.com.br\/?p=2978","url":"http:\/\/sudoesteacontece.com.br\/?p=2978","name":"Homem vai \u00e0 delegacia para depor e acaba preso ao ter mandado descoberto em Ibiassuc\u00ea - Sudoesteacontece","isPartOf":{"@id":"https:\/\/sudoesteacontece.com.br\/#website"},"primaryImageOfPage":{"@id":"http:\/\/sudoesteacontece.com.br\/?p=2978#primaryimage"},"image":{"@id":"http:\/\/sudoesteacontece.com.br\/?p=2978#primaryimage"},"thumbnailUrl":"https:\/\/sudoesteacontece.com.br\/wp-content\/uploads\/2025\/11\/Homem-vai-a-delegacia-para-depor-e-acaba-preso-ao-ter-mandado-descoberto-em-Ibiassuce-sudoeste-acontece.jpg","datePublished":"2025-11-19T14:25:10+00:00","dateModified":"2025-11-19T14:25:12+00:00","breadcrumb":{"@id":"http:\/\/sudoesteacontece.com.br\/?p=2978#breadcrumb"},"inLanguage":"pt-BR","potentialAction":[{"@type":"ReadAction","target":["http:\/\/sudoesteacontece.com.br\/?p=2978"]}]},{"@type":"ImageObject","inLanguage":"pt-BR","@id":"http:\/\/sudoesteacontece.com.br\/?p=2978#primaryimage","url":"https:\/\/sudoesteacontece.com.br\/wp-content\/uploads\/2025\/11\/Homem-vai-a-delegacia-para-depor-e-acaba-preso-ao-ter-mandado-descoberto-em-Ibiassuce-sudoeste-acontece.jpg","contentUrl":"https:\/\/sudoesteacontece.com.br\/wp-content\/uploads\/2025\/11\/Homem-vai-a-delegacia-para-depor-e-acaba-preso-ao-ter-mandado-descoberto-em-Ibiassuce-sudoeste-acontece.jpg","width":900,"height":600},{"@type":"BreadcrumbList","@id":"http:\/\/sudoesteacontece.com.br\/?p=2978#breadcrumb","itemListElement":[{"@type":"ListItem","position":1,"name":"In\u00edcio","item":"https:\/\/sudoesteacontece.com.br\/"},{"@type":"ListItem","position":2,"name":"Homem vai \u00e0 delegacia para depor e acaba preso ao ter mandado descoberto em Ibiassuc\u00ea"}]},{"@type":"WebSite","@id":"https:\/\/sudoesteacontece.com.br\/#website","url":"https:\/\/sudoesteacontece.com.br\/","name":"Sudoesteacontece","description":"","publisher":{"@id":"https:\/\/sudoesteacontece.com.br\/#organization"},"potentialAction":[{"@type":"SearchAction","target":{"@type":"EntryPoint","urlTemplate":"https:\/\/sudoesteacontece.com.br\/?s={search_term_string}"},"query-input":{"@type":"PropertyValueSpecification","valueRequired":true,"valueName":"search_term_string"}}],"inLanguage":"pt-BR"},{"@type":"Organization","@id":"https:\/\/sudoesteacontece.com.br\/#organization","name":"Sudoesteacontece","url":"https:\/\/sudoesteacontece.com.br\/","logo":{"@type":"ImageObject","inLanguage":"pt-BR","@id":"https:\/\/sudoesteacontece.com.br\/#\/schema\/logo\/image\/","url":"https:\/\/sudoesteacontece.com.br\/wp-content\/uploads\/2025\/12\/cropped-logo-2-180x180-1.png","contentUrl":"https:\/\/sudoesteacontece.com.br\/wp-content\/uploads\/2025\/12\/cropped-logo-2-180x180-1.png","width":180,"height":180,"caption":"Sudoesteacontece"},"image":{"@id":"https:\/\/sudoesteacontece.com.br\/#\/schema\/logo\/image\/"},"sameAs":["https:\/\/www.facebook.com\/sudoesteacontece\/?locale=pt_BR"]},{"@type":"Person","@id":"https:\/\/sudoesteacontece.com.br\/#\/schema\/person\/3cf2cf009926a9683ebc29d5379fa79c","name":"Washington Tiago","image":{"@type":"ImageObject","inLanguage":"pt-BR","@id":"https:\/\/sudoesteacontece.com.br\/#\/schema\/person\/image\/","url":"https:\/\/secure.gravatar.com\/avatar\/33c43b8668157e040f9d1fe93c354bf087cbd8ba36270c1163198bd3ddcf2a56?s=96&d=mm&r=g","contentUrl":"https:\/\/secure.gravatar.com\/avatar\/33c43b8668157e040f9d1fe93c354bf087cbd8ba36270c1163198bd3ddcf2a56?s=96&d=mm&r=g","caption":"Washington Tiago"},"url":"https:\/\/sudoesteacontece.com.br\/?author=2"}]}},"_links":{"self":[{"href":"https:\/\/sudoesteacontece.com.br\/index.php?rest_route=\/wp\/v2\/posts\/2978","targetHints":{"allow":["GET"]}}],"collection":[{"href":"https:\/\/sudoesteacontece.com.br\/index.php?rest_route=\/wp\/v2\/posts"}],"about":[{"href":"https:\/\/sudoesteacontece.com.br\/index.php?rest_route=\/wp\/v2\/types\/post"}],"author":[{"embeddable":true,"href":"https:\/\/sudoesteacontece.com.br\/index.php?rest_route=\/wp\/v2\/users\/2"}],"replies":[{"embeddable":true,"href":"https:\/\/sudoesteacontece.com.br\/index.php?rest_route=%2Fwp%2Fv2%2Fcomments&post=2978"}],"version-history":[{"count":0,"href":"https:\/\/sudoesteacontece.com.br\/index.php?rest_route=\/wp\/v2\/posts\/2978\/revisions"}],"wp:featuredmedia":[{"embeddable":true,"href":"https:\/\/sudoesteacontece.com.br\/index.php?rest_route=\/wp\/v2\/media\/3009"}],"wp:attachment":[{"href":"https:\/\/sudoesteacontece.com.br\/index.php?rest_route=%2Fwp%2Fv2%2Fmedia&parent=2978"}],"wp:term":[{"taxonomy":"category","embeddable":true,"href":"https:\/\/sudoesteacontece.com.br\/index.php?rest_route=%2Fwp%2Fv2%2Fcategories&post=2978"},{"taxonomy":"post_tag","embeddable":true,"href":"https:\/\/sudoesteacontece.com.br\/index.php?rest_route=%2Fwp%2Fv2%2Ftags&post=2978"}],"curies":[{"name":"wp","href":"https:\/\/api.w.org\/{rel}","templated":true}]}}