{"id":2979,"date":"2025-11-19T11:07:57","date_gmt":"2025-11-19T14:07:57","guid":{"rendered":"https:\/\/sudoesteacontece.com.br\/?p=2979"},"modified":"2025-11-19T11:07:59","modified_gmt":"2025-11-19T14:07:59","slug":"brumado-avanca-fabricio-abrantes-homologa-contrato-para-modernizar-iluminacao-publica","status":"publish","type":"post","link":"https:\/\/sudoesteacontece.com.br\/?p=2979","title":{"rendered":"Brumado avan\u00e7a: Fabr\u00edcio Abrantes homologa contrato para modernizar ilumina\u00e7\u00e3o p\u00fablica"},"content":{"rendered":"<div class=\"wp-block-image\">\n<figure class=\"aligncenter size-full\"><img fetchpriority=\"high\" decoding=\"async\" width=\"1000\" height=\"864\" src=\"http:\/\/sudoesteacontece.com.br\/wp-content\/uploads\/2025\/10\/Fabricio-Abrantes-parabeniza-servidores-de-Brumado-e-destaca-a-importancia-do-trabalho-publico-para-a-cidade-sudoester-acontece.webp\" alt=\"\" class=\"wp-image-1189\" srcset=\"https:\/\/sudoesteacontece.com.br\/wp-content\/uploads\/2025\/10\/Fabricio-Abrantes-parabeniza-servidores-de-Brumado-e-destaca-a-importancia-do-trabalho-publico-para-a-cidade-sudoester-acontece.webp 1000w, https:\/\/sudoesteacontece.com.br\/wp-content\/uploads\/2025\/10\/Fabricio-Abrantes-parabeniza-servidores-de-Brumado-e-destaca-a-importancia-do-trabalho-publico-para-a-cidade-sudoester-acontece-300x259.webp 300w, https:\/\/sudoesteacontece.com.br\/wp-content\/uploads\/2025\/10\/Fabricio-Abrantes-parabeniza-servidores-de-Brumado-e-destaca-a-importancia-do-trabalho-publico-para-a-cidade-sudoester-acontece-768x664.webp 768w\" sizes=\"(max-width: 1000px) 100vw, 1000px\" \/><\/figure>\n<\/div>\n\n\n<p>Brumado deu um passo importante rumo \u00e0 moderniza\u00e7\u00e3o da infraestrutura urbana. O prefeito Fabr\u00edcio Abrantes (Avante) homologou, nesta segunda-feira (17), a ades\u00e3o \u00e0 Ata de Registro de Pre\u00e7os n\u00ba 008\/2025, que garante a contrata\u00e7\u00e3o de servi\u00e7os e materiais destinados ao Projeto Cidade Iluminada.<\/p>\n\n\n\n<p>Iniciativa p\u00f5e fim a uma s\u00e9rie de entraves burocr\u00e1ticos que atrasavam o processo licitat\u00f3rio. Com a homologa\u00e7\u00e3o, a empresa S\u00e3o Bento Lighting Solutions Ltda foi oficialmente contratada pelo valor de R$ 5.284.837,63, em um acordo v\u00e1lido por 12 meses.<\/p>\n\n\n\n<p>Pacote de melhorias inclui moderniza\u00e7\u00e3o completa do sistema de ilumina\u00e7\u00e3o p\u00fablica. Prefeitura vai substituir equipamentos, instalar l\u00e2mpadas em LED, implementar solu\u00e7\u00f5es de telegest\u00e3o e realizar o georreferenciamento de toda a rede, garantindo mais economia, efici\u00eancia e seguran\u00e7a.<\/p>\n\n\n\n<p>Gest\u00e3o municipal prev\u00ea um mutir\u00e3o para atender \u00e1reas urbanas e rurais. A expectativa \u00e9 acelerar a expans\u00e3o do Cidade Iluminada, projeto que j\u00e1 contemplou bairros como Brisas I, II, III e IV, localizados fora do corredor central da cidade.<\/p>\n\n\n\n<p>O investimento refor\u00e7a o compromisso da administra\u00e7\u00e3o com tecnologia, sustentabilidade e qualidade de vida. A chegada da ilumina\u00e7\u00e3o moderna deve reduzir custos, ampliar a durabilidade dos equipamentos e aumentar a sensa\u00e7\u00e3o de seguran\u00e7a nas ruas.<\/p>\n","protected":false},"excerpt":{"rendered":"<p>Brumado deu um passo importante rumo \u00e0 moderniza\u00e7\u00e3o da infraestrutura urbana. O prefeito Fabr\u00edcio Abrantes (Avante) homologou, nesta segunda-feira (17), a ades\u00e3o \u00e0 Ata de Registro de Pre\u00e7os n\u00ba 008\/2025, que garante a contrata\u00e7\u00e3o de servi\u00e7os e materiais destinados ao Projeto Cidade Iluminada. Iniciativa p\u00f5e fim a uma s\u00e9rie de entraves burocr\u00e1ticos que atrasavam o processo licitat\u00f3rio. Com a homologa\u00e7\u00e3o, a empresa S\u00e3o Bento Lighting Solutions Ltda foi oficialmente contratada pelo valor de R$ 5.284.837,63, em um acordo v\u00e1lido por 12 meses. Pacote de melhorias inclui moderniza\u00e7\u00e3o completa do sistema de ilumina\u00e7\u00e3o p\u00fablica. Prefeitura vai substituir equipamentos, instalar l\u00e2mpadas em LED, implementar solu\u00e7\u00f5es de telegest\u00e3o e realizar o georreferenciamento de toda a rede, garantindo mais economia, efici\u00eancia e seguran\u00e7a. Gest\u00e3o municipal prev\u00ea um mutir\u00e3o para atender \u00e1reas urbanas e rurais. A expectativa \u00e9 acelerar a expans\u00e3o do Cidade Iluminada, projeto que j\u00e1 contemplou bairros como Brisas I, II, III e IV, localizados fora do corredor central da cidade. O investimento refor\u00e7a o compromisso da administra\u00e7\u00e3o com tecnologia, sustentabilidade e qualidade de vida. A chegada da ilumina\u00e7\u00e3o moderna deve reduzir custos, ampliar a durabilidade dos equipamentos e aumentar a sensa\u00e7\u00e3o de seguran\u00e7a nas ruas.<\/p>\n","protected":false},"author":2,"featured_media":1189,"comment_status":"open","ping_status":"open","sticky":false,"template":"","format":"standard","meta":{"footnotes":""},"categories":[10,4,6],"tags":[],"class_list":["post-2979","post","type-post","status-publish","format-standard","has-post-thumbnail","hentry","category-brumado","category-cidades","category-politica"],"yoast_head":"<!-- This site is optimized with the Yoast SEO plugin v26.5 - https:\/\/yoast.com\/wordpress\/plugins\/seo\/ -->\n<title>Brumado avan\u00e7a: Fabr\u00edcio Abrantes homologa contrato para modernizar ilumina\u00e7\u00e3o p\u00fablica - Sudoesteacontece<\/title>\n<meta name=\"robots\" content=\"index, follow, max-snippet:-1, max-image-preview:large, max-video-preview:-1\" \/>\n<link rel=\"canonical\" href=\"http:\/\/sudoesteacontece.com.br\/?p=2979\" \/>\n<meta property=\"og:locale\" content=\"pt_BR\" \/>\n<meta property=\"og:type\" content=\"article\" \/>\n<meta property=\"og:title\" content=\"Brumado avan\u00e7a: Fabr\u00edcio Abrantes homologa contrato para modernizar ilumina\u00e7\u00e3o p\u00fablica - Sudoesteacontece\" \/>\n<meta property=\"og:description\" content=\"Brumado deu um passo importante rumo \u00e0 moderniza\u00e7\u00e3o da infraestrutura urbana. O prefeito Fabr\u00edcio Abrantes (Avante) homologou, nesta segunda-feira (17), a ades\u00e3o \u00e0 Ata de Registro de Pre\u00e7os n\u00ba 008\/2025, que garante a contrata\u00e7\u00e3o de servi\u00e7os e materiais destinados ao Projeto Cidade Iluminada. Iniciativa p\u00f5e fim a uma s\u00e9rie de entraves burocr\u00e1ticos que atrasavam o processo licitat\u00f3rio. Com a homologa\u00e7\u00e3o, a empresa S\u00e3o Bento Lighting Solutions Ltda foi oficialmente contratada pelo valor de R$ 5.284.837,63, em um acordo v\u00e1lido por 12 meses. Pacote de melhorias inclui moderniza\u00e7\u00e3o completa do sistema de ilumina\u00e7\u00e3o p\u00fablica. Prefeitura vai substituir equipamentos, instalar l\u00e2mpadas em LED, implementar solu\u00e7\u00f5es de telegest\u00e3o e realizar o georreferenciamento de toda a rede, garantindo mais economia, efici\u00eancia e seguran\u00e7a. Gest\u00e3o municipal prev\u00ea um mutir\u00e3o para atender \u00e1reas urbanas e rurais. A expectativa \u00e9 acelerar a expans\u00e3o do Cidade Iluminada, projeto que j\u00e1 contemplou bairros como Brisas I, II, III e IV, localizados fora do corredor central da cidade. O investimento refor\u00e7a o compromisso da administra\u00e7\u00e3o com tecnologia, sustentabilidade e qualidade de vida. A chegada da ilumina\u00e7\u00e3o moderna deve reduzir custos, ampliar a durabilidade dos equipamentos e aumentar a sensa\u00e7\u00e3o de seguran\u00e7a nas ruas.\" \/>\n<meta property=\"og:url\" content=\"http:\/\/sudoesteacontece.com.br\/?p=2979\" \/>\n<meta property=\"og:site_name\" content=\"Sudoesteacontece\" \/>\n<meta property=\"article:publisher\" content=\"https:\/\/www.facebook.com\/sudoesteacontece\/?locale=pt_BR\" \/>\n<meta property=\"article:published_time\" content=\"2025-11-19T14:07:57+00:00\" \/>\n<meta property=\"article:modified_time\" content=\"2025-11-19T14:07:59+00:00\" \/>\n<meta property=\"og:image\" content=\"http:\/\/sudoesteacontece.com.br\/wp-content\/uploads\/2025\/10\/Fabricio-Abrantes-parabeniza-servidores-de-Brumado-e-destaca-a-importancia-do-trabalho-publico-para-a-cidade-sudoester-acontece.webp\" \/>\n\t<meta property=\"og:image:width\" content=\"1000\" \/>\n\t<meta property=\"og:image:height\" content=\"864\" \/>\n\t<meta property=\"og:image:type\" content=\"image\/webp\" \/>\n<meta name=\"author\" content=\"Washington Tiago\" \/>\n<meta name=\"twitter:card\" content=\"summary_large_image\" \/>\n<meta name=\"twitter:label1\" content=\"Escrito por\" \/>\n\t<meta name=\"twitter:data1\" content=\"Washington Tiago\" \/>\n\t<meta name=\"twitter:label2\" content=\"Est. tempo de leitura\" \/>\n\t<meta name=\"twitter:data2\" content=\"1 minuto\" \/>\n<script type=\"application\/ld+json\" class=\"yoast-schema-graph\">{\"@context\":\"https:\/\/schema.org\",\"@graph\":[{\"@type\":\"Article\",\"@id\":\"http:\/\/sudoesteacontece.com.br\/?p=2979#article\",\"isPartOf\":{\"@id\":\"http:\/\/sudoesteacontece.com.br\/?p=2979\"},\"author\":{\"name\":\"Washington Tiago\",\"@id\":\"https:\/\/sudoesteacontece.com.br\/#\/schema\/person\/3cf2cf009926a9683ebc29d5379fa79c\"},\"headline\":\"Brumado avan\u00e7a: Fabr\u00edcio Abrantes homologa contrato para modernizar ilumina\u00e7\u00e3o p\u00fablica\",\"datePublished\":\"2025-11-19T14:07:57+00:00\",\"dateModified\":\"2025-11-19T14:07:59+00:00\",\"mainEntityOfPage\":{\"@id\":\"http:\/\/sudoesteacontece.com.br\/?p=2979\"},\"wordCount\":229,\"commentCount\":0,\"publisher\":{\"@id\":\"https:\/\/sudoesteacontece.com.br\/#organization\"},\"image\":{\"@id\":\"http:\/\/sudoesteacontece.com.br\/?p=2979#primaryimage\"},\"thumbnailUrl\":\"https:\/\/sudoesteacontece.com.br\/wp-content\/uploads\/2025\/10\/Fabricio-Abrantes-parabeniza-servidores-de-Brumado-e-destaca-a-importancia-do-trabalho-publico-para-a-cidade-sudoester-acontece.webp\",\"articleSection\":[\"Brumado\",\"Cidades\",\"Pol\u00edtica\"],\"inLanguage\":\"pt-BR\",\"potentialAction\":[{\"@type\":\"CommentAction\",\"name\":\"Comment\",\"target\":[\"http:\/\/sudoesteacontece.com.br\/?p=2979#respond\"]}]},{\"@type\":\"WebPage\",\"@id\":\"http:\/\/sudoesteacontece.com.br\/?p=2979\",\"url\":\"http:\/\/sudoesteacontece.com.br\/?p=2979\",\"name\":\"Brumado avan\u00e7a: Fabr\u00edcio Abrantes homologa contrato para modernizar ilumina\u00e7\u00e3o p\u00fablica - Sudoesteacontece\",\"isPartOf\":{\"@id\":\"https:\/\/sudoesteacontece.com.br\/#website\"},\"primaryImageOfPage\":{\"@id\":\"http:\/\/sudoesteacontece.com.br\/?p=2979#primaryimage\"},\"image\":{\"@id\":\"http:\/\/sudoesteacontece.com.br\/?p=2979#primaryimage\"},\"thumbnailUrl\":\"https:\/\/sudoesteacontece.com.br\/wp-content\/uploads\/2025\/10\/Fabricio-Abrantes-parabeniza-servidores-de-Brumado-e-destaca-a-importancia-do-trabalho-publico-para-a-cidade-sudoester-acontece.webp\",\"datePublished\":\"2025-11-19T14:07:57+00:00\",\"dateModified\":\"2025-11-19T14:07:59+00:00\",\"breadcrumb\":{\"@id\":\"http:\/\/sudoesteacontece.com.br\/?p=2979#breadcrumb\"},\"inLanguage\":\"pt-BR\",\"potentialAction\":[{\"@type\":\"ReadAction\",\"target\":[\"http:\/\/sudoesteacontece.com.br\/?p=2979\"]}]},{\"@type\":\"ImageObject\",\"inLanguage\":\"pt-BR\",\"@id\":\"http:\/\/sudoesteacontece.com.br\/?p=2979#primaryimage\",\"url\":\"https:\/\/sudoesteacontece.com.br\/wp-content\/uploads\/2025\/10\/Fabricio-Abrantes-parabeniza-servidores-de-Brumado-e-destaca-a-importancia-do-trabalho-publico-para-a-cidade-sudoester-acontece.webp\",\"contentUrl\":\"https:\/\/sudoesteacontece.com.br\/wp-content\/uploads\/2025\/10\/Fabricio-Abrantes-parabeniza-servidores-de-Brumado-e-destaca-a-importancia-do-trabalho-publico-para-a-cidade-sudoester-acontece.webp\",\"width\":1000,\"height\":864},{\"@type\":\"BreadcrumbList\",\"@id\":\"http:\/\/sudoesteacontece.com.br\/?p=2979#breadcrumb\",\"itemListElement\":[{\"@type\":\"ListItem\",\"position\":1,\"name\":\"In\u00edcio\",\"item\":\"https:\/\/sudoesteacontece.com.br\/\"},{\"@type\":\"ListItem\",\"position\":2,\"name\":\"Brumado avan\u00e7a: Fabr\u00edcio Abrantes homologa contrato para modernizar ilumina\u00e7\u00e3o p\u00fablica\"}]},{\"@type\":\"WebSite\",\"@id\":\"https:\/\/sudoesteacontece.com.br\/#website\",\"url\":\"https:\/\/sudoesteacontece.com.br\/\",\"name\":\"Sudoesteacontece\",\"description\":\"\",\"publisher\":{\"@id\":\"https:\/\/sudoesteacontece.com.br\/#organization\"},\"potentialAction\":[{\"@type\":\"SearchAction\",\"target\":{\"@type\":\"EntryPoint\",\"urlTemplate\":\"https:\/\/sudoesteacontece.com.br\/?s={search_term_string}\"},\"query-input\":{\"@type\":\"PropertyValueSpecification\",\"valueRequired\":true,\"valueName\":\"search_term_string\"}}],\"inLanguage\":\"pt-BR\"},{\"@type\":\"Organization\",\"@id\":\"https:\/\/sudoesteacontece.com.br\/#organization\",\"name\":\"Sudoesteacontece\",\"url\":\"https:\/\/sudoesteacontece.com.br\/\",\"logo\":{\"@type\":\"ImageObject\",\"inLanguage\":\"pt-BR\",\"@id\":\"https:\/\/sudoesteacontece.com.br\/#\/schema\/logo\/image\/\",\"url\":\"https:\/\/sudoesteacontece.com.br\/wp-content\/uploads\/2025\/12\/cropped-logo-2-180x180-1.png\",\"contentUrl\":\"https:\/\/sudoesteacontece.com.br\/wp-content\/uploads\/2025\/12\/cropped-logo-2-180x180-1.png\",\"width\":180,\"height\":180,\"caption\":\"Sudoesteacontece\"},\"image\":{\"@id\":\"https:\/\/sudoesteacontece.com.br\/#\/schema\/logo\/image\/\"},\"sameAs\":[\"https:\/\/www.facebook.com\/sudoesteacontece\/?locale=pt_BR\"]},{\"@type\":\"Person\",\"@id\":\"https:\/\/sudoesteacontece.com.br\/#\/schema\/person\/3cf2cf009926a9683ebc29d5379fa79c\",\"name\":\"Washington Tiago\",\"image\":{\"@type\":\"ImageObject\",\"inLanguage\":\"pt-BR\",\"@id\":\"https:\/\/sudoesteacontece.com.br\/#\/schema\/person\/image\/\",\"url\":\"https:\/\/secure.gravatar.com\/avatar\/33c43b8668157e040f9d1fe93c354bf087cbd8ba36270c1163198bd3ddcf2a56?s=96&d=mm&r=g\",\"contentUrl\":\"https:\/\/secure.gravatar.com\/avatar\/33c43b8668157e040f9d1fe93c354bf087cbd8ba36270c1163198bd3ddcf2a56?s=96&d=mm&r=g\",\"caption\":\"Washington Tiago\"},\"url\":\"https:\/\/sudoesteacontece.com.br\/?author=2\"}]}<\/script>\n<!-- \/ Yoast SEO plugin. -->","yoast_head_json":{"title":"Brumado avan\u00e7a: Fabr\u00edcio Abrantes homologa contrato para modernizar ilumina\u00e7\u00e3o p\u00fablica - Sudoesteacontece","robots":{"index":"index","follow":"follow","max-snippet":"max-snippet:-1","max-image-preview":"max-image-preview:large","max-video-preview":"max-video-preview:-1"},"canonical":"http:\/\/sudoesteacontece.com.br\/?p=2979","og_locale":"pt_BR","og_type":"article","og_title":"Brumado avan\u00e7a: Fabr\u00edcio Abrantes homologa contrato para modernizar ilumina\u00e7\u00e3o p\u00fablica - Sudoesteacontece","og_description":"Brumado deu um passo importante rumo \u00e0 moderniza\u00e7\u00e3o da infraestrutura urbana. O prefeito Fabr\u00edcio Abrantes (Avante) homologou, nesta segunda-feira (17), a ades\u00e3o \u00e0 Ata de Registro de Pre\u00e7os n\u00ba 008\/2025, que garante a contrata\u00e7\u00e3o de servi\u00e7os e materiais destinados ao Projeto Cidade Iluminada. Iniciativa p\u00f5e fim a uma s\u00e9rie de entraves burocr\u00e1ticos que atrasavam o processo licitat\u00f3rio. Com a homologa\u00e7\u00e3o, a empresa S\u00e3o Bento Lighting Solutions Ltda foi oficialmente contratada pelo valor de R$ 5.284.837,63, em um acordo v\u00e1lido por 12 meses. Pacote de melhorias inclui moderniza\u00e7\u00e3o completa do sistema de ilumina\u00e7\u00e3o p\u00fablica. Prefeitura vai substituir equipamentos, instalar l\u00e2mpadas em LED, implementar solu\u00e7\u00f5es de telegest\u00e3o e realizar o georreferenciamento de toda a rede, garantindo mais economia, efici\u00eancia e seguran\u00e7a. Gest\u00e3o municipal prev\u00ea um mutir\u00e3o para atender \u00e1reas urbanas e rurais. A expectativa \u00e9 acelerar a expans\u00e3o do Cidade Iluminada, projeto que j\u00e1 contemplou bairros como Brisas I, II, III e IV, localizados fora do corredor central da cidade. O investimento refor\u00e7a o compromisso da administra\u00e7\u00e3o com tecnologia, sustentabilidade e qualidade de vida. A chegada da ilumina\u00e7\u00e3o moderna deve reduzir custos, ampliar a durabilidade dos equipamentos e aumentar a sensa\u00e7\u00e3o de seguran\u00e7a nas ruas.","og_url":"http:\/\/sudoesteacontece.com.br\/?p=2979","og_site_name":"Sudoesteacontece","article_publisher":"https:\/\/www.facebook.com\/sudoesteacontece\/?locale=pt_BR","article_published_time":"2025-11-19T14:07:57+00:00","article_modified_time":"2025-11-19T14:07:59+00:00","og_image":[{"width":1000,"height":864,"url":"http:\/\/sudoesteacontece.com.br\/wp-content\/uploads\/2025\/10\/Fabricio-Abrantes-parabeniza-servidores-de-Brumado-e-destaca-a-importancia-do-trabalho-publico-para-a-cidade-sudoester-acontece.webp","type":"image\/webp"}],"author":"Washington Tiago","twitter_card":"summary_large_image","twitter_misc":{"Escrito por":"Washington Tiago","Est. tempo de leitura":"1 minuto"},"schema":{"@context":"https:\/\/schema.org","@graph":[{"@type":"Article","@id":"http:\/\/sudoesteacontece.com.br\/?p=2979#article","isPartOf":{"@id":"http:\/\/sudoesteacontece.com.br\/?p=2979"},"author":{"name":"Washington Tiago","@id":"https:\/\/sudoesteacontece.com.br\/#\/schema\/person\/3cf2cf009926a9683ebc29d5379fa79c"},"headline":"Brumado avan\u00e7a: Fabr\u00edcio Abrantes homologa contrato para modernizar ilumina\u00e7\u00e3o p\u00fablica","datePublished":"2025-11-19T14:07:57+00:00","dateModified":"2025-11-19T14:07:59+00:00","mainEntityOfPage":{"@id":"http:\/\/sudoesteacontece.com.br\/?p=2979"},"wordCount":229,"commentCount":0,"publisher":{"@id":"https:\/\/sudoesteacontece.com.br\/#organization"},"image":{"@id":"http:\/\/sudoesteacontece.com.br\/?p=2979#primaryimage"},"thumbnailUrl":"https:\/\/sudoesteacontece.com.br\/wp-content\/uploads\/2025\/10\/Fabricio-Abrantes-parabeniza-servidores-de-Brumado-e-destaca-a-importancia-do-trabalho-publico-para-a-cidade-sudoester-acontece.webp","articleSection":["Brumado","Cidades","Pol\u00edtica"],"inLanguage":"pt-BR","potentialAction":[{"@type":"CommentAction","name":"Comment","target":["http:\/\/sudoesteacontece.com.br\/?p=2979#respond"]}]},{"@type":"WebPage","@id":"http:\/\/sudoesteacontece.com.br\/?p=2979","url":"http:\/\/sudoesteacontece.com.br\/?p=2979","name":"Brumado avan\u00e7a: Fabr\u00edcio Abrantes homologa contrato para modernizar ilumina\u00e7\u00e3o p\u00fablica - Sudoesteacontece","isPartOf":{"@id":"https:\/\/sudoesteacontece.com.br\/#website"},"primaryImageOfPage":{"@id":"http:\/\/sudoesteacontece.com.br\/?p=2979#primaryimage"},"image":{"@id":"http:\/\/sudoesteacontece.com.br\/?p=2979#primaryimage"},"thumbnailUrl":"https:\/\/sudoesteacontece.com.br\/wp-content\/uploads\/2025\/10\/Fabricio-Abrantes-parabeniza-servidores-de-Brumado-e-destaca-a-importancia-do-trabalho-publico-para-a-cidade-sudoester-acontece.webp","datePublished":"2025-11-19T14:07:57+00:00","dateModified":"2025-11-19T14:07:59+00:00","breadcrumb":{"@id":"http:\/\/sudoesteacontece.com.br\/?p=2979#breadcrumb"},"inLanguage":"pt-BR","potentialAction":[{"@type":"ReadAction","target":["http:\/\/sudoesteacontece.com.br\/?p=2979"]}]},{"@type":"ImageObject","inLanguage":"pt-BR","@id":"http:\/\/sudoesteacontece.com.br\/?p=2979#primaryimage","url":"https:\/\/sudoesteacontece.com.br\/wp-content\/uploads\/2025\/10\/Fabricio-Abrantes-parabeniza-servidores-de-Brumado-e-destaca-a-importancia-do-trabalho-publico-para-a-cidade-sudoester-acontece.webp","contentUrl":"https:\/\/sudoesteacontece.com.br\/wp-content\/uploads\/2025\/10\/Fabricio-Abrantes-parabeniza-servidores-de-Brumado-e-destaca-a-importancia-do-trabalho-publico-para-a-cidade-sudoester-acontece.webp","width":1000,"height":864},{"@type":"BreadcrumbList","@id":"http:\/\/sudoesteacontece.com.br\/?p=2979#breadcrumb","itemListElement":[{"@type":"ListItem","position":1,"name":"In\u00edcio","item":"https:\/\/sudoesteacontece.com.br\/"},{"@type":"ListItem","position":2,"name":"Brumado avan\u00e7a: Fabr\u00edcio Abrantes homologa contrato para modernizar ilumina\u00e7\u00e3o p\u00fablica"}]},{"@type":"WebSite","@id":"https:\/\/sudoesteacontece.com.br\/#website","url":"https:\/\/sudoesteacontece.com.br\/","name":"Sudoesteacontece","description":"","publisher":{"@id":"https:\/\/sudoesteacontece.com.br\/#organization"},"potentialAction":[{"@type":"SearchAction","target":{"@type":"EntryPoint","urlTemplate":"https:\/\/sudoesteacontece.com.br\/?s={search_term_string}"},"query-input":{"@type":"PropertyValueSpecification","valueRequired":true,"valueName":"search_term_string"}}],"inLanguage":"pt-BR"},{"@type":"Organization","@id":"https:\/\/sudoesteacontece.com.br\/#organization","name":"Sudoesteacontece","url":"https:\/\/sudoesteacontece.com.br\/","logo":{"@type":"ImageObject","inLanguage":"pt-BR","@id":"https:\/\/sudoesteacontece.com.br\/#\/schema\/logo\/image\/","url":"https:\/\/sudoesteacontece.com.br\/wp-content\/uploads\/2025\/12\/cropped-logo-2-180x180-1.png","contentUrl":"https:\/\/sudoesteacontece.com.br\/wp-content\/uploads\/2025\/12\/cropped-logo-2-180x180-1.png","width":180,"height":180,"caption":"Sudoesteacontece"},"image":{"@id":"https:\/\/sudoesteacontece.com.br\/#\/schema\/logo\/image\/"},"sameAs":["https:\/\/www.facebook.com\/sudoesteacontece\/?locale=pt_BR"]},{"@type":"Person","@id":"https:\/\/sudoesteacontece.com.br\/#\/schema\/person\/3cf2cf009926a9683ebc29d5379fa79c","name":"Washington Tiago","image":{"@type":"ImageObject","inLanguage":"pt-BR","@id":"https:\/\/sudoesteacontece.com.br\/#\/schema\/person\/image\/","url":"https:\/\/secure.gravatar.com\/avatar\/33c43b8668157e040f9d1fe93c354bf087cbd8ba36270c1163198bd3ddcf2a56?s=96&d=mm&r=g","contentUrl":"https:\/\/secure.gravatar.com\/avatar\/33c43b8668157e040f9d1fe93c354bf087cbd8ba36270c1163198bd3ddcf2a56?s=96&d=mm&r=g","caption":"Washington Tiago"},"url":"https:\/\/sudoesteacontece.com.br\/?author=2"}]}},"_links":{"self":[{"href":"https:\/\/sudoesteacontece.com.br\/index.php?rest_route=\/wp\/v2\/posts\/2979","targetHints":{"allow":["GET"]}}],"collection":[{"href":"https:\/\/sudoesteacontece.com.br\/index.php?rest_route=\/wp\/v2\/posts"}],"about":[{"href":"https:\/\/sudoesteacontece.com.br\/index.php?rest_route=\/wp\/v2\/types\/post"}],"author":[{"embeddable":true,"href":"https:\/\/sudoesteacontece.com.br\/index.php?rest_route=\/wp\/v2\/users\/2"}],"replies":[{"embeddable":true,"href":"https:\/\/sudoesteacontece.com.br\/index.php?rest_route=%2Fwp%2Fv2%2Fcomments&post=2979"}],"version-history":[{"count":0,"href":"https:\/\/sudoesteacontece.com.br\/index.php?rest_route=\/wp\/v2\/posts\/2979\/revisions"}],"wp:featuredmedia":[{"embeddable":true,"href":"https:\/\/sudoesteacontece.com.br\/index.php?rest_route=\/wp\/v2\/media\/1189"}],"wp:attachment":[{"href":"https:\/\/sudoesteacontece.com.br\/index.php?rest_route=%2Fwp%2Fv2%2Fmedia&parent=2979"}],"wp:term":[{"taxonomy":"category","embeddable":true,"href":"https:\/\/sudoesteacontece.com.br\/index.php?rest_route=%2Fwp%2Fv2%2Fcategories&post=2979"},{"taxonomy":"post_tag","embeddable":true,"href":"https:\/\/sudoesteacontece.com.br\/index.php?rest_route=%2Fwp%2Fv2%2Ftags&post=2979"}],"curies":[{"name":"wp","href":"https:\/\/api.w.org\/{rel}","templated":true}]}}