{"id":2982,"date":"2025-11-19T11:38:03","date_gmt":"2025-11-19T14:38:03","guid":{"rendered":"https:\/\/sudoesteacontece.com.br\/?p=2982"},"modified":"2025-11-19T11:38:05","modified_gmt":"2025-11-19T14:38:05","slug":"urandi-da-passo-historico-e-inicia-recuperacao-do-antigo-lixao-municipal","status":"publish","type":"post","link":"https:\/\/sudoesteacontece.com.br\/?p=2982","title":{"rendered":"Urandi d\u00e1 passo hist\u00f3rico e inicia recupera\u00e7\u00e3o do antigo lix\u00e3o municipal"},"content":{"rendered":"<div class=\"wp-block-image\">\n<figure class=\"aligncenter size-large\"><img fetchpriority=\"high\" decoding=\"async\" width=\"1024\" height=\"710\" src=\"http:\/\/sudoesteacontece.com.br\/wp-content\/uploads\/2025\/11\/Idosa-e-enganada-e-tem-R-3-mil-furtados-em-Urandi-sudoeste-acontece-2-1024x710.jpg\" alt=\"\" class=\"wp-image-1512\" srcset=\"https:\/\/sudoesteacontece.com.br\/wp-content\/uploads\/2025\/11\/Idosa-e-enganada-e-tem-R-3-mil-furtados-em-Urandi-sudoeste-acontece-2-1024x710.jpg 1024w, https:\/\/sudoesteacontece.com.br\/wp-content\/uploads\/2025\/11\/Idosa-e-enganada-e-tem-R-3-mil-furtados-em-Urandi-sudoeste-acontece-2-300x208.jpg 300w, https:\/\/sudoesteacontece.com.br\/wp-content\/uploads\/2025\/11\/Idosa-e-enganada-e-tem-R-3-mil-furtados-em-Urandi-sudoeste-acontece-2-768x533.jpg 768w, https:\/\/sudoesteacontece.com.br\/wp-content\/uploads\/2025\/11\/Idosa-e-enganada-e-tem-R-3-mil-furtados-em-Urandi-sudoeste-acontece-2-1536x1065.jpg 1536w, https:\/\/sudoesteacontece.com.br\/wp-content\/uploads\/2025\/11\/Idosa-e-enganada-e-tem-R-3-mil-furtados-em-Urandi-sudoeste-acontece-2.jpg 1846w\" sizes=\"(max-width: 1024px) 100vw, 1024px\" \/><\/figure>\n<\/div>\n\n\n<p>Urandi iniciou  a elabora\u00e7\u00e3o do Projeto de Recupera\u00e7\u00e3o de \u00c1reas Degradadas (PRAD) do antigo lix\u00e3o municipal. A a\u00e7\u00e3o re\u00fane equipes da Secretaria de Desenvolvimento Urbano (SEDUR), do Cons\u00f3rcio P\u00fablico de Desenvolvimento Sustent\u00e1vel (CDS) Alto Sert\u00e3o e da Secretaria Municipal de Meio Ambiente.<\/p>\n\n\n\n<p>Iniciativa marca uma virada na pol\u00edtica ambiental do munic\u00edpio, fortalecendo o compromisso da gest\u00e3o com preserva\u00e7\u00e3o, sustentabilidade e melhoria da qualidade de vida. T\u00e9cnicos analisam o terreno e definem medidas para corrigir danos acumulados ao longo dos anos.<\/p>\n\n\n\n<p>Objetivo \u00e9 transformar o local, antes degradado e inseguro, em uma \u00e1rea ambientalmente adequada. Projeto prev\u00ea a\u00e7\u00f5es de revitaliza\u00e7\u00e3o e mitiga\u00e7\u00e3o, criando um espa\u00e7o seguro, funcional e alinhado \u00e0s pr\u00e1ticas de responsabilidade socioambiental. Trabalho representa avan\u00e7o estrat\u00e9gico para o futuro de Urandi, que busca solu\u00e7\u00f5es permanentes para res\u00edduos, prote\u00e7\u00e3o ambiental e bem-estar da popula\u00e7\u00e3o.<\/p>\n","protected":false},"excerpt":{"rendered":"<p>Urandi iniciou a elabora\u00e7\u00e3o do Projeto de Recupera\u00e7\u00e3o de \u00c1reas Degradadas (PRAD) do antigo lix\u00e3o municipal. A a\u00e7\u00e3o re\u00fane equipes da Secretaria de Desenvolvimento Urbano (SEDUR), do Cons\u00f3rcio P\u00fablico de Desenvolvimento Sustent\u00e1vel (CDS) Alto Sert\u00e3o e da Secretaria Municipal de Meio Ambiente. Iniciativa marca uma virada na pol\u00edtica ambiental do munic\u00edpio, fortalecendo o compromisso da gest\u00e3o com preserva\u00e7\u00e3o, sustentabilidade e melhoria da qualidade de vida. T\u00e9cnicos analisam o terreno e definem medidas para corrigir danos acumulados ao longo dos anos. Objetivo \u00e9 transformar o local, antes degradado e inseguro, em uma \u00e1rea ambientalmente adequada. Projeto prev\u00ea a\u00e7\u00f5es de revitaliza\u00e7\u00e3o e mitiga\u00e7\u00e3o, criando um espa\u00e7o seguro, funcional e alinhado \u00e0s pr\u00e1ticas de responsabilidade socioambiental. Trabalho representa avan\u00e7o estrat\u00e9gico para o futuro de Urandi, que busca solu\u00e7\u00f5es permanentes para res\u00edduos, prote\u00e7\u00e3o ambiental e bem-estar da popula\u00e7\u00e3o.<\/p>\n","protected":false},"author":4,"featured_media":1512,"comment_status":"open","ping_status":"open","sticky":false,"template":"","format":"standard","meta":{"footnotes":""},"categories":[6,55],"tags":[],"class_list":["post-2982","post","type-post","status-publish","format-standard","has-post-thumbnail","hentry","category-politica","category-urandi"],"yoast_head":"<!-- This site is optimized with the Yoast SEO plugin v26.5 - https:\/\/yoast.com\/wordpress\/plugins\/seo\/ -->\n<title>Urandi d\u00e1 passo hist\u00f3rico e inicia recupera\u00e7\u00e3o do antigo lix\u00e3o municipal - Sudoesteacontece<\/title>\n<meta name=\"robots\" content=\"index, follow, max-snippet:-1, max-image-preview:large, max-video-preview:-1\" \/>\n<link rel=\"canonical\" href=\"https:\/\/sudoesteacontece.com.br\/?p=2982\" \/>\n<meta property=\"og:locale\" content=\"pt_BR\" \/>\n<meta property=\"og:type\" content=\"article\" \/>\n<meta property=\"og:title\" content=\"Urandi d\u00e1 passo hist\u00f3rico e inicia recupera\u00e7\u00e3o do antigo lix\u00e3o municipal - Sudoesteacontece\" \/>\n<meta property=\"og:description\" content=\"Urandi iniciou a elabora\u00e7\u00e3o do Projeto de Recupera\u00e7\u00e3o de \u00c1reas Degradadas (PRAD) do antigo lix\u00e3o municipal. A a\u00e7\u00e3o re\u00fane equipes da Secretaria de Desenvolvimento Urbano (SEDUR), do Cons\u00f3rcio P\u00fablico de Desenvolvimento Sustent\u00e1vel (CDS) Alto Sert\u00e3o e da Secretaria Municipal de Meio Ambiente. Iniciativa marca uma virada na pol\u00edtica ambiental do munic\u00edpio, fortalecendo o compromisso da gest\u00e3o com preserva\u00e7\u00e3o, sustentabilidade e melhoria da qualidade de vida. T\u00e9cnicos analisam o terreno e definem medidas para corrigir danos acumulados ao longo dos anos. Objetivo \u00e9 transformar o local, antes degradado e inseguro, em uma \u00e1rea ambientalmente adequada. Projeto prev\u00ea a\u00e7\u00f5es de revitaliza\u00e7\u00e3o e mitiga\u00e7\u00e3o, criando um espa\u00e7o seguro, funcional e alinhado \u00e0s pr\u00e1ticas de responsabilidade socioambiental. Trabalho representa avan\u00e7o estrat\u00e9gico para o futuro de Urandi, que busca solu\u00e7\u00f5es permanentes para res\u00edduos, prote\u00e7\u00e3o ambiental e bem-estar da popula\u00e7\u00e3o.\" \/>\n<meta property=\"og:url\" content=\"https:\/\/sudoesteacontece.com.br\/?p=2982\" \/>\n<meta property=\"og:site_name\" content=\"Sudoesteacontece\" \/>\n<meta property=\"article:publisher\" content=\"https:\/\/www.facebook.com\/sudoesteacontece\/?locale=pt_BR\" \/>\n<meta property=\"article:published_time\" content=\"2025-11-19T14:38:03+00:00\" \/>\n<meta property=\"article:modified_time\" content=\"2025-11-19T14:38:05+00:00\" \/>\n<meta property=\"og:image\" content=\"https:\/\/sudoesteacontece.com.br\/wp-content\/uploads\/2025\/11\/Idosa-e-enganada-e-tem-R-3-mil-furtados-em-Urandi-sudoeste-acontece-2.jpg\" \/>\n\t<meta property=\"og:image:width\" content=\"1846\" \/>\n\t<meta property=\"og:image:height\" content=\"1280\" \/>\n\t<meta property=\"og:image:type\" content=\"image\/jpeg\" \/>\n<meta name=\"author\" content=\"Reda\u00e7\u00e3o\" \/>\n<meta name=\"twitter:card\" content=\"summary_large_image\" \/>\n<meta name=\"twitter:label1\" content=\"Escrito por\" \/>\n\t<meta name=\"twitter:data1\" content=\"Reda\u00e7\u00e3o\" \/>\n\t<meta name=\"twitter:label2\" content=\"Est. tempo de leitura\" \/>\n\t<meta name=\"twitter:data2\" content=\"1 minuto\" \/>\n<script type=\"application\/ld+json\" class=\"yoast-schema-graph\">{\"@context\":\"https:\/\/schema.org\",\"@graph\":[{\"@type\":\"Article\",\"@id\":\"https:\/\/sudoesteacontece.com.br\/?p=2982#article\",\"isPartOf\":{\"@id\":\"https:\/\/sudoesteacontece.com.br\/?p=2982\"},\"author\":{\"name\":\"Reda\u00e7\u00e3o\",\"@id\":\"https:\/\/sudoesteacontece.com.br\/#\/schema\/person\/a4f22429c1d0923ef8f7d43343f8dc38\"},\"headline\":\"Urandi d\u00e1 passo hist\u00f3rico e inicia recupera\u00e7\u00e3o do antigo lix\u00e3o municipal\",\"datePublished\":\"2025-11-19T14:38:03+00:00\",\"dateModified\":\"2025-11-19T14:38:05+00:00\",\"mainEntityOfPage\":{\"@id\":\"https:\/\/sudoesteacontece.com.br\/?p=2982\"},\"wordCount\":172,\"commentCount\":0,\"publisher\":{\"@id\":\"https:\/\/sudoesteacontece.com.br\/#organization\"},\"image\":{\"@id\":\"https:\/\/sudoesteacontece.com.br\/?p=2982#primaryimage\"},\"thumbnailUrl\":\"https:\/\/sudoesteacontece.com.br\/wp-content\/uploads\/2025\/11\/Idosa-e-enganada-e-tem-R-3-mil-furtados-em-Urandi-sudoeste-acontece-2.jpg\",\"articleSection\":[\"Pol\u00edtica\",\"Urandi\"],\"inLanguage\":\"pt-BR\",\"potentialAction\":[{\"@type\":\"CommentAction\",\"name\":\"Comment\",\"target\":[\"https:\/\/sudoesteacontece.com.br\/?p=2982#respond\"]}]},{\"@type\":\"WebPage\",\"@id\":\"https:\/\/sudoesteacontece.com.br\/?p=2982\",\"url\":\"https:\/\/sudoesteacontece.com.br\/?p=2982\",\"name\":\"Urandi d\u00e1 passo hist\u00f3rico e inicia recupera\u00e7\u00e3o do antigo lix\u00e3o municipal - Sudoesteacontece\",\"isPartOf\":{\"@id\":\"https:\/\/sudoesteacontece.com.br\/#website\"},\"primaryImageOfPage\":{\"@id\":\"https:\/\/sudoesteacontece.com.br\/?p=2982#primaryimage\"},\"image\":{\"@id\":\"https:\/\/sudoesteacontece.com.br\/?p=2982#primaryimage\"},\"thumbnailUrl\":\"https:\/\/sudoesteacontece.com.br\/wp-content\/uploads\/2025\/11\/Idosa-e-enganada-e-tem-R-3-mil-furtados-em-Urandi-sudoeste-acontece-2.jpg\",\"datePublished\":\"2025-11-19T14:38:03+00:00\",\"dateModified\":\"2025-11-19T14:38:05+00:00\",\"breadcrumb\":{\"@id\":\"https:\/\/sudoesteacontece.com.br\/?p=2982#breadcrumb\"},\"inLanguage\":\"pt-BR\",\"potentialAction\":[{\"@type\":\"ReadAction\",\"target\":[\"https:\/\/sudoesteacontece.com.br\/?p=2982\"]}]},{\"@type\":\"ImageObject\",\"inLanguage\":\"pt-BR\",\"@id\":\"https:\/\/sudoesteacontece.com.br\/?p=2982#primaryimage\",\"url\":\"https:\/\/sudoesteacontece.com.br\/wp-content\/uploads\/2025\/11\/Idosa-e-enganada-e-tem-R-3-mil-furtados-em-Urandi-sudoeste-acontece-2.jpg\",\"contentUrl\":\"https:\/\/sudoesteacontece.com.br\/wp-content\/uploads\/2025\/11\/Idosa-e-enganada-e-tem-R-3-mil-furtados-em-Urandi-sudoeste-acontece-2.jpg\",\"width\":1846,\"height\":1280},{\"@type\":\"BreadcrumbList\",\"@id\":\"https:\/\/sudoesteacontece.com.br\/?p=2982#breadcrumb\",\"itemListElement\":[{\"@type\":\"ListItem\",\"position\":1,\"name\":\"In\u00edcio\",\"item\":\"https:\/\/sudoesteacontece.com.br\/\"},{\"@type\":\"ListItem\",\"position\":2,\"name\":\"Urandi d\u00e1 passo hist\u00f3rico e inicia recupera\u00e7\u00e3o do antigo lix\u00e3o municipal\"}]},{\"@type\":\"WebSite\",\"@id\":\"https:\/\/sudoesteacontece.com.br\/#website\",\"url\":\"https:\/\/sudoesteacontece.com.br\/\",\"name\":\"Sudoesteacontece\",\"description\":\"\",\"publisher\":{\"@id\":\"https:\/\/sudoesteacontece.com.br\/#organization\"},\"potentialAction\":[{\"@type\":\"SearchAction\",\"target\":{\"@type\":\"EntryPoint\",\"urlTemplate\":\"https:\/\/sudoesteacontece.com.br\/?s={search_term_string}\"},\"query-input\":{\"@type\":\"PropertyValueSpecification\",\"valueRequired\":true,\"valueName\":\"search_term_string\"}}],\"inLanguage\":\"pt-BR\"},{\"@type\":\"Organization\",\"@id\":\"https:\/\/sudoesteacontece.com.br\/#organization\",\"name\":\"Sudoesteacontece\",\"url\":\"https:\/\/sudoesteacontece.com.br\/\",\"logo\":{\"@type\":\"ImageObject\",\"inLanguage\":\"pt-BR\",\"@id\":\"https:\/\/sudoesteacontece.com.br\/#\/schema\/logo\/image\/\",\"url\":\"https:\/\/sudoesteacontece.com.br\/wp-content\/uploads\/2025\/12\/cropped-logo-2-180x180-1.png\",\"contentUrl\":\"https:\/\/sudoesteacontece.com.br\/wp-content\/uploads\/2025\/12\/cropped-logo-2-180x180-1.png\",\"width\":180,\"height\":180,\"caption\":\"Sudoesteacontece\"},\"image\":{\"@id\":\"https:\/\/sudoesteacontece.com.br\/#\/schema\/logo\/image\/\"},\"sameAs\":[\"https:\/\/www.facebook.com\/sudoesteacontece\/?locale=pt_BR\"]},{\"@type\":\"Person\",\"@id\":\"https:\/\/sudoesteacontece.com.br\/#\/schema\/person\/a4f22429c1d0923ef8f7d43343f8dc38\",\"name\":\"Reda\u00e7\u00e3o\",\"image\":{\"@type\":\"ImageObject\",\"inLanguage\":\"pt-BR\",\"@id\":\"https:\/\/sudoesteacontece.com.br\/#\/schema\/person\/image\/\",\"url\":\"https:\/\/secure.gravatar.com\/avatar\/c3a5b3c93f268a709c25a2df414c629a96fb3b1b4bf97a94fb3f72e54ae76903?s=96&d=mm&r=g\",\"contentUrl\":\"https:\/\/secure.gravatar.com\/avatar\/c3a5b3c93f268a709c25a2df414c629a96fb3b1b4bf97a94fb3f72e54ae76903?s=96&d=mm&r=g\",\"caption\":\"Reda\u00e7\u00e3o\"},\"url\":\"https:\/\/sudoesteacontece.com.br\/?author=4\"}]}<\/script>\n<!-- \/ Yoast SEO plugin. -->","yoast_head_json":{"title":"Urandi d\u00e1 passo hist\u00f3rico e inicia recupera\u00e7\u00e3o do antigo lix\u00e3o municipal - Sudoesteacontece","robots":{"index":"index","follow":"follow","max-snippet":"max-snippet:-1","max-image-preview":"max-image-preview:large","max-video-preview":"max-video-preview:-1"},"canonical":"https:\/\/sudoesteacontece.com.br\/?p=2982","og_locale":"pt_BR","og_type":"article","og_title":"Urandi d\u00e1 passo hist\u00f3rico e inicia recupera\u00e7\u00e3o do antigo lix\u00e3o municipal - Sudoesteacontece","og_description":"Urandi iniciou a elabora\u00e7\u00e3o do Projeto de Recupera\u00e7\u00e3o de \u00c1reas Degradadas (PRAD) do antigo lix\u00e3o municipal. A a\u00e7\u00e3o re\u00fane equipes da Secretaria de Desenvolvimento Urbano (SEDUR), do Cons\u00f3rcio P\u00fablico de Desenvolvimento Sustent\u00e1vel (CDS) Alto Sert\u00e3o e da Secretaria Municipal de Meio Ambiente. Iniciativa marca uma virada na pol\u00edtica ambiental do munic\u00edpio, fortalecendo o compromisso da gest\u00e3o com preserva\u00e7\u00e3o, sustentabilidade e melhoria da qualidade de vida. T\u00e9cnicos analisam o terreno e definem medidas para corrigir danos acumulados ao longo dos anos. Objetivo \u00e9 transformar o local, antes degradado e inseguro, em uma \u00e1rea ambientalmente adequada. Projeto prev\u00ea a\u00e7\u00f5es de revitaliza\u00e7\u00e3o e mitiga\u00e7\u00e3o, criando um espa\u00e7o seguro, funcional e alinhado \u00e0s pr\u00e1ticas de responsabilidade socioambiental. Trabalho representa avan\u00e7o estrat\u00e9gico para o futuro de Urandi, que busca solu\u00e7\u00f5es permanentes para res\u00edduos, prote\u00e7\u00e3o ambiental e bem-estar da popula\u00e7\u00e3o.","og_url":"https:\/\/sudoesteacontece.com.br\/?p=2982","og_site_name":"Sudoesteacontece","article_publisher":"https:\/\/www.facebook.com\/sudoesteacontece\/?locale=pt_BR","article_published_time":"2025-11-19T14:38:03+00:00","article_modified_time":"2025-11-19T14:38:05+00:00","og_image":[{"width":1846,"height":1280,"url":"https:\/\/sudoesteacontece.com.br\/wp-content\/uploads\/2025\/11\/Idosa-e-enganada-e-tem-R-3-mil-furtados-em-Urandi-sudoeste-acontece-2.jpg","type":"image\/jpeg"}],"author":"Reda\u00e7\u00e3o","twitter_card":"summary_large_image","twitter_misc":{"Escrito por":"Reda\u00e7\u00e3o","Est. tempo de leitura":"1 minuto"},"schema":{"@context":"https:\/\/schema.org","@graph":[{"@type":"Article","@id":"https:\/\/sudoesteacontece.com.br\/?p=2982#article","isPartOf":{"@id":"https:\/\/sudoesteacontece.com.br\/?p=2982"},"author":{"name":"Reda\u00e7\u00e3o","@id":"https:\/\/sudoesteacontece.com.br\/#\/schema\/person\/a4f22429c1d0923ef8f7d43343f8dc38"},"headline":"Urandi d\u00e1 passo hist\u00f3rico e inicia recupera\u00e7\u00e3o do antigo lix\u00e3o municipal","datePublished":"2025-11-19T14:38:03+00:00","dateModified":"2025-11-19T14:38:05+00:00","mainEntityOfPage":{"@id":"https:\/\/sudoesteacontece.com.br\/?p=2982"},"wordCount":172,"commentCount":0,"publisher":{"@id":"https:\/\/sudoesteacontece.com.br\/#organization"},"image":{"@id":"https:\/\/sudoesteacontece.com.br\/?p=2982#primaryimage"},"thumbnailUrl":"https:\/\/sudoesteacontece.com.br\/wp-content\/uploads\/2025\/11\/Idosa-e-enganada-e-tem-R-3-mil-furtados-em-Urandi-sudoeste-acontece-2.jpg","articleSection":["Pol\u00edtica","Urandi"],"inLanguage":"pt-BR","potentialAction":[{"@type":"CommentAction","name":"Comment","target":["https:\/\/sudoesteacontece.com.br\/?p=2982#respond"]}]},{"@type":"WebPage","@id":"https:\/\/sudoesteacontece.com.br\/?p=2982","url":"https:\/\/sudoesteacontece.com.br\/?p=2982","name":"Urandi d\u00e1 passo hist\u00f3rico e inicia recupera\u00e7\u00e3o do antigo lix\u00e3o municipal - Sudoesteacontece","isPartOf":{"@id":"https:\/\/sudoesteacontece.com.br\/#website"},"primaryImageOfPage":{"@id":"https:\/\/sudoesteacontece.com.br\/?p=2982#primaryimage"},"image":{"@id":"https:\/\/sudoesteacontece.com.br\/?p=2982#primaryimage"},"thumbnailUrl":"https:\/\/sudoesteacontece.com.br\/wp-content\/uploads\/2025\/11\/Idosa-e-enganada-e-tem-R-3-mil-furtados-em-Urandi-sudoeste-acontece-2.jpg","datePublished":"2025-11-19T14:38:03+00:00","dateModified":"2025-11-19T14:38:05+00:00","breadcrumb":{"@id":"https:\/\/sudoesteacontece.com.br\/?p=2982#breadcrumb"},"inLanguage":"pt-BR","potentialAction":[{"@type":"ReadAction","target":["https:\/\/sudoesteacontece.com.br\/?p=2982"]}]},{"@type":"ImageObject","inLanguage":"pt-BR","@id":"https:\/\/sudoesteacontece.com.br\/?p=2982#primaryimage","url":"https:\/\/sudoesteacontece.com.br\/wp-content\/uploads\/2025\/11\/Idosa-e-enganada-e-tem-R-3-mil-furtados-em-Urandi-sudoeste-acontece-2.jpg","contentUrl":"https:\/\/sudoesteacontece.com.br\/wp-content\/uploads\/2025\/11\/Idosa-e-enganada-e-tem-R-3-mil-furtados-em-Urandi-sudoeste-acontece-2.jpg","width":1846,"height":1280},{"@type":"BreadcrumbList","@id":"https:\/\/sudoesteacontece.com.br\/?p=2982#breadcrumb","itemListElement":[{"@type":"ListItem","position":1,"name":"In\u00edcio","item":"https:\/\/sudoesteacontece.com.br\/"},{"@type":"ListItem","position":2,"name":"Urandi d\u00e1 passo hist\u00f3rico e inicia recupera\u00e7\u00e3o do antigo lix\u00e3o municipal"}]},{"@type":"WebSite","@id":"https:\/\/sudoesteacontece.com.br\/#website","url":"https:\/\/sudoesteacontece.com.br\/","name":"Sudoesteacontece","description":"","publisher":{"@id":"https:\/\/sudoesteacontece.com.br\/#organization"},"potentialAction":[{"@type":"SearchAction","target":{"@type":"EntryPoint","urlTemplate":"https:\/\/sudoesteacontece.com.br\/?s={search_term_string}"},"query-input":{"@type":"PropertyValueSpecification","valueRequired":true,"valueName":"search_term_string"}}],"inLanguage":"pt-BR"},{"@type":"Organization","@id":"https:\/\/sudoesteacontece.com.br\/#organization","name":"Sudoesteacontece","url":"https:\/\/sudoesteacontece.com.br\/","logo":{"@type":"ImageObject","inLanguage":"pt-BR","@id":"https:\/\/sudoesteacontece.com.br\/#\/schema\/logo\/image\/","url":"https:\/\/sudoesteacontece.com.br\/wp-content\/uploads\/2025\/12\/cropped-logo-2-180x180-1.png","contentUrl":"https:\/\/sudoesteacontece.com.br\/wp-content\/uploads\/2025\/12\/cropped-logo-2-180x180-1.png","width":180,"height":180,"caption":"Sudoesteacontece"},"image":{"@id":"https:\/\/sudoesteacontece.com.br\/#\/schema\/logo\/image\/"},"sameAs":["https:\/\/www.facebook.com\/sudoesteacontece\/?locale=pt_BR"]},{"@type":"Person","@id":"https:\/\/sudoesteacontece.com.br\/#\/schema\/person\/a4f22429c1d0923ef8f7d43343f8dc38","name":"Reda\u00e7\u00e3o","image":{"@type":"ImageObject","inLanguage":"pt-BR","@id":"https:\/\/sudoesteacontece.com.br\/#\/schema\/person\/image\/","url":"https:\/\/secure.gravatar.com\/avatar\/c3a5b3c93f268a709c25a2df414c629a96fb3b1b4bf97a94fb3f72e54ae76903?s=96&d=mm&r=g","contentUrl":"https:\/\/secure.gravatar.com\/avatar\/c3a5b3c93f268a709c25a2df414c629a96fb3b1b4bf97a94fb3f72e54ae76903?s=96&d=mm&r=g","caption":"Reda\u00e7\u00e3o"},"url":"https:\/\/sudoesteacontece.com.br\/?author=4"}]}},"_links":{"self":[{"href":"https:\/\/sudoesteacontece.com.br\/index.php?rest_route=\/wp\/v2\/posts\/2982","targetHints":{"allow":["GET"]}}],"collection":[{"href":"https:\/\/sudoesteacontece.com.br\/index.php?rest_route=\/wp\/v2\/posts"}],"about":[{"href":"https:\/\/sudoesteacontece.com.br\/index.php?rest_route=\/wp\/v2\/types\/post"}],"author":[{"embeddable":true,"href":"https:\/\/sudoesteacontece.com.br\/index.php?rest_route=\/wp\/v2\/users\/4"}],"replies":[{"embeddable":true,"href":"https:\/\/sudoesteacontece.com.br\/index.php?rest_route=%2Fwp%2Fv2%2Fcomments&post=2982"}],"version-history":[{"count":0,"href":"https:\/\/sudoesteacontece.com.br\/index.php?rest_route=\/wp\/v2\/posts\/2982\/revisions"}],"wp:featuredmedia":[{"embeddable":true,"href":"https:\/\/sudoesteacontece.com.br\/index.php?rest_route=\/wp\/v2\/media\/1512"}],"wp:attachment":[{"href":"https:\/\/sudoesteacontece.com.br\/index.php?rest_route=%2Fwp%2Fv2%2Fmedia&parent=2982"}],"wp:term":[{"taxonomy":"category","embeddable":true,"href":"https:\/\/sudoesteacontece.com.br\/index.php?rest_route=%2Fwp%2Fv2%2Fcategories&post=2982"},{"taxonomy":"post_tag","embeddable":true,"href":"https:\/\/sudoesteacontece.com.br\/index.php?rest_route=%2Fwp%2Fv2%2Ftags&post=2982"}],"curies":[{"name":"wp","href":"https:\/\/api.w.org\/{rel}","templated":true}]}}