{"id":2984,"date":"2025-11-19T11:44:31","date_gmt":"2025-11-19T14:44:31","guid":{"rendered":"https:\/\/sudoesteacontece.com.br\/?p=2984"},"modified":"2025-11-19T11:44:32","modified_gmt":"2025-11-19T14:44:32","slug":"fabricio-abrantes-recebe-trofeu-da-caixa-e-destaca-avancos-que-recolocam-brumado-em-posicao-de-destaque","status":"publish","type":"post","link":"https:\/\/sudoesteacontece.com.br\/?p=2984","title":{"rendered":"Fabr\u00edcio Abrantes recebe trof\u00e9u da Caixa e destaca avan\u00e7os que recolocam Brumado em posi\u00e7\u00e3o de destaque"},"content":{"rendered":"<div class=\"wp-block-image\">\n<figure class=\"aligncenter size-full\"><img fetchpriority=\"high\" decoding=\"async\" width=\"900\" height=\"600\" src=\"http:\/\/sudoesteacontece.com.br\/wp-content\/uploads\/2025\/11\/Fabricio-Abrantes-recebe-trofeu-da-Caixa-e-destaca-avancos-que-recolocam-Brumado-em-posicao-de-destaque-sudoeste-acontece.jpg\" alt=\"\" class=\"wp-image-3017\" srcset=\"https:\/\/sudoesteacontece.com.br\/wp-content\/uploads\/2025\/11\/Fabricio-Abrantes-recebe-trofeu-da-Caixa-e-destaca-avancos-que-recolocam-Brumado-em-posicao-de-destaque-sudoeste-acontece.jpg 900w, https:\/\/sudoesteacontece.com.br\/wp-content\/uploads\/2025\/11\/Fabricio-Abrantes-recebe-trofeu-da-Caixa-e-destaca-avancos-que-recolocam-Brumado-em-posicao-de-destaque-sudoeste-acontece-300x200.jpg 300w, https:\/\/sudoesteacontece.com.br\/wp-content\/uploads\/2025\/11\/Fabricio-Abrantes-recebe-trofeu-da-Caixa-e-destaca-avancos-que-recolocam-Brumado-em-posicao-de-destaque-sudoeste-acontece-768x512.jpg 768w\" sizes=\"(max-width: 900px) 100vw, 900px\" \/><\/figure>\n<\/div>\n\n\n<p>Brumado ganhou protagonismo na tarde desta ter\u00e7a-feira (18), quando o prefeito Fabr\u00edcio Abrantes (Avante) recebeu o Trof\u00e9u de Parceria da Caixa Econ\u00f4mica Federal durante reuni\u00e3o com representantes da institui\u00e7\u00e3o. A homenagem reconhece munic\u00edpios que mant\u00eam coopera\u00e7\u00e3o s\u00f3lida, resultados expressivos e gest\u00e3o eficiente.<\/p>\n\n\n\n<p>Reuni\u00e3o ocorreu com membros da equipe de governo e dirigentes da Caixa, entre eles o superintendente regional Rog\u00e9rio Teixeira e o superintendente executivo de Governo, Claudeir Pereira da Silva. O encontro refor\u00e7ou a articula\u00e7\u00e3o entre o munic\u00edpio e o banco, parceria que vem possibilitando novos projetos e investimentos.<\/p>\n\n\n\n<p>Fabr\u00edcio comemorou o reconhecimento e ressaltou o esfor\u00e7o coletivo. \u201cRecebi hoje o trof\u00e9u de parceria da Caixa com os munic\u00edpios. Nossa gest\u00e3o, com trabalho, di\u00e1logo e uni\u00e3o, tem feito Brumado voltar a ser destaque. Isso enche nosso cora\u00e7\u00e3o de orgulho. Agrade\u00e7o \u00e0 equipe da Caixa pela parceria de sucesso com nosso munic\u00edpio\u201d, afirmou.<\/p>\n\n\n\n<p>Trabalho desenvolvido pelo prefeito tem chamado aten\u00e7\u00e3o pelo ritmo acelerado de obras, investimentos em mobilidade e a\u00e7\u00f5es voltadas para melhorar a vida da popula\u00e7\u00e3o. Fabr\u00edcio se destaca por ouvir moradores, identificar dores e necessidades e transformar essas demandas em pol\u00edticas p\u00fablicas pr\u00e1ticas.<\/p>\n\n\n\n<p>Administra\u00e7\u00e3o mant\u00e9m di\u00e1logo constante com \u00f3rg\u00e3os estaduais e federais, o que amplia recursos e fortalece iniciativas estrat\u00e9gicas. Avan\u00e7os s\u00e3o creditados tamb\u00e9m \u00e0 equipe escolhida pelo prefeito, reconhecida pela atua\u00e7\u00e3o t\u00e9cnica, comprometida e alinhada ao projeto de desenvolvimento para Brumado.<\/p>\n\n\n\n<p>Resultado \u00e9 uma gest\u00e3o que conquista reconhecimento externo, gera benef\u00edcios diretos \u00e0 popula\u00e7\u00e3o e recoloca o munic\u00edpio na rota do crescimento.<\/p>\n","protected":false},"excerpt":{"rendered":"<p>Brumado ganhou protagonismo na tarde desta ter\u00e7a-feira (18), quando o prefeito Fabr\u00edcio Abrantes (Avante) recebeu o Trof\u00e9u de Parceria da Caixa Econ\u00f4mica Federal durante reuni\u00e3o com representantes da institui\u00e7\u00e3o. A homenagem reconhece munic\u00edpios que mant\u00eam coopera\u00e7\u00e3o s\u00f3lida, resultados expressivos e gest\u00e3o eficiente. Reuni\u00e3o ocorreu com membros da equipe de governo e dirigentes da Caixa, entre eles o superintendente regional Rog\u00e9rio Teixeira e o superintendente executivo de Governo, Claudeir Pereira da Silva. O encontro refor\u00e7ou a articula\u00e7\u00e3o entre o munic\u00edpio e o banco, parceria que vem possibilitando novos projetos e investimentos. Fabr\u00edcio comemorou o reconhecimento e ressaltou o esfor\u00e7o coletivo. \u201cRecebi hoje o trof\u00e9u de parceria da Caixa com os munic\u00edpios. Nossa gest\u00e3o, com trabalho, di\u00e1logo e uni\u00e3o, tem feito Brumado voltar a ser destaque. Isso enche nosso cora\u00e7\u00e3o de orgulho. Agrade\u00e7o \u00e0 equipe da Caixa pela parceria de sucesso com nosso munic\u00edpio\u201d, afirmou. Trabalho desenvolvido pelo prefeito tem chamado aten\u00e7\u00e3o pelo ritmo acelerado de obras, investimentos em mobilidade e a\u00e7\u00f5es voltadas para melhorar a vida da popula\u00e7\u00e3o. Fabr\u00edcio se destaca por ouvir moradores, identificar dores e necessidades e transformar essas demandas em pol\u00edticas p\u00fablicas pr\u00e1ticas. Administra\u00e7\u00e3o mant\u00e9m di\u00e1logo constante com \u00f3rg\u00e3os estaduais e federais, o que amplia recursos e fortalece iniciativas estrat\u00e9gicas. Avan\u00e7os s\u00e3o creditados tamb\u00e9m \u00e0 equipe escolhida pelo prefeito, reconhecida pela atua\u00e7\u00e3o t\u00e9cnica, comprometida e alinhada ao projeto de desenvolvimento para Brumado. Resultado \u00e9 uma gest\u00e3o que conquista reconhecimento externo, gera benef\u00edcios diretos \u00e0 popula\u00e7\u00e3o e recoloca o munic\u00edpio na rota do crescimento.<\/p>\n","protected":false},"author":2,"featured_media":3017,"comment_status":"open","ping_status":"open","sticky":false,"template":"","format":"standard","meta":{"footnotes":""},"categories":[10,4,6],"tags":[],"class_list":["post-2984","post","type-post","status-publish","format-standard","has-post-thumbnail","hentry","category-brumado","category-cidades","category-politica"],"yoast_head":"<!-- This site is optimized with the Yoast SEO plugin v26.5 - https:\/\/yoast.com\/wordpress\/plugins\/seo\/ -->\n<title>Fabr\u00edcio Abrantes recebe trof\u00e9u da Caixa e destaca avan\u00e7os que recolocam Brumado em posi\u00e7\u00e3o de destaque - Sudoesteacontece<\/title>\n<meta name=\"robots\" content=\"index, follow, max-snippet:-1, max-image-preview:large, max-video-preview:-1\" \/>\n<link rel=\"canonical\" href=\"http:\/\/sudoesteacontece.com.br\/?p=2984\" \/>\n<meta property=\"og:locale\" content=\"pt_BR\" \/>\n<meta property=\"og:type\" content=\"article\" \/>\n<meta property=\"og:title\" content=\"Fabr\u00edcio Abrantes recebe trof\u00e9u da Caixa e destaca avan\u00e7os que recolocam Brumado em posi\u00e7\u00e3o de destaque - Sudoesteacontece\" \/>\n<meta property=\"og:description\" content=\"Brumado ganhou protagonismo na tarde desta ter\u00e7a-feira (18), quando o prefeito Fabr\u00edcio Abrantes (Avante) recebeu o Trof\u00e9u de Parceria da Caixa Econ\u00f4mica Federal durante reuni\u00e3o com representantes da institui\u00e7\u00e3o. A homenagem reconhece munic\u00edpios que mant\u00eam coopera\u00e7\u00e3o s\u00f3lida, resultados expressivos e gest\u00e3o eficiente. Reuni\u00e3o ocorreu com membros da equipe de governo e dirigentes da Caixa, entre eles o superintendente regional Rog\u00e9rio Teixeira e o superintendente executivo de Governo, Claudeir Pereira da Silva. O encontro refor\u00e7ou a articula\u00e7\u00e3o entre o munic\u00edpio e o banco, parceria que vem possibilitando novos projetos e investimentos. Fabr\u00edcio comemorou o reconhecimento e ressaltou o esfor\u00e7o coletivo. \u201cRecebi hoje o trof\u00e9u de parceria da Caixa com os munic\u00edpios. Nossa gest\u00e3o, com trabalho, di\u00e1logo e uni\u00e3o, tem feito Brumado voltar a ser destaque. Isso enche nosso cora\u00e7\u00e3o de orgulho. Agrade\u00e7o \u00e0 equipe da Caixa pela parceria de sucesso com nosso munic\u00edpio\u201d, afirmou. Trabalho desenvolvido pelo prefeito tem chamado aten\u00e7\u00e3o pelo ritmo acelerado de obras, investimentos em mobilidade e a\u00e7\u00f5es voltadas para melhorar a vida da popula\u00e7\u00e3o. Fabr\u00edcio se destaca por ouvir moradores, identificar dores e necessidades e transformar essas demandas em pol\u00edticas p\u00fablicas pr\u00e1ticas. Administra\u00e7\u00e3o mant\u00e9m di\u00e1logo constante com \u00f3rg\u00e3os estaduais e federais, o que amplia recursos e fortalece iniciativas estrat\u00e9gicas. Avan\u00e7os s\u00e3o creditados tamb\u00e9m \u00e0 equipe escolhida pelo prefeito, reconhecida pela atua\u00e7\u00e3o t\u00e9cnica, comprometida e alinhada ao projeto de desenvolvimento para Brumado. Resultado \u00e9 uma gest\u00e3o que conquista reconhecimento externo, gera benef\u00edcios diretos \u00e0 popula\u00e7\u00e3o e recoloca o munic\u00edpio na rota do crescimento.\" \/>\n<meta property=\"og:url\" content=\"http:\/\/sudoesteacontece.com.br\/?p=2984\" \/>\n<meta property=\"og:site_name\" content=\"Sudoesteacontece\" \/>\n<meta property=\"article:publisher\" content=\"https:\/\/www.facebook.com\/sudoesteacontece\/?locale=pt_BR\" \/>\n<meta property=\"article:published_time\" content=\"2025-11-19T14:44:31+00:00\" \/>\n<meta property=\"article:modified_time\" content=\"2025-11-19T14:44:32+00:00\" \/>\n<meta property=\"og:image\" content=\"http:\/\/sudoesteacontece.com.br\/wp-content\/uploads\/2025\/11\/Fabricio-Abrantes-recebe-trofeu-da-Caixa-e-destaca-avancos-que-recolocam-Brumado-em-posicao-de-destaque-sudoeste-acontece.jpg\" \/>\n\t<meta property=\"og:image:width\" content=\"900\" \/>\n\t<meta property=\"og:image:height\" content=\"600\" \/>\n\t<meta property=\"og:image:type\" content=\"image\/jpeg\" \/>\n<meta name=\"author\" content=\"Washington Tiago\" \/>\n<meta name=\"twitter:card\" content=\"summary_large_image\" \/>\n<meta name=\"twitter:label1\" content=\"Escrito por\" \/>\n\t<meta name=\"twitter:data1\" content=\"Washington Tiago\" \/>\n\t<meta name=\"twitter:label2\" content=\"Est. tempo de leitura\" \/>\n\t<meta name=\"twitter:data2\" content=\"1 minuto\" \/>\n<script type=\"application\/ld+json\" class=\"yoast-schema-graph\">{\"@context\":\"https:\/\/schema.org\",\"@graph\":[{\"@type\":\"Article\",\"@id\":\"http:\/\/sudoesteacontece.com.br\/?p=2984#article\",\"isPartOf\":{\"@id\":\"http:\/\/sudoesteacontece.com.br\/?p=2984\"},\"author\":{\"name\":\"Washington Tiago\",\"@id\":\"https:\/\/sudoesteacontece.com.br\/#\/schema\/person\/3cf2cf009926a9683ebc29d5379fa79c\"},\"headline\":\"Fabr\u00edcio Abrantes recebe trof\u00e9u da Caixa e destaca avan\u00e7os que recolocam Brumado em posi\u00e7\u00e3o de destaque\",\"datePublished\":\"2025-11-19T14:44:31+00:00\",\"dateModified\":\"2025-11-19T14:44:32+00:00\",\"mainEntityOfPage\":{\"@id\":\"http:\/\/sudoesteacontece.com.br\/?p=2984\"},\"wordCount\":307,\"commentCount\":0,\"publisher\":{\"@id\":\"https:\/\/sudoesteacontece.com.br\/#organization\"},\"image\":{\"@id\":\"http:\/\/sudoesteacontece.com.br\/?p=2984#primaryimage\"},\"thumbnailUrl\":\"https:\/\/sudoesteacontece.com.br\/wp-content\/uploads\/2025\/11\/Fabricio-Abrantes-recebe-trofeu-da-Caixa-e-destaca-avancos-que-recolocam-Brumado-em-posicao-de-destaque-sudoeste-acontece.jpg\",\"articleSection\":[\"Brumado\",\"Cidades\",\"Pol\u00edtica\"],\"inLanguage\":\"pt-BR\",\"potentialAction\":[{\"@type\":\"CommentAction\",\"name\":\"Comment\",\"target\":[\"http:\/\/sudoesteacontece.com.br\/?p=2984#respond\"]}]},{\"@type\":\"WebPage\",\"@id\":\"http:\/\/sudoesteacontece.com.br\/?p=2984\",\"url\":\"http:\/\/sudoesteacontece.com.br\/?p=2984\",\"name\":\"Fabr\u00edcio Abrantes recebe trof\u00e9u da Caixa e destaca avan\u00e7os que recolocam Brumado em posi\u00e7\u00e3o de destaque - Sudoesteacontece\",\"isPartOf\":{\"@id\":\"https:\/\/sudoesteacontece.com.br\/#website\"},\"primaryImageOfPage\":{\"@id\":\"http:\/\/sudoesteacontece.com.br\/?p=2984#primaryimage\"},\"image\":{\"@id\":\"http:\/\/sudoesteacontece.com.br\/?p=2984#primaryimage\"},\"thumbnailUrl\":\"https:\/\/sudoesteacontece.com.br\/wp-content\/uploads\/2025\/11\/Fabricio-Abrantes-recebe-trofeu-da-Caixa-e-destaca-avancos-que-recolocam-Brumado-em-posicao-de-destaque-sudoeste-acontece.jpg\",\"datePublished\":\"2025-11-19T14:44:31+00:00\",\"dateModified\":\"2025-11-19T14:44:32+00:00\",\"breadcrumb\":{\"@id\":\"http:\/\/sudoesteacontece.com.br\/?p=2984#breadcrumb\"},\"inLanguage\":\"pt-BR\",\"potentialAction\":[{\"@type\":\"ReadAction\",\"target\":[\"http:\/\/sudoesteacontece.com.br\/?p=2984\"]}]},{\"@type\":\"ImageObject\",\"inLanguage\":\"pt-BR\",\"@id\":\"http:\/\/sudoesteacontece.com.br\/?p=2984#primaryimage\",\"url\":\"https:\/\/sudoesteacontece.com.br\/wp-content\/uploads\/2025\/11\/Fabricio-Abrantes-recebe-trofeu-da-Caixa-e-destaca-avancos-que-recolocam-Brumado-em-posicao-de-destaque-sudoeste-acontece.jpg\",\"contentUrl\":\"https:\/\/sudoesteacontece.com.br\/wp-content\/uploads\/2025\/11\/Fabricio-Abrantes-recebe-trofeu-da-Caixa-e-destaca-avancos-que-recolocam-Brumado-em-posicao-de-destaque-sudoeste-acontece.jpg\",\"width\":900,\"height\":600},{\"@type\":\"BreadcrumbList\",\"@id\":\"http:\/\/sudoesteacontece.com.br\/?p=2984#breadcrumb\",\"itemListElement\":[{\"@type\":\"ListItem\",\"position\":1,\"name\":\"In\u00edcio\",\"item\":\"https:\/\/sudoesteacontece.com.br\/\"},{\"@type\":\"ListItem\",\"position\":2,\"name\":\"Fabr\u00edcio Abrantes recebe trof\u00e9u da Caixa e destaca avan\u00e7os que recolocam Brumado em posi\u00e7\u00e3o de destaque\"}]},{\"@type\":\"WebSite\",\"@id\":\"https:\/\/sudoesteacontece.com.br\/#website\",\"url\":\"https:\/\/sudoesteacontece.com.br\/\",\"name\":\"Sudoesteacontece\",\"description\":\"\",\"publisher\":{\"@id\":\"https:\/\/sudoesteacontece.com.br\/#organization\"},\"potentialAction\":[{\"@type\":\"SearchAction\",\"target\":{\"@type\":\"EntryPoint\",\"urlTemplate\":\"https:\/\/sudoesteacontece.com.br\/?s={search_term_string}\"},\"query-input\":{\"@type\":\"PropertyValueSpecification\",\"valueRequired\":true,\"valueName\":\"search_term_string\"}}],\"inLanguage\":\"pt-BR\"},{\"@type\":\"Organization\",\"@id\":\"https:\/\/sudoesteacontece.com.br\/#organization\",\"name\":\"Sudoesteacontece\",\"url\":\"https:\/\/sudoesteacontece.com.br\/\",\"logo\":{\"@type\":\"ImageObject\",\"inLanguage\":\"pt-BR\",\"@id\":\"https:\/\/sudoesteacontece.com.br\/#\/schema\/logo\/image\/\",\"url\":\"https:\/\/sudoesteacontece.com.br\/wp-content\/uploads\/2025\/12\/cropped-logo-2-180x180-1.png\",\"contentUrl\":\"https:\/\/sudoesteacontece.com.br\/wp-content\/uploads\/2025\/12\/cropped-logo-2-180x180-1.png\",\"width\":180,\"height\":180,\"caption\":\"Sudoesteacontece\"},\"image\":{\"@id\":\"https:\/\/sudoesteacontece.com.br\/#\/schema\/logo\/image\/\"},\"sameAs\":[\"https:\/\/www.facebook.com\/sudoesteacontece\/?locale=pt_BR\"]},{\"@type\":\"Person\",\"@id\":\"https:\/\/sudoesteacontece.com.br\/#\/schema\/person\/3cf2cf009926a9683ebc29d5379fa79c\",\"name\":\"Washington Tiago\",\"image\":{\"@type\":\"ImageObject\",\"inLanguage\":\"pt-BR\",\"@id\":\"https:\/\/sudoesteacontece.com.br\/#\/schema\/person\/image\/\",\"url\":\"https:\/\/secure.gravatar.com\/avatar\/33c43b8668157e040f9d1fe93c354bf087cbd8ba36270c1163198bd3ddcf2a56?s=96&d=mm&r=g\",\"contentUrl\":\"https:\/\/secure.gravatar.com\/avatar\/33c43b8668157e040f9d1fe93c354bf087cbd8ba36270c1163198bd3ddcf2a56?s=96&d=mm&r=g\",\"caption\":\"Washington Tiago\"},\"url\":\"https:\/\/sudoesteacontece.com.br\/?author=2\"}]}<\/script>\n<!-- \/ Yoast SEO plugin. -->","yoast_head_json":{"title":"Fabr\u00edcio Abrantes recebe trof\u00e9u da Caixa e destaca avan\u00e7os que recolocam Brumado em posi\u00e7\u00e3o de destaque - Sudoesteacontece","robots":{"index":"index","follow":"follow","max-snippet":"max-snippet:-1","max-image-preview":"max-image-preview:large","max-video-preview":"max-video-preview:-1"},"canonical":"http:\/\/sudoesteacontece.com.br\/?p=2984","og_locale":"pt_BR","og_type":"article","og_title":"Fabr\u00edcio Abrantes recebe trof\u00e9u da Caixa e destaca avan\u00e7os que recolocam Brumado em posi\u00e7\u00e3o de destaque - Sudoesteacontece","og_description":"Brumado ganhou protagonismo na tarde desta ter\u00e7a-feira (18), quando o prefeito Fabr\u00edcio Abrantes (Avante) recebeu o Trof\u00e9u de Parceria da Caixa Econ\u00f4mica Federal durante reuni\u00e3o com representantes da institui\u00e7\u00e3o. A homenagem reconhece munic\u00edpios que mant\u00eam coopera\u00e7\u00e3o s\u00f3lida, resultados expressivos e gest\u00e3o eficiente. Reuni\u00e3o ocorreu com membros da equipe de governo e dirigentes da Caixa, entre eles o superintendente regional Rog\u00e9rio Teixeira e o superintendente executivo de Governo, Claudeir Pereira da Silva. O encontro refor\u00e7ou a articula\u00e7\u00e3o entre o munic\u00edpio e o banco, parceria que vem possibilitando novos projetos e investimentos. Fabr\u00edcio comemorou o reconhecimento e ressaltou o esfor\u00e7o coletivo. \u201cRecebi hoje o trof\u00e9u de parceria da Caixa com os munic\u00edpios. Nossa gest\u00e3o, com trabalho, di\u00e1logo e uni\u00e3o, tem feito Brumado voltar a ser destaque. Isso enche nosso cora\u00e7\u00e3o de orgulho. Agrade\u00e7o \u00e0 equipe da Caixa pela parceria de sucesso com nosso munic\u00edpio\u201d, afirmou. Trabalho desenvolvido pelo prefeito tem chamado aten\u00e7\u00e3o pelo ritmo acelerado de obras, investimentos em mobilidade e a\u00e7\u00f5es voltadas para melhorar a vida da popula\u00e7\u00e3o. Fabr\u00edcio se destaca por ouvir moradores, identificar dores e necessidades e transformar essas demandas em pol\u00edticas p\u00fablicas pr\u00e1ticas. Administra\u00e7\u00e3o mant\u00e9m di\u00e1logo constante com \u00f3rg\u00e3os estaduais e federais, o que amplia recursos e fortalece iniciativas estrat\u00e9gicas. Avan\u00e7os s\u00e3o creditados tamb\u00e9m \u00e0 equipe escolhida pelo prefeito, reconhecida pela atua\u00e7\u00e3o t\u00e9cnica, comprometida e alinhada ao projeto de desenvolvimento para Brumado. Resultado \u00e9 uma gest\u00e3o que conquista reconhecimento externo, gera benef\u00edcios diretos \u00e0 popula\u00e7\u00e3o e recoloca o munic\u00edpio na rota do crescimento.","og_url":"http:\/\/sudoesteacontece.com.br\/?p=2984","og_site_name":"Sudoesteacontece","article_publisher":"https:\/\/www.facebook.com\/sudoesteacontece\/?locale=pt_BR","article_published_time":"2025-11-19T14:44:31+00:00","article_modified_time":"2025-11-19T14:44:32+00:00","og_image":[{"width":900,"height":600,"url":"http:\/\/sudoesteacontece.com.br\/wp-content\/uploads\/2025\/11\/Fabricio-Abrantes-recebe-trofeu-da-Caixa-e-destaca-avancos-que-recolocam-Brumado-em-posicao-de-destaque-sudoeste-acontece.jpg","type":"image\/jpeg"}],"author":"Washington Tiago","twitter_card":"summary_large_image","twitter_misc":{"Escrito por":"Washington Tiago","Est. tempo de leitura":"1 minuto"},"schema":{"@context":"https:\/\/schema.org","@graph":[{"@type":"Article","@id":"http:\/\/sudoesteacontece.com.br\/?p=2984#article","isPartOf":{"@id":"http:\/\/sudoesteacontece.com.br\/?p=2984"},"author":{"name":"Washington Tiago","@id":"https:\/\/sudoesteacontece.com.br\/#\/schema\/person\/3cf2cf009926a9683ebc29d5379fa79c"},"headline":"Fabr\u00edcio Abrantes recebe trof\u00e9u da Caixa e destaca avan\u00e7os que recolocam Brumado em posi\u00e7\u00e3o de destaque","datePublished":"2025-11-19T14:44:31+00:00","dateModified":"2025-11-19T14:44:32+00:00","mainEntityOfPage":{"@id":"http:\/\/sudoesteacontece.com.br\/?p=2984"},"wordCount":307,"commentCount":0,"publisher":{"@id":"https:\/\/sudoesteacontece.com.br\/#organization"},"image":{"@id":"http:\/\/sudoesteacontece.com.br\/?p=2984#primaryimage"},"thumbnailUrl":"https:\/\/sudoesteacontece.com.br\/wp-content\/uploads\/2025\/11\/Fabricio-Abrantes-recebe-trofeu-da-Caixa-e-destaca-avancos-que-recolocam-Brumado-em-posicao-de-destaque-sudoeste-acontece.jpg","articleSection":["Brumado","Cidades","Pol\u00edtica"],"inLanguage":"pt-BR","potentialAction":[{"@type":"CommentAction","name":"Comment","target":["http:\/\/sudoesteacontece.com.br\/?p=2984#respond"]}]},{"@type":"WebPage","@id":"http:\/\/sudoesteacontece.com.br\/?p=2984","url":"http:\/\/sudoesteacontece.com.br\/?p=2984","name":"Fabr\u00edcio Abrantes recebe trof\u00e9u da Caixa e destaca avan\u00e7os que recolocam Brumado em posi\u00e7\u00e3o de destaque - Sudoesteacontece","isPartOf":{"@id":"https:\/\/sudoesteacontece.com.br\/#website"},"primaryImageOfPage":{"@id":"http:\/\/sudoesteacontece.com.br\/?p=2984#primaryimage"},"image":{"@id":"http:\/\/sudoesteacontece.com.br\/?p=2984#primaryimage"},"thumbnailUrl":"https:\/\/sudoesteacontece.com.br\/wp-content\/uploads\/2025\/11\/Fabricio-Abrantes-recebe-trofeu-da-Caixa-e-destaca-avancos-que-recolocam-Brumado-em-posicao-de-destaque-sudoeste-acontece.jpg","datePublished":"2025-11-19T14:44:31+00:00","dateModified":"2025-11-19T14:44:32+00:00","breadcrumb":{"@id":"http:\/\/sudoesteacontece.com.br\/?p=2984#breadcrumb"},"inLanguage":"pt-BR","potentialAction":[{"@type":"ReadAction","target":["http:\/\/sudoesteacontece.com.br\/?p=2984"]}]},{"@type":"ImageObject","inLanguage":"pt-BR","@id":"http:\/\/sudoesteacontece.com.br\/?p=2984#primaryimage","url":"https:\/\/sudoesteacontece.com.br\/wp-content\/uploads\/2025\/11\/Fabricio-Abrantes-recebe-trofeu-da-Caixa-e-destaca-avancos-que-recolocam-Brumado-em-posicao-de-destaque-sudoeste-acontece.jpg","contentUrl":"https:\/\/sudoesteacontece.com.br\/wp-content\/uploads\/2025\/11\/Fabricio-Abrantes-recebe-trofeu-da-Caixa-e-destaca-avancos-que-recolocam-Brumado-em-posicao-de-destaque-sudoeste-acontece.jpg","width":900,"height":600},{"@type":"BreadcrumbList","@id":"http:\/\/sudoesteacontece.com.br\/?p=2984#breadcrumb","itemListElement":[{"@type":"ListItem","position":1,"name":"In\u00edcio","item":"https:\/\/sudoesteacontece.com.br\/"},{"@type":"ListItem","position":2,"name":"Fabr\u00edcio Abrantes recebe trof\u00e9u da Caixa e destaca avan\u00e7os que recolocam Brumado em posi\u00e7\u00e3o de destaque"}]},{"@type":"WebSite","@id":"https:\/\/sudoesteacontece.com.br\/#website","url":"https:\/\/sudoesteacontece.com.br\/","name":"Sudoesteacontece","description":"","publisher":{"@id":"https:\/\/sudoesteacontece.com.br\/#organization"},"potentialAction":[{"@type":"SearchAction","target":{"@type":"EntryPoint","urlTemplate":"https:\/\/sudoesteacontece.com.br\/?s={search_term_string}"},"query-input":{"@type":"PropertyValueSpecification","valueRequired":true,"valueName":"search_term_string"}}],"inLanguage":"pt-BR"},{"@type":"Organization","@id":"https:\/\/sudoesteacontece.com.br\/#organization","name":"Sudoesteacontece","url":"https:\/\/sudoesteacontece.com.br\/","logo":{"@type":"ImageObject","inLanguage":"pt-BR","@id":"https:\/\/sudoesteacontece.com.br\/#\/schema\/logo\/image\/","url":"https:\/\/sudoesteacontece.com.br\/wp-content\/uploads\/2025\/12\/cropped-logo-2-180x180-1.png","contentUrl":"https:\/\/sudoesteacontece.com.br\/wp-content\/uploads\/2025\/12\/cropped-logo-2-180x180-1.png","width":180,"height":180,"caption":"Sudoesteacontece"},"image":{"@id":"https:\/\/sudoesteacontece.com.br\/#\/schema\/logo\/image\/"},"sameAs":["https:\/\/www.facebook.com\/sudoesteacontece\/?locale=pt_BR"]},{"@type":"Person","@id":"https:\/\/sudoesteacontece.com.br\/#\/schema\/person\/3cf2cf009926a9683ebc29d5379fa79c","name":"Washington Tiago","image":{"@type":"ImageObject","inLanguage":"pt-BR","@id":"https:\/\/sudoesteacontece.com.br\/#\/schema\/person\/image\/","url":"https:\/\/secure.gravatar.com\/avatar\/33c43b8668157e040f9d1fe93c354bf087cbd8ba36270c1163198bd3ddcf2a56?s=96&d=mm&r=g","contentUrl":"https:\/\/secure.gravatar.com\/avatar\/33c43b8668157e040f9d1fe93c354bf087cbd8ba36270c1163198bd3ddcf2a56?s=96&d=mm&r=g","caption":"Washington Tiago"},"url":"https:\/\/sudoesteacontece.com.br\/?author=2"}]}},"_links":{"self":[{"href":"https:\/\/sudoesteacontece.com.br\/index.php?rest_route=\/wp\/v2\/posts\/2984","targetHints":{"allow":["GET"]}}],"collection":[{"href":"https:\/\/sudoesteacontece.com.br\/index.php?rest_route=\/wp\/v2\/posts"}],"about":[{"href":"https:\/\/sudoesteacontece.com.br\/index.php?rest_route=\/wp\/v2\/types\/post"}],"author":[{"embeddable":true,"href":"https:\/\/sudoesteacontece.com.br\/index.php?rest_route=\/wp\/v2\/users\/2"}],"replies":[{"embeddable":true,"href":"https:\/\/sudoesteacontece.com.br\/index.php?rest_route=%2Fwp%2Fv2%2Fcomments&post=2984"}],"version-history":[{"count":0,"href":"https:\/\/sudoesteacontece.com.br\/index.php?rest_route=\/wp\/v2\/posts\/2984\/revisions"}],"wp:featuredmedia":[{"embeddable":true,"href":"https:\/\/sudoesteacontece.com.br\/index.php?rest_route=\/wp\/v2\/media\/3017"}],"wp:attachment":[{"href":"https:\/\/sudoesteacontece.com.br\/index.php?rest_route=%2Fwp%2Fv2%2Fmedia&parent=2984"}],"wp:term":[{"taxonomy":"category","embeddable":true,"href":"https:\/\/sudoesteacontece.com.br\/index.php?rest_route=%2Fwp%2Fv2%2Fcategories&post=2984"},{"taxonomy":"post_tag","embeddable":true,"href":"https:\/\/sudoesteacontece.com.br\/index.php?rest_route=%2Fwp%2Fv2%2Ftags&post=2984"}],"curies":[{"name":"wp","href":"https:\/\/api.w.org\/{rel}","templated":true}]}}