{"id":2985,"date":"2025-11-19T16:41:47","date_gmt":"2025-11-19T19:41:47","guid":{"rendered":"https:\/\/sudoesteacontece.com.br\/?p=2985"},"modified":"2025-11-19T16:41:49","modified_gmt":"2025-11-19T19:41:49","slug":"pm-prende-homem-com-submetralhadora-e-drogas-na-zona-rural-de-serra-do-ramalho","status":"publish","type":"post","link":"https:\/\/sudoesteacontece.com.br\/?p=2985","title":{"rendered":"PM prende homem com submetralhadora e drogas na zona rural de Serra do Ramalho"},"content":{"rendered":"<div class=\"wp-block-image\">\n<figure class=\"aligncenter size-full\"><img fetchpriority=\"high\" decoding=\"async\" width=\"900\" height=\"600\" src=\"http:\/\/sudoesteacontece.com.br\/wp-content\/uploads\/2025\/11\/PM-prende-homem-com-submetralhadora-e-drogas-na-zona-rural-de-Serra-do-Ramalho-sudoeste-acontece.jpg\" alt=\"\" class=\"wp-image-3042\" srcset=\"https:\/\/sudoesteacontece.com.br\/wp-content\/uploads\/2025\/11\/PM-prende-homem-com-submetralhadora-e-drogas-na-zona-rural-de-Serra-do-Ramalho-sudoeste-acontece.jpg 900w, https:\/\/sudoesteacontece.com.br\/wp-content\/uploads\/2025\/11\/PM-prende-homem-com-submetralhadora-e-drogas-na-zona-rural-de-Serra-do-Ramalho-sudoeste-acontece-300x200.jpg 300w, https:\/\/sudoesteacontece.com.br\/wp-content\/uploads\/2025\/11\/PM-prende-homem-com-submetralhadora-e-drogas-na-zona-rural-de-Serra-do-Ramalho-sudoeste-acontece-768x512.jpg 768w\" sizes=\"(max-width: 900px) 100vw, 900px\" \/><\/figure>\n<\/div>\n\n\n<p>Policiais militares prenderam um homem na noite desta ter\u00e7a-feira (18) na Agrovila 20, em Serra do Ramalho, ap\u00f3s localizar uma submetralhadora e por\u00e7\u00f5es de drogas dentro de ve\u00edculos usados pelo suspeito. A Pol\u00edcia Militar faziam buscas por um carro azul apontado em den\u00fancia an\u00f4nima.<\/p>\n\n\n\n<p>Viatura encontrou o ve\u00edculo e deu in\u00edcio \u00e0 abordagem para checar a informa\u00e7\u00e3o repassada \u00e0 pol\u00edcia. Durante a verifica\u00e7\u00e3o, os militares localizaram armamento de uso restrito, muni\u00e7\u00f5es e entorpecentes dentro do carro e tamb\u00e9m em uma motocicleta Honda Titan 125 preta, que estava com o chassi suprimido.<\/p>\n\n\n\n<p>Materiais apreendidos inclu\u00edam uma submetralhadora calibre 9 mm, dezoito muni\u00e7\u00f5es do mesmo calibre, oito muni\u00e7\u00f5es calibre 38 e uma balan\u00e7a de precis\u00e3o. A PM encontrou ainda aproximadamente 110 gramas de coca\u00edna e cerca de 10 gramas de maconha.<\/p>\n\n\n\n<p>Opera\u00e7\u00e3o resultou tamb\u00e9m na apreens\u00e3o de um ve\u00edculo VW Gol de placa JMP-1167 e da motocicleta irregular. Conjunto de itens refor\u00e7a a suspeita de envolvimento do detido com o tr\u00e1fico de drogas na regi\u00e3o. O homem foi levado para a Delegacia de Pol\u00edcia Civil, onde as medidas legais foram adotadas.<\/p>\n","protected":false},"excerpt":{"rendered":"<p>Policiais militares prenderam um homem na noite desta ter\u00e7a-feira (18) na Agrovila 20, em Serra do Ramalho, ap\u00f3s localizar uma submetralhadora e por\u00e7\u00f5es de drogas dentro de ve\u00edculos usados pelo suspeito. A Pol\u00edcia Militar faziam buscas por um carro azul apontado em den\u00fancia an\u00f4nima. Viatura encontrou o ve\u00edculo e deu in\u00edcio \u00e0 abordagem para checar a informa\u00e7\u00e3o repassada \u00e0 pol\u00edcia. Durante a verifica\u00e7\u00e3o, os militares localizaram armamento de uso restrito, muni\u00e7\u00f5es e entorpecentes dentro do carro e tamb\u00e9m em uma motocicleta Honda Titan 125 preta, que estava com o chassi suprimido. Materiais apreendidos inclu\u00edam uma submetralhadora calibre 9 mm, dezoito muni\u00e7\u00f5es do mesmo calibre, oito muni\u00e7\u00f5es calibre 38 e uma balan\u00e7a de precis\u00e3o. A PM encontrou ainda aproximadamente 110 gramas de coca\u00edna e cerca de 10 gramas de maconha. Opera\u00e7\u00e3o resultou tamb\u00e9m na apreens\u00e3o de um ve\u00edculo VW Gol de placa JMP-1167 e da motocicleta irregular. Conjunto de itens refor\u00e7a a suspeita de envolvimento do detido com o tr\u00e1fico de drogas na regi\u00e3o. O homem foi levado para a Delegacia de Pol\u00edcia Civil, onde as medidas legais foram adotadas.<\/p>\n","protected":false},"author":2,"featured_media":3042,"comment_status":"open","ping_status":"open","sticky":false,"template":"","format":"standard","meta":{"footnotes":""},"categories":[4,3,97],"tags":[],"class_list":["post-2985","post","type-post","status-publish","format-standard","has-post-thumbnail","hentry","category-cidades","category-policia","category-serra-do-ramalho"],"yoast_head":"<!-- This site is optimized with the Yoast SEO plugin v26.5 - https:\/\/yoast.com\/wordpress\/plugins\/seo\/ -->\n<title>PM prende homem com submetralhadora e drogas na zona rural de Serra do Ramalho - Sudoesteacontece<\/title>\n<meta name=\"robots\" content=\"index, follow, max-snippet:-1, max-image-preview:large, max-video-preview:-1\" \/>\n<link rel=\"canonical\" href=\"http:\/\/sudoesteacontece.com.br\/?p=2985\" \/>\n<meta property=\"og:locale\" content=\"pt_BR\" \/>\n<meta property=\"og:type\" content=\"article\" \/>\n<meta property=\"og:title\" content=\"PM prende homem com submetralhadora e drogas na zona rural de Serra do Ramalho - Sudoesteacontece\" \/>\n<meta property=\"og:description\" content=\"Policiais militares prenderam um homem na noite desta ter\u00e7a-feira (18) na Agrovila 20, em Serra do Ramalho, ap\u00f3s localizar uma submetralhadora e por\u00e7\u00f5es de drogas dentro de ve\u00edculos usados pelo suspeito. A Pol\u00edcia Militar faziam buscas por um carro azul apontado em den\u00fancia an\u00f4nima. Viatura encontrou o ve\u00edculo e deu in\u00edcio \u00e0 abordagem para checar a informa\u00e7\u00e3o repassada \u00e0 pol\u00edcia. Durante a verifica\u00e7\u00e3o, os militares localizaram armamento de uso restrito, muni\u00e7\u00f5es e entorpecentes dentro do carro e tamb\u00e9m em uma motocicleta Honda Titan 125 preta, que estava com o chassi suprimido. Materiais apreendidos inclu\u00edam uma submetralhadora calibre 9 mm, dezoito muni\u00e7\u00f5es do mesmo calibre, oito muni\u00e7\u00f5es calibre 38 e uma balan\u00e7a de precis\u00e3o. A PM encontrou ainda aproximadamente 110 gramas de coca\u00edna e cerca de 10 gramas de maconha. Opera\u00e7\u00e3o resultou tamb\u00e9m na apreens\u00e3o de um ve\u00edculo VW Gol de placa JMP-1167 e da motocicleta irregular. Conjunto de itens refor\u00e7a a suspeita de envolvimento do detido com o tr\u00e1fico de drogas na regi\u00e3o. O homem foi levado para a Delegacia de Pol\u00edcia Civil, onde as medidas legais foram adotadas.\" \/>\n<meta property=\"og:url\" content=\"http:\/\/sudoesteacontece.com.br\/?p=2985\" \/>\n<meta property=\"og:site_name\" content=\"Sudoesteacontece\" \/>\n<meta property=\"article:publisher\" content=\"https:\/\/www.facebook.com\/sudoesteacontece\/?locale=pt_BR\" \/>\n<meta property=\"article:published_time\" content=\"2025-11-19T19:41:47+00:00\" \/>\n<meta property=\"article:modified_time\" content=\"2025-11-19T19:41:49+00:00\" \/>\n<meta property=\"og:image\" content=\"http:\/\/sudoesteacontece.com.br\/wp-content\/uploads\/2025\/11\/PM-prende-homem-com-submetralhadora-e-drogas-na-zona-rural-de-Serra-do-Ramalho-sudoeste-acontece.jpg\" \/>\n\t<meta property=\"og:image:width\" content=\"900\" \/>\n\t<meta property=\"og:image:height\" content=\"600\" \/>\n\t<meta property=\"og:image:type\" content=\"image\/jpeg\" \/>\n<meta name=\"author\" content=\"Washington Tiago\" \/>\n<meta name=\"twitter:card\" content=\"summary_large_image\" \/>\n<meta name=\"twitter:label1\" content=\"Escrito por\" \/>\n\t<meta name=\"twitter:data1\" content=\"Washington Tiago\" \/>\n\t<meta name=\"twitter:label2\" content=\"Est. tempo de leitura\" \/>\n\t<meta name=\"twitter:data2\" content=\"1 minuto\" \/>\n<script type=\"application\/ld+json\" class=\"yoast-schema-graph\">{\"@context\":\"https:\/\/schema.org\",\"@graph\":[{\"@type\":\"Article\",\"@id\":\"http:\/\/sudoesteacontece.com.br\/?p=2985#article\",\"isPartOf\":{\"@id\":\"http:\/\/sudoesteacontece.com.br\/?p=2985\"},\"author\":{\"name\":\"Washington Tiago\",\"@id\":\"https:\/\/sudoesteacontece.com.br\/#\/schema\/person\/3cf2cf009926a9683ebc29d5379fa79c\"},\"headline\":\"PM prende homem com submetralhadora e drogas na zona rural de Serra do Ramalho\",\"datePublished\":\"2025-11-19T19:41:47+00:00\",\"dateModified\":\"2025-11-19T19:41:49+00:00\",\"mainEntityOfPage\":{\"@id\":\"http:\/\/sudoesteacontece.com.br\/?p=2985\"},\"wordCount\":212,\"commentCount\":0,\"publisher\":{\"@id\":\"https:\/\/sudoesteacontece.com.br\/#organization\"},\"image\":{\"@id\":\"http:\/\/sudoesteacontece.com.br\/?p=2985#primaryimage\"},\"thumbnailUrl\":\"https:\/\/sudoesteacontece.com.br\/wp-content\/uploads\/2025\/11\/PM-prende-homem-com-submetralhadora-e-drogas-na-zona-rural-de-Serra-do-Ramalho-sudoeste-acontece.jpg\",\"articleSection\":[\"Cidades\",\"Pol\u00edcia\",\"Serra do Ramalho\"],\"inLanguage\":\"pt-BR\",\"potentialAction\":[{\"@type\":\"CommentAction\",\"name\":\"Comment\",\"target\":[\"http:\/\/sudoesteacontece.com.br\/?p=2985#respond\"]}]},{\"@type\":\"WebPage\",\"@id\":\"http:\/\/sudoesteacontece.com.br\/?p=2985\",\"url\":\"http:\/\/sudoesteacontece.com.br\/?p=2985\",\"name\":\"PM prende homem com submetralhadora e drogas na zona rural de Serra do Ramalho - Sudoesteacontece\",\"isPartOf\":{\"@id\":\"https:\/\/sudoesteacontece.com.br\/#website\"},\"primaryImageOfPage\":{\"@id\":\"http:\/\/sudoesteacontece.com.br\/?p=2985#primaryimage\"},\"image\":{\"@id\":\"http:\/\/sudoesteacontece.com.br\/?p=2985#primaryimage\"},\"thumbnailUrl\":\"https:\/\/sudoesteacontece.com.br\/wp-content\/uploads\/2025\/11\/PM-prende-homem-com-submetralhadora-e-drogas-na-zona-rural-de-Serra-do-Ramalho-sudoeste-acontece.jpg\",\"datePublished\":\"2025-11-19T19:41:47+00:00\",\"dateModified\":\"2025-11-19T19:41:49+00:00\",\"breadcrumb\":{\"@id\":\"http:\/\/sudoesteacontece.com.br\/?p=2985#breadcrumb\"},\"inLanguage\":\"pt-BR\",\"potentialAction\":[{\"@type\":\"ReadAction\",\"target\":[\"http:\/\/sudoesteacontece.com.br\/?p=2985\"]}]},{\"@type\":\"ImageObject\",\"inLanguage\":\"pt-BR\",\"@id\":\"http:\/\/sudoesteacontece.com.br\/?p=2985#primaryimage\",\"url\":\"https:\/\/sudoesteacontece.com.br\/wp-content\/uploads\/2025\/11\/PM-prende-homem-com-submetralhadora-e-drogas-na-zona-rural-de-Serra-do-Ramalho-sudoeste-acontece.jpg\",\"contentUrl\":\"https:\/\/sudoesteacontece.com.br\/wp-content\/uploads\/2025\/11\/PM-prende-homem-com-submetralhadora-e-drogas-na-zona-rural-de-Serra-do-Ramalho-sudoeste-acontece.jpg\",\"width\":900,\"height\":600},{\"@type\":\"BreadcrumbList\",\"@id\":\"http:\/\/sudoesteacontece.com.br\/?p=2985#breadcrumb\",\"itemListElement\":[{\"@type\":\"ListItem\",\"position\":1,\"name\":\"In\u00edcio\",\"item\":\"https:\/\/sudoesteacontece.com.br\/\"},{\"@type\":\"ListItem\",\"position\":2,\"name\":\"PM prende homem com submetralhadora e drogas na zona rural de Serra do Ramalho\"}]},{\"@type\":\"WebSite\",\"@id\":\"https:\/\/sudoesteacontece.com.br\/#website\",\"url\":\"https:\/\/sudoesteacontece.com.br\/\",\"name\":\"Sudoesteacontece\",\"description\":\"\",\"publisher\":{\"@id\":\"https:\/\/sudoesteacontece.com.br\/#organization\"},\"potentialAction\":[{\"@type\":\"SearchAction\",\"target\":{\"@type\":\"EntryPoint\",\"urlTemplate\":\"https:\/\/sudoesteacontece.com.br\/?s={search_term_string}\"},\"query-input\":{\"@type\":\"PropertyValueSpecification\",\"valueRequired\":true,\"valueName\":\"search_term_string\"}}],\"inLanguage\":\"pt-BR\"},{\"@type\":\"Organization\",\"@id\":\"https:\/\/sudoesteacontece.com.br\/#organization\",\"name\":\"Sudoesteacontece\",\"url\":\"https:\/\/sudoesteacontece.com.br\/\",\"logo\":{\"@type\":\"ImageObject\",\"inLanguage\":\"pt-BR\",\"@id\":\"https:\/\/sudoesteacontece.com.br\/#\/schema\/logo\/image\/\",\"url\":\"https:\/\/sudoesteacontece.com.br\/wp-content\/uploads\/2025\/12\/cropped-logo-2-180x180-1.png\",\"contentUrl\":\"https:\/\/sudoesteacontece.com.br\/wp-content\/uploads\/2025\/12\/cropped-logo-2-180x180-1.png\",\"width\":180,\"height\":180,\"caption\":\"Sudoesteacontece\"},\"image\":{\"@id\":\"https:\/\/sudoesteacontece.com.br\/#\/schema\/logo\/image\/\"},\"sameAs\":[\"https:\/\/www.facebook.com\/sudoesteacontece\/?locale=pt_BR\"]},{\"@type\":\"Person\",\"@id\":\"https:\/\/sudoesteacontece.com.br\/#\/schema\/person\/3cf2cf009926a9683ebc29d5379fa79c\",\"name\":\"Washington Tiago\",\"image\":{\"@type\":\"ImageObject\",\"inLanguage\":\"pt-BR\",\"@id\":\"https:\/\/sudoesteacontece.com.br\/#\/schema\/person\/image\/\",\"url\":\"https:\/\/secure.gravatar.com\/avatar\/33c43b8668157e040f9d1fe93c354bf087cbd8ba36270c1163198bd3ddcf2a56?s=96&d=mm&r=g\",\"contentUrl\":\"https:\/\/secure.gravatar.com\/avatar\/33c43b8668157e040f9d1fe93c354bf087cbd8ba36270c1163198bd3ddcf2a56?s=96&d=mm&r=g\",\"caption\":\"Washington Tiago\"},\"url\":\"https:\/\/sudoesteacontece.com.br\/?author=2\"}]}<\/script>\n<!-- \/ Yoast SEO plugin. -->","yoast_head_json":{"title":"PM prende homem com submetralhadora e drogas na zona rural de Serra do Ramalho - Sudoesteacontece","robots":{"index":"index","follow":"follow","max-snippet":"max-snippet:-1","max-image-preview":"max-image-preview:large","max-video-preview":"max-video-preview:-1"},"canonical":"http:\/\/sudoesteacontece.com.br\/?p=2985","og_locale":"pt_BR","og_type":"article","og_title":"PM prende homem com submetralhadora e drogas na zona rural de Serra do Ramalho - Sudoesteacontece","og_description":"Policiais militares prenderam um homem na noite desta ter\u00e7a-feira (18) na Agrovila 20, em Serra do Ramalho, ap\u00f3s localizar uma submetralhadora e por\u00e7\u00f5es de drogas dentro de ve\u00edculos usados pelo suspeito. A Pol\u00edcia Militar faziam buscas por um carro azul apontado em den\u00fancia an\u00f4nima. Viatura encontrou o ve\u00edculo e deu in\u00edcio \u00e0 abordagem para checar a informa\u00e7\u00e3o repassada \u00e0 pol\u00edcia. Durante a verifica\u00e7\u00e3o, os militares localizaram armamento de uso restrito, muni\u00e7\u00f5es e entorpecentes dentro do carro e tamb\u00e9m em uma motocicleta Honda Titan 125 preta, que estava com o chassi suprimido. Materiais apreendidos inclu\u00edam uma submetralhadora calibre 9 mm, dezoito muni\u00e7\u00f5es do mesmo calibre, oito muni\u00e7\u00f5es calibre 38 e uma balan\u00e7a de precis\u00e3o. A PM encontrou ainda aproximadamente 110 gramas de coca\u00edna e cerca de 10 gramas de maconha. Opera\u00e7\u00e3o resultou tamb\u00e9m na apreens\u00e3o de um ve\u00edculo VW Gol de placa JMP-1167 e da motocicleta irregular. Conjunto de itens refor\u00e7a a suspeita de envolvimento do detido com o tr\u00e1fico de drogas na regi\u00e3o. O homem foi levado para a Delegacia de Pol\u00edcia Civil, onde as medidas legais foram adotadas.","og_url":"http:\/\/sudoesteacontece.com.br\/?p=2985","og_site_name":"Sudoesteacontece","article_publisher":"https:\/\/www.facebook.com\/sudoesteacontece\/?locale=pt_BR","article_published_time":"2025-11-19T19:41:47+00:00","article_modified_time":"2025-11-19T19:41:49+00:00","og_image":[{"width":900,"height":600,"url":"http:\/\/sudoesteacontece.com.br\/wp-content\/uploads\/2025\/11\/PM-prende-homem-com-submetralhadora-e-drogas-na-zona-rural-de-Serra-do-Ramalho-sudoeste-acontece.jpg","type":"image\/jpeg"}],"author":"Washington Tiago","twitter_card":"summary_large_image","twitter_misc":{"Escrito por":"Washington Tiago","Est. tempo de leitura":"1 minuto"},"schema":{"@context":"https:\/\/schema.org","@graph":[{"@type":"Article","@id":"http:\/\/sudoesteacontece.com.br\/?p=2985#article","isPartOf":{"@id":"http:\/\/sudoesteacontece.com.br\/?p=2985"},"author":{"name":"Washington Tiago","@id":"https:\/\/sudoesteacontece.com.br\/#\/schema\/person\/3cf2cf009926a9683ebc29d5379fa79c"},"headline":"PM prende homem com submetralhadora e drogas na zona rural de Serra do Ramalho","datePublished":"2025-11-19T19:41:47+00:00","dateModified":"2025-11-19T19:41:49+00:00","mainEntityOfPage":{"@id":"http:\/\/sudoesteacontece.com.br\/?p=2985"},"wordCount":212,"commentCount":0,"publisher":{"@id":"https:\/\/sudoesteacontece.com.br\/#organization"},"image":{"@id":"http:\/\/sudoesteacontece.com.br\/?p=2985#primaryimage"},"thumbnailUrl":"https:\/\/sudoesteacontece.com.br\/wp-content\/uploads\/2025\/11\/PM-prende-homem-com-submetralhadora-e-drogas-na-zona-rural-de-Serra-do-Ramalho-sudoeste-acontece.jpg","articleSection":["Cidades","Pol\u00edcia","Serra do Ramalho"],"inLanguage":"pt-BR","potentialAction":[{"@type":"CommentAction","name":"Comment","target":["http:\/\/sudoesteacontece.com.br\/?p=2985#respond"]}]},{"@type":"WebPage","@id":"http:\/\/sudoesteacontece.com.br\/?p=2985","url":"http:\/\/sudoesteacontece.com.br\/?p=2985","name":"PM prende homem com submetralhadora e drogas na zona rural de Serra do Ramalho - Sudoesteacontece","isPartOf":{"@id":"https:\/\/sudoesteacontece.com.br\/#website"},"primaryImageOfPage":{"@id":"http:\/\/sudoesteacontece.com.br\/?p=2985#primaryimage"},"image":{"@id":"http:\/\/sudoesteacontece.com.br\/?p=2985#primaryimage"},"thumbnailUrl":"https:\/\/sudoesteacontece.com.br\/wp-content\/uploads\/2025\/11\/PM-prende-homem-com-submetralhadora-e-drogas-na-zona-rural-de-Serra-do-Ramalho-sudoeste-acontece.jpg","datePublished":"2025-11-19T19:41:47+00:00","dateModified":"2025-11-19T19:41:49+00:00","breadcrumb":{"@id":"http:\/\/sudoesteacontece.com.br\/?p=2985#breadcrumb"},"inLanguage":"pt-BR","potentialAction":[{"@type":"ReadAction","target":["http:\/\/sudoesteacontece.com.br\/?p=2985"]}]},{"@type":"ImageObject","inLanguage":"pt-BR","@id":"http:\/\/sudoesteacontece.com.br\/?p=2985#primaryimage","url":"https:\/\/sudoesteacontece.com.br\/wp-content\/uploads\/2025\/11\/PM-prende-homem-com-submetralhadora-e-drogas-na-zona-rural-de-Serra-do-Ramalho-sudoeste-acontece.jpg","contentUrl":"https:\/\/sudoesteacontece.com.br\/wp-content\/uploads\/2025\/11\/PM-prende-homem-com-submetralhadora-e-drogas-na-zona-rural-de-Serra-do-Ramalho-sudoeste-acontece.jpg","width":900,"height":600},{"@type":"BreadcrumbList","@id":"http:\/\/sudoesteacontece.com.br\/?p=2985#breadcrumb","itemListElement":[{"@type":"ListItem","position":1,"name":"In\u00edcio","item":"https:\/\/sudoesteacontece.com.br\/"},{"@type":"ListItem","position":2,"name":"PM prende homem com submetralhadora e drogas na zona rural de Serra do Ramalho"}]},{"@type":"WebSite","@id":"https:\/\/sudoesteacontece.com.br\/#website","url":"https:\/\/sudoesteacontece.com.br\/","name":"Sudoesteacontece","description":"","publisher":{"@id":"https:\/\/sudoesteacontece.com.br\/#organization"},"potentialAction":[{"@type":"SearchAction","target":{"@type":"EntryPoint","urlTemplate":"https:\/\/sudoesteacontece.com.br\/?s={search_term_string}"},"query-input":{"@type":"PropertyValueSpecification","valueRequired":true,"valueName":"search_term_string"}}],"inLanguage":"pt-BR"},{"@type":"Organization","@id":"https:\/\/sudoesteacontece.com.br\/#organization","name":"Sudoesteacontece","url":"https:\/\/sudoesteacontece.com.br\/","logo":{"@type":"ImageObject","inLanguage":"pt-BR","@id":"https:\/\/sudoesteacontece.com.br\/#\/schema\/logo\/image\/","url":"https:\/\/sudoesteacontece.com.br\/wp-content\/uploads\/2025\/12\/cropped-logo-2-180x180-1.png","contentUrl":"https:\/\/sudoesteacontece.com.br\/wp-content\/uploads\/2025\/12\/cropped-logo-2-180x180-1.png","width":180,"height":180,"caption":"Sudoesteacontece"},"image":{"@id":"https:\/\/sudoesteacontece.com.br\/#\/schema\/logo\/image\/"},"sameAs":["https:\/\/www.facebook.com\/sudoesteacontece\/?locale=pt_BR"]},{"@type":"Person","@id":"https:\/\/sudoesteacontece.com.br\/#\/schema\/person\/3cf2cf009926a9683ebc29d5379fa79c","name":"Washington Tiago","image":{"@type":"ImageObject","inLanguage":"pt-BR","@id":"https:\/\/sudoesteacontece.com.br\/#\/schema\/person\/image\/","url":"https:\/\/secure.gravatar.com\/avatar\/33c43b8668157e040f9d1fe93c354bf087cbd8ba36270c1163198bd3ddcf2a56?s=96&d=mm&r=g","contentUrl":"https:\/\/secure.gravatar.com\/avatar\/33c43b8668157e040f9d1fe93c354bf087cbd8ba36270c1163198bd3ddcf2a56?s=96&d=mm&r=g","caption":"Washington Tiago"},"url":"https:\/\/sudoesteacontece.com.br\/?author=2"}]}},"_links":{"self":[{"href":"https:\/\/sudoesteacontece.com.br\/index.php?rest_route=\/wp\/v2\/posts\/2985","targetHints":{"allow":["GET"]}}],"collection":[{"href":"https:\/\/sudoesteacontece.com.br\/index.php?rest_route=\/wp\/v2\/posts"}],"about":[{"href":"https:\/\/sudoesteacontece.com.br\/index.php?rest_route=\/wp\/v2\/types\/post"}],"author":[{"embeddable":true,"href":"https:\/\/sudoesteacontece.com.br\/index.php?rest_route=\/wp\/v2\/users\/2"}],"replies":[{"embeddable":true,"href":"https:\/\/sudoesteacontece.com.br\/index.php?rest_route=%2Fwp%2Fv2%2Fcomments&post=2985"}],"version-history":[{"count":0,"href":"https:\/\/sudoesteacontece.com.br\/index.php?rest_route=\/wp\/v2\/posts\/2985\/revisions"}],"wp:featuredmedia":[{"embeddable":true,"href":"https:\/\/sudoesteacontece.com.br\/index.php?rest_route=\/wp\/v2\/media\/3042"}],"wp:attachment":[{"href":"https:\/\/sudoesteacontece.com.br\/index.php?rest_route=%2Fwp%2Fv2%2Fmedia&parent=2985"}],"wp:term":[{"taxonomy":"category","embeddable":true,"href":"https:\/\/sudoesteacontece.com.br\/index.php?rest_route=%2Fwp%2Fv2%2Fcategories&post=2985"},{"taxonomy":"post_tag","embeddable":true,"href":"https:\/\/sudoesteacontece.com.br\/index.php?rest_route=%2Fwp%2Fv2%2Ftags&post=2985"}],"curies":[{"name":"wp","href":"https:\/\/api.w.org\/{rel}","templated":true}]}}