{"id":2992,"date":"2025-11-19T11:31:56","date_gmt":"2025-11-19T14:31:56","guid":{"rendered":"https:\/\/sudoesteacontece.com.br\/?p=2992"},"modified":"2025-11-19T11:31:57","modified_gmt":"2025-11-19T14:31:57","slug":"yuri-fernandes-pressiona-por-direitos-da-comunidade-surda-na-assembleia-da-bahia","status":"publish","type":"post","link":"https:\/\/sudoesteacontece.com.br\/?p=2992","title":{"rendered":"Yuri Fernandes pressiona por direitos da comunidade surda na Assembleia da Bahia"},"content":{"rendered":"<div class=\"wp-block-image\">\n<figure class=\"aligncenter size-full\"><img fetchpriority=\"high\" decoding=\"async\" width=\"900\" height=\"600\" src=\"http:\/\/sudoesteacontece.com.br\/wp-content\/uploads\/2025\/11\/Yuri-Fernandes-pressiona-por-direitos-da-comunidade-surda-na-Assembleia-da-Bahia-sudoeste-acontece.jpg\" alt=\"\" class=\"wp-image-3011\" srcset=\"https:\/\/sudoesteacontece.com.br\/wp-content\/uploads\/2025\/11\/Yuri-Fernandes-pressiona-por-direitos-da-comunidade-surda-na-Assembleia-da-Bahia-sudoeste-acontece.jpg 900w, https:\/\/sudoesteacontece.com.br\/wp-content\/uploads\/2025\/11\/Yuri-Fernandes-pressiona-por-direitos-da-comunidade-surda-na-Assembleia-da-Bahia-sudoeste-acontece-300x200.jpg 300w, https:\/\/sudoesteacontece.com.br\/wp-content\/uploads\/2025\/11\/Yuri-Fernandes-pressiona-por-direitos-da-comunidade-surda-na-Assembleia-da-Bahia-sudoeste-acontece-768x512.jpg 768w\" sizes=\"(max-width: 900px) 100vw, 900px\" \/><\/figure>\n<\/div>\n\n\n<p>Yuri Fernandes Ara\u00fajo participou de uma reuni\u00e3o na Assembleia Legislativa da Bahia (ALBA) sobre o Projeto de Lei Estadual de Libras e destacou a urg\u00eancia de ampliar os direitos da comunidade surda no estado. Encontro reuniu representantes da Associa\u00e7\u00e3o dos Surdos do Gama, do Distrito Federal, e lideran\u00e7as de v\u00e1rias regi\u00f5es do pa\u00eds.<\/p>\n\n\n\n<p>Debatedores aproveitaram o espa\u00e7o para trocar experi\u00eancias, alinhar propostas e fortalecer movimentos que defendem inclus\u00e3o, cultura e acessibilidade. Presen\u00e7a de entidades nacionais refor\u00e7ou a necessidade de unir esfor\u00e7os e ampliar a articula\u00e7\u00e3o pol\u00edtica. Natural de Guanambi, Yuri relatou sua trajet\u00f3ria. Ele afirmou que enfrenta barreiras desde a inf\u00e2ncia e que transforma essas viv\u00eancias em luta por mais oportunidades para pessoas surdas em toda a Bahia.<\/p>\n\n\n\n<p>Formado em Pedagogia pela Universidade Federal da Bahia (UFBA) e p\u00f3s-graduado em Libras, Yuri atua como professor surdo e defende mais acesso \u00e0 educa\u00e7\u00e3o inclusiva. Ele explicou que sua atua\u00e7\u00e3o vai al\u00e9m da sala de aula, pois acompanha de perto os debates sobre pol\u00edticas p\u00fablicas. Experi\u00eancias acumuladas em conselhos e associa\u00e7\u00f5es fortaleceram sua atua\u00e7\u00e3o. <\/p>\n\n\n\n<p>Yuri integrou a Associa\u00e7\u00e3o de Pais e Amigos de Deficientes Auditivos (APADA) como vice-presidente e ajudou a elaborar projetos e reivindica\u00e7\u00f5es para ampliar direitos no munic\u00edpio. Encontro na ALBA refor\u00e7ou a mobiliza\u00e7\u00e3o da comunidade surda.<\/p>\n\n\n\n<p>Participantes defenderam que o Projeto de Lei de Libras coloque a Bahia na dianteira da inclus\u00e3o, garantindo forma\u00e7\u00e3o, acessibilidade e reconhecimento profissional. Mobiliza\u00e7\u00e3o segue ativa. Yuri afirmou que continuar\u00e1 lutando para que a comunidade surda conquiste mais espa\u00e7o na sociedade e na pol\u00edtica, levando a bandeira da inclus\u00e3o como prioridade.<\/p>\n","protected":false},"excerpt":{"rendered":"<p>Yuri Fernandes Ara\u00fajo participou de uma reuni\u00e3o na Assembleia Legislativa da Bahia (ALBA) sobre o Projeto de Lei Estadual de Libras e destacou a urg\u00eancia de ampliar os direitos da comunidade surda no estado. Encontro reuniu representantes da Associa\u00e7\u00e3o dos Surdos do Gama, do Distrito Federal, e lideran\u00e7as de v\u00e1rias regi\u00f5es do pa\u00eds. Debatedores aproveitaram o espa\u00e7o para trocar experi\u00eancias, alinhar propostas e fortalecer movimentos que defendem inclus\u00e3o, cultura e acessibilidade. Presen\u00e7a de entidades nacionais refor\u00e7ou a necessidade de unir esfor\u00e7os e ampliar a articula\u00e7\u00e3o pol\u00edtica. Natural de Guanambi, Yuri relatou sua trajet\u00f3ria. Ele afirmou que enfrenta barreiras desde a inf\u00e2ncia e que transforma essas viv\u00eancias em luta por mais oportunidades para pessoas surdas em toda a Bahia. Formado em Pedagogia pela Universidade Federal da Bahia (UFBA) e p\u00f3s-graduado em Libras, Yuri atua como professor surdo e defende mais acesso \u00e0 educa\u00e7\u00e3o inclusiva. Ele explicou que sua atua\u00e7\u00e3o vai al\u00e9m da sala de aula, pois acompanha de perto os debates sobre pol\u00edticas p\u00fablicas. Experi\u00eancias acumuladas em conselhos e associa\u00e7\u00f5es fortaleceram sua atua\u00e7\u00e3o. Yuri integrou a Associa\u00e7\u00e3o de Pais e Amigos de Deficientes Auditivos (APADA) como vice-presidente e ajudou a elaborar projetos e reivindica\u00e7\u00f5es para ampliar direitos no munic\u00edpio. Encontro na ALBA refor\u00e7ou a mobiliza\u00e7\u00e3o da comunidade surda. Participantes defenderam que o Projeto de Lei de Libras coloque a Bahia na dianteira da inclus\u00e3o, garantindo forma\u00e7\u00e3o, acessibilidade e reconhecimento profissional. Mobiliza\u00e7\u00e3o segue ativa. Yuri afirmou que continuar\u00e1 lutando para que a comunidade surda conquiste mais espa\u00e7o na sociedade e na pol\u00edtica, levando a bandeira da inclus\u00e3o como prioridade.<\/p>\n","protected":false},"author":2,"featured_media":3011,"comment_status":"open","ping_status":"open","sticky":false,"template":"","format":"standard","meta":{"footnotes":""},"categories":[7,4,43,17,6],"tags":[],"class_list":["post-2992","post","type-post","status-publish","format-standard","has-post-thumbnail","hentry","category-bahia","category-cidades","category-educacao","category-guanambi","category-politica"],"yoast_head":"<!-- This site is optimized with the Yoast SEO plugin v26.5 - https:\/\/yoast.com\/wordpress\/plugins\/seo\/ -->\n<title>Yuri Fernandes pressiona por direitos da comunidade surda na Assembleia da Bahia - Sudoesteacontece<\/title>\n<meta name=\"robots\" content=\"index, follow, max-snippet:-1, max-image-preview:large, max-video-preview:-1\" \/>\n<link rel=\"canonical\" href=\"http:\/\/sudoesteacontece.com.br\/?p=2992\" \/>\n<meta property=\"og:locale\" content=\"pt_BR\" \/>\n<meta property=\"og:type\" content=\"article\" \/>\n<meta property=\"og:title\" content=\"Yuri Fernandes pressiona por direitos da comunidade surda na Assembleia da Bahia - Sudoesteacontece\" \/>\n<meta property=\"og:description\" content=\"Yuri Fernandes Ara\u00fajo participou de uma reuni\u00e3o na Assembleia Legislativa da Bahia (ALBA) sobre o Projeto de Lei Estadual de Libras e destacou a urg\u00eancia de ampliar os direitos da comunidade surda no estado. Encontro reuniu representantes da Associa\u00e7\u00e3o dos Surdos do Gama, do Distrito Federal, e lideran\u00e7as de v\u00e1rias regi\u00f5es do pa\u00eds. Debatedores aproveitaram o espa\u00e7o para trocar experi\u00eancias, alinhar propostas e fortalecer movimentos que defendem inclus\u00e3o, cultura e acessibilidade. Presen\u00e7a de entidades nacionais refor\u00e7ou a necessidade de unir esfor\u00e7os e ampliar a articula\u00e7\u00e3o pol\u00edtica. Natural de Guanambi, Yuri relatou sua trajet\u00f3ria. Ele afirmou que enfrenta barreiras desde a inf\u00e2ncia e que transforma essas viv\u00eancias em luta por mais oportunidades para pessoas surdas em toda a Bahia. Formado em Pedagogia pela Universidade Federal da Bahia (UFBA) e p\u00f3s-graduado em Libras, Yuri atua como professor surdo e defende mais acesso \u00e0 educa\u00e7\u00e3o inclusiva. Ele explicou que sua atua\u00e7\u00e3o vai al\u00e9m da sala de aula, pois acompanha de perto os debates sobre pol\u00edticas p\u00fablicas. Experi\u00eancias acumuladas em conselhos e associa\u00e7\u00f5es fortaleceram sua atua\u00e7\u00e3o. Yuri integrou a Associa\u00e7\u00e3o de Pais e Amigos de Deficientes Auditivos (APADA) como vice-presidente e ajudou a elaborar projetos e reivindica\u00e7\u00f5es para ampliar direitos no munic\u00edpio. Encontro na ALBA refor\u00e7ou a mobiliza\u00e7\u00e3o da comunidade surda. Participantes defenderam que o Projeto de Lei de Libras coloque a Bahia na dianteira da inclus\u00e3o, garantindo forma\u00e7\u00e3o, acessibilidade e reconhecimento profissional. Mobiliza\u00e7\u00e3o segue ativa. Yuri afirmou que continuar\u00e1 lutando para que a comunidade surda conquiste mais espa\u00e7o na sociedade e na pol\u00edtica, levando a bandeira da inclus\u00e3o como prioridade.\" \/>\n<meta property=\"og:url\" content=\"http:\/\/sudoesteacontece.com.br\/?p=2992\" \/>\n<meta property=\"og:site_name\" content=\"Sudoesteacontece\" \/>\n<meta property=\"article:publisher\" content=\"https:\/\/www.facebook.com\/sudoesteacontece\/?locale=pt_BR\" \/>\n<meta property=\"article:published_time\" content=\"2025-11-19T14:31:56+00:00\" \/>\n<meta property=\"article:modified_time\" content=\"2025-11-19T14:31:57+00:00\" \/>\n<meta property=\"og:image\" content=\"http:\/\/sudoesteacontece.com.br\/wp-content\/uploads\/2025\/11\/Yuri-Fernandes-pressiona-por-direitos-da-comunidade-surda-na-Assembleia-da-Bahia-sudoeste-acontece.jpg\" \/>\n\t<meta property=\"og:image:width\" content=\"900\" \/>\n\t<meta property=\"og:image:height\" content=\"600\" \/>\n\t<meta property=\"og:image:type\" content=\"image\/jpeg\" \/>\n<meta name=\"author\" content=\"Washington Tiago\" \/>\n<meta name=\"twitter:card\" content=\"summary_large_image\" \/>\n<meta name=\"twitter:label1\" content=\"Escrito por\" \/>\n\t<meta name=\"twitter:data1\" content=\"Washington Tiago\" \/>\n\t<meta name=\"twitter:label2\" content=\"Est. tempo de leitura\" \/>\n\t<meta name=\"twitter:data2\" content=\"1 minuto\" \/>\n<script type=\"application\/ld+json\" class=\"yoast-schema-graph\">{\"@context\":\"https:\/\/schema.org\",\"@graph\":[{\"@type\":\"Article\",\"@id\":\"http:\/\/sudoesteacontece.com.br\/?p=2992#article\",\"isPartOf\":{\"@id\":\"http:\/\/sudoesteacontece.com.br\/?p=2992\"},\"author\":{\"name\":\"Washington Tiago\",\"@id\":\"https:\/\/sudoesteacontece.com.br\/#\/schema\/person\/3cf2cf009926a9683ebc29d5379fa79c\"},\"headline\":\"Yuri Fernandes pressiona por direitos da comunidade surda na Assembleia da Bahia\",\"datePublished\":\"2025-11-19T14:31:56+00:00\",\"dateModified\":\"2025-11-19T14:31:57+00:00\",\"mainEntityOfPage\":{\"@id\":\"http:\/\/sudoesteacontece.com.br\/?p=2992\"},\"wordCount\":307,\"commentCount\":0,\"publisher\":{\"@id\":\"https:\/\/sudoesteacontece.com.br\/#organization\"},\"image\":{\"@id\":\"http:\/\/sudoesteacontece.com.br\/?p=2992#primaryimage\"},\"thumbnailUrl\":\"https:\/\/sudoesteacontece.com.br\/wp-content\/uploads\/2025\/11\/Yuri-Fernandes-pressiona-por-direitos-da-comunidade-surda-na-Assembleia-da-Bahia-sudoeste-acontece.jpg\",\"articleSection\":[\"Bahia\",\"Cidades\",\"Educa\u00e7\u00e3o\",\"Guanambi\",\"Pol\u00edtica\"],\"inLanguage\":\"pt-BR\",\"potentialAction\":[{\"@type\":\"CommentAction\",\"name\":\"Comment\",\"target\":[\"http:\/\/sudoesteacontece.com.br\/?p=2992#respond\"]}]},{\"@type\":\"WebPage\",\"@id\":\"http:\/\/sudoesteacontece.com.br\/?p=2992\",\"url\":\"http:\/\/sudoesteacontece.com.br\/?p=2992\",\"name\":\"Yuri Fernandes pressiona por direitos da comunidade surda na Assembleia da Bahia - Sudoesteacontece\",\"isPartOf\":{\"@id\":\"https:\/\/sudoesteacontece.com.br\/#website\"},\"primaryImageOfPage\":{\"@id\":\"http:\/\/sudoesteacontece.com.br\/?p=2992#primaryimage\"},\"image\":{\"@id\":\"http:\/\/sudoesteacontece.com.br\/?p=2992#primaryimage\"},\"thumbnailUrl\":\"https:\/\/sudoesteacontece.com.br\/wp-content\/uploads\/2025\/11\/Yuri-Fernandes-pressiona-por-direitos-da-comunidade-surda-na-Assembleia-da-Bahia-sudoeste-acontece.jpg\",\"datePublished\":\"2025-11-19T14:31:56+00:00\",\"dateModified\":\"2025-11-19T14:31:57+00:00\",\"breadcrumb\":{\"@id\":\"http:\/\/sudoesteacontece.com.br\/?p=2992#breadcrumb\"},\"inLanguage\":\"pt-BR\",\"potentialAction\":[{\"@type\":\"ReadAction\",\"target\":[\"http:\/\/sudoesteacontece.com.br\/?p=2992\"]}]},{\"@type\":\"ImageObject\",\"inLanguage\":\"pt-BR\",\"@id\":\"http:\/\/sudoesteacontece.com.br\/?p=2992#primaryimage\",\"url\":\"https:\/\/sudoesteacontece.com.br\/wp-content\/uploads\/2025\/11\/Yuri-Fernandes-pressiona-por-direitos-da-comunidade-surda-na-Assembleia-da-Bahia-sudoeste-acontece.jpg\",\"contentUrl\":\"https:\/\/sudoesteacontece.com.br\/wp-content\/uploads\/2025\/11\/Yuri-Fernandes-pressiona-por-direitos-da-comunidade-surda-na-Assembleia-da-Bahia-sudoeste-acontece.jpg\",\"width\":900,\"height\":600},{\"@type\":\"BreadcrumbList\",\"@id\":\"http:\/\/sudoesteacontece.com.br\/?p=2992#breadcrumb\",\"itemListElement\":[{\"@type\":\"ListItem\",\"position\":1,\"name\":\"In\u00edcio\",\"item\":\"https:\/\/sudoesteacontece.com.br\/\"},{\"@type\":\"ListItem\",\"position\":2,\"name\":\"Yuri Fernandes pressiona por direitos da comunidade surda na Assembleia da Bahia\"}]},{\"@type\":\"WebSite\",\"@id\":\"https:\/\/sudoesteacontece.com.br\/#website\",\"url\":\"https:\/\/sudoesteacontece.com.br\/\",\"name\":\"Sudoesteacontece\",\"description\":\"\",\"publisher\":{\"@id\":\"https:\/\/sudoesteacontece.com.br\/#organization\"},\"potentialAction\":[{\"@type\":\"SearchAction\",\"target\":{\"@type\":\"EntryPoint\",\"urlTemplate\":\"https:\/\/sudoesteacontece.com.br\/?s={search_term_string}\"},\"query-input\":{\"@type\":\"PropertyValueSpecification\",\"valueRequired\":true,\"valueName\":\"search_term_string\"}}],\"inLanguage\":\"pt-BR\"},{\"@type\":\"Organization\",\"@id\":\"https:\/\/sudoesteacontece.com.br\/#organization\",\"name\":\"Sudoesteacontece\",\"url\":\"https:\/\/sudoesteacontece.com.br\/\",\"logo\":{\"@type\":\"ImageObject\",\"inLanguage\":\"pt-BR\",\"@id\":\"https:\/\/sudoesteacontece.com.br\/#\/schema\/logo\/image\/\",\"url\":\"https:\/\/sudoesteacontece.com.br\/wp-content\/uploads\/2025\/12\/cropped-logo-2-180x180-1.png\",\"contentUrl\":\"https:\/\/sudoesteacontece.com.br\/wp-content\/uploads\/2025\/12\/cropped-logo-2-180x180-1.png\",\"width\":180,\"height\":180,\"caption\":\"Sudoesteacontece\"},\"image\":{\"@id\":\"https:\/\/sudoesteacontece.com.br\/#\/schema\/logo\/image\/\"},\"sameAs\":[\"https:\/\/www.facebook.com\/sudoesteacontece\/?locale=pt_BR\"]},{\"@type\":\"Person\",\"@id\":\"https:\/\/sudoesteacontece.com.br\/#\/schema\/person\/3cf2cf009926a9683ebc29d5379fa79c\",\"name\":\"Washington Tiago\",\"image\":{\"@type\":\"ImageObject\",\"inLanguage\":\"pt-BR\",\"@id\":\"https:\/\/sudoesteacontece.com.br\/#\/schema\/person\/image\/\",\"url\":\"https:\/\/secure.gravatar.com\/avatar\/33c43b8668157e040f9d1fe93c354bf087cbd8ba36270c1163198bd3ddcf2a56?s=96&d=mm&r=g\",\"contentUrl\":\"https:\/\/secure.gravatar.com\/avatar\/33c43b8668157e040f9d1fe93c354bf087cbd8ba36270c1163198bd3ddcf2a56?s=96&d=mm&r=g\",\"caption\":\"Washington Tiago\"},\"url\":\"https:\/\/sudoesteacontece.com.br\/?author=2\"}]}<\/script>\n<!-- \/ Yoast SEO plugin. -->","yoast_head_json":{"title":"Yuri Fernandes pressiona por direitos da comunidade surda na Assembleia da Bahia - Sudoesteacontece","robots":{"index":"index","follow":"follow","max-snippet":"max-snippet:-1","max-image-preview":"max-image-preview:large","max-video-preview":"max-video-preview:-1"},"canonical":"http:\/\/sudoesteacontece.com.br\/?p=2992","og_locale":"pt_BR","og_type":"article","og_title":"Yuri Fernandes pressiona por direitos da comunidade surda na Assembleia da Bahia - Sudoesteacontece","og_description":"Yuri Fernandes Ara\u00fajo participou de uma reuni\u00e3o na Assembleia Legislativa da Bahia (ALBA) sobre o Projeto de Lei Estadual de Libras e destacou a urg\u00eancia de ampliar os direitos da comunidade surda no estado. Encontro reuniu representantes da Associa\u00e7\u00e3o dos Surdos do Gama, do Distrito Federal, e lideran\u00e7as de v\u00e1rias regi\u00f5es do pa\u00eds. Debatedores aproveitaram o espa\u00e7o para trocar experi\u00eancias, alinhar propostas e fortalecer movimentos que defendem inclus\u00e3o, cultura e acessibilidade. Presen\u00e7a de entidades nacionais refor\u00e7ou a necessidade de unir esfor\u00e7os e ampliar a articula\u00e7\u00e3o pol\u00edtica. Natural de Guanambi, Yuri relatou sua trajet\u00f3ria. Ele afirmou que enfrenta barreiras desde a inf\u00e2ncia e que transforma essas viv\u00eancias em luta por mais oportunidades para pessoas surdas em toda a Bahia. Formado em Pedagogia pela Universidade Federal da Bahia (UFBA) e p\u00f3s-graduado em Libras, Yuri atua como professor surdo e defende mais acesso \u00e0 educa\u00e7\u00e3o inclusiva. Ele explicou que sua atua\u00e7\u00e3o vai al\u00e9m da sala de aula, pois acompanha de perto os debates sobre pol\u00edticas p\u00fablicas. Experi\u00eancias acumuladas em conselhos e associa\u00e7\u00f5es fortaleceram sua atua\u00e7\u00e3o. Yuri integrou a Associa\u00e7\u00e3o de Pais e Amigos de Deficientes Auditivos (APADA) como vice-presidente e ajudou a elaborar projetos e reivindica\u00e7\u00f5es para ampliar direitos no munic\u00edpio. Encontro na ALBA refor\u00e7ou a mobiliza\u00e7\u00e3o da comunidade surda. Participantes defenderam que o Projeto de Lei de Libras coloque a Bahia na dianteira da inclus\u00e3o, garantindo forma\u00e7\u00e3o, acessibilidade e reconhecimento profissional. Mobiliza\u00e7\u00e3o segue ativa. Yuri afirmou que continuar\u00e1 lutando para que a comunidade surda conquiste mais espa\u00e7o na sociedade e na pol\u00edtica, levando a bandeira da inclus\u00e3o como prioridade.","og_url":"http:\/\/sudoesteacontece.com.br\/?p=2992","og_site_name":"Sudoesteacontece","article_publisher":"https:\/\/www.facebook.com\/sudoesteacontece\/?locale=pt_BR","article_published_time":"2025-11-19T14:31:56+00:00","article_modified_time":"2025-11-19T14:31:57+00:00","og_image":[{"width":900,"height":600,"url":"http:\/\/sudoesteacontece.com.br\/wp-content\/uploads\/2025\/11\/Yuri-Fernandes-pressiona-por-direitos-da-comunidade-surda-na-Assembleia-da-Bahia-sudoeste-acontece.jpg","type":"image\/jpeg"}],"author":"Washington Tiago","twitter_card":"summary_large_image","twitter_misc":{"Escrito por":"Washington Tiago","Est. tempo de leitura":"1 minuto"},"schema":{"@context":"https:\/\/schema.org","@graph":[{"@type":"Article","@id":"http:\/\/sudoesteacontece.com.br\/?p=2992#article","isPartOf":{"@id":"http:\/\/sudoesteacontece.com.br\/?p=2992"},"author":{"name":"Washington Tiago","@id":"https:\/\/sudoesteacontece.com.br\/#\/schema\/person\/3cf2cf009926a9683ebc29d5379fa79c"},"headline":"Yuri Fernandes pressiona por direitos da comunidade surda na Assembleia da Bahia","datePublished":"2025-11-19T14:31:56+00:00","dateModified":"2025-11-19T14:31:57+00:00","mainEntityOfPage":{"@id":"http:\/\/sudoesteacontece.com.br\/?p=2992"},"wordCount":307,"commentCount":0,"publisher":{"@id":"https:\/\/sudoesteacontece.com.br\/#organization"},"image":{"@id":"http:\/\/sudoesteacontece.com.br\/?p=2992#primaryimage"},"thumbnailUrl":"https:\/\/sudoesteacontece.com.br\/wp-content\/uploads\/2025\/11\/Yuri-Fernandes-pressiona-por-direitos-da-comunidade-surda-na-Assembleia-da-Bahia-sudoeste-acontece.jpg","articleSection":["Bahia","Cidades","Educa\u00e7\u00e3o","Guanambi","Pol\u00edtica"],"inLanguage":"pt-BR","potentialAction":[{"@type":"CommentAction","name":"Comment","target":["http:\/\/sudoesteacontece.com.br\/?p=2992#respond"]}]},{"@type":"WebPage","@id":"http:\/\/sudoesteacontece.com.br\/?p=2992","url":"http:\/\/sudoesteacontece.com.br\/?p=2992","name":"Yuri Fernandes pressiona por direitos da comunidade surda na Assembleia da Bahia - Sudoesteacontece","isPartOf":{"@id":"https:\/\/sudoesteacontece.com.br\/#website"},"primaryImageOfPage":{"@id":"http:\/\/sudoesteacontece.com.br\/?p=2992#primaryimage"},"image":{"@id":"http:\/\/sudoesteacontece.com.br\/?p=2992#primaryimage"},"thumbnailUrl":"https:\/\/sudoesteacontece.com.br\/wp-content\/uploads\/2025\/11\/Yuri-Fernandes-pressiona-por-direitos-da-comunidade-surda-na-Assembleia-da-Bahia-sudoeste-acontece.jpg","datePublished":"2025-11-19T14:31:56+00:00","dateModified":"2025-11-19T14:31:57+00:00","breadcrumb":{"@id":"http:\/\/sudoesteacontece.com.br\/?p=2992#breadcrumb"},"inLanguage":"pt-BR","potentialAction":[{"@type":"ReadAction","target":["http:\/\/sudoesteacontece.com.br\/?p=2992"]}]},{"@type":"ImageObject","inLanguage":"pt-BR","@id":"http:\/\/sudoesteacontece.com.br\/?p=2992#primaryimage","url":"https:\/\/sudoesteacontece.com.br\/wp-content\/uploads\/2025\/11\/Yuri-Fernandes-pressiona-por-direitos-da-comunidade-surda-na-Assembleia-da-Bahia-sudoeste-acontece.jpg","contentUrl":"https:\/\/sudoesteacontece.com.br\/wp-content\/uploads\/2025\/11\/Yuri-Fernandes-pressiona-por-direitos-da-comunidade-surda-na-Assembleia-da-Bahia-sudoeste-acontece.jpg","width":900,"height":600},{"@type":"BreadcrumbList","@id":"http:\/\/sudoesteacontece.com.br\/?p=2992#breadcrumb","itemListElement":[{"@type":"ListItem","position":1,"name":"In\u00edcio","item":"https:\/\/sudoesteacontece.com.br\/"},{"@type":"ListItem","position":2,"name":"Yuri Fernandes pressiona por direitos da comunidade surda na Assembleia da Bahia"}]},{"@type":"WebSite","@id":"https:\/\/sudoesteacontece.com.br\/#website","url":"https:\/\/sudoesteacontece.com.br\/","name":"Sudoesteacontece","description":"","publisher":{"@id":"https:\/\/sudoesteacontece.com.br\/#organization"},"potentialAction":[{"@type":"SearchAction","target":{"@type":"EntryPoint","urlTemplate":"https:\/\/sudoesteacontece.com.br\/?s={search_term_string}"},"query-input":{"@type":"PropertyValueSpecification","valueRequired":true,"valueName":"search_term_string"}}],"inLanguage":"pt-BR"},{"@type":"Organization","@id":"https:\/\/sudoesteacontece.com.br\/#organization","name":"Sudoesteacontece","url":"https:\/\/sudoesteacontece.com.br\/","logo":{"@type":"ImageObject","inLanguage":"pt-BR","@id":"https:\/\/sudoesteacontece.com.br\/#\/schema\/logo\/image\/","url":"https:\/\/sudoesteacontece.com.br\/wp-content\/uploads\/2025\/12\/cropped-logo-2-180x180-1.png","contentUrl":"https:\/\/sudoesteacontece.com.br\/wp-content\/uploads\/2025\/12\/cropped-logo-2-180x180-1.png","width":180,"height":180,"caption":"Sudoesteacontece"},"image":{"@id":"https:\/\/sudoesteacontece.com.br\/#\/schema\/logo\/image\/"},"sameAs":["https:\/\/www.facebook.com\/sudoesteacontece\/?locale=pt_BR"]},{"@type":"Person","@id":"https:\/\/sudoesteacontece.com.br\/#\/schema\/person\/3cf2cf009926a9683ebc29d5379fa79c","name":"Washington Tiago","image":{"@type":"ImageObject","inLanguage":"pt-BR","@id":"https:\/\/sudoesteacontece.com.br\/#\/schema\/person\/image\/","url":"https:\/\/secure.gravatar.com\/avatar\/33c43b8668157e040f9d1fe93c354bf087cbd8ba36270c1163198bd3ddcf2a56?s=96&d=mm&r=g","contentUrl":"https:\/\/secure.gravatar.com\/avatar\/33c43b8668157e040f9d1fe93c354bf087cbd8ba36270c1163198bd3ddcf2a56?s=96&d=mm&r=g","caption":"Washington Tiago"},"url":"https:\/\/sudoesteacontece.com.br\/?author=2"}]}},"_links":{"self":[{"href":"https:\/\/sudoesteacontece.com.br\/index.php?rest_route=\/wp\/v2\/posts\/2992","targetHints":{"allow":["GET"]}}],"collection":[{"href":"https:\/\/sudoesteacontece.com.br\/index.php?rest_route=\/wp\/v2\/posts"}],"about":[{"href":"https:\/\/sudoesteacontece.com.br\/index.php?rest_route=\/wp\/v2\/types\/post"}],"author":[{"embeddable":true,"href":"https:\/\/sudoesteacontece.com.br\/index.php?rest_route=\/wp\/v2\/users\/2"}],"replies":[{"embeddable":true,"href":"https:\/\/sudoesteacontece.com.br\/index.php?rest_route=%2Fwp%2Fv2%2Fcomments&post=2992"}],"version-history":[{"count":0,"href":"https:\/\/sudoesteacontece.com.br\/index.php?rest_route=\/wp\/v2\/posts\/2992\/revisions"}],"wp:featuredmedia":[{"embeddable":true,"href":"https:\/\/sudoesteacontece.com.br\/index.php?rest_route=\/wp\/v2\/media\/3011"}],"wp:attachment":[{"href":"https:\/\/sudoesteacontece.com.br\/index.php?rest_route=%2Fwp%2Fv2%2Fmedia&parent=2992"}],"wp:term":[{"taxonomy":"category","embeddable":true,"href":"https:\/\/sudoesteacontece.com.br\/index.php?rest_route=%2Fwp%2Fv2%2Fcategories&post=2992"},{"taxonomy":"post_tag","embeddable":true,"href":"https:\/\/sudoesteacontece.com.br\/index.php?rest_route=%2Fwp%2Fv2%2Ftags&post=2992"}],"curies":[{"name":"wp","href":"https:\/\/api.w.org\/{rel}","templated":true}]}}