{"id":3091,"date":"2025-11-20T12:37:10","date_gmt":"2025-11-20T15:37:10","guid":{"rendered":"https:\/\/sudoesteacontece.com.br\/?p=3091"},"modified":"2025-11-20T12:37:11","modified_gmt":"2025-11-20T15:37:11","slug":"preso-pela-pf-empresario-reforca-conexao-com-pt-ao-revelar-compra-da-cesta-do-povo-na-gestao-rui-costa","status":"publish","type":"post","link":"https:\/\/sudoesteacontece.com.br\/?p=3091","title":{"rendered":"Preso pela PF, empres\u00e1rio refor\u00e7a conex\u00e3o com PT ao revelar compra da Cesta do Povo na gest\u00e3o Rui Costa"},"content":{"rendered":"<div class=\"wp-block-image\">\n<figure class=\"aligncenter size-full\"><img fetchpriority=\"high\" decoding=\"async\" width=\"900\" height=\"600\" src=\"http:\/\/sudoesteacontece.com.br\/wp-content\/uploads\/2025\/11\/Preso-pela-PF-empresario-reforca-conexao-com-PT-ao-revelar-compra-da-Cesta-do-Povo-na-gestao-Rui-Costa-sudoeste-acontece.jpg\" alt=\"\" class=\"wp-image-3120\" srcset=\"https:\/\/sudoesteacontece.com.br\/wp-content\/uploads\/2025\/11\/Preso-pela-PF-empresario-reforca-conexao-com-PT-ao-revelar-compra-da-Cesta-do-Povo-na-gestao-Rui-Costa-sudoeste-acontece.jpg 900w, https:\/\/sudoesteacontece.com.br\/wp-content\/uploads\/2025\/11\/Preso-pela-PF-empresario-reforca-conexao-com-PT-ao-revelar-compra-da-Cesta-do-Povo-na-gestao-Rui-Costa-sudoeste-acontece-300x200.jpg 300w, https:\/\/sudoesteacontece.com.br\/wp-content\/uploads\/2025\/11\/Preso-pela-PF-empresario-reforca-conexao-com-PT-ao-revelar-compra-da-Cesta-do-Povo-na-gestao-Rui-Costa-sudoeste-acontece-768x512.jpg 768w\" sizes=\"(max-width: 900px) 100vw, 900px\" \/><\/figure>\n<\/div>\n\n\n<p>Empres\u00e1rio Augusto Ferreira Lima foi detido pela Pol\u00edcia Federal na \u00faltima ter\u00e7a-feira (18) na Opera\u00e7\u00e3o Compliance Zero. Aos 46 anos, ele \u00e9 s\u00f3cio de Daniel Vorcaro desde 2019 no Banco Master e evidencia uma rela\u00e7\u00e3o estrat\u00e9gica com o partido do ex-governador Rui Costa (PT).<\/p>\n\n\n\n<p>Lima comprou a Ebal (Empresa Baiana de Alimentos) em 2018, enquanto Rui Costa ainda governava a Bahia. A transa\u00e7\u00e3o, no valor de R$ 15 milh\u00f5es, incluiu a rede estatal de supermercados Cesta do Povo, s\u00edmbolo de pol\u00edticas sociais do governo petista.<\/p>\n\n\n\n<p>Neg\u00f3cio surpreendeu pela transforma\u00e7\u00e3o da antiga bandeira social em produto financeiro. O cart\u00e3o da Cesta do Povo virou o Credcesta, um cart\u00e3o de cr\u00e9dito consignado voltado a servidores p\u00fablicos estaduais.<\/p>\n\n\n\n<p>Servidor com desconto em folha virou alvo de expans\u00e3o. Credcesta permitia empr\u00e9stimos consignados e saques por servidores ativos e inativos. A mudan\u00e7a gerou questionamentos sobre o aproveitamento da estrutura p\u00fablica.<\/p>\n\n\n\n<p>Dissemina\u00e7\u00e3o do produto teve apoio log\u00edstico do estado. Em 2019, o RH Bahia enviou os cart\u00f5es para servidores sem que eles solicitassem, segundo reportagem do portal Poder360, ampliando o alcance da opera\u00e7\u00e3o financeira.<\/p>\n\n\n\n<p>Rela\u00e7\u00e3o com o PT aparece de forma escancarada. A compra da Ebal ocorreu sob gest\u00e3o petista, e a transforma\u00e7\u00e3o do programa social em ferramenta de cr\u00e9dito mostra como interesses p\u00fablicos e privados se misturaram.<\/p>\n\n\n\n<p>Se quiser, posso ampliar a mat\u00e9ria com antecedentes, desdobramentos da investiga\u00e7\u00e3o ou uma an\u00e1lise mais profunda pol\u00edtica sobre a conex\u00e3o entre Lima e o PT.<\/p>\n","protected":false},"excerpt":{"rendered":"<p>Empres\u00e1rio Augusto Ferreira Lima foi detido pela Pol\u00edcia Federal na \u00faltima ter\u00e7a-feira (18) na Opera\u00e7\u00e3o Compliance Zero. Aos 46 anos, ele \u00e9 s\u00f3cio de Daniel Vorcaro desde 2019 no Banco Master e evidencia uma rela\u00e7\u00e3o estrat\u00e9gica com o partido do ex-governador Rui Costa (PT). Lima comprou a Ebal (Empresa Baiana de Alimentos) em 2018, enquanto Rui Costa ainda governava a Bahia. A transa\u00e7\u00e3o, no valor de R$ 15 milh\u00f5es, incluiu a rede estatal de supermercados Cesta do Povo, s\u00edmbolo de pol\u00edticas sociais do governo petista. Neg\u00f3cio surpreendeu pela transforma\u00e7\u00e3o da antiga bandeira social em produto financeiro. O cart\u00e3o da Cesta do Povo virou o Credcesta, um cart\u00e3o de cr\u00e9dito consignado voltado a servidores p\u00fablicos estaduais. Servidor com desconto em folha virou alvo de expans\u00e3o. Credcesta permitia empr\u00e9stimos consignados e saques por servidores ativos e inativos. A mudan\u00e7a gerou questionamentos sobre o aproveitamento da estrutura p\u00fablica. Dissemina\u00e7\u00e3o do produto teve apoio log\u00edstico do estado. Em 2019, o RH Bahia enviou os cart\u00f5es para servidores sem que eles solicitassem, segundo reportagem do portal Poder360, ampliando o alcance da opera\u00e7\u00e3o financeira. Rela\u00e7\u00e3o com o PT aparece de forma escancarada. A compra da Ebal ocorreu sob gest\u00e3o petista, e a transforma\u00e7\u00e3o do programa social em ferramenta de cr\u00e9dito mostra como interesses p\u00fablicos e privados se misturaram. Se quiser, posso ampliar a mat\u00e9ria com antecedentes, desdobramentos da investiga\u00e7\u00e3o ou uma an\u00e1lise mais profunda pol\u00edtica sobre a conex\u00e3o entre Lima e o PT.<\/p>\n","protected":false},"author":2,"featured_media":3120,"comment_status":"open","ping_status":"open","sticky":false,"template":"","format":"standard","meta":{"footnotes":""},"categories":[7,3,6],"tags":[],"class_list":["post-3091","post","type-post","status-publish","format-standard","has-post-thumbnail","hentry","category-bahia","category-policia","category-politica"],"yoast_head":"<!-- This site is optimized with the Yoast SEO plugin v26.5 - https:\/\/yoast.com\/wordpress\/plugins\/seo\/ -->\n<title>Preso pela PF, empres\u00e1rio refor\u00e7a conex\u00e3o com PT ao revelar compra da Cesta do Povo na gest\u00e3o Rui Costa - Sudoesteacontece<\/title>\n<meta name=\"robots\" content=\"index, follow, max-snippet:-1, max-image-preview:large, max-video-preview:-1\" \/>\n<link rel=\"canonical\" href=\"https:\/\/sudoesteacontece.com.br\/?p=3091\" \/>\n<meta property=\"og:locale\" content=\"pt_BR\" \/>\n<meta property=\"og:type\" content=\"article\" \/>\n<meta property=\"og:title\" content=\"Preso pela PF, empres\u00e1rio refor\u00e7a conex\u00e3o com PT ao revelar compra da Cesta do Povo na gest\u00e3o Rui Costa - Sudoesteacontece\" \/>\n<meta property=\"og:description\" content=\"Empres\u00e1rio Augusto Ferreira Lima foi detido pela Pol\u00edcia Federal na \u00faltima ter\u00e7a-feira (18) na Opera\u00e7\u00e3o Compliance Zero. Aos 46 anos, ele \u00e9 s\u00f3cio de Daniel Vorcaro desde 2019 no Banco Master e evidencia uma rela\u00e7\u00e3o estrat\u00e9gica com o partido do ex-governador Rui Costa (PT). Lima comprou a Ebal (Empresa Baiana de Alimentos) em 2018, enquanto Rui Costa ainda governava a Bahia. A transa\u00e7\u00e3o, no valor de R$ 15 milh\u00f5es, incluiu a rede estatal de supermercados Cesta do Povo, s\u00edmbolo de pol\u00edticas sociais do governo petista. Neg\u00f3cio surpreendeu pela transforma\u00e7\u00e3o da antiga bandeira social em produto financeiro. O cart\u00e3o da Cesta do Povo virou o Credcesta, um cart\u00e3o de cr\u00e9dito consignado voltado a servidores p\u00fablicos estaduais. Servidor com desconto em folha virou alvo de expans\u00e3o. Credcesta permitia empr\u00e9stimos consignados e saques por servidores ativos e inativos. A mudan\u00e7a gerou questionamentos sobre o aproveitamento da estrutura p\u00fablica. Dissemina\u00e7\u00e3o do produto teve apoio log\u00edstico do estado. Em 2019, o RH Bahia enviou os cart\u00f5es para servidores sem que eles solicitassem, segundo reportagem do portal Poder360, ampliando o alcance da opera\u00e7\u00e3o financeira. Rela\u00e7\u00e3o com o PT aparece de forma escancarada. A compra da Ebal ocorreu sob gest\u00e3o petista, e a transforma\u00e7\u00e3o do programa social em ferramenta de cr\u00e9dito mostra como interesses p\u00fablicos e privados se misturaram. Se quiser, posso ampliar a mat\u00e9ria com antecedentes, desdobramentos da investiga\u00e7\u00e3o ou uma an\u00e1lise mais profunda pol\u00edtica sobre a conex\u00e3o entre Lima e o PT.\" \/>\n<meta property=\"og:url\" content=\"https:\/\/sudoesteacontece.com.br\/?p=3091\" \/>\n<meta property=\"og:site_name\" content=\"Sudoesteacontece\" \/>\n<meta property=\"article:publisher\" content=\"https:\/\/www.facebook.com\/sudoesteacontece\/?locale=pt_BR\" \/>\n<meta property=\"article:published_time\" content=\"2025-11-20T15:37:10+00:00\" \/>\n<meta property=\"article:modified_time\" content=\"2025-11-20T15:37:11+00:00\" \/>\n<meta property=\"og:image\" content=\"https:\/\/sudoesteacontece.com.br\/wp-content\/uploads\/2025\/11\/Preso-pela-PF-empresario-reforca-conexao-com-PT-ao-revelar-compra-da-Cesta-do-Povo-na-gestao-Rui-Costa-sudoeste-acontece.jpg\" \/>\n\t<meta property=\"og:image:width\" content=\"900\" \/>\n\t<meta property=\"og:image:height\" content=\"600\" \/>\n\t<meta property=\"og:image:type\" content=\"image\/jpeg\" \/>\n<meta name=\"author\" content=\"Washington Tiago\" \/>\n<meta name=\"twitter:card\" content=\"summary_large_image\" \/>\n<meta name=\"twitter:label1\" content=\"Escrito por\" \/>\n\t<meta name=\"twitter:data1\" content=\"Washington Tiago\" \/>\n\t<meta name=\"twitter:label2\" content=\"Est. tempo de leitura\" \/>\n\t<meta name=\"twitter:data2\" content=\"1 minuto\" \/>\n<script type=\"application\/ld+json\" class=\"yoast-schema-graph\">{\"@context\":\"https:\/\/schema.org\",\"@graph\":[{\"@type\":\"Article\",\"@id\":\"https:\/\/sudoesteacontece.com.br\/?p=3091#article\",\"isPartOf\":{\"@id\":\"https:\/\/sudoesteacontece.com.br\/?p=3091\"},\"author\":{\"name\":\"Washington Tiago\",\"@id\":\"https:\/\/sudoesteacontece.com.br\/#\/schema\/person\/3cf2cf009926a9683ebc29d5379fa79c\"},\"headline\":\"Preso pela PF, empres\u00e1rio refor\u00e7a conex\u00e3o com PT ao revelar compra da Cesta do Povo na gest\u00e3o Rui Costa\",\"datePublished\":\"2025-11-20T15:37:10+00:00\",\"dateModified\":\"2025-11-20T15:37:11+00:00\",\"mainEntityOfPage\":{\"@id\":\"https:\/\/sudoesteacontece.com.br\/?p=3091\"},\"wordCount\":288,\"commentCount\":0,\"publisher\":{\"@id\":\"https:\/\/sudoesteacontece.com.br\/#organization\"},\"image\":{\"@id\":\"https:\/\/sudoesteacontece.com.br\/?p=3091#primaryimage\"},\"thumbnailUrl\":\"https:\/\/sudoesteacontece.com.br\/wp-content\/uploads\/2025\/11\/Preso-pela-PF-empresario-reforca-conexao-com-PT-ao-revelar-compra-da-Cesta-do-Povo-na-gestao-Rui-Costa-sudoeste-acontece.jpg\",\"articleSection\":[\"Bahia\",\"Pol\u00edcia\",\"Pol\u00edtica\"],\"inLanguage\":\"pt-BR\",\"potentialAction\":[{\"@type\":\"CommentAction\",\"name\":\"Comment\",\"target\":[\"https:\/\/sudoesteacontece.com.br\/?p=3091#respond\"]}]},{\"@type\":\"WebPage\",\"@id\":\"https:\/\/sudoesteacontece.com.br\/?p=3091\",\"url\":\"https:\/\/sudoesteacontece.com.br\/?p=3091\",\"name\":\"Preso pela PF, empres\u00e1rio refor\u00e7a conex\u00e3o com PT ao revelar compra da Cesta do Povo na gest\u00e3o Rui Costa - Sudoesteacontece\",\"isPartOf\":{\"@id\":\"https:\/\/sudoesteacontece.com.br\/#website\"},\"primaryImageOfPage\":{\"@id\":\"https:\/\/sudoesteacontece.com.br\/?p=3091#primaryimage\"},\"image\":{\"@id\":\"https:\/\/sudoesteacontece.com.br\/?p=3091#primaryimage\"},\"thumbnailUrl\":\"https:\/\/sudoesteacontece.com.br\/wp-content\/uploads\/2025\/11\/Preso-pela-PF-empresario-reforca-conexao-com-PT-ao-revelar-compra-da-Cesta-do-Povo-na-gestao-Rui-Costa-sudoeste-acontece.jpg\",\"datePublished\":\"2025-11-20T15:37:10+00:00\",\"dateModified\":\"2025-11-20T15:37:11+00:00\",\"breadcrumb\":{\"@id\":\"https:\/\/sudoesteacontece.com.br\/?p=3091#breadcrumb\"},\"inLanguage\":\"pt-BR\",\"potentialAction\":[{\"@type\":\"ReadAction\",\"target\":[\"https:\/\/sudoesteacontece.com.br\/?p=3091\"]}]},{\"@type\":\"ImageObject\",\"inLanguage\":\"pt-BR\",\"@id\":\"https:\/\/sudoesteacontece.com.br\/?p=3091#primaryimage\",\"url\":\"https:\/\/sudoesteacontece.com.br\/wp-content\/uploads\/2025\/11\/Preso-pela-PF-empresario-reforca-conexao-com-PT-ao-revelar-compra-da-Cesta-do-Povo-na-gestao-Rui-Costa-sudoeste-acontece.jpg\",\"contentUrl\":\"https:\/\/sudoesteacontece.com.br\/wp-content\/uploads\/2025\/11\/Preso-pela-PF-empresario-reforca-conexao-com-PT-ao-revelar-compra-da-Cesta-do-Povo-na-gestao-Rui-Costa-sudoeste-acontece.jpg\",\"width\":900,\"height\":600},{\"@type\":\"BreadcrumbList\",\"@id\":\"https:\/\/sudoesteacontece.com.br\/?p=3091#breadcrumb\",\"itemListElement\":[{\"@type\":\"ListItem\",\"position\":1,\"name\":\"In\u00edcio\",\"item\":\"https:\/\/sudoesteacontece.com.br\/\"},{\"@type\":\"ListItem\",\"position\":2,\"name\":\"Preso pela PF, empres\u00e1rio refor\u00e7a conex\u00e3o com PT ao revelar compra da Cesta do Povo na gest\u00e3o Rui Costa\"}]},{\"@type\":\"WebSite\",\"@id\":\"https:\/\/sudoesteacontece.com.br\/#website\",\"url\":\"https:\/\/sudoesteacontece.com.br\/\",\"name\":\"Sudoesteacontece\",\"description\":\"\",\"publisher\":{\"@id\":\"https:\/\/sudoesteacontece.com.br\/#organization\"},\"potentialAction\":[{\"@type\":\"SearchAction\",\"target\":{\"@type\":\"EntryPoint\",\"urlTemplate\":\"https:\/\/sudoesteacontece.com.br\/?s={search_term_string}\"},\"query-input\":{\"@type\":\"PropertyValueSpecification\",\"valueRequired\":true,\"valueName\":\"search_term_string\"}}],\"inLanguage\":\"pt-BR\"},{\"@type\":\"Organization\",\"@id\":\"https:\/\/sudoesteacontece.com.br\/#organization\",\"name\":\"Sudoesteacontece\",\"url\":\"https:\/\/sudoesteacontece.com.br\/\",\"logo\":{\"@type\":\"ImageObject\",\"inLanguage\":\"pt-BR\",\"@id\":\"https:\/\/sudoesteacontece.com.br\/#\/schema\/logo\/image\/\",\"url\":\"https:\/\/sudoesteacontece.com.br\/wp-content\/uploads\/2025\/12\/cropped-logo-2-180x180-1.png\",\"contentUrl\":\"https:\/\/sudoesteacontece.com.br\/wp-content\/uploads\/2025\/12\/cropped-logo-2-180x180-1.png\",\"width\":180,\"height\":180,\"caption\":\"Sudoesteacontece\"},\"image\":{\"@id\":\"https:\/\/sudoesteacontece.com.br\/#\/schema\/logo\/image\/\"},\"sameAs\":[\"https:\/\/www.facebook.com\/sudoesteacontece\/?locale=pt_BR\"]},{\"@type\":\"Person\",\"@id\":\"https:\/\/sudoesteacontece.com.br\/#\/schema\/person\/3cf2cf009926a9683ebc29d5379fa79c\",\"name\":\"Washington Tiago\",\"image\":{\"@type\":\"ImageObject\",\"inLanguage\":\"pt-BR\",\"@id\":\"https:\/\/sudoesteacontece.com.br\/#\/schema\/person\/image\/\",\"url\":\"https:\/\/secure.gravatar.com\/avatar\/33c43b8668157e040f9d1fe93c354bf087cbd8ba36270c1163198bd3ddcf2a56?s=96&d=mm&r=g\",\"contentUrl\":\"https:\/\/secure.gravatar.com\/avatar\/33c43b8668157e040f9d1fe93c354bf087cbd8ba36270c1163198bd3ddcf2a56?s=96&d=mm&r=g\",\"caption\":\"Washington Tiago\"},\"url\":\"https:\/\/sudoesteacontece.com.br\/?author=2\"}]}<\/script>\n<!-- \/ Yoast SEO plugin. -->","yoast_head_json":{"title":"Preso pela PF, empres\u00e1rio refor\u00e7a conex\u00e3o com PT ao revelar compra da Cesta do Povo na gest\u00e3o Rui Costa - Sudoesteacontece","robots":{"index":"index","follow":"follow","max-snippet":"max-snippet:-1","max-image-preview":"max-image-preview:large","max-video-preview":"max-video-preview:-1"},"canonical":"https:\/\/sudoesteacontece.com.br\/?p=3091","og_locale":"pt_BR","og_type":"article","og_title":"Preso pela PF, empres\u00e1rio refor\u00e7a conex\u00e3o com PT ao revelar compra da Cesta do Povo na gest\u00e3o Rui Costa - Sudoesteacontece","og_description":"Empres\u00e1rio Augusto Ferreira Lima foi detido pela Pol\u00edcia Federal na \u00faltima ter\u00e7a-feira (18) na Opera\u00e7\u00e3o Compliance Zero. Aos 46 anos, ele \u00e9 s\u00f3cio de Daniel Vorcaro desde 2019 no Banco Master e evidencia uma rela\u00e7\u00e3o estrat\u00e9gica com o partido do ex-governador Rui Costa (PT). Lima comprou a Ebal (Empresa Baiana de Alimentos) em 2018, enquanto Rui Costa ainda governava a Bahia. A transa\u00e7\u00e3o, no valor de R$ 15 milh\u00f5es, incluiu a rede estatal de supermercados Cesta do Povo, s\u00edmbolo de pol\u00edticas sociais do governo petista. Neg\u00f3cio surpreendeu pela transforma\u00e7\u00e3o da antiga bandeira social em produto financeiro. O cart\u00e3o da Cesta do Povo virou o Credcesta, um cart\u00e3o de cr\u00e9dito consignado voltado a servidores p\u00fablicos estaduais. Servidor com desconto em folha virou alvo de expans\u00e3o. Credcesta permitia empr\u00e9stimos consignados e saques por servidores ativos e inativos. A mudan\u00e7a gerou questionamentos sobre o aproveitamento da estrutura p\u00fablica. Dissemina\u00e7\u00e3o do produto teve apoio log\u00edstico do estado. Em 2019, o RH Bahia enviou os cart\u00f5es para servidores sem que eles solicitassem, segundo reportagem do portal Poder360, ampliando o alcance da opera\u00e7\u00e3o financeira. Rela\u00e7\u00e3o com o PT aparece de forma escancarada. A compra da Ebal ocorreu sob gest\u00e3o petista, e a transforma\u00e7\u00e3o do programa social em ferramenta de cr\u00e9dito mostra como interesses p\u00fablicos e privados se misturaram. Se quiser, posso ampliar a mat\u00e9ria com antecedentes, desdobramentos da investiga\u00e7\u00e3o ou uma an\u00e1lise mais profunda pol\u00edtica sobre a conex\u00e3o entre Lima e o PT.","og_url":"https:\/\/sudoesteacontece.com.br\/?p=3091","og_site_name":"Sudoesteacontece","article_publisher":"https:\/\/www.facebook.com\/sudoesteacontece\/?locale=pt_BR","article_published_time":"2025-11-20T15:37:10+00:00","article_modified_time":"2025-11-20T15:37:11+00:00","og_image":[{"width":900,"height":600,"url":"https:\/\/sudoesteacontece.com.br\/wp-content\/uploads\/2025\/11\/Preso-pela-PF-empresario-reforca-conexao-com-PT-ao-revelar-compra-da-Cesta-do-Povo-na-gestao-Rui-Costa-sudoeste-acontece.jpg","type":"image\/jpeg"}],"author":"Washington Tiago","twitter_card":"summary_large_image","twitter_misc":{"Escrito por":"Washington Tiago","Est. tempo de leitura":"1 minuto"},"schema":{"@context":"https:\/\/schema.org","@graph":[{"@type":"Article","@id":"https:\/\/sudoesteacontece.com.br\/?p=3091#article","isPartOf":{"@id":"https:\/\/sudoesteacontece.com.br\/?p=3091"},"author":{"name":"Washington Tiago","@id":"https:\/\/sudoesteacontece.com.br\/#\/schema\/person\/3cf2cf009926a9683ebc29d5379fa79c"},"headline":"Preso pela PF, empres\u00e1rio refor\u00e7a conex\u00e3o com PT ao revelar compra da Cesta do Povo na gest\u00e3o Rui Costa","datePublished":"2025-11-20T15:37:10+00:00","dateModified":"2025-11-20T15:37:11+00:00","mainEntityOfPage":{"@id":"https:\/\/sudoesteacontece.com.br\/?p=3091"},"wordCount":288,"commentCount":0,"publisher":{"@id":"https:\/\/sudoesteacontece.com.br\/#organization"},"image":{"@id":"https:\/\/sudoesteacontece.com.br\/?p=3091#primaryimage"},"thumbnailUrl":"https:\/\/sudoesteacontece.com.br\/wp-content\/uploads\/2025\/11\/Preso-pela-PF-empresario-reforca-conexao-com-PT-ao-revelar-compra-da-Cesta-do-Povo-na-gestao-Rui-Costa-sudoeste-acontece.jpg","articleSection":["Bahia","Pol\u00edcia","Pol\u00edtica"],"inLanguage":"pt-BR","potentialAction":[{"@type":"CommentAction","name":"Comment","target":["https:\/\/sudoesteacontece.com.br\/?p=3091#respond"]}]},{"@type":"WebPage","@id":"https:\/\/sudoesteacontece.com.br\/?p=3091","url":"https:\/\/sudoesteacontece.com.br\/?p=3091","name":"Preso pela PF, empres\u00e1rio refor\u00e7a conex\u00e3o com PT ao revelar compra da Cesta do Povo na gest\u00e3o Rui Costa - Sudoesteacontece","isPartOf":{"@id":"https:\/\/sudoesteacontece.com.br\/#website"},"primaryImageOfPage":{"@id":"https:\/\/sudoesteacontece.com.br\/?p=3091#primaryimage"},"image":{"@id":"https:\/\/sudoesteacontece.com.br\/?p=3091#primaryimage"},"thumbnailUrl":"https:\/\/sudoesteacontece.com.br\/wp-content\/uploads\/2025\/11\/Preso-pela-PF-empresario-reforca-conexao-com-PT-ao-revelar-compra-da-Cesta-do-Povo-na-gestao-Rui-Costa-sudoeste-acontece.jpg","datePublished":"2025-11-20T15:37:10+00:00","dateModified":"2025-11-20T15:37:11+00:00","breadcrumb":{"@id":"https:\/\/sudoesteacontece.com.br\/?p=3091#breadcrumb"},"inLanguage":"pt-BR","potentialAction":[{"@type":"ReadAction","target":["https:\/\/sudoesteacontece.com.br\/?p=3091"]}]},{"@type":"ImageObject","inLanguage":"pt-BR","@id":"https:\/\/sudoesteacontece.com.br\/?p=3091#primaryimage","url":"https:\/\/sudoesteacontece.com.br\/wp-content\/uploads\/2025\/11\/Preso-pela-PF-empresario-reforca-conexao-com-PT-ao-revelar-compra-da-Cesta-do-Povo-na-gestao-Rui-Costa-sudoeste-acontece.jpg","contentUrl":"https:\/\/sudoesteacontece.com.br\/wp-content\/uploads\/2025\/11\/Preso-pela-PF-empresario-reforca-conexao-com-PT-ao-revelar-compra-da-Cesta-do-Povo-na-gestao-Rui-Costa-sudoeste-acontece.jpg","width":900,"height":600},{"@type":"BreadcrumbList","@id":"https:\/\/sudoesteacontece.com.br\/?p=3091#breadcrumb","itemListElement":[{"@type":"ListItem","position":1,"name":"In\u00edcio","item":"https:\/\/sudoesteacontece.com.br\/"},{"@type":"ListItem","position":2,"name":"Preso pela PF, empres\u00e1rio refor\u00e7a conex\u00e3o com PT ao revelar compra da Cesta do Povo na gest\u00e3o Rui Costa"}]},{"@type":"WebSite","@id":"https:\/\/sudoesteacontece.com.br\/#website","url":"https:\/\/sudoesteacontece.com.br\/","name":"Sudoesteacontece","description":"","publisher":{"@id":"https:\/\/sudoesteacontece.com.br\/#organization"},"potentialAction":[{"@type":"SearchAction","target":{"@type":"EntryPoint","urlTemplate":"https:\/\/sudoesteacontece.com.br\/?s={search_term_string}"},"query-input":{"@type":"PropertyValueSpecification","valueRequired":true,"valueName":"search_term_string"}}],"inLanguage":"pt-BR"},{"@type":"Organization","@id":"https:\/\/sudoesteacontece.com.br\/#organization","name":"Sudoesteacontece","url":"https:\/\/sudoesteacontece.com.br\/","logo":{"@type":"ImageObject","inLanguage":"pt-BR","@id":"https:\/\/sudoesteacontece.com.br\/#\/schema\/logo\/image\/","url":"https:\/\/sudoesteacontece.com.br\/wp-content\/uploads\/2025\/12\/cropped-logo-2-180x180-1.png","contentUrl":"https:\/\/sudoesteacontece.com.br\/wp-content\/uploads\/2025\/12\/cropped-logo-2-180x180-1.png","width":180,"height":180,"caption":"Sudoesteacontece"},"image":{"@id":"https:\/\/sudoesteacontece.com.br\/#\/schema\/logo\/image\/"},"sameAs":["https:\/\/www.facebook.com\/sudoesteacontece\/?locale=pt_BR"]},{"@type":"Person","@id":"https:\/\/sudoesteacontece.com.br\/#\/schema\/person\/3cf2cf009926a9683ebc29d5379fa79c","name":"Washington Tiago","image":{"@type":"ImageObject","inLanguage":"pt-BR","@id":"https:\/\/sudoesteacontece.com.br\/#\/schema\/person\/image\/","url":"https:\/\/secure.gravatar.com\/avatar\/33c43b8668157e040f9d1fe93c354bf087cbd8ba36270c1163198bd3ddcf2a56?s=96&d=mm&r=g","contentUrl":"https:\/\/secure.gravatar.com\/avatar\/33c43b8668157e040f9d1fe93c354bf087cbd8ba36270c1163198bd3ddcf2a56?s=96&d=mm&r=g","caption":"Washington Tiago"},"url":"https:\/\/sudoesteacontece.com.br\/?author=2"}]}},"_links":{"self":[{"href":"https:\/\/sudoesteacontece.com.br\/index.php?rest_route=\/wp\/v2\/posts\/3091","targetHints":{"allow":["GET"]}}],"collection":[{"href":"https:\/\/sudoesteacontece.com.br\/index.php?rest_route=\/wp\/v2\/posts"}],"about":[{"href":"https:\/\/sudoesteacontece.com.br\/index.php?rest_route=\/wp\/v2\/types\/post"}],"author":[{"embeddable":true,"href":"https:\/\/sudoesteacontece.com.br\/index.php?rest_route=\/wp\/v2\/users\/2"}],"replies":[{"embeddable":true,"href":"https:\/\/sudoesteacontece.com.br\/index.php?rest_route=%2Fwp%2Fv2%2Fcomments&post=3091"}],"version-history":[{"count":0,"href":"https:\/\/sudoesteacontece.com.br\/index.php?rest_route=\/wp\/v2\/posts\/3091\/revisions"}],"wp:featuredmedia":[{"embeddable":true,"href":"https:\/\/sudoesteacontece.com.br\/index.php?rest_route=\/wp\/v2\/media\/3120"}],"wp:attachment":[{"href":"https:\/\/sudoesteacontece.com.br\/index.php?rest_route=%2Fwp%2Fv2%2Fmedia&parent=3091"}],"wp:term":[{"taxonomy":"category","embeddable":true,"href":"https:\/\/sudoesteacontece.com.br\/index.php?rest_route=%2Fwp%2Fv2%2Fcategories&post=3091"},{"taxonomy":"post_tag","embeddable":true,"href":"https:\/\/sudoesteacontece.com.br\/index.php?rest_route=%2Fwp%2Fv2%2Ftags&post=3091"}],"curies":[{"name":"wp","href":"https:\/\/api.w.org\/{rel}","templated":true}]}}