{"id":3092,"date":"2025-11-20T10:52:38","date_gmt":"2025-11-20T13:52:38","guid":{"rendered":"https:\/\/sudoesteacontece.com.br\/?p=3092"},"modified":"2025-11-20T10:52:39","modified_gmt":"2025-11-20T13:52:39","slug":"irmao-ameaca-outro-com-faca-e-pm-intervem-em-brumado","status":"publish","type":"post","link":"https:\/\/sudoesteacontece.com.br\/?p=3092","title":{"rendered":"Irm\u00e3o amea\u00e7a outro com faca e PM interv\u00e9m em Brumado"},"content":{"rendered":"<div class=\"wp-block-image\">\n<figure class=\"aligncenter size-large\"><img fetchpriority=\"high\" decoding=\"async\" width=\"1024\" height=\"768\" src=\"http:\/\/sudoesteacontece.com.br\/wp-content\/uploads\/2025\/10\/Exame-de-DNA-vai-identificar-ossada-humana-encontrada-em-Brumado-sudoeste-acontece-1-1024x768.jpg\" alt=\"\" class=\"wp-image-1447\" srcset=\"https:\/\/sudoesteacontece.com.br\/wp-content\/uploads\/2025\/10\/Exame-de-DNA-vai-identificar-ossada-humana-encontrada-em-Brumado-sudoeste-acontece-1-1024x768.jpg 1024w, https:\/\/sudoesteacontece.com.br\/wp-content\/uploads\/2025\/10\/Exame-de-DNA-vai-identificar-ossada-humana-encontrada-em-Brumado-sudoeste-acontece-1-300x225.jpg 300w, https:\/\/sudoesteacontece.com.br\/wp-content\/uploads\/2025\/10\/Exame-de-DNA-vai-identificar-ossada-humana-encontrada-em-Brumado-sudoeste-acontece-1-768x576.jpg 768w, https:\/\/sudoesteacontece.com.br\/wp-content\/uploads\/2025\/10\/Exame-de-DNA-vai-identificar-ossada-humana-encontrada-em-Brumado-sudoeste-acontece-1-1536x1152.jpg 1536w, https:\/\/sudoesteacontece.com.br\/wp-content\/uploads\/2025\/10\/Exame-de-DNA-vai-identificar-ossada-humana-encontrada-em-Brumado-sudoeste-acontece-1.jpg 1600w\" sizes=\"(max-width: 1024px) 100vw, 1024px\" \/><figcaption class=\"wp-element-caption\">Foto Washington Tiago<\/figcaption><\/figure>\n<\/div>\n\n\n<p>Uma amea\u00e7a entre irm\u00e3os mobilizou policiais militares do 24\u00ba Batalh\u00e3o de Policia Militar na tarde desta quarta-feira (19), no Bairro Apertado do Morro, em Brumado. Ocorr\u00eancia come\u00e7ou por volta das 15h, quando o Centro Inegrado de Comunica\u00e7\u00e3o (CICOM) acionou a guarni\u00e7\u00e3o ap\u00f3s receber o relato de um homem de 49 anos.<\/p>\n\n\n\n<p>Ele afirmou que havia sido amea\u00e7ado pelo pr\u00f3prio irm\u00e3o, de 57 anos, durante uma discuss\u00e3o dentro da resid\u00eancia da fam\u00edlia. Agress\u00e3o ganhou contornos ainda mais graves, porque o suspeito usou uma faca para intimidar a v\u00edtima. A arma branca estava em m\u00e3os quando os policiais chegaram ao local. <\/p>\n\n\n\n<p>Guarni\u00e7\u00e3o agiu rapidamente e abordou o suspeito, que n\u00e3o resistiu. Os militares apreenderam a faca e garantiram a seguran\u00e7a da v\u00edtima. Conflito terminou na delegacia, onde agressor e v\u00edtima foram levados para a sede da 20\u00aa COORPIN. A Pol\u00edcia Civil assumiu o caso e define medidas cab\u00edveis.<\/p>\n","protected":false},"excerpt":{"rendered":"<p>Uma amea\u00e7a entre irm\u00e3os mobilizou policiais militares do 24\u00ba Batalh\u00e3o de Policia Militar na tarde desta quarta-feira (19), no Bairro Apertado do Morro, em Brumado. Ocorr\u00eancia come\u00e7ou por volta das 15h, quando o Centro Inegrado de Comunica\u00e7\u00e3o (CICOM) acionou a guarni\u00e7\u00e3o ap\u00f3s receber o relato de um homem de 49 anos. Ele afirmou que havia sido amea\u00e7ado pelo pr\u00f3prio irm\u00e3o, de 57 anos, durante uma discuss\u00e3o dentro da resid\u00eancia da fam\u00edlia. Agress\u00e3o ganhou contornos ainda mais graves, porque o suspeito usou uma faca para intimidar a v\u00edtima. A arma branca estava em m\u00e3os quando os policiais chegaram ao local. Guarni\u00e7\u00e3o agiu rapidamente e abordou o suspeito, que n\u00e3o resistiu. Os militares apreenderam a faca e garantiram a seguran\u00e7a da v\u00edtima. Conflito terminou na delegacia, onde agressor e v\u00edtima foram levados para a sede da 20\u00aa COORPIN. A Pol\u00edcia Civil assumiu o caso e define medidas cab\u00edveis.<\/p>\n","protected":false},"author":2,"featured_media":1447,"comment_status":"open","ping_status":"open","sticky":false,"template":"","format":"standard","meta":{"footnotes":""},"categories":[10,4,6],"tags":[],"class_list":["post-3092","post","type-post","status-publish","format-standard","has-post-thumbnail","hentry","category-brumado","category-cidades","category-politica"],"yoast_head":"<!-- This site is optimized with the Yoast SEO plugin v26.5 - https:\/\/yoast.com\/wordpress\/plugins\/seo\/ -->\n<title>Irm\u00e3o amea\u00e7a outro com faca e PM interv\u00e9m em Brumado - Sudoesteacontece<\/title>\n<meta name=\"robots\" content=\"index, follow, max-snippet:-1, max-image-preview:large, max-video-preview:-1\" \/>\n<link rel=\"canonical\" href=\"https:\/\/sudoesteacontece.com.br\/?p=3092\" \/>\n<meta property=\"og:locale\" content=\"pt_BR\" \/>\n<meta property=\"og:type\" content=\"article\" \/>\n<meta property=\"og:title\" content=\"Irm\u00e3o amea\u00e7a outro com faca e PM interv\u00e9m em Brumado - Sudoesteacontece\" \/>\n<meta property=\"og:description\" content=\"Uma amea\u00e7a entre irm\u00e3os mobilizou policiais militares do 24\u00ba Batalh\u00e3o de Policia Militar na tarde desta quarta-feira (19), no Bairro Apertado do Morro, em Brumado. Ocorr\u00eancia come\u00e7ou por volta das 15h, quando o Centro Inegrado de Comunica\u00e7\u00e3o (CICOM) acionou a guarni\u00e7\u00e3o ap\u00f3s receber o relato de um homem de 49 anos. Ele afirmou que havia sido amea\u00e7ado pelo pr\u00f3prio irm\u00e3o, de 57 anos, durante uma discuss\u00e3o dentro da resid\u00eancia da fam\u00edlia. Agress\u00e3o ganhou contornos ainda mais graves, porque o suspeito usou uma faca para intimidar a v\u00edtima. A arma branca estava em m\u00e3os quando os policiais chegaram ao local. Guarni\u00e7\u00e3o agiu rapidamente e abordou o suspeito, que n\u00e3o resistiu. Os militares apreenderam a faca e garantiram a seguran\u00e7a da v\u00edtima. Conflito terminou na delegacia, onde agressor e v\u00edtima foram levados para a sede da 20\u00aa COORPIN. A Pol\u00edcia Civil assumiu o caso e define medidas cab\u00edveis.\" \/>\n<meta property=\"og:url\" content=\"https:\/\/sudoesteacontece.com.br\/?p=3092\" \/>\n<meta property=\"og:site_name\" content=\"Sudoesteacontece\" \/>\n<meta property=\"article:publisher\" content=\"https:\/\/www.facebook.com\/sudoesteacontece\/?locale=pt_BR\" \/>\n<meta property=\"article:published_time\" content=\"2025-11-20T13:52:38+00:00\" \/>\n<meta property=\"article:modified_time\" content=\"2025-11-20T13:52:39+00:00\" \/>\n<meta property=\"og:image\" content=\"https:\/\/sudoesteacontece.com.br\/wp-content\/uploads\/2025\/10\/Exame-de-DNA-vai-identificar-ossada-humana-encontrada-em-Brumado-sudoeste-acontece-1.jpg\" \/>\n\t<meta property=\"og:image:width\" content=\"1600\" \/>\n\t<meta property=\"og:image:height\" content=\"1200\" \/>\n\t<meta property=\"og:image:type\" content=\"image\/jpeg\" \/>\n<meta name=\"author\" content=\"Washington Tiago\" \/>\n<meta name=\"twitter:card\" content=\"summary_large_image\" \/>\n<meta name=\"twitter:label1\" content=\"Escrito por\" \/>\n\t<meta name=\"twitter:data1\" content=\"Washington Tiago\" \/>\n\t<meta name=\"twitter:label2\" content=\"Est. tempo de leitura\" \/>\n\t<meta name=\"twitter:data2\" content=\"1 minuto\" \/>\n<script type=\"application\/ld+json\" class=\"yoast-schema-graph\">{\"@context\":\"https:\/\/schema.org\",\"@graph\":[{\"@type\":\"Article\",\"@id\":\"https:\/\/sudoesteacontece.com.br\/?p=3092#article\",\"isPartOf\":{\"@id\":\"https:\/\/sudoesteacontece.com.br\/?p=3092\"},\"author\":{\"name\":\"Washington Tiago\",\"@id\":\"https:\/\/sudoesteacontece.com.br\/#\/schema\/person\/3cf2cf009926a9683ebc29d5379fa79c\"},\"headline\":\"Irm\u00e3o amea\u00e7a outro com faca e PM interv\u00e9m em Brumado\",\"datePublished\":\"2025-11-20T13:52:38+00:00\",\"dateModified\":\"2025-11-20T13:52:39+00:00\",\"mainEntityOfPage\":{\"@id\":\"https:\/\/sudoesteacontece.com.br\/?p=3092\"},\"wordCount\":181,\"commentCount\":0,\"publisher\":{\"@id\":\"https:\/\/sudoesteacontece.com.br\/#organization\"},\"image\":{\"@id\":\"https:\/\/sudoesteacontece.com.br\/?p=3092#primaryimage\"},\"thumbnailUrl\":\"https:\/\/sudoesteacontece.com.br\/wp-content\/uploads\/2025\/10\/Exame-de-DNA-vai-identificar-ossada-humana-encontrada-em-Brumado-sudoeste-acontece-1.jpg\",\"articleSection\":[\"Brumado\",\"Cidades\",\"Pol\u00edtica\"],\"inLanguage\":\"pt-BR\",\"potentialAction\":[{\"@type\":\"CommentAction\",\"name\":\"Comment\",\"target\":[\"https:\/\/sudoesteacontece.com.br\/?p=3092#respond\"]}]},{\"@type\":\"WebPage\",\"@id\":\"https:\/\/sudoesteacontece.com.br\/?p=3092\",\"url\":\"https:\/\/sudoesteacontece.com.br\/?p=3092\",\"name\":\"Irm\u00e3o amea\u00e7a outro com faca e PM interv\u00e9m em Brumado - Sudoesteacontece\",\"isPartOf\":{\"@id\":\"https:\/\/sudoesteacontece.com.br\/#website\"},\"primaryImageOfPage\":{\"@id\":\"https:\/\/sudoesteacontece.com.br\/?p=3092#primaryimage\"},\"image\":{\"@id\":\"https:\/\/sudoesteacontece.com.br\/?p=3092#primaryimage\"},\"thumbnailUrl\":\"https:\/\/sudoesteacontece.com.br\/wp-content\/uploads\/2025\/10\/Exame-de-DNA-vai-identificar-ossada-humana-encontrada-em-Brumado-sudoeste-acontece-1.jpg\",\"datePublished\":\"2025-11-20T13:52:38+00:00\",\"dateModified\":\"2025-11-20T13:52:39+00:00\",\"breadcrumb\":{\"@id\":\"https:\/\/sudoesteacontece.com.br\/?p=3092#breadcrumb\"},\"inLanguage\":\"pt-BR\",\"potentialAction\":[{\"@type\":\"ReadAction\",\"target\":[\"https:\/\/sudoesteacontece.com.br\/?p=3092\"]}]},{\"@type\":\"ImageObject\",\"inLanguage\":\"pt-BR\",\"@id\":\"https:\/\/sudoesteacontece.com.br\/?p=3092#primaryimage\",\"url\":\"https:\/\/sudoesteacontece.com.br\/wp-content\/uploads\/2025\/10\/Exame-de-DNA-vai-identificar-ossada-humana-encontrada-em-Brumado-sudoeste-acontece-1.jpg\",\"contentUrl\":\"https:\/\/sudoesteacontece.com.br\/wp-content\/uploads\/2025\/10\/Exame-de-DNA-vai-identificar-ossada-humana-encontrada-em-Brumado-sudoeste-acontece-1.jpg\",\"width\":1600,\"height\":1200,\"caption\":\"Foto Washington Tiago\"},{\"@type\":\"BreadcrumbList\",\"@id\":\"https:\/\/sudoesteacontece.com.br\/?p=3092#breadcrumb\",\"itemListElement\":[{\"@type\":\"ListItem\",\"position\":1,\"name\":\"In\u00edcio\",\"item\":\"https:\/\/sudoesteacontece.com.br\/\"},{\"@type\":\"ListItem\",\"position\":2,\"name\":\"Irm\u00e3o amea\u00e7a outro com faca e PM interv\u00e9m em Brumado\"}]},{\"@type\":\"WebSite\",\"@id\":\"https:\/\/sudoesteacontece.com.br\/#website\",\"url\":\"https:\/\/sudoesteacontece.com.br\/\",\"name\":\"Sudoesteacontece\",\"description\":\"\",\"publisher\":{\"@id\":\"https:\/\/sudoesteacontece.com.br\/#organization\"},\"potentialAction\":[{\"@type\":\"SearchAction\",\"target\":{\"@type\":\"EntryPoint\",\"urlTemplate\":\"https:\/\/sudoesteacontece.com.br\/?s={search_term_string}\"},\"query-input\":{\"@type\":\"PropertyValueSpecification\",\"valueRequired\":true,\"valueName\":\"search_term_string\"}}],\"inLanguage\":\"pt-BR\"},{\"@type\":\"Organization\",\"@id\":\"https:\/\/sudoesteacontece.com.br\/#organization\",\"name\":\"Sudoesteacontece\",\"url\":\"https:\/\/sudoesteacontece.com.br\/\",\"logo\":{\"@type\":\"ImageObject\",\"inLanguage\":\"pt-BR\",\"@id\":\"https:\/\/sudoesteacontece.com.br\/#\/schema\/logo\/image\/\",\"url\":\"https:\/\/sudoesteacontece.com.br\/wp-content\/uploads\/2025\/12\/cropped-logo-2-180x180-1.png\",\"contentUrl\":\"https:\/\/sudoesteacontece.com.br\/wp-content\/uploads\/2025\/12\/cropped-logo-2-180x180-1.png\",\"width\":180,\"height\":180,\"caption\":\"Sudoesteacontece\"},\"image\":{\"@id\":\"https:\/\/sudoesteacontece.com.br\/#\/schema\/logo\/image\/\"},\"sameAs\":[\"https:\/\/www.facebook.com\/sudoesteacontece\/?locale=pt_BR\"]},{\"@type\":\"Person\",\"@id\":\"https:\/\/sudoesteacontece.com.br\/#\/schema\/person\/3cf2cf009926a9683ebc29d5379fa79c\",\"name\":\"Washington Tiago\",\"image\":{\"@type\":\"ImageObject\",\"inLanguage\":\"pt-BR\",\"@id\":\"https:\/\/sudoesteacontece.com.br\/#\/schema\/person\/image\/\",\"url\":\"https:\/\/secure.gravatar.com\/avatar\/33c43b8668157e040f9d1fe93c354bf087cbd8ba36270c1163198bd3ddcf2a56?s=96&d=mm&r=g\",\"contentUrl\":\"https:\/\/secure.gravatar.com\/avatar\/33c43b8668157e040f9d1fe93c354bf087cbd8ba36270c1163198bd3ddcf2a56?s=96&d=mm&r=g\",\"caption\":\"Washington Tiago\"},\"url\":\"https:\/\/sudoesteacontece.com.br\/?author=2\"}]}<\/script>\n<!-- \/ Yoast SEO plugin. -->","yoast_head_json":{"title":"Irm\u00e3o amea\u00e7a outro com faca e PM interv\u00e9m em Brumado - Sudoesteacontece","robots":{"index":"index","follow":"follow","max-snippet":"max-snippet:-1","max-image-preview":"max-image-preview:large","max-video-preview":"max-video-preview:-1"},"canonical":"https:\/\/sudoesteacontece.com.br\/?p=3092","og_locale":"pt_BR","og_type":"article","og_title":"Irm\u00e3o amea\u00e7a outro com faca e PM interv\u00e9m em Brumado - Sudoesteacontece","og_description":"Uma amea\u00e7a entre irm\u00e3os mobilizou policiais militares do 24\u00ba Batalh\u00e3o de Policia Militar na tarde desta quarta-feira (19), no Bairro Apertado do Morro, em Brumado. Ocorr\u00eancia come\u00e7ou por volta das 15h, quando o Centro Inegrado de Comunica\u00e7\u00e3o (CICOM) acionou a guarni\u00e7\u00e3o ap\u00f3s receber o relato de um homem de 49 anos. Ele afirmou que havia sido amea\u00e7ado pelo pr\u00f3prio irm\u00e3o, de 57 anos, durante uma discuss\u00e3o dentro da resid\u00eancia da fam\u00edlia. Agress\u00e3o ganhou contornos ainda mais graves, porque o suspeito usou uma faca para intimidar a v\u00edtima. A arma branca estava em m\u00e3os quando os policiais chegaram ao local. Guarni\u00e7\u00e3o agiu rapidamente e abordou o suspeito, que n\u00e3o resistiu. Os militares apreenderam a faca e garantiram a seguran\u00e7a da v\u00edtima. Conflito terminou na delegacia, onde agressor e v\u00edtima foram levados para a sede da 20\u00aa COORPIN. A Pol\u00edcia Civil assumiu o caso e define medidas cab\u00edveis.","og_url":"https:\/\/sudoesteacontece.com.br\/?p=3092","og_site_name":"Sudoesteacontece","article_publisher":"https:\/\/www.facebook.com\/sudoesteacontece\/?locale=pt_BR","article_published_time":"2025-11-20T13:52:38+00:00","article_modified_time":"2025-11-20T13:52:39+00:00","og_image":[{"width":1600,"height":1200,"url":"https:\/\/sudoesteacontece.com.br\/wp-content\/uploads\/2025\/10\/Exame-de-DNA-vai-identificar-ossada-humana-encontrada-em-Brumado-sudoeste-acontece-1.jpg","type":"image\/jpeg"}],"author":"Washington Tiago","twitter_card":"summary_large_image","twitter_misc":{"Escrito por":"Washington Tiago","Est. tempo de leitura":"1 minuto"},"schema":{"@context":"https:\/\/schema.org","@graph":[{"@type":"Article","@id":"https:\/\/sudoesteacontece.com.br\/?p=3092#article","isPartOf":{"@id":"https:\/\/sudoesteacontece.com.br\/?p=3092"},"author":{"name":"Washington Tiago","@id":"https:\/\/sudoesteacontece.com.br\/#\/schema\/person\/3cf2cf009926a9683ebc29d5379fa79c"},"headline":"Irm\u00e3o amea\u00e7a outro com faca e PM interv\u00e9m em Brumado","datePublished":"2025-11-20T13:52:38+00:00","dateModified":"2025-11-20T13:52:39+00:00","mainEntityOfPage":{"@id":"https:\/\/sudoesteacontece.com.br\/?p=3092"},"wordCount":181,"commentCount":0,"publisher":{"@id":"https:\/\/sudoesteacontece.com.br\/#organization"},"image":{"@id":"https:\/\/sudoesteacontece.com.br\/?p=3092#primaryimage"},"thumbnailUrl":"https:\/\/sudoesteacontece.com.br\/wp-content\/uploads\/2025\/10\/Exame-de-DNA-vai-identificar-ossada-humana-encontrada-em-Brumado-sudoeste-acontece-1.jpg","articleSection":["Brumado","Cidades","Pol\u00edtica"],"inLanguage":"pt-BR","potentialAction":[{"@type":"CommentAction","name":"Comment","target":["https:\/\/sudoesteacontece.com.br\/?p=3092#respond"]}]},{"@type":"WebPage","@id":"https:\/\/sudoesteacontece.com.br\/?p=3092","url":"https:\/\/sudoesteacontece.com.br\/?p=3092","name":"Irm\u00e3o amea\u00e7a outro com faca e PM interv\u00e9m em Brumado - Sudoesteacontece","isPartOf":{"@id":"https:\/\/sudoesteacontece.com.br\/#website"},"primaryImageOfPage":{"@id":"https:\/\/sudoesteacontece.com.br\/?p=3092#primaryimage"},"image":{"@id":"https:\/\/sudoesteacontece.com.br\/?p=3092#primaryimage"},"thumbnailUrl":"https:\/\/sudoesteacontece.com.br\/wp-content\/uploads\/2025\/10\/Exame-de-DNA-vai-identificar-ossada-humana-encontrada-em-Brumado-sudoeste-acontece-1.jpg","datePublished":"2025-11-20T13:52:38+00:00","dateModified":"2025-11-20T13:52:39+00:00","breadcrumb":{"@id":"https:\/\/sudoesteacontece.com.br\/?p=3092#breadcrumb"},"inLanguage":"pt-BR","potentialAction":[{"@type":"ReadAction","target":["https:\/\/sudoesteacontece.com.br\/?p=3092"]}]},{"@type":"ImageObject","inLanguage":"pt-BR","@id":"https:\/\/sudoesteacontece.com.br\/?p=3092#primaryimage","url":"https:\/\/sudoesteacontece.com.br\/wp-content\/uploads\/2025\/10\/Exame-de-DNA-vai-identificar-ossada-humana-encontrada-em-Brumado-sudoeste-acontece-1.jpg","contentUrl":"https:\/\/sudoesteacontece.com.br\/wp-content\/uploads\/2025\/10\/Exame-de-DNA-vai-identificar-ossada-humana-encontrada-em-Brumado-sudoeste-acontece-1.jpg","width":1600,"height":1200,"caption":"Foto Washington Tiago"},{"@type":"BreadcrumbList","@id":"https:\/\/sudoesteacontece.com.br\/?p=3092#breadcrumb","itemListElement":[{"@type":"ListItem","position":1,"name":"In\u00edcio","item":"https:\/\/sudoesteacontece.com.br\/"},{"@type":"ListItem","position":2,"name":"Irm\u00e3o amea\u00e7a outro com faca e PM interv\u00e9m em Brumado"}]},{"@type":"WebSite","@id":"https:\/\/sudoesteacontece.com.br\/#website","url":"https:\/\/sudoesteacontece.com.br\/","name":"Sudoesteacontece","description":"","publisher":{"@id":"https:\/\/sudoesteacontece.com.br\/#organization"},"potentialAction":[{"@type":"SearchAction","target":{"@type":"EntryPoint","urlTemplate":"https:\/\/sudoesteacontece.com.br\/?s={search_term_string}"},"query-input":{"@type":"PropertyValueSpecification","valueRequired":true,"valueName":"search_term_string"}}],"inLanguage":"pt-BR"},{"@type":"Organization","@id":"https:\/\/sudoesteacontece.com.br\/#organization","name":"Sudoesteacontece","url":"https:\/\/sudoesteacontece.com.br\/","logo":{"@type":"ImageObject","inLanguage":"pt-BR","@id":"https:\/\/sudoesteacontece.com.br\/#\/schema\/logo\/image\/","url":"https:\/\/sudoesteacontece.com.br\/wp-content\/uploads\/2025\/12\/cropped-logo-2-180x180-1.png","contentUrl":"https:\/\/sudoesteacontece.com.br\/wp-content\/uploads\/2025\/12\/cropped-logo-2-180x180-1.png","width":180,"height":180,"caption":"Sudoesteacontece"},"image":{"@id":"https:\/\/sudoesteacontece.com.br\/#\/schema\/logo\/image\/"},"sameAs":["https:\/\/www.facebook.com\/sudoesteacontece\/?locale=pt_BR"]},{"@type":"Person","@id":"https:\/\/sudoesteacontece.com.br\/#\/schema\/person\/3cf2cf009926a9683ebc29d5379fa79c","name":"Washington Tiago","image":{"@type":"ImageObject","inLanguage":"pt-BR","@id":"https:\/\/sudoesteacontece.com.br\/#\/schema\/person\/image\/","url":"https:\/\/secure.gravatar.com\/avatar\/33c43b8668157e040f9d1fe93c354bf087cbd8ba36270c1163198bd3ddcf2a56?s=96&d=mm&r=g","contentUrl":"https:\/\/secure.gravatar.com\/avatar\/33c43b8668157e040f9d1fe93c354bf087cbd8ba36270c1163198bd3ddcf2a56?s=96&d=mm&r=g","caption":"Washington Tiago"},"url":"https:\/\/sudoesteacontece.com.br\/?author=2"}]}},"_links":{"self":[{"href":"https:\/\/sudoesteacontece.com.br\/index.php?rest_route=\/wp\/v2\/posts\/3092","targetHints":{"allow":["GET"]}}],"collection":[{"href":"https:\/\/sudoesteacontece.com.br\/index.php?rest_route=\/wp\/v2\/posts"}],"about":[{"href":"https:\/\/sudoesteacontece.com.br\/index.php?rest_route=\/wp\/v2\/types\/post"}],"author":[{"embeddable":true,"href":"https:\/\/sudoesteacontece.com.br\/index.php?rest_route=\/wp\/v2\/users\/2"}],"replies":[{"embeddable":true,"href":"https:\/\/sudoesteacontece.com.br\/index.php?rest_route=%2Fwp%2Fv2%2Fcomments&post=3092"}],"version-history":[{"count":0,"href":"https:\/\/sudoesteacontece.com.br\/index.php?rest_route=\/wp\/v2\/posts\/3092\/revisions"}],"wp:featuredmedia":[{"embeddable":true,"href":"https:\/\/sudoesteacontece.com.br\/index.php?rest_route=\/wp\/v2\/media\/1447"}],"wp:attachment":[{"href":"https:\/\/sudoesteacontece.com.br\/index.php?rest_route=%2Fwp%2Fv2%2Fmedia&parent=3092"}],"wp:term":[{"taxonomy":"category","embeddable":true,"href":"https:\/\/sudoesteacontece.com.br\/index.php?rest_route=%2Fwp%2Fv2%2Fcategories&post=3092"},{"taxonomy":"post_tag","embeddable":true,"href":"https:\/\/sudoesteacontece.com.br\/index.php?rest_route=%2Fwp%2Fv2%2Ftags&post=3092"}],"curies":[{"name":"wp","href":"https:\/\/api.w.org\/{rel}","templated":true}]}}