{"id":3093,"date":"2025-11-20T12:41:41","date_gmt":"2025-11-20T15:41:41","guid":{"rendered":"https:\/\/sudoesteacontece.com.br\/?p=3093"},"modified":"2025-11-20T12:41:42","modified_gmt":"2025-11-20T15:41:42","slug":"acidente-grave-no-acesso-ao-aeroporto-de-conquista-deixa-motociclista-ferido","status":"publish","type":"post","link":"https:\/\/sudoesteacontece.com.br\/?p=3093","title":{"rendered":"Acidente grave no acesso ao Aeroporto de Conquista deixa motociclista ferido"},"content":{"rendered":"\n<figure class=\"wp-block-image size-full\"><img fetchpriority=\"high\" decoding=\"async\" width=\"900\" height=\"600\" src=\"http:\/\/sudoesteacontece.com.br\/wp-content\/uploads\/2025\/11\/Acidente-grave-no-acesso-ao-Aeroporto-de-Conquista-deixa-motociclista-ferido-sudoeste-acontece.jpg\" alt=\"\" class=\"wp-image-3122\" srcset=\"https:\/\/sudoesteacontece.com.br\/wp-content\/uploads\/2025\/11\/Acidente-grave-no-acesso-ao-Aeroporto-de-Conquista-deixa-motociclista-ferido-sudoeste-acontece.jpg 900w, https:\/\/sudoesteacontece.com.br\/wp-content\/uploads\/2025\/11\/Acidente-grave-no-acesso-ao-Aeroporto-de-Conquista-deixa-motociclista-ferido-sudoeste-acontece-300x200.jpg 300w, https:\/\/sudoesteacontece.com.br\/wp-content\/uploads\/2025\/11\/Acidente-grave-no-acesso-ao-Aeroporto-de-Conquista-deixa-motociclista-ferido-sudoeste-acontece-768x512.jpg 768w\" sizes=\"(max-width: 900px) 100vw, 900px\" \/><\/figure>\n\n\n\n<p>Um motociclista ficou ferido ap\u00f3s uma batida entre moto e caminh\u00e3o na manh\u00e3 desta quinta-feira (20), na rotat\u00f3ria de acesso ao Aeroporto Glauber Rocha, na BR-116, em Vit\u00f3ria da Conquista. O acidente aconteceu por volta das 6h e mobilizou equipes de resgate.<\/p>\n\n\n\n<p>Testemunhas relataram que o impacto ocorreu no entroncamento que liga o aeroporto \u00e0 rodovia federal, ponto conhecido pelo fluxo intenso de ve\u00edculos nas primeiras horas do dia.<\/p>\n\n\n\n<p>Equipes do Resgate do DNIT chegaram rapidamente ao local e prestaram os primeiros atendimentos ao condutor da moto. A v\u00edtima foi imobilizada e encaminhada ao Hospital Geral de Vit\u00f3ria da Conquista. O estado de sa\u00fade ainda n\u00e3o foi divulgado.<\/p>\n\n\n\n<p>Agentes da Pol\u00edcia Rodovi\u00e1ria Federal tamb\u00e9m participaram da ocorr\u00eancia, controlaram o tr\u00e2nsito e registraram o acidente para investiga\u00e7\u00e3o.<\/p>\n\n\n\n<p>A din\u00e2mica da colis\u00e3o ainda ser\u00e1 apurada, mas at\u00e9 o momento n\u00e3o h\u00e1 informa\u00e7\u00f5es sobre outros envolvidos ou sobre eventuais danos materiais mais graves.<\/p>\n","protected":false},"excerpt":{"rendered":"<p>Um motociclista ficou ferido ap\u00f3s uma batida entre moto e caminh\u00e3o na manh\u00e3 desta quinta-feira (20), na rotat\u00f3ria de acesso ao Aeroporto Glauber Rocha, na BR-116, em Vit\u00f3ria da Conquista. O acidente aconteceu por volta das 6h e mobilizou equipes de resgate. Testemunhas relataram que o impacto ocorreu no entroncamento que liga o aeroporto \u00e0 rodovia federal, ponto conhecido pelo fluxo intenso de ve\u00edculos nas primeiras horas do dia. Equipes do Resgate do DNIT chegaram rapidamente ao local e prestaram os primeiros atendimentos ao condutor da moto. A v\u00edtima foi imobilizada e encaminhada ao Hospital Geral de Vit\u00f3ria da Conquista. O estado de sa\u00fade ainda n\u00e3o foi divulgado. Agentes da Pol\u00edcia Rodovi\u00e1ria Federal tamb\u00e9m participaram da ocorr\u00eancia, controlaram o tr\u00e2nsito e registraram o acidente para investiga\u00e7\u00e3o. A din\u00e2mica da colis\u00e3o ainda ser\u00e1 apurada, mas at\u00e9 o momento n\u00e3o h\u00e1 informa\u00e7\u00f5es sobre outros envolvidos ou sobre eventuais danos materiais mais graves.<\/p>\n","protected":false},"author":2,"featured_media":3122,"comment_status":"open","ping_status":"open","sticky":false,"template":"","format":"standard","meta":{"footnotes":""},"categories":[5,4,8],"tags":[],"class_list":["post-3093","post","type-post","status-publish","format-standard","has-post-thumbnail","hentry","category-acidente","category-cidades","category-vitoria-da-conquista"],"yoast_head":"<!-- This site is optimized with the Yoast SEO plugin v26.5 - https:\/\/yoast.com\/wordpress\/plugins\/seo\/ -->\n<title>Acidente grave no acesso ao Aeroporto de Conquista deixa motociclista ferido - Sudoesteacontece<\/title>\n<meta name=\"robots\" content=\"index, follow, max-snippet:-1, max-image-preview:large, max-video-preview:-1\" \/>\n<link rel=\"canonical\" href=\"https:\/\/sudoesteacontece.com.br\/?p=3093\" \/>\n<meta property=\"og:locale\" content=\"pt_BR\" \/>\n<meta property=\"og:type\" content=\"article\" \/>\n<meta property=\"og:title\" content=\"Acidente grave no acesso ao Aeroporto de Conquista deixa motociclista ferido - Sudoesteacontece\" \/>\n<meta property=\"og:description\" content=\"Um motociclista ficou ferido ap\u00f3s uma batida entre moto e caminh\u00e3o na manh\u00e3 desta quinta-feira (20), na rotat\u00f3ria de acesso ao Aeroporto Glauber Rocha, na BR-116, em Vit\u00f3ria da Conquista. O acidente aconteceu por volta das 6h e mobilizou equipes de resgate. Testemunhas relataram que o impacto ocorreu no entroncamento que liga o aeroporto \u00e0 rodovia federal, ponto conhecido pelo fluxo intenso de ve\u00edculos nas primeiras horas do dia. Equipes do Resgate do DNIT chegaram rapidamente ao local e prestaram os primeiros atendimentos ao condutor da moto. A v\u00edtima foi imobilizada e encaminhada ao Hospital Geral de Vit\u00f3ria da Conquista. O estado de sa\u00fade ainda n\u00e3o foi divulgado. Agentes da Pol\u00edcia Rodovi\u00e1ria Federal tamb\u00e9m participaram da ocorr\u00eancia, controlaram o tr\u00e2nsito e registraram o acidente para investiga\u00e7\u00e3o. A din\u00e2mica da colis\u00e3o ainda ser\u00e1 apurada, mas at\u00e9 o momento n\u00e3o h\u00e1 informa\u00e7\u00f5es sobre outros envolvidos ou sobre eventuais danos materiais mais graves.\" \/>\n<meta property=\"og:url\" content=\"https:\/\/sudoesteacontece.com.br\/?p=3093\" \/>\n<meta property=\"og:site_name\" content=\"Sudoesteacontece\" \/>\n<meta property=\"article:publisher\" content=\"https:\/\/www.facebook.com\/sudoesteacontece\/?locale=pt_BR\" \/>\n<meta property=\"article:published_time\" content=\"2025-11-20T15:41:41+00:00\" \/>\n<meta property=\"article:modified_time\" content=\"2025-11-20T15:41:42+00:00\" \/>\n<meta property=\"og:image\" content=\"https:\/\/sudoesteacontece.com.br\/wp-content\/uploads\/2025\/11\/Acidente-grave-no-acesso-ao-Aeroporto-de-Conquista-deixa-motociclista-ferido-sudoeste-acontece.jpg\" \/>\n\t<meta property=\"og:image:width\" content=\"900\" \/>\n\t<meta property=\"og:image:height\" content=\"600\" \/>\n\t<meta property=\"og:image:type\" content=\"image\/jpeg\" \/>\n<meta name=\"author\" content=\"Washington Tiago\" \/>\n<meta name=\"twitter:card\" content=\"summary_large_image\" \/>\n<meta name=\"twitter:label1\" content=\"Escrito por\" \/>\n\t<meta name=\"twitter:data1\" content=\"Washington Tiago\" \/>\n\t<meta name=\"twitter:label2\" content=\"Est. tempo de leitura\" \/>\n\t<meta name=\"twitter:data2\" content=\"1 minuto\" \/>\n<script type=\"application\/ld+json\" class=\"yoast-schema-graph\">{\"@context\":\"https:\/\/schema.org\",\"@graph\":[{\"@type\":\"Article\",\"@id\":\"https:\/\/sudoesteacontece.com.br\/?p=3093#article\",\"isPartOf\":{\"@id\":\"https:\/\/sudoesteacontece.com.br\/?p=3093\"},\"author\":{\"name\":\"Washington Tiago\",\"@id\":\"https:\/\/sudoesteacontece.com.br\/#\/schema\/person\/3cf2cf009926a9683ebc29d5379fa79c\"},\"headline\":\"Acidente grave no acesso ao Aeroporto de Conquista deixa motociclista ferido\",\"datePublished\":\"2025-11-20T15:41:41+00:00\",\"dateModified\":\"2025-11-20T15:41:42+00:00\",\"mainEntityOfPage\":{\"@id\":\"https:\/\/sudoesteacontece.com.br\/?p=3093\"},\"wordCount\":178,\"commentCount\":0,\"publisher\":{\"@id\":\"https:\/\/sudoesteacontece.com.br\/#organization\"},\"image\":{\"@id\":\"https:\/\/sudoesteacontece.com.br\/?p=3093#primaryimage\"},\"thumbnailUrl\":\"https:\/\/sudoesteacontece.com.br\/wp-content\/uploads\/2025\/11\/Acidente-grave-no-acesso-ao-Aeroporto-de-Conquista-deixa-motociclista-ferido-sudoeste-acontece.jpg\",\"articleSection\":[\"Acidente\",\"Cidades\",\"Vit\u00f3ria da Conquista\"],\"inLanguage\":\"pt-BR\",\"potentialAction\":[{\"@type\":\"CommentAction\",\"name\":\"Comment\",\"target\":[\"https:\/\/sudoesteacontece.com.br\/?p=3093#respond\"]}]},{\"@type\":\"WebPage\",\"@id\":\"https:\/\/sudoesteacontece.com.br\/?p=3093\",\"url\":\"https:\/\/sudoesteacontece.com.br\/?p=3093\",\"name\":\"Acidente grave no acesso ao Aeroporto de Conquista deixa motociclista ferido - Sudoesteacontece\",\"isPartOf\":{\"@id\":\"https:\/\/sudoesteacontece.com.br\/#website\"},\"primaryImageOfPage\":{\"@id\":\"https:\/\/sudoesteacontece.com.br\/?p=3093#primaryimage\"},\"image\":{\"@id\":\"https:\/\/sudoesteacontece.com.br\/?p=3093#primaryimage\"},\"thumbnailUrl\":\"https:\/\/sudoesteacontece.com.br\/wp-content\/uploads\/2025\/11\/Acidente-grave-no-acesso-ao-Aeroporto-de-Conquista-deixa-motociclista-ferido-sudoeste-acontece.jpg\",\"datePublished\":\"2025-11-20T15:41:41+00:00\",\"dateModified\":\"2025-11-20T15:41:42+00:00\",\"breadcrumb\":{\"@id\":\"https:\/\/sudoesteacontece.com.br\/?p=3093#breadcrumb\"},\"inLanguage\":\"pt-BR\",\"potentialAction\":[{\"@type\":\"ReadAction\",\"target\":[\"https:\/\/sudoesteacontece.com.br\/?p=3093\"]}]},{\"@type\":\"ImageObject\",\"inLanguage\":\"pt-BR\",\"@id\":\"https:\/\/sudoesteacontece.com.br\/?p=3093#primaryimage\",\"url\":\"https:\/\/sudoesteacontece.com.br\/wp-content\/uploads\/2025\/11\/Acidente-grave-no-acesso-ao-Aeroporto-de-Conquista-deixa-motociclista-ferido-sudoeste-acontece.jpg\",\"contentUrl\":\"https:\/\/sudoesteacontece.com.br\/wp-content\/uploads\/2025\/11\/Acidente-grave-no-acesso-ao-Aeroporto-de-Conquista-deixa-motociclista-ferido-sudoeste-acontece.jpg\",\"width\":900,\"height\":600},{\"@type\":\"BreadcrumbList\",\"@id\":\"https:\/\/sudoesteacontece.com.br\/?p=3093#breadcrumb\",\"itemListElement\":[{\"@type\":\"ListItem\",\"position\":1,\"name\":\"In\u00edcio\",\"item\":\"https:\/\/sudoesteacontece.com.br\/\"},{\"@type\":\"ListItem\",\"position\":2,\"name\":\"Acidente grave no acesso ao Aeroporto de Conquista deixa motociclista ferido\"}]},{\"@type\":\"WebSite\",\"@id\":\"https:\/\/sudoesteacontece.com.br\/#website\",\"url\":\"https:\/\/sudoesteacontece.com.br\/\",\"name\":\"Sudoesteacontece\",\"description\":\"\",\"publisher\":{\"@id\":\"https:\/\/sudoesteacontece.com.br\/#organization\"},\"potentialAction\":[{\"@type\":\"SearchAction\",\"target\":{\"@type\":\"EntryPoint\",\"urlTemplate\":\"https:\/\/sudoesteacontece.com.br\/?s={search_term_string}\"},\"query-input\":{\"@type\":\"PropertyValueSpecification\",\"valueRequired\":true,\"valueName\":\"search_term_string\"}}],\"inLanguage\":\"pt-BR\"},{\"@type\":\"Organization\",\"@id\":\"https:\/\/sudoesteacontece.com.br\/#organization\",\"name\":\"Sudoesteacontece\",\"url\":\"https:\/\/sudoesteacontece.com.br\/\",\"logo\":{\"@type\":\"ImageObject\",\"inLanguage\":\"pt-BR\",\"@id\":\"https:\/\/sudoesteacontece.com.br\/#\/schema\/logo\/image\/\",\"url\":\"https:\/\/sudoesteacontece.com.br\/wp-content\/uploads\/2025\/12\/cropped-logo-2-180x180-1.png\",\"contentUrl\":\"https:\/\/sudoesteacontece.com.br\/wp-content\/uploads\/2025\/12\/cropped-logo-2-180x180-1.png\",\"width\":180,\"height\":180,\"caption\":\"Sudoesteacontece\"},\"image\":{\"@id\":\"https:\/\/sudoesteacontece.com.br\/#\/schema\/logo\/image\/\"},\"sameAs\":[\"https:\/\/www.facebook.com\/sudoesteacontece\/?locale=pt_BR\"]},{\"@type\":\"Person\",\"@id\":\"https:\/\/sudoesteacontece.com.br\/#\/schema\/person\/3cf2cf009926a9683ebc29d5379fa79c\",\"name\":\"Washington Tiago\",\"image\":{\"@type\":\"ImageObject\",\"inLanguage\":\"pt-BR\",\"@id\":\"https:\/\/sudoesteacontece.com.br\/#\/schema\/person\/image\/\",\"url\":\"https:\/\/secure.gravatar.com\/avatar\/33c43b8668157e040f9d1fe93c354bf087cbd8ba36270c1163198bd3ddcf2a56?s=96&d=mm&r=g\",\"contentUrl\":\"https:\/\/secure.gravatar.com\/avatar\/33c43b8668157e040f9d1fe93c354bf087cbd8ba36270c1163198bd3ddcf2a56?s=96&d=mm&r=g\",\"caption\":\"Washington Tiago\"},\"url\":\"https:\/\/sudoesteacontece.com.br\/?author=2\"}]}<\/script>\n<!-- \/ Yoast SEO plugin. -->","yoast_head_json":{"title":"Acidente grave no acesso ao Aeroporto de Conquista deixa motociclista ferido - Sudoesteacontece","robots":{"index":"index","follow":"follow","max-snippet":"max-snippet:-1","max-image-preview":"max-image-preview:large","max-video-preview":"max-video-preview:-1"},"canonical":"https:\/\/sudoesteacontece.com.br\/?p=3093","og_locale":"pt_BR","og_type":"article","og_title":"Acidente grave no acesso ao Aeroporto de Conquista deixa motociclista ferido - Sudoesteacontece","og_description":"Um motociclista ficou ferido ap\u00f3s uma batida entre moto e caminh\u00e3o na manh\u00e3 desta quinta-feira (20), na rotat\u00f3ria de acesso ao Aeroporto Glauber Rocha, na BR-116, em Vit\u00f3ria da Conquista. O acidente aconteceu por volta das 6h e mobilizou equipes de resgate. Testemunhas relataram que o impacto ocorreu no entroncamento que liga o aeroporto \u00e0 rodovia federal, ponto conhecido pelo fluxo intenso de ve\u00edculos nas primeiras horas do dia. Equipes do Resgate do DNIT chegaram rapidamente ao local e prestaram os primeiros atendimentos ao condutor da moto. A v\u00edtima foi imobilizada e encaminhada ao Hospital Geral de Vit\u00f3ria da Conquista. O estado de sa\u00fade ainda n\u00e3o foi divulgado. Agentes da Pol\u00edcia Rodovi\u00e1ria Federal tamb\u00e9m participaram da ocorr\u00eancia, controlaram o tr\u00e2nsito e registraram o acidente para investiga\u00e7\u00e3o. A din\u00e2mica da colis\u00e3o ainda ser\u00e1 apurada, mas at\u00e9 o momento n\u00e3o h\u00e1 informa\u00e7\u00f5es sobre outros envolvidos ou sobre eventuais danos materiais mais graves.","og_url":"https:\/\/sudoesteacontece.com.br\/?p=3093","og_site_name":"Sudoesteacontece","article_publisher":"https:\/\/www.facebook.com\/sudoesteacontece\/?locale=pt_BR","article_published_time":"2025-11-20T15:41:41+00:00","article_modified_time":"2025-11-20T15:41:42+00:00","og_image":[{"width":900,"height":600,"url":"https:\/\/sudoesteacontece.com.br\/wp-content\/uploads\/2025\/11\/Acidente-grave-no-acesso-ao-Aeroporto-de-Conquista-deixa-motociclista-ferido-sudoeste-acontece.jpg","type":"image\/jpeg"}],"author":"Washington Tiago","twitter_card":"summary_large_image","twitter_misc":{"Escrito por":"Washington Tiago","Est. tempo de leitura":"1 minuto"},"schema":{"@context":"https:\/\/schema.org","@graph":[{"@type":"Article","@id":"https:\/\/sudoesteacontece.com.br\/?p=3093#article","isPartOf":{"@id":"https:\/\/sudoesteacontece.com.br\/?p=3093"},"author":{"name":"Washington Tiago","@id":"https:\/\/sudoesteacontece.com.br\/#\/schema\/person\/3cf2cf009926a9683ebc29d5379fa79c"},"headline":"Acidente grave no acesso ao Aeroporto de Conquista deixa motociclista ferido","datePublished":"2025-11-20T15:41:41+00:00","dateModified":"2025-11-20T15:41:42+00:00","mainEntityOfPage":{"@id":"https:\/\/sudoesteacontece.com.br\/?p=3093"},"wordCount":178,"commentCount":0,"publisher":{"@id":"https:\/\/sudoesteacontece.com.br\/#organization"},"image":{"@id":"https:\/\/sudoesteacontece.com.br\/?p=3093#primaryimage"},"thumbnailUrl":"https:\/\/sudoesteacontece.com.br\/wp-content\/uploads\/2025\/11\/Acidente-grave-no-acesso-ao-Aeroporto-de-Conquista-deixa-motociclista-ferido-sudoeste-acontece.jpg","articleSection":["Acidente","Cidades","Vit\u00f3ria da Conquista"],"inLanguage":"pt-BR","potentialAction":[{"@type":"CommentAction","name":"Comment","target":["https:\/\/sudoesteacontece.com.br\/?p=3093#respond"]}]},{"@type":"WebPage","@id":"https:\/\/sudoesteacontece.com.br\/?p=3093","url":"https:\/\/sudoesteacontece.com.br\/?p=3093","name":"Acidente grave no acesso ao Aeroporto de Conquista deixa motociclista ferido - Sudoesteacontece","isPartOf":{"@id":"https:\/\/sudoesteacontece.com.br\/#website"},"primaryImageOfPage":{"@id":"https:\/\/sudoesteacontece.com.br\/?p=3093#primaryimage"},"image":{"@id":"https:\/\/sudoesteacontece.com.br\/?p=3093#primaryimage"},"thumbnailUrl":"https:\/\/sudoesteacontece.com.br\/wp-content\/uploads\/2025\/11\/Acidente-grave-no-acesso-ao-Aeroporto-de-Conquista-deixa-motociclista-ferido-sudoeste-acontece.jpg","datePublished":"2025-11-20T15:41:41+00:00","dateModified":"2025-11-20T15:41:42+00:00","breadcrumb":{"@id":"https:\/\/sudoesteacontece.com.br\/?p=3093#breadcrumb"},"inLanguage":"pt-BR","potentialAction":[{"@type":"ReadAction","target":["https:\/\/sudoesteacontece.com.br\/?p=3093"]}]},{"@type":"ImageObject","inLanguage":"pt-BR","@id":"https:\/\/sudoesteacontece.com.br\/?p=3093#primaryimage","url":"https:\/\/sudoesteacontece.com.br\/wp-content\/uploads\/2025\/11\/Acidente-grave-no-acesso-ao-Aeroporto-de-Conquista-deixa-motociclista-ferido-sudoeste-acontece.jpg","contentUrl":"https:\/\/sudoesteacontece.com.br\/wp-content\/uploads\/2025\/11\/Acidente-grave-no-acesso-ao-Aeroporto-de-Conquista-deixa-motociclista-ferido-sudoeste-acontece.jpg","width":900,"height":600},{"@type":"BreadcrumbList","@id":"https:\/\/sudoesteacontece.com.br\/?p=3093#breadcrumb","itemListElement":[{"@type":"ListItem","position":1,"name":"In\u00edcio","item":"https:\/\/sudoesteacontece.com.br\/"},{"@type":"ListItem","position":2,"name":"Acidente grave no acesso ao Aeroporto de Conquista deixa motociclista ferido"}]},{"@type":"WebSite","@id":"https:\/\/sudoesteacontece.com.br\/#website","url":"https:\/\/sudoesteacontece.com.br\/","name":"Sudoesteacontece","description":"","publisher":{"@id":"https:\/\/sudoesteacontece.com.br\/#organization"},"potentialAction":[{"@type":"SearchAction","target":{"@type":"EntryPoint","urlTemplate":"https:\/\/sudoesteacontece.com.br\/?s={search_term_string}"},"query-input":{"@type":"PropertyValueSpecification","valueRequired":true,"valueName":"search_term_string"}}],"inLanguage":"pt-BR"},{"@type":"Organization","@id":"https:\/\/sudoesteacontece.com.br\/#organization","name":"Sudoesteacontece","url":"https:\/\/sudoesteacontece.com.br\/","logo":{"@type":"ImageObject","inLanguage":"pt-BR","@id":"https:\/\/sudoesteacontece.com.br\/#\/schema\/logo\/image\/","url":"https:\/\/sudoesteacontece.com.br\/wp-content\/uploads\/2025\/12\/cropped-logo-2-180x180-1.png","contentUrl":"https:\/\/sudoesteacontece.com.br\/wp-content\/uploads\/2025\/12\/cropped-logo-2-180x180-1.png","width":180,"height":180,"caption":"Sudoesteacontece"},"image":{"@id":"https:\/\/sudoesteacontece.com.br\/#\/schema\/logo\/image\/"},"sameAs":["https:\/\/www.facebook.com\/sudoesteacontece\/?locale=pt_BR"]},{"@type":"Person","@id":"https:\/\/sudoesteacontece.com.br\/#\/schema\/person\/3cf2cf009926a9683ebc29d5379fa79c","name":"Washington Tiago","image":{"@type":"ImageObject","inLanguage":"pt-BR","@id":"https:\/\/sudoesteacontece.com.br\/#\/schema\/person\/image\/","url":"https:\/\/secure.gravatar.com\/avatar\/33c43b8668157e040f9d1fe93c354bf087cbd8ba36270c1163198bd3ddcf2a56?s=96&d=mm&r=g","contentUrl":"https:\/\/secure.gravatar.com\/avatar\/33c43b8668157e040f9d1fe93c354bf087cbd8ba36270c1163198bd3ddcf2a56?s=96&d=mm&r=g","caption":"Washington Tiago"},"url":"https:\/\/sudoesteacontece.com.br\/?author=2"}]}},"_links":{"self":[{"href":"https:\/\/sudoesteacontece.com.br\/index.php?rest_route=\/wp\/v2\/posts\/3093","targetHints":{"allow":["GET"]}}],"collection":[{"href":"https:\/\/sudoesteacontece.com.br\/index.php?rest_route=\/wp\/v2\/posts"}],"about":[{"href":"https:\/\/sudoesteacontece.com.br\/index.php?rest_route=\/wp\/v2\/types\/post"}],"author":[{"embeddable":true,"href":"https:\/\/sudoesteacontece.com.br\/index.php?rest_route=\/wp\/v2\/users\/2"}],"replies":[{"embeddable":true,"href":"https:\/\/sudoesteacontece.com.br\/index.php?rest_route=%2Fwp%2Fv2%2Fcomments&post=3093"}],"version-history":[{"count":0,"href":"https:\/\/sudoesteacontece.com.br\/index.php?rest_route=\/wp\/v2\/posts\/3093\/revisions"}],"wp:featuredmedia":[{"embeddable":true,"href":"https:\/\/sudoesteacontece.com.br\/index.php?rest_route=\/wp\/v2\/media\/3122"}],"wp:attachment":[{"href":"https:\/\/sudoesteacontece.com.br\/index.php?rest_route=%2Fwp%2Fv2%2Fmedia&parent=3093"}],"wp:term":[{"taxonomy":"category","embeddable":true,"href":"https:\/\/sudoesteacontece.com.br\/index.php?rest_route=%2Fwp%2Fv2%2Fcategories&post=3093"},{"taxonomy":"post_tag","embeddable":true,"href":"https:\/\/sudoesteacontece.com.br\/index.php?rest_route=%2Fwp%2Fv2%2Ftags&post=3093"}],"curies":[{"name":"wp","href":"https:\/\/api.w.org\/{rel}","templated":true}]}}