{"id":3102,"date":"2025-11-20T10:34:08","date_gmt":"2025-11-20T13:34:08","guid":{"rendered":"https:\/\/sudoesteacontece.com.br\/?p=3102"},"modified":"2025-11-20T10:34:10","modified_gmt":"2025-11-20T13:34:10","slug":"tarcisio-avanca-e-acm-neto-se-anima-oposicao-esboca-chapa-para-2026","status":"publish","type":"post","link":"https:\/\/sudoesteacontece.com.br\/?p=3102","title":{"rendered":"Tarc\u00edsio avan\u00e7a e ACM Neto se anima: oposi\u00e7\u00e3o esbo\u00e7a chapa para 2026"},"content":{"rendered":"<div class=\"wp-block-image\">\n<figure class=\"aligncenter size-full\"><img fetchpriority=\"high\" decoding=\"async\" width=\"900\" height=\"600\" src=\"http:\/\/sudoesteacontece.com.br\/wp-content\/uploads\/2025\/11\/Tarcisio-avanca-e-ACM-Neto-se-anima-oposicao-esboca-chapa-para-2026-sudoeste-acontece.jpg\" alt=\"\" class=\"wp-image-3107\" srcset=\"https:\/\/sudoesteacontece.com.br\/wp-content\/uploads\/2025\/11\/Tarcisio-avanca-e-ACM-Neto-se-anima-oposicao-esboca-chapa-para-2026-sudoeste-acontece.jpg 900w, https:\/\/sudoesteacontece.com.br\/wp-content\/uploads\/2025\/11\/Tarcisio-avanca-e-ACM-Neto-se-anima-oposicao-esboca-chapa-para-2026-sudoeste-acontece-300x200.jpg 300w, https:\/\/sudoesteacontece.com.br\/wp-content\/uploads\/2025\/11\/Tarcisio-avanca-e-ACM-Neto-se-anima-oposicao-esboca-chapa-para-2026-sudoeste-acontece-768x512.jpg 768w\" sizes=\"(max-width: 900px) 100vw, 900px\" \/><\/figure>\n<\/div>\n\n\n<p>Oposi\u00e7\u00e3o nacional come\u00e7a a enxergar em Tarc\u00edsio de Freitas o nome capaz de enfrentar Lula nas elei\u00e7\u00f5es de 2026. Governador de S\u00e3o Paulo sinalizou aos aliados que est\u00e1 disposto a entrar na disputa pela Presid\u00eancia, desde que receba uma garantia direta do ex-presidente Jair Bolsonaro: nenhum familiar do l\u00edder do PL poder\u00e1 ser lan\u00e7ado candidato no mesmo campo pol\u00edtico.<\/p>\n\n\n\n<p>Movimenta\u00e7\u00f5es internas ganham for\u00e7a. Tarc\u00edsio sabe que enfrenta um risco alto ao abandonar uma reelei\u00e7\u00e3o praticamente assegurada em S\u00e3o Paulo. Ele tamb\u00e9m teme ser atingido por uma candidatura concorrente da pr\u00f3pria direita caso Bolsonaro n\u00e3o consiga controlar os planos da fam\u00edlia. Tens\u00e3o aumentou com a possibilidade de o ex-presidente enfrentar nova batalha judicial e at\u00e9 risco de pris\u00e3o.<\/p>\n\n\n\n<p>Mensagem chegou \u00e0 Bahia. ACM Neto recebeu sinaliza\u00e7\u00f5es de que Tarc\u00edsio pode realmente entrar no jogo nacional. Ex-prefeito de Salvador, principal lideran\u00e7a da oposi\u00e7\u00e3o ao PT na Bahia, admite disputar novamente o governo do Estado, mas coloca uma condi\u00e7\u00e3o clara: precisa de um presidenci\u00e1vel forte para chamar de seu.<\/p>\n\n\n\n<p>C\u00e1lculos pol\u00edticos se intensificam. Neto v\u00ea em Tarc\u00edsio o \u00fanico nome capaz de unificar os governadores da direita entre eles Ronaldo Caiado (UB), Romeu Zema (Novo) e Ratinho Jr. (PSD). Peso econ\u00f4mico e eleitoral de S\u00e3o Paulo tamb\u00e9m impulsiona a prefer\u00eancia do baiano.<\/p>\n\n\n\n<p>Avalia\u00e7\u00f5es internas apontam para um cen\u00e1rio decisivo. Para ter chances reais na Bahia, ACM Neto quer romper uma \u201cmaldi\u00e7\u00e3o pol\u00edtica\u201d: candidatos s\u00f3 conseguem chegar ao Pal\u00e1cio de Ondina quando se alinham a nomes fortes da disputa presidencial. O PT venceu repetidas vezes usando essa engrenagem desde a elei\u00e7\u00e3o de Jaques Wagner, apoiado por Lula.<\/p>\n\n\n\n<p>Derrota de 2022 segue como alerta. Neto optou por n\u00e3o se associar a Bolsonaro naquela campanha, contrariou sua base e acabou isolado do movimento nacional. Muitos aliados insistem que a aus\u00eancia desse elo foi o fator decisivo para a vit\u00f3ria de Jer\u00f4nimo Rodrigues.<\/p>\n\n\n\n<p>Tabuleiro agora est\u00e1 mais aberto. Com novos nomes na direita e no centro-direita, e com Tarc\u00edsio despontando como potencial unificador, Neto enxerga a chance de reconstruir seu caminho. Ele aposta que uma chapa nacional competitiva pode redefinir o mapa pol\u00edtico da Bahia em 2026.<\/p>\n","protected":false},"excerpt":{"rendered":"<p>Oposi\u00e7\u00e3o nacional come\u00e7a a enxergar em Tarc\u00edsio de Freitas o nome capaz de enfrentar Lula nas elei\u00e7\u00f5es de 2026. Governador de S\u00e3o Paulo sinalizou aos aliados que est\u00e1 disposto a entrar na disputa pela Presid\u00eancia, desde que receba uma garantia direta do ex-presidente Jair Bolsonaro: nenhum familiar do l\u00edder do PL poder\u00e1 ser lan\u00e7ado candidato no mesmo campo pol\u00edtico. Movimenta\u00e7\u00f5es internas ganham for\u00e7a. Tarc\u00edsio sabe que enfrenta um risco alto ao abandonar uma reelei\u00e7\u00e3o praticamente assegurada em S\u00e3o Paulo. Ele tamb\u00e9m teme ser atingido por uma candidatura concorrente da pr\u00f3pria direita caso Bolsonaro n\u00e3o consiga controlar os planos da fam\u00edlia. Tens\u00e3o aumentou com a possibilidade de o ex-presidente enfrentar nova batalha judicial e at\u00e9 risco de pris\u00e3o. Mensagem chegou \u00e0 Bahia. ACM Neto recebeu sinaliza\u00e7\u00f5es de que Tarc\u00edsio pode realmente entrar no jogo nacional. Ex-prefeito de Salvador, principal lideran\u00e7a da oposi\u00e7\u00e3o ao PT na Bahia, admite disputar novamente o governo do Estado, mas coloca uma condi\u00e7\u00e3o clara: precisa de um presidenci\u00e1vel forte para chamar de seu. C\u00e1lculos pol\u00edticos se intensificam. Neto v\u00ea em Tarc\u00edsio o \u00fanico nome capaz de unificar os governadores da direita entre eles Ronaldo Caiado (UB), Romeu Zema (Novo) e Ratinho Jr. (PSD). Peso econ\u00f4mico e eleitoral de S\u00e3o Paulo tamb\u00e9m impulsiona a prefer\u00eancia do baiano. Avalia\u00e7\u00f5es internas apontam para um cen\u00e1rio decisivo. Para ter chances reais na Bahia, ACM Neto quer romper uma \u201cmaldi\u00e7\u00e3o pol\u00edtica\u201d: candidatos s\u00f3 conseguem chegar ao Pal\u00e1cio de Ondina quando se alinham a nomes fortes da disputa presidencial. O PT venceu repetidas vezes usando essa engrenagem desde a elei\u00e7\u00e3o de Jaques Wagner, apoiado por Lula. Derrota de 2022 segue como alerta. Neto optou por n\u00e3o se associar a Bolsonaro naquela campanha, contrariou sua base e acabou isolado do movimento nacional. Muitos aliados insistem que a aus\u00eancia desse elo foi o fator decisivo para a vit\u00f3ria de Jer\u00f4nimo Rodrigues. Tabuleiro agora est\u00e1 mais aberto. Com novos nomes na direita e no centro-direita, e com Tarc\u00edsio despontando como potencial unificador, Neto enxerga a chance de reconstruir seu caminho. Ele aposta que uma chapa nacional competitiva pode redefinir o mapa pol\u00edtico da Bahia em 2026.<\/p>\n","protected":false},"author":2,"featured_media":3107,"comment_status":"open","ping_status":"open","sticky":false,"template":"","format":"standard","meta":{"footnotes":""},"categories":[7,53,4,58,6],"tags":[],"class_list":["post-3102","post","type-post","status-publish","format-standard","has-post-thumbnail","hentry","category-bahia","category-brasil","category-cidades","category-eleicoes-2026","category-politica"],"yoast_head":"<!-- This site is optimized with the Yoast SEO plugin v26.5 - https:\/\/yoast.com\/wordpress\/plugins\/seo\/ -->\n<title>Tarc\u00edsio avan\u00e7a e ACM Neto se anima: oposi\u00e7\u00e3o esbo\u00e7a chapa para 2026 - Sudoesteacontece<\/title>\n<meta name=\"robots\" content=\"index, follow, max-snippet:-1, max-image-preview:large, max-video-preview:-1\" \/>\n<link rel=\"canonical\" href=\"https:\/\/sudoesteacontece.com.br\/?p=3102\" \/>\n<meta property=\"og:locale\" content=\"pt_BR\" \/>\n<meta property=\"og:type\" content=\"article\" \/>\n<meta property=\"og:title\" content=\"Tarc\u00edsio avan\u00e7a e ACM Neto se anima: oposi\u00e7\u00e3o esbo\u00e7a chapa para 2026 - Sudoesteacontece\" \/>\n<meta property=\"og:description\" content=\"Oposi\u00e7\u00e3o nacional come\u00e7a a enxergar em Tarc\u00edsio de Freitas o nome capaz de enfrentar Lula nas elei\u00e7\u00f5es de 2026. Governador de S\u00e3o Paulo sinalizou aos aliados que est\u00e1 disposto a entrar na disputa pela Presid\u00eancia, desde que receba uma garantia direta do ex-presidente Jair Bolsonaro: nenhum familiar do l\u00edder do PL poder\u00e1 ser lan\u00e7ado candidato no mesmo campo pol\u00edtico. Movimenta\u00e7\u00f5es internas ganham for\u00e7a. Tarc\u00edsio sabe que enfrenta um risco alto ao abandonar uma reelei\u00e7\u00e3o praticamente assegurada em S\u00e3o Paulo. Ele tamb\u00e9m teme ser atingido por uma candidatura concorrente da pr\u00f3pria direita caso Bolsonaro n\u00e3o consiga controlar os planos da fam\u00edlia. Tens\u00e3o aumentou com a possibilidade de o ex-presidente enfrentar nova batalha judicial e at\u00e9 risco de pris\u00e3o. Mensagem chegou \u00e0 Bahia. ACM Neto recebeu sinaliza\u00e7\u00f5es de que Tarc\u00edsio pode realmente entrar no jogo nacional. Ex-prefeito de Salvador, principal lideran\u00e7a da oposi\u00e7\u00e3o ao PT na Bahia, admite disputar novamente o governo do Estado, mas coloca uma condi\u00e7\u00e3o clara: precisa de um presidenci\u00e1vel forte para chamar de seu. C\u00e1lculos pol\u00edticos se intensificam. Neto v\u00ea em Tarc\u00edsio o \u00fanico nome capaz de unificar os governadores da direita entre eles Ronaldo Caiado (UB), Romeu Zema (Novo) e Ratinho Jr. (PSD). Peso econ\u00f4mico e eleitoral de S\u00e3o Paulo tamb\u00e9m impulsiona a prefer\u00eancia do baiano. Avalia\u00e7\u00f5es internas apontam para um cen\u00e1rio decisivo. Para ter chances reais na Bahia, ACM Neto quer romper uma \u201cmaldi\u00e7\u00e3o pol\u00edtica\u201d: candidatos s\u00f3 conseguem chegar ao Pal\u00e1cio de Ondina quando se alinham a nomes fortes da disputa presidencial. O PT venceu repetidas vezes usando essa engrenagem desde a elei\u00e7\u00e3o de Jaques Wagner, apoiado por Lula. Derrota de 2022 segue como alerta. Neto optou por n\u00e3o se associar a Bolsonaro naquela campanha, contrariou sua base e acabou isolado do movimento nacional. Muitos aliados insistem que a aus\u00eancia desse elo foi o fator decisivo para a vit\u00f3ria de Jer\u00f4nimo Rodrigues. Tabuleiro agora est\u00e1 mais aberto. Com novos nomes na direita e no centro-direita, e com Tarc\u00edsio despontando como potencial unificador, Neto enxerga a chance de reconstruir seu caminho. Ele aposta que uma chapa nacional competitiva pode redefinir o mapa pol\u00edtico da Bahia em 2026.\" \/>\n<meta property=\"og:url\" content=\"https:\/\/sudoesteacontece.com.br\/?p=3102\" \/>\n<meta property=\"og:site_name\" content=\"Sudoesteacontece\" \/>\n<meta property=\"article:publisher\" content=\"https:\/\/www.facebook.com\/sudoesteacontece\/?locale=pt_BR\" \/>\n<meta property=\"article:published_time\" content=\"2025-11-20T13:34:08+00:00\" \/>\n<meta property=\"article:modified_time\" content=\"2025-11-20T13:34:10+00:00\" \/>\n<meta property=\"og:image\" content=\"https:\/\/sudoesteacontece.com.br\/wp-content\/uploads\/2025\/11\/Tarcisio-avanca-e-ACM-Neto-se-anima-oposicao-esboca-chapa-para-2026-sudoeste-acontece.jpg\" \/>\n\t<meta property=\"og:image:width\" content=\"900\" \/>\n\t<meta property=\"og:image:height\" content=\"600\" \/>\n\t<meta property=\"og:image:type\" content=\"image\/jpeg\" \/>\n<meta name=\"author\" content=\"Washington Tiago\" \/>\n<meta name=\"twitter:card\" content=\"summary_large_image\" \/>\n<meta name=\"twitter:label1\" content=\"Escrito por\" \/>\n\t<meta name=\"twitter:data1\" content=\"Washington Tiago\" \/>\n\t<meta name=\"twitter:label2\" content=\"Est. tempo de leitura\" \/>\n\t<meta name=\"twitter:data2\" content=\"2 minutos\" \/>\n<script type=\"application\/ld+json\" class=\"yoast-schema-graph\">{\"@context\":\"https:\/\/schema.org\",\"@graph\":[{\"@type\":\"Article\",\"@id\":\"https:\/\/sudoesteacontece.com.br\/?p=3102#article\",\"isPartOf\":{\"@id\":\"https:\/\/sudoesteacontece.com.br\/?p=3102\"},\"author\":{\"name\":\"Washington Tiago\",\"@id\":\"https:\/\/sudoesteacontece.com.br\/#\/schema\/person\/3cf2cf009926a9683ebc29d5379fa79c\"},\"headline\":\"Tarc\u00edsio avan\u00e7a e ACM Neto se anima: oposi\u00e7\u00e3o esbo\u00e7a chapa para 2026\",\"datePublished\":\"2025-11-20T13:34:08+00:00\",\"dateModified\":\"2025-11-20T13:34:10+00:00\",\"mainEntityOfPage\":{\"@id\":\"https:\/\/sudoesteacontece.com.br\/?p=3102\"},\"wordCount\":406,\"commentCount\":0,\"publisher\":{\"@id\":\"https:\/\/sudoesteacontece.com.br\/#organization\"},\"image\":{\"@id\":\"https:\/\/sudoesteacontece.com.br\/?p=3102#primaryimage\"},\"thumbnailUrl\":\"https:\/\/sudoesteacontece.com.br\/wp-content\/uploads\/2025\/11\/Tarcisio-avanca-e-ACM-Neto-se-anima-oposicao-esboca-chapa-para-2026-sudoeste-acontece.jpg\",\"articleSection\":[\"Bahia\",\"Brasil\",\"Cidades\",\"Elei\u00e7\u00f5es 2026\",\"Pol\u00edtica\"],\"inLanguage\":\"pt-BR\",\"potentialAction\":[{\"@type\":\"CommentAction\",\"name\":\"Comment\",\"target\":[\"https:\/\/sudoesteacontece.com.br\/?p=3102#respond\"]}]},{\"@type\":\"WebPage\",\"@id\":\"https:\/\/sudoesteacontece.com.br\/?p=3102\",\"url\":\"https:\/\/sudoesteacontece.com.br\/?p=3102\",\"name\":\"Tarc\u00edsio avan\u00e7a e ACM Neto se anima: oposi\u00e7\u00e3o esbo\u00e7a chapa para 2026 - Sudoesteacontece\",\"isPartOf\":{\"@id\":\"https:\/\/sudoesteacontece.com.br\/#website\"},\"primaryImageOfPage\":{\"@id\":\"https:\/\/sudoesteacontece.com.br\/?p=3102#primaryimage\"},\"image\":{\"@id\":\"https:\/\/sudoesteacontece.com.br\/?p=3102#primaryimage\"},\"thumbnailUrl\":\"https:\/\/sudoesteacontece.com.br\/wp-content\/uploads\/2025\/11\/Tarcisio-avanca-e-ACM-Neto-se-anima-oposicao-esboca-chapa-para-2026-sudoeste-acontece.jpg\",\"datePublished\":\"2025-11-20T13:34:08+00:00\",\"dateModified\":\"2025-11-20T13:34:10+00:00\",\"breadcrumb\":{\"@id\":\"https:\/\/sudoesteacontece.com.br\/?p=3102#breadcrumb\"},\"inLanguage\":\"pt-BR\",\"potentialAction\":[{\"@type\":\"ReadAction\",\"target\":[\"https:\/\/sudoesteacontece.com.br\/?p=3102\"]}]},{\"@type\":\"ImageObject\",\"inLanguage\":\"pt-BR\",\"@id\":\"https:\/\/sudoesteacontece.com.br\/?p=3102#primaryimage\",\"url\":\"https:\/\/sudoesteacontece.com.br\/wp-content\/uploads\/2025\/11\/Tarcisio-avanca-e-ACM-Neto-se-anima-oposicao-esboca-chapa-para-2026-sudoeste-acontece.jpg\",\"contentUrl\":\"https:\/\/sudoesteacontece.com.br\/wp-content\/uploads\/2025\/11\/Tarcisio-avanca-e-ACM-Neto-se-anima-oposicao-esboca-chapa-para-2026-sudoeste-acontece.jpg\",\"width\":900,\"height\":600},{\"@type\":\"BreadcrumbList\",\"@id\":\"https:\/\/sudoesteacontece.com.br\/?p=3102#breadcrumb\",\"itemListElement\":[{\"@type\":\"ListItem\",\"position\":1,\"name\":\"In\u00edcio\",\"item\":\"https:\/\/sudoesteacontece.com.br\/\"},{\"@type\":\"ListItem\",\"position\":2,\"name\":\"Tarc\u00edsio avan\u00e7a e ACM Neto se anima: oposi\u00e7\u00e3o esbo\u00e7a chapa para 2026\"}]},{\"@type\":\"WebSite\",\"@id\":\"https:\/\/sudoesteacontece.com.br\/#website\",\"url\":\"https:\/\/sudoesteacontece.com.br\/\",\"name\":\"Sudoesteacontece\",\"description\":\"\",\"publisher\":{\"@id\":\"https:\/\/sudoesteacontece.com.br\/#organization\"},\"potentialAction\":[{\"@type\":\"SearchAction\",\"target\":{\"@type\":\"EntryPoint\",\"urlTemplate\":\"https:\/\/sudoesteacontece.com.br\/?s={search_term_string}\"},\"query-input\":{\"@type\":\"PropertyValueSpecification\",\"valueRequired\":true,\"valueName\":\"search_term_string\"}}],\"inLanguage\":\"pt-BR\"},{\"@type\":\"Organization\",\"@id\":\"https:\/\/sudoesteacontece.com.br\/#organization\",\"name\":\"Sudoesteacontece\",\"url\":\"https:\/\/sudoesteacontece.com.br\/\",\"logo\":{\"@type\":\"ImageObject\",\"inLanguage\":\"pt-BR\",\"@id\":\"https:\/\/sudoesteacontece.com.br\/#\/schema\/logo\/image\/\",\"url\":\"https:\/\/sudoesteacontece.com.br\/wp-content\/uploads\/2025\/12\/cropped-logo-2-180x180-1.png\",\"contentUrl\":\"https:\/\/sudoesteacontece.com.br\/wp-content\/uploads\/2025\/12\/cropped-logo-2-180x180-1.png\",\"width\":180,\"height\":180,\"caption\":\"Sudoesteacontece\"},\"image\":{\"@id\":\"https:\/\/sudoesteacontece.com.br\/#\/schema\/logo\/image\/\"},\"sameAs\":[\"https:\/\/www.facebook.com\/sudoesteacontece\/?locale=pt_BR\"]},{\"@type\":\"Person\",\"@id\":\"https:\/\/sudoesteacontece.com.br\/#\/schema\/person\/3cf2cf009926a9683ebc29d5379fa79c\",\"name\":\"Washington Tiago\",\"image\":{\"@type\":\"ImageObject\",\"inLanguage\":\"pt-BR\",\"@id\":\"https:\/\/sudoesteacontece.com.br\/#\/schema\/person\/image\/\",\"url\":\"https:\/\/secure.gravatar.com\/avatar\/33c43b8668157e040f9d1fe93c354bf087cbd8ba36270c1163198bd3ddcf2a56?s=96&d=mm&r=g\",\"contentUrl\":\"https:\/\/secure.gravatar.com\/avatar\/33c43b8668157e040f9d1fe93c354bf087cbd8ba36270c1163198bd3ddcf2a56?s=96&d=mm&r=g\",\"caption\":\"Washington Tiago\"},\"url\":\"https:\/\/sudoesteacontece.com.br\/?author=2\"}]}<\/script>\n<!-- \/ Yoast SEO plugin. -->","yoast_head_json":{"title":"Tarc\u00edsio avan\u00e7a e ACM Neto se anima: oposi\u00e7\u00e3o esbo\u00e7a chapa para 2026 - Sudoesteacontece","robots":{"index":"index","follow":"follow","max-snippet":"max-snippet:-1","max-image-preview":"max-image-preview:large","max-video-preview":"max-video-preview:-1"},"canonical":"https:\/\/sudoesteacontece.com.br\/?p=3102","og_locale":"pt_BR","og_type":"article","og_title":"Tarc\u00edsio avan\u00e7a e ACM Neto se anima: oposi\u00e7\u00e3o esbo\u00e7a chapa para 2026 - Sudoesteacontece","og_description":"Oposi\u00e7\u00e3o nacional come\u00e7a a enxergar em Tarc\u00edsio de Freitas o nome capaz de enfrentar Lula nas elei\u00e7\u00f5es de 2026. Governador de S\u00e3o Paulo sinalizou aos aliados que est\u00e1 disposto a entrar na disputa pela Presid\u00eancia, desde que receba uma garantia direta do ex-presidente Jair Bolsonaro: nenhum familiar do l\u00edder do PL poder\u00e1 ser lan\u00e7ado candidato no mesmo campo pol\u00edtico. Movimenta\u00e7\u00f5es internas ganham for\u00e7a. Tarc\u00edsio sabe que enfrenta um risco alto ao abandonar uma reelei\u00e7\u00e3o praticamente assegurada em S\u00e3o Paulo. Ele tamb\u00e9m teme ser atingido por uma candidatura concorrente da pr\u00f3pria direita caso Bolsonaro n\u00e3o consiga controlar os planos da fam\u00edlia. Tens\u00e3o aumentou com a possibilidade de o ex-presidente enfrentar nova batalha judicial e at\u00e9 risco de pris\u00e3o. Mensagem chegou \u00e0 Bahia. ACM Neto recebeu sinaliza\u00e7\u00f5es de que Tarc\u00edsio pode realmente entrar no jogo nacional. Ex-prefeito de Salvador, principal lideran\u00e7a da oposi\u00e7\u00e3o ao PT na Bahia, admite disputar novamente o governo do Estado, mas coloca uma condi\u00e7\u00e3o clara: precisa de um presidenci\u00e1vel forte para chamar de seu. C\u00e1lculos pol\u00edticos se intensificam. Neto v\u00ea em Tarc\u00edsio o \u00fanico nome capaz de unificar os governadores da direita entre eles Ronaldo Caiado (UB), Romeu Zema (Novo) e Ratinho Jr. (PSD). Peso econ\u00f4mico e eleitoral de S\u00e3o Paulo tamb\u00e9m impulsiona a prefer\u00eancia do baiano. Avalia\u00e7\u00f5es internas apontam para um cen\u00e1rio decisivo. Para ter chances reais na Bahia, ACM Neto quer romper uma \u201cmaldi\u00e7\u00e3o pol\u00edtica\u201d: candidatos s\u00f3 conseguem chegar ao Pal\u00e1cio de Ondina quando se alinham a nomes fortes da disputa presidencial. O PT venceu repetidas vezes usando essa engrenagem desde a elei\u00e7\u00e3o de Jaques Wagner, apoiado por Lula. Derrota de 2022 segue como alerta. Neto optou por n\u00e3o se associar a Bolsonaro naquela campanha, contrariou sua base e acabou isolado do movimento nacional. Muitos aliados insistem que a aus\u00eancia desse elo foi o fator decisivo para a vit\u00f3ria de Jer\u00f4nimo Rodrigues. Tabuleiro agora est\u00e1 mais aberto. Com novos nomes na direita e no centro-direita, e com Tarc\u00edsio despontando como potencial unificador, Neto enxerga a chance de reconstruir seu caminho. Ele aposta que uma chapa nacional competitiva pode redefinir o mapa pol\u00edtico da Bahia em 2026.","og_url":"https:\/\/sudoesteacontece.com.br\/?p=3102","og_site_name":"Sudoesteacontece","article_publisher":"https:\/\/www.facebook.com\/sudoesteacontece\/?locale=pt_BR","article_published_time":"2025-11-20T13:34:08+00:00","article_modified_time":"2025-11-20T13:34:10+00:00","og_image":[{"width":900,"height":600,"url":"https:\/\/sudoesteacontece.com.br\/wp-content\/uploads\/2025\/11\/Tarcisio-avanca-e-ACM-Neto-se-anima-oposicao-esboca-chapa-para-2026-sudoeste-acontece.jpg","type":"image\/jpeg"}],"author":"Washington Tiago","twitter_card":"summary_large_image","twitter_misc":{"Escrito por":"Washington Tiago","Est. tempo de leitura":"2 minutos"},"schema":{"@context":"https:\/\/schema.org","@graph":[{"@type":"Article","@id":"https:\/\/sudoesteacontece.com.br\/?p=3102#article","isPartOf":{"@id":"https:\/\/sudoesteacontece.com.br\/?p=3102"},"author":{"name":"Washington Tiago","@id":"https:\/\/sudoesteacontece.com.br\/#\/schema\/person\/3cf2cf009926a9683ebc29d5379fa79c"},"headline":"Tarc\u00edsio avan\u00e7a e ACM Neto se anima: oposi\u00e7\u00e3o esbo\u00e7a chapa para 2026","datePublished":"2025-11-20T13:34:08+00:00","dateModified":"2025-11-20T13:34:10+00:00","mainEntityOfPage":{"@id":"https:\/\/sudoesteacontece.com.br\/?p=3102"},"wordCount":406,"commentCount":0,"publisher":{"@id":"https:\/\/sudoesteacontece.com.br\/#organization"},"image":{"@id":"https:\/\/sudoesteacontece.com.br\/?p=3102#primaryimage"},"thumbnailUrl":"https:\/\/sudoesteacontece.com.br\/wp-content\/uploads\/2025\/11\/Tarcisio-avanca-e-ACM-Neto-se-anima-oposicao-esboca-chapa-para-2026-sudoeste-acontece.jpg","articleSection":["Bahia","Brasil","Cidades","Elei\u00e7\u00f5es 2026","Pol\u00edtica"],"inLanguage":"pt-BR","potentialAction":[{"@type":"CommentAction","name":"Comment","target":["https:\/\/sudoesteacontece.com.br\/?p=3102#respond"]}]},{"@type":"WebPage","@id":"https:\/\/sudoesteacontece.com.br\/?p=3102","url":"https:\/\/sudoesteacontece.com.br\/?p=3102","name":"Tarc\u00edsio avan\u00e7a e ACM Neto se anima: oposi\u00e7\u00e3o esbo\u00e7a chapa para 2026 - Sudoesteacontece","isPartOf":{"@id":"https:\/\/sudoesteacontece.com.br\/#website"},"primaryImageOfPage":{"@id":"https:\/\/sudoesteacontece.com.br\/?p=3102#primaryimage"},"image":{"@id":"https:\/\/sudoesteacontece.com.br\/?p=3102#primaryimage"},"thumbnailUrl":"https:\/\/sudoesteacontece.com.br\/wp-content\/uploads\/2025\/11\/Tarcisio-avanca-e-ACM-Neto-se-anima-oposicao-esboca-chapa-para-2026-sudoeste-acontece.jpg","datePublished":"2025-11-20T13:34:08+00:00","dateModified":"2025-11-20T13:34:10+00:00","breadcrumb":{"@id":"https:\/\/sudoesteacontece.com.br\/?p=3102#breadcrumb"},"inLanguage":"pt-BR","potentialAction":[{"@type":"ReadAction","target":["https:\/\/sudoesteacontece.com.br\/?p=3102"]}]},{"@type":"ImageObject","inLanguage":"pt-BR","@id":"https:\/\/sudoesteacontece.com.br\/?p=3102#primaryimage","url":"https:\/\/sudoesteacontece.com.br\/wp-content\/uploads\/2025\/11\/Tarcisio-avanca-e-ACM-Neto-se-anima-oposicao-esboca-chapa-para-2026-sudoeste-acontece.jpg","contentUrl":"https:\/\/sudoesteacontece.com.br\/wp-content\/uploads\/2025\/11\/Tarcisio-avanca-e-ACM-Neto-se-anima-oposicao-esboca-chapa-para-2026-sudoeste-acontece.jpg","width":900,"height":600},{"@type":"BreadcrumbList","@id":"https:\/\/sudoesteacontece.com.br\/?p=3102#breadcrumb","itemListElement":[{"@type":"ListItem","position":1,"name":"In\u00edcio","item":"https:\/\/sudoesteacontece.com.br\/"},{"@type":"ListItem","position":2,"name":"Tarc\u00edsio avan\u00e7a e ACM Neto se anima: oposi\u00e7\u00e3o esbo\u00e7a chapa para 2026"}]},{"@type":"WebSite","@id":"https:\/\/sudoesteacontece.com.br\/#website","url":"https:\/\/sudoesteacontece.com.br\/","name":"Sudoesteacontece","description":"","publisher":{"@id":"https:\/\/sudoesteacontece.com.br\/#organization"},"potentialAction":[{"@type":"SearchAction","target":{"@type":"EntryPoint","urlTemplate":"https:\/\/sudoesteacontece.com.br\/?s={search_term_string}"},"query-input":{"@type":"PropertyValueSpecification","valueRequired":true,"valueName":"search_term_string"}}],"inLanguage":"pt-BR"},{"@type":"Organization","@id":"https:\/\/sudoesteacontece.com.br\/#organization","name":"Sudoesteacontece","url":"https:\/\/sudoesteacontece.com.br\/","logo":{"@type":"ImageObject","inLanguage":"pt-BR","@id":"https:\/\/sudoesteacontece.com.br\/#\/schema\/logo\/image\/","url":"https:\/\/sudoesteacontece.com.br\/wp-content\/uploads\/2025\/12\/cropped-logo-2-180x180-1.png","contentUrl":"https:\/\/sudoesteacontece.com.br\/wp-content\/uploads\/2025\/12\/cropped-logo-2-180x180-1.png","width":180,"height":180,"caption":"Sudoesteacontece"},"image":{"@id":"https:\/\/sudoesteacontece.com.br\/#\/schema\/logo\/image\/"},"sameAs":["https:\/\/www.facebook.com\/sudoesteacontece\/?locale=pt_BR"]},{"@type":"Person","@id":"https:\/\/sudoesteacontece.com.br\/#\/schema\/person\/3cf2cf009926a9683ebc29d5379fa79c","name":"Washington Tiago","image":{"@type":"ImageObject","inLanguage":"pt-BR","@id":"https:\/\/sudoesteacontece.com.br\/#\/schema\/person\/image\/","url":"https:\/\/secure.gravatar.com\/avatar\/33c43b8668157e040f9d1fe93c354bf087cbd8ba36270c1163198bd3ddcf2a56?s=96&d=mm&r=g","contentUrl":"https:\/\/secure.gravatar.com\/avatar\/33c43b8668157e040f9d1fe93c354bf087cbd8ba36270c1163198bd3ddcf2a56?s=96&d=mm&r=g","caption":"Washington Tiago"},"url":"https:\/\/sudoesteacontece.com.br\/?author=2"}]}},"_links":{"self":[{"href":"https:\/\/sudoesteacontece.com.br\/index.php?rest_route=\/wp\/v2\/posts\/3102","targetHints":{"allow":["GET"]}}],"collection":[{"href":"https:\/\/sudoesteacontece.com.br\/index.php?rest_route=\/wp\/v2\/posts"}],"about":[{"href":"https:\/\/sudoesteacontece.com.br\/index.php?rest_route=\/wp\/v2\/types\/post"}],"author":[{"embeddable":true,"href":"https:\/\/sudoesteacontece.com.br\/index.php?rest_route=\/wp\/v2\/users\/2"}],"replies":[{"embeddable":true,"href":"https:\/\/sudoesteacontece.com.br\/index.php?rest_route=%2Fwp%2Fv2%2Fcomments&post=3102"}],"version-history":[{"count":0,"href":"https:\/\/sudoesteacontece.com.br\/index.php?rest_route=\/wp\/v2\/posts\/3102\/revisions"}],"wp:featuredmedia":[{"embeddable":true,"href":"https:\/\/sudoesteacontece.com.br\/index.php?rest_route=\/wp\/v2\/media\/3107"}],"wp:attachment":[{"href":"https:\/\/sudoesteacontece.com.br\/index.php?rest_route=%2Fwp%2Fv2%2Fmedia&parent=3102"}],"wp:term":[{"taxonomy":"category","embeddable":true,"href":"https:\/\/sudoesteacontece.com.br\/index.php?rest_route=%2Fwp%2Fv2%2Fcategories&post=3102"},{"taxonomy":"post_tag","embeddable":true,"href":"https:\/\/sudoesteacontece.com.br\/index.php?rest_route=%2Fwp%2Fv2%2Ftags&post=3102"}],"curies":[{"name":"wp","href":"https:\/\/api.w.org\/{rel}","templated":true}]}}