{"id":3251,"date":"2025-11-22T08:35:26","date_gmt":"2025-11-22T11:35:26","guid":{"rendered":"https:\/\/sudoesteacontece.com.br\/?p=3251"},"modified":"2025-11-22T08:35:27","modified_gmt":"2025-11-22T11:35:27","slug":"vigilia-convocada-por-aliados-e-risco-de-tumulto-levam-stf-a-ordenar-prisao-de-bolsonaro","status":"publish","type":"post","link":"https:\/\/sudoesteacontece.com.br\/?p=3251","title":{"rendered":"Vig\u00edlia convocada por aliados e risco de tumulto levam STF a ordenar pris\u00e3o de Bolsonaro"},"content":{"rendered":"<div class=\"wp-block-image\">\n<figure class=\"aligncenter size-full\"><img fetchpriority=\"high\" decoding=\"async\" width=\"900\" height=\"600\" src=\"http:\/\/sudoesteacontece.com.br\/wp-content\/uploads\/2025\/11\/Vigilia-convocada-por-aliados-e-risco-de-tumulto-levam-STF-a-ordenar-prisao-de-Bolsonaro-sudoeste-acontece.jpg\" alt=\"\" class=\"wp-image-3252\" srcset=\"https:\/\/sudoesteacontece.com.br\/wp-content\/uploads\/2025\/11\/Vigilia-convocada-por-aliados-e-risco-de-tumulto-levam-STF-a-ordenar-prisao-de-Bolsonaro-sudoeste-acontece.jpg 900w, https:\/\/sudoesteacontece.com.br\/wp-content\/uploads\/2025\/11\/Vigilia-convocada-por-aliados-e-risco-de-tumulto-levam-STF-a-ordenar-prisao-de-Bolsonaro-sudoeste-acontece-300x200.jpg 300w, https:\/\/sudoesteacontece.com.br\/wp-content\/uploads\/2025\/11\/Vigilia-convocada-por-aliados-e-risco-de-tumulto-levam-STF-a-ordenar-prisao-de-Bolsonaro-sudoeste-acontece-768x512.jpg 768w\" sizes=\"(max-width: 900px) 100vw, 900px\" \/><\/figure>\n<\/div>\n\n\n<p>Pol\u00edcia Federal prendeu preventivamente Jair Bolsonaro neste s\u00e1bado (22) ap\u00f3s o Supremo Tribunal Federal (STF) apontar risco \u00e0 ordem p\u00fablica causado por convoca\u00e7\u00f5es de vig\u00edlias e aglomera\u00e7\u00f5es em frente \u00e0 casa do ex-presidente. Chamados para permanecer no local, feitos por aliados e refor\u00e7ados pelo senador Fl\u00e1vio Bolsonaro (PL-RJ), acenderam o alerta da PF sobre poss\u00edveis tumultos e amea\u00e7as \u00e0 seguran\u00e7a p\u00fablica.<\/p>\n\n\n\n<p>Investigadores afirmaram que as mobiliza\u00e7\u00f5es criavam risco para Bolsonaro e para terceiros, al\u00e9m de alimentar movimentos que poderiam interferir nas investiga\u00e7\u00f5es. Fl\u00e1vio Bolsonaro intensificou a convoca\u00e7\u00e3o ao citar textos b\u00edblicos e pedir vig\u00edlia permanente em defesa da liberdade do pai, o que elevou a tens\u00e3o entre autoridades.<\/p>\n\n\n\n<p>Fatores externos ampliaram a preocupa\u00e7\u00e3o, incluindo a fuga do deputado Alexandre Ramagem (PL-RJ). A PF considerou o epis\u00f3dio como mais um sinal de aliados deixando o pa\u00eds para evitar decis\u00f5es judiciais. Hist\u00f3rico recente do ex-presidente tamb\u00e9m pesou. Bolsonaro j\u00e1 havia buscado abrigo na Embaixada da Turquia durante outra fase da investiga\u00e7\u00e3o, o que refor\u00e7ou o risco de fuga.<\/p>\n\n\n\n<p>Mandado foi cumprido no in\u00edcio da manh\u00e3. Policiais federais levaram Bolsonaro para a Superintend\u00eancia da PF em Bras\u00edlia, onde ele reside. Cen\u00e1rio jur\u00eddico de Bolsonaro continua grave. O ex-presidente foi condenado a 27 anos de pris\u00e3o por tentativa de golpe de Estado, organiza\u00e7\u00e3o criminosa e outros crimes ligados ao 8 de Janeiro.<\/p>\n\n\n\n<p>Ordem do STF destacou que a pris\u00e3o preventiva era necess\u00e1ria para evitar novas mobiliza\u00e7\u00f5es e poss\u00edveis interfer\u00eancias no curso das investiga\u00e7\u00f5es. Bras\u00edlia segue em clima tenso enquanto aliados discutem pr\u00f3ximos passos pol\u00edticos e jur\u00eddicos.<\/p>\n","protected":false},"excerpt":{"rendered":"<p>Pol\u00edcia Federal prendeu preventivamente Jair Bolsonaro neste s\u00e1bado (22) ap\u00f3s o Supremo Tribunal Federal (STF) apontar risco \u00e0 ordem p\u00fablica causado por convoca\u00e7\u00f5es de vig\u00edlias e aglomera\u00e7\u00f5es em frente \u00e0 casa do ex-presidente. Chamados para permanecer no local, feitos por aliados e refor\u00e7ados pelo senador Fl\u00e1vio Bolsonaro (PL-RJ), acenderam o alerta da PF sobre poss\u00edveis tumultos e amea\u00e7as \u00e0 seguran\u00e7a p\u00fablica. Investigadores afirmaram que as mobiliza\u00e7\u00f5es criavam risco para Bolsonaro e para terceiros, al\u00e9m de alimentar movimentos que poderiam interferir nas investiga\u00e7\u00f5es. Fl\u00e1vio Bolsonaro intensificou a convoca\u00e7\u00e3o ao citar textos b\u00edblicos e pedir vig\u00edlia permanente em defesa da liberdade do pai, o que elevou a tens\u00e3o entre autoridades. Fatores externos ampliaram a preocupa\u00e7\u00e3o, incluindo a fuga do deputado Alexandre Ramagem (PL-RJ). A PF considerou o epis\u00f3dio como mais um sinal de aliados deixando o pa\u00eds para evitar decis\u00f5es judiciais. Hist\u00f3rico recente do ex-presidente tamb\u00e9m pesou. Bolsonaro j\u00e1 havia buscado abrigo na Embaixada da Turquia durante outra fase da investiga\u00e7\u00e3o, o que refor\u00e7ou o risco de fuga. Mandado foi cumprido no in\u00edcio da manh\u00e3. Policiais federais levaram Bolsonaro para a Superintend\u00eancia da PF em Bras\u00edlia, onde ele reside. Cen\u00e1rio jur\u00eddico de Bolsonaro continua grave. O ex-presidente foi condenado a 27 anos de pris\u00e3o por tentativa de golpe de Estado, organiza\u00e7\u00e3o criminosa e outros crimes ligados ao 8 de Janeiro. Ordem do STF destacou que a pris\u00e3o preventiva era necess\u00e1ria para evitar novas mobiliza\u00e7\u00f5es e poss\u00edveis interfer\u00eancias no curso das investiga\u00e7\u00f5es. Bras\u00edlia segue em clima tenso enquanto aliados discutem pr\u00f3ximos passos pol\u00edticos e jur\u00eddicos.<\/p>\n","protected":false},"author":2,"featured_media":3252,"comment_status":"open","ping_status":"open","sticky":false,"template":"","format":"standard","meta":{"footnotes":""},"categories":[53,58,13,6],"tags":[],"class_list":["post-3251","post","type-post","status-publish","format-standard","has-post-thumbnail","hentry","category-brasil","category-eleicoes-2026","category-justica","category-politica"],"yoast_head":"<!-- This site is optimized with the Yoast SEO plugin v26.5 - https:\/\/yoast.com\/wordpress\/plugins\/seo\/ -->\n<title>Vig\u00edlia convocada por aliados e risco de tumulto levam STF a ordenar pris\u00e3o de Bolsonaro - Sudoesteacontece<\/title>\n<meta name=\"robots\" content=\"index, follow, max-snippet:-1, max-image-preview:large, max-video-preview:-1\" \/>\n<link rel=\"canonical\" href=\"https:\/\/sudoesteacontece.com.br\/?p=3251\" \/>\n<meta property=\"og:locale\" content=\"pt_BR\" \/>\n<meta property=\"og:type\" content=\"article\" \/>\n<meta property=\"og:title\" content=\"Vig\u00edlia convocada por aliados e risco de tumulto levam STF a ordenar pris\u00e3o de Bolsonaro - Sudoesteacontece\" \/>\n<meta property=\"og:description\" content=\"Pol\u00edcia Federal prendeu preventivamente Jair Bolsonaro neste s\u00e1bado (22) ap\u00f3s o Supremo Tribunal Federal (STF) apontar risco \u00e0 ordem p\u00fablica causado por convoca\u00e7\u00f5es de vig\u00edlias e aglomera\u00e7\u00f5es em frente \u00e0 casa do ex-presidente. Chamados para permanecer no local, feitos por aliados e refor\u00e7ados pelo senador Fl\u00e1vio Bolsonaro (PL-RJ), acenderam o alerta da PF sobre poss\u00edveis tumultos e amea\u00e7as \u00e0 seguran\u00e7a p\u00fablica. Investigadores afirmaram que as mobiliza\u00e7\u00f5es criavam risco para Bolsonaro e para terceiros, al\u00e9m de alimentar movimentos que poderiam interferir nas investiga\u00e7\u00f5es. Fl\u00e1vio Bolsonaro intensificou a convoca\u00e7\u00e3o ao citar textos b\u00edblicos e pedir vig\u00edlia permanente em defesa da liberdade do pai, o que elevou a tens\u00e3o entre autoridades. Fatores externos ampliaram a preocupa\u00e7\u00e3o, incluindo a fuga do deputado Alexandre Ramagem (PL-RJ). A PF considerou o epis\u00f3dio como mais um sinal de aliados deixando o pa\u00eds para evitar decis\u00f5es judiciais. Hist\u00f3rico recente do ex-presidente tamb\u00e9m pesou. Bolsonaro j\u00e1 havia buscado abrigo na Embaixada da Turquia durante outra fase da investiga\u00e7\u00e3o, o que refor\u00e7ou o risco de fuga. Mandado foi cumprido no in\u00edcio da manh\u00e3. Policiais federais levaram Bolsonaro para a Superintend\u00eancia da PF em Bras\u00edlia, onde ele reside. Cen\u00e1rio jur\u00eddico de Bolsonaro continua grave. O ex-presidente foi condenado a 27 anos de pris\u00e3o por tentativa de golpe de Estado, organiza\u00e7\u00e3o criminosa e outros crimes ligados ao 8 de Janeiro. Ordem do STF destacou que a pris\u00e3o preventiva era necess\u00e1ria para evitar novas mobiliza\u00e7\u00f5es e poss\u00edveis interfer\u00eancias no curso das investiga\u00e7\u00f5es. Bras\u00edlia segue em clima tenso enquanto aliados discutem pr\u00f3ximos passos pol\u00edticos e jur\u00eddicos.\" \/>\n<meta property=\"og:url\" content=\"https:\/\/sudoesteacontece.com.br\/?p=3251\" \/>\n<meta property=\"og:site_name\" content=\"Sudoesteacontece\" \/>\n<meta property=\"article:publisher\" content=\"https:\/\/www.facebook.com\/sudoesteacontece\/?locale=pt_BR\" \/>\n<meta property=\"article:published_time\" content=\"2025-11-22T11:35:26+00:00\" \/>\n<meta property=\"article:modified_time\" content=\"2025-11-22T11:35:27+00:00\" \/>\n<meta property=\"og:image\" content=\"https:\/\/sudoesteacontece.com.br\/wp-content\/uploads\/2025\/11\/Vigilia-convocada-por-aliados-e-risco-de-tumulto-levam-STF-a-ordenar-prisao-de-Bolsonaro-sudoeste-acontece.jpg\" \/>\n\t<meta property=\"og:image:width\" content=\"900\" \/>\n\t<meta property=\"og:image:height\" content=\"600\" \/>\n\t<meta property=\"og:image:type\" content=\"image\/jpeg\" \/>\n<meta name=\"author\" content=\"Washington Tiago\" \/>\n<meta name=\"twitter:card\" content=\"summary_large_image\" \/>\n<meta name=\"twitter:label1\" content=\"Escrito por\" \/>\n\t<meta name=\"twitter:data1\" content=\"Washington Tiago\" \/>\n\t<meta name=\"twitter:label2\" content=\"Est. tempo de leitura\" \/>\n\t<meta name=\"twitter:data2\" content=\"1 minuto\" \/>\n<script type=\"application\/ld+json\" class=\"yoast-schema-graph\">{\"@context\":\"https:\/\/schema.org\",\"@graph\":[{\"@type\":\"Article\",\"@id\":\"https:\/\/sudoesteacontece.com.br\/?p=3251#article\",\"isPartOf\":{\"@id\":\"https:\/\/sudoesteacontece.com.br\/?p=3251\"},\"author\":{\"name\":\"Washington Tiago\",\"@id\":\"https:\/\/sudoesteacontece.com.br\/#\/schema\/person\/3cf2cf009926a9683ebc29d5379fa79c\"},\"headline\":\"Vig\u00edlia convocada por aliados e risco de tumulto levam STF a ordenar pris\u00e3o de Bolsonaro\",\"datePublished\":\"2025-11-22T11:35:26+00:00\",\"dateModified\":\"2025-11-22T11:35:27+00:00\",\"mainEntityOfPage\":{\"@id\":\"https:\/\/sudoesteacontece.com.br\/?p=3251\"},\"wordCount\":309,\"commentCount\":0,\"publisher\":{\"@id\":\"https:\/\/sudoesteacontece.com.br\/#organization\"},\"image\":{\"@id\":\"https:\/\/sudoesteacontece.com.br\/?p=3251#primaryimage\"},\"thumbnailUrl\":\"https:\/\/sudoesteacontece.com.br\/wp-content\/uploads\/2025\/11\/Vigilia-convocada-por-aliados-e-risco-de-tumulto-levam-STF-a-ordenar-prisao-de-Bolsonaro-sudoeste-acontece.jpg\",\"articleSection\":[\"Brasil\",\"Elei\u00e7\u00f5es 2026\",\"Justi\u00e7a\",\"Pol\u00edtica\"],\"inLanguage\":\"pt-BR\",\"potentialAction\":[{\"@type\":\"CommentAction\",\"name\":\"Comment\",\"target\":[\"https:\/\/sudoesteacontece.com.br\/?p=3251#respond\"]}]},{\"@type\":\"WebPage\",\"@id\":\"https:\/\/sudoesteacontece.com.br\/?p=3251\",\"url\":\"https:\/\/sudoesteacontece.com.br\/?p=3251\",\"name\":\"Vig\u00edlia convocada por aliados e risco de tumulto levam STF a ordenar pris\u00e3o de Bolsonaro - Sudoesteacontece\",\"isPartOf\":{\"@id\":\"https:\/\/sudoesteacontece.com.br\/#website\"},\"primaryImageOfPage\":{\"@id\":\"https:\/\/sudoesteacontece.com.br\/?p=3251#primaryimage\"},\"image\":{\"@id\":\"https:\/\/sudoesteacontece.com.br\/?p=3251#primaryimage\"},\"thumbnailUrl\":\"https:\/\/sudoesteacontece.com.br\/wp-content\/uploads\/2025\/11\/Vigilia-convocada-por-aliados-e-risco-de-tumulto-levam-STF-a-ordenar-prisao-de-Bolsonaro-sudoeste-acontece.jpg\",\"datePublished\":\"2025-11-22T11:35:26+00:00\",\"dateModified\":\"2025-11-22T11:35:27+00:00\",\"breadcrumb\":{\"@id\":\"https:\/\/sudoesteacontece.com.br\/?p=3251#breadcrumb\"},\"inLanguage\":\"pt-BR\",\"potentialAction\":[{\"@type\":\"ReadAction\",\"target\":[\"https:\/\/sudoesteacontece.com.br\/?p=3251\"]}]},{\"@type\":\"ImageObject\",\"inLanguage\":\"pt-BR\",\"@id\":\"https:\/\/sudoesteacontece.com.br\/?p=3251#primaryimage\",\"url\":\"https:\/\/sudoesteacontece.com.br\/wp-content\/uploads\/2025\/11\/Vigilia-convocada-por-aliados-e-risco-de-tumulto-levam-STF-a-ordenar-prisao-de-Bolsonaro-sudoeste-acontece.jpg\",\"contentUrl\":\"https:\/\/sudoesteacontece.com.br\/wp-content\/uploads\/2025\/11\/Vigilia-convocada-por-aliados-e-risco-de-tumulto-levam-STF-a-ordenar-prisao-de-Bolsonaro-sudoeste-acontece.jpg\",\"width\":900,\"height\":600},{\"@type\":\"BreadcrumbList\",\"@id\":\"https:\/\/sudoesteacontece.com.br\/?p=3251#breadcrumb\",\"itemListElement\":[{\"@type\":\"ListItem\",\"position\":1,\"name\":\"In\u00edcio\",\"item\":\"https:\/\/sudoesteacontece.com.br\/\"},{\"@type\":\"ListItem\",\"position\":2,\"name\":\"Vig\u00edlia convocada por aliados e risco de tumulto levam STF a ordenar pris\u00e3o de Bolsonaro\"}]},{\"@type\":\"WebSite\",\"@id\":\"https:\/\/sudoesteacontece.com.br\/#website\",\"url\":\"https:\/\/sudoesteacontece.com.br\/\",\"name\":\"Sudoesteacontece\",\"description\":\"\",\"publisher\":{\"@id\":\"https:\/\/sudoesteacontece.com.br\/#organization\"},\"potentialAction\":[{\"@type\":\"SearchAction\",\"target\":{\"@type\":\"EntryPoint\",\"urlTemplate\":\"https:\/\/sudoesteacontece.com.br\/?s={search_term_string}\"},\"query-input\":{\"@type\":\"PropertyValueSpecification\",\"valueRequired\":true,\"valueName\":\"search_term_string\"}}],\"inLanguage\":\"pt-BR\"},{\"@type\":\"Organization\",\"@id\":\"https:\/\/sudoesteacontece.com.br\/#organization\",\"name\":\"Sudoesteacontece\",\"url\":\"https:\/\/sudoesteacontece.com.br\/\",\"logo\":{\"@type\":\"ImageObject\",\"inLanguage\":\"pt-BR\",\"@id\":\"https:\/\/sudoesteacontece.com.br\/#\/schema\/logo\/image\/\",\"url\":\"https:\/\/sudoesteacontece.com.br\/wp-content\/uploads\/2025\/12\/cropped-logo-2-180x180-1.png\",\"contentUrl\":\"https:\/\/sudoesteacontece.com.br\/wp-content\/uploads\/2025\/12\/cropped-logo-2-180x180-1.png\",\"width\":180,\"height\":180,\"caption\":\"Sudoesteacontece\"},\"image\":{\"@id\":\"https:\/\/sudoesteacontece.com.br\/#\/schema\/logo\/image\/\"},\"sameAs\":[\"https:\/\/www.facebook.com\/sudoesteacontece\/?locale=pt_BR\"]},{\"@type\":\"Person\",\"@id\":\"https:\/\/sudoesteacontece.com.br\/#\/schema\/person\/3cf2cf009926a9683ebc29d5379fa79c\",\"name\":\"Washington Tiago\",\"image\":{\"@type\":\"ImageObject\",\"inLanguage\":\"pt-BR\",\"@id\":\"https:\/\/sudoesteacontece.com.br\/#\/schema\/person\/image\/\",\"url\":\"https:\/\/secure.gravatar.com\/avatar\/33c43b8668157e040f9d1fe93c354bf087cbd8ba36270c1163198bd3ddcf2a56?s=96&d=mm&r=g\",\"contentUrl\":\"https:\/\/secure.gravatar.com\/avatar\/33c43b8668157e040f9d1fe93c354bf087cbd8ba36270c1163198bd3ddcf2a56?s=96&d=mm&r=g\",\"caption\":\"Washington Tiago\"},\"url\":\"https:\/\/sudoesteacontece.com.br\/?author=2\"}]}<\/script>\n<!-- \/ Yoast SEO plugin. -->","yoast_head_json":{"title":"Vig\u00edlia convocada por aliados e risco de tumulto levam STF a ordenar pris\u00e3o de Bolsonaro - Sudoesteacontece","robots":{"index":"index","follow":"follow","max-snippet":"max-snippet:-1","max-image-preview":"max-image-preview:large","max-video-preview":"max-video-preview:-1"},"canonical":"https:\/\/sudoesteacontece.com.br\/?p=3251","og_locale":"pt_BR","og_type":"article","og_title":"Vig\u00edlia convocada por aliados e risco de tumulto levam STF a ordenar pris\u00e3o de Bolsonaro - Sudoesteacontece","og_description":"Pol\u00edcia Federal prendeu preventivamente Jair Bolsonaro neste s\u00e1bado (22) ap\u00f3s o Supremo Tribunal Federal (STF) apontar risco \u00e0 ordem p\u00fablica causado por convoca\u00e7\u00f5es de vig\u00edlias e aglomera\u00e7\u00f5es em frente \u00e0 casa do ex-presidente. Chamados para permanecer no local, feitos por aliados e refor\u00e7ados pelo senador Fl\u00e1vio Bolsonaro (PL-RJ), acenderam o alerta da PF sobre poss\u00edveis tumultos e amea\u00e7as \u00e0 seguran\u00e7a p\u00fablica. Investigadores afirmaram que as mobiliza\u00e7\u00f5es criavam risco para Bolsonaro e para terceiros, al\u00e9m de alimentar movimentos que poderiam interferir nas investiga\u00e7\u00f5es. Fl\u00e1vio Bolsonaro intensificou a convoca\u00e7\u00e3o ao citar textos b\u00edblicos e pedir vig\u00edlia permanente em defesa da liberdade do pai, o que elevou a tens\u00e3o entre autoridades. Fatores externos ampliaram a preocupa\u00e7\u00e3o, incluindo a fuga do deputado Alexandre Ramagem (PL-RJ). A PF considerou o epis\u00f3dio como mais um sinal de aliados deixando o pa\u00eds para evitar decis\u00f5es judiciais. Hist\u00f3rico recente do ex-presidente tamb\u00e9m pesou. Bolsonaro j\u00e1 havia buscado abrigo na Embaixada da Turquia durante outra fase da investiga\u00e7\u00e3o, o que refor\u00e7ou o risco de fuga. Mandado foi cumprido no in\u00edcio da manh\u00e3. Policiais federais levaram Bolsonaro para a Superintend\u00eancia da PF em Bras\u00edlia, onde ele reside. Cen\u00e1rio jur\u00eddico de Bolsonaro continua grave. O ex-presidente foi condenado a 27 anos de pris\u00e3o por tentativa de golpe de Estado, organiza\u00e7\u00e3o criminosa e outros crimes ligados ao 8 de Janeiro. Ordem do STF destacou que a pris\u00e3o preventiva era necess\u00e1ria para evitar novas mobiliza\u00e7\u00f5es e poss\u00edveis interfer\u00eancias no curso das investiga\u00e7\u00f5es. Bras\u00edlia segue em clima tenso enquanto aliados discutem pr\u00f3ximos passos pol\u00edticos e jur\u00eddicos.","og_url":"https:\/\/sudoesteacontece.com.br\/?p=3251","og_site_name":"Sudoesteacontece","article_publisher":"https:\/\/www.facebook.com\/sudoesteacontece\/?locale=pt_BR","article_published_time":"2025-11-22T11:35:26+00:00","article_modified_time":"2025-11-22T11:35:27+00:00","og_image":[{"width":900,"height":600,"url":"https:\/\/sudoesteacontece.com.br\/wp-content\/uploads\/2025\/11\/Vigilia-convocada-por-aliados-e-risco-de-tumulto-levam-STF-a-ordenar-prisao-de-Bolsonaro-sudoeste-acontece.jpg","type":"image\/jpeg"}],"author":"Washington Tiago","twitter_card":"summary_large_image","twitter_misc":{"Escrito por":"Washington Tiago","Est. tempo de leitura":"1 minuto"},"schema":{"@context":"https:\/\/schema.org","@graph":[{"@type":"Article","@id":"https:\/\/sudoesteacontece.com.br\/?p=3251#article","isPartOf":{"@id":"https:\/\/sudoesteacontece.com.br\/?p=3251"},"author":{"name":"Washington Tiago","@id":"https:\/\/sudoesteacontece.com.br\/#\/schema\/person\/3cf2cf009926a9683ebc29d5379fa79c"},"headline":"Vig\u00edlia convocada por aliados e risco de tumulto levam STF a ordenar pris\u00e3o de Bolsonaro","datePublished":"2025-11-22T11:35:26+00:00","dateModified":"2025-11-22T11:35:27+00:00","mainEntityOfPage":{"@id":"https:\/\/sudoesteacontece.com.br\/?p=3251"},"wordCount":309,"commentCount":0,"publisher":{"@id":"https:\/\/sudoesteacontece.com.br\/#organization"},"image":{"@id":"https:\/\/sudoesteacontece.com.br\/?p=3251#primaryimage"},"thumbnailUrl":"https:\/\/sudoesteacontece.com.br\/wp-content\/uploads\/2025\/11\/Vigilia-convocada-por-aliados-e-risco-de-tumulto-levam-STF-a-ordenar-prisao-de-Bolsonaro-sudoeste-acontece.jpg","articleSection":["Brasil","Elei\u00e7\u00f5es 2026","Justi\u00e7a","Pol\u00edtica"],"inLanguage":"pt-BR","potentialAction":[{"@type":"CommentAction","name":"Comment","target":["https:\/\/sudoesteacontece.com.br\/?p=3251#respond"]}]},{"@type":"WebPage","@id":"https:\/\/sudoesteacontece.com.br\/?p=3251","url":"https:\/\/sudoesteacontece.com.br\/?p=3251","name":"Vig\u00edlia convocada por aliados e risco de tumulto levam STF a ordenar pris\u00e3o de Bolsonaro - Sudoesteacontece","isPartOf":{"@id":"https:\/\/sudoesteacontece.com.br\/#website"},"primaryImageOfPage":{"@id":"https:\/\/sudoesteacontece.com.br\/?p=3251#primaryimage"},"image":{"@id":"https:\/\/sudoesteacontece.com.br\/?p=3251#primaryimage"},"thumbnailUrl":"https:\/\/sudoesteacontece.com.br\/wp-content\/uploads\/2025\/11\/Vigilia-convocada-por-aliados-e-risco-de-tumulto-levam-STF-a-ordenar-prisao-de-Bolsonaro-sudoeste-acontece.jpg","datePublished":"2025-11-22T11:35:26+00:00","dateModified":"2025-11-22T11:35:27+00:00","breadcrumb":{"@id":"https:\/\/sudoesteacontece.com.br\/?p=3251#breadcrumb"},"inLanguage":"pt-BR","potentialAction":[{"@type":"ReadAction","target":["https:\/\/sudoesteacontece.com.br\/?p=3251"]}]},{"@type":"ImageObject","inLanguage":"pt-BR","@id":"https:\/\/sudoesteacontece.com.br\/?p=3251#primaryimage","url":"https:\/\/sudoesteacontece.com.br\/wp-content\/uploads\/2025\/11\/Vigilia-convocada-por-aliados-e-risco-de-tumulto-levam-STF-a-ordenar-prisao-de-Bolsonaro-sudoeste-acontece.jpg","contentUrl":"https:\/\/sudoesteacontece.com.br\/wp-content\/uploads\/2025\/11\/Vigilia-convocada-por-aliados-e-risco-de-tumulto-levam-STF-a-ordenar-prisao-de-Bolsonaro-sudoeste-acontece.jpg","width":900,"height":600},{"@type":"BreadcrumbList","@id":"https:\/\/sudoesteacontece.com.br\/?p=3251#breadcrumb","itemListElement":[{"@type":"ListItem","position":1,"name":"In\u00edcio","item":"https:\/\/sudoesteacontece.com.br\/"},{"@type":"ListItem","position":2,"name":"Vig\u00edlia convocada por aliados e risco de tumulto levam STF a ordenar pris\u00e3o de Bolsonaro"}]},{"@type":"WebSite","@id":"https:\/\/sudoesteacontece.com.br\/#website","url":"https:\/\/sudoesteacontece.com.br\/","name":"Sudoesteacontece","description":"","publisher":{"@id":"https:\/\/sudoesteacontece.com.br\/#organization"},"potentialAction":[{"@type":"SearchAction","target":{"@type":"EntryPoint","urlTemplate":"https:\/\/sudoesteacontece.com.br\/?s={search_term_string}"},"query-input":{"@type":"PropertyValueSpecification","valueRequired":true,"valueName":"search_term_string"}}],"inLanguage":"pt-BR"},{"@type":"Organization","@id":"https:\/\/sudoesteacontece.com.br\/#organization","name":"Sudoesteacontece","url":"https:\/\/sudoesteacontece.com.br\/","logo":{"@type":"ImageObject","inLanguage":"pt-BR","@id":"https:\/\/sudoesteacontece.com.br\/#\/schema\/logo\/image\/","url":"https:\/\/sudoesteacontece.com.br\/wp-content\/uploads\/2025\/12\/cropped-logo-2-180x180-1.png","contentUrl":"https:\/\/sudoesteacontece.com.br\/wp-content\/uploads\/2025\/12\/cropped-logo-2-180x180-1.png","width":180,"height":180,"caption":"Sudoesteacontece"},"image":{"@id":"https:\/\/sudoesteacontece.com.br\/#\/schema\/logo\/image\/"},"sameAs":["https:\/\/www.facebook.com\/sudoesteacontece\/?locale=pt_BR"]},{"@type":"Person","@id":"https:\/\/sudoesteacontece.com.br\/#\/schema\/person\/3cf2cf009926a9683ebc29d5379fa79c","name":"Washington Tiago","image":{"@type":"ImageObject","inLanguage":"pt-BR","@id":"https:\/\/sudoesteacontece.com.br\/#\/schema\/person\/image\/","url":"https:\/\/secure.gravatar.com\/avatar\/33c43b8668157e040f9d1fe93c354bf087cbd8ba36270c1163198bd3ddcf2a56?s=96&d=mm&r=g","contentUrl":"https:\/\/secure.gravatar.com\/avatar\/33c43b8668157e040f9d1fe93c354bf087cbd8ba36270c1163198bd3ddcf2a56?s=96&d=mm&r=g","caption":"Washington Tiago"},"url":"https:\/\/sudoesteacontece.com.br\/?author=2"}]}},"_links":{"self":[{"href":"https:\/\/sudoesteacontece.com.br\/index.php?rest_route=\/wp\/v2\/posts\/3251","targetHints":{"allow":["GET"]}}],"collection":[{"href":"https:\/\/sudoesteacontece.com.br\/index.php?rest_route=\/wp\/v2\/posts"}],"about":[{"href":"https:\/\/sudoesteacontece.com.br\/index.php?rest_route=\/wp\/v2\/types\/post"}],"author":[{"embeddable":true,"href":"https:\/\/sudoesteacontece.com.br\/index.php?rest_route=\/wp\/v2\/users\/2"}],"replies":[{"embeddable":true,"href":"https:\/\/sudoesteacontece.com.br\/index.php?rest_route=%2Fwp%2Fv2%2Fcomments&post=3251"}],"version-history":[{"count":0,"href":"https:\/\/sudoesteacontece.com.br\/index.php?rest_route=\/wp\/v2\/posts\/3251\/revisions"}],"wp:featuredmedia":[{"embeddable":true,"href":"https:\/\/sudoesteacontece.com.br\/index.php?rest_route=\/wp\/v2\/media\/3252"}],"wp:attachment":[{"href":"https:\/\/sudoesteacontece.com.br\/index.php?rest_route=%2Fwp%2Fv2%2Fmedia&parent=3251"}],"wp:term":[{"taxonomy":"category","embeddable":true,"href":"https:\/\/sudoesteacontece.com.br\/index.php?rest_route=%2Fwp%2Fv2%2Fcategories&post=3251"},{"taxonomy":"post_tag","embeddable":true,"href":"https:\/\/sudoesteacontece.com.br\/index.php?rest_route=%2Fwp%2Fv2%2Ftags&post=3251"}],"curies":[{"name":"wp","href":"https:\/\/api.w.org\/{rel}","templated":true}]}}