{"id":3256,"date":"2025-11-22T08:50:57","date_gmt":"2025-11-22T11:50:57","guid":{"rendered":"https:\/\/sudoesteacontece.com.br\/?p=3256"},"modified":"2025-11-22T08:50:58","modified_gmt":"2025-11-22T11:50:58","slug":"lider-do-pl-na-camara-diz-que-prisao-de-bolsonaro-e-a-maior-perseguicao-politica-da-historia-do-brasil","status":"publish","type":"post","link":"https:\/\/sudoesteacontece.com.br\/?p=3256","title":{"rendered":"L\u00edder do PL na C\u00e2mara diz que pris\u00e3o de Bolsonaro \u00e9 \u201ca maior persegui\u00e7\u00e3o pol\u00edtica da hist\u00f3ria do Brasil\u201d"},"content":{"rendered":"<div class=\"wp-block-image\">\n<figure class=\"aligncenter size-full\"><img fetchpriority=\"high\" decoding=\"async\" width=\"1024\" height=\"768\" src=\"http:\/\/sudoesteacontece.com.br\/wp-content\/uploads\/2025\/11\/Lider-do-PL-na-Camara-diz-que-prisao-de-Bolsonaro-e-a-maior-perseguicao-politica-da-historia-do-Brasil-sudoeste-acontece.jpg\" alt=\"\" class=\"wp-image-3257\" srcset=\"https:\/\/sudoesteacontece.com.br\/wp-content\/uploads\/2025\/11\/Lider-do-PL-na-Camara-diz-que-prisao-de-Bolsonaro-e-a-maior-perseguicao-politica-da-historia-do-Brasil-sudoeste-acontece.jpg 1024w, https:\/\/sudoesteacontece.com.br\/wp-content\/uploads\/2025\/11\/Lider-do-PL-na-Camara-diz-que-prisao-de-Bolsonaro-e-a-maior-perseguicao-politica-da-historia-do-Brasil-sudoeste-acontece-300x225.jpg 300w, https:\/\/sudoesteacontece.com.br\/wp-content\/uploads\/2025\/11\/Lider-do-PL-na-Camara-diz-que-prisao-de-Bolsonaro-e-a-maior-perseguicao-politica-da-historia-do-Brasil-sudoeste-acontece-768x576.jpg 768w\" sizes=\"(max-width: 1024px) 100vw, 1024px\" \/><\/figure>\n<\/div>\n\n\n<p>O l\u00edder do PL na C\u00e2mara, deputado federal S\u00f3stenes Cavalcante (PL-RJ), afirmou neste s\u00e1bado que a pris\u00e3o preventiva do ex-presidente Jair Bolsonaro representa \u201ca maior persegui\u00e7\u00e3o pol\u00edtica da hist\u00f3ria do Brasil\u201d. A declara\u00e7\u00e3o foi dada poucas horas ap\u00f3s a decis\u00e3o do Supremo Tribunal Federal que determinou a deten\u00e7\u00e3o do ex-presidente.<\/p>\n\n\n\n<p>Segundo S\u00f3stenes, a medida n\u00e3o tem \u201cqualquer justificativa plaus\u00edvel\u201d e revela um \u201ccen\u00e1rio alarmante de judicializa\u00e7\u00e3o da pol\u00edtica e criminaliza\u00e7\u00e3o da oposi\u00e7\u00e3o\u201d. \u201cEstamos diante de uma virada perigosa. O que ocorreu hoje n\u00e3o guarda paralelo nem nos momentos mais tensos do pa\u00eds. A pris\u00e3o de Bolsonaro n\u00e3o \u00e9 jur\u00eddica, \u00e9 pol\u00edtica\u201d, disse o parlamentar.<\/p>\n\n\n\n<p>S\u00f3stenes afirmou que a bancada do partido est\u00e1 mobilizada e que ir\u00e1 acionar diversos mecanismos institucionais no Parlamento e no Judici\u00e1rio. Ele classificou a decis\u00e3o como \u201cinaceit\u00e1vel\u201d e disse que o PL \u201cn\u00e3o assistir\u00e1 calado ao avan\u00e7o do autoritarismo\u201d.<\/p>\n\n\n\n<p>\u201cO Brasil est\u00e1 testemunhando um ataque direto ao maior l\u00edder pol\u00edtico da direita contempor\u00e2nea. \u00c9 um movimento calculado para destruir Bolsonaro e intimidar milh\u00f5es de brasileiros que pensam diferente\u201d, declarou. Em tom contundente, S\u00f3stenes acusou ministros do Supremo de extrapolar suas prerrogativas e usar a \u201cgarantia da ordem p\u00fablica\u201d como justificativa artificial.<\/p>\n\n\n\n<p>\u201c\u00c9 preciso coragem para dizer o \u00f3bvio: o Supremo tem interferido de forma abusiva. Esta decis\u00e3o abre um precedente grav\u00edssimo, que amea\u00e7a qualquer cidad\u00e3o que resolva fazer oposi\u00e7\u00e3o ao governo\u201d, afirmou.<\/p>\n\n\n\n<p>Nos bastidores, parlamentares do PL e legendas aliadas se articulam para coordenar uma rea\u00e7\u00e3o pol\u00edtica em n\u00edvel nacional. S\u00f3stenes disse que a milit\u00e2ncia est\u00e1 \u201cindignada, mas tranquila\u201d, e refor\u00e7ou que eventuais manifesta\u00e7\u00f5es devem ser \u201cpac\u00edficas e respons\u00e1veis\u201d.<\/p>\n\n\n\n<p>O deputado tamb\u00e9m anunciou que o PL divulgar\u00e1 um manifesto denunciando o que classifica como \u201cpersegui\u00e7\u00e3o escancarada\u201d contra o ex-presidente. \u201cN\u00e3o estamos diante de um caso jur\u00eddico, mas de um cap\u00edtulo triste da nossa democracia. A hist\u00f3ria far\u00e1 justi\u00e7a\u201d, completou.<\/p>\n\n\n\n<p><\/p>\n\n\n\n<p><\/p>\n","protected":false},"excerpt":{"rendered":"<p>O l\u00edder do PL na C\u00e2mara, deputado federal S\u00f3stenes Cavalcante (PL-RJ), afirmou neste s\u00e1bado que a pris\u00e3o preventiva do ex-presidente Jair Bolsonaro representa \u201ca maior persegui\u00e7\u00e3o pol\u00edtica da hist\u00f3ria do Brasil\u201d. A declara\u00e7\u00e3o foi dada poucas horas ap\u00f3s a decis\u00e3o do Supremo Tribunal Federal que determinou a deten\u00e7\u00e3o do ex-presidente. Segundo S\u00f3stenes, a medida n\u00e3o tem \u201cqualquer justificativa plaus\u00edvel\u201d e revela um \u201ccen\u00e1rio alarmante de judicializa\u00e7\u00e3o da pol\u00edtica e criminaliza\u00e7\u00e3o da oposi\u00e7\u00e3o\u201d. \u201cEstamos diante de uma virada perigosa. O que ocorreu hoje n\u00e3o guarda paralelo nem nos momentos mais tensos do pa\u00eds. A pris\u00e3o de Bolsonaro n\u00e3o \u00e9 jur\u00eddica, \u00e9 pol\u00edtica\u201d, disse o parlamentar. S\u00f3stenes afirmou que a bancada do partido est\u00e1 mobilizada e que ir\u00e1 acionar diversos mecanismos institucionais no Parlamento e no Judici\u00e1rio. Ele classificou a decis\u00e3o como \u201cinaceit\u00e1vel\u201d e disse que o PL \u201cn\u00e3o assistir\u00e1 calado ao avan\u00e7o do autoritarismo\u201d. \u201cO Brasil est\u00e1 testemunhando um ataque direto ao maior l\u00edder pol\u00edtico da direita contempor\u00e2nea. \u00c9 um movimento calculado para destruir Bolsonaro e intimidar milh\u00f5es de brasileiros que pensam diferente\u201d, declarou. Em tom contundente, S\u00f3stenes acusou ministros do Supremo de extrapolar suas prerrogativas e usar a \u201cgarantia da ordem p\u00fablica\u201d como justificativa artificial. \u201c\u00c9 preciso coragem para dizer o \u00f3bvio: o Supremo tem interferido de forma abusiva. Esta decis\u00e3o abre um precedente grav\u00edssimo, que amea\u00e7a qualquer cidad\u00e3o que resolva fazer oposi\u00e7\u00e3o ao governo\u201d, afirmou. Nos bastidores, parlamentares do PL e legendas aliadas se articulam para coordenar uma rea\u00e7\u00e3o pol\u00edtica em n\u00edvel nacional. S\u00f3stenes disse que a milit\u00e2ncia est\u00e1 \u201cindignada, mas tranquila\u201d, e refor\u00e7ou que eventuais manifesta\u00e7\u00f5es devem ser \u201cpac\u00edficas e respons\u00e1veis\u201d. O deputado tamb\u00e9m anunciou que o PL divulgar\u00e1 um manifesto denunciando o que classifica como \u201cpersegui\u00e7\u00e3o escancarada\u201d contra o ex-presidente. \u201cN\u00e3o estamos diante de um caso jur\u00eddico, mas de um cap\u00edtulo triste da nossa democracia. A hist\u00f3ria far\u00e1 justi\u00e7a\u201d, completou.<\/p>\n","protected":false},"author":2,"featured_media":3257,"comment_status":"open","ping_status":"open","sticky":false,"template":"","format":"standard","meta":{"footnotes":""},"categories":[53,58,13,6],"tags":[],"class_list":["post-3256","post","type-post","status-publish","format-standard","has-post-thumbnail","hentry","category-brasil","category-eleicoes-2026","category-justica","category-politica"],"yoast_head":"<!-- This site is optimized with the Yoast SEO plugin v26.5 - https:\/\/yoast.com\/wordpress\/plugins\/seo\/ -->\n<title>L\u00edder do PL na C\u00e2mara diz que pris\u00e3o de Bolsonaro \u00e9 \u201ca maior persegui\u00e7\u00e3o pol\u00edtica da hist\u00f3ria do Brasil\u201d - Sudoesteacontece<\/title>\n<meta name=\"robots\" content=\"index, follow, max-snippet:-1, max-image-preview:large, max-video-preview:-1\" \/>\n<link rel=\"canonical\" href=\"https:\/\/sudoesteacontece.com.br\/?p=3256\" \/>\n<meta property=\"og:locale\" content=\"pt_BR\" \/>\n<meta property=\"og:type\" content=\"article\" \/>\n<meta property=\"og:title\" content=\"L\u00edder do PL na C\u00e2mara diz que pris\u00e3o de Bolsonaro \u00e9 \u201ca maior persegui\u00e7\u00e3o pol\u00edtica da hist\u00f3ria do Brasil\u201d - Sudoesteacontece\" \/>\n<meta property=\"og:description\" content=\"O l\u00edder do PL na C\u00e2mara, deputado federal S\u00f3stenes Cavalcante (PL-RJ), afirmou neste s\u00e1bado que a pris\u00e3o preventiva do ex-presidente Jair Bolsonaro representa \u201ca maior persegui\u00e7\u00e3o pol\u00edtica da hist\u00f3ria do Brasil\u201d. A declara\u00e7\u00e3o foi dada poucas horas ap\u00f3s a decis\u00e3o do Supremo Tribunal Federal que determinou a deten\u00e7\u00e3o do ex-presidente. Segundo S\u00f3stenes, a medida n\u00e3o tem \u201cqualquer justificativa plaus\u00edvel\u201d e revela um \u201ccen\u00e1rio alarmante de judicializa\u00e7\u00e3o da pol\u00edtica e criminaliza\u00e7\u00e3o da oposi\u00e7\u00e3o\u201d. \u201cEstamos diante de uma virada perigosa. O que ocorreu hoje n\u00e3o guarda paralelo nem nos momentos mais tensos do pa\u00eds. A pris\u00e3o de Bolsonaro n\u00e3o \u00e9 jur\u00eddica, \u00e9 pol\u00edtica\u201d, disse o parlamentar. S\u00f3stenes afirmou que a bancada do partido est\u00e1 mobilizada e que ir\u00e1 acionar diversos mecanismos institucionais no Parlamento e no Judici\u00e1rio. Ele classificou a decis\u00e3o como \u201cinaceit\u00e1vel\u201d e disse que o PL \u201cn\u00e3o assistir\u00e1 calado ao avan\u00e7o do autoritarismo\u201d. \u201cO Brasil est\u00e1 testemunhando um ataque direto ao maior l\u00edder pol\u00edtico da direita contempor\u00e2nea. \u00c9 um movimento calculado para destruir Bolsonaro e intimidar milh\u00f5es de brasileiros que pensam diferente\u201d, declarou. Em tom contundente, S\u00f3stenes acusou ministros do Supremo de extrapolar suas prerrogativas e usar a \u201cgarantia da ordem p\u00fablica\u201d como justificativa artificial. \u201c\u00c9 preciso coragem para dizer o \u00f3bvio: o Supremo tem interferido de forma abusiva. Esta decis\u00e3o abre um precedente grav\u00edssimo, que amea\u00e7a qualquer cidad\u00e3o que resolva fazer oposi\u00e7\u00e3o ao governo\u201d, afirmou. Nos bastidores, parlamentares do PL e legendas aliadas se articulam para coordenar uma rea\u00e7\u00e3o pol\u00edtica em n\u00edvel nacional. S\u00f3stenes disse que a milit\u00e2ncia est\u00e1 \u201cindignada, mas tranquila\u201d, e refor\u00e7ou que eventuais manifesta\u00e7\u00f5es devem ser \u201cpac\u00edficas e respons\u00e1veis\u201d. O deputado tamb\u00e9m anunciou que o PL divulgar\u00e1 um manifesto denunciando o que classifica como \u201cpersegui\u00e7\u00e3o escancarada\u201d contra o ex-presidente. \u201cN\u00e3o estamos diante de um caso jur\u00eddico, mas de um cap\u00edtulo triste da nossa democracia. A hist\u00f3ria far\u00e1 justi\u00e7a\u201d, completou.\" \/>\n<meta property=\"og:url\" content=\"https:\/\/sudoesteacontece.com.br\/?p=3256\" \/>\n<meta property=\"og:site_name\" content=\"Sudoesteacontece\" \/>\n<meta property=\"article:publisher\" content=\"https:\/\/www.facebook.com\/sudoesteacontece\/?locale=pt_BR\" \/>\n<meta property=\"article:published_time\" content=\"2025-11-22T11:50:57+00:00\" \/>\n<meta property=\"article:modified_time\" content=\"2025-11-22T11:50:58+00:00\" \/>\n<meta property=\"og:image\" content=\"https:\/\/sudoesteacontece.com.br\/wp-content\/uploads\/2025\/11\/Lider-do-PL-na-Camara-diz-que-prisao-de-Bolsonaro-e-a-maior-perseguicao-politica-da-historia-do-Brasil-sudoeste-acontece.jpg\" \/>\n\t<meta property=\"og:image:width\" content=\"1024\" \/>\n\t<meta property=\"og:image:height\" content=\"768\" \/>\n\t<meta property=\"og:image:type\" content=\"image\/jpeg\" \/>\n<meta name=\"author\" content=\"Washington Tiago\" \/>\n<meta name=\"twitter:card\" content=\"summary_large_image\" \/>\n<meta name=\"twitter:label1\" content=\"Escrito por\" \/>\n\t<meta name=\"twitter:data1\" content=\"Washington Tiago\" \/>\n\t<meta name=\"twitter:label2\" content=\"Est. tempo de leitura\" \/>\n\t<meta name=\"twitter:data2\" content=\"2 minutos\" \/>\n<script type=\"application\/ld+json\" class=\"yoast-schema-graph\">{\"@context\":\"https:\/\/schema.org\",\"@graph\":[{\"@type\":\"Article\",\"@id\":\"https:\/\/sudoesteacontece.com.br\/?p=3256#article\",\"isPartOf\":{\"@id\":\"https:\/\/sudoesteacontece.com.br\/?p=3256\"},\"author\":{\"name\":\"Washington Tiago\",\"@id\":\"https:\/\/sudoesteacontece.com.br\/#\/schema\/person\/3cf2cf009926a9683ebc29d5379fa79c\"},\"headline\":\"L\u00edder do PL na C\u00e2mara diz que pris\u00e3o de Bolsonaro \u00e9 \u201ca maior persegui\u00e7\u00e3o pol\u00edtica da hist\u00f3ria do Brasil\u201d\",\"datePublished\":\"2025-11-22T11:50:57+00:00\",\"dateModified\":\"2025-11-22T11:50:58+00:00\",\"mainEntityOfPage\":{\"@id\":\"https:\/\/sudoesteacontece.com.br\/?p=3256\"},\"wordCount\":382,\"commentCount\":0,\"publisher\":{\"@id\":\"https:\/\/sudoesteacontece.com.br\/#organization\"},\"image\":{\"@id\":\"https:\/\/sudoesteacontece.com.br\/?p=3256#primaryimage\"},\"thumbnailUrl\":\"https:\/\/sudoesteacontece.com.br\/wp-content\/uploads\/2025\/11\/Lider-do-PL-na-Camara-diz-que-prisao-de-Bolsonaro-e-a-maior-perseguicao-politica-da-historia-do-Brasil-sudoeste-acontece.jpg\",\"articleSection\":[\"Brasil\",\"Elei\u00e7\u00f5es 2026\",\"Justi\u00e7a\",\"Pol\u00edtica\"],\"inLanguage\":\"pt-BR\",\"potentialAction\":[{\"@type\":\"CommentAction\",\"name\":\"Comment\",\"target\":[\"https:\/\/sudoesteacontece.com.br\/?p=3256#respond\"]}]},{\"@type\":\"WebPage\",\"@id\":\"https:\/\/sudoesteacontece.com.br\/?p=3256\",\"url\":\"https:\/\/sudoesteacontece.com.br\/?p=3256\",\"name\":\"L\u00edder do PL na C\u00e2mara diz que pris\u00e3o de Bolsonaro \u00e9 \u201ca maior persegui\u00e7\u00e3o pol\u00edtica da hist\u00f3ria do Brasil\u201d - Sudoesteacontece\",\"isPartOf\":{\"@id\":\"https:\/\/sudoesteacontece.com.br\/#website\"},\"primaryImageOfPage\":{\"@id\":\"https:\/\/sudoesteacontece.com.br\/?p=3256#primaryimage\"},\"image\":{\"@id\":\"https:\/\/sudoesteacontece.com.br\/?p=3256#primaryimage\"},\"thumbnailUrl\":\"https:\/\/sudoesteacontece.com.br\/wp-content\/uploads\/2025\/11\/Lider-do-PL-na-Camara-diz-que-prisao-de-Bolsonaro-e-a-maior-perseguicao-politica-da-historia-do-Brasil-sudoeste-acontece.jpg\",\"datePublished\":\"2025-11-22T11:50:57+00:00\",\"dateModified\":\"2025-11-22T11:50:58+00:00\",\"breadcrumb\":{\"@id\":\"https:\/\/sudoesteacontece.com.br\/?p=3256#breadcrumb\"},\"inLanguage\":\"pt-BR\",\"potentialAction\":[{\"@type\":\"ReadAction\",\"target\":[\"https:\/\/sudoesteacontece.com.br\/?p=3256\"]}]},{\"@type\":\"ImageObject\",\"inLanguage\":\"pt-BR\",\"@id\":\"https:\/\/sudoesteacontece.com.br\/?p=3256#primaryimage\",\"url\":\"https:\/\/sudoesteacontece.com.br\/wp-content\/uploads\/2025\/11\/Lider-do-PL-na-Camara-diz-que-prisao-de-Bolsonaro-e-a-maior-perseguicao-politica-da-historia-do-Brasil-sudoeste-acontece.jpg\",\"contentUrl\":\"https:\/\/sudoesteacontece.com.br\/wp-content\/uploads\/2025\/11\/Lider-do-PL-na-Camara-diz-que-prisao-de-Bolsonaro-e-a-maior-perseguicao-politica-da-historia-do-Brasil-sudoeste-acontece.jpg\",\"width\":1024,\"height\":768},{\"@type\":\"BreadcrumbList\",\"@id\":\"https:\/\/sudoesteacontece.com.br\/?p=3256#breadcrumb\",\"itemListElement\":[{\"@type\":\"ListItem\",\"position\":1,\"name\":\"In\u00edcio\",\"item\":\"https:\/\/sudoesteacontece.com.br\/\"},{\"@type\":\"ListItem\",\"position\":2,\"name\":\"L\u00edder do PL na C\u00e2mara diz que pris\u00e3o de Bolsonaro \u00e9 \u201ca maior persegui\u00e7\u00e3o pol\u00edtica da hist\u00f3ria do Brasil\u201d\"}]},{\"@type\":\"WebSite\",\"@id\":\"https:\/\/sudoesteacontece.com.br\/#website\",\"url\":\"https:\/\/sudoesteacontece.com.br\/\",\"name\":\"Sudoesteacontece\",\"description\":\"\",\"publisher\":{\"@id\":\"https:\/\/sudoesteacontece.com.br\/#organization\"},\"potentialAction\":[{\"@type\":\"SearchAction\",\"target\":{\"@type\":\"EntryPoint\",\"urlTemplate\":\"https:\/\/sudoesteacontece.com.br\/?s={search_term_string}\"},\"query-input\":{\"@type\":\"PropertyValueSpecification\",\"valueRequired\":true,\"valueName\":\"search_term_string\"}}],\"inLanguage\":\"pt-BR\"},{\"@type\":\"Organization\",\"@id\":\"https:\/\/sudoesteacontece.com.br\/#organization\",\"name\":\"Sudoesteacontece\",\"url\":\"https:\/\/sudoesteacontece.com.br\/\",\"logo\":{\"@type\":\"ImageObject\",\"inLanguage\":\"pt-BR\",\"@id\":\"https:\/\/sudoesteacontece.com.br\/#\/schema\/logo\/image\/\",\"url\":\"https:\/\/sudoesteacontece.com.br\/wp-content\/uploads\/2025\/12\/cropped-logo-2-180x180-1.png\",\"contentUrl\":\"https:\/\/sudoesteacontece.com.br\/wp-content\/uploads\/2025\/12\/cropped-logo-2-180x180-1.png\",\"width\":180,\"height\":180,\"caption\":\"Sudoesteacontece\"},\"image\":{\"@id\":\"https:\/\/sudoesteacontece.com.br\/#\/schema\/logo\/image\/\"},\"sameAs\":[\"https:\/\/www.facebook.com\/sudoesteacontece\/?locale=pt_BR\"]},{\"@type\":\"Person\",\"@id\":\"https:\/\/sudoesteacontece.com.br\/#\/schema\/person\/3cf2cf009926a9683ebc29d5379fa79c\",\"name\":\"Washington Tiago\",\"image\":{\"@type\":\"ImageObject\",\"inLanguage\":\"pt-BR\",\"@id\":\"https:\/\/sudoesteacontece.com.br\/#\/schema\/person\/image\/\",\"url\":\"https:\/\/secure.gravatar.com\/avatar\/33c43b8668157e040f9d1fe93c354bf087cbd8ba36270c1163198bd3ddcf2a56?s=96&d=mm&r=g\",\"contentUrl\":\"https:\/\/secure.gravatar.com\/avatar\/33c43b8668157e040f9d1fe93c354bf087cbd8ba36270c1163198bd3ddcf2a56?s=96&d=mm&r=g\",\"caption\":\"Washington Tiago\"},\"url\":\"https:\/\/sudoesteacontece.com.br\/?author=2\"}]}<\/script>\n<!-- \/ Yoast SEO plugin. -->","yoast_head_json":{"title":"L\u00edder do PL na C\u00e2mara diz que pris\u00e3o de Bolsonaro \u00e9 \u201ca maior persegui\u00e7\u00e3o pol\u00edtica da hist\u00f3ria do Brasil\u201d - Sudoesteacontece","robots":{"index":"index","follow":"follow","max-snippet":"max-snippet:-1","max-image-preview":"max-image-preview:large","max-video-preview":"max-video-preview:-1"},"canonical":"https:\/\/sudoesteacontece.com.br\/?p=3256","og_locale":"pt_BR","og_type":"article","og_title":"L\u00edder do PL na C\u00e2mara diz que pris\u00e3o de Bolsonaro \u00e9 \u201ca maior persegui\u00e7\u00e3o pol\u00edtica da hist\u00f3ria do Brasil\u201d - Sudoesteacontece","og_description":"O l\u00edder do PL na C\u00e2mara, deputado federal S\u00f3stenes Cavalcante (PL-RJ), afirmou neste s\u00e1bado que a pris\u00e3o preventiva do ex-presidente Jair Bolsonaro representa \u201ca maior persegui\u00e7\u00e3o pol\u00edtica da hist\u00f3ria do Brasil\u201d. A declara\u00e7\u00e3o foi dada poucas horas ap\u00f3s a decis\u00e3o do Supremo Tribunal Federal que determinou a deten\u00e7\u00e3o do ex-presidente. Segundo S\u00f3stenes, a medida n\u00e3o tem \u201cqualquer justificativa plaus\u00edvel\u201d e revela um \u201ccen\u00e1rio alarmante de judicializa\u00e7\u00e3o da pol\u00edtica e criminaliza\u00e7\u00e3o da oposi\u00e7\u00e3o\u201d. \u201cEstamos diante de uma virada perigosa. O que ocorreu hoje n\u00e3o guarda paralelo nem nos momentos mais tensos do pa\u00eds. A pris\u00e3o de Bolsonaro n\u00e3o \u00e9 jur\u00eddica, \u00e9 pol\u00edtica\u201d, disse o parlamentar. S\u00f3stenes afirmou que a bancada do partido est\u00e1 mobilizada e que ir\u00e1 acionar diversos mecanismos institucionais no Parlamento e no Judici\u00e1rio. Ele classificou a decis\u00e3o como \u201cinaceit\u00e1vel\u201d e disse que o PL \u201cn\u00e3o assistir\u00e1 calado ao avan\u00e7o do autoritarismo\u201d. \u201cO Brasil est\u00e1 testemunhando um ataque direto ao maior l\u00edder pol\u00edtico da direita contempor\u00e2nea. \u00c9 um movimento calculado para destruir Bolsonaro e intimidar milh\u00f5es de brasileiros que pensam diferente\u201d, declarou. Em tom contundente, S\u00f3stenes acusou ministros do Supremo de extrapolar suas prerrogativas e usar a \u201cgarantia da ordem p\u00fablica\u201d como justificativa artificial. \u201c\u00c9 preciso coragem para dizer o \u00f3bvio: o Supremo tem interferido de forma abusiva. Esta decis\u00e3o abre um precedente grav\u00edssimo, que amea\u00e7a qualquer cidad\u00e3o que resolva fazer oposi\u00e7\u00e3o ao governo\u201d, afirmou. Nos bastidores, parlamentares do PL e legendas aliadas se articulam para coordenar uma rea\u00e7\u00e3o pol\u00edtica em n\u00edvel nacional. S\u00f3stenes disse que a milit\u00e2ncia est\u00e1 \u201cindignada, mas tranquila\u201d, e refor\u00e7ou que eventuais manifesta\u00e7\u00f5es devem ser \u201cpac\u00edficas e respons\u00e1veis\u201d. O deputado tamb\u00e9m anunciou que o PL divulgar\u00e1 um manifesto denunciando o que classifica como \u201cpersegui\u00e7\u00e3o escancarada\u201d contra o ex-presidente. \u201cN\u00e3o estamos diante de um caso jur\u00eddico, mas de um cap\u00edtulo triste da nossa democracia. A hist\u00f3ria far\u00e1 justi\u00e7a\u201d, completou.","og_url":"https:\/\/sudoesteacontece.com.br\/?p=3256","og_site_name":"Sudoesteacontece","article_publisher":"https:\/\/www.facebook.com\/sudoesteacontece\/?locale=pt_BR","article_published_time":"2025-11-22T11:50:57+00:00","article_modified_time":"2025-11-22T11:50:58+00:00","og_image":[{"width":1024,"height":768,"url":"https:\/\/sudoesteacontece.com.br\/wp-content\/uploads\/2025\/11\/Lider-do-PL-na-Camara-diz-que-prisao-de-Bolsonaro-e-a-maior-perseguicao-politica-da-historia-do-Brasil-sudoeste-acontece.jpg","type":"image\/jpeg"}],"author":"Washington Tiago","twitter_card":"summary_large_image","twitter_misc":{"Escrito por":"Washington Tiago","Est. tempo de leitura":"2 minutos"},"schema":{"@context":"https:\/\/schema.org","@graph":[{"@type":"Article","@id":"https:\/\/sudoesteacontece.com.br\/?p=3256#article","isPartOf":{"@id":"https:\/\/sudoesteacontece.com.br\/?p=3256"},"author":{"name":"Washington Tiago","@id":"https:\/\/sudoesteacontece.com.br\/#\/schema\/person\/3cf2cf009926a9683ebc29d5379fa79c"},"headline":"L\u00edder do PL na C\u00e2mara diz que pris\u00e3o de Bolsonaro \u00e9 \u201ca maior persegui\u00e7\u00e3o pol\u00edtica da hist\u00f3ria do Brasil\u201d","datePublished":"2025-11-22T11:50:57+00:00","dateModified":"2025-11-22T11:50:58+00:00","mainEntityOfPage":{"@id":"https:\/\/sudoesteacontece.com.br\/?p=3256"},"wordCount":382,"commentCount":0,"publisher":{"@id":"https:\/\/sudoesteacontece.com.br\/#organization"},"image":{"@id":"https:\/\/sudoesteacontece.com.br\/?p=3256#primaryimage"},"thumbnailUrl":"https:\/\/sudoesteacontece.com.br\/wp-content\/uploads\/2025\/11\/Lider-do-PL-na-Camara-diz-que-prisao-de-Bolsonaro-e-a-maior-perseguicao-politica-da-historia-do-Brasil-sudoeste-acontece.jpg","articleSection":["Brasil","Elei\u00e7\u00f5es 2026","Justi\u00e7a","Pol\u00edtica"],"inLanguage":"pt-BR","potentialAction":[{"@type":"CommentAction","name":"Comment","target":["https:\/\/sudoesteacontece.com.br\/?p=3256#respond"]}]},{"@type":"WebPage","@id":"https:\/\/sudoesteacontece.com.br\/?p=3256","url":"https:\/\/sudoesteacontece.com.br\/?p=3256","name":"L\u00edder do PL na C\u00e2mara diz que pris\u00e3o de Bolsonaro \u00e9 \u201ca maior persegui\u00e7\u00e3o pol\u00edtica da hist\u00f3ria do Brasil\u201d - Sudoesteacontece","isPartOf":{"@id":"https:\/\/sudoesteacontece.com.br\/#website"},"primaryImageOfPage":{"@id":"https:\/\/sudoesteacontece.com.br\/?p=3256#primaryimage"},"image":{"@id":"https:\/\/sudoesteacontece.com.br\/?p=3256#primaryimage"},"thumbnailUrl":"https:\/\/sudoesteacontece.com.br\/wp-content\/uploads\/2025\/11\/Lider-do-PL-na-Camara-diz-que-prisao-de-Bolsonaro-e-a-maior-perseguicao-politica-da-historia-do-Brasil-sudoeste-acontece.jpg","datePublished":"2025-11-22T11:50:57+00:00","dateModified":"2025-11-22T11:50:58+00:00","breadcrumb":{"@id":"https:\/\/sudoesteacontece.com.br\/?p=3256#breadcrumb"},"inLanguage":"pt-BR","potentialAction":[{"@type":"ReadAction","target":["https:\/\/sudoesteacontece.com.br\/?p=3256"]}]},{"@type":"ImageObject","inLanguage":"pt-BR","@id":"https:\/\/sudoesteacontece.com.br\/?p=3256#primaryimage","url":"https:\/\/sudoesteacontece.com.br\/wp-content\/uploads\/2025\/11\/Lider-do-PL-na-Camara-diz-que-prisao-de-Bolsonaro-e-a-maior-perseguicao-politica-da-historia-do-Brasil-sudoeste-acontece.jpg","contentUrl":"https:\/\/sudoesteacontece.com.br\/wp-content\/uploads\/2025\/11\/Lider-do-PL-na-Camara-diz-que-prisao-de-Bolsonaro-e-a-maior-perseguicao-politica-da-historia-do-Brasil-sudoeste-acontece.jpg","width":1024,"height":768},{"@type":"BreadcrumbList","@id":"https:\/\/sudoesteacontece.com.br\/?p=3256#breadcrumb","itemListElement":[{"@type":"ListItem","position":1,"name":"In\u00edcio","item":"https:\/\/sudoesteacontece.com.br\/"},{"@type":"ListItem","position":2,"name":"L\u00edder do PL na C\u00e2mara diz que pris\u00e3o de Bolsonaro \u00e9 \u201ca maior persegui\u00e7\u00e3o pol\u00edtica da hist\u00f3ria do Brasil\u201d"}]},{"@type":"WebSite","@id":"https:\/\/sudoesteacontece.com.br\/#website","url":"https:\/\/sudoesteacontece.com.br\/","name":"Sudoesteacontece","description":"","publisher":{"@id":"https:\/\/sudoesteacontece.com.br\/#organization"},"potentialAction":[{"@type":"SearchAction","target":{"@type":"EntryPoint","urlTemplate":"https:\/\/sudoesteacontece.com.br\/?s={search_term_string}"},"query-input":{"@type":"PropertyValueSpecification","valueRequired":true,"valueName":"search_term_string"}}],"inLanguage":"pt-BR"},{"@type":"Organization","@id":"https:\/\/sudoesteacontece.com.br\/#organization","name":"Sudoesteacontece","url":"https:\/\/sudoesteacontece.com.br\/","logo":{"@type":"ImageObject","inLanguage":"pt-BR","@id":"https:\/\/sudoesteacontece.com.br\/#\/schema\/logo\/image\/","url":"https:\/\/sudoesteacontece.com.br\/wp-content\/uploads\/2025\/12\/cropped-logo-2-180x180-1.png","contentUrl":"https:\/\/sudoesteacontece.com.br\/wp-content\/uploads\/2025\/12\/cropped-logo-2-180x180-1.png","width":180,"height":180,"caption":"Sudoesteacontece"},"image":{"@id":"https:\/\/sudoesteacontece.com.br\/#\/schema\/logo\/image\/"},"sameAs":["https:\/\/www.facebook.com\/sudoesteacontece\/?locale=pt_BR"]},{"@type":"Person","@id":"https:\/\/sudoesteacontece.com.br\/#\/schema\/person\/3cf2cf009926a9683ebc29d5379fa79c","name":"Washington Tiago","image":{"@type":"ImageObject","inLanguage":"pt-BR","@id":"https:\/\/sudoesteacontece.com.br\/#\/schema\/person\/image\/","url":"https:\/\/secure.gravatar.com\/avatar\/33c43b8668157e040f9d1fe93c354bf087cbd8ba36270c1163198bd3ddcf2a56?s=96&d=mm&r=g","contentUrl":"https:\/\/secure.gravatar.com\/avatar\/33c43b8668157e040f9d1fe93c354bf087cbd8ba36270c1163198bd3ddcf2a56?s=96&d=mm&r=g","caption":"Washington Tiago"},"url":"https:\/\/sudoesteacontece.com.br\/?author=2"}]}},"_links":{"self":[{"href":"https:\/\/sudoesteacontece.com.br\/index.php?rest_route=\/wp\/v2\/posts\/3256","targetHints":{"allow":["GET"]}}],"collection":[{"href":"https:\/\/sudoesteacontece.com.br\/index.php?rest_route=\/wp\/v2\/posts"}],"about":[{"href":"https:\/\/sudoesteacontece.com.br\/index.php?rest_route=\/wp\/v2\/types\/post"}],"author":[{"embeddable":true,"href":"https:\/\/sudoesteacontece.com.br\/index.php?rest_route=\/wp\/v2\/users\/2"}],"replies":[{"embeddable":true,"href":"https:\/\/sudoesteacontece.com.br\/index.php?rest_route=%2Fwp%2Fv2%2Fcomments&post=3256"}],"version-history":[{"count":0,"href":"https:\/\/sudoesteacontece.com.br\/index.php?rest_route=\/wp\/v2\/posts\/3256\/revisions"}],"wp:featuredmedia":[{"embeddable":true,"href":"https:\/\/sudoesteacontece.com.br\/index.php?rest_route=\/wp\/v2\/media\/3257"}],"wp:attachment":[{"href":"https:\/\/sudoesteacontece.com.br\/index.php?rest_route=%2Fwp%2Fv2%2Fmedia&parent=3256"}],"wp:term":[{"taxonomy":"category","embeddable":true,"href":"https:\/\/sudoesteacontece.com.br\/index.php?rest_route=%2Fwp%2Fv2%2Fcategories&post=3256"},{"taxonomy":"post_tag","embeddable":true,"href":"https:\/\/sudoesteacontece.com.br\/index.php?rest_route=%2Fwp%2Fv2%2Ftags&post=3256"}],"curies":[{"name":"wp","href":"https:\/\/api.w.org\/{rel}","templated":true}]}}