{"id":3260,"date":"2025-11-22T10:20:19","date_gmt":"2025-11-22T13:20:19","guid":{"rendered":"https:\/\/sudoesteacontece.com.br\/?p=3260"},"modified":"2025-11-22T10:20:26","modified_gmt":"2025-11-22T13:20:26","slug":"luto-em-guanambi-morre-aos-82-anos-o-advogado-anibal-cardoso-referencia-na-justica-regional","status":"publish","type":"post","link":"https:\/\/sudoesteacontece.com.br\/?p=3260","title":{"rendered":"Luto em Guanambi: morre aos 82 anos o advogado An\u00edbal Cardoso, refer\u00eancia na Justi\u00e7a regional"},"content":{"rendered":"<div class=\"wp-block-image\">\n<figure class=\"aligncenter size-full\"><img fetchpriority=\"high\" decoding=\"async\" width=\"900\" height=\"600\" src=\"http:\/\/sudoesteacontece.com.br\/wp-content\/uploads\/2025\/11\/Luto-em-Guanambi-morre-aos-82-anos-o-advogad-sudoeste-aconteceo-Anibal-Cardoso-referencia-na-Justica-regional.jpg\" alt=\"\" class=\"wp-image-3273\" srcset=\"https:\/\/sudoesteacontece.com.br\/wp-content\/uploads\/2025\/11\/Luto-em-Guanambi-morre-aos-82-anos-o-advogad-sudoeste-aconteceo-Anibal-Cardoso-referencia-na-Justica-regional.jpg 900w, https:\/\/sudoesteacontece.com.br\/wp-content\/uploads\/2025\/11\/Luto-em-Guanambi-morre-aos-82-anos-o-advogad-sudoeste-aconteceo-Anibal-Cardoso-referencia-na-Justica-regional-300x200.jpg 300w, https:\/\/sudoesteacontece.com.br\/wp-content\/uploads\/2025\/11\/Luto-em-Guanambi-morre-aos-82-anos-o-advogad-sudoeste-aconteceo-Anibal-Cardoso-referencia-na-Justica-regional-768x512.jpg 768w\" sizes=\"(max-width: 900px) 100vw, 900px\" \/><\/figure>\n<\/div>\n\n\n<p>A morte do advogado An\u00edbal Cardoso de Castro, aos 82 anos, abalou a comunidade jur\u00eddica de Guanambi na noite desta sexta-feira (21). Falecimento ocorreu por volta das 21h, na pr\u00f3pria resid\u00eancia, ao lado da fam\u00edlia, conforme informou o filho, Leandro Mansine, promotor de Justi\u00e7a da cidade.<\/p>\n\n\n\n<p>Reconhecido por mais de cinco d\u00e9cadas de atua\u00e7\u00e3o, An\u00edbal se consolidou como uma das maiores refer\u00eancias da advocacia regional. Exercia a profiss\u00e3o com firmeza, \u00e9tica e profundo compromisso com a Justi\u00e7a, marcas que o tornaram admirado por colegas de todas as gera\u00e7\u00f5es.<\/p>\n\n\n\n<p>A Ordem dos Advogados do Brasil \u2013 Subse\u00e7\u00e3o Guanambi divulgou nota de pesar e classificou An\u00edbal como um \u201cdileto integrante da nossa Casa\u201d. Institui\u00e7\u00e3o manifestou solidariedade \u00e0 esposa, aos filhos, \u00e0s netas e aos demais familiares, pedindo a Deus \u201cfor\u00e7a e serenidade diante da irrepar\u00e1vel perda\u201d.<\/p>\n\n\n\n<p>Vel\u00f3rio est\u00e1 marcado para este s\u00e1bado (22), a partir das 7h, na Pai Bahia. O sepultamento ocorrer\u00e1 \u00e0s 15h, com a expectativa de grande presen\u00e7a de autoridades, advogados, amigos e cidad\u00e3os que acompanharam a trajet\u00f3ria do jurista.<\/p>\n\n\n\n<p>Falecimento de An\u00edbal Cardoso representa um vazio dif\u00edcil de preencher na advocacia local. Sua mem\u00f3ria permanece como s\u00edmbolo de dedica\u00e7\u00e3o, respeito e excel\u00eancia profissional, atributos que formaram gera\u00e7\u00f5es e ajudaram a moldar a pr\u00e1tica jur\u00eddica no Sudoeste baiano.<\/p>\n","protected":false},"excerpt":{"rendered":"<p>A morte do advogado An\u00edbal Cardoso de Castro, aos 82 anos, abalou a comunidade jur\u00eddica de Guanambi na noite desta sexta-feira (21). Falecimento ocorreu por volta das 21h, na pr\u00f3pria resid\u00eancia, ao lado da fam\u00edlia, conforme informou o filho, Leandro Mansine, promotor de Justi\u00e7a da cidade. Reconhecido por mais de cinco d\u00e9cadas de atua\u00e7\u00e3o, An\u00edbal se consolidou como uma das maiores refer\u00eancias da advocacia regional. Exercia a profiss\u00e3o com firmeza, \u00e9tica e profundo compromisso com a Justi\u00e7a, marcas que o tornaram admirado por colegas de todas as gera\u00e7\u00f5es. A Ordem dos Advogados do Brasil \u2013 Subse\u00e7\u00e3o Guanambi divulgou nota de pesar e classificou An\u00edbal como um \u201cdileto integrante da nossa Casa\u201d. Institui\u00e7\u00e3o manifestou solidariedade \u00e0 esposa, aos filhos, \u00e0s netas e aos demais familiares, pedindo a Deus \u201cfor\u00e7a e serenidade diante da irrepar\u00e1vel perda\u201d. Vel\u00f3rio est\u00e1 marcado para este s\u00e1bado (22), a partir das 7h, na Pai Bahia. O sepultamento ocorrer\u00e1 \u00e0s 15h, com a expectativa de grande presen\u00e7a de autoridades, advogados, amigos e cidad\u00e3os que acompanharam a trajet\u00f3ria do jurista. Falecimento de An\u00edbal Cardoso representa um vazio dif\u00edcil de preencher na advocacia local. Sua mem\u00f3ria permanece como s\u00edmbolo de dedica\u00e7\u00e3o, respeito e excel\u00eancia profissional, atributos que formaram gera\u00e7\u00f5es e ajudaram a moldar a pr\u00e1tica jur\u00eddica no Sudoeste baiano.<\/p>\n","protected":false},"author":2,"featured_media":3273,"comment_status":"open","ping_status":"open","sticky":false,"template":"","format":"standard","meta":{"footnotes":""},"categories":[4,17,13],"tags":[],"class_list":["post-3260","post","type-post","status-publish","format-standard","has-post-thumbnail","hentry","category-cidades","category-guanambi","category-justica"],"yoast_head":"<!-- This site is optimized with the Yoast SEO plugin v26.5 - https:\/\/yoast.com\/wordpress\/plugins\/seo\/ -->\n<title>Luto em Guanambi: morre aos 82 anos o advogado An\u00edbal Cardoso, refer\u00eancia na Justi\u00e7a regional - Sudoesteacontece<\/title>\n<meta name=\"robots\" content=\"index, follow, max-snippet:-1, max-image-preview:large, max-video-preview:-1\" \/>\n<link rel=\"canonical\" href=\"https:\/\/sudoesteacontece.com.br\/?p=3260\" \/>\n<meta property=\"og:locale\" content=\"pt_BR\" \/>\n<meta property=\"og:type\" content=\"article\" \/>\n<meta property=\"og:title\" content=\"Luto em Guanambi: morre aos 82 anos o advogado An\u00edbal Cardoso, refer\u00eancia na Justi\u00e7a regional - Sudoesteacontece\" \/>\n<meta property=\"og:description\" content=\"A morte do advogado An\u00edbal Cardoso de Castro, aos 82 anos, abalou a comunidade jur\u00eddica de Guanambi na noite desta sexta-feira (21). Falecimento ocorreu por volta das 21h, na pr\u00f3pria resid\u00eancia, ao lado da fam\u00edlia, conforme informou o filho, Leandro Mansine, promotor de Justi\u00e7a da cidade. Reconhecido por mais de cinco d\u00e9cadas de atua\u00e7\u00e3o, An\u00edbal se consolidou como uma das maiores refer\u00eancias da advocacia regional. Exercia a profiss\u00e3o com firmeza, \u00e9tica e profundo compromisso com a Justi\u00e7a, marcas que o tornaram admirado por colegas de todas as gera\u00e7\u00f5es. A Ordem dos Advogados do Brasil \u2013 Subse\u00e7\u00e3o Guanambi divulgou nota de pesar e classificou An\u00edbal como um \u201cdileto integrante da nossa Casa\u201d. Institui\u00e7\u00e3o manifestou solidariedade \u00e0 esposa, aos filhos, \u00e0s netas e aos demais familiares, pedindo a Deus \u201cfor\u00e7a e serenidade diante da irrepar\u00e1vel perda\u201d. Vel\u00f3rio est\u00e1 marcado para este s\u00e1bado (22), a partir das 7h, na Pai Bahia. O sepultamento ocorrer\u00e1 \u00e0s 15h, com a expectativa de grande presen\u00e7a de autoridades, advogados, amigos e cidad\u00e3os que acompanharam a trajet\u00f3ria do jurista. Falecimento de An\u00edbal Cardoso representa um vazio dif\u00edcil de preencher na advocacia local. Sua mem\u00f3ria permanece como s\u00edmbolo de dedica\u00e7\u00e3o, respeito e excel\u00eancia profissional, atributos que formaram gera\u00e7\u00f5es e ajudaram a moldar a pr\u00e1tica jur\u00eddica no Sudoeste baiano.\" \/>\n<meta property=\"og:url\" content=\"https:\/\/sudoesteacontece.com.br\/?p=3260\" \/>\n<meta property=\"og:site_name\" content=\"Sudoesteacontece\" \/>\n<meta property=\"article:publisher\" content=\"https:\/\/www.facebook.com\/sudoesteacontece\/?locale=pt_BR\" \/>\n<meta property=\"article:published_time\" content=\"2025-11-22T13:20:19+00:00\" \/>\n<meta property=\"article:modified_time\" content=\"2025-11-22T13:20:26+00:00\" \/>\n<meta property=\"og:image\" content=\"https:\/\/sudoesteacontece.com.br\/wp-content\/uploads\/2025\/11\/Luto-em-Guanambi-morre-aos-82-anos-o-advogad-sudoeste-aconteceo-Anibal-Cardoso-referencia-na-Justica-regional.jpg\" \/>\n\t<meta property=\"og:image:width\" content=\"900\" \/>\n\t<meta property=\"og:image:height\" content=\"600\" \/>\n\t<meta property=\"og:image:type\" content=\"image\/jpeg\" \/>\n<meta name=\"author\" content=\"Washington Tiago\" \/>\n<meta name=\"twitter:card\" content=\"summary_large_image\" \/>\n<meta name=\"twitter:label1\" content=\"Escrito por\" \/>\n\t<meta name=\"twitter:data1\" content=\"Washington Tiago\" \/>\n\t<meta name=\"twitter:label2\" content=\"Est. tempo de leitura\" \/>\n\t<meta name=\"twitter:data2\" content=\"1 minuto\" \/>\n<script type=\"application\/ld+json\" class=\"yoast-schema-graph\">{\"@context\":\"https:\/\/schema.org\",\"@graph\":[{\"@type\":\"Article\",\"@id\":\"https:\/\/sudoesteacontece.com.br\/?p=3260#article\",\"isPartOf\":{\"@id\":\"https:\/\/sudoesteacontece.com.br\/?p=3260\"},\"author\":{\"name\":\"Washington Tiago\",\"@id\":\"https:\/\/sudoesteacontece.com.br\/#\/schema\/person\/3cf2cf009926a9683ebc29d5379fa79c\"},\"headline\":\"Luto em Guanambi: morre aos 82 anos o advogado An\u00edbal Cardoso, refer\u00eancia na Justi\u00e7a regional\",\"datePublished\":\"2025-11-22T13:20:19+00:00\",\"dateModified\":\"2025-11-22T13:20:26+00:00\",\"mainEntityOfPage\":{\"@id\":\"https:\/\/sudoesteacontece.com.br\/?p=3260\"},\"wordCount\":253,\"commentCount\":0,\"publisher\":{\"@id\":\"https:\/\/sudoesteacontece.com.br\/#organization\"},\"image\":{\"@id\":\"https:\/\/sudoesteacontece.com.br\/?p=3260#primaryimage\"},\"thumbnailUrl\":\"https:\/\/sudoesteacontece.com.br\/wp-content\/uploads\/2025\/11\/Luto-em-Guanambi-morre-aos-82-anos-o-advogad-sudoeste-aconteceo-Anibal-Cardoso-referencia-na-Justica-regional.jpg\",\"articleSection\":[\"Cidades\",\"Guanambi\",\"Justi\u00e7a\"],\"inLanguage\":\"pt-BR\",\"potentialAction\":[{\"@type\":\"CommentAction\",\"name\":\"Comment\",\"target\":[\"https:\/\/sudoesteacontece.com.br\/?p=3260#respond\"]}]},{\"@type\":\"WebPage\",\"@id\":\"https:\/\/sudoesteacontece.com.br\/?p=3260\",\"url\":\"https:\/\/sudoesteacontece.com.br\/?p=3260\",\"name\":\"Luto em Guanambi: morre aos 82 anos o advogado An\u00edbal Cardoso, refer\u00eancia na Justi\u00e7a regional - Sudoesteacontece\",\"isPartOf\":{\"@id\":\"https:\/\/sudoesteacontece.com.br\/#website\"},\"primaryImageOfPage\":{\"@id\":\"https:\/\/sudoesteacontece.com.br\/?p=3260#primaryimage\"},\"image\":{\"@id\":\"https:\/\/sudoesteacontece.com.br\/?p=3260#primaryimage\"},\"thumbnailUrl\":\"https:\/\/sudoesteacontece.com.br\/wp-content\/uploads\/2025\/11\/Luto-em-Guanambi-morre-aos-82-anos-o-advogad-sudoeste-aconteceo-Anibal-Cardoso-referencia-na-Justica-regional.jpg\",\"datePublished\":\"2025-11-22T13:20:19+00:00\",\"dateModified\":\"2025-11-22T13:20:26+00:00\",\"breadcrumb\":{\"@id\":\"https:\/\/sudoesteacontece.com.br\/?p=3260#breadcrumb\"},\"inLanguage\":\"pt-BR\",\"potentialAction\":[{\"@type\":\"ReadAction\",\"target\":[\"https:\/\/sudoesteacontece.com.br\/?p=3260\"]}]},{\"@type\":\"ImageObject\",\"inLanguage\":\"pt-BR\",\"@id\":\"https:\/\/sudoesteacontece.com.br\/?p=3260#primaryimage\",\"url\":\"https:\/\/sudoesteacontece.com.br\/wp-content\/uploads\/2025\/11\/Luto-em-Guanambi-morre-aos-82-anos-o-advogad-sudoeste-aconteceo-Anibal-Cardoso-referencia-na-Justica-regional.jpg\",\"contentUrl\":\"https:\/\/sudoesteacontece.com.br\/wp-content\/uploads\/2025\/11\/Luto-em-Guanambi-morre-aos-82-anos-o-advogad-sudoeste-aconteceo-Anibal-Cardoso-referencia-na-Justica-regional.jpg\",\"width\":900,\"height\":600},{\"@type\":\"BreadcrumbList\",\"@id\":\"https:\/\/sudoesteacontece.com.br\/?p=3260#breadcrumb\",\"itemListElement\":[{\"@type\":\"ListItem\",\"position\":1,\"name\":\"In\u00edcio\",\"item\":\"https:\/\/sudoesteacontece.com.br\/\"},{\"@type\":\"ListItem\",\"position\":2,\"name\":\"Luto em Guanambi: morre aos 82 anos o advogado An\u00edbal Cardoso, refer\u00eancia na Justi\u00e7a regional\"}]},{\"@type\":\"WebSite\",\"@id\":\"https:\/\/sudoesteacontece.com.br\/#website\",\"url\":\"https:\/\/sudoesteacontece.com.br\/\",\"name\":\"Sudoesteacontece\",\"description\":\"\",\"publisher\":{\"@id\":\"https:\/\/sudoesteacontece.com.br\/#organization\"},\"potentialAction\":[{\"@type\":\"SearchAction\",\"target\":{\"@type\":\"EntryPoint\",\"urlTemplate\":\"https:\/\/sudoesteacontece.com.br\/?s={search_term_string}\"},\"query-input\":{\"@type\":\"PropertyValueSpecification\",\"valueRequired\":true,\"valueName\":\"search_term_string\"}}],\"inLanguage\":\"pt-BR\"},{\"@type\":\"Organization\",\"@id\":\"https:\/\/sudoesteacontece.com.br\/#organization\",\"name\":\"Sudoesteacontece\",\"url\":\"https:\/\/sudoesteacontece.com.br\/\",\"logo\":{\"@type\":\"ImageObject\",\"inLanguage\":\"pt-BR\",\"@id\":\"https:\/\/sudoesteacontece.com.br\/#\/schema\/logo\/image\/\",\"url\":\"https:\/\/sudoesteacontece.com.br\/wp-content\/uploads\/2025\/12\/cropped-logo-2-180x180-1.png\",\"contentUrl\":\"https:\/\/sudoesteacontece.com.br\/wp-content\/uploads\/2025\/12\/cropped-logo-2-180x180-1.png\",\"width\":180,\"height\":180,\"caption\":\"Sudoesteacontece\"},\"image\":{\"@id\":\"https:\/\/sudoesteacontece.com.br\/#\/schema\/logo\/image\/\"},\"sameAs\":[\"https:\/\/www.facebook.com\/sudoesteacontece\/?locale=pt_BR\"]},{\"@type\":\"Person\",\"@id\":\"https:\/\/sudoesteacontece.com.br\/#\/schema\/person\/3cf2cf009926a9683ebc29d5379fa79c\",\"name\":\"Washington Tiago\",\"image\":{\"@type\":\"ImageObject\",\"inLanguage\":\"pt-BR\",\"@id\":\"https:\/\/sudoesteacontece.com.br\/#\/schema\/person\/image\/\",\"url\":\"https:\/\/secure.gravatar.com\/avatar\/33c43b8668157e040f9d1fe93c354bf087cbd8ba36270c1163198bd3ddcf2a56?s=96&d=mm&r=g\",\"contentUrl\":\"https:\/\/secure.gravatar.com\/avatar\/33c43b8668157e040f9d1fe93c354bf087cbd8ba36270c1163198bd3ddcf2a56?s=96&d=mm&r=g\",\"caption\":\"Washington Tiago\"},\"url\":\"https:\/\/sudoesteacontece.com.br\/?author=2\"}]}<\/script>\n<!-- \/ Yoast SEO plugin. -->","yoast_head_json":{"title":"Luto em Guanambi: morre aos 82 anos o advogado An\u00edbal Cardoso, refer\u00eancia na Justi\u00e7a regional - Sudoesteacontece","robots":{"index":"index","follow":"follow","max-snippet":"max-snippet:-1","max-image-preview":"max-image-preview:large","max-video-preview":"max-video-preview:-1"},"canonical":"https:\/\/sudoesteacontece.com.br\/?p=3260","og_locale":"pt_BR","og_type":"article","og_title":"Luto em Guanambi: morre aos 82 anos o advogado An\u00edbal Cardoso, refer\u00eancia na Justi\u00e7a regional - Sudoesteacontece","og_description":"A morte do advogado An\u00edbal Cardoso de Castro, aos 82 anos, abalou a comunidade jur\u00eddica de Guanambi na noite desta sexta-feira (21). Falecimento ocorreu por volta das 21h, na pr\u00f3pria resid\u00eancia, ao lado da fam\u00edlia, conforme informou o filho, Leandro Mansine, promotor de Justi\u00e7a da cidade. Reconhecido por mais de cinco d\u00e9cadas de atua\u00e7\u00e3o, An\u00edbal se consolidou como uma das maiores refer\u00eancias da advocacia regional. Exercia a profiss\u00e3o com firmeza, \u00e9tica e profundo compromisso com a Justi\u00e7a, marcas que o tornaram admirado por colegas de todas as gera\u00e7\u00f5es. A Ordem dos Advogados do Brasil \u2013 Subse\u00e7\u00e3o Guanambi divulgou nota de pesar e classificou An\u00edbal como um \u201cdileto integrante da nossa Casa\u201d. Institui\u00e7\u00e3o manifestou solidariedade \u00e0 esposa, aos filhos, \u00e0s netas e aos demais familiares, pedindo a Deus \u201cfor\u00e7a e serenidade diante da irrepar\u00e1vel perda\u201d. Vel\u00f3rio est\u00e1 marcado para este s\u00e1bado (22), a partir das 7h, na Pai Bahia. O sepultamento ocorrer\u00e1 \u00e0s 15h, com a expectativa de grande presen\u00e7a de autoridades, advogados, amigos e cidad\u00e3os que acompanharam a trajet\u00f3ria do jurista. Falecimento de An\u00edbal Cardoso representa um vazio dif\u00edcil de preencher na advocacia local. Sua mem\u00f3ria permanece como s\u00edmbolo de dedica\u00e7\u00e3o, respeito e excel\u00eancia profissional, atributos que formaram gera\u00e7\u00f5es e ajudaram a moldar a pr\u00e1tica jur\u00eddica no Sudoeste baiano.","og_url":"https:\/\/sudoesteacontece.com.br\/?p=3260","og_site_name":"Sudoesteacontece","article_publisher":"https:\/\/www.facebook.com\/sudoesteacontece\/?locale=pt_BR","article_published_time":"2025-11-22T13:20:19+00:00","article_modified_time":"2025-11-22T13:20:26+00:00","og_image":[{"width":900,"height":600,"url":"https:\/\/sudoesteacontece.com.br\/wp-content\/uploads\/2025\/11\/Luto-em-Guanambi-morre-aos-82-anos-o-advogad-sudoeste-aconteceo-Anibal-Cardoso-referencia-na-Justica-regional.jpg","type":"image\/jpeg"}],"author":"Washington Tiago","twitter_card":"summary_large_image","twitter_misc":{"Escrito por":"Washington Tiago","Est. tempo de leitura":"1 minuto"},"schema":{"@context":"https:\/\/schema.org","@graph":[{"@type":"Article","@id":"https:\/\/sudoesteacontece.com.br\/?p=3260#article","isPartOf":{"@id":"https:\/\/sudoesteacontece.com.br\/?p=3260"},"author":{"name":"Washington Tiago","@id":"https:\/\/sudoesteacontece.com.br\/#\/schema\/person\/3cf2cf009926a9683ebc29d5379fa79c"},"headline":"Luto em Guanambi: morre aos 82 anos o advogado An\u00edbal Cardoso, refer\u00eancia na Justi\u00e7a regional","datePublished":"2025-11-22T13:20:19+00:00","dateModified":"2025-11-22T13:20:26+00:00","mainEntityOfPage":{"@id":"https:\/\/sudoesteacontece.com.br\/?p=3260"},"wordCount":253,"commentCount":0,"publisher":{"@id":"https:\/\/sudoesteacontece.com.br\/#organization"},"image":{"@id":"https:\/\/sudoesteacontece.com.br\/?p=3260#primaryimage"},"thumbnailUrl":"https:\/\/sudoesteacontece.com.br\/wp-content\/uploads\/2025\/11\/Luto-em-Guanambi-morre-aos-82-anos-o-advogad-sudoeste-aconteceo-Anibal-Cardoso-referencia-na-Justica-regional.jpg","articleSection":["Cidades","Guanambi","Justi\u00e7a"],"inLanguage":"pt-BR","potentialAction":[{"@type":"CommentAction","name":"Comment","target":["https:\/\/sudoesteacontece.com.br\/?p=3260#respond"]}]},{"@type":"WebPage","@id":"https:\/\/sudoesteacontece.com.br\/?p=3260","url":"https:\/\/sudoesteacontece.com.br\/?p=3260","name":"Luto em Guanambi: morre aos 82 anos o advogado An\u00edbal Cardoso, refer\u00eancia na Justi\u00e7a regional - Sudoesteacontece","isPartOf":{"@id":"https:\/\/sudoesteacontece.com.br\/#website"},"primaryImageOfPage":{"@id":"https:\/\/sudoesteacontece.com.br\/?p=3260#primaryimage"},"image":{"@id":"https:\/\/sudoesteacontece.com.br\/?p=3260#primaryimage"},"thumbnailUrl":"https:\/\/sudoesteacontece.com.br\/wp-content\/uploads\/2025\/11\/Luto-em-Guanambi-morre-aos-82-anos-o-advogad-sudoeste-aconteceo-Anibal-Cardoso-referencia-na-Justica-regional.jpg","datePublished":"2025-11-22T13:20:19+00:00","dateModified":"2025-11-22T13:20:26+00:00","breadcrumb":{"@id":"https:\/\/sudoesteacontece.com.br\/?p=3260#breadcrumb"},"inLanguage":"pt-BR","potentialAction":[{"@type":"ReadAction","target":["https:\/\/sudoesteacontece.com.br\/?p=3260"]}]},{"@type":"ImageObject","inLanguage":"pt-BR","@id":"https:\/\/sudoesteacontece.com.br\/?p=3260#primaryimage","url":"https:\/\/sudoesteacontece.com.br\/wp-content\/uploads\/2025\/11\/Luto-em-Guanambi-morre-aos-82-anos-o-advogad-sudoeste-aconteceo-Anibal-Cardoso-referencia-na-Justica-regional.jpg","contentUrl":"https:\/\/sudoesteacontece.com.br\/wp-content\/uploads\/2025\/11\/Luto-em-Guanambi-morre-aos-82-anos-o-advogad-sudoeste-aconteceo-Anibal-Cardoso-referencia-na-Justica-regional.jpg","width":900,"height":600},{"@type":"BreadcrumbList","@id":"https:\/\/sudoesteacontece.com.br\/?p=3260#breadcrumb","itemListElement":[{"@type":"ListItem","position":1,"name":"In\u00edcio","item":"https:\/\/sudoesteacontece.com.br\/"},{"@type":"ListItem","position":2,"name":"Luto em Guanambi: morre aos 82 anos o advogado An\u00edbal Cardoso, refer\u00eancia na Justi\u00e7a regional"}]},{"@type":"WebSite","@id":"https:\/\/sudoesteacontece.com.br\/#website","url":"https:\/\/sudoesteacontece.com.br\/","name":"Sudoesteacontece","description":"","publisher":{"@id":"https:\/\/sudoesteacontece.com.br\/#organization"},"potentialAction":[{"@type":"SearchAction","target":{"@type":"EntryPoint","urlTemplate":"https:\/\/sudoesteacontece.com.br\/?s={search_term_string}"},"query-input":{"@type":"PropertyValueSpecification","valueRequired":true,"valueName":"search_term_string"}}],"inLanguage":"pt-BR"},{"@type":"Organization","@id":"https:\/\/sudoesteacontece.com.br\/#organization","name":"Sudoesteacontece","url":"https:\/\/sudoesteacontece.com.br\/","logo":{"@type":"ImageObject","inLanguage":"pt-BR","@id":"https:\/\/sudoesteacontece.com.br\/#\/schema\/logo\/image\/","url":"https:\/\/sudoesteacontece.com.br\/wp-content\/uploads\/2025\/12\/cropped-logo-2-180x180-1.png","contentUrl":"https:\/\/sudoesteacontece.com.br\/wp-content\/uploads\/2025\/12\/cropped-logo-2-180x180-1.png","width":180,"height":180,"caption":"Sudoesteacontece"},"image":{"@id":"https:\/\/sudoesteacontece.com.br\/#\/schema\/logo\/image\/"},"sameAs":["https:\/\/www.facebook.com\/sudoesteacontece\/?locale=pt_BR"]},{"@type":"Person","@id":"https:\/\/sudoesteacontece.com.br\/#\/schema\/person\/3cf2cf009926a9683ebc29d5379fa79c","name":"Washington Tiago","image":{"@type":"ImageObject","inLanguage":"pt-BR","@id":"https:\/\/sudoesteacontece.com.br\/#\/schema\/person\/image\/","url":"https:\/\/secure.gravatar.com\/avatar\/33c43b8668157e040f9d1fe93c354bf087cbd8ba36270c1163198bd3ddcf2a56?s=96&d=mm&r=g","contentUrl":"https:\/\/secure.gravatar.com\/avatar\/33c43b8668157e040f9d1fe93c354bf087cbd8ba36270c1163198bd3ddcf2a56?s=96&d=mm&r=g","caption":"Washington Tiago"},"url":"https:\/\/sudoesteacontece.com.br\/?author=2"}]}},"_links":{"self":[{"href":"https:\/\/sudoesteacontece.com.br\/index.php?rest_route=\/wp\/v2\/posts\/3260","targetHints":{"allow":["GET"]}}],"collection":[{"href":"https:\/\/sudoesteacontece.com.br\/index.php?rest_route=\/wp\/v2\/posts"}],"about":[{"href":"https:\/\/sudoesteacontece.com.br\/index.php?rest_route=\/wp\/v2\/types\/post"}],"author":[{"embeddable":true,"href":"https:\/\/sudoesteacontece.com.br\/index.php?rest_route=\/wp\/v2\/users\/2"}],"replies":[{"embeddable":true,"href":"https:\/\/sudoesteacontece.com.br\/index.php?rest_route=%2Fwp%2Fv2%2Fcomments&post=3260"}],"version-history":[{"count":0,"href":"https:\/\/sudoesteacontece.com.br\/index.php?rest_route=\/wp\/v2\/posts\/3260\/revisions"}],"wp:featuredmedia":[{"embeddable":true,"href":"https:\/\/sudoesteacontece.com.br\/index.php?rest_route=\/wp\/v2\/media\/3273"}],"wp:attachment":[{"href":"https:\/\/sudoesteacontece.com.br\/index.php?rest_route=%2Fwp%2Fv2%2Fmedia&parent=3260"}],"wp:term":[{"taxonomy":"category","embeddable":true,"href":"https:\/\/sudoesteacontece.com.br\/index.php?rest_route=%2Fwp%2Fv2%2Fcategories&post=3260"},{"taxonomy":"post_tag","embeddable":true,"href":"https:\/\/sudoesteacontece.com.br\/index.php?rest_route=%2Fwp%2Fv2%2Ftags&post=3260"}],"curies":[{"name":"wp","href":"https:\/\/api.w.org\/{rel}","templated":true}]}}