{"id":3264,"date":"2025-11-22T13:10:22","date_gmt":"2025-11-22T16:10:22","guid":{"rendered":"https:\/\/sudoesteacontece.com.br\/?p=3264"},"modified":"2025-11-22T13:10:23","modified_gmt":"2025-11-22T16:10:23","slug":"mae-embriagada-provoca-morte-acidental-de-bebe-de-1-mes-em-curaca","status":"publish","type":"post","link":"https:\/\/sudoesteacontece.com.br\/?p=3264","title":{"rendered":"M\u00e3e embriagada provoca morte acidental de beb\u00ea de 1 m\u00eas em Cura\u00e7\u00e1"},"content":{"rendered":"<div class=\"wp-block-image\">\n<figure class=\"aligncenter size-full\"><img fetchpriority=\"high\" decoding=\"async\" width=\"900\" height=\"600\" src=\"http:\/\/sudoesteacontece.com.br\/wp-content\/uploads\/2025\/11\/Mae-embriagada-provoca-morte-acidental-de-bebe-de-1-mes-em-Curaca-SUDOESTE-ACONTECE.jpg\" alt=\"\" class=\"wp-image-3308\" srcset=\"https:\/\/sudoesteacontece.com.br\/wp-content\/uploads\/2025\/11\/Mae-embriagada-provoca-morte-acidental-de-bebe-de-1-mes-em-Curaca-SUDOESTE-ACONTECE.jpg 900w, https:\/\/sudoesteacontece.com.br\/wp-content\/uploads\/2025\/11\/Mae-embriagada-provoca-morte-acidental-de-bebe-de-1-mes-em-Curaca-SUDOESTE-ACONTECE-300x200.jpg 300w, https:\/\/sudoesteacontece.com.br\/wp-content\/uploads\/2025\/11\/Mae-embriagada-provoca-morte-acidental-de-bebe-de-1-mes-em-Curaca-SUDOESTE-ACONTECE-768x512.jpg 768w\" sizes=\"(max-width: 900px) 100vw, 900px\" \/><\/figure>\n<\/div>\n\n\n<p>Trag\u00e9dia ocorreu no bairro Alto da Lora, no norte da Bahia, na \u00faltima quinta-feira (20). Jo\u00e3o Miguel Marques da Silva, de apenas 1 m\u00eas, n\u00e3o resistiu ap\u00f3s ser asfixiado acidentalmente. M\u00e3e apresentava sinais de embriaguez. Segundo a Pol\u00edcia Militar, ela deitou na cama onde o beb\u00ea dormia e acabou adormecendo sobre a crian\u00e7a.<\/p>\n\n\n\n<p>Descoberta ocorreu quando a m\u00e3e acordou. Ela percebeu que Jo\u00e3o Miguel n\u00e3o apresentava sinais vitais e imediatamente chamou socorro. Beb\u00ea foi levado para atendimento, mas n\u00e3o resistiu. O \u00f3bito foi confirmado no local, provocando como\u00e7\u00e3o entre vizinhos e familiares.<\/p>\n\n\n\n<p>M\u00e3e foi encaminhada \u00e0 Delegacia de Pol\u00edcia Civil de Cura\u00e7\u00e1. O caso foi registrado como homic\u00eddio culposo, quando n\u00e3o h\u00e1 inten\u00e7\u00e3o de matar. Corpo do beb\u00ea foi levado ao Instituto M\u00e9dico Legal (IML) de Juazeiro. Jo\u00e3o Miguel completaria dois meses na pr\u00f3xima quarta-feira (26).<\/p>\n\n\n\n<p><\/p>\n","protected":false},"excerpt":{"rendered":"<p>Trag\u00e9dia ocorreu no bairro Alto da Lora, no norte da Bahia, na \u00faltima quinta-feira (20). Jo\u00e3o Miguel Marques da Silva, de apenas 1 m\u00eas, n\u00e3o resistiu ap\u00f3s ser asfixiado acidentalmente. M\u00e3e apresentava sinais de embriaguez. Segundo a Pol\u00edcia Militar, ela deitou na cama onde o beb\u00ea dormia e acabou adormecendo sobre a crian\u00e7a. Descoberta ocorreu quando a m\u00e3e acordou. Ela percebeu que Jo\u00e3o Miguel n\u00e3o apresentava sinais vitais e imediatamente chamou socorro. Beb\u00ea foi levado para atendimento, mas n\u00e3o resistiu. O \u00f3bito foi confirmado no local, provocando como\u00e7\u00e3o entre vizinhos e familiares. M\u00e3e foi encaminhada \u00e0 Delegacia de Pol\u00edcia Civil de Cura\u00e7\u00e1. O caso foi registrado como homic\u00eddio culposo, quando n\u00e3o h\u00e1 inten\u00e7\u00e3o de matar. Corpo do beb\u00ea foi levado ao Instituto M\u00e9dico Legal (IML) de Juazeiro. Jo\u00e3o Miguel completaria dois meses na pr\u00f3xima quarta-feira (26).<\/p>\n","protected":false},"author":2,"featured_media":3308,"comment_status":"open","ping_status":"open","sticky":false,"template":"","format":"standard","meta":{"footnotes":""},"categories":[3],"tags":[],"class_list":["post-3264","post","type-post","status-publish","format-standard","has-post-thumbnail","hentry","category-policia"],"yoast_head":"<!-- This site is optimized with the Yoast SEO plugin v26.5 - https:\/\/yoast.com\/wordpress\/plugins\/seo\/ -->\n<title>M\u00e3e embriagada provoca morte acidental de beb\u00ea de 1 m\u00eas em Cura\u00e7\u00e1 - Sudoesteacontece<\/title>\n<meta name=\"robots\" content=\"index, follow, max-snippet:-1, max-image-preview:large, max-video-preview:-1\" \/>\n<link rel=\"canonical\" href=\"https:\/\/sudoesteacontece.com.br\/?p=3264\" \/>\n<meta property=\"og:locale\" content=\"pt_BR\" \/>\n<meta property=\"og:type\" content=\"article\" \/>\n<meta property=\"og:title\" content=\"M\u00e3e embriagada provoca morte acidental de beb\u00ea de 1 m\u00eas em Cura\u00e7\u00e1 - Sudoesteacontece\" \/>\n<meta property=\"og:description\" content=\"Trag\u00e9dia ocorreu no bairro Alto da Lora, no norte da Bahia, na \u00faltima quinta-feira (20). Jo\u00e3o Miguel Marques da Silva, de apenas 1 m\u00eas, n\u00e3o resistiu ap\u00f3s ser asfixiado acidentalmente. M\u00e3e apresentava sinais de embriaguez. Segundo a Pol\u00edcia Militar, ela deitou na cama onde o beb\u00ea dormia e acabou adormecendo sobre a crian\u00e7a. Descoberta ocorreu quando a m\u00e3e acordou. Ela percebeu que Jo\u00e3o Miguel n\u00e3o apresentava sinais vitais e imediatamente chamou socorro. Beb\u00ea foi levado para atendimento, mas n\u00e3o resistiu. O \u00f3bito foi confirmado no local, provocando como\u00e7\u00e3o entre vizinhos e familiares. M\u00e3e foi encaminhada \u00e0 Delegacia de Pol\u00edcia Civil de Cura\u00e7\u00e1. O caso foi registrado como homic\u00eddio culposo, quando n\u00e3o h\u00e1 inten\u00e7\u00e3o de matar. Corpo do beb\u00ea foi levado ao Instituto M\u00e9dico Legal (IML) de Juazeiro. Jo\u00e3o Miguel completaria dois meses na pr\u00f3xima quarta-feira (26).\" \/>\n<meta property=\"og:url\" content=\"https:\/\/sudoesteacontece.com.br\/?p=3264\" \/>\n<meta property=\"og:site_name\" content=\"Sudoesteacontece\" \/>\n<meta property=\"article:publisher\" content=\"https:\/\/www.facebook.com\/sudoesteacontece\/?locale=pt_BR\" \/>\n<meta property=\"article:published_time\" content=\"2025-11-22T16:10:22+00:00\" \/>\n<meta property=\"article:modified_time\" content=\"2025-11-22T16:10:23+00:00\" \/>\n<meta property=\"og:image\" content=\"https:\/\/sudoesteacontece.com.br\/wp-content\/uploads\/2025\/11\/Mae-embriagada-provoca-morte-acidental-de-bebe-de-1-mes-em-Curaca-SUDOESTE-ACONTECE.jpg\" \/>\n\t<meta property=\"og:image:width\" content=\"900\" \/>\n\t<meta property=\"og:image:height\" content=\"600\" \/>\n\t<meta property=\"og:image:type\" content=\"image\/jpeg\" \/>\n<meta name=\"author\" content=\"Washington Tiago\" \/>\n<meta name=\"twitter:card\" content=\"summary_large_image\" \/>\n<meta name=\"twitter:label1\" content=\"Escrito por\" \/>\n\t<meta name=\"twitter:data1\" content=\"Washington Tiago\" \/>\n\t<meta name=\"twitter:label2\" content=\"Est. tempo de leitura\" \/>\n\t<meta name=\"twitter:data2\" content=\"1 minuto\" \/>\n<script type=\"application\/ld+json\" class=\"yoast-schema-graph\">{\"@context\":\"https:\/\/schema.org\",\"@graph\":[{\"@type\":\"Article\",\"@id\":\"https:\/\/sudoesteacontece.com.br\/?p=3264#article\",\"isPartOf\":{\"@id\":\"https:\/\/sudoesteacontece.com.br\/?p=3264\"},\"author\":{\"name\":\"Washington Tiago\",\"@id\":\"https:\/\/sudoesteacontece.com.br\/#\/schema\/person\/3cf2cf009926a9683ebc29d5379fa79c\"},\"headline\":\"M\u00e3e embriagada provoca morte acidental de beb\u00ea de 1 m\u00eas em Cura\u00e7\u00e1\",\"datePublished\":\"2025-11-22T16:10:22+00:00\",\"dateModified\":\"2025-11-22T16:10:23+00:00\",\"mainEntityOfPage\":{\"@id\":\"https:\/\/sudoesteacontece.com.br\/?p=3264\"},\"wordCount\":166,\"commentCount\":0,\"publisher\":{\"@id\":\"https:\/\/sudoesteacontece.com.br\/#organization\"},\"image\":{\"@id\":\"https:\/\/sudoesteacontece.com.br\/?p=3264#primaryimage\"},\"thumbnailUrl\":\"https:\/\/sudoesteacontece.com.br\/wp-content\/uploads\/2025\/11\/Mae-embriagada-provoca-morte-acidental-de-bebe-de-1-mes-em-Curaca-SUDOESTE-ACONTECE.jpg\",\"articleSection\":[\"Pol\u00edcia\"],\"inLanguage\":\"pt-BR\",\"potentialAction\":[{\"@type\":\"CommentAction\",\"name\":\"Comment\",\"target\":[\"https:\/\/sudoesteacontece.com.br\/?p=3264#respond\"]}]},{\"@type\":\"WebPage\",\"@id\":\"https:\/\/sudoesteacontece.com.br\/?p=3264\",\"url\":\"https:\/\/sudoesteacontece.com.br\/?p=3264\",\"name\":\"M\u00e3e embriagada provoca morte acidental de beb\u00ea de 1 m\u00eas em Cura\u00e7\u00e1 - Sudoesteacontece\",\"isPartOf\":{\"@id\":\"https:\/\/sudoesteacontece.com.br\/#website\"},\"primaryImageOfPage\":{\"@id\":\"https:\/\/sudoesteacontece.com.br\/?p=3264#primaryimage\"},\"image\":{\"@id\":\"https:\/\/sudoesteacontece.com.br\/?p=3264#primaryimage\"},\"thumbnailUrl\":\"https:\/\/sudoesteacontece.com.br\/wp-content\/uploads\/2025\/11\/Mae-embriagada-provoca-morte-acidental-de-bebe-de-1-mes-em-Curaca-SUDOESTE-ACONTECE.jpg\",\"datePublished\":\"2025-11-22T16:10:22+00:00\",\"dateModified\":\"2025-11-22T16:10:23+00:00\",\"breadcrumb\":{\"@id\":\"https:\/\/sudoesteacontece.com.br\/?p=3264#breadcrumb\"},\"inLanguage\":\"pt-BR\",\"potentialAction\":[{\"@type\":\"ReadAction\",\"target\":[\"https:\/\/sudoesteacontece.com.br\/?p=3264\"]}]},{\"@type\":\"ImageObject\",\"inLanguage\":\"pt-BR\",\"@id\":\"https:\/\/sudoesteacontece.com.br\/?p=3264#primaryimage\",\"url\":\"https:\/\/sudoesteacontece.com.br\/wp-content\/uploads\/2025\/11\/Mae-embriagada-provoca-morte-acidental-de-bebe-de-1-mes-em-Curaca-SUDOESTE-ACONTECE.jpg\",\"contentUrl\":\"https:\/\/sudoesteacontece.com.br\/wp-content\/uploads\/2025\/11\/Mae-embriagada-provoca-morte-acidental-de-bebe-de-1-mes-em-Curaca-SUDOESTE-ACONTECE.jpg\",\"width\":900,\"height\":600},{\"@type\":\"BreadcrumbList\",\"@id\":\"https:\/\/sudoesteacontece.com.br\/?p=3264#breadcrumb\",\"itemListElement\":[{\"@type\":\"ListItem\",\"position\":1,\"name\":\"In\u00edcio\",\"item\":\"https:\/\/sudoesteacontece.com.br\/\"},{\"@type\":\"ListItem\",\"position\":2,\"name\":\"M\u00e3e embriagada provoca morte acidental de beb\u00ea de 1 m\u00eas em Cura\u00e7\u00e1\"}]},{\"@type\":\"WebSite\",\"@id\":\"https:\/\/sudoesteacontece.com.br\/#website\",\"url\":\"https:\/\/sudoesteacontece.com.br\/\",\"name\":\"Sudoesteacontece\",\"description\":\"\",\"publisher\":{\"@id\":\"https:\/\/sudoesteacontece.com.br\/#organization\"},\"potentialAction\":[{\"@type\":\"SearchAction\",\"target\":{\"@type\":\"EntryPoint\",\"urlTemplate\":\"https:\/\/sudoesteacontece.com.br\/?s={search_term_string}\"},\"query-input\":{\"@type\":\"PropertyValueSpecification\",\"valueRequired\":true,\"valueName\":\"search_term_string\"}}],\"inLanguage\":\"pt-BR\"},{\"@type\":\"Organization\",\"@id\":\"https:\/\/sudoesteacontece.com.br\/#organization\",\"name\":\"Sudoesteacontece\",\"url\":\"https:\/\/sudoesteacontece.com.br\/\",\"logo\":{\"@type\":\"ImageObject\",\"inLanguage\":\"pt-BR\",\"@id\":\"https:\/\/sudoesteacontece.com.br\/#\/schema\/logo\/image\/\",\"url\":\"https:\/\/sudoesteacontece.com.br\/wp-content\/uploads\/2025\/12\/cropped-logo-2-180x180-1.png\",\"contentUrl\":\"https:\/\/sudoesteacontece.com.br\/wp-content\/uploads\/2025\/12\/cropped-logo-2-180x180-1.png\",\"width\":180,\"height\":180,\"caption\":\"Sudoesteacontece\"},\"image\":{\"@id\":\"https:\/\/sudoesteacontece.com.br\/#\/schema\/logo\/image\/\"},\"sameAs\":[\"https:\/\/www.facebook.com\/sudoesteacontece\/?locale=pt_BR\"]},{\"@type\":\"Person\",\"@id\":\"https:\/\/sudoesteacontece.com.br\/#\/schema\/person\/3cf2cf009926a9683ebc29d5379fa79c\",\"name\":\"Washington Tiago\",\"image\":{\"@type\":\"ImageObject\",\"inLanguage\":\"pt-BR\",\"@id\":\"https:\/\/sudoesteacontece.com.br\/#\/schema\/person\/image\/\",\"url\":\"https:\/\/secure.gravatar.com\/avatar\/33c43b8668157e040f9d1fe93c354bf087cbd8ba36270c1163198bd3ddcf2a56?s=96&d=mm&r=g\",\"contentUrl\":\"https:\/\/secure.gravatar.com\/avatar\/33c43b8668157e040f9d1fe93c354bf087cbd8ba36270c1163198bd3ddcf2a56?s=96&d=mm&r=g\",\"caption\":\"Washington Tiago\"},\"url\":\"https:\/\/sudoesteacontece.com.br\/?author=2\"}]}<\/script>\n<!-- \/ Yoast SEO plugin. -->","yoast_head_json":{"title":"M\u00e3e embriagada provoca morte acidental de beb\u00ea de 1 m\u00eas em Cura\u00e7\u00e1 - Sudoesteacontece","robots":{"index":"index","follow":"follow","max-snippet":"max-snippet:-1","max-image-preview":"max-image-preview:large","max-video-preview":"max-video-preview:-1"},"canonical":"https:\/\/sudoesteacontece.com.br\/?p=3264","og_locale":"pt_BR","og_type":"article","og_title":"M\u00e3e embriagada provoca morte acidental de beb\u00ea de 1 m\u00eas em Cura\u00e7\u00e1 - Sudoesteacontece","og_description":"Trag\u00e9dia ocorreu no bairro Alto da Lora, no norte da Bahia, na \u00faltima quinta-feira (20). Jo\u00e3o Miguel Marques da Silva, de apenas 1 m\u00eas, n\u00e3o resistiu ap\u00f3s ser asfixiado acidentalmente. M\u00e3e apresentava sinais de embriaguez. Segundo a Pol\u00edcia Militar, ela deitou na cama onde o beb\u00ea dormia e acabou adormecendo sobre a crian\u00e7a. Descoberta ocorreu quando a m\u00e3e acordou. Ela percebeu que Jo\u00e3o Miguel n\u00e3o apresentava sinais vitais e imediatamente chamou socorro. Beb\u00ea foi levado para atendimento, mas n\u00e3o resistiu. O \u00f3bito foi confirmado no local, provocando como\u00e7\u00e3o entre vizinhos e familiares. M\u00e3e foi encaminhada \u00e0 Delegacia de Pol\u00edcia Civil de Cura\u00e7\u00e1. O caso foi registrado como homic\u00eddio culposo, quando n\u00e3o h\u00e1 inten\u00e7\u00e3o de matar. Corpo do beb\u00ea foi levado ao Instituto M\u00e9dico Legal (IML) de Juazeiro. Jo\u00e3o Miguel completaria dois meses na pr\u00f3xima quarta-feira (26).","og_url":"https:\/\/sudoesteacontece.com.br\/?p=3264","og_site_name":"Sudoesteacontece","article_publisher":"https:\/\/www.facebook.com\/sudoesteacontece\/?locale=pt_BR","article_published_time":"2025-11-22T16:10:22+00:00","article_modified_time":"2025-11-22T16:10:23+00:00","og_image":[{"width":900,"height":600,"url":"https:\/\/sudoesteacontece.com.br\/wp-content\/uploads\/2025\/11\/Mae-embriagada-provoca-morte-acidental-de-bebe-de-1-mes-em-Curaca-SUDOESTE-ACONTECE.jpg","type":"image\/jpeg"}],"author":"Washington Tiago","twitter_card":"summary_large_image","twitter_misc":{"Escrito por":"Washington Tiago","Est. tempo de leitura":"1 minuto"},"schema":{"@context":"https:\/\/schema.org","@graph":[{"@type":"Article","@id":"https:\/\/sudoesteacontece.com.br\/?p=3264#article","isPartOf":{"@id":"https:\/\/sudoesteacontece.com.br\/?p=3264"},"author":{"name":"Washington Tiago","@id":"https:\/\/sudoesteacontece.com.br\/#\/schema\/person\/3cf2cf009926a9683ebc29d5379fa79c"},"headline":"M\u00e3e embriagada provoca morte acidental de beb\u00ea de 1 m\u00eas em Cura\u00e7\u00e1","datePublished":"2025-11-22T16:10:22+00:00","dateModified":"2025-11-22T16:10:23+00:00","mainEntityOfPage":{"@id":"https:\/\/sudoesteacontece.com.br\/?p=3264"},"wordCount":166,"commentCount":0,"publisher":{"@id":"https:\/\/sudoesteacontece.com.br\/#organization"},"image":{"@id":"https:\/\/sudoesteacontece.com.br\/?p=3264#primaryimage"},"thumbnailUrl":"https:\/\/sudoesteacontece.com.br\/wp-content\/uploads\/2025\/11\/Mae-embriagada-provoca-morte-acidental-de-bebe-de-1-mes-em-Curaca-SUDOESTE-ACONTECE.jpg","articleSection":["Pol\u00edcia"],"inLanguage":"pt-BR","potentialAction":[{"@type":"CommentAction","name":"Comment","target":["https:\/\/sudoesteacontece.com.br\/?p=3264#respond"]}]},{"@type":"WebPage","@id":"https:\/\/sudoesteacontece.com.br\/?p=3264","url":"https:\/\/sudoesteacontece.com.br\/?p=3264","name":"M\u00e3e embriagada provoca morte acidental de beb\u00ea de 1 m\u00eas em Cura\u00e7\u00e1 - Sudoesteacontece","isPartOf":{"@id":"https:\/\/sudoesteacontece.com.br\/#website"},"primaryImageOfPage":{"@id":"https:\/\/sudoesteacontece.com.br\/?p=3264#primaryimage"},"image":{"@id":"https:\/\/sudoesteacontece.com.br\/?p=3264#primaryimage"},"thumbnailUrl":"https:\/\/sudoesteacontece.com.br\/wp-content\/uploads\/2025\/11\/Mae-embriagada-provoca-morte-acidental-de-bebe-de-1-mes-em-Curaca-SUDOESTE-ACONTECE.jpg","datePublished":"2025-11-22T16:10:22+00:00","dateModified":"2025-11-22T16:10:23+00:00","breadcrumb":{"@id":"https:\/\/sudoesteacontece.com.br\/?p=3264#breadcrumb"},"inLanguage":"pt-BR","potentialAction":[{"@type":"ReadAction","target":["https:\/\/sudoesteacontece.com.br\/?p=3264"]}]},{"@type":"ImageObject","inLanguage":"pt-BR","@id":"https:\/\/sudoesteacontece.com.br\/?p=3264#primaryimage","url":"https:\/\/sudoesteacontece.com.br\/wp-content\/uploads\/2025\/11\/Mae-embriagada-provoca-morte-acidental-de-bebe-de-1-mes-em-Curaca-SUDOESTE-ACONTECE.jpg","contentUrl":"https:\/\/sudoesteacontece.com.br\/wp-content\/uploads\/2025\/11\/Mae-embriagada-provoca-morte-acidental-de-bebe-de-1-mes-em-Curaca-SUDOESTE-ACONTECE.jpg","width":900,"height":600},{"@type":"BreadcrumbList","@id":"https:\/\/sudoesteacontece.com.br\/?p=3264#breadcrumb","itemListElement":[{"@type":"ListItem","position":1,"name":"In\u00edcio","item":"https:\/\/sudoesteacontece.com.br\/"},{"@type":"ListItem","position":2,"name":"M\u00e3e embriagada provoca morte acidental de beb\u00ea de 1 m\u00eas em Cura\u00e7\u00e1"}]},{"@type":"WebSite","@id":"https:\/\/sudoesteacontece.com.br\/#website","url":"https:\/\/sudoesteacontece.com.br\/","name":"Sudoesteacontece","description":"","publisher":{"@id":"https:\/\/sudoesteacontece.com.br\/#organization"},"potentialAction":[{"@type":"SearchAction","target":{"@type":"EntryPoint","urlTemplate":"https:\/\/sudoesteacontece.com.br\/?s={search_term_string}"},"query-input":{"@type":"PropertyValueSpecification","valueRequired":true,"valueName":"search_term_string"}}],"inLanguage":"pt-BR"},{"@type":"Organization","@id":"https:\/\/sudoesteacontece.com.br\/#organization","name":"Sudoesteacontece","url":"https:\/\/sudoesteacontece.com.br\/","logo":{"@type":"ImageObject","inLanguage":"pt-BR","@id":"https:\/\/sudoesteacontece.com.br\/#\/schema\/logo\/image\/","url":"https:\/\/sudoesteacontece.com.br\/wp-content\/uploads\/2025\/12\/cropped-logo-2-180x180-1.png","contentUrl":"https:\/\/sudoesteacontece.com.br\/wp-content\/uploads\/2025\/12\/cropped-logo-2-180x180-1.png","width":180,"height":180,"caption":"Sudoesteacontece"},"image":{"@id":"https:\/\/sudoesteacontece.com.br\/#\/schema\/logo\/image\/"},"sameAs":["https:\/\/www.facebook.com\/sudoesteacontece\/?locale=pt_BR"]},{"@type":"Person","@id":"https:\/\/sudoesteacontece.com.br\/#\/schema\/person\/3cf2cf009926a9683ebc29d5379fa79c","name":"Washington Tiago","image":{"@type":"ImageObject","inLanguage":"pt-BR","@id":"https:\/\/sudoesteacontece.com.br\/#\/schema\/person\/image\/","url":"https:\/\/secure.gravatar.com\/avatar\/33c43b8668157e040f9d1fe93c354bf087cbd8ba36270c1163198bd3ddcf2a56?s=96&d=mm&r=g","contentUrl":"https:\/\/secure.gravatar.com\/avatar\/33c43b8668157e040f9d1fe93c354bf087cbd8ba36270c1163198bd3ddcf2a56?s=96&d=mm&r=g","caption":"Washington Tiago"},"url":"https:\/\/sudoesteacontece.com.br\/?author=2"}]}},"_links":{"self":[{"href":"https:\/\/sudoesteacontece.com.br\/index.php?rest_route=\/wp\/v2\/posts\/3264","targetHints":{"allow":["GET"]}}],"collection":[{"href":"https:\/\/sudoesteacontece.com.br\/index.php?rest_route=\/wp\/v2\/posts"}],"about":[{"href":"https:\/\/sudoesteacontece.com.br\/index.php?rest_route=\/wp\/v2\/types\/post"}],"author":[{"embeddable":true,"href":"https:\/\/sudoesteacontece.com.br\/index.php?rest_route=\/wp\/v2\/users\/2"}],"replies":[{"embeddable":true,"href":"https:\/\/sudoesteacontece.com.br\/index.php?rest_route=%2Fwp%2Fv2%2Fcomments&post=3264"}],"version-history":[{"count":0,"href":"https:\/\/sudoesteacontece.com.br\/index.php?rest_route=\/wp\/v2\/posts\/3264\/revisions"}],"wp:featuredmedia":[{"embeddable":true,"href":"https:\/\/sudoesteacontece.com.br\/index.php?rest_route=\/wp\/v2\/media\/3308"}],"wp:attachment":[{"href":"https:\/\/sudoesteacontece.com.br\/index.php?rest_route=%2Fwp%2Fv2%2Fmedia&parent=3264"}],"wp:term":[{"taxonomy":"category","embeddable":true,"href":"https:\/\/sudoesteacontece.com.br\/index.php?rest_route=%2Fwp%2Fv2%2Fcategories&post=3264"},{"taxonomy":"post_tag","embeddable":true,"href":"https:\/\/sudoesteacontece.com.br\/index.php?rest_route=%2Fwp%2Fv2%2Ftags&post=3264"}],"curies":[{"name":"wp","href":"https:\/\/api.w.org\/{rel}","templated":true}]}}