{"id":3320,"date":"2025-11-23T18:37:47","date_gmt":"2025-11-23T21:37:47","guid":{"rendered":"https:\/\/sudoesteacontece.com.br\/?p=3320"},"modified":"2025-11-23T18:37:48","modified_gmt":"2025-11-23T21:37:48","slug":"comocao-em-conquista-comunicador-ramon-lima-lacerda-morre-aos-51-anos","status":"publish","type":"post","link":"https:\/\/sudoesteacontece.com.br\/?p=3320","title":{"rendered":"Como\u00e7\u00e3o em Conquista: comunicador Ramon Lima Lacerda morre aos 51 anos"},"content":{"rendered":"<div class=\"wp-block-image\">\n<figure class=\"aligncenter size-full\"><img fetchpriority=\"high\" decoding=\"async\" width=\"900\" height=\"600\" src=\"http:\/\/sudoesteacontece.com.br\/wp-content\/uploads\/2025\/11\/Comocao-em-Conquista-comunicador-Ramon-Lima-Lacerda-morre-aos-51-anos-sudoeste-acontece.jpg\" alt=\"\" class=\"wp-image-3333\" srcset=\"https:\/\/sudoesteacontece.com.br\/wp-content\/uploads\/2025\/11\/Comocao-em-Conquista-comunicador-Ramon-Lima-Lacerda-morre-aos-51-anos-sudoeste-acontece.jpg 900w, https:\/\/sudoesteacontece.com.br\/wp-content\/uploads\/2025\/11\/Comocao-em-Conquista-comunicador-Ramon-Lima-Lacerda-morre-aos-51-anos-sudoeste-acontece-300x200.jpg 300w, https:\/\/sudoesteacontece.com.br\/wp-content\/uploads\/2025\/11\/Comocao-em-Conquista-comunicador-Ramon-Lima-Lacerda-morre-aos-51-anos-sudoeste-acontece-768x512.jpg 768w\" sizes=\"(max-width: 900px) 100vw, 900px\" \/><\/figure>\n<\/div>\n\n\n<p>Tristeza marcou a manh\u00e3 desta sexta-feira (21) em Vit\u00f3ria da Conquista. Comunicador Ramon Lima Lacerda, figura conhecida e admirada na imprensa local, morreu aos 51 anos ap\u00f3s complica\u00e7\u00f5es de sa\u00fade. Ramon estava internado na Unidade de Terapia Intensiva do Hospital S\u00e3o Vicente de Paulo. <\/p>\n\n\n\n<p>Ele n\u00e3o resistiu ao agravamento do quadro cl\u00ednico e faleceu justamente no dia em que completaria 51 anos, aumentando ainda mais o peso da not\u00edcia para familiares e amigos. Cidade perdeu um nome ic\u00f4nico da comunica\u00e7\u00e3o conquistense. Profissional respeitado, Ramon deixa esposa, filhos e netos, al\u00e9m de dois irm\u00e3os muito conhecidos no meio audiovisual: os cinegrafistas Ricardo Lima Lacerda e Humberto Anuncia\u00e7\u00e3o.<\/p>\n\n\n\n<p>Funeral acontece no Sal\u00e3o Nobre da Pax Nacional, na Rua Olavo Bilac, n\u00famero 4. Sepultamento foi marcado para as 10h deste s\u00e1bado (22), no Cemit\u00e9rio da Saudade, e reuniu colegas de profiss\u00e3o, familiares e admiradores. A despedida de Ramon Lacerda comove a comunidade local, que reconhece sua trajet\u00f3ria, sua voz marcante. A mem\u00f3ria do comunicador segue viva no legado que deixou para Vit\u00f3ria da Conquista.<\/p>\n","protected":false},"excerpt":{"rendered":"<p>Tristeza marcou a manh\u00e3 desta sexta-feira (21) em Vit\u00f3ria da Conquista. Comunicador Ramon Lima Lacerda, figura conhecida e admirada na imprensa local, morreu aos 51 anos ap\u00f3s complica\u00e7\u00f5es de sa\u00fade. Ramon estava internado na Unidade de Terapia Intensiva do Hospital S\u00e3o Vicente de Paulo. Ele n\u00e3o resistiu ao agravamento do quadro cl\u00ednico e faleceu justamente no dia em que completaria 51 anos, aumentando ainda mais o peso da not\u00edcia para familiares e amigos. Cidade perdeu um nome ic\u00f4nico da comunica\u00e7\u00e3o conquistense. Profissional respeitado, Ramon deixa esposa, filhos e netos, al\u00e9m de dois irm\u00e3os muito conhecidos no meio audiovisual: os cinegrafistas Ricardo Lima Lacerda e Humberto Anuncia\u00e7\u00e3o. Funeral acontece no Sal\u00e3o Nobre da Pax Nacional, na Rua Olavo Bilac, n\u00famero 4. Sepultamento foi marcado para as 10h deste s\u00e1bado (22), no Cemit\u00e9rio da Saudade, e reuniu colegas de profiss\u00e3o, familiares e admiradores. A despedida de Ramon Lacerda comove a comunidade local, que reconhece sua trajet\u00f3ria, sua voz marcante. A mem\u00f3ria do comunicador segue viva no legado que deixou para Vit\u00f3ria da Conquista.<\/p>\n","protected":false},"author":2,"featured_media":3333,"comment_status":"open","ping_status":"open","sticky":false,"template":"","format":"standard","meta":{"footnotes":""},"categories":[4,8],"tags":[],"class_list":["post-3320","post","type-post","status-publish","format-standard","has-post-thumbnail","hentry","category-cidades","category-vitoria-da-conquista"],"yoast_head":"<!-- This site is optimized with the Yoast SEO plugin v26.5 - https:\/\/yoast.com\/wordpress\/plugins\/seo\/ -->\n<title>Como\u00e7\u00e3o em Conquista: comunicador Ramon Lima Lacerda morre aos 51 anos - Sudoesteacontece<\/title>\n<meta name=\"robots\" content=\"index, follow, max-snippet:-1, max-image-preview:large, max-video-preview:-1\" \/>\n<link rel=\"canonical\" href=\"https:\/\/sudoesteacontece.com.br\/?p=3320\" \/>\n<meta property=\"og:locale\" content=\"pt_BR\" \/>\n<meta property=\"og:type\" content=\"article\" \/>\n<meta property=\"og:title\" content=\"Como\u00e7\u00e3o em Conquista: comunicador Ramon Lima Lacerda morre aos 51 anos - Sudoesteacontece\" \/>\n<meta property=\"og:description\" content=\"Tristeza marcou a manh\u00e3 desta sexta-feira (21) em Vit\u00f3ria da Conquista. Comunicador Ramon Lima Lacerda, figura conhecida e admirada na imprensa local, morreu aos 51 anos ap\u00f3s complica\u00e7\u00f5es de sa\u00fade. Ramon estava internado na Unidade de Terapia Intensiva do Hospital S\u00e3o Vicente de Paulo. Ele n\u00e3o resistiu ao agravamento do quadro cl\u00ednico e faleceu justamente no dia em que completaria 51 anos, aumentando ainda mais o peso da not\u00edcia para familiares e amigos. Cidade perdeu um nome ic\u00f4nico da comunica\u00e7\u00e3o conquistense. Profissional respeitado, Ramon deixa esposa, filhos e netos, al\u00e9m de dois irm\u00e3os muito conhecidos no meio audiovisual: os cinegrafistas Ricardo Lima Lacerda e Humberto Anuncia\u00e7\u00e3o. Funeral acontece no Sal\u00e3o Nobre da Pax Nacional, na Rua Olavo Bilac, n\u00famero 4. Sepultamento foi marcado para as 10h deste s\u00e1bado (22), no Cemit\u00e9rio da Saudade, e reuniu colegas de profiss\u00e3o, familiares e admiradores. A despedida de Ramon Lacerda comove a comunidade local, que reconhece sua trajet\u00f3ria, sua voz marcante. A mem\u00f3ria do comunicador segue viva no legado que deixou para Vit\u00f3ria da Conquista.\" \/>\n<meta property=\"og:url\" content=\"https:\/\/sudoesteacontece.com.br\/?p=3320\" \/>\n<meta property=\"og:site_name\" content=\"Sudoesteacontece\" \/>\n<meta property=\"article:publisher\" content=\"https:\/\/www.facebook.com\/sudoesteacontece\/?locale=pt_BR\" \/>\n<meta property=\"article:published_time\" content=\"2025-11-23T21:37:47+00:00\" \/>\n<meta property=\"article:modified_time\" content=\"2025-11-23T21:37:48+00:00\" \/>\n<meta property=\"og:image\" content=\"https:\/\/sudoesteacontece.com.br\/wp-content\/uploads\/2025\/11\/Comocao-em-Conquista-comunicador-Ramon-Lima-Lacerda-morre-aos-51-anos-sudoeste-acontece.jpg\" \/>\n\t<meta property=\"og:image:width\" content=\"900\" \/>\n\t<meta property=\"og:image:height\" content=\"600\" \/>\n\t<meta property=\"og:image:type\" content=\"image\/jpeg\" \/>\n<meta name=\"author\" content=\"Washington Tiago\" \/>\n<meta name=\"twitter:card\" content=\"summary_large_image\" \/>\n<meta name=\"twitter:label1\" content=\"Escrito por\" \/>\n\t<meta name=\"twitter:data1\" content=\"Washington Tiago\" \/>\n\t<meta name=\"twitter:label2\" content=\"Est. tempo de leitura\" \/>\n\t<meta name=\"twitter:data2\" content=\"1 minuto\" \/>\n<script type=\"application\/ld+json\" class=\"yoast-schema-graph\">{\"@context\":\"https:\/\/schema.org\",\"@graph\":[{\"@type\":\"Article\",\"@id\":\"https:\/\/sudoesteacontece.com.br\/?p=3320#article\",\"isPartOf\":{\"@id\":\"https:\/\/sudoesteacontece.com.br\/?p=3320\"},\"author\":{\"name\":\"Washington Tiago\",\"@id\":\"https:\/\/sudoesteacontece.com.br\/#\/schema\/person\/3cf2cf009926a9683ebc29d5379fa79c\"},\"headline\":\"Como\u00e7\u00e3o em Conquista: comunicador Ramon Lima Lacerda morre aos 51 anos\",\"datePublished\":\"2025-11-23T21:37:47+00:00\",\"dateModified\":\"2025-11-23T21:37:48+00:00\",\"mainEntityOfPage\":{\"@id\":\"https:\/\/sudoesteacontece.com.br\/?p=3320\"},\"wordCount\":198,\"commentCount\":0,\"publisher\":{\"@id\":\"https:\/\/sudoesteacontece.com.br\/#organization\"},\"image\":{\"@id\":\"https:\/\/sudoesteacontece.com.br\/?p=3320#primaryimage\"},\"thumbnailUrl\":\"https:\/\/sudoesteacontece.com.br\/wp-content\/uploads\/2025\/11\/Comocao-em-Conquista-comunicador-Ramon-Lima-Lacerda-morre-aos-51-anos-sudoeste-acontece.jpg\",\"articleSection\":[\"Cidades\",\"Vit\u00f3ria da Conquista\"],\"inLanguage\":\"pt-BR\",\"potentialAction\":[{\"@type\":\"CommentAction\",\"name\":\"Comment\",\"target\":[\"https:\/\/sudoesteacontece.com.br\/?p=3320#respond\"]}]},{\"@type\":\"WebPage\",\"@id\":\"https:\/\/sudoesteacontece.com.br\/?p=3320\",\"url\":\"https:\/\/sudoesteacontece.com.br\/?p=3320\",\"name\":\"Como\u00e7\u00e3o em Conquista: comunicador Ramon Lima Lacerda morre aos 51 anos - Sudoesteacontece\",\"isPartOf\":{\"@id\":\"https:\/\/sudoesteacontece.com.br\/#website\"},\"primaryImageOfPage\":{\"@id\":\"https:\/\/sudoesteacontece.com.br\/?p=3320#primaryimage\"},\"image\":{\"@id\":\"https:\/\/sudoesteacontece.com.br\/?p=3320#primaryimage\"},\"thumbnailUrl\":\"https:\/\/sudoesteacontece.com.br\/wp-content\/uploads\/2025\/11\/Comocao-em-Conquista-comunicador-Ramon-Lima-Lacerda-morre-aos-51-anos-sudoeste-acontece.jpg\",\"datePublished\":\"2025-11-23T21:37:47+00:00\",\"dateModified\":\"2025-11-23T21:37:48+00:00\",\"breadcrumb\":{\"@id\":\"https:\/\/sudoesteacontece.com.br\/?p=3320#breadcrumb\"},\"inLanguage\":\"pt-BR\",\"potentialAction\":[{\"@type\":\"ReadAction\",\"target\":[\"https:\/\/sudoesteacontece.com.br\/?p=3320\"]}]},{\"@type\":\"ImageObject\",\"inLanguage\":\"pt-BR\",\"@id\":\"https:\/\/sudoesteacontece.com.br\/?p=3320#primaryimage\",\"url\":\"https:\/\/sudoesteacontece.com.br\/wp-content\/uploads\/2025\/11\/Comocao-em-Conquista-comunicador-Ramon-Lima-Lacerda-morre-aos-51-anos-sudoeste-acontece.jpg\",\"contentUrl\":\"https:\/\/sudoesteacontece.com.br\/wp-content\/uploads\/2025\/11\/Comocao-em-Conquista-comunicador-Ramon-Lima-Lacerda-morre-aos-51-anos-sudoeste-acontece.jpg\",\"width\":900,\"height\":600},{\"@type\":\"BreadcrumbList\",\"@id\":\"https:\/\/sudoesteacontece.com.br\/?p=3320#breadcrumb\",\"itemListElement\":[{\"@type\":\"ListItem\",\"position\":1,\"name\":\"In\u00edcio\",\"item\":\"https:\/\/sudoesteacontece.com.br\/\"},{\"@type\":\"ListItem\",\"position\":2,\"name\":\"Como\u00e7\u00e3o em Conquista: comunicador Ramon Lima Lacerda morre aos 51 anos\"}]},{\"@type\":\"WebSite\",\"@id\":\"https:\/\/sudoesteacontece.com.br\/#website\",\"url\":\"https:\/\/sudoesteacontece.com.br\/\",\"name\":\"Sudoesteacontece\",\"description\":\"\",\"publisher\":{\"@id\":\"https:\/\/sudoesteacontece.com.br\/#organization\"},\"potentialAction\":[{\"@type\":\"SearchAction\",\"target\":{\"@type\":\"EntryPoint\",\"urlTemplate\":\"https:\/\/sudoesteacontece.com.br\/?s={search_term_string}\"},\"query-input\":{\"@type\":\"PropertyValueSpecification\",\"valueRequired\":true,\"valueName\":\"search_term_string\"}}],\"inLanguage\":\"pt-BR\"},{\"@type\":\"Organization\",\"@id\":\"https:\/\/sudoesteacontece.com.br\/#organization\",\"name\":\"Sudoesteacontece\",\"url\":\"https:\/\/sudoesteacontece.com.br\/\",\"logo\":{\"@type\":\"ImageObject\",\"inLanguage\":\"pt-BR\",\"@id\":\"https:\/\/sudoesteacontece.com.br\/#\/schema\/logo\/image\/\",\"url\":\"https:\/\/sudoesteacontece.com.br\/wp-content\/uploads\/2025\/12\/cropped-logo-2-180x180-1.png\",\"contentUrl\":\"https:\/\/sudoesteacontece.com.br\/wp-content\/uploads\/2025\/12\/cropped-logo-2-180x180-1.png\",\"width\":180,\"height\":180,\"caption\":\"Sudoesteacontece\"},\"image\":{\"@id\":\"https:\/\/sudoesteacontece.com.br\/#\/schema\/logo\/image\/\"},\"sameAs\":[\"https:\/\/www.facebook.com\/sudoesteacontece\/?locale=pt_BR\"]},{\"@type\":\"Person\",\"@id\":\"https:\/\/sudoesteacontece.com.br\/#\/schema\/person\/3cf2cf009926a9683ebc29d5379fa79c\",\"name\":\"Washington Tiago\",\"image\":{\"@type\":\"ImageObject\",\"inLanguage\":\"pt-BR\",\"@id\":\"https:\/\/sudoesteacontece.com.br\/#\/schema\/person\/image\/\",\"url\":\"https:\/\/secure.gravatar.com\/avatar\/33c43b8668157e040f9d1fe93c354bf087cbd8ba36270c1163198bd3ddcf2a56?s=96&d=mm&r=g\",\"contentUrl\":\"https:\/\/secure.gravatar.com\/avatar\/33c43b8668157e040f9d1fe93c354bf087cbd8ba36270c1163198bd3ddcf2a56?s=96&d=mm&r=g\",\"caption\":\"Washington Tiago\"},\"url\":\"https:\/\/sudoesteacontece.com.br\/?author=2\"}]}<\/script>\n<!-- \/ Yoast SEO plugin. -->","yoast_head_json":{"title":"Como\u00e7\u00e3o em Conquista: comunicador Ramon Lima Lacerda morre aos 51 anos - Sudoesteacontece","robots":{"index":"index","follow":"follow","max-snippet":"max-snippet:-1","max-image-preview":"max-image-preview:large","max-video-preview":"max-video-preview:-1"},"canonical":"https:\/\/sudoesteacontece.com.br\/?p=3320","og_locale":"pt_BR","og_type":"article","og_title":"Como\u00e7\u00e3o em Conquista: comunicador Ramon Lima Lacerda morre aos 51 anos - Sudoesteacontece","og_description":"Tristeza marcou a manh\u00e3 desta sexta-feira (21) em Vit\u00f3ria da Conquista. Comunicador Ramon Lima Lacerda, figura conhecida e admirada na imprensa local, morreu aos 51 anos ap\u00f3s complica\u00e7\u00f5es de sa\u00fade. Ramon estava internado na Unidade de Terapia Intensiva do Hospital S\u00e3o Vicente de Paulo. Ele n\u00e3o resistiu ao agravamento do quadro cl\u00ednico e faleceu justamente no dia em que completaria 51 anos, aumentando ainda mais o peso da not\u00edcia para familiares e amigos. Cidade perdeu um nome ic\u00f4nico da comunica\u00e7\u00e3o conquistense. Profissional respeitado, Ramon deixa esposa, filhos e netos, al\u00e9m de dois irm\u00e3os muito conhecidos no meio audiovisual: os cinegrafistas Ricardo Lima Lacerda e Humberto Anuncia\u00e7\u00e3o. Funeral acontece no Sal\u00e3o Nobre da Pax Nacional, na Rua Olavo Bilac, n\u00famero 4. Sepultamento foi marcado para as 10h deste s\u00e1bado (22), no Cemit\u00e9rio da Saudade, e reuniu colegas de profiss\u00e3o, familiares e admiradores. A despedida de Ramon Lacerda comove a comunidade local, que reconhece sua trajet\u00f3ria, sua voz marcante. A mem\u00f3ria do comunicador segue viva no legado que deixou para Vit\u00f3ria da Conquista.","og_url":"https:\/\/sudoesteacontece.com.br\/?p=3320","og_site_name":"Sudoesteacontece","article_publisher":"https:\/\/www.facebook.com\/sudoesteacontece\/?locale=pt_BR","article_published_time":"2025-11-23T21:37:47+00:00","article_modified_time":"2025-11-23T21:37:48+00:00","og_image":[{"width":900,"height":600,"url":"https:\/\/sudoesteacontece.com.br\/wp-content\/uploads\/2025\/11\/Comocao-em-Conquista-comunicador-Ramon-Lima-Lacerda-morre-aos-51-anos-sudoeste-acontece.jpg","type":"image\/jpeg"}],"author":"Washington Tiago","twitter_card":"summary_large_image","twitter_misc":{"Escrito por":"Washington Tiago","Est. tempo de leitura":"1 minuto"},"schema":{"@context":"https:\/\/schema.org","@graph":[{"@type":"Article","@id":"https:\/\/sudoesteacontece.com.br\/?p=3320#article","isPartOf":{"@id":"https:\/\/sudoesteacontece.com.br\/?p=3320"},"author":{"name":"Washington Tiago","@id":"https:\/\/sudoesteacontece.com.br\/#\/schema\/person\/3cf2cf009926a9683ebc29d5379fa79c"},"headline":"Como\u00e7\u00e3o em Conquista: comunicador Ramon Lima Lacerda morre aos 51 anos","datePublished":"2025-11-23T21:37:47+00:00","dateModified":"2025-11-23T21:37:48+00:00","mainEntityOfPage":{"@id":"https:\/\/sudoesteacontece.com.br\/?p=3320"},"wordCount":198,"commentCount":0,"publisher":{"@id":"https:\/\/sudoesteacontece.com.br\/#organization"},"image":{"@id":"https:\/\/sudoesteacontece.com.br\/?p=3320#primaryimage"},"thumbnailUrl":"https:\/\/sudoesteacontece.com.br\/wp-content\/uploads\/2025\/11\/Comocao-em-Conquista-comunicador-Ramon-Lima-Lacerda-morre-aos-51-anos-sudoeste-acontece.jpg","articleSection":["Cidades","Vit\u00f3ria da Conquista"],"inLanguage":"pt-BR","potentialAction":[{"@type":"CommentAction","name":"Comment","target":["https:\/\/sudoesteacontece.com.br\/?p=3320#respond"]}]},{"@type":"WebPage","@id":"https:\/\/sudoesteacontece.com.br\/?p=3320","url":"https:\/\/sudoesteacontece.com.br\/?p=3320","name":"Como\u00e7\u00e3o em Conquista: comunicador Ramon Lima Lacerda morre aos 51 anos - Sudoesteacontece","isPartOf":{"@id":"https:\/\/sudoesteacontece.com.br\/#website"},"primaryImageOfPage":{"@id":"https:\/\/sudoesteacontece.com.br\/?p=3320#primaryimage"},"image":{"@id":"https:\/\/sudoesteacontece.com.br\/?p=3320#primaryimage"},"thumbnailUrl":"https:\/\/sudoesteacontece.com.br\/wp-content\/uploads\/2025\/11\/Comocao-em-Conquista-comunicador-Ramon-Lima-Lacerda-morre-aos-51-anos-sudoeste-acontece.jpg","datePublished":"2025-11-23T21:37:47+00:00","dateModified":"2025-11-23T21:37:48+00:00","breadcrumb":{"@id":"https:\/\/sudoesteacontece.com.br\/?p=3320#breadcrumb"},"inLanguage":"pt-BR","potentialAction":[{"@type":"ReadAction","target":["https:\/\/sudoesteacontece.com.br\/?p=3320"]}]},{"@type":"ImageObject","inLanguage":"pt-BR","@id":"https:\/\/sudoesteacontece.com.br\/?p=3320#primaryimage","url":"https:\/\/sudoesteacontece.com.br\/wp-content\/uploads\/2025\/11\/Comocao-em-Conquista-comunicador-Ramon-Lima-Lacerda-morre-aos-51-anos-sudoeste-acontece.jpg","contentUrl":"https:\/\/sudoesteacontece.com.br\/wp-content\/uploads\/2025\/11\/Comocao-em-Conquista-comunicador-Ramon-Lima-Lacerda-morre-aos-51-anos-sudoeste-acontece.jpg","width":900,"height":600},{"@type":"BreadcrumbList","@id":"https:\/\/sudoesteacontece.com.br\/?p=3320#breadcrumb","itemListElement":[{"@type":"ListItem","position":1,"name":"In\u00edcio","item":"https:\/\/sudoesteacontece.com.br\/"},{"@type":"ListItem","position":2,"name":"Como\u00e7\u00e3o em Conquista: comunicador Ramon Lima Lacerda morre aos 51 anos"}]},{"@type":"WebSite","@id":"https:\/\/sudoesteacontece.com.br\/#website","url":"https:\/\/sudoesteacontece.com.br\/","name":"Sudoesteacontece","description":"","publisher":{"@id":"https:\/\/sudoesteacontece.com.br\/#organization"},"potentialAction":[{"@type":"SearchAction","target":{"@type":"EntryPoint","urlTemplate":"https:\/\/sudoesteacontece.com.br\/?s={search_term_string}"},"query-input":{"@type":"PropertyValueSpecification","valueRequired":true,"valueName":"search_term_string"}}],"inLanguage":"pt-BR"},{"@type":"Organization","@id":"https:\/\/sudoesteacontece.com.br\/#organization","name":"Sudoesteacontece","url":"https:\/\/sudoesteacontece.com.br\/","logo":{"@type":"ImageObject","inLanguage":"pt-BR","@id":"https:\/\/sudoesteacontece.com.br\/#\/schema\/logo\/image\/","url":"https:\/\/sudoesteacontece.com.br\/wp-content\/uploads\/2025\/12\/cropped-logo-2-180x180-1.png","contentUrl":"https:\/\/sudoesteacontece.com.br\/wp-content\/uploads\/2025\/12\/cropped-logo-2-180x180-1.png","width":180,"height":180,"caption":"Sudoesteacontece"},"image":{"@id":"https:\/\/sudoesteacontece.com.br\/#\/schema\/logo\/image\/"},"sameAs":["https:\/\/www.facebook.com\/sudoesteacontece\/?locale=pt_BR"]},{"@type":"Person","@id":"https:\/\/sudoesteacontece.com.br\/#\/schema\/person\/3cf2cf009926a9683ebc29d5379fa79c","name":"Washington Tiago","image":{"@type":"ImageObject","inLanguage":"pt-BR","@id":"https:\/\/sudoesteacontece.com.br\/#\/schema\/person\/image\/","url":"https:\/\/secure.gravatar.com\/avatar\/33c43b8668157e040f9d1fe93c354bf087cbd8ba36270c1163198bd3ddcf2a56?s=96&d=mm&r=g","contentUrl":"https:\/\/secure.gravatar.com\/avatar\/33c43b8668157e040f9d1fe93c354bf087cbd8ba36270c1163198bd3ddcf2a56?s=96&d=mm&r=g","caption":"Washington Tiago"},"url":"https:\/\/sudoesteacontece.com.br\/?author=2"}]}},"_links":{"self":[{"href":"https:\/\/sudoesteacontece.com.br\/index.php?rest_route=\/wp\/v2\/posts\/3320","targetHints":{"allow":["GET"]}}],"collection":[{"href":"https:\/\/sudoesteacontece.com.br\/index.php?rest_route=\/wp\/v2\/posts"}],"about":[{"href":"https:\/\/sudoesteacontece.com.br\/index.php?rest_route=\/wp\/v2\/types\/post"}],"author":[{"embeddable":true,"href":"https:\/\/sudoesteacontece.com.br\/index.php?rest_route=\/wp\/v2\/users\/2"}],"replies":[{"embeddable":true,"href":"https:\/\/sudoesteacontece.com.br\/index.php?rest_route=%2Fwp%2Fv2%2Fcomments&post=3320"}],"version-history":[{"count":0,"href":"https:\/\/sudoesteacontece.com.br\/index.php?rest_route=\/wp\/v2\/posts\/3320\/revisions"}],"wp:featuredmedia":[{"embeddable":true,"href":"https:\/\/sudoesteacontece.com.br\/index.php?rest_route=\/wp\/v2\/media\/3333"}],"wp:attachment":[{"href":"https:\/\/sudoesteacontece.com.br\/index.php?rest_route=%2Fwp%2Fv2%2Fmedia&parent=3320"}],"wp:term":[{"taxonomy":"category","embeddable":true,"href":"https:\/\/sudoesteacontece.com.br\/index.php?rest_route=%2Fwp%2Fv2%2Fcategories&post=3320"},{"taxonomy":"post_tag","embeddable":true,"href":"https:\/\/sudoesteacontece.com.br\/index.php?rest_route=%2Fwp%2Fv2%2Ftags&post=3320"}],"curies":[{"name":"wp","href":"https:\/\/api.w.org\/{rel}","templated":true}]}}