{"id":3395,"date":"2025-12-02T16:57:50","date_gmt":"2025-12-02T19:57:50","guid":{"rendered":"https:\/\/sudoesteacontece.com.br\/?p=3395"},"modified":"2025-12-02T16:57:51","modified_gmt":"2025-12-02T19:57:51","slug":"brumado-se-despede-de-adalberto-gomes-prates-icone-do-desenvolvimento-local-aos-99-anos","status":"publish","type":"post","link":"https:\/\/sudoesteacontece.com.br\/?p=3395","title":{"rendered":"Brumado se despede de Adalberto Gomes Prates, \u00edcone do desenvolvimento local, aos 99 anos"},"content":{"rendered":"\n<figure class=\"wp-block-image size-full\"><img fetchpriority=\"high\" decoding=\"async\" width=\"900\" height=\"600\" src=\"http:\/\/sudoesteacontece.com.br\/wp-content\/uploads\/2025\/12\/Brumado-se-despede-de-Adalberto-Gomes-Prates-icone-do-desenvolvimento-local-aos-99-anos-sudoeste-acontece.jpg\" alt=\"\" class=\"wp-image-3412\" srcset=\"https:\/\/sudoesteacontece.com.br\/wp-content\/uploads\/2025\/12\/Brumado-se-despede-de-Adalberto-Gomes-Prates-icone-do-desenvolvimento-local-aos-99-anos-sudoeste-acontece.jpg 900w, https:\/\/sudoesteacontece.com.br\/wp-content\/uploads\/2025\/12\/Brumado-se-despede-de-Adalberto-Gomes-Prates-icone-do-desenvolvimento-local-aos-99-anos-sudoeste-acontece-300x200.jpg 300w, https:\/\/sudoesteacontece.com.br\/wp-content\/uploads\/2025\/12\/Brumado-se-despede-de-Adalberto-Gomes-Prates-icone-do-desenvolvimento-local-aos-99-anos-sudoeste-acontece-768x512.jpg 768w\" sizes=\"(max-width: 900px) 100vw, 900px\" \/><\/figure>\n\n\n\n<p>Brumado amanheceu mais silenciosa neste s\u00e1bado (29) ap\u00f3s a morte de Adalberto Gomes Prates, aos 99 anos. A partida encerrou a trajet\u00f3ria de um dos maiores vision\u00e1rios da hist\u00f3ria do munic\u00edpio. Nascido em 12 de novembro de 1926, em Itua\u00e7u, Adalberto viveu a inf\u00e2ncia em V\u00e1rzea da Pedra e passou por Vit\u00f3ria da Conquista antes de fincar ra\u00edzes em Brumado, cidade que adotou como lar definitivo.<\/p>\n\n\n\n<p>Mem\u00f3rias de trabalho e coragem marcaram sua juventude. Em 1958, ele criou o primeiro jornal da cidade, o Jornal de Brumado, abrindo espa\u00e7o para informa\u00e7\u00e3o e cidadania. No mesmo per\u00edodo, fundou a Jurubeba Lobo, bebida que ganhou for\u00e7a na Bahia e em Minas Gerais e tornou seu nome conhecido al\u00e9m das fronteiras locais. Fam\u00edlia sempre foi o seu alicerce.  Em 1962, casou-se com a professora Maria de Lourdes Prates, com quem teve quatro filhos. <\/p>\n\n\n\n<p>A uni\u00e3o fortaleceu o esp\u00edrito empreendedor que mais tarde resultaria na cria\u00e7\u00e3o de uma f\u00e1brica de colch\u00f5es e da loja Simperbel M\u00f3veis. Constru\u00e7\u00f5es tamb\u00e9m definiram seu legado. No in\u00edcio dos anos 1970, quando a Avenida Ot\u00e1vio Mangabeira ainda era apenas uma rua isolada ao lado do antigo Campo de Avia\u00e7\u00e3o, Adalberto decidiu erguer casas modernas, in\u00e9ditas no munic\u00edpio. Fez quatro, vendeu, construiu outras e ajudou a desenhar o crescimento urbano da cidade.<\/p>\n\n\n\n<p>Progresso virou miss\u00e3o pessoal. Mesmo longe dos cargos p\u00fablicos, ele lutou durante d\u00e9cadas por melhorias essenciais. Sonhou com \u00e1gua encanada, hospital equipado, sinal de TV, r\u00e1dio funcionando, boas estradas e telefonia acess\u00edvel. Muitas vezes pagou do pr\u00f3prio bolso servi\u00e7os t\u00e9cnicos para levar projetos \u00e0 frente. In\u00fameras viagens a Salvador revelaram sua persist\u00eancia. Ele buscava audi\u00eancias com deputados, secret\u00e1rios e governadores. <\/p>\n\n\n\n<p>Enviava cartas, diagramas, mapas e propostas criadas com rigor t\u00e9cnico, acreditando que Brumado merecia avan\u00e7ar. Grandes ideias o moviam. Uma delas era encurtar o caminho entre Brumado e a capital, eliminando a necessidade de passar por Conquista. Pensou em uma estrada por Marac\u00e1s que reduziria o trajeto em cerca de 150 km. D\u00e9cadas depois, o sonho virou realidade. Outra vis\u00e3o ousada era a ponte Salvador\u2013Itaparica, que hoje tamb\u00e9m saiu do papel.<\/p>\n\n\n\n<p>Orgulho sempre marcou a fam\u00edlia. Os filhos costumam dizer que, ao trafegarem pela rodovia que ele idealizou, passam pela \u201cRodovia Adalberto Prates\u201d. A frase simboliza o impacto de um homem que enxergou o futuro antes de todos. Estudos e escrita tamb\u00e9m o acompanhavam. Ele gostava de numerologia e produzia artigos frequentes para jornais e blogs locais, mantendo di\u00e1logo com a comunidade at\u00e9 idade avan\u00e7ada.<\/p>\n\n\n\n<p>Trabalho intelectual ganhou forma definitiva em 2016, quando completou 90 anos e lan\u00e7ou o livro \u201cA Fam\u00edlia Prates\u201d, fruto de uma pesquisa que se estendeu por uma d\u00e9cada. Humanidade definiu seus \u00faltimos anos. Aos domingos, ele acordava cedo, participava da missa das 7h e seguia para visitas a pessoas acamadas. A rotina era constante, quase um ritual de cuidado e empatia.<\/p>\n\n\n\n<p>Despedidas sempre carregam dor, mas tamb\u00e9m gratid\u00e3o. Adalberto viveu 99 anos de simplicidade, generosidade e vis\u00e3o. Deixou obras, hist\u00f3rias, lembran\u00e7as e uma cidade inteira influenciada por seus sonhos. Brumado perde um homem simples que transformou ideias em caminhos e dedica\u00e7\u00e3o em legado.<\/p>\n","protected":false},"excerpt":{"rendered":"<p>Brumado amanheceu mais silenciosa neste s\u00e1bado (29) ap\u00f3s a morte de Adalberto Gomes Prates, aos 99 anos. A partida encerrou a trajet\u00f3ria de um dos maiores vision\u00e1rios da hist\u00f3ria do munic\u00edpio. Nascido em 12 de novembro de 1926, em Itua\u00e7u, Adalberto viveu a inf\u00e2ncia em V\u00e1rzea da Pedra e passou por Vit\u00f3ria da Conquista antes de fincar ra\u00edzes em Brumado, cidade que adotou como lar definitivo. Mem\u00f3rias de trabalho e coragem marcaram sua juventude. Em 1958, ele criou o primeiro jornal da cidade, o Jornal de Brumado, abrindo espa\u00e7o para informa\u00e7\u00e3o e cidadania. No mesmo per\u00edodo, fundou a Jurubeba Lobo, bebida que ganhou for\u00e7a na Bahia e em Minas Gerais e tornou seu nome conhecido al\u00e9m das fronteiras locais. Fam\u00edlia sempre foi o seu alicerce. Em 1962, casou-se com a professora Maria de Lourdes Prates, com quem teve quatro filhos. A uni\u00e3o fortaleceu o esp\u00edrito empreendedor que mais tarde resultaria na cria\u00e7\u00e3o de uma f\u00e1brica de colch\u00f5es e da loja Simperbel M\u00f3veis. Constru\u00e7\u00f5es tamb\u00e9m definiram seu legado. No in\u00edcio dos anos 1970, quando a Avenida Ot\u00e1vio Mangabeira ainda era apenas uma rua isolada ao lado do antigo Campo de Avia\u00e7\u00e3o, Adalberto decidiu erguer casas modernas, in\u00e9ditas no munic\u00edpio. Fez quatro, vendeu, construiu outras e ajudou a desenhar o crescimento urbano da cidade. Progresso virou miss\u00e3o pessoal. Mesmo longe dos cargos p\u00fablicos, ele lutou durante d\u00e9cadas por melhorias essenciais. Sonhou com \u00e1gua encanada, hospital equipado, sinal de TV, r\u00e1dio funcionando, boas estradas e telefonia acess\u00edvel. Muitas vezes pagou do pr\u00f3prio bolso servi\u00e7os t\u00e9cnicos para levar projetos \u00e0 frente. In\u00fameras viagens a Salvador revelaram sua persist\u00eancia. Ele buscava audi\u00eancias com deputados, secret\u00e1rios e governadores. Enviava cartas, diagramas, mapas e propostas criadas com rigor t\u00e9cnico, acreditando que Brumado merecia avan\u00e7ar. Grandes ideias o moviam. Uma delas era encurtar o caminho entre Brumado e a capital, eliminando a necessidade de passar por Conquista. Pensou em uma estrada por Marac\u00e1s que reduziria o trajeto em cerca de 150 km. D\u00e9cadas depois, o sonho virou realidade. Outra vis\u00e3o ousada era a ponte Salvador\u2013Itaparica, que hoje tamb\u00e9m saiu do papel. Orgulho sempre marcou a fam\u00edlia. Os filhos costumam dizer que, ao trafegarem pela rodovia que ele idealizou, passam pela \u201cRodovia Adalberto Prates\u201d. A frase simboliza o impacto de um homem que enxergou o futuro antes de todos. Estudos e escrita tamb\u00e9m o acompanhavam. Ele gostava de numerologia e produzia artigos frequentes para jornais e blogs locais, mantendo di\u00e1logo com a comunidade at\u00e9 idade avan\u00e7ada. Trabalho intelectual ganhou forma definitiva em 2016, quando completou 90 anos e lan\u00e7ou o livro \u201cA Fam\u00edlia Prates\u201d, fruto de uma pesquisa que se estendeu por uma d\u00e9cada. Humanidade definiu seus \u00faltimos anos. Aos domingos, ele acordava cedo, participava da missa das 7h e seguia para visitas a pessoas acamadas. A rotina era constante, quase um ritual de cuidado e empatia. Despedidas sempre carregam dor, mas tamb\u00e9m gratid\u00e3o. Adalberto viveu 99 anos de simplicidade, generosidade e vis\u00e3o. Deixou obras, hist\u00f3rias, lembran\u00e7as e uma cidade inteira influenciada por seus sonhos. Brumado perde um homem simples que transformou ideias em caminhos e dedica\u00e7\u00e3o em legado.<\/p>\n","protected":false},"author":2,"featured_media":3412,"comment_status":"open","ping_status":"open","sticky":false,"template":"","format":"standard","meta":{"footnotes":""},"categories":[10,4],"tags":[],"class_list":["post-3395","post","type-post","status-publish","format-standard","has-post-thumbnail","hentry","category-brumado","category-cidades"],"yoast_head":"<!-- This site is optimized with the Yoast SEO plugin v26.5 - https:\/\/yoast.com\/wordpress\/plugins\/seo\/ -->\n<title>Brumado se despede de Adalberto Gomes Prates, \u00edcone do desenvolvimento local, aos 99 anos - Sudoesteacontece<\/title>\n<meta name=\"robots\" content=\"index, follow, max-snippet:-1, max-image-preview:large, max-video-preview:-1\" \/>\n<link rel=\"canonical\" href=\"https:\/\/sudoesteacontece.com.br\/?p=3395\" \/>\n<meta property=\"og:locale\" content=\"pt_BR\" \/>\n<meta property=\"og:type\" content=\"article\" \/>\n<meta property=\"og:title\" content=\"Brumado se despede de Adalberto Gomes Prates, \u00edcone do desenvolvimento local, aos 99 anos - Sudoesteacontece\" \/>\n<meta property=\"og:description\" content=\"Brumado amanheceu mais silenciosa neste s\u00e1bado (29) ap\u00f3s a morte de Adalberto Gomes Prates, aos 99 anos. A partida encerrou a trajet\u00f3ria de um dos maiores vision\u00e1rios da hist\u00f3ria do munic\u00edpio. Nascido em 12 de novembro de 1926, em Itua\u00e7u, Adalberto viveu a inf\u00e2ncia em V\u00e1rzea da Pedra e passou por Vit\u00f3ria da Conquista antes de fincar ra\u00edzes em Brumado, cidade que adotou como lar definitivo. Mem\u00f3rias de trabalho e coragem marcaram sua juventude. Em 1958, ele criou o primeiro jornal da cidade, o Jornal de Brumado, abrindo espa\u00e7o para informa\u00e7\u00e3o e cidadania. No mesmo per\u00edodo, fundou a Jurubeba Lobo, bebida que ganhou for\u00e7a na Bahia e em Minas Gerais e tornou seu nome conhecido al\u00e9m das fronteiras locais. Fam\u00edlia sempre foi o seu alicerce. Em 1962, casou-se com a professora Maria de Lourdes Prates, com quem teve quatro filhos. A uni\u00e3o fortaleceu o esp\u00edrito empreendedor que mais tarde resultaria na cria\u00e7\u00e3o de uma f\u00e1brica de colch\u00f5es e da loja Simperbel M\u00f3veis. Constru\u00e7\u00f5es tamb\u00e9m definiram seu legado. No in\u00edcio dos anos 1970, quando a Avenida Ot\u00e1vio Mangabeira ainda era apenas uma rua isolada ao lado do antigo Campo de Avia\u00e7\u00e3o, Adalberto decidiu erguer casas modernas, in\u00e9ditas no munic\u00edpio. Fez quatro, vendeu, construiu outras e ajudou a desenhar o crescimento urbano da cidade. Progresso virou miss\u00e3o pessoal. Mesmo longe dos cargos p\u00fablicos, ele lutou durante d\u00e9cadas por melhorias essenciais. Sonhou com \u00e1gua encanada, hospital equipado, sinal de TV, r\u00e1dio funcionando, boas estradas e telefonia acess\u00edvel. Muitas vezes pagou do pr\u00f3prio bolso servi\u00e7os t\u00e9cnicos para levar projetos \u00e0 frente. In\u00fameras viagens a Salvador revelaram sua persist\u00eancia. Ele buscava audi\u00eancias com deputados, secret\u00e1rios e governadores. Enviava cartas, diagramas, mapas e propostas criadas com rigor t\u00e9cnico, acreditando que Brumado merecia avan\u00e7ar. Grandes ideias o moviam. Uma delas era encurtar o caminho entre Brumado e a capital, eliminando a necessidade de passar por Conquista. Pensou em uma estrada por Marac\u00e1s que reduziria o trajeto em cerca de 150 km. D\u00e9cadas depois, o sonho virou realidade. Outra vis\u00e3o ousada era a ponte Salvador\u2013Itaparica, que hoje tamb\u00e9m saiu do papel. Orgulho sempre marcou a fam\u00edlia. Os filhos costumam dizer que, ao trafegarem pela rodovia que ele idealizou, passam pela \u201cRodovia Adalberto Prates\u201d. A frase simboliza o impacto de um homem que enxergou o futuro antes de todos. Estudos e escrita tamb\u00e9m o acompanhavam. Ele gostava de numerologia e produzia artigos frequentes para jornais e blogs locais, mantendo di\u00e1logo com a comunidade at\u00e9 idade avan\u00e7ada. Trabalho intelectual ganhou forma definitiva em 2016, quando completou 90 anos e lan\u00e7ou o livro \u201cA Fam\u00edlia Prates\u201d, fruto de uma pesquisa que se estendeu por uma d\u00e9cada. Humanidade definiu seus \u00faltimos anos. Aos domingos, ele acordava cedo, participava da missa das 7h e seguia para visitas a pessoas acamadas. A rotina era constante, quase um ritual de cuidado e empatia. Despedidas sempre carregam dor, mas tamb\u00e9m gratid\u00e3o. Adalberto viveu 99 anos de simplicidade, generosidade e vis\u00e3o. Deixou obras, hist\u00f3rias, lembran\u00e7as e uma cidade inteira influenciada por seus sonhos. Brumado perde um homem simples que transformou ideias em caminhos e dedica\u00e7\u00e3o em legado.\" \/>\n<meta property=\"og:url\" content=\"https:\/\/sudoesteacontece.com.br\/?p=3395\" \/>\n<meta property=\"og:site_name\" content=\"Sudoesteacontece\" \/>\n<meta property=\"article:publisher\" content=\"https:\/\/www.facebook.com\/sudoesteacontece\/?locale=pt_BR\" \/>\n<meta property=\"article:published_time\" content=\"2025-12-02T19:57:50+00:00\" \/>\n<meta property=\"article:modified_time\" content=\"2025-12-02T19:57:51+00:00\" \/>\n<meta property=\"og:image\" content=\"https:\/\/sudoesteacontece.com.br\/wp-content\/uploads\/2025\/12\/Brumado-se-despede-de-Adalberto-Gomes-Prates-icone-do-desenvolvimento-local-aos-99-anos-sudoeste-acontece.jpg\" \/>\n\t<meta property=\"og:image:width\" content=\"900\" \/>\n\t<meta property=\"og:image:height\" content=\"600\" \/>\n\t<meta property=\"og:image:type\" content=\"image\/jpeg\" \/>\n<meta name=\"author\" content=\"Washington Tiago\" \/>\n<meta name=\"twitter:card\" content=\"summary_large_image\" \/>\n<meta name=\"twitter:label1\" content=\"Escrito por\" \/>\n\t<meta name=\"twitter:data1\" content=\"Washington Tiago\" \/>\n\t<meta name=\"twitter:label2\" content=\"Est. tempo de leitura\" \/>\n\t<meta name=\"twitter:data2\" content=\"3 minutos\" \/>\n<script type=\"application\/ld+json\" class=\"yoast-schema-graph\">{\"@context\":\"https:\/\/schema.org\",\"@graph\":[{\"@type\":\"Article\",\"@id\":\"https:\/\/sudoesteacontece.com.br\/?p=3395#article\",\"isPartOf\":{\"@id\":\"https:\/\/sudoesteacontece.com.br\/?p=3395\"},\"author\":{\"name\":\"Washington Tiago\",\"@id\":\"https:\/\/sudoesteacontece.com.br\/#\/schema\/person\/3cf2cf009926a9683ebc29d5379fa79c\"},\"headline\":\"Brumado se despede de Adalberto Gomes Prates, \u00edcone do desenvolvimento local, aos 99 anos\",\"datePublished\":\"2025-12-02T19:57:50+00:00\",\"dateModified\":\"2025-12-02T19:57:51+00:00\",\"mainEntityOfPage\":{\"@id\":\"https:\/\/sudoesteacontece.com.br\/?p=3395\"},\"wordCount\":574,\"commentCount\":0,\"publisher\":{\"@id\":\"https:\/\/sudoesteacontece.com.br\/#organization\"},\"image\":{\"@id\":\"https:\/\/sudoesteacontece.com.br\/?p=3395#primaryimage\"},\"thumbnailUrl\":\"https:\/\/sudoesteacontece.com.br\/wp-content\/uploads\/2025\/12\/Brumado-se-despede-de-Adalberto-Gomes-Prates-icone-do-desenvolvimento-local-aos-99-anos-sudoeste-acontece.jpg\",\"articleSection\":[\"Brumado\",\"Cidades\"],\"inLanguage\":\"pt-BR\",\"potentialAction\":[{\"@type\":\"CommentAction\",\"name\":\"Comment\",\"target\":[\"https:\/\/sudoesteacontece.com.br\/?p=3395#respond\"]}]},{\"@type\":\"WebPage\",\"@id\":\"https:\/\/sudoesteacontece.com.br\/?p=3395\",\"url\":\"https:\/\/sudoesteacontece.com.br\/?p=3395\",\"name\":\"Brumado se despede de Adalberto Gomes Prates, \u00edcone do desenvolvimento local, aos 99 anos - Sudoesteacontece\",\"isPartOf\":{\"@id\":\"https:\/\/sudoesteacontece.com.br\/#website\"},\"primaryImageOfPage\":{\"@id\":\"https:\/\/sudoesteacontece.com.br\/?p=3395#primaryimage\"},\"image\":{\"@id\":\"https:\/\/sudoesteacontece.com.br\/?p=3395#primaryimage\"},\"thumbnailUrl\":\"https:\/\/sudoesteacontece.com.br\/wp-content\/uploads\/2025\/12\/Brumado-se-despede-de-Adalberto-Gomes-Prates-icone-do-desenvolvimento-local-aos-99-anos-sudoeste-acontece.jpg\",\"datePublished\":\"2025-12-02T19:57:50+00:00\",\"dateModified\":\"2025-12-02T19:57:51+00:00\",\"breadcrumb\":{\"@id\":\"https:\/\/sudoesteacontece.com.br\/?p=3395#breadcrumb\"},\"inLanguage\":\"pt-BR\",\"potentialAction\":[{\"@type\":\"ReadAction\",\"target\":[\"https:\/\/sudoesteacontece.com.br\/?p=3395\"]}]},{\"@type\":\"ImageObject\",\"inLanguage\":\"pt-BR\",\"@id\":\"https:\/\/sudoesteacontece.com.br\/?p=3395#primaryimage\",\"url\":\"https:\/\/sudoesteacontece.com.br\/wp-content\/uploads\/2025\/12\/Brumado-se-despede-de-Adalberto-Gomes-Prates-icone-do-desenvolvimento-local-aos-99-anos-sudoeste-acontece.jpg\",\"contentUrl\":\"https:\/\/sudoesteacontece.com.br\/wp-content\/uploads\/2025\/12\/Brumado-se-despede-de-Adalberto-Gomes-Prates-icone-do-desenvolvimento-local-aos-99-anos-sudoeste-acontece.jpg\",\"width\":900,\"height\":600},{\"@type\":\"BreadcrumbList\",\"@id\":\"https:\/\/sudoesteacontece.com.br\/?p=3395#breadcrumb\",\"itemListElement\":[{\"@type\":\"ListItem\",\"position\":1,\"name\":\"In\u00edcio\",\"item\":\"https:\/\/sudoesteacontece.com.br\/\"},{\"@type\":\"ListItem\",\"position\":2,\"name\":\"Brumado se despede de Adalberto Gomes Prates, \u00edcone do desenvolvimento local, aos 99 anos\"}]},{\"@type\":\"WebSite\",\"@id\":\"https:\/\/sudoesteacontece.com.br\/#website\",\"url\":\"https:\/\/sudoesteacontece.com.br\/\",\"name\":\"Sudoesteacontece\",\"description\":\"\",\"publisher\":{\"@id\":\"https:\/\/sudoesteacontece.com.br\/#organization\"},\"potentialAction\":[{\"@type\":\"SearchAction\",\"target\":{\"@type\":\"EntryPoint\",\"urlTemplate\":\"https:\/\/sudoesteacontece.com.br\/?s={search_term_string}\"},\"query-input\":{\"@type\":\"PropertyValueSpecification\",\"valueRequired\":true,\"valueName\":\"search_term_string\"}}],\"inLanguage\":\"pt-BR\"},{\"@type\":\"Organization\",\"@id\":\"https:\/\/sudoesteacontece.com.br\/#organization\",\"name\":\"Sudoesteacontece\",\"url\":\"https:\/\/sudoesteacontece.com.br\/\",\"logo\":{\"@type\":\"ImageObject\",\"inLanguage\":\"pt-BR\",\"@id\":\"https:\/\/sudoesteacontece.com.br\/#\/schema\/logo\/image\/\",\"url\":\"https:\/\/sudoesteacontece.com.br\/wp-content\/uploads\/2025\/12\/cropped-logo-2-180x180-1.png\",\"contentUrl\":\"https:\/\/sudoesteacontece.com.br\/wp-content\/uploads\/2025\/12\/cropped-logo-2-180x180-1.png\",\"width\":180,\"height\":180,\"caption\":\"Sudoesteacontece\"},\"image\":{\"@id\":\"https:\/\/sudoesteacontece.com.br\/#\/schema\/logo\/image\/\"},\"sameAs\":[\"https:\/\/www.facebook.com\/sudoesteacontece\/?locale=pt_BR\"]},{\"@type\":\"Person\",\"@id\":\"https:\/\/sudoesteacontece.com.br\/#\/schema\/person\/3cf2cf009926a9683ebc29d5379fa79c\",\"name\":\"Washington Tiago\",\"image\":{\"@type\":\"ImageObject\",\"inLanguage\":\"pt-BR\",\"@id\":\"https:\/\/sudoesteacontece.com.br\/#\/schema\/person\/image\/\",\"url\":\"https:\/\/secure.gravatar.com\/avatar\/33c43b8668157e040f9d1fe93c354bf087cbd8ba36270c1163198bd3ddcf2a56?s=96&d=mm&r=g\",\"contentUrl\":\"https:\/\/secure.gravatar.com\/avatar\/33c43b8668157e040f9d1fe93c354bf087cbd8ba36270c1163198bd3ddcf2a56?s=96&d=mm&r=g\",\"caption\":\"Washington Tiago\"},\"url\":\"https:\/\/sudoesteacontece.com.br\/?author=2\"}]}<\/script>\n<!-- \/ Yoast SEO plugin. -->","yoast_head_json":{"title":"Brumado se despede de Adalberto Gomes Prates, \u00edcone do desenvolvimento local, aos 99 anos - Sudoesteacontece","robots":{"index":"index","follow":"follow","max-snippet":"max-snippet:-1","max-image-preview":"max-image-preview:large","max-video-preview":"max-video-preview:-1"},"canonical":"https:\/\/sudoesteacontece.com.br\/?p=3395","og_locale":"pt_BR","og_type":"article","og_title":"Brumado se despede de Adalberto Gomes Prates, \u00edcone do desenvolvimento local, aos 99 anos - Sudoesteacontece","og_description":"Brumado amanheceu mais silenciosa neste s\u00e1bado (29) ap\u00f3s a morte de Adalberto Gomes Prates, aos 99 anos. A partida encerrou a trajet\u00f3ria de um dos maiores vision\u00e1rios da hist\u00f3ria do munic\u00edpio. Nascido em 12 de novembro de 1926, em Itua\u00e7u, Adalberto viveu a inf\u00e2ncia em V\u00e1rzea da Pedra e passou por Vit\u00f3ria da Conquista antes de fincar ra\u00edzes em Brumado, cidade que adotou como lar definitivo. Mem\u00f3rias de trabalho e coragem marcaram sua juventude. Em 1958, ele criou o primeiro jornal da cidade, o Jornal de Brumado, abrindo espa\u00e7o para informa\u00e7\u00e3o e cidadania. No mesmo per\u00edodo, fundou a Jurubeba Lobo, bebida que ganhou for\u00e7a na Bahia e em Minas Gerais e tornou seu nome conhecido al\u00e9m das fronteiras locais. Fam\u00edlia sempre foi o seu alicerce. Em 1962, casou-se com a professora Maria de Lourdes Prates, com quem teve quatro filhos. A uni\u00e3o fortaleceu o esp\u00edrito empreendedor que mais tarde resultaria na cria\u00e7\u00e3o de uma f\u00e1brica de colch\u00f5es e da loja Simperbel M\u00f3veis. Constru\u00e7\u00f5es tamb\u00e9m definiram seu legado. No in\u00edcio dos anos 1970, quando a Avenida Ot\u00e1vio Mangabeira ainda era apenas uma rua isolada ao lado do antigo Campo de Avia\u00e7\u00e3o, Adalberto decidiu erguer casas modernas, in\u00e9ditas no munic\u00edpio. Fez quatro, vendeu, construiu outras e ajudou a desenhar o crescimento urbano da cidade. Progresso virou miss\u00e3o pessoal. Mesmo longe dos cargos p\u00fablicos, ele lutou durante d\u00e9cadas por melhorias essenciais. Sonhou com \u00e1gua encanada, hospital equipado, sinal de TV, r\u00e1dio funcionando, boas estradas e telefonia acess\u00edvel. Muitas vezes pagou do pr\u00f3prio bolso servi\u00e7os t\u00e9cnicos para levar projetos \u00e0 frente. In\u00fameras viagens a Salvador revelaram sua persist\u00eancia. Ele buscava audi\u00eancias com deputados, secret\u00e1rios e governadores. Enviava cartas, diagramas, mapas e propostas criadas com rigor t\u00e9cnico, acreditando que Brumado merecia avan\u00e7ar. Grandes ideias o moviam. Uma delas era encurtar o caminho entre Brumado e a capital, eliminando a necessidade de passar por Conquista. Pensou em uma estrada por Marac\u00e1s que reduziria o trajeto em cerca de 150 km. D\u00e9cadas depois, o sonho virou realidade. Outra vis\u00e3o ousada era a ponte Salvador\u2013Itaparica, que hoje tamb\u00e9m saiu do papel. Orgulho sempre marcou a fam\u00edlia. Os filhos costumam dizer que, ao trafegarem pela rodovia que ele idealizou, passam pela \u201cRodovia Adalberto Prates\u201d. A frase simboliza o impacto de um homem que enxergou o futuro antes de todos. Estudos e escrita tamb\u00e9m o acompanhavam. Ele gostava de numerologia e produzia artigos frequentes para jornais e blogs locais, mantendo di\u00e1logo com a comunidade at\u00e9 idade avan\u00e7ada. Trabalho intelectual ganhou forma definitiva em 2016, quando completou 90 anos e lan\u00e7ou o livro \u201cA Fam\u00edlia Prates\u201d, fruto de uma pesquisa que se estendeu por uma d\u00e9cada. Humanidade definiu seus \u00faltimos anos. Aos domingos, ele acordava cedo, participava da missa das 7h e seguia para visitas a pessoas acamadas. A rotina era constante, quase um ritual de cuidado e empatia. Despedidas sempre carregam dor, mas tamb\u00e9m gratid\u00e3o. Adalberto viveu 99 anos de simplicidade, generosidade e vis\u00e3o. Deixou obras, hist\u00f3rias, lembran\u00e7as e uma cidade inteira influenciada por seus sonhos. Brumado perde um homem simples que transformou ideias em caminhos e dedica\u00e7\u00e3o em legado.","og_url":"https:\/\/sudoesteacontece.com.br\/?p=3395","og_site_name":"Sudoesteacontece","article_publisher":"https:\/\/www.facebook.com\/sudoesteacontece\/?locale=pt_BR","article_published_time":"2025-12-02T19:57:50+00:00","article_modified_time":"2025-12-02T19:57:51+00:00","og_image":[{"width":900,"height":600,"url":"https:\/\/sudoesteacontece.com.br\/wp-content\/uploads\/2025\/12\/Brumado-se-despede-de-Adalberto-Gomes-Prates-icone-do-desenvolvimento-local-aos-99-anos-sudoeste-acontece.jpg","type":"image\/jpeg"}],"author":"Washington Tiago","twitter_card":"summary_large_image","twitter_misc":{"Escrito por":"Washington Tiago","Est. tempo de leitura":"3 minutos"},"schema":{"@context":"https:\/\/schema.org","@graph":[{"@type":"Article","@id":"https:\/\/sudoesteacontece.com.br\/?p=3395#article","isPartOf":{"@id":"https:\/\/sudoesteacontece.com.br\/?p=3395"},"author":{"name":"Washington Tiago","@id":"https:\/\/sudoesteacontece.com.br\/#\/schema\/person\/3cf2cf009926a9683ebc29d5379fa79c"},"headline":"Brumado se despede de Adalberto Gomes Prates, \u00edcone do desenvolvimento local, aos 99 anos","datePublished":"2025-12-02T19:57:50+00:00","dateModified":"2025-12-02T19:57:51+00:00","mainEntityOfPage":{"@id":"https:\/\/sudoesteacontece.com.br\/?p=3395"},"wordCount":574,"commentCount":0,"publisher":{"@id":"https:\/\/sudoesteacontece.com.br\/#organization"},"image":{"@id":"https:\/\/sudoesteacontece.com.br\/?p=3395#primaryimage"},"thumbnailUrl":"https:\/\/sudoesteacontece.com.br\/wp-content\/uploads\/2025\/12\/Brumado-se-despede-de-Adalberto-Gomes-Prates-icone-do-desenvolvimento-local-aos-99-anos-sudoeste-acontece.jpg","articleSection":["Brumado","Cidades"],"inLanguage":"pt-BR","potentialAction":[{"@type":"CommentAction","name":"Comment","target":["https:\/\/sudoesteacontece.com.br\/?p=3395#respond"]}]},{"@type":"WebPage","@id":"https:\/\/sudoesteacontece.com.br\/?p=3395","url":"https:\/\/sudoesteacontece.com.br\/?p=3395","name":"Brumado se despede de Adalberto Gomes Prates, \u00edcone do desenvolvimento local, aos 99 anos - Sudoesteacontece","isPartOf":{"@id":"https:\/\/sudoesteacontece.com.br\/#website"},"primaryImageOfPage":{"@id":"https:\/\/sudoesteacontece.com.br\/?p=3395#primaryimage"},"image":{"@id":"https:\/\/sudoesteacontece.com.br\/?p=3395#primaryimage"},"thumbnailUrl":"https:\/\/sudoesteacontece.com.br\/wp-content\/uploads\/2025\/12\/Brumado-se-despede-de-Adalberto-Gomes-Prates-icone-do-desenvolvimento-local-aos-99-anos-sudoeste-acontece.jpg","datePublished":"2025-12-02T19:57:50+00:00","dateModified":"2025-12-02T19:57:51+00:00","breadcrumb":{"@id":"https:\/\/sudoesteacontece.com.br\/?p=3395#breadcrumb"},"inLanguage":"pt-BR","potentialAction":[{"@type":"ReadAction","target":["https:\/\/sudoesteacontece.com.br\/?p=3395"]}]},{"@type":"ImageObject","inLanguage":"pt-BR","@id":"https:\/\/sudoesteacontece.com.br\/?p=3395#primaryimage","url":"https:\/\/sudoesteacontece.com.br\/wp-content\/uploads\/2025\/12\/Brumado-se-despede-de-Adalberto-Gomes-Prates-icone-do-desenvolvimento-local-aos-99-anos-sudoeste-acontece.jpg","contentUrl":"https:\/\/sudoesteacontece.com.br\/wp-content\/uploads\/2025\/12\/Brumado-se-despede-de-Adalberto-Gomes-Prates-icone-do-desenvolvimento-local-aos-99-anos-sudoeste-acontece.jpg","width":900,"height":600},{"@type":"BreadcrumbList","@id":"https:\/\/sudoesteacontece.com.br\/?p=3395#breadcrumb","itemListElement":[{"@type":"ListItem","position":1,"name":"In\u00edcio","item":"https:\/\/sudoesteacontece.com.br\/"},{"@type":"ListItem","position":2,"name":"Brumado se despede de Adalberto Gomes Prates, \u00edcone do desenvolvimento local, aos 99 anos"}]},{"@type":"WebSite","@id":"https:\/\/sudoesteacontece.com.br\/#website","url":"https:\/\/sudoesteacontece.com.br\/","name":"Sudoesteacontece","description":"","publisher":{"@id":"https:\/\/sudoesteacontece.com.br\/#organization"},"potentialAction":[{"@type":"SearchAction","target":{"@type":"EntryPoint","urlTemplate":"https:\/\/sudoesteacontece.com.br\/?s={search_term_string}"},"query-input":{"@type":"PropertyValueSpecification","valueRequired":true,"valueName":"search_term_string"}}],"inLanguage":"pt-BR"},{"@type":"Organization","@id":"https:\/\/sudoesteacontece.com.br\/#organization","name":"Sudoesteacontece","url":"https:\/\/sudoesteacontece.com.br\/","logo":{"@type":"ImageObject","inLanguage":"pt-BR","@id":"https:\/\/sudoesteacontece.com.br\/#\/schema\/logo\/image\/","url":"https:\/\/sudoesteacontece.com.br\/wp-content\/uploads\/2025\/12\/cropped-logo-2-180x180-1.png","contentUrl":"https:\/\/sudoesteacontece.com.br\/wp-content\/uploads\/2025\/12\/cropped-logo-2-180x180-1.png","width":180,"height":180,"caption":"Sudoesteacontece"},"image":{"@id":"https:\/\/sudoesteacontece.com.br\/#\/schema\/logo\/image\/"},"sameAs":["https:\/\/www.facebook.com\/sudoesteacontece\/?locale=pt_BR"]},{"@type":"Person","@id":"https:\/\/sudoesteacontece.com.br\/#\/schema\/person\/3cf2cf009926a9683ebc29d5379fa79c","name":"Washington Tiago","image":{"@type":"ImageObject","inLanguage":"pt-BR","@id":"https:\/\/sudoesteacontece.com.br\/#\/schema\/person\/image\/","url":"https:\/\/secure.gravatar.com\/avatar\/33c43b8668157e040f9d1fe93c354bf087cbd8ba36270c1163198bd3ddcf2a56?s=96&d=mm&r=g","contentUrl":"https:\/\/secure.gravatar.com\/avatar\/33c43b8668157e040f9d1fe93c354bf087cbd8ba36270c1163198bd3ddcf2a56?s=96&d=mm&r=g","caption":"Washington Tiago"},"url":"https:\/\/sudoesteacontece.com.br\/?author=2"}]}},"_links":{"self":[{"href":"https:\/\/sudoesteacontece.com.br\/index.php?rest_route=\/wp\/v2\/posts\/3395","targetHints":{"allow":["GET"]}}],"collection":[{"href":"https:\/\/sudoesteacontece.com.br\/index.php?rest_route=\/wp\/v2\/posts"}],"about":[{"href":"https:\/\/sudoesteacontece.com.br\/index.php?rest_route=\/wp\/v2\/types\/post"}],"author":[{"embeddable":true,"href":"https:\/\/sudoesteacontece.com.br\/index.php?rest_route=\/wp\/v2\/users\/2"}],"replies":[{"embeddable":true,"href":"https:\/\/sudoesteacontece.com.br\/index.php?rest_route=%2Fwp%2Fv2%2Fcomments&post=3395"}],"version-history":[{"count":0,"href":"https:\/\/sudoesteacontece.com.br\/index.php?rest_route=\/wp\/v2\/posts\/3395\/revisions"}],"wp:featuredmedia":[{"embeddable":true,"href":"https:\/\/sudoesteacontece.com.br\/index.php?rest_route=\/wp\/v2\/media\/3412"}],"wp:attachment":[{"href":"https:\/\/sudoesteacontece.com.br\/index.php?rest_route=%2Fwp%2Fv2%2Fmedia&parent=3395"}],"wp:term":[{"taxonomy":"category","embeddable":true,"href":"https:\/\/sudoesteacontece.com.br\/index.php?rest_route=%2Fwp%2Fv2%2Fcategories&post=3395"},{"taxonomy":"post_tag","embeddable":true,"href":"https:\/\/sudoesteacontece.com.br\/index.php?rest_route=%2Fwp%2Fv2%2Ftags&post=3395"}],"curies":[{"name":"wp","href":"https:\/\/api.w.org\/{rel}","templated":true}]}}