{"id":3431,"date":"2025-12-03T09:30:52","date_gmt":"2025-12-03T12:30:52","guid":{"rendered":"https:\/\/sudoesteacontece.com.br\/?p=3431"},"modified":"2025-12-03T09:30:54","modified_gmt":"2025-12-03T12:30:54","slug":"brumado-discute-uso-da-biblia-nas-escolas-proposta-destaca-valores-cultura-e-formacao-humana","status":"publish","type":"post","link":"https:\/\/sudoesteacontece.com.br\/?p=3431","title":{"rendered":"Brumado discute uso da B\u00edblia nas escolas; proposta destaca valores, cultura e forma\u00e7\u00e3o humana"},"content":{"rendered":"<div class=\"wp-block-image\">\n<figure class=\"aligncenter size-full\"><img fetchpriority=\"high\" decoding=\"async\" width=\"900\" height=\"600\" src=\"http:\/\/sudoesteacontece.com.br\/wp-content\/uploads\/2025\/12\/Brumado-discute-uso-da-Biblia-nas-escolas-proposta-destaca-valores-cultura-e-formacao-humana-sudoeste-acontece.jpg\" alt=\"\" class=\"wp-image-3448\" srcset=\"https:\/\/sudoesteacontece.com.br\/wp-content\/uploads\/2025\/12\/Brumado-discute-uso-da-Biblia-nas-escolas-proposta-destaca-valores-cultura-e-formacao-humana-sudoeste-acontece.jpg 900w, https:\/\/sudoesteacontece.com.br\/wp-content\/uploads\/2025\/12\/Brumado-discute-uso-da-Biblia-nas-escolas-proposta-destaca-valores-cultura-e-formacao-humana-sudoeste-acontece-300x200.jpg 300w, https:\/\/sudoesteacontece.com.br\/wp-content\/uploads\/2025\/12\/Brumado-discute-uso-da-Biblia-nas-escolas-proposta-destaca-valores-cultura-e-formacao-humana-sudoeste-acontece-768x512.jpg 768w\" sizes=\"(max-width: 900px) 100vw, 900px\" \/><\/figure>\n<\/div>\n\n\n<p><br>Proposta do vereador Jos\u00e9 da Silva Santos, o Santinho (Republicanos), movimentou a sess\u00e3o legislativa desta segunda-feira (1\u00ba). Ele apresentou o Projeto de Lei 072\/2025, que prev\u00ea o uso da B\u00edblia Sagrada como recurso paradid\u00e1tico na rede municipal de ensino. Santinho afirmou que o texto busca ampliar o repert\u00f3rio cultural dos estudantes. Argumentou que a B\u00edblia re\u00fane elementos hist\u00f3ricos, narrativos e morais que podem enriquecer o processo educativo e fortalecer valores humanos.<\/p>\n\n\n\n<p>Destacou ainda que a iniciativa nasce de um compromisso com a forma\u00e7\u00e3o integral das crian\u00e7as. Vereador deixou claro que o projeto n\u00e3o imp\u00f5e doutrina religiosa. Refor\u00e7ou que a leitura b\u00edblica seria usada como refer\u00eancia pedag\u00f3gica, permitindo que cada aluno interprete conte\u00fados culturais e \u00e9ticos sem qualquer obriga\u00e7\u00e3o de aderir a cren\u00e7as.<\/p>\n\n\n\n<p>Pastor Jo\u00e3o M\u00e1rio, presidente da Ordem dos Ministros Evang\u00e9licos de Brumado (OMEB), apoiou de forma enf\u00e1tica a proposta. Ele ressaltou que a B\u00edblia, al\u00e9m de milenar, integra o patrim\u00f4nio cultural da humanidade e oferece temas estudados em diversas \u00e1reas, como hist\u00f3ria, literatura e filosofia.<\/p>\n\n\n\n<p>Pastor explicou que o texto b\u00edblico pode despertar reflex\u00e3o, senso cr\u00edtico e desenvolvimento pessoal. Para ele, valores como respeito, justi\u00e7a, solidariedade e empatia fazem parte da forma\u00e7\u00e3o de qualquer cidad\u00e3o, independentemente de cren\u00e7a. Iniciativa, segundo seus defensores, quer somar \u00e0 educa\u00e7\u00e3o municipal. Proposta busca oferecer mais uma ferramenta para fortalecer princ\u00edpios humanos e orientar as novas gera\u00e7\u00f5es sobre conviv\u00eancia, \u00e9tica e responsabilidade social.<\/p>\n\n\n\n<p>Projeto deixa claro que nenhum estudante ser\u00e1 obrigado a participar. Liberdade religiosa continuar\u00e1 totalmente resguardada, como determina a Constitui\u00e7\u00e3o Federal. Popula\u00e7\u00e3o acompanha o debate com interesse, e apoiadores acreditam que a proposta pode marcar um avan\u00e7o na forma\u00e7\u00e3o human\u00edstica das escolas municipais, ao unir conhecimento, valores e cultura em um mesmo instrumento pedag\u00f3gico.<\/p>\n","protected":false},"excerpt":{"rendered":"<p>Proposta do vereador Jos\u00e9 da Silva Santos, o Santinho (Republicanos), movimentou a sess\u00e3o legislativa desta segunda-feira (1\u00ba). Ele apresentou o Projeto de Lei 072\/2025, que prev\u00ea o uso da B\u00edblia Sagrada como recurso paradid\u00e1tico na rede municipal de ensino. Santinho afirmou que o texto busca ampliar o repert\u00f3rio cultural dos estudantes. Argumentou que a B\u00edblia re\u00fane elementos hist\u00f3ricos, narrativos e morais que podem enriquecer o processo educativo e fortalecer valores humanos. Destacou ainda que a iniciativa nasce de um compromisso com a forma\u00e7\u00e3o integral das crian\u00e7as. Vereador deixou claro que o projeto n\u00e3o imp\u00f5e doutrina religiosa. Refor\u00e7ou que a leitura b\u00edblica seria usada como refer\u00eancia pedag\u00f3gica, permitindo que cada aluno interprete conte\u00fados culturais e \u00e9ticos sem qualquer obriga\u00e7\u00e3o de aderir a cren\u00e7as. Pastor Jo\u00e3o M\u00e1rio, presidente da Ordem dos Ministros Evang\u00e9licos de Brumado (OMEB), apoiou de forma enf\u00e1tica a proposta. Ele ressaltou que a B\u00edblia, al\u00e9m de milenar, integra o patrim\u00f4nio cultural da humanidade e oferece temas estudados em diversas \u00e1reas, como hist\u00f3ria, literatura e filosofia. Pastor explicou que o texto b\u00edblico pode despertar reflex\u00e3o, senso cr\u00edtico e desenvolvimento pessoal. Para ele, valores como respeito, justi\u00e7a, solidariedade e empatia fazem parte da forma\u00e7\u00e3o de qualquer cidad\u00e3o, independentemente de cren\u00e7a. Iniciativa, segundo seus defensores, quer somar \u00e0 educa\u00e7\u00e3o municipal. Proposta busca oferecer mais uma ferramenta para fortalecer princ\u00edpios humanos e orientar as novas gera\u00e7\u00f5es sobre conviv\u00eancia, \u00e9tica e responsabilidade social. Projeto deixa claro que nenhum estudante ser\u00e1 obrigado a participar. Liberdade religiosa continuar\u00e1 totalmente resguardada, como determina a Constitui\u00e7\u00e3o Federal. Popula\u00e7\u00e3o acompanha o debate com interesse, e apoiadores acreditam que a proposta pode marcar um avan\u00e7o na forma\u00e7\u00e3o human\u00edstica das escolas municipais, ao unir conhecimento, valores e cultura em um mesmo instrumento pedag\u00f3gico.<\/p>\n","protected":false},"author":2,"featured_media":3448,"comment_status":"open","ping_status":"open","sticky":false,"template":"","format":"standard","meta":{"footnotes":""},"categories":[10,43,6],"tags":[],"class_list":["post-3431","post","type-post","status-publish","format-standard","has-post-thumbnail","hentry","category-brumado","category-educacao","category-politica"],"yoast_head":"<!-- This site is optimized with the Yoast SEO plugin v26.5 - https:\/\/yoast.com\/wordpress\/plugins\/seo\/ -->\n<title>Brumado discute uso da B\u00edblia nas escolas; proposta destaca valores, cultura e forma\u00e7\u00e3o humana - Sudoesteacontece<\/title>\n<meta name=\"robots\" content=\"index, follow, max-snippet:-1, max-image-preview:large, max-video-preview:-1\" \/>\n<link rel=\"canonical\" href=\"https:\/\/sudoesteacontece.com.br\/?p=3431\" \/>\n<meta property=\"og:locale\" content=\"pt_BR\" \/>\n<meta property=\"og:type\" content=\"article\" \/>\n<meta property=\"og:title\" content=\"Brumado discute uso da B\u00edblia nas escolas; proposta destaca valores, cultura e forma\u00e7\u00e3o humana - Sudoesteacontece\" \/>\n<meta property=\"og:description\" content=\"Proposta do vereador Jos\u00e9 da Silva Santos, o Santinho (Republicanos), movimentou a sess\u00e3o legislativa desta segunda-feira (1\u00ba). Ele apresentou o Projeto de Lei 072\/2025, que prev\u00ea o uso da B\u00edblia Sagrada como recurso paradid\u00e1tico na rede municipal de ensino. Santinho afirmou que o texto busca ampliar o repert\u00f3rio cultural dos estudantes. Argumentou que a B\u00edblia re\u00fane elementos hist\u00f3ricos, narrativos e morais que podem enriquecer o processo educativo e fortalecer valores humanos. Destacou ainda que a iniciativa nasce de um compromisso com a forma\u00e7\u00e3o integral das crian\u00e7as. Vereador deixou claro que o projeto n\u00e3o imp\u00f5e doutrina religiosa. Refor\u00e7ou que a leitura b\u00edblica seria usada como refer\u00eancia pedag\u00f3gica, permitindo que cada aluno interprete conte\u00fados culturais e \u00e9ticos sem qualquer obriga\u00e7\u00e3o de aderir a cren\u00e7as. Pastor Jo\u00e3o M\u00e1rio, presidente da Ordem dos Ministros Evang\u00e9licos de Brumado (OMEB), apoiou de forma enf\u00e1tica a proposta. Ele ressaltou que a B\u00edblia, al\u00e9m de milenar, integra o patrim\u00f4nio cultural da humanidade e oferece temas estudados em diversas \u00e1reas, como hist\u00f3ria, literatura e filosofia. Pastor explicou que o texto b\u00edblico pode despertar reflex\u00e3o, senso cr\u00edtico e desenvolvimento pessoal. Para ele, valores como respeito, justi\u00e7a, solidariedade e empatia fazem parte da forma\u00e7\u00e3o de qualquer cidad\u00e3o, independentemente de cren\u00e7a. Iniciativa, segundo seus defensores, quer somar \u00e0 educa\u00e7\u00e3o municipal. Proposta busca oferecer mais uma ferramenta para fortalecer princ\u00edpios humanos e orientar as novas gera\u00e7\u00f5es sobre conviv\u00eancia, \u00e9tica e responsabilidade social. Projeto deixa claro que nenhum estudante ser\u00e1 obrigado a participar. Liberdade religiosa continuar\u00e1 totalmente resguardada, como determina a Constitui\u00e7\u00e3o Federal. Popula\u00e7\u00e3o acompanha o debate com interesse, e apoiadores acreditam que a proposta pode marcar um avan\u00e7o na forma\u00e7\u00e3o human\u00edstica das escolas municipais, ao unir conhecimento, valores e cultura em um mesmo instrumento pedag\u00f3gico.\" \/>\n<meta property=\"og:url\" content=\"https:\/\/sudoesteacontece.com.br\/?p=3431\" \/>\n<meta property=\"og:site_name\" content=\"Sudoesteacontece\" \/>\n<meta property=\"article:publisher\" content=\"https:\/\/www.facebook.com\/sudoesteacontece\/?locale=pt_BR\" \/>\n<meta property=\"article:published_time\" content=\"2025-12-03T12:30:52+00:00\" \/>\n<meta property=\"article:modified_time\" content=\"2025-12-03T12:30:54+00:00\" \/>\n<meta property=\"og:image\" content=\"https:\/\/sudoesteacontece.com.br\/wp-content\/uploads\/2025\/12\/Brumado-discute-uso-da-Biblia-nas-escolas-proposta-destaca-valores-cultura-e-formacao-humana-sudoeste-acontece.jpg\" \/>\n\t<meta property=\"og:image:width\" content=\"900\" \/>\n\t<meta property=\"og:image:height\" content=\"600\" \/>\n\t<meta property=\"og:image:type\" content=\"image\/jpeg\" \/>\n<meta name=\"author\" content=\"Washington Tiago\" \/>\n<meta name=\"twitter:card\" content=\"summary_large_image\" \/>\n<meta name=\"twitter:label1\" content=\"Escrito por\" \/>\n\t<meta name=\"twitter:data1\" content=\"Washington Tiago\" \/>\n\t<meta name=\"twitter:label2\" content=\"Est. tempo de leitura\" \/>\n\t<meta name=\"twitter:data2\" content=\"2 minutos\" \/>\n<script type=\"application\/ld+json\" class=\"yoast-schema-graph\">{\"@context\":\"https:\/\/schema.org\",\"@graph\":[{\"@type\":\"Article\",\"@id\":\"https:\/\/sudoesteacontece.com.br\/?p=3431#article\",\"isPartOf\":{\"@id\":\"https:\/\/sudoesteacontece.com.br\/?p=3431\"},\"author\":{\"name\":\"Washington Tiago\",\"@id\":\"https:\/\/sudoesteacontece.com.br\/#\/schema\/person\/3cf2cf009926a9683ebc29d5379fa79c\"},\"headline\":\"Brumado discute uso da B\u00edblia nas escolas; proposta destaca valores, cultura e forma\u00e7\u00e3o humana\",\"datePublished\":\"2025-12-03T12:30:52+00:00\",\"dateModified\":\"2025-12-03T12:30:54+00:00\",\"mainEntityOfPage\":{\"@id\":\"https:\/\/sudoesteacontece.com.br\/?p=3431\"},\"wordCount\":338,\"commentCount\":0,\"publisher\":{\"@id\":\"https:\/\/sudoesteacontece.com.br\/#organization\"},\"image\":{\"@id\":\"https:\/\/sudoesteacontece.com.br\/?p=3431#primaryimage\"},\"thumbnailUrl\":\"https:\/\/sudoesteacontece.com.br\/wp-content\/uploads\/2025\/12\/Brumado-discute-uso-da-Biblia-nas-escolas-proposta-destaca-valores-cultura-e-formacao-humana-sudoeste-acontece.jpg\",\"articleSection\":[\"Brumado\",\"Educa\u00e7\u00e3o\",\"Pol\u00edtica\"],\"inLanguage\":\"pt-BR\",\"potentialAction\":[{\"@type\":\"CommentAction\",\"name\":\"Comment\",\"target\":[\"https:\/\/sudoesteacontece.com.br\/?p=3431#respond\"]}]},{\"@type\":\"WebPage\",\"@id\":\"https:\/\/sudoesteacontece.com.br\/?p=3431\",\"url\":\"https:\/\/sudoesteacontece.com.br\/?p=3431\",\"name\":\"Brumado discute uso da B\u00edblia nas escolas; proposta destaca valores, cultura e forma\u00e7\u00e3o humana - Sudoesteacontece\",\"isPartOf\":{\"@id\":\"https:\/\/sudoesteacontece.com.br\/#website\"},\"primaryImageOfPage\":{\"@id\":\"https:\/\/sudoesteacontece.com.br\/?p=3431#primaryimage\"},\"image\":{\"@id\":\"https:\/\/sudoesteacontece.com.br\/?p=3431#primaryimage\"},\"thumbnailUrl\":\"https:\/\/sudoesteacontece.com.br\/wp-content\/uploads\/2025\/12\/Brumado-discute-uso-da-Biblia-nas-escolas-proposta-destaca-valores-cultura-e-formacao-humana-sudoeste-acontece.jpg\",\"datePublished\":\"2025-12-03T12:30:52+00:00\",\"dateModified\":\"2025-12-03T12:30:54+00:00\",\"breadcrumb\":{\"@id\":\"https:\/\/sudoesteacontece.com.br\/?p=3431#breadcrumb\"},\"inLanguage\":\"pt-BR\",\"potentialAction\":[{\"@type\":\"ReadAction\",\"target\":[\"https:\/\/sudoesteacontece.com.br\/?p=3431\"]}]},{\"@type\":\"ImageObject\",\"inLanguage\":\"pt-BR\",\"@id\":\"https:\/\/sudoesteacontece.com.br\/?p=3431#primaryimage\",\"url\":\"https:\/\/sudoesteacontece.com.br\/wp-content\/uploads\/2025\/12\/Brumado-discute-uso-da-Biblia-nas-escolas-proposta-destaca-valores-cultura-e-formacao-humana-sudoeste-acontece.jpg\",\"contentUrl\":\"https:\/\/sudoesteacontece.com.br\/wp-content\/uploads\/2025\/12\/Brumado-discute-uso-da-Biblia-nas-escolas-proposta-destaca-valores-cultura-e-formacao-humana-sudoeste-acontece.jpg\",\"width\":900,\"height\":600},{\"@type\":\"BreadcrumbList\",\"@id\":\"https:\/\/sudoesteacontece.com.br\/?p=3431#breadcrumb\",\"itemListElement\":[{\"@type\":\"ListItem\",\"position\":1,\"name\":\"In\u00edcio\",\"item\":\"https:\/\/sudoesteacontece.com.br\/\"},{\"@type\":\"ListItem\",\"position\":2,\"name\":\"Brumado discute uso da B\u00edblia nas escolas; proposta destaca valores, cultura e forma\u00e7\u00e3o humana\"}]},{\"@type\":\"WebSite\",\"@id\":\"https:\/\/sudoesteacontece.com.br\/#website\",\"url\":\"https:\/\/sudoesteacontece.com.br\/\",\"name\":\"Sudoesteacontece\",\"description\":\"\",\"publisher\":{\"@id\":\"https:\/\/sudoesteacontece.com.br\/#organization\"},\"potentialAction\":[{\"@type\":\"SearchAction\",\"target\":{\"@type\":\"EntryPoint\",\"urlTemplate\":\"https:\/\/sudoesteacontece.com.br\/?s={search_term_string}\"},\"query-input\":{\"@type\":\"PropertyValueSpecification\",\"valueRequired\":true,\"valueName\":\"search_term_string\"}}],\"inLanguage\":\"pt-BR\"},{\"@type\":\"Organization\",\"@id\":\"https:\/\/sudoesteacontece.com.br\/#organization\",\"name\":\"Sudoesteacontece\",\"url\":\"https:\/\/sudoesteacontece.com.br\/\",\"logo\":{\"@type\":\"ImageObject\",\"inLanguage\":\"pt-BR\",\"@id\":\"https:\/\/sudoesteacontece.com.br\/#\/schema\/logo\/image\/\",\"url\":\"https:\/\/sudoesteacontece.com.br\/wp-content\/uploads\/2025\/12\/cropped-logo-2-180x180-1.png\",\"contentUrl\":\"https:\/\/sudoesteacontece.com.br\/wp-content\/uploads\/2025\/12\/cropped-logo-2-180x180-1.png\",\"width\":180,\"height\":180,\"caption\":\"Sudoesteacontece\"},\"image\":{\"@id\":\"https:\/\/sudoesteacontece.com.br\/#\/schema\/logo\/image\/\"},\"sameAs\":[\"https:\/\/www.facebook.com\/sudoesteacontece\/?locale=pt_BR\"]},{\"@type\":\"Person\",\"@id\":\"https:\/\/sudoesteacontece.com.br\/#\/schema\/person\/3cf2cf009926a9683ebc29d5379fa79c\",\"name\":\"Washington Tiago\",\"image\":{\"@type\":\"ImageObject\",\"inLanguage\":\"pt-BR\",\"@id\":\"https:\/\/sudoesteacontece.com.br\/#\/schema\/person\/image\/\",\"url\":\"https:\/\/secure.gravatar.com\/avatar\/33c43b8668157e040f9d1fe93c354bf087cbd8ba36270c1163198bd3ddcf2a56?s=96&d=mm&r=g\",\"contentUrl\":\"https:\/\/secure.gravatar.com\/avatar\/33c43b8668157e040f9d1fe93c354bf087cbd8ba36270c1163198bd3ddcf2a56?s=96&d=mm&r=g\",\"caption\":\"Washington Tiago\"},\"url\":\"https:\/\/sudoesteacontece.com.br\/?author=2\"}]}<\/script>\n<!-- \/ Yoast SEO plugin. -->","yoast_head_json":{"title":"Brumado discute uso da B\u00edblia nas escolas; proposta destaca valores, cultura e forma\u00e7\u00e3o humana - Sudoesteacontece","robots":{"index":"index","follow":"follow","max-snippet":"max-snippet:-1","max-image-preview":"max-image-preview:large","max-video-preview":"max-video-preview:-1"},"canonical":"https:\/\/sudoesteacontece.com.br\/?p=3431","og_locale":"pt_BR","og_type":"article","og_title":"Brumado discute uso da B\u00edblia nas escolas; proposta destaca valores, cultura e forma\u00e7\u00e3o humana - Sudoesteacontece","og_description":"Proposta do vereador Jos\u00e9 da Silva Santos, o Santinho (Republicanos), movimentou a sess\u00e3o legislativa desta segunda-feira (1\u00ba). Ele apresentou o Projeto de Lei 072\/2025, que prev\u00ea o uso da B\u00edblia Sagrada como recurso paradid\u00e1tico na rede municipal de ensino. Santinho afirmou que o texto busca ampliar o repert\u00f3rio cultural dos estudantes. Argumentou que a B\u00edblia re\u00fane elementos hist\u00f3ricos, narrativos e morais que podem enriquecer o processo educativo e fortalecer valores humanos. Destacou ainda que a iniciativa nasce de um compromisso com a forma\u00e7\u00e3o integral das crian\u00e7as. Vereador deixou claro que o projeto n\u00e3o imp\u00f5e doutrina religiosa. Refor\u00e7ou que a leitura b\u00edblica seria usada como refer\u00eancia pedag\u00f3gica, permitindo que cada aluno interprete conte\u00fados culturais e \u00e9ticos sem qualquer obriga\u00e7\u00e3o de aderir a cren\u00e7as. Pastor Jo\u00e3o M\u00e1rio, presidente da Ordem dos Ministros Evang\u00e9licos de Brumado (OMEB), apoiou de forma enf\u00e1tica a proposta. Ele ressaltou que a B\u00edblia, al\u00e9m de milenar, integra o patrim\u00f4nio cultural da humanidade e oferece temas estudados em diversas \u00e1reas, como hist\u00f3ria, literatura e filosofia. Pastor explicou que o texto b\u00edblico pode despertar reflex\u00e3o, senso cr\u00edtico e desenvolvimento pessoal. Para ele, valores como respeito, justi\u00e7a, solidariedade e empatia fazem parte da forma\u00e7\u00e3o de qualquer cidad\u00e3o, independentemente de cren\u00e7a. Iniciativa, segundo seus defensores, quer somar \u00e0 educa\u00e7\u00e3o municipal. Proposta busca oferecer mais uma ferramenta para fortalecer princ\u00edpios humanos e orientar as novas gera\u00e7\u00f5es sobre conviv\u00eancia, \u00e9tica e responsabilidade social. Projeto deixa claro que nenhum estudante ser\u00e1 obrigado a participar. Liberdade religiosa continuar\u00e1 totalmente resguardada, como determina a Constitui\u00e7\u00e3o Federal. Popula\u00e7\u00e3o acompanha o debate com interesse, e apoiadores acreditam que a proposta pode marcar um avan\u00e7o na forma\u00e7\u00e3o human\u00edstica das escolas municipais, ao unir conhecimento, valores e cultura em um mesmo instrumento pedag\u00f3gico.","og_url":"https:\/\/sudoesteacontece.com.br\/?p=3431","og_site_name":"Sudoesteacontece","article_publisher":"https:\/\/www.facebook.com\/sudoesteacontece\/?locale=pt_BR","article_published_time":"2025-12-03T12:30:52+00:00","article_modified_time":"2025-12-03T12:30:54+00:00","og_image":[{"width":900,"height":600,"url":"https:\/\/sudoesteacontece.com.br\/wp-content\/uploads\/2025\/12\/Brumado-discute-uso-da-Biblia-nas-escolas-proposta-destaca-valores-cultura-e-formacao-humana-sudoeste-acontece.jpg","type":"image\/jpeg"}],"author":"Washington Tiago","twitter_card":"summary_large_image","twitter_misc":{"Escrito por":"Washington Tiago","Est. tempo de leitura":"2 minutos"},"schema":{"@context":"https:\/\/schema.org","@graph":[{"@type":"Article","@id":"https:\/\/sudoesteacontece.com.br\/?p=3431#article","isPartOf":{"@id":"https:\/\/sudoesteacontece.com.br\/?p=3431"},"author":{"name":"Washington Tiago","@id":"https:\/\/sudoesteacontece.com.br\/#\/schema\/person\/3cf2cf009926a9683ebc29d5379fa79c"},"headline":"Brumado discute uso da B\u00edblia nas escolas; proposta destaca valores, cultura e forma\u00e7\u00e3o humana","datePublished":"2025-12-03T12:30:52+00:00","dateModified":"2025-12-03T12:30:54+00:00","mainEntityOfPage":{"@id":"https:\/\/sudoesteacontece.com.br\/?p=3431"},"wordCount":338,"commentCount":0,"publisher":{"@id":"https:\/\/sudoesteacontece.com.br\/#organization"},"image":{"@id":"https:\/\/sudoesteacontece.com.br\/?p=3431#primaryimage"},"thumbnailUrl":"https:\/\/sudoesteacontece.com.br\/wp-content\/uploads\/2025\/12\/Brumado-discute-uso-da-Biblia-nas-escolas-proposta-destaca-valores-cultura-e-formacao-humana-sudoeste-acontece.jpg","articleSection":["Brumado","Educa\u00e7\u00e3o","Pol\u00edtica"],"inLanguage":"pt-BR","potentialAction":[{"@type":"CommentAction","name":"Comment","target":["https:\/\/sudoesteacontece.com.br\/?p=3431#respond"]}]},{"@type":"WebPage","@id":"https:\/\/sudoesteacontece.com.br\/?p=3431","url":"https:\/\/sudoesteacontece.com.br\/?p=3431","name":"Brumado discute uso da B\u00edblia nas escolas; proposta destaca valores, cultura e forma\u00e7\u00e3o humana - Sudoesteacontece","isPartOf":{"@id":"https:\/\/sudoesteacontece.com.br\/#website"},"primaryImageOfPage":{"@id":"https:\/\/sudoesteacontece.com.br\/?p=3431#primaryimage"},"image":{"@id":"https:\/\/sudoesteacontece.com.br\/?p=3431#primaryimage"},"thumbnailUrl":"https:\/\/sudoesteacontece.com.br\/wp-content\/uploads\/2025\/12\/Brumado-discute-uso-da-Biblia-nas-escolas-proposta-destaca-valores-cultura-e-formacao-humana-sudoeste-acontece.jpg","datePublished":"2025-12-03T12:30:52+00:00","dateModified":"2025-12-03T12:30:54+00:00","breadcrumb":{"@id":"https:\/\/sudoesteacontece.com.br\/?p=3431#breadcrumb"},"inLanguage":"pt-BR","potentialAction":[{"@type":"ReadAction","target":["https:\/\/sudoesteacontece.com.br\/?p=3431"]}]},{"@type":"ImageObject","inLanguage":"pt-BR","@id":"https:\/\/sudoesteacontece.com.br\/?p=3431#primaryimage","url":"https:\/\/sudoesteacontece.com.br\/wp-content\/uploads\/2025\/12\/Brumado-discute-uso-da-Biblia-nas-escolas-proposta-destaca-valores-cultura-e-formacao-humana-sudoeste-acontece.jpg","contentUrl":"https:\/\/sudoesteacontece.com.br\/wp-content\/uploads\/2025\/12\/Brumado-discute-uso-da-Biblia-nas-escolas-proposta-destaca-valores-cultura-e-formacao-humana-sudoeste-acontece.jpg","width":900,"height":600},{"@type":"BreadcrumbList","@id":"https:\/\/sudoesteacontece.com.br\/?p=3431#breadcrumb","itemListElement":[{"@type":"ListItem","position":1,"name":"In\u00edcio","item":"https:\/\/sudoesteacontece.com.br\/"},{"@type":"ListItem","position":2,"name":"Brumado discute uso da B\u00edblia nas escolas; proposta destaca valores, cultura e forma\u00e7\u00e3o humana"}]},{"@type":"WebSite","@id":"https:\/\/sudoesteacontece.com.br\/#website","url":"https:\/\/sudoesteacontece.com.br\/","name":"Sudoesteacontece","description":"","publisher":{"@id":"https:\/\/sudoesteacontece.com.br\/#organization"},"potentialAction":[{"@type":"SearchAction","target":{"@type":"EntryPoint","urlTemplate":"https:\/\/sudoesteacontece.com.br\/?s={search_term_string}"},"query-input":{"@type":"PropertyValueSpecification","valueRequired":true,"valueName":"search_term_string"}}],"inLanguage":"pt-BR"},{"@type":"Organization","@id":"https:\/\/sudoesteacontece.com.br\/#organization","name":"Sudoesteacontece","url":"https:\/\/sudoesteacontece.com.br\/","logo":{"@type":"ImageObject","inLanguage":"pt-BR","@id":"https:\/\/sudoesteacontece.com.br\/#\/schema\/logo\/image\/","url":"https:\/\/sudoesteacontece.com.br\/wp-content\/uploads\/2025\/12\/cropped-logo-2-180x180-1.png","contentUrl":"https:\/\/sudoesteacontece.com.br\/wp-content\/uploads\/2025\/12\/cropped-logo-2-180x180-1.png","width":180,"height":180,"caption":"Sudoesteacontece"},"image":{"@id":"https:\/\/sudoesteacontece.com.br\/#\/schema\/logo\/image\/"},"sameAs":["https:\/\/www.facebook.com\/sudoesteacontece\/?locale=pt_BR"]},{"@type":"Person","@id":"https:\/\/sudoesteacontece.com.br\/#\/schema\/person\/3cf2cf009926a9683ebc29d5379fa79c","name":"Washington Tiago","image":{"@type":"ImageObject","inLanguage":"pt-BR","@id":"https:\/\/sudoesteacontece.com.br\/#\/schema\/person\/image\/","url":"https:\/\/secure.gravatar.com\/avatar\/33c43b8668157e040f9d1fe93c354bf087cbd8ba36270c1163198bd3ddcf2a56?s=96&d=mm&r=g","contentUrl":"https:\/\/secure.gravatar.com\/avatar\/33c43b8668157e040f9d1fe93c354bf087cbd8ba36270c1163198bd3ddcf2a56?s=96&d=mm&r=g","caption":"Washington Tiago"},"url":"https:\/\/sudoesteacontece.com.br\/?author=2"}]}},"_links":{"self":[{"href":"https:\/\/sudoesteacontece.com.br\/index.php?rest_route=\/wp\/v2\/posts\/3431","targetHints":{"allow":["GET"]}}],"collection":[{"href":"https:\/\/sudoesteacontece.com.br\/index.php?rest_route=\/wp\/v2\/posts"}],"about":[{"href":"https:\/\/sudoesteacontece.com.br\/index.php?rest_route=\/wp\/v2\/types\/post"}],"author":[{"embeddable":true,"href":"https:\/\/sudoesteacontece.com.br\/index.php?rest_route=\/wp\/v2\/users\/2"}],"replies":[{"embeddable":true,"href":"https:\/\/sudoesteacontece.com.br\/index.php?rest_route=%2Fwp%2Fv2%2Fcomments&post=3431"}],"version-history":[{"count":0,"href":"https:\/\/sudoesteacontece.com.br\/index.php?rest_route=\/wp\/v2\/posts\/3431\/revisions"}],"wp:featuredmedia":[{"embeddable":true,"href":"https:\/\/sudoesteacontece.com.br\/index.php?rest_route=\/wp\/v2\/media\/3448"}],"wp:attachment":[{"href":"https:\/\/sudoesteacontece.com.br\/index.php?rest_route=%2Fwp%2Fv2%2Fmedia&parent=3431"}],"wp:term":[{"taxonomy":"category","embeddable":true,"href":"https:\/\/sudoesteacontece.com.br\/index.php?rest_route=%2Fwp%2Fv2%2Fcategories&post=3431"},{"taxonomy":"post_tag","embeddable":true,"href":"https:\/\/sudoesteacontece.com.br\/index.php?rest_route=%2Fwp%2Fv2%2Ftags&post=3431"}],"curies":[{"name":"wp","href":"https:\/\/api.w.org\/{rel}","templated":true}]}}