{"id":3443,"date":"2025-12-03T10:32:43","date_gmt":"2025-12-03T13:32:43","guid":{"rendered":"https:\/\/sudoesteacontece.com.br\/?p=3443"},"modified":"2025-12-03T10:32:44","modified_gmt":"2025-12-03T13:32:44","slug":"charles-fernandes-pode-reassumir-mandato-federal-em-movimentacao-estrategica-do-psd","status":"publish","type":"post","link":"https:\/\/sudoesteacontece.com.br\/?p=3443","title":{"rendered":"Charles Fernandes pode reassumir mandato federal em movimenta\u00e7\u00e3o estrat\u00e9gica do PSD"},"content":{"rendered":"<div class=\"wp-block-image\">\n<figure class=\"aligncenter size-full\"><img fetchpriority=\"high\" decoding=\"async\" width=\"900\" height=\"600\" src=\"http:\/\/sudoesteacontece.com.br\/wp-content\/uploads\/2025\/12\/Charles-Fernandes-pode-reassumir-mandato-federal-em-movimentacao-estrategica-do-PSD-sudoeste-acontece.jpg\" alt=\"\" class=\"wp-image-3470\" srcset=\"https:\/\/sudoesteacontece.com.br\/wp-content\/uploads\/2025\/12\/Charles-Fernandes-pode-reassumir-mandato-federal-em-movimentacao-estrategica-do-PSD-sudoeste-acontece.jpg 900w, https:\/\/sudoesteacontece.com.br\/wp-content\/uploads\/2025\/12\/Charles-Fernandes-pode-reassumir-mandato-federal-em-movimentacao-estrategica-do-PSD-sudoeste-acontece-300x200.jpg 300w, https:\/\/sudoesteacontece.com.br\/wp-content\/uploads\/2025\/12\/Charles-Fernandes-pode-reassumir-mandato-federal-em-movimentacao-estrategica-do-PSD-sudoeste-acontece-768x512.jpg 768w\" sizes=\"(max-width: 900px) 100vw, 900px\" \/><\/figure>\n<\/div>\n\n\n<p>Movimenta\u00e7\u00e3o pol\u00edtica reacendeu aten\u00e7\u00e3o sobre Charles Fernandes (PSD) ap\u00f3s senador Otto Alencar anunciar indica\u00e7\u00e3o do filho, Otto Alencar Filho, para o Tribunal de Contas do Estado da Bahia (TCE-BA). Caso a nomea\u00e7\u00e3o seja confirmada pelo governador Jer\u00f4nimo Rodrigues, Charles reassume automaticamente a cadeira na C\u00e2mara dos Deputados. A vaga surgiu ap\u00f3s aposentadoria compuls\u00f3ria do conselheiro Ant\u00f4nio Honorato.<\/p>\n\n\n\n<p> Com a poss\u00edvel ida de Otto Filho ao TCE-BA, o mandato em Bras\u00edlia seria interrompido, liberando a posi\u00e7\u00e3o para Charles, primeiro suplente do PSD. An\u00fancio oficial ocorreu nesta segunda-feira (1\u00ba). Otto Alencar destacou que a escolha foi un\u00e2nime entre as bancadas estadual e federal do PSD e depende apenas da aprova\u00e7\u00e3o do governador. Senador refor\u00e7ou que decis\u00e3o n\u00e3o representa benef\u00edcio pessoal, mas movimento pol\u00edtico alinhado \u00e0s lideran\u00e7as do partido. <\/p>\n\n\n\n<p>Estrat\u00e9gia visa reorganizar cen\u00e1rio interno do PSD para 2026. Retorno de Charles Fernandes \u00e0 C\u00e2mara reacenderia sua presen\u00e7a na pol\u00edtica nacional. Al\u00e9m disso, aumentaria a representa\u00e7\u00e3o do partido no Congresso e refor\u00e7aria o alinhamento estrat\u00e9gico do PSD. Se confirmada, nomea\u00e7\u00e3o de Otto Filho ao TCE-BA altera a composi\u00e7\u00e3o da bancada baiana, abrindo caminho imediato para que Charles reassuma o mandato federal.<\/p>\n","protected":false},"excerpt":{"rendered":"<p>Movimenta\u00e7\u00e3o pol\u00edtica reacendeu aten\u00e7\u00e3o sobre Charles Fernandes (PSD) ap\u00f3s senador Otto Alencar anunciar indica\u00e7\u00e3o do filho, Otto Alencar Filho, para o Tribunal de Contas do Estado da Bahia (TCE-BA). Caso a nomea\u00e7\u00e3o seja confirmada pelo governador Jer\u00f4nimo Rodrigues, Charles reassume automaticamente a cadeira na C\u00e2mara dos Deputados. A vaga surgiu ap\u00f3s aposentadoria compuls\u00f3ria do conselheiro Ant\u00f4nio Honorato. Com a poss\u00edvel ida de Otto Filho ao TCE-BA, o mandato em Bras\u00edlia seria interrompido, liberando a posi\u00e7\u00e3o para Charles, primeiro suplente do PSD. An\u00fancio oficial ocorreu nesta segunda-feira (1\u00ba). Otto Alencar destacou que a escolha foi un\u00e2nime entre as bancadas estadual e federal do PSD e depende apenas da aprova\u00e7\u00e3o do governador. Senador refor\u00e7ou que decis\u00e3o n\u00e3o representa benef\u00edcio pessoal, mas movimento pol\u00edtico alinhado \u00e0s lideran\u00e7as do partido. Estrat\u00e9gia visa reorganizar cen\u00e1rio interno do PSD para 2026. Retorno de Charles Fernandes \u00e0 C\u00e2mara reacenderia sua presen\u00e7a na pol\u00edtica nacional. Al\u00e9m disso, aumentaria a representa\u00e7\u00e3o do partido no Congresso e refor\u00e7aria o alinhamento estrat\u00e9gico do PSD. Se confirmada, nomea\u00e7\u00e3o de Otto Filho ao TCE-BA altera a composi\u00e7\u00e3o da bancada baiana, abrindo caminho imediato para que Charles reassuma o mandato federal.<\/p>\n","protected":false},"author":2,"featured_media":3470,"comment_status":"open","ping_status":"open","sticky":false,"template":"","format":"standard","meta":{"footnotes":""},"categories":[4,58,17,6],"tags":[],"class_list":["post-3443","post","type-post","status-publish","format-standard","has-post-thumbnail","hentry","category-cidades","category-eleicoes-2026","category-guanambi","category-politica"],"yoast_head":"<!-- This site is optimized with the Yoast SEO plugin v26.5 - https:\/\/yoast.com\/wordpress\/plugins\/seo\/ -->\n<title>Charles Fernandes pode reassumir mandato federal em movimenta\u00e7\u00e3o estrat\u00e9gica do PSD - Sudoesteacontece<\/title>\n<meta name=\"robots\" content=\"index, follow, max-snippet:-1, max-image-preview:large, max-video-preview:-1\" \/>\n<link rel=\"canonical\" href=\"https:\/\/sudoesteacontece.com.br\/?p=3443\" \/>\n<meta property=\"og:locale\" content=\"pt_BR\" \/>\n<meta property=\"og:type\" content=\"article\" \/>\n<meta property=\"og:title\" content=\"Charles Fernandes pode reassumir mandato federal em movimenta\u00e7\u00e3o estrat\u00e9gica do PSD - Sudoesteacontece\" \/>\n<meta property=\"og:description\" content=\"Movimenta\u00e7\u00e3o pol\u00edtica reacendeu aten\u00e7\u00e3o sobre Charles Fernandes (PSD) ap\u00f3s senador Otto Alencar anunciar indica\u00e7\u00e3o do filho, Otto Alencar Filho, para o Tribunal de Contas do Estado da Bahia (TCE-BA). Caso a nomea\u00e7\u00e3o seja confirmada pelo governador Jer\u00f4nimo Rodrigues, Charles reassume automaticamente a cadeira na C\u00e2mara dos Deputados. A vaga surgiu ap\u00f3s aposentadoria compuls\u00f3ria do conselheiro Ant\u00f4nio Honorato. Com a poss\u00edvel ida de Otto Filho ao TCE-BA, o mandato em Bras\u00edlia seria interrompido, liberando a posi\u00e7\u00e3o para Charles, primeiro suplente do PSD. An\u00fancio oficial ocorreu nesta segunda-feira (1\u00ba). Otto Alencar destacou que a escolha foi un\u00e2nime entre as bancadas estadual e federal do PSD e depende apenas da aprova\u00e7\u00e3o do governador. Senador refor\u00e7ou que decis\u00e3o n\u00e3o representa benef\u00edcio pessoal, mas movimento pol\u00edtico alinhado \u00e0s lideran\u00e7as do partido. Estrat\u00e9gia visa reorganizar cen\u00e1rio interno do PSD para 2026. Retorno de Charles Fernandes \u00e0 C\u00e2mara reacenderia sua presen\u00e7a na pol\u00edtica nacional. Al\u00e9m disso, aumentaria a representa\u00e7\u00e3o do partido no Congresso e refor\u00e7aria o alinhamento estrat\u00e9gico do PSD. Se confirmada, nomea\u00e7\u00e3o de Otto Filho ao TCE-BA altera a composi\u00e7\u00e3o da bancada baiana, abrindo caminho imediato para que Charles reassuma o mandato federal.\" \/>\n<meta property=\"og:url\" content=\"https:\/\/sudoesteacontece.com.br\/?p=3443\" \/>\n<meta property=\"og:site_name\" content=\"Sudoesteacontece\" \/>\n<meta property=\"article:publisher\" content=\"https:\/\/www.facebook.com\/sudoesteacontece\/?locale=pt_BR\" \/>\n<meta property=\"article:published_time\" content=\"2025-12-03T13:32:43+00:00\" \/>\n<meta property=\"article:modified_time\" content=\"2025-12-03T13:32:44+00:00\" \/>\n<meta property=\"og:image\" content=\"https:\/\/sudoesteacontece.com.br\/wp-content\/uploads\/2025\/12\/Charles-Fernandes-pode-reassumir-mandato-federal-em-movimentacao-estrategica-do-PSD-sudoeste-acontece.jpg\" \/>\n\t<meta property=\"og:image:width\" content=\"900\" \/>\n\t<meta property=\"og:image:height\" content=\"600\" \/>\n\t<meta property=\"og:image:type\" content=\"image\/jpeg\" \/>\n<meta name=\"author\" content=\"Washington Tiago\" \/>\n<meta name=\"twitter:card\" content=\"summary_large_image\" \/>\n<meta name=\"twitter:label1\" content=\"Escrito por\" \/>\n\t<meta name=\"twitter:data1\" content=\"Washington Tiago\" \/>\n\t<meta name=\"twitter:label2\" content=\"Est. tempo de leitura\" \/>\n\t<meta name=\"twitter:data2\" content=\"1 minuto\" \/>\n<script type=\"application\/ld+json\" class=\"yoast-schema-graph\">{\"@context\":\"https:\/\/schema.org\",\"@graph\":[{\"@type\":\"Article\",\"@id\":\"https:\/\/sudoesteacontece.com.br\/?p=3443#article\",\"isPartOf\":{\"@id\":\"https:\/\/sudoesteacontece.com.br\/?p=3443\"},\"author\":{\"name\":\"Washington Tiago\",\"@id\":\"https:\/\/sudoesteacontece.com.br\/#\/schema\/person\/3cf2cf009926a9683ebc29d5379fa79c\"},\"headline\":\"Charles Fernandes pode reassumir mandato federal em movimenta\u00e7\u00e3o estrat\u00e9gica do PSD\",\"datePublished\":\"2025-12-03T13:32:43+00:00\",\"dateModified\":\"2025-12-03T13:32:44+00:00\",\"mainEntityOfPage\":{\"@id\":\"https:\/\/sudoesteacontece.com.br\/?p=3443\"},\"wordCount\":231,\"commentCount\":0,\"publisher\":{\"@id\":\"https:\/\/sudoesteacontece.com.br\/#organization\"},\"image\":{\"@id\":\"https:\/\/sudoesteacontece.com.br\/?p=3443#primaryimage\"},\"thumbnailUrl\":\"https:\/\/sudoesteacontece.com.br\/wp-content\/uploads\/2025\/12\/Charles-Fernandes-pode-reassumir-mandato-federal-em-movimentacao-estrategica-do-PSD-sudoeste-acontece.jpg\",\"articleSection\":[\"Cidades\",\"Elei\u00e7\u00f5es 2026\",\"Guanambi\",\"Pol\u00edtica\"],\"inLanguage\":\"pt-BR\",\"potentialAction\":[{\"@type\":\"CommentAction\",\"name\":\"Comment\",\"target\":[\"https:\/\/sudoesteacontece.com.br\/?p=3443#respond\"]}]},{\"@type\":\"WebPage\",\"@id\":\"https:\/\/sudoesteacontece.com.br\/?p=3443\",\"url\":\"https:\/\/sudoesteacontece.com.br\/?p=3443\",\"name\":\"Charles Fernandes pode reassumir mandato federal em movimenta\u00e7\u00e3o estrat\u00e9gica do PSD - Sudoesteacontece\",\"isPartOf\":{\"@id\":\"https:\/\/sudoesteacontece.com.br\/#website\"},\"primaryImageOfPage\":{\"@id\":\"https:\/\/sudoesteacontece.com.br\/?p=3443#primaryimage\"},\"image\":{\"@id\":\"https:\/\/sudoesteacontece.com.br\/?p=3443#primaryimage\"},\"thumbnailUrl\":\"https:\/\/sudoesteacontece.com.br\/wp-content\/uploads\/2025\/12\/Charles-Fernandes-pode-reassumir-mandato-federal-em-movimentacao-estrategica-do-PSD-sudoeste-acontece.jpg\",\"datePublished\":\"2025-12-03T13:32:43+00:00\",\"dateModified\":\"2025-12-03T13:32:44+00:00\",\"breadcrumb\":{\"@id\":\"https:\/\/sudoesteacontece.com.br\/?p=3443#breadcrumb\"},\"inLanguage\":\"pt-BR\",\"potentialAction\":[{\"@type\":\"ReadAction\",\"target\":[\"https:\/\/sudoesteacontece.com.br\/?p=3443\"]}]},{\"@type\":\"ImageObject\",\"inLanguage\":\"pt-BR\",\"@id\":\"https:\/\/sudoesteacontece.com.br\/?p=3443#primaryimage\",\"url\":\"https:\/\/sudoesteacontece.com.br\/wp-content\/uploads\/2025\/12\/Charles-Fernandes-pode-reassumir-mandato-federal-em-movimentacao-estrategica-do-PSD-sudoeste-acontece.jpg\",\"contentUrl\":\"https:\/\/sudoesteacontece.com.br\/wp-content\/uploads\/2025\/12\/Charles-Fernandes-pode-reassumir-mandato-federal-em-movimentacao-estrategica-do-PSD-sudoeste-acontece.jpg\",\"width\":900,\"height\":600},{\"@type\":\"BreadcrumbList\",\"@id\":\"https:\/\/sudoesteacontece.com.br\/?p=3443#breadcrumb\",\"itemListElement\":[{\"@type\":\"ListItem\",\"position\":1,\"name\":\"In\u00edcio\",\"item\":\"https:\/\/sudoesteacontece.com.br\/\"},{\"@type\":\"ListItem\",\"position\":2,\"name\":\"Charles Fernandes pode reassumir mandato federal em movimenta\u00e7\u00e3o estrat\u00e9gica do PSD\"}]},{\"@type\":\"WebSite\",\"@id\":\"https:\/\/sudoesteacontece.com.br\/#website\",\"url\":\"https:\/\/sudoesteacontece.com.br\/\",\"name\":\"Sudoesteacontece\",\"description\":\"\",\"publisher\":{\"@id\":\"https:\/\/sudoesteacontece.com.br\/#organization\"},\"potentialAction\":[{\"@type\":\"SearchAction\",\"target\":{\"@type\":\"EntryPoint\",\"urlTemplate\":\"https:\/\/sudoesteacontece.com.br\/?s={search_term_string}\"},\"query-input\":{\"@type\":\"PropertyValueSpecification\",\"valueRequired\":true,\"valueName\":\"search_term_string\"}}],\"inLanguage\":\"pt-BR\"},{\"@type\":\"Organization\",\"@id\":\"https:\/\/sudoesteacontece.com.br\/#organization\",\"name\":\"Sudoesteacontece\",\"url\":\"https:\/\/sudoesteacontece.com.br\/\",\"logo\":{\"@type\":\"ImageObject\",\"inLanguage\":\"pt-BR\",\"@id\":\"https:\/\/sudoesteacontece.com.br\/#\/schema\/logo\/image\/\",\"url\":\"https:\/\/sudoesteacontece.com.br\/wp-content\/uploads\/2025\/12\/cropped-logo-2-180x180-1.png\",\"contentUrl\":\"https:\/\/sudoesteacontece.com.br\/wp-content\/uploads\/2025\/12\/cropped-logo-2-180x180-1.png\",\"width\":180,\"height\":180,\"caption\":\"Sudoesteacontece\"},\"image\":{\"@id\":\"https:\/\/sudoesteacontece.com.br\/#\/schema\/logo\/image\/\"},\"sameAs\":[\"https:\/\/www.facebook.com\/sudoesteacontece\/?locale=pt_BR\"]},{\"@type\":\"Person\",\"@id\":\"https:\/\/sudoesteacontece.com.br\/#\/schema\/person\/3cf2cf009926a9683ebc29d5379fa79c\",\"name\":\"Washington Tiago\",\"image\":{\"@type\":\"ImageObject\",\"inLanguage\":\"pt-BR\",\"@id\":\"https:\/\/sudoesteacontece.com.br\/#\/schema\/person\/image\/\",\"url\":\"https:\/\/secure.gravatar.com\/avatar\/33c43b8668157e040f9d1fe93c354bf087cbd8ba36270c1163198bd3ddcf2a56?s=96&d=mm&r=g\",\"contentUrl\":\"https:\/\/secure.gravatar.com\/avatar\/33c43b8668157e040f9d1fe93c354bf087cbd8ba36270c1163198bd3ddcf2a56?s=96&d=mm&r=g\",\"caption\":\"Washington Tiago\"},\"url\":\"https:\/\/sudoesteacontece.com.br\/?author=2\"}]}<\/script>\n<!-- \/ Yoast SEO plugin. -->","yoast_head_json":{"title":"Charles Fernandes pode reassumir mandato federal em movimenta\u00e7\u00e3o estrat\u00e9gica do PSD - Sudoesteacontece","robots":{"index":"index","follow":"follow","max-snippet":"max-snippet:-1","max-image-preview":"max-image-preview:large","max-video-preview":"max-video-preview:-1"},"canonical":"https:\/\/sudoesteacontece.com.br\/?p=3443","og_locale":"pt_BR","og_type":"article","og_title":"Charles Fernandes pode reassumir mandato federal em movimenta\u00e7\u00e3o estrat\u00e9gica do PSD - Sudoesteacontece","og_description":"Movimenta\u00e7\u00e3o pol\u00edtica reacendeu aten\u00e7\u00e3o sobre Charles Fernandes (PSD) ap\u00f3s senador Otto Alencar anunciar indica\u00e7\u00e3o do filho, Otto Alencar Filho, para o Tribunal de Contas do Estado da Bahia (TCE-BA). Caso a nomea\u00e7\u00e3o seja confirmada pelo governador Jer\u00f4nimo Rodrigues, Charles reassume automaticamente a cadeira na C\u00e2mara dos Deputados. A vaga surgiu ap\u00f3s aposentadoria compuls\u00f3ria do conselheiro Ant\u00f4nio Honorato. Com a poss\u00edvel ida de Otto Filho ao TCE-BA, o mandato em Bras\u00edlia seria interrompido, liberando a posi\u00e7\u00e3o para Charles, primeiro suplente do PSD. An\u00fancio oficial ocorreu nesta segunda-feira (1\u00ba). Otto Alencar destacou que a escolha foi un\u00e2nime entre as bancadas estadual e federal do PSD e depende apenas da aprova\u00e7\u00e3o do governador. Senador refor\u00e7ou que decis\u00e3o n\u00e3o representa benef\u00edcio pessoal, mas movimento pol\u00edtico alinhado \u00e0s lideran\u00e7as do partido. Estrat\u00e9gia visa reorganizar cen\u00e1rio interno do PSD para 2026. Retorno de Charles Fernandes \u00e0 C\u00e2mara reacenderia sua presen\u00e7a na pol\u00edtica nacional. Al\u00e9m disso, aumentaria a representa\u00e7\u00e3o do partido no Congresso e refor\u00e7aria o alinhamento estrat\u00e9gico do PSD. Se confirmada, nomea\u00e7\u00e3o de Otto Filho ao TCE-BA altera a composi\u00e7\u00e3o da bancada baiana, abrindo caminho imediato para que Charles reassuma o mandato federal.","og_url":"https:\/\/sudoesteacontece.com.br\/?p=3443","og_site_name":"Sudoesteacontece","article_publisher":"https:\/\/www.facebook.com\/sudoesteacontece\/?locale=pt_BR","article_published_time":"2025-12-03T13:32:43+00:00","article_modified_time":"2025-12-03T13:32:44+00:00","og_image":[{"width":900,"height":600,"url":"https:\/\/sudoesteacontece.com.br\/wp-content\/uploads\/2025\/12\/Charles-Fernandes-pode-reassumir-mandato-federal-em-movimentacao-estrategica-do-PSD-sudoeste-acontece.jpg","type":"image\/jpeg"}],"author":"Washington Tiago","twitter_card":"summary_large_image","twitter_misc":{"Escrito por":"Washington Tiago","Est. tempo de leitura":"1 minuto"},"schema":{"@context":"https:\/\/schema.org","@graph":[{"@type":"Article","@id":"https:\/\/sudoesteacontece.com.br\/?p=3443#article","isPartOf":{"@id":"https:\/\/sudoesteacontece.com.br\/?p=3443"},"author":{"name":"Washington Tiago","@id":"https:\/\/sudoesteacontece.com.br\/#\/schema\/person\/3cf2cf009926a9683ebc29d5379fa79c"},"headline":"Charles Fernandes pode reassumir mandato federal em movimenta\u00e7\u00e3o estrat\u00e9gica do PSD","datePublished":"2025-12-03T13:32:43+00:00","dateModified":"2025-12-03T13:32:44+00:00","mainEntityOfPage":{"@id":"https:\/\/sudoesteacontece.com.br\/?p=3443"},"wordCount":231,"commentCount":0,"publisher":{"@id":"https:\/\/sudoesteacontece.com.br\/#organization"},"image":{"@id":"https:\/\/sudoesteacontece.com.br\/?p=3443#primaryimage"},"thumbnailUrl":"https:\/\/sudoesteacontece.com.br\/wp-content\/uploads\/2025\/12\/Charles-Fernandes-pode-reassumir-mandato-federal-em-movimentacao-estrategica-do-PSD-sudoeste-acontece.jpg","articleSection":["Cidades","Elei\u00e7\u00f5es 2026","Guanambi","Pol\u00edtica"],"inLanguage":"pt-BR","potentialAction":[{"@type":"CommentAction","name":"Comment","target":["https:\/\/sudoesteacontece.com.br\/?p=3443#respond"]}]},{"@type":"WebPage","@id":"https:\/\/sudoesteacontece.com.br\/?p=3443","url":"https:\/\/sudoesteacontece.com.br\/?p=3443","name":"Charles Fernandes pode reassumir mandato federal em movimenta\u00e7\u00e3o estrat\u00e9gica do PSD - Sudoesteacontece","isPartOf":{"@id":"https:\/\/sudoesteacontece.com.br\/#website"},"primaryImageOfPage":{"@id":"https:\/\/sudoesteacontece.com.br\/?p=3443#primaryimage"},"image":{"@id":"https:\/\/sudoesteacontece.com.br\/?p=3443#primaryimage"},"thumbnailUrl":"https:\/\/sudoesteacontece.com.br\/wp-content\/uploads\/2025\/12\/Charles-Fernandes-pode-reassumir-mandato-federal-em-movimentacao-estrategica-do-PSD-sudoeste-acontece.jpg","datePublished":"2025-12-03T13:32:43+00:00","dateModified":"2025-12-03T13:32:44+00:00","breadcrumb":{"@id":"https:\/\/sudoesteacontece.com.br\/?p=3443#breadcrumb"},"inLanguage":"pt-BR","potentialAction":[{"@type":"ReadAction","target":["https:\/\/sudoesteacontece.com.br\/?p=3443"]}]},{"@type":"ImageObject","inLanguage":"pt-BR","@id":"https:\/\/sudoesteacontece.com.br\/?p=3443#primaryimage","url":"https:\/\/sudoesteacontece.com.br\/wp-content\/uploads\/2025\/12\/Charles-Fernandes-pode-reassumir-mandato-federal-em-movimentacao-estrategica-do-PSD-sudoeste-acontece.jpg","contentUrl":"https:\/\/sudoesteacontece.com.br\/wp-content\/uploads\/2025\/12\/Charles-Fernandes-pode-reassumir-mandato-federal-em-movimentacao-estrategica-do-PSD-sudoeste-acontece.jpg","width":900,"height":600},{"@type":"BreadcrumbList","@id":"https:\/\/sudoesteacontece.com.br\/?p=3443#breadcrumb","itemListElement":[{"@type":"ListItem","position":1,"name":"In\u00edcio","item":"https:\/\/sudoesteacontece.com.br\/"},{"@type":"ListItem","position":2,"name":"Charles Fernandes pode reassumir mandato federal em movimenta\u00e7\u00e3o estrat\u00e9gica do PSD"}]},{"@type":"WebSite","@id":"https:\/\/sudoesteacontece.com.br\/#website","url":"https:\/\/sudoesteacontece.com.br\/","name":"Sudoesteacontece","description":"","publisher":{"@id":"https:\/\/sudoesteacontece.com.br\/#organization"},"potentialAction":[{"@type":"SearchAction","target":{"@type":"EntryPoint","urlTemplate":"https:\/\/sudoesteacontece.com.br\/?s={search_term_string}"},"query-input":{"@type":"PropertyValueSpecification","valueRequired":true,"valueName":"search_term_string"}}],"inLanguage":"pt-BR"},{"@type":"Organization","@id":"https:\/\/sudoesteacontece.com.br\/#organization","name":"Sudoesteacontece","url":"https:\/\/sudoesteacontece.com.br\/","logo":{"@type":"ImageObject","inLanguage":"pt-BR","@id":"https:\/\/sudoesteacontece.com.br\/#\/schema\/logo\/image\/","url":"https:\/\/sudoesteacontece.com.br\/wp-content\/uploads\/2025\/12\/cropped-logo-2-180x180-1.png","contentUrl":"https:\/\/sudoesteacontece.com.br\/wp-content\/uploads\/2025\/12\/cropped-logo-2-180x180-1.png","width":180,"height":180,"caption":"Sudoesteacontece"},"image":{"@id":"https:\/\/sudoesteacontece.com.br\/#\/schema\/logo\/image\/"},"sameAs":["https:\/\/www.facebook.com\/sudoesteacontece\/?locale=pt_BR"]},{"@type":"Person","@id":"https:\/\/sudoesteacontece.com.br\/#\/schema\/person\/3cf2cf009926a9683ebc29d5379fa79c","name":"Washington Tiago","image":{"@type":"ImageObject","inLanguage":"pt-BR","@id":"https:\/\/sudoesteacontece.com.br\/#\/schema\/person\/image\/","url":"https:\/\/secure.gravatar.com\/avatar\/33c43b8668157e040f9d1fe93c354bf087cbd8ba36270c1163198bd3ddcf2a56?s=96&d=mm&r=g","contentUrl":"https:\/\/secure.gravatar.com\/avatar\/33c43b8668157e040f9d1fe93c354bf087cbd8ba36270c1163198bd3ddcf2a56?s=96&d=mm&r=g","caption":"Washington Tiago"},"url":"https:\/\/sudoesteacontece.com.br\/?author=2"}]}},"_links":{"self":[{"href":"https:\/\/sudoesteacontece.com.br\/index.php?rest_route=\/wp\/v2\/posts\/3443","targetHints":{"allow":["GET"]}}],"collection":[{"href":"https:\/\/sudoesteacontece.com.br\/index.php?rest_route=\/wp\/v2\/posts"}],"about":[{"href":"https:\/\/sudoesteacontece.com.br\/index.php?rest_route=\/wp\/v2\/types\/post"}],"author":[{"embeddable":true,"href":"https:\/\/sudoesteacontece.com.br\/index.php?rest_route=\/wp\/v2\/users\/2"}],"replies":[{"embeddable":true,"href":"https:\/\/sudoesteacontece.com.br\/index.php?rest_route=%2Fwp%2Fv2%2Fcomments&post=3443"}],"version-history":[{"count":0,"href":"https:\/\/sudoesteacontece.com.br\/index.php?rest_route=\/wp\/v2\/posts\/3443\/revisions"}],"wp:featuredmedia":[{"embeddable":true,"href":"https:\/\/sudoesteacontece.com.br\/index.php?rest_route=\/wp\/v2\/media\/3470"}],"wp:attachment":[{"href":"https:\/\/sudoesteacontece.com.br\/index.php?rest_route=%2Fwp%2Fv2%2Fmedia&parent=3443"}],"wp:term":[{"taxonomy":"category","embeddable":true,"href":"https:\/\/sudoesteacontece.com.br\/index.php?rest_route=%2Fwp%2Fv2%2Fcategories&post=3443"},{"taxonomy":"post_tag","embeddable":true,"href":"https:\/\/sudoesteacontece.com.br\/index.php?rest_route=%2Fwp%2Fv2%2Ftags&post=3443"}],"curies":[{"name":"wp","href":"https:\/\/api.w.org\/{rel}","templated":true}]}}