{"id":3483,"date":"2025-12-05T09:16:25","date_gmt":"2025-12-05T12:16:25","guid":{"rendered":"https:\/\/sudoesteacontece.com.br\/?p=3483"},"modified":"2025-12-05T09:16:27","modified_gmt":"2025-12-05T12:16:27","slug":"outdoor-com-imagens-dos-deputados-waldenor-pereira-ze-raimundo-e-do-governador-jeronimo-rodrigues-e-pichado-em-vitoria-da-conquista","status":"publish","type":"post","link":"https:\/\/sudoesteacontece.com.br\/?p=3483","title":{"rendered":"Outdoor com imagens dos deputados Waldenor Pereira, Z\u00e9 Raimundo e do governador Jer\u00f4nimo Rodrigues \u00e9 pichado em Vit\u00f3ria da Conquista"},"content":{"rendered":"<div class=\"wp-block-image\">\n<figure class=\"aligncenter size-full\"><img fetchpriority=\"high\" decoding=\"async\" width=\"900\" height=\"600\" src=\"http:\/\/sudoesteacontece.com.br\/wp-content\/uploads\/2025\/12\/Outdoor-sobre-Barragem-do-Catole-e-pichado-e-gera-tensao-politica-em-Conquista-sudoeste-acontece.jpg\" alt=\"\" class=\"wp-image-3514\" srcset=\"https:\/\/sudoesteacontece.com.br\/wp-content\/uploads\/2025\/12\/Outdoor-sobre-Barragem-do-Catole-e-pichado-e-gera-tensao-politica-em-Conquista-sudoeste-acontece.jpg 900w, https:\/\/sudoesteacontece.com.br\/wp-content\/uploads\/2025\/12\/Outdoor-sobre-Barragem-do-Catole-e-pichado-e-gera-tensao-politica-em-Conquista-sudoeste-acontece-300x200.jpg 300w, https:\/\/sudoesteacontece.com.br\/wp-content\/uploads\/2025\/12\/Outdoor-sobre-Barragem-do-Catole-e-pichado-e-gera-tensao-politica-em-Conquista-sudoeste-acontece-768x512.jpg 768w\" sizes=\"(max-width: 900px) 100vw, 900px\" \/><\/figure>\n<\/div>\n\n\n<p>V\u00e2ndalos picharam outdoors com imagens dos deputados Waldenor Pereira, Z\u00e9 Raimundo e do governador Jer\u00f4nimo Rodrigues em Vit\u00f3ria da Conquista. O ataque ocorreu nesta quarta-feira (3) e ganhou repercuss\u00e3o ap\u00f3s fotos serem divulgadas nas redes sociais. Imagens mostram tinta azul jogada diretamente sobre os rostos dos tr\u00eas pol\u00edticos do PT. <\/p>\n\n\n\n<p>O ato atingiu pain\u00e9is instalados para divulgar a\u00e7\u00f5es dos mandatos e investimentos recentes no munic\u00edpio. Publicidade pichada destacava o investimento de R$ 320 milh\u00f5es para a constru\u00e7\u00e3o da Barragem do Catol\u00e9, obra considerada estrat\u00e9gica para o abastecimento do Centro-Sul Baiano. A depreda\u00e7\u00e3o comprometeu a comunica\u00e7\u00e3o sobre o andamento do projeto.<\/p>\n\n\n\n<p>A\u00e7\u00e3o criminosa segue com autoria desconhecida. A picha\u00e7\u00e3o configura preju\u00edzo material e tamb\u00e9m ataque \u00e0 divulga\u00e7\u00e3o de informa\u00e7\u00f5es p\u00fablicas sobre obras e recursos destinados \u00e0 regi\u00e3o. Clima pol\u00edtico na cidade ganhou tens\u00e3o. Picha\u00e7\u00e3o levantou especula\u00e7\u00f5es sobre motiva\u00e7\u00e3o, e moradores discutem se o ato seria um protesto contra os pol\u00edticos ligados \u00e0 gest\u00e3o estadual.<\/p>\n\n\n\n<p>Autoridades ainda n\u00e3o comentaram o caso oficialmente. N\u00e3o h\u00e1 registro de boletim de ocorr\u00eancia at\u00e9 o momento. A expectativa \u00e9 que a pol\u00edcia seja acionada para investigar o epis\u00f3dio e identificar os respons\u00e1veis. Cen\u00e1rio eleitoral local segue marcado por polariza\u00e7\u00e3o. Depreda\u00e7\u00e3o reacende debates sobre intoler\u00e2ncia pol\u00edtica e uso de vandalismo como forma de manifesta\u00e7\u00e3o.<\/p>\n","protected":false},"excerpt":{"rendered":"<p>V\u00e2ndalos picharam outdoors com imagens dos deputados Waldenor Pereira, Z\u00e9 Raimundo e do governador Jer\u00f4nimo Rodrigues em Vit\u00f3ria da Conquista. O ataque ocorreu nesta quarta-feira (3) e ganhou repercuss\u00e3o ap\u00f3s fotos serem divulgadas nas redes sociais. Imagens mostram tinta azul jogada diretamente sobre os rostos dos tr\u00eas pol\u00edticos do PT. O ato atingiu pain\u00e9is instalados para divulgar a\u00e7\u00f5es dos mandatos e investimentos recentes no munic\u00edpio. Publicidade pichada destacava o investimento de R$ 320 milh\u00f5es para a constru\u00e7\u00e3o da Barragem do Catol\u00e9, obra considerada estrat\u00e9gica para o abastecimento do Centro-Sul Baiano. A depreda\u00e7\u00e3o comprometeu a comunica\u00e7\u00e3o sobre o andamento do projeto. A\u00e7\u00e3o criminosa segue com autoria desconhecida. A picha\u00e7\u00e3o configura preju\u00edzo material e tamb\u00e9m ataque \u00e0 divulga\u00e7\u00e3o de informa\u00e7\u00f5es p\u00fablicas sobre obras e recursos destinados \u00e0 regi\u00e3o. Clima pol\u00edtico na cidade ganhou tens\u00e3o. Picha\u00e7\u00e3o levantou especula\u00e7\u00f5es sobre motiva\u00e7\u00e3o, e moradores discutem se o ato seria um protesto contra os pol\u00edticos ligados \u00e0 gest\u00e3o estadual. Autoridades ainda n\u00e3o comentaram o caso oficialmente. N\u00e3o h\u00e1 registro de boletim de ocorr\u00eancia at\u00e9 o momento. A expectativa \u00e9 que a pol\u00edcia seja acionada para investigar o epis\u00f3dio e identificar os respons\u00e1veis. Cen\u00e1rio eleitoral local segue marcado por polariza\u00e7\u00e3o. Depreda\u00e7\u00e3o reacende debates sobre intoler\u00e2ncia pol\u00edtica e uso de vandalismo como forma de manifesta\u00e7\u00e3o.<\/p>\n","protected":false},"author":2,"featured_media":3514,"comment_status":"open","ping_status":"open","sticky":false,"template":"","format":"standard","meta":{"footnotes":""},"categories":[7,4,6],"tags":[],"class_list":["post-3483","post","type-post","status-publish","format-standard","has-post-thumbnail","hentry","category-bahia","category-cidades","category-politica"],"yoast_head":"<!-- This site is optimized with the Yoast SEO plugin v26.5 - https:\/\/yoast.com\/wordpress\/plugins\/seo\/ -->\n<title>Outdoor com imagens dos deputados Waldenor Pereira, Z\u00e9 Raimundo e do governador Jer\u00f4nimo Rodrigues \u00e9 pichado em Vit\u00f3ria da Conquista - Sudoesteacontece<\/title>\n<meta name=\"robots\" content=\"index, follow, max-snippet:-1, max-image-preview:large, max-video-preview:-1\" \/>\n<link rel=\"canonical\" href=\"https:\/\/sudoesteacontece.com.br\/?p=3483\" \/>\n<meta property=\"og:locale\" content=\"pt_BR\" \/>\n<meta property=\"og:type\" content=\"article\" \/>\n<meta property=\"og:title\" content=\"Outdoor com imagens dos deputados Waldenor Pereira, Z\u00e9 Raimundo e do governador Jer\u00f4nimo Rodrigues \u00e9 pichado em Vit\u00f3ria da Conquista - Sudoesteacontece\" \/>\n<meta property=\"og:description\" content=\"V\u00e2ndalos picharam outdoors com imagens dos deputados Waldenor Pereira, Z\u00e9 Raimundo e do governador Jer\u00f4nimo Rodrigues em Vit\u00f3ria da Conquista. O ataque ocorreu nesta quarta-feira (3) e ganhou repercuss\u00e3o ap\u00f3s fotos serem divulgadas nas redes sociais. Imagens mostram tinta azul jogada diretamente sobre os rostos dos tr\u00eas pol\u00edticos do PT. O ato atingiu pain\u00e9is instalados para divulgar a\u00e7\u00f5es dos mandatos e investimentos recentes no munic\u00edpio. Publicidade pichada destacava o investimento de R$ 320 milh\u00f5es para a constru\u00e7\u00e3o da Barragem do Catol\u00e9, obra considerada estrat\u00e9gica para o abastecimento do Centro-Sul Baiano. A depreda\u00e7\u00e3o comprometeu a comunica\u00e7\u00e3o sobre o andamento do projeto. A\u00e7\u00e3o criminosa segue com autoria desconhecida. A picha\u00e7\u00e3o configura preju\u00edzo material e tamb\u00e9m ataque \u00e0 divulga\u00e7\u00e3o de informa\u00e7\u00f5es p\u00fablicas sobre obras e recursos destinados \u00e0 regi\u00e3o. Clima pol\u00edtico na cidade ganhou tens\u00e3o. Picha\u00e7\u00e3o levantou especula\u00e7\u00f5es sobre motiva\u00e7\u00e3o, e moradores discutem se o ato seria um protesto contra os pol\u00edticos ligados \u00e0 gest\u00e3o estadual. Autoridades ainda n\u00e3o comentaram o caso oficialmente. N\u00e3o h\u00e1 registro de boletim de ocorr\u00eancia at\u00e9 o momento. A expectativa \u00e9 que a pol\u00edcia seja acionada para investigar o epis\u00f3dio e identificar os respons\u00e1veis. Cen\u00e1rio eleitoral local segue marcado por polariza\u00e7\u00e3o. Depreda\u00e7\u00e3o reacende debates sobre intoler\u00e2ncia pol\u00edtica e uso de vandalismo como forma de manifesta\u00e7\u00e3o.\" \/>\n<meta property=\"og:url\" content=\"https:\/\/sudoesteacontece.com.br\/?p=3483\" \/>\n<meta property=\"og:site_name\" content=\"Sudoesteacontece\" \/>\n<meta property=\"article:publisher\" content=\"https:\/\/www.facebook.com\/sudoesteacontece\/?locale=pt_BR\" \/>\n<meta property=\"article:published_time\" content=\"2025-12-05T12:16:25+00:00\" \/>\n<meta property=\"article:modified_time\" content=\"2025-12-05T12:16:27+00:00\" \/>\n<meta property=\"og:image\" content=\"https:\/\/sudoesteacontece.com.br\/wp-content\/uploads\/2025\/12\/Outdoor-sobre-Barragem-do-Catole-e-pichado-e-gera-tensao-politica-em-Conquista-sudoeste-acontece.jpg\" \/>\n\t<meta property=\"og:image:width\" content=\"900\" \/>\n\t<meta property=\"og:image:height\" content=\"600\" \/>\n\t<meta property=\"og:image:type\" content=\"image\/jpeg\" \/>\n<meta name=\"author\" content=\"Washington Tiago\" \/>\n<meta name=\"twitter:card\" content=\"summary_large_image\" \/>\n<meta name=\"twitter:label1\" content=\"Escrito por\" \/>\n\t<meta name=\"twitter:data1\" content=\"Washington Tiago\" \/>\n\t<meta name=\"twitter:label2\" content=\"Est. tempo de leitura\" \/>\n\t<meta name=\"twitter:data2\" content=\"1 minuto\" \/>\n<script type=\"application\/ld+json\" class=\"yoast-schema-graph\">{\"@context\":\"https:\/\/schema.org\",\"@graph\":[{\"@type\":\"Article\",\"@id\":\"https:\/\/sudoesteacontece.com.br\/?p=3483#article\",\"isPartOf\":{\"@id\":\"https:\/\/sudoesteacontece.com.br\/?p=3483\"},\"author\":{\"name\":\"Washington Tiago\",\"@id\":\"https:\/\/sudoesteacontece.com.br\/#\/schema\/person\/3cf2cf009926a9683ebc29d5379fa79c\"},\"headline\":\"Outdoor com imagens dos deputados Waldenor Pereira, Z\u00e9 Raimundo e do governador Jer\u00f4nimo Rodrigues \u00e9 pichado em Vit\u00f3ria da Conquista\",\"datePublished\":\"2025-12-05T12:16:25+00:00\",\"dateModified\":\"2025-12-05T12:16:27+00:00\",\"mainEntityOfPage\":{\"@id\":\"https:\/\/sudoesteacontece.com.br\/?p=3483\"},\"wordCount\":264,\"commentCount\":0,\"publisher\":{\"@id\":\"https:\/\/sudoesteacontece.com.br\/#organization\"},\"image\":{\"@id\":\"https:\/\/sudoesteacontece.com.br\/?p=3483#primaryimage\"},\"thumbnailUrl\":\"https:\/\/sudoesteacontece.com.br\/wp-content\/uploads\/2025\/12\/Outdoor-sobre-Barragem-do-Catole-e-pichado-e-gera-tensao-politica-em-Conquista-sudoeste-acontece.jpg\",\"articleSection\":[\"Bahia\",\"Cidades\",\"Pol\u00edtica\"],\"inLanguage\":\"pt-BR\",\"potentialAction\":[{\"@type\":\"CommentAction\",\"name\":\"Comment\",\"target\":[\"https:\/\/sudoesteacontece.com.br\/?p=3483#respond\"]}]},{\"@type\":\"WebPage\",\"@id\":\"https:\/\/sudoesteacontece.com.br\/?p=3483\",\"url\":\"https:\/\/sudoesteacontece.com.br\/?p=3483\",\"name\":\"Outdoor com imagens dos deputados Waldenor Pereira, Z\u00e9 Raimundo e do governador Jer\u00f4nimo Rodrigues \u00e9 pichado em Vit\u00f3ria da Conquista - Sudoesteacontece\",\"isPartOf\":{\"@id\":\"https:\/\/sudoesteacontece.com.br\/#website\"},\"primaryImageOfPage\":{\"@id\":\"https:\/\/sudoesteacontece.com.br\/?p=3483#primaryimage\"},\"image\":{\"@id\":\"https:\/\/sudoesteacontece.com.br\/?p=3483#primaryimage\"},\"thumbnailUrl\":\"https:\/\/sudoesteacontece.com.br\/wp-content\/uploads\/2025\/12\/Outdoor-sobre-Barragem-do-Catole-e-pichado-e-gera-tensao-politica-em-Conquista-sudoeste-acontece.jpg\",\"datePublished\":\"2025-12-05T12:16:25+00:00\",\"dateModified\":\"2025-12-05T12:16:27+00:00\",\"breadcrumb\":{\"@id\":\"https:\/\/sudoesteacontece.com.br\/?p=3483#breadcrumb\"},\"inLanguage\":\"pt-BR\",\"potentialAction\":[{\"@type\":\"ReadAction\",\"target\":[\"https:\/\/sudoesteacontece.com.br\/?p=3483\"]}]},{\"@type\":\"ImageObject\",\"inLanguage\":\"pt-BR\",\"@id\":\"https:\/\/sudoesteacontece.com.br\/?p=3483#primaryimage\",\"url\":\"https:\/\/sudoesteacontece.com.br\/wp-content\/uploads\/2025\/12\/Outdoor-sobre-Barragem-do-Catole-e-pichado-e-gera-tensao-politica-em-Conquista-sudoeste-acontece.jpg\",\"contentUrl\":\"https:\/\/sudoesteacontece.com.br\/wp-content\/uploads\/2025\/12\/Outdoor-sobre-Barragem-do-Catole-e-pichado-e-gera-tensao-politica-em-Conquista-sudoeste-acontece.jpg\",\"width\":900,\"height\":600},{\"@type\":\"BreadcrumbList\",\"@id\":\"https:\/\/sudoesteacontece.com.br\/?p=3483#breadcrumb\",\"itemListElement\":[{\"@type\":\"ListItem\",\"position\":1,\"name\":\"In\u00edcio\",\"item\":\"https:\/\/sudoesteacontece.com.br\/\"},{\"@type\":\"ListItem\",\"position\":2,\"name\":\"Outdoor com imagens dos deputados Waldenor Pereira, Z\u00e9 Raimundo e do governador Jer\u00f4nimo Rodrigues \u00e9 pichado em Vit\u00f3ria da Conquista\"}]},{\"@type\":\"WebSite\",\"@id\":\"https:\/\/sudoesteacontece.com.br\/#website\",\"url\":\"https:\/\/sudoesteacontece.com.br\/\",\"name\":\"Sudoesteacontece\",\"description\":\"\",\"publisher\":{\"@id\":\"https:\/\/sudoesteacontece.com.br\/#organization\"},\"potentialAction\":[{\"@type\":\"SearchAction\",\"target\":{\"@type\":\"EntryPoint\",\"urlTemplate\":\"https:\/\/sudoesteacontece.com.br\/?s={search_term_string}\"},\"query-input\":{\"@type\":\"PropertyValueSpecification\",\"valueRequired\":true,\"valueName\":\"search_term_string\"}}],\"inLanguage\":\"pt-BR\"},{\"@type\":\"Organization\",\"@id\":\"https:\/\/sudoesteacontece.com.br\/#organization\",\"name\":\"Sudoesteacontece\",\"url\":\"https:\/\/sudoesteacontece.com.br\/\",\"logo\":{\"@type\":\"ImageObject\",\"inLanguage\":\"pt-BR\",\"@id\":\"https:\/\/sudoesteacontece.com.br\/#\/schema\/logo\/image\/\",\"url\":\"https:\/\/sudoesteacontece.com.br\/wp-content\/uploads\/2025\/12\/cropped-logo-2-180x180-1.png\",\"contentUrl\":\"https:\/\/sudoesteacontece.com.br\/wp-content\/uploads\/2025\/12\/cropped-logo-2-180x180-1.png\",\"width\":180,\"height\":180,\"caption\":\"Sudoesteacontece\"},\"image\":{\"@id\":\"https:\/\/sudoesteacontece.com.br\/#\/schema\/logo\/image\/\"},\"sameAs\":[\"https:\/\/www.facebook.com\/sudoesteacontece\/?locale=pt_BR\"]},{\"@type\":\"Person\",\"@id\":\"https:\/\/sudoesteacontece.com.br\/#\/schema\/person\/3cf2cf009926a9683ebc29d5379fa79c\",\"name\":\"Washington Tiago\",\"image\":{\"@type\":\"ImageObject\",\"inLanguage\":\"pt-BR\",\"@id\":\"https:\/\/sudoesteacontece.com.br\/#\/schema\/person\/image\/\",\"url\":\"https:\/\/secure.gravatar.com\/avatar\/33c43b8668157e040f9d1fe93c354bf087cbd8ba36270c1163198bd3ddcf2a56?s=96&d=mm&r=g\",\"contentUrl\":\"https:\/\/secure.gravatar.com\/avatar\/33c43b8668157e040f9d1fe93c354bf087cbd8ba36270c1163198bd3ddcf2a56?s=96&d=mm&r=g\",\"caption\":\"Washington Tiago\"},\"url\":\"https:\/\/sudoesteacontece.com.br\/?author=2\"}]}<\/script>\n<!-- \/ Yoast SEO plugin. -->","yoast_head_json":{"title":"Outdoor com imagens dos deputados Waldenor Pereira, Z\u00e9 Raimundo e do governador Jer\u00f4nimo Rodrigues \u00e9 pichado em Vit\u00f3ria da Conquista - Sudoesteacontece","robots":{"index":"index","follow":"follow","max-snippet":"max-snippet:-1","max-image-preview":"max-image-preview:large","max-video-preview":"max-video-preview:-1"},"canonical":"https:\/\/sudoesteacontece.com.br\/?p=3483","og_locale":"pt_BR","og_type":"article","og_title":"Outdoor com imagens dos deputados Waldenor Pereira, Z\u00e9 Raimundo e do governador Jer\u00f4nimo Rodrigues \u00e9 pichado em Vit\u00f3ria da Conquista - Sudoesteacontece","og_description":"V\u00e2ndalos picharam outdoors com imagens dos deputados Waldenor Pereira, Z\u00e9 Raimundo e do governador Jer\u00f4nimo Rodrigues em Vit\u00f3ria da Conquista. O ataque ocorreu nesta quarta-feira (3) e ganhou repercuss\u00e3o ap\u00f3s fotos serem divulgadas nas redes sociais. Imagens mostram tinta azul jogada diretamente sobre os rostos dos tr\u00eas pol\u00edticos do PT. O ato atingiu pain\u00e9is instalados para divulgar a\u00e7\u00f5es dos mandatos e investimentos recentes no munic\u00edpio. Publicidade pichada destacava o investimento de R$ 320 milh\u00f5es para a constru\u00e7\u00e3o da Barragem do Catol\u00e9, obra considerada estrat\u00e9gica para o abastecimento do Centro-Sul Baiano. A depreda\u00e7\u00e3o comprometeu a comunica\u00e7\u00e3o sobre o andamento do projeto. A\u00e7\u00e3o criminosa segue com autoria desconhecida. A picha\u00e7\u00e3o configura preju\u00edzo material e tamb\u00e9m ataque \u00e0 divulga\u00e7\u00e3o de informa\u00e7\u00f5es p\u00fablicas sobre obras e recursos destinados \u00e0 regi\u00e3o. Clima pol\u00edtico na cidade ganhou tens\u00e3o. Picha\u00e7\u00e3o levantou especula\u00e7\u00f5es sobre motiva\u00e7\u00e3o, e moradores discutem se o ato seria um protesto contra os pol\u00edticos ligados \u00e0 gest\u00e3o estadual. Autoridades ainda n\u00e3o comentaram o caso oficialmente. N\u00e3o h\u00e1 registro de boletim de ocorr\u00eancia at\u00e9 o momento. A expectativa \u00e9 que a pol\u00edcia seja acionada para investigar o epis\u00f3dio e identificar os respons\u00e1veis. Cen\u00e1rio eleitoral local segue marcado por polariza\u00e7\u00e3o. Depreda\u00e7\u00e3o reacende debates sobre intoler\u00e2ncia pol\u00edtica e uso de vandalismo como forma de manifesta\u00e7\u00e3o.","og_url":"https:\/\/sudoesteacontece.com.br\/?p=3483","og_site_name":"Sudoesteacontece","article_publisher":"https:\/\/www.facebook.com\/sudoesteacontece\/?locale=pt_BR","article_published_time":"2025-12-05T12:16:25+00:00","article_modified_time":"2025-12-05T12:16:27+00:00","og_image":[{"width":900,"height":600,"url":"https:\/\/sudoesteacontece.com.br\/wp-content\/uploads\/2025\/12\/Outdoor-sobre-Barragem-do-Catole-e-pichado-e-gera-tensao-politica-em-Conquista-sudoeste-acontece.jpg","type":"image\/jpeg"}],"author":"Washington Tiago","twitter_card":"summary_large_image","twitter_misc":{"Escrito por":"Washington Tiago","Est. tempo de leitura":"1 minuto"},"schema":{"@context":"https:\/\/schema.org","@graph":[{"@type":"Article","@id":"https:\/\/sudoesteacontece.com.br\/?p=3483#article","isPartOf":{"@id":"https:\/\/sudoesteacontece.com.br\/?p=3483"},"author":{"name":"Washington Tiago","@id":"https:\/\/sudoesteacontece.com.br\/#\/schema\/person\/3cf2cf009926a9683ebc29d5379fa79c"},"headline":"Outdoor com imagens dos deputados Waldenor Pereira, Z\u00e9 Raimundo e do governador Jer\u00f4nimo Rodrigues \u00e9 pichado em Vit\u00f3ria da Conquista","datePublished":"2025-12-05T12:16:25+00:00","dateModified":"2025-12-05T12:16:27+00:00","mainEntityOfPage":{"@id":"https:\/\/sudoesteacontece.com.br\/?p=3483"},"wordCount":264,"commentCount":0,"publisher":{"@id":"https:\/\/sudoesteacontece.com.br\/#organization"},"image":{"@id":"https:\/\/sudoesteacontece.com.br\/?p=3483#primaryimage"},"thumbnailUrl":"https:\/\/sudoesteacontece.com.br\/wp-content\/uploads\/2025\/12\/Outdoor-sobre-Barragem-do-Catole-e-pichado-e-gera-tensao-politica-em-Conquista-sudoeste-acontece.jpg","articleSection":["Bahia","Cidades","Pol\u00edtica"],"inLanguage":"pt-BR","potentialAction":[{"@type":"CommentAction","name":"Comment","target":["https:\/\/sudoesteacontece.com.br\/?p=3483#respond"]}]},{"@type":"WebPage","@id":"https:\/\/sudoesteacontece.com.br\/?p=3483","url":"https:\/\/sudoesteacontece.com.br\/?p=3483","name":"Outdoor com imagens dos deputados Waldenor Pereira, Z\u00e9 Raimundo e do governador Jer\u00f4nimo Rodrigues \u00e9 pichado em Vit\u00f3ria da Conquista - Sudoesteacontece","isPartOf":{"@id":"https:\/\/sudoesteacontece.com.br\/#website"},"primaryImageOfPage":{"@id":"https:\/\/sudoesteacontece.com.br\/?p=3483#primaryimage"},"image":{"@id":"https:\/\/sudoesteacontece.com.br\/?p=3483#primaryimage"},"thumbnailUrl":"https:\/\/sudoesteacontece.com.br\/wp-content\/uploads\/2025\/12\/Outdoor-sobre-Barragem-do-Catole-e-pichado-e-gera-tensao-politica-em-Conquista-sudoeste-acontece.jpg","datePublished":"2025-12-05T12:16:25+00:00","dateModified":"2025-12-05T12:16:27+00:00","breadcrumb":{"@id":"https:\/\/sudoesteacontece.com.br\/?p=3483#breadcrumb"},"inLanguage":"pt-BR","potentialAction":[{"@type":"ReadAction","target":["https:\/\/sudoesteacontece.com.br\/?p=3483"]}]},{"@type":"ImageObject","inLanguage":"pt-BR","@id":"https:\/\/sudoesteacontece.com.br\/?p=3483#primaryimage","url":"https:\/\/sudoesteacontece.com.br\/wp-content\/uploads\/2025\/12\/Outdoor-sobre-Barragem-do-Catole-e-pichado-e-gera-tensao-politica-em-Conquista-sudoeste-acontece.jpg","contentUrl":"https:\/\/sudoesteacontece.com.br\/wp-content\/uploads\/2025\/12\/Outdoor-sobre-Barragem-do-Catole-e-pichado-e-gera-tensao-politica-em-Conquista-sudoeste-acontece.jpg","width":900,"height":600},{"@type":"BreadcrumbList","@id":"https:\/\/sudoesteacontece.com.br\/?p=3483#breadcrumb","itemListElement":[{"@type":"ListItem","position":1,"name":"In\u00edcio","item":"https:\/\/sudoesteacontece.com.br\/"},{"@type":"ListItem","position":2,"name":"Outdoor com imagens dos deputados Waldenor Pereira, Z\u00e9 Raimundo e do governador Jer\u00f4nimo Rodrigues \u00e9 pichado em Vit\u00f3ria da Conquista"}]},{"@type":"WebSite","@id":"https:\/\/sudoesteacontece.com.br\/#website","url":"https:\/\/sudoesteacontece.com.br\/","name":"Sudoesteacontece","description":"","publisher":{"@id":"https:\/\/sudoesteacontece.com.br\/#organization"},"potentialAction":[{"@type":"SearchAction","target":{"@type":"EntryPoint","urlTemplate":"https:\/\/sudoesteacontece.com.br\/?s={search_term_string}"},"query-input":{"@type":"PropertyValueSpecification","valueRequired":true,"valueName":"search_term_string"}}],"inLanguage":"pt-BR"},{"@type":"Organization","@id":"https:\/\/sudoesteacontece.com.br\/#organization","name":"Sudoesteacontece","url":"https:\/\/sudoesteacontece.com.br\/","logo":{"@type":"ImageObject","inLanguage":"pt-BR","@id":"https:\/\/sudoesteacontece.com.br\/#\/schema\/logo\/image\/","url":"https:\/\/sudoesteacontece.com.br\/wp-content\/uploads\/2025\/12\/cropped-logo-2-180x180-1.png","contentUrl":"https:\/\/sudoesteacontece.com.br\/wp-content\/uploads\/2025\/12\/cropped-logo-2-180x180-1.png","width":180,"height":180,"caption":"Sudoesteacontece"},"image":{"@id":"https:\/\/sudoesteacontece.com.br\/#\/schema\/logo\/image\/"},"sameAs":["https:\/\/www.facebook.com\/sudoesteacontece\/?locale=pt_BR"]},{"@type":"Person","@id":"https:\/\/sudoesteacontece.com.br\/#\/schema\/person\/3cf2cf009926a9683ebc29d5379fa79c","name":"Washington Tiago","image":{"@type":"ImageObject","inLanguage":"pt-BR","@id":"https:\/\/sudoesteacontece.com.br\/#\/schema\/person\/image\/","url":"https:\/\/secure.gravatar.com\/avatar\/33c43b8668157e040f9d1fe93c354bf087cbd8ba36270c1163198bd3ddcf2a56?s=96&d=mm&r=g","contentUrl":"https:\/\/secure.gravatar.com\/avatar\/33c43b8668157e040f9d1fe93c354bf087cbd8ba36270c1163198bd3ddcf2a56?s=96&d=mm&r=g","caption":"Washington Tiago"},"url":"https:\/\/sudoesteacontece.com.br\/?author=2"}]}},"_links":{"self":[{"href":"https:\/\/sudoesteacontece.com.br\/index.php?rest_route=\/wp\/v2\/posts\/3483","targetHints":{"allow":["GET"]}}],"collection":[{"href":"https:\/\/sudoesteacontece.com.br\/index.php?rest_route=\/wp\/v2\/posts"}],"about":[{"href":"https:\/\/sudoesteacontece.com.br\/index.php?rest_route=\/wp\/v2\/types\/post"}],"author":[{"embeddable":true,"href":"https:\/\/sudoesteacontece.com.br\/index.php?rest_route=\/wp\/v2\/users\/2"}],"replies":[{"embeddable":true,"href":"https:\/\/sudoesteacontece.com.br\/index.php?rest_route=%2Fwp%2Fv2%2Fcomments&post=3483"}],"version-history":[{"count":0,"href":"https:\/\/sudoesteacontece.com.br\/index.php?rest_route=\/wp\/v2\/posts\/3483\/revisions"}],"wp:featuredmedia":[{"embeddable":true,"href":"https:\/\/sudoesteacontece.com.br\/index.php?rest_route=\/wp\/v2\/media\/3514"}],"wp:attachment":[{"href":"https:\/\/sudoesteacontece.com.br\/index.php?rest_route=%2Fwp%2Fv2%2Fmedia&parent=3483"}],"wp:term":[{"taxonomy":"category","embeddable":true,"href":"https:\/\/sudoesteacontece.com.br\/index.php?rest_route=%2Fwp%2Fv2%2Fcategories&post=3483"},{"taxonomy":"post_tag","embeddable":true,"href":"https:\/\/sudoesteacontece.com.br\/index.php?rest_route=%2Fwp%2Fv2%2Ftags&post=3483"}],"curies":[{"name":"wp","href":"https:\/\/api.w.org\/{rel}","templated":true}]}}