{"id":3484,"date":"2025-12-05T09:17:38","date_gmt":"2025-12-05T12:17:38","guid":{"rendered":"https:\/\/sudoesteacontece.com.br\/?p=3484"},"modified":"2025-12-05T09:17:40","modified_gmt":"2025-12-05T12:17:40","slug":"brumado-recebe-espetaculo-final-do-varal-de-memorias-nesta-sexta-danca-afeto-e-territorio-guiam-apresentacao","status":"publish","type":"post","link":"https:\/\/sudoesteacontece.com.br\/?p=3484","title":{"rendered":"Brumado recebe espet\u00e1culo final do Varal de Mem\u00f3rias nesta sexta; dan\u00e7a, afeto e territ\u00f3rio guiam apresenta\u00e7\u00e3o"},"content":{"rendered":"<div class=\"wp-block-image\">\n<figure class=\"aligncenter size-full\"><img fetchpriority=\"high\" decoding=\"async\" width=\"900\" height=\"600\" src=\"http:\/\/sudoesteacontece.com.br\/wp-content\/uploads\/2025\/12\/Brumado-recebe-espetaculo-final-do-Varal-de-Memorias-nesta-sexta-danca-afeto-e-territorio-guiam-apresentacao-.jpg\" alt=\"\" class=\"wp-image-3516\" srcset=\"https:\/\/sudoesteacontece.com.br\/wp-content\/uploads\/2025\/12\/Brumado-recebe-espetaculo-final-do-Varal-de-Memorias-nesta-sexta-danca-afeto-e-territorio-guiam-apresentacao-.jpg 900w, https:\/\/sudoesteacontece.com.br\/wp-content\/uploads\/2025\/12\/Brumado-recebe-espetaculo-final-do-Varal-de-Memorias-nesta-sexta-danca-afeto-e-territorio-guiam-apresentacao--300x200.jpg 300w, https:\/\/sudoesteacontece.com.br\/wp-content\/uploads\/2025\/12\/Brumado-recebe-espetaculo-final-do-Varal-de-Memorias-nesta-sexta-danca-afeto-e-territorio-guiam-apresentacao--768x512.jpg 768w\" sizes=\"(max-width: 900px) 100vw, 900px\" \/><\/figure>\n<\/div>\n\n\n<p>Brumado ser\u00e1 palco, nesta sexta-feira (5), \u00e0s 19h, do encerramento do projeto Varal de Mem\u00f3rias. O teatro do Col\u00e9gio Estadual em Tempo Integral (Cetib) vai receber a apresenta\u00e7\u00e3o que mistura dan\u00e7a, pesquisa e sensibilidade em uma narrativa constru\u00edda a partir das viv\u00eancias de mulheres da comunidade.<\/p>\n\n\n\n<p>Projeto nasceu do Encontro de Lavadeiras e Donas de Casa de Samambaia, a\u00e7\u00e3o que inspirou as coreografias e a dramaturgia do espet\u00e1culo. A iniciativa conta com apoio da Secretaria de Cultura, Esporte, Lazer e Turismo e foi contemplada pela PNAB Ciclo 1.<\/p>\n\n\n\n<p>Encontro serviu como ponto de partida para a cria\u00e7\u00e3o art\u00edstica. Pela manh\u00e3, o grupo realizou entrevistas e experi\u00eancias imersivas com moradoras de Samambaia. Pela tarde, promoveu uma roda que reuniu mais de 100 participantes da regi\u00e3o, fortalecendo v\u00ednculos e mem\u00f3rias compartilhadas.<\/p>\n\n\n\n<p>Iniciativa tamb\u00e9m movimentou a economia criativa local e ampliou o di\u00e1logo sobre arte e territ\u00f3rio. O projeto participou do VIII Semin\u00e1rio de Estudos Lingu\u00edsticos e Liter\u00e1rios da Uneb, onde apresentou relato no grupo \u201cDireito \u00e0 Cidade e as Artes\u201d, ressaltando a for\u00e7a simb\u00f3lica do trabalho com as lavadeiras.<\/p>\n\n\n\n<p>Espet\u00e1culo chega agora ao seu momento mais aguardado. A apresenta\u00e7\u00e3o final re\u00fane dan\u00e7a, atua\u00e7\u00e3o, document\u00e1rios e exposi\u00e7\u00f5es art\u00edsticas e busca despertar, no p\u00fablico, o sentimento de pertencimento e a pot\u00eancia da arte comunit\u00e1ria.<\/p>\n\n\n\n<p>Idealiza\u00e7\u00e3o ficou a cargo do artista brumadense Will Martins. O elenco re\u00fane os dan\u00e7arinos Roberto Lima, Kay, Yas Souza e Jorlan Wendler; a atriz Mar\u00edlia Marta; a equipe de produ\u00e7\u00e3o formada por Hiago Novais, Lu Gomes e Carla Natalice; e a int\u00e9rprete de Libras Daiane Quelle.<\/p>\n","protected":false},"excerpt":{"rendered":"<p>Brumado ser\u00e1 palco, nesta sexta-feira (5), \u00e0s 19h, do encerramento do projeto Varal de Mem\u00f3rias. O teatro do Col\u00e9gio Estadual em Tempo Integral (Cetib) vai receber a apresenta\u00e7\u00e3o que mistura dan\u00e7a, pesquisa e sensibilidade em uma narrativa constru\u00edda a partir das viv\u00eancias de mulheres da comunidade. Projeto nasceu do Encontro de Lavadeiras e Donas de Casa de Samambaia, a\u00e7\u00e3o que inspirou as coreografias e a dramaturgia do espet\u00e1culo. A iniciativa conta com apoio da Secretaria de Cultura, Esporte, Lazer e Turismo e foi contemplada pela PNAB Ciclo 1. Encontro serviu como ponto de partida para a cria\u00e7\u00e3o art\u00edstica. Pela manh\u00e3, o grupo realizou entrevistas e experi\u00eancias imersivas com moradoras de Samambaia. Pela tarde, promoveu uma roda que reuniu mais de 100 participantes da regi\u00e3o, fortalecendo v\u00ednculos e mem\u00f3rias compartilhadas. Iniciativa tamb\u00e9m movimentou a economia criativa local e ampliou o di\u00e1logo sobre arte e territ\u00f3rio. O projeto participou do VIII Semin\u00e1rio de Estudos Lingu\u00edsticos e Liter\u00e1rios da Uneb, onde apresentou relato no grupo \u201cDireito \u00e0 Cidade e as Artes\u201d, ressaltando a for\u00e7a simb\u00f3lica do trabalho com as lavadeiras. Espet\u00e1culo chega agora ao seu momento mais aguardado. A apresenta\u00e7\u00e3o final re\u00fane dan\u00e7a, atua\u00e7\u00e3o, document\u00e1rios e exposi\u00e7\u00f5es art\u00edsticas e busca despertar, no p\u00fablico, o sentimento de pertencimento e a pot\u00eancia da arte comunit\u00e1ria. Idealiza\u00e7\u00e3o ficou a cargo do artista brumadense Will Martins. O elenco re\u00fane os dan\u00e7arinos Roberto Lima, Kay, Yas Souza e Jorlan Wendler; a atriz Mar\u00edlia Marta; a equipe de produ\u00e7\u00e3o formada por Hiago Novais, Lu Gomes e Carla Natalice; e a int\u00e9rprete de Libras Daiane Quelle.<\/p>\n","protected":false},"author":2,"featured_media":3516,"comment_status":"open","ping_status":"open","sticky":false,"template":"","format":"standard","meta":{"footnotes":""},"categories":[10,4,6],"tags":[],"class_list":["post-3484","post","type-post","status-publish","format-standard","has-post-thumbnail","hentry","category-brumado","category-cidades","category-politica"],"yoast_head":"<!-- This site is optimized with the Yoast SEO plugin v26.5 - https:\/\/yoast.com\/wordpress\/plugins\/seo\/ -->\n<title>Brumado recebe espet\u00e1culo final do Varal de Mem\u00f3rias nesta sexta; dan\u00e7a, afeto e territ\u00f3rio guiam apresenta\u00e7\u00e3o - Sudoesteacontece<\/title>\n<meta name=\"robots\" content=\"index, follow, max-snippet:-1, max-image-preview:large, max-video-preview:-1\" \/>\n<link rel=\"canonical\" href=\"http:\/\/sudoesteacontece.com.br\/?p=3484\" \/>\n<meta property=\"og:locale\" content=\"pt_BR\" \/>\n<meta property=\"og:type\" content=\"article\" \/>\n<meta property=\"og:title\" content=\"Brumado recebe espet\u00e1culo final do Varal de Mem\u00f3rias nesta sexta; dan\u00e7a, afeto e territ\u00f3rio guiam apresenta\u00e7\u00e3o - Sudoesteacontece\" \/>\n<meta property=\"og:description\" content=\"Brumado ser\u00e1 palco, nesta sexta-feira (5), \u00e0s 19h, do encerramento do projeto Varal de Mem\u00f3rias. O teatro do Col\u00e9gio Estadual em Tempo Integral (Cetib) vai receber a apresenta\u00e7\u00e3o que mistura dan\u00e7a, pesquisa e sensibilidade em uma narrativa constru\u00edda a partir das viv\u00eancias de mulheres da comunidade. Projeto nasceu do Encontro de Lavadeiras e Donas de Casa de Samambaia, a\u00e7\u00e3o que inspirou as coreografias e a dramaturgia do espet\u00e1culo. A iniciativa conta com apoio da Secretaria de Cultura, Esporte, Lazer e Turismo e foi contemplada pela PNAB Ciclo 1. Encontro serviu como ponto de partida para a cria\u00e7\u00e3o art\u00edstica. Pela manh\u00e3, o grupo realizou entrevistas e experi\u00eancias imersivas com moradoras de Samambaia. Pela tarde, promoveu uma roda que reuniu mais de 100 participantes da regi\u00e3o, fortalecendo v\u00ednculos e mem\u00f3rias compartilhadas. Iniciativa tamb\u00e9m movimentou a economia criativa local e ampliou o di\u00e1logo sobre arte e territ\u00f3rio. O projeto participou do VIII Semin\u00e1rio de Estudos Lingu\u00edsticos e Liter\u00e1rios da Uneb, onde apresentou relato no grupo \u201cDireito \u00e0 Cidade e as Artes\u201d, ressaltando a for\u00e7a simb\u00f3lica do trabalho com as lavadeiras. Espet\u00e1culo chega agora ao seu momento mais aguardado. A apresenta\u00e7\u00e3o final re\u00fane dan\u00e7a, atua\u00e7\u00e3o, document\u00e1rios e exposi\u00e7\u00f5es art\u00edsticas e busca despertar, no p\u00fablico, o sentimento de pertencimento e a pot\u00eancia da arte comunit\u00e1ria. Idealiza\u00e7\u00e3o ficou a cargo do artista brumadense Will Martins. O elenco re\u00fane os dan\u00e7arinos Roberto Lima, Kay, Yas Souza e Jorlan Wendler; a atriz Mar\u00edlia Marta; a equipe de produ\u00e7\u00e3o formada por Hiago Novais, Lu Gomes e Carla Natalice; e a int\u00e9rprete de Libras Daiane Quelle.\" \/>\n<meta property=\"og:url\" content=\"http:\/\/sudoesteacontece.com.br\/?p=3484\" \/>\n<meta property=\"og:site_name\" content=\"Sudoesteacontece\" \/>\n<meta property=\"article:publisher\" content=\"https:\/\/www.facebook.com\/sudoesteacontece\/?locale=pt_BR\" \/>\n<meta property=\"article:published_time\" content=\"2025-12-05T12:17:38+00:00\" \/>\n<meta property=\"article:modified_time\" content=\"2025-12-05T12:17:40+00:00\" \/>\n<meta property=\"og:image\" content=\"http:\/\/sudoesteacontece.com.br\/wp-content\/uploads\/2025\/12\/Brumado-recebe-espetaculo-final-do-Varal-de-Memorias-nesta-sexta-danca-afeto-e-territorio-guiam-apresentacao-.jpg\" \/>\n\t<meta property=\"og:image:width\" content=\"900\" \/>\n\t<meta property=\"og:image:height\" content=\"600\" \/>\n\t<meta property=\"og:image:type\" content=\"image\/jpeg\" \/>\n<meta name=\"author\" content=\"Washington Tiago\" \/>\n<meta name=\"twitter:card\" content=\"summary_large_image\" \/>\n<meta name=\"twitter:label1\" content=\"Escrito por\" \/>\n\t<meta name=\"twitter:data1\" content=\"Washington Tiago\" \/>\n\t<meta name=\"twitter:label2\" content=\"Est. tempo de leitura\" \/>\n\t<meta name=\"twitter:data2\" content=\"1 minuto\" \/>\n<script type=\"application\/ld+json\" class=\"yoast-schema-graph\">{\"@context\":\"https:\/\/schema.org\",\"@graph\":[{\"@type\":\"Article\",\"@id\":\"http:\/\/sudoesteacontece.com.br\/?p=3484#article\",\"isPartOf\":{\"@id\":\"http:\/\/sudoesteacontece.com.br\/?p=3484\"},\"author\":{\"name\":\"Washington Tiago\",\"@id\":\"https:\/\/sudoesteacontece.com.br\/#\/schema\/person\/3cf2cf009926a9683ebc29d5379fa79c\"},\"headline\":\"Brumado recebe espet\u00e1culo final do Varal de Mem\u00f3rias nesta sexta; dan\u00e7a, afeto e territ\u00f3rio guiam apresenta\u00e7\u00e3o\",\"datePublished\":\"2025-12-05T12:17:38+00:00\",\"dateModified\":\"2025-12-05T12:17:40+00:00\",\"mainEntityOfPage\":{\"@id\":\"http:\/\/sudoesteacontece.com.br\/?p=3484\"},\"wordCount\":312,\"commentCount\":0,\"publisher\":{\"@id\":\"https:\/\/sudoesteacontece.com.br\/#organization\"},\"image\":{\"@id\":\"http:\/\/sudoesteacontece.com.br\/?p=3484#primaryimage\"},\"thumbnailUrl\":\"https:\/\/sudoesteacontece.com.br\/wp-content\/uploads\/2025\/12\/Brumado-recebe-espetaculo-final-do-Varal-de-Memorias-nesta-sexta-danca-afeto-e-territorio-guiam-apresentacao-.jpg\",\"articleSection\":[\"Brumado\",\"Cidades\",\"Pol\u00edtica\"],\"inLanguage\":\"pt-BR\",\"potentialAction\":[{\"@type\":\"CommentAction\",\"name\":\"Comment\",\"target\":[\"http:\/\/sudoesteacontece.com.br\/?p=3484#respond\"]}]},{\"@type\":\"WebPage\",\"@id\":\"http:\/\/sudoesteacontece.com.br\/?p=3484\",\"url\":\"http:\/\/sudoesteacontece.com.br\/?p=3484\",\"name\":\"Brumado recebe espet\u00e1culo final do Varal de Mem\u00f3rias nesta sexta; dan\u00e7a, afeto e territ\u00f3rio guiam apresenta\u00e7\u00e3o - Sudoesteacontece\",\"isPartOf\":{\"@id\":\"https:\/\/sudoesteacontece.com.br\/#website\"},\"primaryImageOfPage\":{\"@id\":\"http:\/\/sudoesteacontece.com.br\/?p=3484#primaryimage\"},\"image\":{\"@id\":\"http:\/\/sudoesteacontece.com.br\/?p=3484#primaryimage\"},\"thumbnailUrl\":\"https:\/\/sudoesteacontece.com.br\/wp-content\/uploads\/2025\/12\/Brumado-recebe-espetaculo-final-do-Varal-de-Memorias-nesta-sexta-danca-afeto-e-territorio-guiam-apresentacao-.jpg\",\"datePublished\":\"2025-12-05T12:17:38+00:00\",\"dateModified\":\"2025-12-05T12:17:40+00:00\",\"breadcrumb\":{\"@id\":\"http:\/\/sudoesteacontece.com.br\/?p=3484#breadcrumb\"},\"inLanguage\":\"pt-BR\",\"potentialAction\":[{\"@type\":\"ReadAction\",\"target\":[\"http:\/\/sudoesteacontece.com.br\/?p=3484\"]}]},{\"@type\":\"ImageObject\",\"inLanguage\":\"pt-BR\",\"@id\":\"http:\/\/sudoesteacontece.com.br\/?p=3484#primaryimage\",\"url\":\"https:\/\/sudoesteacontece.com.br\/wp-content\/uploads\/2025\/12\/Brumado-recebe-espetaculo-final-do-Varal-de-Memorias-nesta-sexta-danca-afeto-e-territorio-guiam-apresentacao-.jpg\",\"contentUrl\":\"https:\/\/sudoesteacontece.com.br\/wp-content\/uploads\/2025\/12\/Brumado-recebe-espetaculo-final-do-Varal-de-Memorias-nesta-sexta-danca-afeto-e-territorio-guiam-apresentacao-.jpg\",\"width\":900,\"height\":600},{\"@type\":\"BreadcrumbList\",\"@id\":\"http:\/\/sudoesteacontece.com.br\/?p=3484#breadcrumb\",\"itemListElement\":[{\"@type\":\"ListItem\",\"position\":1,\"name\":\"In\u00edcio\",\"item\":\"https:\/\/sudoesteacontece.com.br\/\"},{\"@type\":\"ListItem\",\"position\":2,\"name\":\"Brumado recebe espet\u00e1culo final do Varal de Mem\u00f3rias nesta sexta; dan\u00e7a, afeto e territ\u00f3rio guiam apresenta\u00e7\u00e3o\"}]},{\"@type\":\"WebSite\",\"@id\":\"https:\/\/sudoesteacontece.com.br\/#website\",\"url\":\"https:\/\/sudoesteacontece.com.br\/\",\"name\":\"Sudoesteacontece\",\"description\":\"\",\"publisher\":{\"@id\":\"https:\/\/sudoesteacontece.com.br\/#organization\"},\"potentialAction\":[{\"@type\":\"SearchAction\",\"target\":{\"@type\":\"EntryPoint\",\"urlTemplate\":\"https:\/\/sudoesteacontece.com.br\/?s={search_term_string}\"},\"query-input\":{\"@type\":\"PropertyValueSpecification\",\"valueRequired\":true,\"valueName\":\"search_term_string\"}}],\"inLanguage\":\"pt-BR\"},{\"@type\":\"Organization\",\"@id\":\"https:\/\/sudoesteacontece.com.br\/#organization\",\"name\":\"Sudoesteacontece\",\"url\":\"https:\/\/sudoesteacontece.com.br\/\",\"logo\":{\"@type\":\"ImageObject\",\"inLanguage\":\"pt-BR\",\"@id\":\"https:\/\/sudoesteacontece.com.br\/#\/schema\/logo\/image\/\",\"url\":\"https:\/\/sudoesteacontece.com.br\/wp-content\/uploads\/2025\/12\/cropped-logo-2-180x180-1.png\",\"contentUrl\":\"https:\/\/sudoesteacontece.com.br\/wp-content\/uploads\/2025\/12\/cropped-logo-2-180x180-1.png\",\"width\":180,\"height\":180,\"caption\":\"Sudoesteacontece\"},\"image\":{\"@id\":\"https:\/\/sudoesteacontece.com.br\/#\/schema\/logo\/image\/\"},\"sameAs\":[\"https:\/\/www.facebook.com\/sudoesteacontece\/?locale=pt_BR\"]},{\"@type\":\"Person\",\"@id\":\"https:\/\/sudoesteacontece.com.br\/#\/schema\/person\/3cf2cf009926a9683ebc29d5379fa79c\",\"name\":\"Washington Tiago\",\"image\":{\"@type\":\"ImageObject\",\"inLanguage\":\"pt-BR\",\"@id\":\"https:\/\/sudoesteacontece.com.br\/#\/schema\/person\/image\/\",\"url\":\"https:\/\/secure.gravatar.com\/avatar\/33c43b8668157e040f9d1fe93c354bf087cbd8ba36270c1163198bd3ddcf2a56?s=96&d=mm&r=g\",\"contentUrl\":\"https:\/\/secure.gravatar.com\/avatar\/33c43b8668157e040f9d1fe93c354bf087cbd8ba36270c1163198bd3ddcf2a56?s=96&d=mm&r=g\",\"caption\":\"Washington Tiago\"},\"url\":\"https:\/\/sudoesteacontece.com.br\/?author=2\"}]}<\/script>\n<!-- \/ Yoast SEO plugin. -->","yoast_head_json":{"title":"Brumado recebe espet\u00e1culo final do Varal de Mem\u00f3rias nesta sexta; dan\u00e7a, afeto e territ\u00f3rio guiam apresenta\u00e7\u00e3o - Sudoesteacontece","robots":{"index":"index","follow":"follow","max-snippet":"max-snippet:-1","max-image-preview":"max-image-preview:large","max-video-preview":"max-video-preview:-1"},"canonical":"http:\/\/sudoesteacontece.com.br\/?p=3484","og_locale":"pt_BR","og_type":"article","og_title":"Brumado recebe espet\u00e1culo final do Varal de Mem\u00f3rias nesta sexta; dan\u00e7a, afeto e territ\u00f3rio guiam apresenta\u00e7\u00e3o - Sudoesteacontece","og_description":"Brumado ser\u00e1 palco, nesta sexta-feira (5), \u00e0s 19h, do encerramento do projeto Varal de Mem\u00f3rias. O teatro do Col\u00e9gio Estadual em Tempo Integral (Cetib) vai receber a apresenta\u00e7\u00e3o que mistura dan\u00e7a, pesquisa e sensibilidade em uma narrativa constru\u00edda a partir das viv\u00eancias de mulheres da comunidade. Projeto nasceu do Encontro de Lavadeiras e Donas de Casa de Samambaia, a\u00e7\u00e3o que inspirou as coreografias e a dramaturgia do espet\u00e1culo. A iniciativa conta com apoio da Secretaria de Cultura, Esporte, Lazer e Turismo e foi contemplada pela PNAB Ciclo 1. Encontro serviu como ponto de partida para a cria\u00e7\u00e3o art\u00edstica. Pela manh\u00e3, o grupo realizou entrevistas e experi\u00eancias imersivas com moradoras de Samambaia. Pela tarde, promoveu uma roda que reuniu mais de 100 participantes da regi\u00e3o, fortalecendo v\u00ednculos e mem\u00f3rias compartilhadas. Iniciativa tamb\u00e9m movimentou a economia criativa local e ampliou o di\u00e1logo sobre arte e territ\u00f3rio. O projeto participou do VIII Semin\u00e1rio de Estudos Lingu\u00edsticos e Liter\u00e1rios da Uneb, onde apresentou relato no grupo \u201cDireito \u00e0 Cidade e as Artes\u201d, ressaltando a for\u00e7a simb\u00f3lica do trabalho com as lavadeiras. Espet\u00e1culo chega agora ao seu momento mais aguardado. A apresenta\u00e7\u00e3o final re\u00fane dan\u00e7a, atua\u00e7\u00e3o, document\u00e1rios e exposi\u00e7\u00f5es art\u00edsticas e busca despertar, no p\u00fablico, o sentimento de pertencimento e a pot\u00eancia da arte comunit\u00e1ria. Idealiza\u00e7\u00e3o ficou a cargo do artista brumadense Will Martins. O elenco re\u00fane os dan\u00e7arinos Roberto Lima, Kay, Yas Souza e Jorlan Wendler; a atriz Mar\u00edlia Marta; a equipe de produ\u00e7\u00e3o formada por Hiago Novais, Lu Gomes e Carla Natalice; e a int\u00e9rprete de Libras Daiane Quelle.","og_url":"http:\/\/sudoesteacontece.com.br\/?p=3484","og_site_name":"Sudoesteacontece","article_publisher":"https:\/\/www.facebook.com\/sudoesteacontece\/?locale=pt_BR","article_published_time":"2025-12-05T12:17:38+00:00","article_modified_time":"2025-12-05T12:17:40+00:00","og_image":[{"width":900,"height":600,"url":"http:\/\/sudoesteacontece.com.br\/wp-content\/uploads\/2025\/12\/Brumado-recebe-espetaculo-final-do-Varal-de-Memorias-nesta-sexta-danca-afeto-e-territorio-guiam-apresentacao-.jpg","type":"image\/jpeg"}],"author":"Washington Tiago","twitter_card":"summary_large_image","twitter_misc":{"Escrito por":"Washington Tiago","Est. tempo de leitura":"1 minuto"},"schema":{"@context":"https:\/\/schema.org","@graph":[{"@type":"Article","@id":"http:\/\/sudoesteacontece.com.br\/?p=3484#article","isPartOf":{"@id":"http:\/\/sudoesteacontece.com.br\/?p=3484"},"author":{"name":"Washington Tiago","@id":"https:\/\/sudoesteacontece.com.br\/#\/schema\/person\/3cf2cf009926a9683ebc29d5379fa79c"},"headline":"Brumado recebe espet\u00e1culo final do Varal de Mem\u00f3rias nesta sexta; dan\u00e7a, afeto e territ\u00f3rio guiam apresenta\u00e7\u00e3o","datePublished":"2025-12-05T12:17:38+00:00","dateModified":"2025-12-05T12:17:40+00:00","mainEntityOfPage":{"@id":"http:\/\/sudoesteacontece.com.br\/?p=3484"},"wordCount":312,"commentCount":0,"publisher":{"@id":"https:\/\/sudoesteacontece.com.br\/#organization"},"image":{"@id":"http:\/\/sudoesteacontece.com.br\/?p=3484#primaryimage"},"thumbnailUrl":"https:\/\/sudoesteacontece.com.br\/wp-content\/uploads\/2025\/12\/Brumado-recebe-espetaculo-final-do-Varal-de-Memorias-nesta-sexta-danca-afeto-e-territorio-guiam-apresentacao-.jpg","articleSection":["Brumado","Cidades","Pol\u00edtica"],"inLanguage":"pt-BR","potentialAction":[{"@type":"CommentAction","name":"Comment","target":["http:\/\/sudoesteacontece.com.br\/?p=3484#respond"]}]},{"@type":"WebPage","@id":"http:\/\/sudoesteacontece.com.br\/?p=3484","url":"http:\/\/sudoesteacontece.com.br\/?p=3484","name":"Brumado recebe espet\u00e1culo final do Varal de Mem\u00f3rias nesta sexta; dan\u00e7a, afeto e territ\u00f3rio guiam apresenta\u00e7\u00e3o - Sudoesteacontece","isPartOf":{"@id":"https:\/\/sudoesteacontece.com.br\/#website"},"primaryImageOfPage":{"@id":"http:\/\/sudoesteacontece.com.br\/?p=3484#primaryimage"},"image":{"@id":"http:\/\/sudoesteacontece.com.br\/?p=3484#primaryimage"},"thumbnailUrl":"https:\/\/sudoesteacontece.com.br\/wp-content\/uploads\/2025\/12\/Brumado-recebe-espetaculo-final-do-Varal-de-Memorias-nesta-sexta-danca-afeto-e-territorio-guiam-apresentacao-.jpg","datePublished":"2025-12-05T12:17:38+00:00","dateModified":"2025-12-05T12:17:40+00:00","breadcrumb":{"@id":"http:\/\/sudoesteacontece.com.br\/?p=3484#breadcrumb"},"inLanguage":"pt-BR","potentialAction":[{"@type":"ReadAction","target":["http:\/\/sudoesteacontece.com.br\/?p=3484"]}]},{"@type":"ImageObject","inLanguage":"pt-BR","@id":"http:\/\/sudoesteacontece.com.br\/?p=3484#primaryimage","url":"https:\/\/sudoesteacontece.com.br\/wp-content\/uploads\/2025\/12\/Brumado-recebe-espetaculo-final-do-Varal-de-Memorias-nesta-sexta-danca-afeto-e-territorio-guiam-apresentacao-.jpg","contentUrl":"https:\/\/sudoesteacontece.com.br\/wp-content\/uploads\/2025\/12\/Brumado-recebe-espetaculo-final-do-Varal-de-Memorias-nesta-sexta-danca-afeto-e-territorio-guiam-apresentacao-.jpg","width":900,"height":600},{"@type":"BreadcrumbList","@id":"http:\/\/sudoesteacontece.com.br\/?p=3484#breadcrumb","itemListElement":[{"@type":"ListItem","position":1,"name":"In\u00edcio","item":"https:\/\/sudoesteacontece.com.br\/"},{"@type":"ListItem","position":2,"name":"Brumado recebe espet\u00e1culo final do Varal de Mem\u00f3rias nesta sexta; dan\u00e7a, afeto e territ\u00f3rio guiam apresenta\u00e7\u00e3o"}]},{"@type":"WebSite","@id":"https:\/\/sudoesteacontece.com.br\/#website","url":"https:\/\/sudoesteacontece.com.br\/","name":"Sudoesteacontece","description":"","publisher":{"@id":"https:\/\/sudoesteacontece.com.br\/#organization"},"potentialAction":[{"@type":"SearchAction","target":{"@type":"EntryPoint","urlTemplate":"https:\/\/sudoesteacontece.com.br\/?s={search_term_string}"},"query-input":{"@type":"PropertyValueSpecification","valueRequired":true,"valueName":"search_term_string"}}],"inLanguage":"pt-BR"},{"@type":"Organization","@id":"https:\/\/sudoesteacontece.com.br\/#organization","name":"Sudoesteacontece","url":"https:\/\/sudoesteacontece.com.br\/","logo":{"@type":"ImageObject","inLanguage":"pt-BR","@id":"https:\/\/sudoesteacontece.com.br\/#\/schema\/logo\/image\/","url":"https:\/\/sudoesteacontece.com.br\/wp-content\/uploads\/2025\/12\/cropped-logo-2-180x180-1.png","contentUrl":"https:\/\/sudoesteacontece.com.br\/wp-content\/uploads\/2025\/12\/cropped-logo-2-180x180-1.png","width":180,"height":180,"caption":"Sudoesteacontece"},"image":{"@id":"https:\/\/sudoesteacontece.com.br\/#\/schema\/logo\/image\/"},"sameAs":["https:\/\/www.facebook.com\/sudoesteacontece\/?locale=pt_BR"]},{"@type":"Person","@id":"https:\/\/sudoesteacontece.com.br\/#\/schema\/person\/3cf2cf009926a9683ebc29d5379fa79c","name":"Washington Tiago","image":{"@type":"ImageObject","inLanguage":"pt-BR","@id":"https:\/\/sudoesteacontece.com.br\/#\/schema\/person\/image\/","url":"https:\/\/secure.gravatar.com\/avatar\/33c43b8668157e040f9d1fe93c354bf087cbd8ba36270c1163198bd3ddcf2a56?s=96&d=mm&r=g","contentUrl":"https:\/\/secure.gravatar.com\/avatar\/33c43b8668157e040f9d1fe93c354bf087cbd8ba36270c1163198bd3ddcf2a56?s=96&d=mm&r=g","caption":"Washington Tiago"},"url":"https:\/\/sudoesteacontece.com.br\/?author=2"}]}},"_links":{"self":[{"href":"https:\/\/sudoesteacontece.com.br\/index.php?rest_route=\/wp\/v2\/posts\/3484","targetHints":{"allow":["GET"]}}],"collection":[{"href":"https:\/\/sudoesteacontece.com.br\/index.php?rest_route=\/wp\/v2\/posts"}],"about":[{"href":"https:\/\/sudoesteacontece.com.br\/index.php?rest_route=\/wp\/v2\/types\/post"}],"author":[{"embeddable":true,"href":"https:\/\/sudoesteacontece.com.br\/index.php?rest_route=\/wp\/v2\/users\/2"}],"replies":[{"embeddable":true,"href":"https:\/\/sudoesteacontece.com.br\/index.php?rest_route=%2Fwp%2Fv2%2Fcomments&post=3484"}],"version-history":[{"count":0,"href":"https:\/\/sudoesteacontece.com.br\/index.php?rest_route=\/wp\/v2\/posts\/3484\/revisions"}],"wp:featuredmedia":[{"embeddable":true,"href":"https:\/\/sudoesteacontece.com.br\/index.php?rest_route=\/wp\/v2\/media\/3516"}],"wp:attachment":[{"href":"https:\/\/sudoesteacontece.com.br\/index.php?rest_route=%2Fwp%2Fv2%2Fmedia&parent=3484"}],"wp:term":[{"taxonomy":"category","embeddable":true,"href":"https:\/\/sudoesteacontece.com.br\/index.php?rest_route=%2Fwp%2Fv2%2Fcategories&post=3484"},{"taxonomy":"post_tag","embeddable":true,"href":"https:\/\/sudoesteacontece.com.br\/index.php?rest_route=%2Fwp%2Fv2%2Ftags&post=3484"}],"curies":[{"name":"wp","href":"https:\/\/api.w.org\/{rel}","templated":true}]}}