{"id":3486,"date":"2025-12-05T09:18:52","date_gmt":"2025-12-05T12:18:52","guid":{"rendered":"https:\/\/sudoesteacontece.com.br\/?p=3486"},"modified":"2025-12-05T09:18:53","modified_gmt":"2025-12-05T12:18:53","slug":"indicacao-de-filho-de-otto-ao-tce-acirra-disputa-por-espaco-na-chapa-de-jeronimo-e-pressiona-psd","status":"publish","type":"post","link":"https:\/\/sudoesteacontece.com.br\/?p=3486","title":{"rendered":"Indica\u00e7\u00e3o de filho de Otto ao TCE acirra disputa por espa\u00e7o na chapa de Jer\u00f4nimo e pressiona PSD"},"content":{"rendered":"<div class=\"wp-block-image\">\n<figure class=\"aligncenter size-full\"><img fetchpriority=\"high\" decoding=\"async\" width=\"900\" height=\"600\" src=\"http:\/\/sudoesteacontece.com.br\/wp-content\/uploads\/2025\/12\/Indicacao-de-filho-de-Otto-ao-TCE-acirra-disputa-por-espaco-na-chapa-de-Jeronimo-e-pressiona-PSD-sudoeste-acontece.jpg\" alt=\"\" class=\"wp-image-3518\" srcset=\"https:\/\/sudoesteacontece.com.br\/wp-content\/uploads\/2025\/12\/Indicacao-de-filho-de-Otto-ao-TCE-acirra-disputa-por-espaco-na-chapa-de-Jeronimo-e-pressiona-PSD-sudoeste-acontece.jpg 900w, https:\/\/sudoesteacontece.com.br\/wp-content\/uploads\/2025\/12\/Indicacao-de-filho-de-Otto-ao-TCE-acirra-disputa-por-espaco-na-chapa-de-Jeronimo-e-pressiona-PSD-sudoeste-acontece-300x200.jpg 300w, https:\/\/sudoesteacontece.com.br\/wp-content\/uploads\/2025\/12\/Indicacao-de-filho-de-Otto-ao-TCE-acirra-disputa-por-espaco-na-chapa-de-Jeronimo-e-pressiona-PSD-sudoeste-acontece-768x512.jpg 768w\" sizes=\"(max-width: 900px) 100vw, 900px\" \/><\/figure>\n<\/div>\n\n\n<p>Indica\u00e7\u00e3o do deputado federal Otto Alencar Filho (PSD) ao Tribunal de Contas do Estado (TCE-BA) repercute de forma intensa nos bastidores pol\u00edticos da Bahia. Embora o governador Jer\u00f4nimo Rodrigues (PT) tenha confirmado o nome sem resist\u00eancia, a escolha provoca desconforto entre aliados e fragiliza o PSD na disputa por espa\u00e7o na chapa governista em 2026.<\/p>\n\n\n\n<p>Avalia\u00e7\u00e3o de integrantes da base aponta que o partido liderado pelo senador Otto Alencar \u201cqueimou\u201d um trunfo importante. A indica\u00e7\u00e3o poderia fortalecer a defesa pela reelei\u00e7\u00e3o do senador Angelo Coronel, mas acabou abrindo uma crise silenciosa entre aliados, que agora cobram recuo do PSD na forma\u00e7\u00e3o da pr\u00f3xima chapa.<\/p>\n\n\n\n<p>Cargo no TCE \u00e9 visto como pr\u00eamio maior que mandato parlamentar. A fun\u00e7\u00e3o \u00e9 vital\u00edcia, com sal\u00e1rio equivalente ao de senador, poder de influ\u00eancia e s\u00e9rie de benef\u00edcios, sem necessidade de disputar votos ou cumprir rotinas de Bras\u00edlia. Para advers\u00e1rios internos, o movimento refor\u00e7a cr\u00edticas sobre o \u201cfilhotismo\u201d pol\u00edtico.<\/p>\n\n\n\n<p>Bastidores revelam que partidos aliados, embora calados em p\u00fablico, condenam o gesto de Otto Alencar. Para eles, o PSD perde a legitimidade de reivindicar vagas estrat\u00e9gicas, inclusive a posi\u00e7\u00e3o de vice na chapa de Jer\u00f4nimo. O PT, que j\u00e1 demonstra apetite pelas duas vagas ao Senado, passa a ter mais espa\u00e7o para pressionar.<\/p>\n\n\n\n<p>Movimento tamb\u00e9m fortalece figuras centrais do grupo governista. Jaques Wagner e Rui Costa, dois dos nomes mais cotados para disputar o Senado, ficam mais confort\u00e1veis diante do desgaste do PSD. A leitura \u00e9 de que a nomea\u00e7\u00e3o do filho de Otto enfraquece o partido e reduz sua for\u00e7a de barganha.<\/p>\n\n\n\n<p>Cr\u00edticas se espalham pela base. Dirigentes argumentam que o PSD j\u00e1 controla secretarias relevantes e preside a Assembleia Legislativa. Para esses aliados, n\u00e3o h\u00e1 justificativa para novas concess\u00f5es, inclusive a manuten\u00e7\u00e3o da vaga de vice-governador no pr\u00f3ximo arranjo eleitoral.<\/p>\n\n\n\n<p>Compara\u00e7\u00f5es inevit\u00e1veis surgem no debate. Mesmo aliados lembram que o PT enfrentou desgaste semelhante quando Rui Costa articulou a indica\u00e7\u00e3o de sua esposa, Aline Peixoto, ao Tribunal de Contas dos Munic\u00edpios (TCM). Contudo, a leitura predominante \u00e9 que, no caso atual, o PSD ultrapassou limites e abriu uma crise pol\u00edtica desnecess\u00e1ria.<\/p>\n\n\n\n<p>Se quiser, posso criar vers\u00e3o ainda mais curta, mais anal\u00edtica, ou mais agressiva no tom pol\u00edtico, mantendo o estilo jornal\u00edstico moderno.<\/p>\n","protected":false},"excerpt":{"rendered":"<p>Indica\u00e7\u00e3o do deputado federal Otto Alencar Filho (PSD) ao Tribunal de Contas do Estado (TCE-BA) repercute de forma intensa nos bastidores pol\u00edticos da Bahia. Embora o governador Jer\u00f4nimo Rodrigues (PT) tenha confirmado o nome sem resist\u00eancia, a escolha provoca desconforto entre aliados e fragiliza o PSD na disputa por espa\u00e7o na chapa governista em 2026. Avalia\u00e7\u00e3o de integrantes da base aponta que o partido liderado pelo senador Otto Alencar \u201cqueimou\u201d um trunfo importante. A indica\u00e7\u00e3o poderia fortalecer a defesa pela reelei\u00e7\u00e3o do senador Angelo Coronel, mas acabou abrindo uma crise silenciosa entre aliados, que agora cobram recuo do PSD na forma\u00e7\u00e3o da pr\u00f3xima chapa. Cargo no TCE \u00e9 visto como pr\u00eamio maior que mandato parlamentar. A fun\u00e7\u00e3o \u00e9 vital\u00edcia, com sal\u00e1rio equivalente ao de senador, poder de influ\u00eancia e s\u00e9rie de benef\u00edcios, sem necessidade de disputar votos ou cumprir rotinas de Bras\u00edlia. Para advers\u00e1rios internos, o movimento refor\u00e7a cr\u00edticas sobre o \u201cfilhotismo\u201d pol\u00edtico. Bastidores revelam que partidos aliados, embora calados em p\u00fablico, condenam o gesto de Otto Alencar. Para eles, o PSD perde a legitimidade de reivindicar vagas estrat\u00e9gicas, inclusive a posi\u00e7\u00e3o de vice na chapa de Jer\u00f4nimo. O PT, que j\u00e1 demonstra apetite pelas duas vagas ao Senado, passa a ter mais espa\u00e7o para pressionar. Movimento tamb\u00e9m fortalece figuras centrais do grupo governista. Jaques Wagner e Rui Costa, dois dos nomes mais cotados para disputar o Senado, ficam mais confort\u00e1veis diante do desgaste do PSD. A leitura \u00e9 de que a nomea\u00e7\u00e3o do filho de Otto enfraquece o partido e reduz sua for\u00e7a de barganha. Cr\u00edticas se espalham pela base. Dirigentes argumentam que o PSD j\u00e1 controla secretarias relevantes e preside a Assembleia Legislativa. Para esses aliados, n\u00e3o h\u00e1 justificativa para novas concess\u00f5es, inclusive a manuten\u00e7\u00e3o da vaga de vice-governador no pr\u00f3ximo arranjo eleitoral. Compara\u00e7\u00f5es inevit\u00e1veis surgem no debate. Mesmo aliados lembram que o PT enfrentou desgaste semelhante quando Rui Costa articulou a indica\u00e7\u00e3o de sua esposa, Aline Peixoto, ao Tribunal de Contas dos Munic\u00edpios (TCM). Contudo, a leitura predominante \u00e9 que, no caso atual, o PSD ultrapassou limites e abriu uma crise pol\u00edtica desnecess\u00e1ria. Se quiser, posso criar vers\u00e3o ainda mais curta, mais anal\u00edtica, ou mais agressiva no tom pol\u00edtico, mantendo o estilo jornal\u00edstico moderno.<\/p>\n","protected":false},"author":2,"featured_media":3518,"comment_status":"open","ping_status":"open","sticky":false,"template":"","format":"standard","meta":{"footnotes":""},"categories":[7,58,6],"tags":[],"class_list":["post-3486","post","type-post","status-publish","format-standard","has-post-thumbnail","hentry","category-bahia","category-eleicoes-2026","category-politica"],"yoast_head":"<!-- This site is optimized with the Yoast SEO plugin v26.5 - https:\/\/yoast.com\/wordpress\/plugins\/seo\/ -->\n<title>Indica\u00e7\u00e3o de filho de Otto ao TCE acirra disputa por espa\u00e7o na chapa de Jer\u00f4nimo e pressiona PSD - Sudoesteacontece<\/title>\n<meta name=\"robots\" content=\"index, follow, max-snippet:-1, max-image-preview:large, max-video-preview:-1\" \/>\n<link rel=\"canonical\" href=\"https:\/\/sudoesteacontece.com.br\/?p=3486\" \/>\n<meta property=\"og:locale\" content=\"pt_BR\" \/>\n<meta property=\"og:type\" content=\"article\" \/>\n<meta property=\"og:title\" content=\"Indica\u00e7\u00e3o de filho de Otto ao TCE acirra disputa por espa\u00e7o na chapa de Jer\u00f4nimo e pressiona PSD - Sudoesteacontece\" \/>\n<meta property=\"og:description\" content=\"Indica\u00e7\u00e3o do deputado federal Otto Alencar Filho (PSD) ao Tribunal de Contas do Estado (TCE-BA) repercute de forma intensa nos bastidores pol\u00edticos da Bahia. Embora o governador Jer\u00f4nimo Rodrigues (PT) tenha confirmado o nome sem resist\u00eancia, a escolha provoca desconforto entre aliados e fragiliza o PSD na disputa por espa\u00e7o na chapa governista em 2026. Avalia\u00e7\u00e3o de integrantes da base aponta que o partido liderado pelo senador Otto Alencar \u201cqueimou\u201d um trunfo importante. A indica\u00e7\u00e3o poderia fortalecer a defesa pela reelei\u00e7\u00e3o do senador Angelo Coronel, mas acabou abrindo uma crise silenciosa entre aliados, que agora cobram recuo do PSD na forma\u00e7\u00e3o da pr\u00f3xima chapa. Cargo no TCE \u00e9 visto como pr\u00eamio maior que mandato parlamentar. A fun\u00e7\u00e3o \u00e9 vital\u00edcia, com sal\u00e1rio equivalente ao de senador, poder de influ\u00eancia e s\u00e9rie de benef\u00edcios, sem necessidade de disputar votos ou cumprir rotinas de Bras\u00edlia. Para advers\u00e1rios internos, o movimento refor\u00e7a cr\u00edticas sobre o \u201cfilhotismo\u201d pol\u00edtico. Bastidores revelam que partidos aliados, embora calados em p\u00fablico, condenam o gesto de Otto Alencar. Para eles, o PSD perde a legitimidade de reivindicar vagas estrat\u00e9gicas, inclusive a posi\u00e7\u00e3o de vice na chapa de Jer\u00f4nimo. O PT, que j\u00e1 demonstra apetite pelas duas vagas ao Senado, passa a ter mais espa\u00e7o para pressionar. Movimento tamb\u00e9m fortalece figuras centrais do grupo governista. Jaques Wagner e Rui Costa, dois dos nomes mais cotados para disputar o Senado, ficam mais confort\u00e1veis diante do desgaste do PSD. A leitura \u00e9 de que a nomea\u00e7\u00e3o do filho de Otto enfraquece o partido e reduz sua for\u00e7a de barganha. Cr\u00edticas se espalham pela base. Dirigentes argumentam que o PSD j\u00e1 controla secretarias relevantes e preside a Assembleia Legislativa. Para esses aliados, n\u00e3o h\u00e1 justificativa para novas concess\u00f5es, inclusive a manuten\u00e7\u00e3o da vaga de vice-governador no pr\u00f3ximo arranjo eleitoral. Compara\u00e7\u00f5es inevit\u00e1veis surgem no debate. Mesmo aliados lembram que o PT enfrentou desgaste semelhante quando Rui Costa articulou a indica\u00e7\u00e3o de sua esposa, Aline Peixoto, ao Tribunal de Contas dos Munic\u00edpios (TCM). Contudo, a leitura predominante \u00e9 que, no caso atual, o PSD ultrapassou limites e abriu uma crise pol\u00edtica desnecess\u00e1ria. Se quiser, posso criar vers\u00e3o ainda mais curta, mais anal\u00edtica, ou mais agressiva no tom pol\u00edtico, mantendo o estilo jornal\u00edstico moderno.\" \/>\n<meta property=\"og:url\" content=\"https:\/\/sudoesteacontece.com.br\/?p=3486\" \/>\n<meta property=\"og:site_name\" content=\"Sudoesteacontece\" \/>\n<meta property=\"article:publisher\" content=\"https:\/\/www.facebook.com\/sudoesteacontece\/?locale=pt_BR\" \/>\n<meta property=\"article:published_time\" content=\"2025-12-05T12:18:52+00:00\" \/>\n<meta property=\"article:modified_time\" content=\"2025-12-05T12:18:53+00:00\" \/>\n<meta property=\"og:image\" content=\"https:\/\/sudoesteacontece.com.br\/wp-content\/uploads\/2025\/12\/Indicacao-de-filho-de-Otto-ao-TCE-acirra-disputa-por-espaco-na-chapa-de-Jeronimo-e-pressiona-PSD-sudoeste-acontece.jpg\" \/>\n\t<meta property=\"og:image:width\" content=\"900\" \/>\n\t<meta property=\"og:image:height\" content=\"600\" \/>\n\t<meta property=\"og:image:type\" content=\"image\/jpeg\" \/>\n<meta name=\"author\" content=\"Washington Tiago\" \/>\n<meta name=\"twitter:card\" content=\"summary_large_image\" \/>\n<meta name=\"twitter:label1\" content=\"Escrito por\" \/>\n\t<meta name=\"twitter:data1\" content=\"Washington Tiago\" \/>\n\t<meta name=\"twitter:label2\" content=\"Est. tempo de leitura\" \/>\n\t<meta name=\"twitter:data2\" content=\"2 minutos\" \/>\n<script type=\"application\/ld+json\" class=\"yoast-schema-graph\">{\"@context\":\"https:\/\/schema.org\",\"@graph\":[{\"@type\":\"Article\",\"@id\":\"https:\/\/sudoesteacontece.com.br\/?p=3486#article\",\"isPartOf\":{\"@id\":\"https:\/\/sudoesteacontece.com.br\/?p=3486\"},\"author\":{\"name\":\"Washington Tiago\",\"@id\":\"https:\/\/sudoesteacontece.com.br\/#\/schema\/person\/3cf2cf009926a9683ebc29d5379fa79c\"},\"headline\":\"Indica\u00e7\u00e3o de filho de Otto ao TCE acirra disputa por espa\u00e7o na chapa de Jer\u00f4nimo e pressiona PSD\",\"datePublished\":\"2025-12-05T12:18:52+00:00\",\"dateModified\":\"2025-12-05T12:18:53+00:00\",\"mainEntityOfPage\":{\"@id\":\"https:\/\/sudoesteacontece.com.br\/?p=3486\"},\"wordCount\":429,\"commentCount\":0,\"publisher\":{\"@id\":\"https:\/\/sudoesteacontece.com.br\/#organization\"},\"image\":{\"@id\":\"https:\/\/sudoesteacontece.com.br\/?p=3486#primaryimage\"},\"thumbnailUrl\":\"https:\/\/sudoesteacontece.com.br\/wp-content\/uploads\/2025\/12\/Indicacao-de-filho-de-Otto-ao-TCE-acirra-disputa-por-espaco-na-chapa-de-Jeronimo-e-pressiona-PSD-sudoeste-acontece.jpg\",\"articleSection\":[\"Bahia\",\"Elei\u00e7\u00f5es 2026\",\"Pol\u00edtica\"],\"inLanguage\":\"pt-BR\",\"potentialAction\":[{\"@type\":\"CommentAction\",\"name\":\"Comment\",\"target\":[\"https:\/\/sudoesteacontece.com.br\/?p=3486#respond\"]}]},{\"@type\":\"WebPage\",\"@id\":\"https:\/\/sudoesteacontece.com.br\/?p=3486\",\"url\":\"https:\/\/sudoesteacontece.com.br\/?p=3486\",\"name\":\"Indica\u00e7\u00e3o de filho de Otto ao TCE acirra disputa por espa\u00e7o na chapa de Jer\u00f4nimo e pressiona PSD - Sudoesteacontece\",\"isPartOf\":{\"@id\":\"https:\/\/sudoesteacontece.com.br\/#website\"},\"primaryImageOfPage\":{\"@id\":\"https:\/\/sudoesteacontece.com.br\/?p=3486#primaryimage\"},\"image\":{\"@id\":\"https:\/\/sudoesteacontece.com.br\/?p=3486#primaryimage\"},\"thumbnailUrl\":\"https:\/\/sudoesteacontece.com.br\/wp-content\/uploads\/2025\/12\/Indicacao-de-filho-de-Otto-ao-TCE-acirra-disputa-por-espaco-na-chapa-de-Jeronimo-e-pressiona-PSD-sudoeste-acontece.jpg\",\"datePublished\":\"2025-12-05T12:18:52+00:00\",\"dateModified\":\"2025-12-05T12:18:53+00:00\",\"breadcrumb\":{\"@id\":\"https:\/\/sudoesteacontece.com.br\/?p=3486#breadcrumb\"},\"inLanguage\":\"pt-BR\",\"potentialAction\":[{\"@type\":\"ReadAction\",\"target\":[\"https:\/\/sudoesteacontece.com.br\/?p=3486\"]}]},{\"@type\":\"ImageObject\",\"inLanguage\":\"pt-BR\",\"@id\":\"https:\/\/sudoesteacontece.com.br\/?p=3486#primaryimage\",\"url\":\"https:\/\/sudoesteacontece.com.br\/wp-content\/uploads\/2025\/12\/Indicacao-de-filho-de-Otto-ao-TCE-acirra-disputa-por-espaco-na-chapa-de-Jeronimo-e-pressiona-PSD-sudoeste-acontece.jpg\",\"contentUrl\":\"https:\/\/sudoesteacontece.com.br\/wp-content\/uploads\/2025\/12\/Indicacao-de-filho-de-Otto-ao-TCE-acirra-disputa-por-espaco-na-chapa-de-Jeronimo-e-pressiona-PSD-sudoeste-acontece.jpg\",\"width\":900,\"height\":600},{\"@type\":\"BreadcrumbList\",\"@id\":\"https:\/\/sudoesteacontece.com.br\/?p=3486#breadcrumb\",\"itemListElement\":[{\"@type\":\"ListItem\",\"position\":1,\"name\":\"In\u00edcio\",\"item\":\"https:\/\/sudoesteacontece.com.br\/\"},{\"@type\":\"ListItem\",\"position\":2,\"name\":\"Indica\u00e7\u00e3o de filho de Otto ao TCE acirra disputa por espa\u00e7o na chapa de Jer\u00f4nimo e pressiona PSD\"}]},{\"@type\":\"WebSite\",\"@id\":\"https:\/\/sudoesteacontece.com.br\/#website\",\"url\":\"https:\/\/sudoesteacontece.com.br\/\",\"name\":\"Sudoesteacontece\",\"description\":\"\",\"publisher\":{\"@id\":\"https:\/\/sudoesteacontece.com.br\/#organization\"},\"potentialAction\":[{\"@type\":\"SearchAction\",\"target\":{\"@type\":\"EntryPoint\",\"urlTemplate\":\"https:\/\/sudoesteacontece.com.br\/?s={search_term_string}\"},\"query-input\":{\"@type\":\"PropertyValueSpecification\",\"valueRequired\":true,\"valueName\":\"search_term_string\"}}],\"inLanguage\":\"pt-BR\"},{\"@type\":\"Organization\",\"@id\":\"https:\/\/sudoesteacontece.com.br\/#organization\",\"name\":\"Sudoesteacontece\",\"url\":\"https:\/\/sudoesteacontece.com.br\/\",\"logo\":{\"@type\":\"ImageObject\",\"inLanguage\":\"pt-BR\",\"@id\":\"https:\/\/sudoesteacontece.com.br\/#\/schema\/logo\/image\/\",\"url\":\"https:\/\/sudoesteacontece.com.br\/wp-content\/uploads\/2025\/12\/cropped-logo-2-180x180-1.png\",\"contentUrl\":\"https:\/\/sudoesteacontece.com.br\/wp-content\/uploads\/2025\/12\/cropped-logo-2-180x180-1.png\",\"width\":180,\"height\":180,\"caption\":\"Sudoesteacontece\"},\"image\":{\"@id\":\"https:\/\/sudoesteacontece.com.br\/#\/schema\/logo\/image\/\"},\"sameAs\":[\"https:\/\/www.facebook.com\/sudoesteacontece\/?locale=pt_BR\"]},{\"@type\":\"Person\",\"@id\":\"https:\/\/sudoesteacontece.com.br\/#\/schema\/person\/3cf2cf009926a9683ebc29d5379fa79c\",\"name\":\"Washington Tiago\",\"image\":{\"@type\":\"ImageObject\",\"inLanguage\":\"pt-BR\",\"@id\":\"https:\/\/sudoesteacontece.com.br\/#\/schema\/person\/image\/\",\"url\":\"https:\/\/secure.gravatar.com\/avatar\/33c43b8668157e040f9d1fe93c354bf087cbd8ba36270c1163198bd3ddcf2a56?s=96&d=mm&r=g\",\"contentUrl\":\"https:\/\/secure.gravatar.com\/avatar\/33c43b8668157e040f9d1fe93c354bf087cbd8ba36270c1163198bd3ddcf2a56?s=96&d=mm&r=g\",\"caption\":\"Washington Tiago\"},\"url\":\"https:\/\/sudoesteacontece.com.br\/?author=2\"}]}<\/script>\n<!-- \/ Yoast SEO plugin. -->","yoast_head_json":{"title":"Indica\u00e7\u00e3o de filho de Otto ao TCE acirra disputa por espa\u00e7o na chapa de Jer\u00f4nimo e pressiona PSD - Sudoesteacontece","robots":{"index":"index","follow":"follow","max-snippet":"max-snippet:-1","max-image-preview":"max-image-preview:large","max-video-preview":"max-video-preview:-1"},"canonical":"https:\/\/sudoesteacontece.com.br\/?p=3486","og_locale":"pt_BR","og_type":"article","og_title":"Indica\u00e7\u00e3o de filho de Otto ao TCE acirra disputa por espa\u00e7o na chapa de Jer\u00f4nimo e pressiona PSD - Sudoesteacontece","og_description":"Indica\u00e7\u00e3o do deputado federal Otto Alencar Filho (PSD) ao Tribunal de Contas do Estado (TCE-BA) repercute de forma intensa nos bastidores pol\u00edticos da Bahia. Embora o governador Jer\u00f4nimo Rodrigues (PT) tenha confirmado o nome sem resist\u00eancia, a escolha provoca desconforto entre aliados e fragiliza o PSD na disputa por espa\u00e7o na chapa governista em 2026. Avalia\u00e7\u00e3o de integrantes da base aponta que o partido liderado pelo senador Otto Alencar \u201cqueimou\u201d um trunfo importante. A indica\u00e7\u00e3o poderia fortalecer a defesa pela reelei\u00e7\u00e3o do senador Angelo Coronel, mas acabou abrindo uma crise silenciosa entre aliados, que agora cobram recuo do PSD na forma\u00e7\u00e3o da pr\u00f3xima chapa. Cargo no TCE \u00e9 visto como pr\u00eamio maior que mandato parlamentar. A fun\u00e7\u00e3o \u00e9 vital\u00edcia, com sal\u00e1rio equivalente ao de senador, poder de influ\u00eancia e s\u00e9rie de benef\u00edcios, sem necessidade de disputar votos ou cumprir rotinas de Bras\u00edlia. Para advers\u00e1rios internos, o movimento refor\u00e7a cr\u00edticas sobre o \u201cfilhotismo\u201d pol\u00edtico. Bastidores revelam que partidos aliados, embora calados em p\u00fablico, condenam o gesto de Otto Alencar. Para eles, o PSD perde a legitimidade de reivindicar vagas estrat\u00e9gicas, inclusive a posi\u00e7\u00e3o de vice na chapa de Jer\u00f4nimo. O PT, que j\u00e1 demonstra apetite pelas duas vagas ao Senado, passa a ter mais espa\u00e7o para pressionar. Movimento tamb\u00e9m fortalece figuras centrais do grupo governista. Jaques Wagner e Rui Costa, dois dos nomes mais cotados para disputar o Senado, ficam mais confort\u00e1veis diante do desgaste do PSD. A leitura \u00e9 de que a nomea\u00e7\u00e3o do filho de Otto enfraquece o partido e reduz sua for\u00e7a de barganha. Cr\u00edticas se espalham pela base. Dirigentes argumentam que o PSD j\u00e1 controla secretarias relevantes e preside a Assembleia Legislativa. Para esses aliados, n\u00e3o h\u00e1 justificativa para novas concess\u00f5es, inclusive a manuten\u00e7\u00e3o da vaga de vice-governador no pr\u00f3ximo arranjo eleitoral. Compara\u00e7\u00f5es inevit\u00e1veis surgem no debate. Mesmo aliados lembram que o PT enfrentou desgaste semelhante quando Rui Costa articulou a indica\u00e7\u00e3o de sua esposa, Aline Peixoto, ao Tribunal de Contas dos Munic\u00edpios (TCM). Contudo, a leitura predominante \u00e9 que, no caso atual, o PSD ultrapassou limites e abriu uma crise pol\u00edtica desnecess\u00e1ria. Se quiser, posso criar vers\u00e3o ainda mais curta, mais anal\u00edtica, ou mais agressiva no tom pol\u00edtico, mantendo o estilo jornal\u00edstico moderno.","og_url":"https:\/\/sudoesteacontece.com.br\/?p=3486","og_site_name":"Sudoesteacontece","article_publisher":"https:\/\/www.facebook.com\/sudoesteacontece\/?locale=pt_BR","article_published_time":"2025-12-05T12:18:52+00:00","article_modified_time":"2025-12-05T12:18:53+00:00","og_image":[{"width":900,"height":600,"url":"https:\/\/sudoesteacontece.com.br\/wp-content\/uploads\/2025\/12\/Indicacao-de-filho-de-Otto-ao-TCE-acirra-disputa-por-espaco-na-chapa-de-Jeronimo-e-pressiona-PSD-sudoeste-acontece.jpg","type":"image\/jpeg"}],"author":"Washington Tiago","twitter_card":"summary_large_image","twitter_misc":{"Escrito por":"Washington Tiago","Est. tempo de leitura":"2 minutos"},"schema":{"@context":"https:\/\/schema.org","@graph":[{"@type":"Article","@id":"https:\/\/sudoesteacontece.com.br\/?p=3486#article","isPartOf":{"@id":"https:\/\/sudoesteacontece.com.br\/?p=3486"},"author":{"name":"Washington Tiago","@id":"https:\/\/sudoesteacontece.com.br\/#\/schema\/person\/3cf2cf009926a9683ebc29d5379fa79c"},"headline":"Indica\u00e7\u00e3o de filho de Otto ao TCE acirra disputa por espa\u00e7o na chapa de Jer\u00f4nimo e pressiona PSD","datePublished":"2025-12-05T12:18:52+00:00","dateModified":"2025-12-05T12:18:53+00:00","mainEntityOfPage":{"@id":"https:\/\/sudoesteacontece.com.br\/?p=3486"},"wordCount":429,"commentCount":0,"publisher":{"@id":"https:\/\/sudoesteacontece.com.br\/#organization"},"image":{"@id":"https:\/\/sudoesteacontece.com.br\/?p=3486#primaryimage"},"thumbnailUrl":"https:\/\/sudoesteacontece.com.br\/wp-content\/uploads\/2025\/12\/Indicacao-de-filho-de-Otto-ao-TCE-acirra-disputa-por-espaco-na-chapa-de-Jeronimo-e-pressiona-PSD-sudoeste-acontece.jpg","articleSection":["Bahia","Elei\u00e7\u00f5es 2026","Pol\u00edtica"],"inLanguage":"pt-BR","potentialAction":[{"@type":"CommentAction","name":"Comment","target":["https:\/\/sudoesteacontece.com.br\/?p=3486#respond"]}]},{"@type":"WebPage","@id":"https:\/\/sudoesteacontece.com.br\/?p=3486","url":"https:\/\/sudoesteacontece.com.br\/?p=3486","name":"Indica\u00e7\u00e3o de filho de Otto ao TCE acirra disputa por espa\u00e7o na chapa de Jer\u00f4nimo e pressiona PSD - Sudoesteacontece","isPartOf":{"@id":"https:\/\/sudoesteacontece.com.br\/#website"},"primaryImageOfPage":{"@id":"https:\/\/sudoesteacontece.com.br\/?p=3486#primaryimage"},"image":{"@id":"https:\/\/sudoesteacontece.com.br\/?p=3486#primaryimage"},"thumbnailUrl":"https:\/\/sudoesteacontece.com.br\/wp-content\/uploads\/2025\/12\/Indicacao-de-filho-de-Otto-ao-TCE-acirra-disputa-por-espaco-na-chapa-de-Jeronimo-e-pressiona-PSD-sudoeste-acontece.jpg","datePublished":"2025-12-05T12:18:52+00:00","dateModified":"2025-12-05T12:18:53+00:00","breadcrumb":{"@id":"https:\/\/sudoesteacontece.com.br\/?p=3486#breadcrumb"},"inLanguage":"pt-BR","potentialAction":[{"@type":"ReadAction","target":["https:\/\/sudoesteacontece.com.br\/?p=3486"]}]},{"@type":"ImageObject","inLanguage":"pt-BR","@id":"https:\/\/sudoesteacontece.com.br\/?p=3486#primaryimage","url":"https:\/\/sudoesteacontece.com.br\/wp-content\/uploads\/2025\/12\/Indicacao-de-filho-de-Otto-ao-TCE-acirra-disputa-por-espaco-na-chapa-de-Jeronimo-e-pressiona-PSD-sudoeste-acontece.jpg","contentUrl":"https:\/\/sudoesteacontece.com.br\/wp-content\/uploads\/2025\/12\/Indicacao-de-filho-de-Otto-ao-TCE-acirra-disputa-por-espaco-na-chapa-de-Jeronimo-e-pressiona-PSD-sudoeste-acontece.jpg","width":900,"height":600},{"@type":"BreadcrumbList","@id":"https:\/\/sudoesteacontece.com.br\/?p=3486#breadcrumb","itemListElement":[{"@type":"ListItem","position":1,"name":"In\u00edcio","item":"https:\/\/sudoesteacontece.com.br\/"},{"@type":"ListItem","position":2,"name":"Indica\u00e7\u00e3o de filho de Otto ao TCE acirra disputa por espa\u00e7o na chapa de Jer\u00f4nimo e pressiona PSD"}]},{"@type":"WebSite","@id":"https:\/\/sudoesteacontece.com.br\/#website","url":"https:\/\/sudoesteacontece.com.br\/","name":"Sudoesteacontece","description":"","publisher":{"@id":"https:\/\/sudoesteacontece.com.br\/#organization"},"potentialAction":[{"@type":"SearchAction","target":{"@type":"EntryPoint","urlTemplate":"https:\/\/sudoesteacontece.com.br\/?s={search_term_string}"},"query-input":{"@type":"PropertyValueSpecification","valueRequired":true,"valueName":"search_term_string"}}],"inLanguage":"pt-BR"},{"@type":"Organization","@id":"https:\/\/sudoesteacontece.com.br\/#organization","name":"Sudoesteacontece","url":"https:\/\/sudoesteacontece.com.br\/","logo":{"@type":"ImageObject","inLanguage":"pt-BR","@id":"https:\/\/sudoesteacontece.com.br\/#\/schema\/logo\/image\/","url":"https:\/\/sudoesteacontece.com.br\/wp-content\/uploads\/2025\/12\/cropped-logo-2-180x180-1.png","contentUrl":"https:\/\/sudoesteacontece.com.br\/wp-content\/uploads\/2025\/12\/cropped-logo-2-180x180-1.png","width":180,"height":180,"caption":"Sudoesteacontece"},"image":{"@id":"https:\/\/sudoesteacontece.com.br\/#\/schema\/logo\/image\/"},"sameAs":["https:\/\/www.facebook.com\/sudoesteacontece\/?locale=pt_BR"]},{"@type":"Person","@id":"https:\/\/sudoesteacontece.com.br\/#\/schema\/person\/3cf2cf009926a9683ebc29d5379fa79c","name":"Washington Tiago","image":{"@type":"ImageObject","inLanguage":"pt-BR","@id":"https:\/\/sudoesteacontece.com.br\/#\/schema\/person\/image\/","url":"https:\/\/secure.gravatar.com\/avatar\/33c43b8668157e040f9d1fe93c354bf087cbd8ba36270c1163198bd3ddcf2a56?s=96&d=mm&r=g","contentUrl":"https:\/\/secure.gravatar.com\/avatar\/33c43b8668157e040f9d1fe93c354bf087cbd8ba36270c1163198bd3ddcf2a56?s=96&d=mm&r=g","caption":"Washington Tiago"},"url":"https:\/\/sudoesteacontece.com.br\/?author=2"}]}},"_links":{"self":[{"href":"https:\/\/sudoesteacontece.com.br\/index.php?rest_route=\/wp\/v2\/posts\/3486","targetHints":{"allow":["GET"]}}],"collection":[{"href":"https:\/\/sudoesteacontece.com.br\/index.php?rest_route=\/wp\/v2\/posts"}],"about":[{"href":"https:\/\/sudoesteacontece.com.br\/index.php?rest_route=\/wp\/v2\/types\/post"}],"author":[{"embeddable":true,"href":"https:\/\/sudoesteacontece.com.br\/index.php?rest_route=\/wp\/v2\/users\/2"}],"replies":[{"embeddable":true,"href":"https:\/\/sudoesteacontece.com.br\/index.php?rest_route=%2Fwp%2Fv2%2Fcomments&post=3486"}],"version-history":[{"count":0,"href":"https:\/\/sudoesteacontece.com.br\/index.php?rest_route=\/wp\/v2\/posts\/3486\/revisions"}],"wp:featuredmedia":[{"embeddable":true,"href":"https:\/\/sudoesteacontece.com.br\/index.php?rest_route=\/wp\/v2\/media\/3518"}],"wp:attachment":[{"href":"https:\/\/sudoesteacontece.com.br\/index.php?rest_route=%2Fwp%2Fv2%2Fmedia&parent=3486"}],"wp:term":[{"taxonomy":"category","embeddable":true,"href":"https:\/\/sudoesteacontece.com.br\/index.php?rest_route=%2Fwp%2Fv2%2Fcategories&post=3486"},{"taxonomy":"post_tag","embeddable":true,"href":"https:\/\/sudoesteacontece.com.br\/index.php?rest_route=%2Fwp%2Fv2%2Ftags&post=3486"}],"curies":[{"name":"wp","href":"https:\/\/api.w.org\/{rel}","templated":true}]}}