{"id":3562,"date":"2025-12-06T10:04:07","date_gmt":"2025-12-06T13:04:07","guid":{"rendered":"https:\/\/sudoesteacontece.com.br\/?p=3562"},"modified":"2025-12-06T10:04:08","modified_gmt":"2025-12-06T13:04:08","slug":"advogado-de-brumado-assume-diretoria-regional-da-abracrim-ba-e-fortalece-representacao-do-interior","status":"publish","type":"post","link":"https:\/\/sudoesteacontece.com.br\/?p=3562","title":{"rendered":"Advogado de Brumado assume diretoria regional da Abracrim-BA e fortalece representa\u00e7\u00e3o do interior"},"content":{"rendered":"<div class=\"wp-block-image\">\n<figure class=\"aligncenter size-full\"><img fetchpriority=\"high\" decoding=\"async\" width=\"900\" height=\"600\" src=\"http:\/\/sudoesteacontece.com.br\/wp-content\/uploads\/2025\/12\/Advogado-de-Brumado-assume-diretoria-regional-da-Abracrim-BA-e-fortalece-representacao-do-interior-sudoeste-acontece.jpg\" alt=\"\" class=\"wp-image-3579\" srcset=\"https:\/\/sudoesteacontece.com.br\/wp-content\/uploads\/2025\/12\/Advogado-de-Brumado-assume-diretoria-regional-da-Abracrim-BA-e-fortalece-representacao-do-interior-sudoeste-acontece.jpg 900w, https:\/\/sudoesteacontece.com.br\/wp-content\/uploads\/2025\/12\/Advogado-de-Brumado-assume-diretoria-regional-da-Abracrim-BA-e-fortalece-representacao-do-interior-sudoeste-acontece-300x200.jpg 300w, https:\/\/sudoesteacontece.com.br\/wp-content\/uploads\/2025\/12\/Advogado-de-Brumado-assume-diretoria-regional-da-Abracrim-BA-e-fortalece-representacao-do-interior-sudoeste-acontece-768x512.jpg 768w\" sizes=\"(max-width: 900px) 100vw, 900px\" \/><\/figure>\n<\/div>\n\n\n<p>O advogado Sandro Sodraque da Silva Xavier foi nomeado Diretor Regional da Associa\u00e7\u00e3o Brasileira dos Advogados Criminalistas na Bahia (Abracrim-BA). A designa\u00e7\u00e3o veio por meio do Ato Presidencial Nacional n\u00ba 88\/2025, publicado recentemente pela entidade.<\/p>\n\n\n\n<p>Nomea\u00e7\u00e3o reconhece a trajet\u00f3ria do profissional, que passa a integrar a diretoria estadual comandada pela advogada Adriana Abreu. A entidade, fundada em 1993, atua na defesa das prerrogativas da advocacia criminal e no fortalecimento do Estado Democr\u00e1tico de Direito.<\/p>\n\n\n\n<p>Hist\u00f3ria refor\u00e7a o papel da Abracrim no aperfei\u00e7oamento jur\u00eddico, com a\u00e7\u00f5es voltadas \u00e0 qualifica\u00e7\u00e3o de advogados, incentivo ao debate t\u00e9cnico e promo\u00e7\u00e3o de eventos que ampliam o di\u00e1logo no campo penal.<\/p>\n\n\n\n<p>Carreira de Sandro ganha novo destaque com o cargo, visto como um marco em sua atua\u00e7\u00e3o no Direito Penal e como reconhecimento da advocacia desenvolvida no sudoeste baiano. O avan\u00e7o tamb\u00e9m projeta Brumado como importante polo jur\u00eddico do interior.<\/p>\n\n\n\n<p>Integra\u00e7\u00e3o ampliada deve ser o pr\u00f3ximo passo. A chegada do novo diretor promete aproximar profissionais da regi\u00e3o da Abracrim, criando oportunidades para cursos, workshops, debates e iniciativas que valorizem a advocacia criminal em toda a Bahia.<\/p>\n","protected":false},"excerpt":{"rendered":"<p>O advogado Sandro Sodraque da Silva Xavier foi nomeado Diretor Regional da Associa\u00e7\u00e3o Brasileira dos Advogados Criminalistas na Bahia (Abracrim-BA). A designa\u00e7\u00e3o veio por meio do Ato Presidencial Nacional n\u00ba 88\/2025, publicado recentemente pela entidade. Nomea\u00e7\u00e3o reconhece a trajet\u00f3ria do profissional, que passa a integrar a diretoria estadual comandada pela advogada Adriana Abreu. A entidade, fundada em 1993, atua na defesa das prerrogativas da advocacia criminal e no fortalecimento do Estado Democr\u00e1tico de Direito. Hist\u00f3ria refor\u00e7a o papel da Abracrim no aperfei\u00e7oamento jur\u00eddico, com a\u00e7\u00f5es voltadas \u00e0 qualifica\u00e7\u00e3o de advogados, incentivo ao debate t\u00e9cnico e promo\u00e7\u00e3o de eventos que ampliam o di\u00e1logo no campo penal. Carreira de Sandro ganha novo destaque com o cargo, visto como um marco em sua atua\u00e7\u00e3o no Direito Penal e como reconhecimento da advocacia desenvolvida no sudoeste baiano. O avan\u00e7o tamb\u00e9m projeta Brumado como importante polo jur\u00eddico do interior. Integra\u00e7\u00e3o ampliada deve ser o pr\u00f3ximo passo. A chegada do novo diretor promete aproximar profissionais da regi\u00e3o da Abracrim, criando oportunidades para cursos, workshops, debates e iniciativas que valorizem a advocacia criminal em toda a Bahia.<\/p>\n","protected":false},"author":2,"featured_media":3579,"comment_status":"open","ping_status":"open","sticky":false,"template":"","format":"standard","meta":{"footnotes":""},"categories":[10],"tags":[],"class_list":["post-3562","post","type-post","status-publish","format-standard","has-post-thumbnail","hentry","category-brumado"],"yoast_head":"<!-- This site is optimized with the Yoast SEO plugin v26.5 - https:\/\/yoast.com\/wordpress\/plugins\/seo\/ -->\n<title>Advogado de Brumado assume diretoria regional da Abracrim-BA e fortalece representa\u00e7\u00e3o do interior - Sudoesteacontece<\/title>\n<meta name=\"robots\" content=\"index, follow, max-snippet:-1, max-image-preview:large, max-video-preview:-1\" \/>\n<link rel=\"canonical\" href=\"https:\/\/sudoesteacontece.com.br\/?p=3562\" \/>\n<meta property=\"og:locale\" content=\"pt_BR\" \/>\n<meta property=\"og:type\" content=\"article\" \/>\n<meta property=\"og:title\" content=\"Advogado de Brumado assume diretoria regional da Abracrim-BA e fortalece representa\u00e7\u00e3o do interior - Sudoesteacontece\" \/>\n<meta property=\"og:description\" content=\"O advogado Sandro Sodraque da Silva Xavier foi nomeado Diretor Regional da Associa\u00e7\u00e3o Brasileira dos Advogados Criminalistas na Bahia (Abracrim-BA). A designa\u00e7\u00e3o veio por meio do Ato Presidencial Nacional n\u00ba 88\/2025, publicado recentemente pela entidade. Nomea\u00e7\u00e3o reconhece a trajet\u00f3ria do profissional, que passa a integrar a diretoria estadual comandada pela advogada Adriana Abreu. A entidade, fundada em 1993, atua na defesa das prerrogativas da advocacia criminal e no fortalecimento do Estado Democr\u00e1tico de Direito. Hist\u00f3ria refor\u00e7a o papel da Abracrim no aperfei\u00e7oamento jur\u00eddico, com a\u00e7\u00f5es voltadas \u00e0 qualifica\u00e7\u00e3o de advogados, incentivo ao debate t\u00e9cnico e promo\u00e7\u00e3o de eventos que ampliam o di\u00e1logo no campo penal. Carreira de Sandro ganha novo destaque com o cargo, visto como um marco em sua atua\u00e7\u00e3o no Direito Penal e como reconhecimento da advocacia desenvolvida no sudoeste baiano. O avan\u00e7o tamb\u00e9m projeta Brumado como importante polo jur\u00eddico do interior. Integra\u00e7\u00e3o ampliada deve ser o pr\u00f3ximo passo. A chegada do novo diretor promete aproximar profissionais da regi\u00e3o da Abracrim, criando oportunidades para cursos, workshops, debates e iniciativas que valorizem a advocacia criminal em toda a Bahia.\" \/>\n<meta property=\"og:url\" content=\"https:\/\/sudoesteacontece.com.br\/?p=3562\" \/>\n<meta property=\"og:site_name\" content=\"Sudoesteacontece\" \/>\n<meta property=\"article:publisher\" content=\"https:\/\/www.facebook.com\/sudoesteacontece\/?locale=pt_BR\" \/>\n<meta property=\"article:published_time\" content=\"2025-12-06T13:04:07+00:00\" \/>\n<meta property=\"article:modified_time\" content=\"2025-12-06T13:04:08+00:00\" \/>\n<meta property=\"og:image\" content=\"https:\/\/sudoesteacontece.com.br\/wp-content\/uploads\/2025\/12\/Advogado-de-Brumado-assume-diretoria-regional-da-Abracrim-BA-e-fortalece-representacao-do-interior-sudoeste-acontece.jpg\" \/>\n\t<meta property=\"og:image:width\" content=\"900\" \/>\n\t<meta property=\"og:image:height\" content=\"600\" \/>\n\t<meta property=\"og:image:type\" content=\"image\/jpeg\" \/>\n<meta name=\"author\" content=\"Washington Tiago\" \/>\n<meta name=\"twitter:card\" content=\"summary_large_image\" \/>\n<meta name=\"twitter:label1\" content=\"Escrito por\" \/>\n\t<meta name=\"twitter:data1\" content=\"Washington Tiago\" \/>\n\t<meta name=\"twitter:label2\" content=\"Est. tempo de leitura\" \/>\n\t<meta name=\"twitter:data2\" content=\"1 minuto\" \/>\n<script type=\"application\/ld+json\" class=\"yoast-schema-graph\">{\"@context\":\"https:\/\/schema.org\",\"@graph\":[{\"@type\":\"Article\",\"@id\":\"https:\/\/sudoesteacontece.com.br\/?p=3562#article\",\"isPartOf\":{\"@id\":\"https:\/\/sudoesteacontece.com.br\/?p=3562\"},\"author\":{\"name\":\"Washington Tiago\",\"@id\":\"https:\/\/sudoesteacontece.com.br\/#\/schema\/person\/3cf2cf009926a9683ebc29d5379fa79c\"},\"headline\":\"Advogado de Brumado assume diretoria regional da Abracrim-BA e fortalece representa\u00e7\u00e3o do interior\",\"datePublished\":\"2025-12-06T13:04:07+00:00\",\"dateModified\":\"2025-12-06T13:04:08+00:00\",\"mainEntityOfPage\":{\"@id\":\"https:\/\/sudoesteacontece.com.br\/?p=3562\"},\"wordCount\":212,\"commentCount\":0,\"publisher\":{\"@id\":\"https:\/\/sudoesteacontece.com.br\/#organization\"},\"image\":{\"@id\":\"https:\/\/sudoesteacontece.com.br\/?p=3562#primaryimage\"},\"thumbnailUrl\":\"https:\/\/sudoesteacontece.com.br\/wp-content\/uploads\/2025\/12\/Advogado-de-Brumado-assume-diretoria-regional-da-Abracrim-BA-e-fortalece-representacao-do-interior-sudoeste-acontece.jpg\",\"articleSection\":[\"Brumado\"],\"inLanguage\":\"pt-BR\",\"potentialAction\":[{\"@type\":\"CommentAction\",\"name\":\"Comment\",\"target\":[\"https:\/\/sudoesteacontece.com.br\/?p=3562#respond\"]}]},{\"@type\":\"WebPage\",\"@id\":\"https:\/\/sudoesteacontece.com.br\/?p=3562\",\"url\":\"https:\/\/sudoesteacontece.com.br\/?p=3562\",\"name\":\"Advogado de Brumado assume diretoria regional da Abracrim-BA e fortalece representa\u00e7\u00e3o do interior - Sudoesteacontece\",\"isPartOf\":{\"@id\":\"https:\/\/sudoesteacontece.com.br\/#website\"},\"primaryImageOfPage\":{\"@id\":\"https:\/\/sudoesteacontece.com.br\/?p=3562#primaryimage\"},\"image\":{\"@id\":\"https:\/\/sudoesteacontece.com.br\/?p=3562#primaryimage\"},\"thumbnailUrl\":\"https:\/\/sudoesteacontece.com.br\/wp-content\/uploads\/2025\/12\/Advogado-de-Brumado-assume-diretoria-regional-da-Abracrim-BA-e-fortalece-representacao-do-interior-sudoeste-acontece.jpg\",\"datePublished\":\"2025-12-06T13:04:07+00:00\",\"dateModified\":\"2025-12-06T13:04:08+00:00\",\"breadcrumb\":{\"@id\":\"https:\/\/sudoesteacontece.com.br\/?p=3562#breadcrumb\"},\"inLanguage\":\"pt-BR\",\"potentialAction\":[{\"@type\":\"ReadAction\",\"target\":[\"https:\/\/sudoesteacontece.com.br\/?p=3562\"]}]},{\"@type\":\"ImageObject\",\"inLanguage\":\"pt-BR\",\"@id\":\"https:\/\/sudoesteacontece.com.br\/?p=3562#primaryimage\",\"url\":\"https:\/\/sudoesteacontece.com.br\/wp-content\/uploads\/2025\/12\/Advogado-de-Brumado-assume-diretoria-regional-da-Abracrim-BA-e-fortalece-representacao-do-interior-sudoeste-acontece.jpg\",\"contentUrl\":\"https:\/\/sudoesteacontece.com.br\/wp-content\/uploads\/2025\/12\/Advogado-de-Brumado-assume-diretoria-regional-da-Abracrim-BA-e-fortalece-representacao-do-interior-sudoeste-acontece.jpg\",\"width\":900,\"height\":600},{\"@type\":\"BreadcrumbList\",\"@id\":\"https:\/\/sudoesteacontece.com.br\/?p=3562#breadcrumb\",\"itemListElement\":[{\"@type\":\"ListItem\",\"position\":1,\"name\":\"In\u00edcio\",\"item\":\"https:\/\/sudoesteacontece.com.br\/\"},{\"@type\":\"ListItem\",\"position\":2,\"name\":\"Advogado de Brumado assume diretoria regional da Abracrim-BA e fortalece representa\u00e7\u00e3o do interior\"}]},{\"@type\":\"WebSite\",\"@id\":\"https:\/\/sudoesteacontece.com.br\/#website\",\"url\":\"https:\/\/sudoesteacontece.com.br\/\",\"name\":\"Sudoesteacontece\",\"description\":\"\",\"publisher\":{\"@id\":\"https:\/\/sudoesteacontece.com.br\/#organization\"},\"potentialAction\":[{\"@type\":\"SearchAction\",\"target\":{\"@type\":\"EntryPoint\",\"urlTemplate\":\"https:\/\/sudoesteacontece.com.br\/?s={search_term_string}\"},\"query-input\":{\"@type\":\"PropertyValueSpecification\",\"valueRequired\":true,\"valueName\":\"search_term_string\"}}],\"inLanguage\":\"pt-BR\"},{\"@type\":\"Organization\",\"@id\":\"https:\/\/sudoesteacontece.com.br\/#organization\",\"name\":\"Sudoesteacontece\",\"url\":\"https:\/\/sudoesteacontece.com.br\/\",\"logo\":{\"@type\":\"ImageObject\",\"inLanguage\":\"pt-BR\",\"@id\":\"https:\/\/sudoesteacontece.com.br\/#\/schema\/logo\/image\/\",\"url\":\"https:\/\/sudoesteacontece.com.br\/wp-content\/uploads\/2025\/12\/cropped-logo-2-180x180-1.png\",\"contentUrl\":\"https:\/\/sudoesteacontece.com.br\/wp-content\/uploads\/2025\/12\/cropped-logo-2-180x180-1.png\",\"width\":180,\"height\":180,\"caption\":\"Sudoesteacontece\"},\"image\":{\"@id\":\"https:\/\/sudoesteacontece.com.br\/#\/schema\/logo\/image\/\"},\"sameAs\":[\"https:\/\/www.facebook.com\/sudoesteacontece\/?locale=pt_BR\"]},{\"@type\":\"Person\",\"@id\":\"https:\/\/sudoesteacontece.com.br\/#\/schema\/person\/3cf2cf009926a9683ebc29d5379fa79c\",\"name\":\"Washington Tiago\",\"image\":{\"@type\":\"ImageObject\",\"inLanguage\":\"pt-BR\",\"@id\":\"https:\/\/sudoesteacontece.com.br\/#\/schema\/person\/image\/\",\"url\":\"https:\/\/secure.gravatar.com\/avatar\/33c43b8668157e040f9d1fe93c354bf087cbd8ba36270c1163198bd3ddcf2a56?s=96&d=mm&r=g\",\"contentUrl\":\"https:\/\/secure.gravatar.com\/avatar\/33c43b8668157e040f9d1fe93c354bf087cbd8ba36270c1163198bd3ddcf2a56?s=96&d=mm&r=g\",\"caption\":\"Washington Tiago\"},\"url\":\"https:\/\/sudoesteacontece.com.br\/?author=2\"}]}<\/script>\n<!-- \/ Yoast SEO plugin. -->","yoast_head_json":{"title":"Advogado de Brumado assume diretoria regional da Abracrim-BA e fortalece representa\u00e7\u00e3o do interior - Sudoesteacontece","robots":{"index":"index","follow":"follow","max-snippet":"max-snippet:-1","max-image-preview":"max-image-preview:large","max-video-preview":"max-video-preview:-1"},"canonical":"https:\/\/sudoesteacontece.com.br\/?p=3562","og_locale":"pt_BR","og_type":"article","og_title":"Advogado de Brumado assume diretoria regional da Abracrim-BA e fortalece representa\u00e7\u00e3o do interior - Sudoesteacontece","og_description":"O advogado Sandro Sodraque da Silva Xavier foi nomeado Diretor Regional da Associa\u00e7\u00e3o Brasileira dos Advogados Criminalistas na Bahia (Abracrim-BA). A designa\u00e7\u00e3o veio por meio do Ato Presidencial Nacional n\u00ba 88\/2025, publicado recentemente pela entidade. Nomea\u00e7\u00e3o reconhece a trajet\u00f3ria do profissional, que passa a integrar a diretoria estadual comandada pela advogada Adriana Abreu. A entidade, fundada em 1993, atua na defesa das prerrogativas da advocacia criminal e no fortalecimento do Estado Democr\u00e1tico de Direito. Hist\u00f3ria refor\u00e7a o papel da Abracrim no aperfei\u00e7oamento jur\u00eddico, com a\u00e7\u00f5es voltadas \u00e0 qualifica\u00e7\u00e3o de advogados, incentivo ao debate t\u00e9cnico e promo\u00e7\u00e3o de eventos que ampliam o di\u00e1logo no campo penal. Carreira de Sandro ganha novo destaque com o cargo, visto como um marco em sua atua\u00e7\u00e3o no Direito Penal e como reconhecimento da advocacia desenvolvida no sudoeste baiano. O avan\u00e7o tamb\u00e9m projeta Brumado como importante polo jur\u00eddico do interior. Integra\u00e7\u00e3o ampliada deve ser o pr\u00f3ximo passo. A chegada do novo diretor promete aproximar profissionais da regi\u00e3o da Abracrim, criando oportunidades para cursos, workshops, debates e iniciativas que valorizem a advocacia criminal em toda a Bahia.","og_url":"https:\/\/sudoesteacontece.com.br\/?p=3562","og_site_name":"Sudoesteacontece","article_publisher":"https:\/\/www.facebook.com\/sudoesteacontece\/?locale=pt_BR","article_published_time":"2025-12-06T13:04:07+00:00","article_modified_time":"2025-12-06T13:04:08+00:00","og_image":[{"width":900,"height":600,"url":"https:\/\/sudoesteacontece.com.br\/wp-content\/uploads\/2025\/12\/Advogado-de-Brumado-assume-diretoria-regional-da-Abracrim-BA-e-fortalece-representacao-do-interior-sudoeste-acontece.jpg","type":"image\/jpeg"}],"author":"Washington Tiago","twitter_card":"summary_large_image","twitter_misc":{"Escrito por":"Washington Tiago","Est. tempo de leitura":"1 minuto"},"schema":{"@context":"https:\/\/schema.org","@graph":[{"@type":"Article","@id":"https:\/\/sudoesteacontece.com.br\/?p=3562#article","isPartOf":{"@id":"https:\/\/sudoesteacontece.com.br\/?p=3562"},"author":{"name":"Washington Tiago","@id":"https:\/\/sudoesteacontece.com.br\/#\/schema\/person\/3cf2cf009926a9683ebc29d5379fa79c"},"headline":"Advogado de Brumado assume diretoria regional da Abracrim-BA e fortalece representa\u00e7\u00e3o do interior","datePublished":"2025-12-06T13:04:07+00:00","dateModified":"2025-12-06T13:04:08+00:00","mainEntityOfPage":{"@id":"https:\/\/sudoesteacontece.com.br\/?p=3562"},"wordCount":212,"commentCount":0,"publisher":{"@id":"https:\/\/sudoesteacontece.com.br\/#organization"},"image":{"@id":"https:\/\/sudoesteacontece.com.br\/?p=3562#primaryimage"},"thumbnailUrl":"https:\/\/sudoesteacontece.com.br\/wp-content\/uploads\/2025\/12\/Advogado-de-Brumado-assume-diretoria-regional-da-Abracrim-BA-e-fortalece-representacao-do-interior-sudoeste-acontece.jpg","articleSection":["Brumado"],"inLanguage":"pt-BR","potentialAction":[{"@type":"CommentAction","name":"Comment","target":["https:\/\/sudoesteacontece.com.br\/?p=3562#respond"]}]},{"@type":"WebPage","@id":"https:\/\/sudoesteacontece.com.br\/?p=3562","url":"https:\/\/sudoesteacontece.com.br\/?p=3562","name":"Advogado de Brumado assume diretoria regional da Abracrim-BA e fortalece representa\u00e7\u00e3o do interior - Sudoesteacontece","isPartOf":{"@id":"https:\/\/sudoesteacontece.com.br\/#website"},"primaryImageOfPage":{"@id":"https:\/\/sudoesteacontece.com.br\/?p=3562#primaryimage"},"image":{"@id":"https:\/\/sudoesteacontece.com.br\/?p=3562#primaryimage"},"thumbnailUrl":"https:\/\/sudoesteacontece.com.br\/wp-content\/uploads\/2025\/12\/Advogado-de-Brumado-assume-diretoria-regional-da-Abracrim-BA-e-fortalece-representacao-do-interior-sudoeste-acontece.jpg","datePublished":"2025-12-06T13:04:07+00:00","dateModified":"2025-12-06T13:04:08+00:00","breadcrumb":{"@id":"https:\/\/sudoesteacontece.com.br\/?p=3562#breadcrumb"},"inLanguage":"pt-BR","potentialAction":[{"@type":"ReadAction","target":["https:\/\/sudoesteacontece.com.br\/?p=3562"]}]},{"@type":"ImageObject","inLanguage":"pt-BR","@id":"https:\/\/sudoesteacontece.com.br\/?p=3562#primaryimage","url":"https:\/\/sudoesteacontece.com.br\/wp-content\/uploads\/2025\/12\/Advogado-de-Brumado-assume-diretoria-regional-da-Abracrim-BA-e-fortalece-representacao-do-interior-sudoeste-acontece.jpg","contentUrl":"https:\/\/sudoesteacontece.com.br\/wp-content\/uploads\/2025\/12\/Advogado-de-Brumado-assume-diretoria-regional-da-Abracrim-BA-e-fortalece-representacao-do-interior-sudoeste-acontece.jpg","width":900,"height":600},{"@type":"BreadcrumbList","@id":"https:\/\/sudoesteacontece.com.br\/?p=3562#breadcrumb","itemListElement":[{"@type":"ListItem","position":1,"name":"In\u00edcio","item":"https:\/\/sudoesteacontece.com.br\/"},{"@type":"ListItem","position":2,"name":"Advogado de Brumado assume diretoria regional da Abracrim-BA e fortalece representa\u00e7\u00e3o do interior"}]},{"@type":"WebSite","@id":"https:\/\/sudoesteacontece.com.br\/#website","url":"https:\/\/sudoesteacontece.com.br\/","name":"Sudoesteacontece","description":"","publisher":{"@id":"https:\/\/sudoesteacontece.com.br\/#organization"},"potentialAction":[{"@type":"SearchAction","target":{"@type":"EntryPoint","urlTemplate":"https:\/\/sudoesteacontece.com.br\/?s={search_term_string}"},"query-input":{"@type":"PropertyValueSpecification","valueRequired":true,"valueName":"search_term_string"}}],"inLanguage":"pt-BR"},{"@type":"Organization","@id":"https:\/\/sudoesteacontece.com.br\/#organization","name":"Sudoesteacontece","url":"https:\/\/sudoesteacontece.com.br\/","logo":{"@type":"ImageObject","inLanguage":"pt-BR","@id":"https:\/\/sudoesteacontece.com.br\/#\/schema\/logo\/image\/","url":"https:\/\/sudoesteacontece.com.br\/wp-content\/uploads\/2025\/12\/cropped-logo-2-180x180-1.png","contentUrl":"https:\/\/sudoesteacontece.com.br\/wp-content\/uploads\/2025\/12\/cropped-logo-2-180x180-1.png","width":180,"height":180,"caption":"Sudoesteacontece"},"image":{"@id":"https:\/\/sudoesteacontece.com.br\/#\/schema\/logo\/image\/"},"sameAs":["https:\/\/www.facebook.com\/sudoesteacontece\/?locale=pt_BR"]},{"@type":"Person","@id":"https:\/\/sudoesteacontece.com.br\/#\/schema\/person\/3cf2cf009926a9683ebc29d5379fa79c","name":"Washington Tiago","image":{"@type":"ImageObject","inLanguage":"pt-BR","@id":"https:\/\/sudoesteacontece.com.br\/#\/schema\/person\/image\/","url":"https:\/\/secure.gravatar.com\/avatar\/33c43b8668157e040f9d1fe93c354bf087cbd8ba36270c1163198bd3ddcf2a56?s=96&d=mm&r=g","contentUrl":"https:\/\/secure.gravatar.com\/avatar\/33c43b8668157e040f9d1fe93c354bf087cbd8ba36270c1163198bd3ddcf2a56?s=96&d=mm&r=g","caption":"Washington Tiago"},"url":"https:\/\/sudoesteacontece.com.br\/?author=2"}]}},"_links":{"self":[{"href":"https:\/\/sudoesteacontece.com.br\/index.php?rest_route=\/wp\/v2\/posts\/3562","targetHints":{"allow":["GET"]}}],"collection":[{"href":"https:\/\/sudoesteacontece.com.br\/index.php?rest_route=\/wp\/v2\/posts"}],"about":[{"href":"https:\/\/sudoesteacontece.com.br\/index.php?rest_route=\/wp\/v2\/types\/post"}],"author":[{"embeddable":true,"href":"https:\/\/sudoesteacontece.com.br\/index.php?rest_route=\/wp\/v2\/users\/2"}],"replies":[{"embeddable":true,"href":"https:\/\/sudoesteacontece.com.br\/index.php?rest_route=%2Fwp%2Fv2%2Fcomments&post=3562"}],"version-history":[{"count":0,"href":"https:\/\/sudoesteacontece.com.br\/index.php?rest_route=\/wp\/v2\/posts\/3562\/revisions"}],"wp:featuredmedia":[{"embeddable":true,"href":"https:\/\/sudoesteacontece.com.br\/index.php?rest_route=\/wp\/v2\/media\/3579"}],"wp:attachment":[{"href":"https:\/\/sudoesteacontece.com.br\/index.php?rest_route=%2Fwp%2Fv2%2Fmedia&parent=3562"}],"wp:term":[{"taxonomy":"category","embeddable":true,"href":"https:\/\/sudoesteacontece.com.br\/index.php?rest_route=%2Fwp%2Fv2%2Fcategories&post=3562"},{"taxonomy":"post_tag","embeddable":true,"href":"https:\/\/sudoesteacontece.com.br\/index.php?rest_route=%2Fwp%2Fv2%2Ftags&post=3562"}],"curies":[{"name":"wp","href":"https:\/\/api.w.org\/{rel}","templated":true}]}}