{"id":3572,"date":"2025-12-06T09:56:33","date_gmt":"2025-12-06T12:56:33","guid":{"rendered":"https:\/\/sudoesteacontece.com.br\/?p=3572"},"modified":"2025-12-06T09:56:35","modified_gmt":"2025-12-06T12:56:35","slug":"programacao-especial-movimenta-o-final-de-semana-natalino-em-brumado","status":"publish","type":"post","link":"https:\/\/sudoesteacontece.com.br\/?p=3572","title":{"rendered":"Programa\u00e7\u00e3o especial movimenta o final de semana natalino em Brumado"},"content":{"rendered":"<div class=\"wp-block-image\">\n<figure class=\"aligncenter size-full\"><img fetchpriority=\"high\" decoding=\"async\" width=\"900\" height=\"600\" src=\"http:\/\/sudoesteacontece.com.br\/wp-content\/uploads\/2025\/12\/Programacao-especial-movimenta-o-final-de-semana-natalino-em-Brumado-sudoeste-acontece.jpg\" alt=\"\" class=\"wp-image-3573\" srcset=\"https:\/\/sudoesteacontece.com.br\/wp-content\/uploads\/2025\/12\/Programacao-especial-movimenta-o-final-de-semana-natalino-em-Brumado-sudoeste-acontece.jpg 900w, https:\/\/sudoesteacontece.com.br\/wp-content\/uploads\/2025\/12\/Programacao-especial-movimenta-o-final-de-semana-natalino-em-Brumado-sudoeste-acontece-300x200.jpg 300w, https:\/\/sudoesteacontece.com.br\/wp-content\/uploads\/2025\/12\/Programacao-especial-movimenta-o-final-de-semana-natalino-em-Brumado-sudoeste-acontece-768x512.jpg 768w\" sizes=\"(max-width: 900px) 100vw, 900px\" \/><\/figure>\n<\/div>\n\n\n<p>A magia do Natal Luz de Brumado segue encantando moradores e visitantes com uma programa\u00e7\u00e3o especial neste final de semana, reunindo m\u00fasica, literatura, apresenta\u00e7\u00f5es culturais e a presen\u00e7a do Papai Noel. As atividades acontecem desta sexta-feira (5) a domingo (7), sempre das 18h \u00e0s 22h.<\/p>\n\n\n\n<p>A abertura da programa\u00e7\u00e3o ocorre nesta sexta-feira (5), na Pra\u00e7a Armindo Azevedo, em frente ao Mercado de Artes.<\/p>\n\n\n\n<p>No domingo (7), \u00e0s 18h, a celebra\u00e7\u00e3o continua na Pra\u00e7a Senhor do Bonfim, onde ser\u00e1 realizado um Desfile do Papai Noel, seguido de declama\u00e7\u00e3o de poesias e cord\u00e9is, fortalecendo a tradi\u00e7\u00e3o cultural e ampliando a participa\u00e7\u00e3o das fam\u00edlias.<\/p>\n\n\n\n<p>Ainda no domingo (7), \u00e0s 19h, a programa\u00e7\u00e3o retorna \u00e0 Pra\u00e7a Armindo Azevedo, tamb\u00e9m em frente ao Mercado de Artes, com show ao vivo de Ediane Vieira, encerrando a noite com m\u00fasica e confraterniza\u00e7\u00e3o.<\/p>\n\n\n\n<p>Para garantir mais conforto e mobilidade ao p\u00fablico, a Prefeitura disponibiliza \u00f4nibus gratuito todos os dias, com partidas a cada 30 minutos, fazendo o trajeto de ida e volta entre a Pra\u00e7a Armindo Azevedo e a Prefeitura (Pra\u00e7a Cel. Zeca Leite). A iniciativa facilita o acesso ao circuito natalino e amplia a participa\u00e7\u00e3o de pessoas de todas as idade.<\/p>\n\n\n\n<p>Com a\u00e7\u00f5es que unem cultura, lazer e esp\u00edrito natalino, a Prefeitura de Brumado refor\u00e7a seu compromisso em promover celebra\u00e7\u00f5es acess\u00edveis e acolhedoras para toda a popula\u00e7\u00e3o. O Natal Luz de Brumado segue espalhando encanto e fortalecendo os la\u00e7os comunit\u00e1rios neste per\u00edodo especial do ano.<\/p>\n","protected":false},"excerpt":{"rendered":"<p>A magia do Natal Luz de Brumado segue encantando moradores e visitantes com uma programa\u00e7\u00e3o especial neste final de semana, reunindo m\u00fasica, literatura, apresenta\u00e7\u00f5es culturais e a presen\u00e7a do Papai Noel. As atividades acontecem desta sexta-feira (5) a domingo (7), sempre das 18h \u00e0s 22h. A abertura da programa\u00e7\u00e3o ocorre nesta sexta-feira (5), na Pra\u00e7a Armindo Azevedo, em frente ao Mercado de Artes. No domingo (7), \u00e0s 18h, a celebra\u00e7\u00e3o continua na Pra\u00e7a Senhor do Bonfim, onde ser\u00e1 realizado um Desfile do Papai Noel, seguido de declama\u00e7\u00e3o de poesias e cord\u00e9is, fortalecendo a tradi\u00e7\u00e3o cultural e ampliando a participa\u00e7\u00e3o das fam\u00edlias. Ainda no domingo (7), \u00e0s 19h, a programa\u00e7\u00e3o retorna \u00e0 Pra\u00e7a Armindo Azevedo, tamb\u00e9m em frente ao Mercado de Artes, com show ao vivo de Ediane Vieira, encerrando a noite com m\u00fasica e confraterniza\u00e7\u00e3o. Para garantir mais conforto e mobilidade ao p\u00fablico, a Prefeitura disponibiliza \u00f4nibus gratuito todos os dias, com partidas a cada 30 minutos, fazendo o trajeto de ida e volta entre a Pra\u00e7a Armindo Azevedo e a Prefeitura (Pra\u00e7a Cel. Zeca Leite). A iniciativa facilita o acesso ao circuito natalino e amplia a participa\u00e7\u00e3o de pessoas de todas as idade. Com a\u00e7\u00f5es que unem cultura, lazer e esp\u00edrito natalino, a Prefeitura de Brumado refor\u00e7a seu compromisso em promover celebra\u00e7\u00f5es acess\u00edveis e acolhedoras para toda a popula\u00e7\u00e3o. O Natal Luz de Brumado segue espalhando encanto e fortalecendo os la\u00e7os comunit\u00e1rios neste per\u00edodo especial do ano.<\/p>\n","protected":false},"author":4,"featured_media":3573,"comment_status":"open","ping_status":"open","sticky":false,"template":"","format":"standard","meta":{"footnotes":""},"categories":[10,4,6],"tags":[],"class_list":["post-3572","post","type-post","status-publish","format-standard","has-post-thumbnail","hentry","category-brumado","category-cidades","category-politica"],"yoast_head":"<!-- This site is optimized with the Yoast SEO plugin v26.5 - https:\/\/yoast.com\/wordpress\/plugins\/seo\/ -->\n<title>Programa\u00e7\u00e3o especial movimenta o final de semana natalino em Brumado - Sudoesteacontece<\/title>\n<meta name=\"robots\" content=\"index, follow, max-snippet:-1, max-image-preview:large, max-video-preview:-1\" \/>\n<link rel=\"canonical\" href=\"https:\/\/sudoesteacontece.com.br\/?p=3572\" \/>\n<meta property=\"og:locale\" content=\"pt_BR\" \/>\n<meta property=\"og:type\" content=\"article\" \/>\n<meta property=\"og:title\" content=\"Programa\u00e7\u00e3o especial movimenta o final de semana natalino em Brumado - Sudoesteacontece\" \/>\n<meta property=\"og:description\" content=\"A magia do Natal Luz de Brumado segue encantando moradores e visitantes com uma programa\u00e7\u00e3o especial neste final de semana, reunindo m\u00fasica, literatura, apresenta\u00e7\u00f5es culturais e a presen\u00e7a do Papai Noel. As atividades acontecem desta sexta-feira (5) a domingo (7), sempre das 18h \u00e0s 22h. A abertura da programa\u00e7\u00e3o ocorre nesta sexta-feira (5), na Pra\u00e7a Armindo Azevedo, em frente ao Mercado de Artes. No domingo (7), \u00e0s 18h, a celebra\u00e7\u00e3o continua na Pra\u00e7a Senhor do Bonfim, onde ser\u00e1 realizado um Desfile do Papai Noel, seguido de declama\u00e7\u00e3o de poesias e cord\u00e9is, fortalecendo a tradi\u00e7\u00e3o cultural e ampliando a participa\u00e7\u00e3o das fam\u00edlias. Ainda no domingo (7), \u00e0s 19h, a programa\u00e7\u00e3o retorna \u00e0 Pra\u00e7a Armindo Azevedo, tamb\u00e9m em frente ao Mercado de Artes, com show ao vivo de Ediane Vieira, encerrando a noite com m\u00fasica e confraterniza\u00e7\u00e3o. Para garantir mais conforto e mobilidade ao p\u00fablico, a Prefeitura disponibiliza \u00f4nibus gratuito todos os dias, com partidas a cada 30 minutos, fazendo o trajeto de ida e volta entre a Pra\u00e7a Armindo Azevedo e a Prefeitura (Pra\u00e7a Cel. Zeca Leite). A iniciativa facilita o acesso ao circuito natalino e amplia a participa\u00e7\u00e3o de pessoas de todas as idade. Com a\u00e7\u00f5es que unem cultura, lazer e esp\u00edrito natalino, a Prefeitura de Brumado refor\u00e7a seu compromisso em promover celebra\u00e7\u00f5es acess\u00edveis e acolhedoras para toda a popula\u00e7\u00e3o. O Natal Luz de Brumado segue espalhando encanto e fortalecendo os la\u00e7os comunit\u00e1rios neste per\u00edodo especial do ano.\" \/>\n<meta property=\"og:url\" content=\"https:\/\/sudoesteacontece.com.br\/?p=3572\" \/>\n<meta property=\"og:site_name\" content=\"Sudoesteacontece\" \/>\n<meta property=\"article:publisher\" content=\"https:\/\/www.facebook.com\/sudoesteacontece\/?locale=pt_BR\" \/>\n<meta property=\"article:published_time\" content=\"2025-12-06T12:56:33+00:00\" \/>\n<meta property=\"article:modified_time\" content=\"2025-12-06T12:56:35+00:00\" \/>\n<meta property=\"og:image\" content=\"https:\/\/sudoesteacontece.com.br\/wp-content\/uploads\/2025\/12\/Programacao-especial-movimenta-o-final-de-semana-natalino-em-Brumado-sudoeste-acontece.jpg\" \/>\n\t<meta property=\"og:image:width\" content=\"900\" \/>\n\t<meta property=\"og:image:height\" content=\"600\" \/>\n\t<meta property=\"og:image:type\" content=\"image\/jpeg\" \/>\n<meta name=\"author\" content=\"Reda\u00e7\u00e3o\" \/>\n<meta name=\"twitter:card\" content=\"summary_large_image\" \/>\n<meta name=\"twitter:label1\" content=\"Escrito por\" \/>\n\t<meta name=\"twitter:data1\" content=\"Reda\u00e7\u00e3o\" \/>\n\t<meta name=\"twitter:label2\" content=\"Est. tempo de leitura\" \/>\n\t<meta name=\"twitter:data2\" content=\"1 minuto\" \/>\n<script type=\"application\/ld+json\" class=\"yoast-schema-graph\">{\"@context\":\"https:\/\/schema.org\",\"@graph\":[{\"@type\":\"Article\",\"@id\":\"https:\/\/sudoesteacontece.com.br\/?p=3572#article\",\"isPartOf\":{\"@id\":\"https:\/\/sudoesteacontece.com.br\/?p=3572\"},\"author\":{\"name\":\"Reda\u00e7\u00e3o\",\"@id\":\"https:\/\/sudoesteacontece.com.br\/#\/schema\/person\/a4f22429c1d0923ef8f7d43343f8dc38\"},\"headline\":\"Programa\u00e7\u00e3o especial movimenta o final de semana natalino em Brumado\",\"datePublished\":\"2025-12-06T12:56:33+00:00\",\"dateModified\":\"2025-12-06T12:56:35+00:00\",\"mainEntityOfPage\":{\"@id\":\"https:\/\/sudoesteacontece.com.br\/?p=3572\"},\"wordCount\":273,\"commentCount\":0,\"publisher\":{\"@id\":\"https:\/\/sudoesteacontece.com.br\/#organization\"},\"image\":{\"@id\":\"https:\/\/sudoesteacontece.com.br\/?p=3572#primaryimage\"},\"thumbnailUrl\":\"https:\/\/sudoesteacontece.com.br\/wp-content\/uploads\/2025\/12\/Programacao-especial-movimenta-o-final-de-semana-natalino-em-Brumado-sudoeste-acontece.jpg\",\"articleSection\":[\"Brumado\",\"Cidades\",\"Pol\u00edtica\"],\"inLanguage\":\"pt-BR\",\"potentialAction\":[{\"@type\":\"CommentAction\",\"name\":\"Comment\",\"target\":[\"https:\/\/sudoesteacontece.com.br\/?p=3572#respond\"]}]},{\"@type\":\"WebPage\",\"@id\":\"https:\/\/sudoesteacontece.com.br\/?p=3572\",\"url\":\"https:\/\/sudoesteacontece.com.br\/?p=3572\",\"name\":\"Programa\u00e7\u00e3o especial movimenta o final de semana natalino em Brumado - Sudoesteacontece\",\"isPartOf\":{\"@id\":\"https:\/\/sudoesteacontece.com.br\/#website\"},\"primaryImageOfPage\":{\"@id\":\"https:\/\/sudoesteacontece.com.br\/?p=3572#primaryimage\"},\"image\":{\"@id\":\"https:\/\/sudoesteacontece.com.br\/?p=3572#primaryimage\"},\"thumbnailUrl\":\"https:\/\/sudoesteacontece.com.br\/wp-content\/uploads\/2025\/12\/Programacao-especial-movimenta-o-final-de-semana-natalino-em-Brumado-sudoeste-acontece.jpg\",\"datePublished\":\"2025-12-06T12:56:33+00:00\",\"dateModified\":\"2025-12-06T12:56:35+00:00\",\"breadcrumb\":{\"@id\":\"https:\/\/sudoesteacontece.com.br\/?p=3572#breadcrumb\"},\"inLanguage\":\"pt-BR\",\"potentialAction\":[{\"@type\":\"ReadAction\",\"target\":[\"https:\/\/sudoesteacontece.com.br\/?p=3572\"]}]},{\"@type\":\"ImageObject\",\"inLanguage\":\"pt-BR\",\"@id\":\"https:\/\/sudoesteacontece.com.br\/?p=3572#primaryimage\",\"url\":\"https:\/\/sudoesteacontece.com.br\/wp-content\/uploads\/2025\/12\/Programacao-especial-movimenta-o-final-de-semana-natalino-em-Brumado-sudoeste-acontece.jpg\",\"contentUrl\":\"https:\/\/sudoesteacontece.com.br\/wp-content\/uploads\/2025\/12\/Programacao-especial-movimenta-o-final-de-semana-natalino-em-Brumado-sudoeste-acontece.jpg\",\"width\":900,\"height\":600},{\"@type\":\"BreadcrumbList\",\"@id\":\"https:\/\/sudoesteacontece.com.br\/?p=3572#breadcrumb\",\"itemListElement\":[{\"@type\":\"ListItem\",\"position\":1,\"name\":\"In\u00edcio\",\"item\":\"https:\/\/sudoesteacontece.com.br\/\"},{\"@type\":\"ListItem\",\"position\":2,\"name\":\"Programa\u00e7\u00e3o especial movimenta o final de semana natalino em Brumado\"}]},{\"@type\":\"WebSite\",\"@id\":\"https:\/\/sudoesteacontece.com.br\/#website\",\"url\":\"https:\/\/sudoesteacontece.com.br\/\",\"name\":\"Sudoesteacontece\",\"description\":\"\",\"publisher\":{\"@id\":\"https:\/\/sudoesteacontece.com.br\/#organization\"},\"potentialAction\":[{\"@type\":\"SearchAction\",\"target\":{\"@type\":\"EntryPoint\",\"urlTemplate\":\"https:\/\/sudoesteacontece.com.br\/?s={search_term_string}\"},\"query-input\":{\"@type\":\"PropertyValueSpecification\",\"valueRequired\":true,\"valueName\":\"search_term_string\"}}],\"inLanguage\":\"pt-BR\"},{\"@type\":\"Organization\",\"@id\":\"https:\/\/sudoesteacontece.com.br\/#organization\",\"name\":\"Sudoesteacontece\",\"url\":\"https:\/\/sudoesteacontece.com.br\/\",\"logo\":{\"@type\":\"ImageObject\",\"inLanguage\":\"pt-BR\",\"@id\":\"https:\/\/sudoesteacontece.com.br\/#\/schema\/logo\/image\/\",\"url\":\"https:\/\/sudoesteacontece.com.br\/wp-content\/uploads\/2025\/12\/cropped-logo-2-180x180-1.png\",\"contentUrl\":\"https:\/\/sudoesteacontece.com.br\/wp-content\/uploads\/2025\/12\/cropped-logo-2-180x180-1.png\",\"width\":180,\"height\":180,\"caption\":\"Sudoesteacontece\"},\"image\":{\"@id\":\"https:\/\/sudoesteacontece.com.br\/#\/schema\/logo\/image\/\"},\"sameAs\":[\"https:\/\/www.facebook.com\/sudoesteacontece\/?locale=pt_BR\"]},{\"@type\":\"Person\",\"@id\":\"https:\/\/sudoesteacontece.com.br\/#\/schema\/person\/a4f22429c1d0923ef8f7d43343f8dc38\",\"name\":\"Reda\u00e7\u00e3o\",\"image\":{\"@type\":\"ImageObject\",\"inLanguage\":\"pt-BR\",\"@id\":\"https:\/\/sudoesteacontece.com.br\/#\/schema\/person\/image\/\",\"url\":\"https:\/\/secure.gravatar.com\/avatar\/c3a5b3c93f268a709c25a2df414c629a96fb3b1b4bf97a94fb3f72e54ae76903?s=96&d=mm&r=g\",\"contentUrl\":\"https:\/\/secure.gravatar.com\/avatar\/c3a5b3c93f268a709c25a2df414c629a96fb3b1b4bf97a94fb3f72e54ae76903?s=96&d=mm&r=g\",\"caption\":\"Reda\u00e7\u00e3o\"},\"url\":\"https:\/\/sudoesteacontece.com.br\/?author=4\"}]}<\/script>\n<!-- \/ Yoast SEO plugin. -->","yoast_head_json":{"title":"Programa\u00e7\u00e3o especial movimenta o final de semana natalino em Brumado - Sudoesteacontece","robots":{"index":"index","follow":"follow","max-snippet":"max-snippet:-1","max-image-preview":"max-image-preview:large","max-video-preview":"max-video-preview:-1"},"canonical":"https:\/\/sudoesteacontece.com.br\/?p=3572","og_locale":"pt_BR","og_type":"article","og_title":"Programa\u00e7\u00e3o especial movimenta o final de semana natalino em Brumado - Sudoesteacontece","og_description":"A magia do Natal Luz de Brumado segue encantando moradores e visitantes com uma programa\u00e7\u00e3o especial neste final de semana, reunindo m\u00fasica, literatura, apresenta\u00e7\u00f5es culturais e a presen\u00e7a do Papai Noel. As atividades acontecem desta sexta-feira (5) a domingo (7), sempre das 18h \u00e0s 22h. A abertura da programa\u00e7\u00e3o ocorre nesta sexta-feira (5), na Pra\u00e7a Armindo Azevedo, em frente ao Mercado de Artes. No domingo (7), \u00e0s 18h, a celebra\u00e7\u00e3o continua na Pra\u00e7a Senhor do Bonfim, onde ser\u00e1 realizado um Desfile do Papai Noel, seguido de declama\u00e7\u00e3o de poesias e cord\u00e9is, fortalecendo a tradi\u00e7\u00e3o cultural e ampliando a participa\u00e7\u00e3o das fam\u00edlias. Ainda no domingo (7), \u00e0s 19h, a programa\u00e7\u00e3o retorna \u00e0 Pra\u00e7a Armindo Azevedo, tamb\u00e9m em frente ao Mercado de Artes, com show ao vivo de Ediane Vieira, encerrando a noite com m\u00fasica e confraterniza\u00e7\u00e3o. Para garantir mais conforto e mobilidade ao p\u00fablico, a Prefeitura disponibiliza \u00f4nibus gratuito todos os dias, com partidas a cada 30 minutos, fazendo o trajeto de ida e volta entre a Pra\u00e7a Armindo Azevedo e a Prefeitura (Pra\u00e7a Cel. Zeca Leite). A iniciativa facilita o acesso ao circuito natalino e amplia a participa\u00e7\u00e3o de pessoas de todas as idade. Com a\u00e7\u00f5es que unem cultura, lazer e esp\u00edrito natalino, a Prefeitura de Brumado refor\u00e7a seu compromisso em promover celebra\u00e7\u00f5es acess\u00edveis e acolhedoras para toda a popula\u00e7\u00e3o. O Natal Luz de Brumado segue espalhando encanto e fortalecendo os la\u00e7os comunit\u00e1rios neste per\u00edodo especial do ano.","og_url":"https:\/\/sudoesteacontece.com.br\/?p=3572","og_site_name":"Sudoesteacontece","article_publisher":"https:\/\/www.facebook.com\/sudoesteacontece\/?locale=pt_BR","article_published_time":"2025-12-06T12:56:33+00:00","article_modified_time":"2025-12-06T12:56:35+00:00","og_image":[{"width":900,"height":600,"url":"https:\/\/sudoesteacontece.com.br\/wp-content\/uploads\/2025\/12\/Programacao-especial-movimenta-o-final-de-semana-natalino-em-Brumado-sudoeste-acontece.jpg","type":"image\/jpeg"}],"author":"Reda\u00e7\u00e3o","twitter_card":"summary_large_image","twitter_misc":{"Escrito por":"Reda\u00e7\u00e3o","Est. tempo de leitura":"1 minuto"},"schema":{"@context":"https:\/\/schema.org","@graph":[{"@type":"Article","@id":"https:\/\/sudoesteacontece.com.br\/?p=3572#article","isPartOf":{"@id":"https:\/\/sudoesteacontece.com.br\/?p=3572"},"author":{"name":"Reda\u00e7\u00e3o","@id":"https:\/\/sudoesteacontece.com.br\/#\/schema\/person\/a4f22429c1d0923ef8f7d43343f8dc38"},"headline":"Programa\u00e7\u00e3o especial movimenta o final de semana natalino em Brumado","datePublished":"2025-12-06T12:56:33+00:00","dateModified":"2025-12-06T12:56:35+00:00","mainEntityOfPage":{"@id":"https:\/\/sudoesteacontece.com.br\/?p=3572"},"wordCount":273,"commentCount":0,"publisher":{"@id":"https:\/\/sudoesteacontece.com.br\/#organization"},"image":{"@id":"https:\/\/sudoesteacontece.com.br\/?p=3572#primaryimage"},"thumbnailUrl":"https:\/\/sudoesteacontece.com.br\/wp-content\/uploads\/2025\/12\/Programacao-especial-movimenta-o-final-de-semana-natalino-em-Brumado-sudoeste-acontece.jpg","articleSection":["Brumado","Cidades","Pol\u00edtica"],"inLanguage":"pt-BR","potentialAction":[{"@type":"CommentAction","name":"Comment","target":["https:\/\/sudoesteacontece.com.br\/?p=3572#respond"]}]},{"@type":"WebPage","@id":"https:\/\/sudoesteacontece.com.br\/?p=3572","url":"https:\/\/sudoesteacontece.com.br\/?p=3572","name":"Programa\u00e7\u00e3o especial movimenta o final de semana natalino em Brumado - Sudoesteacontece","isPartOf":{"@id":"https:\/\/sudoesteacontece.com.br\/#website"},"primaryImageOfPage":{"@id":"https:\/\/sudoesteacontece.com.br\/?p=3572#primaryimage"},"image":{"@id":"https:\/\/sudoesteacontece.com.br\/?p=3572#primaryimage"},"thumbnailUrl":"https:\/\/sudoesteacontece.com.br\/wp-content\/uploads\/2025\/12\/Programacao-especial-movimenta-o-final-de-semana-natalino-em-Brumado-sudoeste-acontece.jpg","datePublished":"2025-12-06T12:56:33+00:00","dateModified":"2025-12-06T12:56:35+00:00","breadcrumb":{"@id":"https:\/\/sudoesteacontece.com.br\/?p=3572#breadcrumb"},"inLanguage":"pt-BR","potentialAction":[{"@type":"ReadAction","target":["https:\/\/sudoesteacontece.com.br\/?p=3572"]}]},{"@type":"ImageObject","inLanguage":"pt-BR","@id":"https:\/\/sudoesteacontece.com.br\/?p=3572#primaryimage","url":"https:\/\/sudoesteacontece.com.br\/wp-content\/uploads\/2025\/12\/Programacao-especial-movimenta-o-final-de-semana-natalino-em-Brumado-sudoeste-acontece.jpg","contentUrl":"https:\/\/sudoesteacontece.com.br\/wp-content\/uploads\/2025\/12\/Programacao-especial-movimenta-o-final-de-semana-natalino-em-Brumado-sudoeste-acontece.jpg","width":900,"height":600},{"@type":"BreadcrumbList","@id":"https:\/\/sudoesteacontece.com.br\/?p=3572#breadcrumb","itemListElement":[{"@type":"ListItem","position":1,"name":"In\u00edcio","item":"https:\/\/sudoesteacontece.com.br\/"},{"@type":"ListItem","position":2,"name":"Programa\u00e7\u00e3o especial movimenta o final de semana natalino em Brumado"}]},{"@type":"WebSite","@id":"https:\/\/sudoesteacontece.com.br\/#website","url":"https:\/\/sudoesteacontece.com.br\/","name":"Sudoesteacontece","description":"","publisher":{"@id":"https:\/\/sudoesteacontece.com.br\/#organization"},"potentialAction":[{"@type":"SearchAction","target":{"@type":"EntryPoint","urlTemplate":"https:\/\/sudoesteacontece.com.br\/?s={search_term_string}"},"query-input":{"@type":"PropertyValueSpecification","valueRequired":true,"valueName":"search_term_string"}}],"inLanguage":"pt-BR"},{"@type":"Organization","@id":"https:\/\/sudoesteacontece.com.br\/#organization","name":"Sudoesteacontece","url":"https:\/\/sudoesteacontece.com.br\/","logo":{"@type":"ImageObject","inLanguage":"pt-BR","@id":"https:\/\/sudoesteacontece.com.br\/#\/schema\/logo\/image\/","url":"https:\/\/sudoesteacontece.com.br\/wp-content\/uploads\/2025\/12\/cropped-logo-2-180x180-1.png","contentUrl":"https:\/\/sudoesteacontece.com.br\/wp-content\/uploads\/2025\/12\/cropped-logo-2-180x180-1.png","width":180,"height":180,"caption":"Sudoesteacontece"},"image":{"@id":"https:\/\/sudoesteacontece.com.br\/#\/schema\/logo\/image\/"},"sameAs":["https:\/\/www.facebook.com\/sudoesteacontece\/?locale=pt_BR"]},{"@type":"Person","@id":"https:\/\/sudoesteacontece.com.br\/#\/schema\/person\/a4f22429c1d0923ef8f7d43343f8dc38","name":"Reda\u00e7\u00e3o","image":{"@type":"ImageObject","inLanguage":"pt-BR","@id":"https:\/\/sudoesteacontece.com.br\/#\/schema\/person\/image\/","url":"https:\/\/secure.gravatar.com\/avatar\/c3a5b3c93f268a709c25a2df414c629a96fb3b1b4bf97a94fb3f72e54ae76903?s=96&d=mm&r=g","contentUrl":"https:\/\/secure.gravatar.com\/avatar\/c3a5b3c93f268a709c25a2df414c629a96fb3b1b4bf97a94fb3f72e54ae76903?s=96&d=mm&r=g","caption":"Reda\u00e7\u00e3o"},"url":"https:\/\/sudoesteacontece.com.br\/?author=4"}]}},"_links":{"self":[{"href":"https:\/\/sudoesteacontece.com.br\/index.php?rest_route=\/wp\/v2\/posts\/3572","targetHints":{"allow":["GET"]}}],"collection":[{"href":"https:\/\/sudoesteacontece.com.br\/index.php?rest_route=\/wp\/v2\/posts"}],"about":[{"href":"https:\/\/sudoesteacontece.com.br\/index.php?rest_route=\/wp\/v2\/types\/post"}],"author":[{"embeddable":true,"href":"https:\/\/sudoesteacontece.com.br\/index.php?rest_route=\/wp\/v2\/users\/4"}],"replies":[{"embeddable":true,"href":"https:\/\/sudoesteacontece.com.br\/index.php?rest_route=%2Fwp%2Fv2%2Fcomments&post=3572"}],"version-history":[{"count":0,"href":"https:\/\/sudoesteacontece.com.br\/index.php?rest_route=\/wp\/v2\/posts\/3572\/revisions"}],"wp:featuredmedia":[{"embeddable":true,"href":"https:\/\/sudoesteacontece.com.br\/index.php?rest_route=\/wp\/v2\/media\/3573"}],"wp:attachment":[{"href":"https:\/\/sudoesteacontece.com.br\/index.php?rest_route=%2Fwp%2Fv2%2Fmedia&parent=3572"}],"wp:term":[{"taxonomy":"category","embeddable":true,"href":"https:\/\/sudoesteacontece.com.br\/index.php?rest_route=%2Fwp%2Fv2%2Fcategories&post=3572"},{"taxonomy":"post_tag","embeddable":true,"href":"https:\/\/sudoesteacontece.com.br\/index.php?rest_route=%2Fwp%2Fv2%2Ftags&post=3572"}],"curies":[{"name":"wp","href":"https:\/\/api.w.org\/{rel}","templated":true}]}}