{"id":3592,"date":"2025-12-07T09:25:20","date_gmt":"2025-12-07T12:25:20","guid":{"rendered":"https:\/\/sudoesteacontece.com.br\/?p=3592"},"modified":"2025-12-07T09:25:22","modified_gmt":"2025-12-07T12:25:22","slug":"morre-joao-torres-guardiao-da-memoria-conquistense-e-fundador-da-joao-pel-papelaria","status":"publish","type":"post","link":"https:\/\/sudoesteacontece.com.br\/?p=3592","title":{"rendered":"\u201cMorre Jo\u00e3o Torres, guardi\u00e3o da mem\u00f3ria conquistense e fundador da Jo\u00e3o Pel Papelaria\u201d"},"content":{"rendered":"<div class=\"wp-block-image\">\n<figure class=\"aligncenter size-full\"><img fetchpriority=\"high\" decoding=\"async\" width=\"900\" height=\"600\" src=\"http:\/\/sudoesteacontece.com.br\/wp-content\/uploads\/2025\/12\/Morre-Joao-Torres-guardiao-da-memoria-conquistense-e-fundador-da-Joao-Pel-Papelaria-sudoeste-acontece.jpg\" alt=\"\" class=\"wp-image-3609\" srcset=\"https:\/\/sudoesteacontece.com.br\/wp-content\/uploads\/2025\/12\/Morre-Joao-Torres-guardiao-da-memoria-conquistense-e-fundador-da-Joao-Pel-Papelaria-sudoeste-acontece.jpg 900w, https:\/\/sudoesteacontece.com.br\/wp-content\/uploads\/2025\/12\/Morre-Joao-Torres-guardiao-da-memoria-conquistense-e-fundador-da-Joao-Pel-Papelaria-sudoeste-acontece-300x200.jpg 300w, https:\/\/sudoesteacontece.com.br\/wp-content\/uploads\/2025\/12\/Morre-Joao-Torres-guardiao-da-memoria-conquistense-e-fundador-da-Joao-Pel-Papelaria-sudoeste-acontece-768x512.jpg 768w\" sizes=\"(max-width: 900px) 100vw, 900px\" \/><\/figure>\n<\/div>\n\n\n<p>Vit\u00f3ria da Conquista amanheceu de luto neste s\u00e1bado (6) ao perder um de seus maiores s\u00edmbolos culturais, hist\u00f3ricos e religiosos. Jo\u00e3o Torres, conhecido como Jo\u00e3o Usura, morreu aos 84 anos no Hospital das Cl\u00ednicas. Homenagens destacam o legado deixado por ele ao longo de d\u00e9cadas no com\u00e9rcio local. <\/p>\n\n\n\n<p>Fundador e presidente da Jo\u00e3o Pel Papelaria, Jo\u00e3o se tornou refer\u00eancia para quem buscava conhecimento sobre a hist\u00f3ria da Joia do Sert\u00e3o Baiano. Reconhecimento nacional tamb\u00e9m marcou sua trajet\u00f3ria. Programas da TV Sudoeste e da GloboNews exibiram sua peculiar cole\u00e7\u00e3o de santinhos de defuntos, mostrada diversas vezes no e considerada um acervo raro no pa\u00eds.<\/p>\n\n\n\n<p>Religiosidade guiou sua vida p\u00fablica e privada. Devoto fervoroso de Nossa Senhora das Vit\u00f3rias, Jo\u00e3o participava ativamente da vida comunit\u00e1ria e mantinha um carinho especial pela Alameda Lima Guerra, o tradicional Beco da Tesoura, onde fez muitos amigos.<\/p>\n\n\n\n<p>Fam\u00edlia confirma que ele parte deixando esposa, filhos, netos, bisnetos e uma rede de admiradores que cresce a cada gera\u00e7\u00e3o. Comunidade aguarda detalhes do funeral, que ser\u00e3o divulgados assim que definidos pelas cerim\u00f4nias f\u00fanebres.<\/p>\n","protected":false},"excerpt":{"rendered":"<p>Vit\u00f3ria da Conquista amanheceu de luto neste s\u00e1bado (6) ao perder um de seus maiores s\u00edmbolos culturais, hist\u00f3ricos e religiosos. Jo\u00e3o Torres, conhecido como Jo\u00e3o Usura, morreu aos 84 anos no Hospital das Cl\u00ednicas. Homenagens destacam o legado deixado por ele ao longo de d\u00e9cadas no com\u00e9rcio local. Fundador e presidente da Jo\u00e3o Pel Papelaria, Jo\u00e3o se tornou refer\u00eancia para quem buscava conhecimento sobre a hist\u00f3ria da Joia do Sert\u00e3o Baiano. Reconhecimento nacional tamb\u00e9m marcou sua trajet\u00f3ria. Programas da TV Sudoeste e da GloboNews exibiram sua peculiar cole\u00e7\u00e3o de santinhos de defuntos, mostrada diversas vezes no e considerada um acervo raro no pa\u00eds. Religiosidade guiou sua vida p\u00fablica e privada. Devoto fervoroso de Nossa Senhora das Vit\u00f3rias, Jo\u00e3o participava ativamente da vida comunit\u00e1ria e mantinha um carinho especial pela Alameda Lima Guerra, o tradicional Beco da Tesoura, onde fez muitos amigos. Fam\u00edlia confirma que ele parte deixando esposa, filhos, netos, bisnetos e uma rede de admiradores que cresce a cada gera\u00e7\u00e3o. Comunidade aguarda detalhes do funeral, que ser\u00e3o divulgados assim que definidos pelas cerim\u00f4nias f\u00fanebres.<\/p>\n","protected":false},"author":2,"featured_media":3609,"comment_status":"open","ping_status":"open","sticky":false,"template":"","format":"standard","meta":{"footnotes":""},"categories":[4],"tags":[],"class_list":["post-3592","post","type-post","status-publish","format-standard","has-post-thumbnail","hentry","category-cidades"],"yoast_head":"<!-- This site is optimized with the Yoast SEO plugin v26.5 - https:\/\/yoast.com\/wordpress\/plugins\/seo\/ -->\n<title>\u201cMorre Jo\u00e3o Torres, guardi\u00e3o da mem\u00f3ria conquistense e fundador da Jo\u00e3o Pel Papelaria\u201d - Sudoesteacontece<\/title>\n<meta name=\"robots\" content=\"index, follow, max-snippet:-1, max-image-preview:large, max-video-preview:-1\" \/>\n<link rel=\"canonical\" href=\"https:\/\/sudoesteacontece.com.br\/?p=3592\" \/>\n<meta property=\"og:locale\" content=\"pt_BR\" \/>\n<meta property=\"og:type\" content=\"article\" \/>\n<meta property=\"og:title\" content=\"\u201cMorre Jo\u00e3o Torres, guardi\u00e3o da mem\u00f3ria conquistense e fundador da Jo\u00e3o Pel Papelaria\u201d - Sudoesteacontece\" \/>\n<meta property=\"og:description\" content=\"Vit\u00f3ria da Conquista amanheceu de luto neste s\u00e1bado (6) ao perder um de seus maiores s\u00edmbolos culturais, hist\u00f3ricos e religiosos. Jo\u00e3o Torres, conhecido como Jo\u00e3o Usura, morreu aos 84 anos no Hospital das Cl\u00ednicas. Homenagens destacam o legado deixado por ele ao longo de d\u00e9cadas no com\u00e9rcio local. Fundador e presidente da Jo\u00e3o Pel Papelaria, Jo\u00e3o se tornou refer\u00eancia para quem buscava conhecimento sobre a hist\u00f3ria da Joia do Sert\u00e3o Baiano. Reconhecimento nacional tamb\u00e9m marcou sua trajet\u00f3ria. Programas da TV Sudoeste e da GloboNews exibiram sua peculiar cole\u00e7\u00e3o de santinhos de defuntos, mostrada diversas vezes no e considerada um acervo raro no pa\u00eds. Religiosidade guiou sua vida p\u00fablica e privada. Devoto fervoroso de Nossa Senhora das Vit\u00f3rias, Jo\u00e3o participava ativamente da vida comunit\u00e1ria e mantinha um carinho especial pela Alameda Lima Guerra, o tradicional Beco da Tesoura, onde fez muitos amigos. Fam\u00edlia confirma que ele parte deixando esposa, filhos, netos, bisnetos e uma rede de admiradores que cresce a cada gera\u00e7\u00e3o. Comunidade aguarda detalhes do funeral, que ser\u00e3o divulgados assim que definidos pelas cerim\u00f4nias f\u00fanebres.\" \/>\n<meta property=\"og:url\" content=\"https:\/\/sudoesteacontece.com.br\/?p=3592\" \/>\n<meta property=\"og:site_name\" content=\"Sudoesteacontece\" \/>\n<meta property=\"article:publisher\" content=\"https:\/\/www.facebook.com\/sudoesteacontece\/?locale=pt_BR\" \/>\n<meta property=\"article:published_time\" content=\"2025-12-07T12:25:20+00:00\" \/>\n<meta property=\"article:modified_time\" content=\"2025-12-07T12:25:22+00:00\" \/>\n<meta property=\"og:image\" content=\"https:\/\/sudoesteacontece.com.br\/wp-content\/uploads\/2025\/12\/Morre-Joao-Torres-guardiao-da-memoria-conquistense-e-fundador-da-Joao-Pel-Papelaria-sudoeste-acontece.jpg\" \/>\n\t<meta property=\"og:image:width\" content=\"900\" \/>\n\t<meta property=\"og:image:height\" content=\"600\" \/>\n\t<meta property=\"og:image:type\" content=\"image\/jpeg\" \/>\n<meta name=\"author\" content=\"Washington Tiago\" \/>\n<meta name=\"twitter:card\" content=\"summary_large_image\" \/>\n<meta name=\"twitter:label1\" content=\"Escrito por\" \/>\n\t<meta name=\"twitter:data1\" content=\"Washington Tiago\" \/>\n\t<meta name=\"twitter:label2\" content=\"Est. tempo de leitura\" \/>\n\t<meta name=\"twitter:data2\" content=\"1 minuto\" \/>\n<script type=\"application\/ld+json\" class=\"yoast-schema-graph\">{\"@context\":\"https:\/\/schema.org\",\"@graph\":[{\"@type\":\"Article\",\"@id\":\"https:\/\/sudoesteacontece.com.br\/?p=3592#article\",\"isPartOf\":{\"@id\":\"https:\/\/sudoesteacontece.com.br\/?p=3592\"},\"author\":{\"name\":\"Washington Tiago\",\"@id\":\"https:\/\/sudoesteacontece.com.br\/#\/schema\/person\/3cf2cf009926a9683ebc29d5379fa79c\"},\"headline\":\"\u201cMorre Jo\u00e3o Torres, guardi\u00e3o da mem\u00f3ria conquistense e fundador da Jo\u00e3o Pel Papelaria\u201d\",\"datePublished\":\"2025-12-07T12:25:20+00:00\",\"dateModified\":\"2025-12-07T12:25:22+00:00\",\"mainEntityOfPage\":{\"@id\":\"https:\/\/sudoesteacontece.com.br\/?p=3592\"},\"wordCount\":217,\"commentCount\":0,\"publisher\":{\"@id\":\"https:\/\/sudoesteacontece.com.br\/#organization\"},\"image\":{\"@id\":\"https:\/\/sudoesteacontece.com.br\/?p=3592#primaryimage\"},\"thumbnailUrl\":\"https:\/\/sudoesteacontece.com.br\/wp-content\/uploads\/2025\/12\/Morre-Joao-Torres-guardiao-da-memoria-conquistense-e-fundador-da-Joao-Pel-Papelaria-sudoeste-acontece.jpg\",\"articleSection\":[\"Cidades\"],\"inLanguage\":\"pt-BR\",\"potentialAction\":[{\"@type\":\"CommentAction\",\"name\":\"Comment\",\"target\":[\"https:\/\/sudoesteacontece.com.br\/?p=3592#respond\"]}]},{\"@type\":\"WebPage\",\"@id\":\"https:\/\/sudoesteacontece.com.br\/?p=3592\",\"url\":\"https:\/\/sudoesteacontece.com.br\/?p=3592\",\"name\":\"\u201cMorre Jo\u00e3o Torres, guardi\u00e3o da mem\u00f3ria conquistense e fundador da Jo\u00e3o Pel Papelaria\u201d - Sudoesteacontece\",\"isPartOf\":{\"@id\":\"https:\/\/sudoesteacontece.com.br\/#website\"},\"primaryImageOfPage\":{\"@id\":\"https:\/\/sudoesteacontece.com.br\/?p=3592#primaryimage\"},\"image\":{\"@id\":\"https:\/\/sudoesteacontece.com.br\/?p=3592#primaryimage\"},\"thumbnailUrl\":\"https:\/\/sudoesteacontece.com.br\/wp-content\/uploads\/2025\/12\/Morre-Joao-Torres-guardiao-da-memoria-conquistense-e-fundador-da-Joao-Pel-Papelaria-sudoeste-acontece.jpg\",\"datePublished\":\"2025-12-07T12:25:20+00:00\",\"dateModified\":\"2025-12-07T12:25:22+00:00\",\"breadcrumb\":{\"@id\":\"https:\/\/sudoesteacontece.com.br\/?p=3592#breadcrumb\"},\"inLanguage\":\"pt-BR\",\"potentialAction\":[{\"@type\":\"ReadAction\",\"target\":[\"https:\/\/sudoesteacontece.com.br\/?p=3592\"]}]},{\"@type\":\"ImageObject\",\"inLanguage\":\"pt-BR\",\"@id\":\"https:\/\/sudoesteacontece.com.br\/?p=3592#primaryimage\",\"url\":\"https:\/\/sudoesteacontece.com.br\/wp-content\/uploads\/2025\/12\/Morre-Joao-Torres-guardiao-da-memoria-conquistense-e-fundador-da-Joao-Pel-Papelaria-sudoeste-acontece.jpg\",\"contentUrl\":\"https:\/\/sudoesteacontece.com.br\/wp-content\/uploads\/2025\/12\/Morre-Joao-Torres-guardiao-da-memoria-conquistense-e-fundador-da-Joao-Pel-Papelaria-sudoeste-acontece.jpg\",\"width\":900,\"height\":600},{\"@type\":\"BreadcrumbList\",\"@id\":\"https:\/\/sudoesteacontece.com.br\/?p=3592#breadcrumb\",\"itemListElement\":[{\"@type\":\"ListItem\",\"position\":1,\"name\":\"In\u00edcio\",\"item\":\"https:\/\/sudoesteacontece.com.br\/\"},{\"@type\":\"ListItem\",\"position\":2,\"name\":\"\u201cMorre Jo\u00e3o Torres, guardi\u00e3o da mem\u00f3ria conquistense e fundador da Jo\u00e3o Pel Papelaria\u201d\"}]},{\"@type\":\"WebSite\",\"@id\":\"https:\/\/sudoesteacontece.com.br\/#website\",\"url\":\"https:\/\/sudoesteacontece.com.br\/\",\"name\":\"Sudoesteacontece\",\"description\":\"\",\"publisher\":{\"@id\":\"https:\/\/sudoesteacontece.com.br\/#organization\"},\"potentialAction\":[{\"@type\":\"SearchAction\",\"target\":{\"@type\":\"EntryPoint\",\"urlTemplate\":\"https:\/\/sudoesteacontece.com.br\/?s={search_term_string}\"},\"query-input\":{\"@type\":\"PropertyValueSpecification\",\"valueRequired\":true,\"valueName\":\"search_term_string\"}}],\"inLanguage\":\"pt-BR\"},{\"@type\":\"Organization\",\"@id\":\"https:\/\/sudoesteacontece.com.br\/#organization\",\"name\":\"Sudoesteacontece\",\"url\":\"https:\/\/sudoesteacontece.com.br\/\",\"logo\":{\"@type\":\"ImageObject\",\"inLanguage\":\"pt-BR\",\"@id\":\"https:\/\/sudoesteacontece.com.br\/#\/schema\/logo\/image\/\",\"url\":\"https:\/\/sudoesteacontece.com.br\/wp-content\/uploads\/2025\/12\/cropped-logo-2-180x180-1.png\",\"contentUrl\":\"https:\/\/sudoesteacontece.com.br\/wp-content\/uploads\/2025\/12\/cropped-logo-2-180x180-1.png\",\"width\":180,\"height\":180,\"caption\":\"Sudoesteacontece\"},\"image\":{\"@id\":\"https:\/\/sudoesteacontece.com.br\/#\/schema\/logo\/image\/\"},\"sameAs\":[\"https:\/\/www.facebook.com\/sudoesteacontece\/?locale=pt_BR\"]},{\"@type\":\"Person\",\"@id\":\"https:\/\/sudoesteacontece.com.br\/#\/schema\/person\/3cf2cf009926a9683ebc29d5379fa79c\",\"name\":\"Washington Tiago\",\"image\":{\"@type\":\"ImageObject\",\"inLanguage\":\"pt-BR\",\"@id\":\"https:\/\/sudoesteacontece.com.br\/#\/schema\/person\/image\/\",\"url\":\"https:\/\/secure.gravatar.com\/avatar\/33c43b8668157e040f9d1fe93c354bf087cbd8ba36270c1163198bd3ddcf2a56?s=96&d=mm&r=g\",\"contentUrl\":\"https:\/\/secure.gravatar.com\/avatar\/33c43b8668157e040f9d1fe93c354bf087cbd8ba36270c1163198bd3ddcf2a56?s=96&d=mm&r=g\",\"caption\":\"Washington Tiago\"},\"url\":\"https:\/\/sudoesteacontece.com.br\/?author=2\"}]}<\/script>\n<!-- \/ Yoast SEO plugin. -->","yoast_head_json":{"title":"\u201cMorre Jo\u00e3o Torres, guardi\u00e3o da mem\u00f3ria conquistense e fundador da Jo\u00e3o Pel Papelaria\u201d - Sudoesteacontece","robots":{"index":"index","follow":"follow","max-snippet":"max-snippet:-1","max-image-preview":"max-image-preview:large","max-video-preview":"max-video-preview:-1"},"canonical":"https:\/\/sudoesteacontece.com.br\/?p=3592","og_locale":"pt_BR","og_type":"article","og_title":"\u201cMorre Jo\u00e3o Torres, guardi\u00e3o da mem\u00f3ria conquistense e fundador da Jo\u00e3o Pel Papelaria\u201d - Sudoesteacontece","og_description":"Vit\u00f3ria da Conquista amanheceu de luto neste s\u00e1bado (6) ao perder um de seus maiores s\u00edmbolos culturais, hist\u00f3ricos e religiosos. Jo\u00e3o Torres, conhecido como Jo\u00e3o Usura, morreu aos 84 anos no Hospital das Cl\u00ednicas. Homenagens destacam o legado deixado por ele ao longo de d\u00e9cadas no com\u00e9rcio local. Fundador e presidente da Jo\u00e3o Pel Papelaria, Jo\u00e3o se tornou refer\u00eancia para quem buscava conhecimento sobre a hist\u00f3ria da Joia do Sert\u00e3o Baiano. Reconhecimento nacional tamb\u00e9m marcou sua trajet\u00f3ria. Programas da TV Sudoeste e da GloboNews exibiram sua peculiar cole\u00e7\u00e3o de santinhos de defuntos, mostrada diversas vezes no e considerada um acervo raro no pa\u00eds. Religiosidade guiou sua vida p\u00fablica e privada. Devoto fervoroso de Nossa Senhora das Vit\u00f3rias, Jo\u00e3o participava ativamente da vida comunit\u00e1ria e mantinha um carinho especial pela Alameda Lima Guerra, o tradicional Beco da Tesoura, onde fez muitos amigos. Fam\u00edlia confirma que ele parte deixando esposa, filhos, netos, bisnetos e uma rede de admiradores que cresce a cada gera\u00e7\u00e3o. Comunidade aguarda detalhes do funeral, que ser\u00e3o divulgados assim que definidos pelas cerim\u00f4nias f\u00fanebres.","og_url":"https:\/\/sudoesteacontece.com.br\/?p=3592","og_site_name":"Sudoesteacontece","article_publisher":"https:\/\/www.facebook.com\/sudoesteacontece\/?locale=pt_BR","article_published_time":"2025-12-07T12:25:20+00:00","article_modified_time":"2025-12-07T12:25:22+00:00","og_image":[{"width":900,"height":600,"url":"https:\/\/sudoesteacontece.com.br\/wp-content\/uploads\/2025\/12\/Morre-Joao-Torres-guardiao-da-memoria-conquistense-e-fundador-da-Joao-Pel-Papelaria-sudoeste-acontece.jpg","type":"image\/jpeg"}],"author":"Washington Tiago","twitter_card":"summary_large_image","twitter_misc":{"Escrito por":"Washington Tiago","Est. tempo de leitura":"1 minuto"},"schema":{"@context":"https:\/\/schema.org","@graph":[{"@type":"Article","@id":"https:\/\/sudoesteacontece.com.br\/?p=3592#article","isPartOf":{"@id":"https:\/\/sudoesteacontece.com.br\/?p=3592"},"author":{"name":"Washington Tiago","@id":"https:\/\/sudoesteacontece.com.br\/#\/schema\/person\/3cf2cf009926a9683ebc29d5379fa79c"},"headline":"\u201cMorre Jo\u00e3o Torres, guardi\u00e3o da mem\u00f3ria conquistense e fundador da Jo\u00e3o Pel Papelaria\u201d","datePublished":"2025-12-07T12:25:20+00:00","dateModified":"2025-12-07T12:25:22+00:00","mainEntityOfPage":{"@id":"https:\/\/sudoesteacontece.com.br\/?p=3592"},"wordCount":217,"commentCount":0,"publisher":{"@id":"https:\/\/sudoesteacontece.com.br\/#organization"},"image":{"@id":"https:\/\/sudoesteacontece.com.br\/?p=3592#primaryimage"},"thumbnailUrl":"https:\/\/sudoesteacontece.com.br\/wp-content\/uploads\/2025\/12\/Morre-Joao-Torres-guardiao-da-memoria-conquistense-e-fundador-da-Joao-Pel-Papelaria-sudoeste-acontece.jpg","articleSection":["Cidades"],"inLanguage":"pt-BR","potentialAction":[{"@type":"CommentAction","name":"Comment","target":["https:\/\/sudoesteacontece.com.br\/?p=3592#respond"]}]},{"@type":"WebPage","@id":"https:\/\/sudoesteacontece.com.br\/?p=3592","url":"https:\/\/sudoesteacontece.com.br\/?p=3592","name":"\u201cMorre Jo\u00e3o Torres, guardi\u00e3o da mem\u00f3ria conquistense e fundador da Jo\u00e3o Pel Papelaria\u201d - Sudoesteacontece","isPartOf":{"@id":"https:\/\/sudoesteacontece.com.br\/#website"},"primaryImageOfPage":{"@id":"https:\/\/sudoesteacontece.com.br\/?p=3592#primaryimage"},"image":{"@id":"https:\/\/sudoesteacontece.com.br\/?p=3592#primaryimage"},"thumbnailUrl":"https:\/\/sudoesteacontece.com.br\/wp-content\/uploads\/2025\/12\/Morre-Joao-Torres-guardiao-da-memoria-conquistense-e-fundador-da-Joao-Pel-Papelaria-sudoeste-acontece.jpg","datePublished":"2025-12-07T12:25:20+00:00","dateModified":"2025-12-07T12:25:22+00:00","breadcrumb":{"@id":"https:\/\/sudoesteacontece.com.br\/?p=3592#breadcrumb"},"inLanguage":"pt-BR","potentialAction":[{"@type":"ReadAction","target":["https:\/\/sudoesteacontece.com.br\/?p=3592"]}]},{"@type":"ImageObject","inLanguage":"pt-BR","@id":"https:\/\/sudoesteacontece.com.br\/?p=3592#primaryimage","url":"https:\/\/sudoesteacontece.com.br\/wp-content\/uploads\/2025\/12\/Morre-Joao-Torres-guardiao-da-memoria-conquistense-e-fundador-da-Joao-Pel-Papelaria-sudoeste-acontece.jpg","contentUrl":"https:\/\/sudoesteacontece.com.br\/wp-content\/uploads\/2025\/12\/Morre-Joao-Torres-guardiao-da-memoria-conquistense-e-fundador-da-Joao-Pel-Papelaria-sudoeste-acontece.jpg","width":900,"height":600},{"@type":"BreadcrumbList","@id":"https:\/\/sudoesteacontece.com.br\/?p=3592#breadcrumb","itemListElement":[{"@type":"ListItem","position":1,"name":"In\u00edcio","item":"https:\/\/sudoesteacontece.com.br\/"},{"@type":"ListItem","position":2,"name":"\u201cMorre Jo\u00e3o Torres, guardi\u00e3o da mem\u00f3ria conquistense e fundador da Jo\u00e3o Pel Papelaria\u201d"}]},{"@type":"WebSite","@id":"https:\/\/sudoesteacontece.com.br\/#website","url":"https:\/\/sudoesteacontece.com.br\/","name":"Sudoesteacontece","description":"","publisher":{"@id":"https:\/\/sudoesteacontece.com.br\/#organization"},"potentialAction":[{"@type":"SearchAction","target":{"@type":"EntryPoint","urlTemplate":"https:\/\/sudoesteacontece.com.br\/?s={search_term_string}"},"query-input":{"@type":"PropertyValueSpecification","valueRequired":true,"valueName":"search_term_string"}}],"inLanguage":"pt-BR"},{"@type":"Organization","@id":"https:\/\/sudoesteacontece.com.br\/#organization","name":"Sudoesteacontece","url":"https:\/\/sudoesteacontece.com.br\/","logo":{"@type":"ImageObject","inLanguage":"pt-BR","@id":"https:\/\/sudoesteacontece.com.br\/#\/schema\/logo\/image\/","url":"https:\/\/sudoesteacontece.com.br\/wp-content\/uploads\/2025\/12\/cropped-logo-2-180x180-1.png","contentUrl":"https:\/\/sudoesteacontece.com.br\/wp-content\/uploads\/2025\/12\/cropped-logo-2-180x180-1.png","width":180,"height":180,"caption":"Sudoesteacontece"},"image":{"@id":"https:\/\/sudoesteacontece.com.br\/#\/schema\/logo\/image\/"},"sameAs":["https:\/\/www.facebook.com\/sudoesteacontece\/?locale=pt_BR"]},{"@type":"Person","@id":"https:\/\/sudoesteacontece.com.br\/#\/schema\/person\/3cf2cf009926a9683ebc29d5379fa79c","name":"Washington Tiago","image":{"@type":"ImageObject","inLanguage":"pt-BR","@id":"https:\/\/sudoesteacontece.com.br\/#\/schema\/person\/image\/","url":"https:\/\/secure.gravatar.com\/avatar\/33c43b8668157e040f9d1fe93c354bf087cbd8ba36270c1163198bd3ddcf2a56?s=96&d=mm&r=g","contentUrl":"https:\/\/secure.gravatar.com\/avatar\/33c43b8668157e040f9d1fe93c354bf087cbd8ba36270c1163198bd3ddcf2a56?s=96&d=mm&r=g","caption":"Washington Tiago"},"url":"https:\/\/sudoesteacontece.com.br\/?author=2"}]}},"_links":{"self":[{"href":"https:\/\/sudoesteacontece.com.br\/index.php?rest_route=\/wp\/v2\/posts\/3592","targetHints":{"allow":["GET"]}}],"collection":[{"href":"https:\/\/sudoesteacontece.com.br\/index.php?rest_route=\/wp\/v2\/posts"}],"about":[{"href":"https:\/\/sudoesteacontece.com.br\/index.php?rest_route=\/wp\/v2\/types\/post"}],"author":[{"embeddable":true,"href":"https:\/\/sudoesteacontece.com.br\/index.php?rest_route=\/wp\/v2\/users\/2"}],"replies":[{"embeddable":true,"href":"https:\/\/sudoesteacontece.com.br\/index.php?rest_route=%2Fwp%2Fv2%2Fcomments&post=3592"}],"version-history":[{"count":0,"href":"https:\/\/sudoesteacontece.com.br\/index.php?rest_route=\/wp\/v2\/posts\/3592\/revisions"}],"wp:featuredmedia":[{"embeddable":true,"href":"https:\/\/sudoesteacontece.com.br\/index.php?rest_route=\/wp\/v2\/media\/3609"}],"wp:attachment":[{"href":"https:\/\/sudoesteacontece.com.br\/index.php?rest_route=%2Fwp%2Fv2%2Fmedia&parent=3592"}],"wp:term":[{"taxonomy":"category","embeddable":true,"href":"https:\/\/sudoesteacontece.com.br\/index.php?rest_route=%2Fwp%2Fv2%2Fcategories&post=3592"},{"taxonomy":"post_tag","embeddable":true,"href":"https:\/\/sudoesteacontece.com.br\/index.php?rest_route=%2Fwp%2Fv2%2Ftags&post=3592"}],"curies":[{"name":"wp","href":"https:\/\/api.w.org\/{rel}","templated":true}]}}