{"id":3628,"date":"2025-12-08T10:49:28","date_gmt":"2025-12-08T13:49:28","guid":{"rendered":"https:\/\/sudoesteacontece.com.br\/?p=3628"},"modified":"2025-12-08T10:49:29","modified_gmt":"2025-12-08T13:49:29","slug":"retorno-de-joao-vitor-acende-guerra-politica-em-riacho-de-santana","status":"publish","type":"post","link":"https:\/\/sudoesteacontece.com.br\/?p=3628","title":{"rendered":"Retorno de Jo\u00e3o Vitor acende guerra pol\u00edtica em Riacho de Santana"},"content":{"rendered":"<div class=\"wp-block-image\">\n<figure class=\"aligncenter size-full\"><img fetchpriority=\"high\" decoding=\"async\" width=\"900\" height=\"600\" src=\"http:\/\/sudoesteacontece.com.br\/wp-content\/uploads\/2025\/12\/Retorno-de-Joao-Vitor-acende-guerra-politica-em-Riacho-de-Santana-sudoeste-acontece.jpg\" alt=\"\" class=\"wp-image-3645\" srcset=\"https:\/\/sudoesteacontece.com.br\/wp-content\/uploads\/2025\/12\/Retorno-de-Joao-Vitor-acende-guerra-politica-em-Riacho-de-Santana-sudoeste-acontece.jpg 900w, https:\/\/sudoesteacontece.com.br\/wp-content\/uploads\/2025\/12\/Retorno-de-Joao-Vitor-acende-guerra-politica-em-Riacho-de-Santana-sudoeste-acontece-300x200.jpg 300w, https:\/\/sudoesteacontece.com.br\/wp-content\/uploads\/2025\/12\/Retorno-de-Joao-Vitor-acende-guerra-politica-em-Riacho-de-Santana-sudoeste-acontece-768x512.jpg 768w\" sizes=\"(max-width: 900px) 100vw, 900px\" \/><\/figure>\n<\/div>\n\n\n<p>A curta gest\u00e3o de Tito Eug\u00eanio (Podemos) deve terminar antes de completar 40 dias. O vice assumiu ap\u00f3s o afastamento de Jo\u00e3o Vitor Laranjeira (PSD) pelo STF na s\u00e9tima fase da opera\u00e7\u00e3o Overclean. Rupturas internas explodiram nos bastidores assim que Tito sentou na cadeira de prefeito. <\/p>\n\n\n\n<p>Mudan\u00e7as no primeiro escal\u00e3o irritaram a ala fiel a Jo\u00e3o Vitor, que viu nas trocas um movimento de for\u00e7a do vice. Sinais de retorno do prefeito afastado ganharam corpo nesta semana. A defesa obteve avan\u00e7o no STF, e a not\u00edcia percorreu gabinetes e corredores pol\u00edticos como p\u00f3lvora acesa.<\/p>\n\n\n\n<p>Aliados de Jo\u00e3o Vitor tratam a volta como quest\u00e3o de tempo. O tom nos bastidores \u00e9 de revanche. A ordem \u00e9 retomar cargos, desmontar altera\u00e7\u00f5es feitas por Tito e realinhar a m\u00e1quina municipal. Clima na prefeitura virou campo de batalha. Secret\u00e1rios e secret\u00e1rias relatam press\u00f5es, disputas por espa\u00e7os e uma transi\u00e7\u00e3o marcada por desconfian\u00e7a.<\/p>\n\n\n\n<p>Jo\u00e3o Vitor, eleito com margem recorde, n\u00e3o deve reencontrar um ambiente pacificado. O retorno promete confronto direto com parte da equipe que aderiu, ainda que discretamente, ao comando provis\u00f3rio do vice. <\/p>\n\n\n\n<p>Tito deve deixar o cargo sob fogo cruzado. Seu breve per\u00edodo no poder criou fissuras que seguir\u00e3o vivas mesmo ap\u00f3s a troca oficial no comando. Cen\u00e1rio aponta para uma semana decisiva, com rearranjo pol\u00edtico e nova rodada de embates internos. Riacho de Santana respira tens\u00e3o.<\/p>\n","protected":false},"excerpt":{"rendered":"<p>A curta gest\u00e3o de Tito Eug\u00eanio (Podemos) deve terminar antes de completar 40 dias. O vice assumiu ap\u00f3s o afastamento de Jo\u00e3o Vitor Laranjeira (PSD) pelo STF na s\u00e9tima fase da opera\u00e7\u00e3o Overclean. Rupturas internas explodiram nos bastidores assim que Tito sentou na cadeira de prefeito. Mudan\u00e7as no primeiro escal\u00e3o irritaram a ala fiel a Jo\u00e3o Vitor, que viu nas trocas um movimento de for\u00e7a do vice. Sinais de retorno do prefeito afastado ganharam corpo nesta semana. A defesa obteve avan\u00e7o no STF, e a not\u00edcia percorreu gabinetes e corredores pol\u00edticos como p\u00f3lvora acesa. Aliados de Jo\u00e3o Vitor tratam a volta como quest\u00e3o de tempo. O tom nos bastidores \u00e9 de revanche. A ordem \u00e9 retomar cargos, desmontar altera\u00e7\u00f5es feitas por Tito e realinhar a m\u00e1quina municipal. Clima na prefeitura virou campo de batalha. Secret\u00e1rios e secret\u00e1rias relatam press\u00f5es, disputas por espa\u00e7os e uma transi\u00e7\u00e3o marcada por desconfian\u00e7a. Jo\u00e3o Vitor, eleito com margem recorde, n\u00e3o deve reencontrar um ambiente pacificado. O retorno promete confronto direto com parte da equipe que aderiu, ainda que discretamente, ao comando provis\u00f3rio do vice. Tito deve deixar o cargo sob fogo cruzado. Seu breve per\u00edodo no poder criou fissuras que seguir\u00e3o vivas mesmo ap\u00f3s a troca oficial no comando. Cen\u00e1rio aponta para uma semana decisiva, com rearranjo pol\u00edtico e nova rodada de embates internos. Riacho de Santana respira tens\u00e3o.<\/p>\n","protected":false},"author":2,"featured_media":3645,"comment_status":"open","ping_status":"open","sticky":false,"template":"","format":"standard","meta":{"footnotes":""},"categories":[4,6,71],"tags":[],"class_list":["post-3628","post","type-post","status-publish","format-standard","has-post-thumbnail","hentry","category-cidades","category-politica","category-riacho-de-santana"],"yoast_head":"<!-- This site is optimized with the Yoast SEO plugin v26.5 - https:\/\/yoast.com\/wordpress\/plugins\/seo\/ -->\n<title>Retorno de Jo\u00e3o Vitor acende guerra pol\u00edtica em Riacho de Santana - Sudoesteacontece<\/title>\n<meta name=\"robots\" content=\"index, follow, max-snippet:-1, max-image-preview:large, max-video-preview:-1\" \/>\n<link rel=\"canonical\" href=\"https:\/\/sudoesteacontece.com.br\/?p=3628\" \/>\n<meta property=\"og:locale\" content=\"pt_BR\" \/>\n<meta property=\"og:type\" content=\"article\" \/>\n<meta property=\"og:title\" content=\"Retorno de Jo\u00e3o Vitor acende guerra pol\u00edtica em Riacho de Santana - Sudoesteacontece\" \/>\n<meta property=\"og:description\" content=\"A curta gest\u00e3o de Tito Eug\u00eanio (Podemos) deve terminar antes de completar 40 dias. O vice assumiu ap\u00f3s o afastamento de Jo\u00e3o Vitor Laranjeira (PSD) pelo STF na s\u00e9tima fase da opera\u00e7\u00e3o Overclean. Rupturas internas explodiram nos bastidores assim que Tito sentou na cadeira de prefeito. Mudan\u00e7as no primeiro escal\u00e3o irritaram a ala fiel a Jo\u00e3o Vitor, que viu nas trocas um movimento de for\u00e7a do vice. Sinais de retorno do prefeito afastado ganharam corpo nesta semana. A defesa obteve avan\u00e7o no STF, e a not\u00edcia percorreu gabinetes e corredores pol\u00edticos como p\u00f3lvora acesa. Aliados de Jo\u00e3o Vitor tratam a volta como quest\u00e3o de tempo. O tom nos bastidores \u00e9 de revanche. A ordem \u00e9 retomar cargos, desmontar altera\u00e7\u00f5es feitas por Tito e realinhar a m\u00e1quina municipal. Clima na prefeitura virou campo de batalha. Secret\u00e1rios e secret\u00e1rias relatam press\u00f5es, disputas por espa\u00e7os e uma transi\u00e7\u00e3o marcada por desconfian\u00e7a. Jo\u00e3o Vitor, eleito com margem recorde, n\u00e3o deve reencontrar um ambiente pacificado. O retorno promete confronto direto com parte da equipe que aderiu, ainda que discretamente, ao comando provis\u00f3rio do vice. Tito deve deixar o cargo sob fogo cruzado. Seu breve per\u00edodo no poder criou fissuras que seguir\u00e3o vivas mesmo ap\u00f3s a troca oficial no comando. Cen\u00e1rio aponta para uma semana decisiva, com rearranjo pol\u00edtico e nova rodada de embates internos. Riacho de Santana respira tens\u00e3o.\" \/>\n<meta property=\"og:url\" content=\"https:\/\/sudoesteacontece.com.br\/?p=3628\" \/>\n<meta property=\"og:site_name\" content=\"Sudoesteacontece\" \/>\n<meta property=\"article:publisher\" content=\"https:\/\/www.facebook.com\/sudoesteacontece\/?locale=pt_BR\" \/>\n<meta property=\"article:published_time\" content=\"2025-12-08T13:49:28+00:00\" \/>\n<meta property=\"article:modified_time\" content=\"2025-12-08T13:49:29+00:00\" \/>\n<meta property=\"og:image\" content=\"https:\/\/sudoesteacontece.com.br\/wp-content\/uploads\/2025\/12\/Retorno-de-Joao-Vitor-acende-guerra-politica-em-Riacho-de-Santana-sudoeste-acontece.jpg\" \/>\n\t<meta property=\"og:image:width\" content=\"900\" \/>\n\t<meta property=\"og:image:height\" content=\"600\" \/>\n\t<meta property=\"og:image:type\" content=\"image\/jpeg\" \/>\n<meta name=\"author\" content=\"Washington Tiago\" \/>\n<meta name=\"twitter:card\" content=\"summary_large_image\" \/>\n<meta name=\"twitter:label1\" content=\"Escrito por\" \/>\n\t<meta name=\"twitter:data1\" content=\"Washington Tiago\" \/>\n\t<meta name=\"twitter:label2\" content=\"Est. tempo de leitura\" \/>\n\t<meta name=\"twitter:data2\" content=\"1 minuto\" \/>\n<script type=\"application\/ld+json\" class=\"yoast-schema-graph\">{\"@context\":\"https:\/\/schema.org\",\"@graph\":[{\"@type\":\"Article\",\"@id\":\"https:\/\/sudoesteacontece.com.br\/?p=3628#article\",\"isPartOf\":{\"@id\":\"https:\/\/sudoesteacontece.com.br\/?p=3628\"},\"author\":{\"name\":\"Washington Tiago\",\"@id\":\"https:\/\/sudoesteacontece.com.br\/#\/schema\/person\/3cf2cf009926a9683ebc29d5379fa79c\"},\"headline\":\"Retorno de Jo\u00e3o Vitor acende guerra pol\u00edtica em Riacho de Santana\",\"datePublished\":\"2025-12-08T13:49:28+00:00\",\"dateModified\":\"2025-12-08T13:49:29+00:00\",\"mainEntityOfPage\":{\"@id\":\"https:\/\/sudoesteacontece.com.br\/?p=3628\"},\"wordCount\":267,\"commentCount\":0,\"publisher\":{\"@id\":\"https:\/\/sudoesteacontece.com.br\/#organization\"},\"image\":{\"@id\":\"https:\/\/sudoesteacontece.com.br\/?p=3628#primaryimage\"},\"thumbnailUrl\":\"https:\/\/sudoesteacontece.com.br\/wp-content\/uploads\/2025\/12\/Retorno-de-Joao-Vitor-acende-guerra-politica-em-Riacho-de-Santana-sudoeste-acontece.jpg\",\"articleSection\":[\"Cidades\",\"Pol\u00edtica\",\"Riacho de Santana\"],\"inLanguage\":\"pt-BR\",\"potentialAction\":[{\"@type\":\"CommentAction\",\"name\":\"Comment\",\"target\":[\"https:\/\/sudoesteacontece.com.br\/?p=3628#respond\"]}]},{\"@type\":\"WebPage\",\"@id\":\"https:\/\/sudoesteacontece.com.br\/?p=3628\",\"url\":\"https:\/\/sudoesteacontece.com.br\/?p=3628\",\"name\":\"Retorno de Jo\u00e3o Vitor acende guerra pol\u00edtica em Riacho de Santana - Sudoesteacontece\",\"isPartOf\":{\"@id\":\"https:\/\/sudoesteacontece.com.br\/#website\"},\"primaryImageOfPage\":{\"@id\":\"https:\/\/sudoesteacontece.com.br\/?p=3628#primaryimage\"},\"image\":{\"@id\":\"https:\/\/sudoesteacontece.com.br\/?p=3628#primaryimage\"},\"thumbnailUrl\":\"https:\/\/sudoesteacontece.com.br\/wp-content\/uploads\/2025\/12\/Retorno-de-Joao-Vitor-acende-guerra-politica-em-Riacho-de-Santana-sudoeste-acontece.jpg\",\"datePublished\":\"2025-12-08T13:49:28+00:00\",\"dateModified\":\"2025-12-08T13:49:29+00:00\",\"breadcrumb\":{\"@id\":\"https:\/\/sudoesteacontece.com.br\/?p=3628#breadcrumb\"},\"inLanguage\":\"pt-BR\",\"potentialAction\":[{\"@type\":\"ReadAction\",\"target\":[\"https:\/\/sudoesteacontece.com.br\/?p=3628\"]}]},{\"@type\":\"ImageObject\",\"inLanguage\":\"pt-BR\",\"@id\":\"https:\/\/sudoesteacontece.com.br\/?p=3628#primaryimage\",\"url\":\"https:\/\/sudoesteacontece.com.br\/wp-content\/uploads\/2025\/12\/Retorno-de-Joao-Vitor-acende-guerra-politica-em-Riacho-de-Santana-sudoeste-acontece.jpg\",\"contentUrl\":\"https:\/\/sudoesteacontece.com.br\/wp-content\/uploads\/2025\/12\/Retorno-de-Joao-Vitor-acende-guerra-politica-em-Riacho-de-Santana-sudoeste-acontece.jpg\",\"width\":900,\"height\":600},{\"@type\":\"BreadcrumbList\",\"@id\":\"https:\/\/sudoesteacontece.com.br\/?p=3628#breadcrumb\",\"itemListElement\":[{\"@type\":\"ListItem\",\"position\":1,\"name\":\"In\u00edcio\",\"item\":\"https:\/\/sudoesteacontece.com.br\/\"},{\"@type\":\"ListItem\",\"position\":2,\"name\":\"Retorno de Jo\u00e3o Vitor acende guerra pol\u00edtica em Riacho de Santana\"}]},{\"@type\":\"WebSite\",\"@id\":\"https:\/\/sudoesteacontece.com.br\/#website\",\"url\":\"https:\/\/sudoesteacontece.com.br\/\",\"name\":\"Sudoesteacontece\",\"description\":\"\",\"publisher\":{\"@id\":\"https:\/\/sudoesteacontece.com.br\/#organization\"},\"potentialAction\":[{\"@type\":\"SearchAction\",\"target\":{\"@type\":\"EntryPoint\",\"urlTemplate\":\"https:\/\/sudoesteacontece.com.br\/?s={search_term_string}\"},\"query-input\":{\"@type\":\"PropertyValueSpecification\",\"valueRequired\":true,\"valueName\":\"search_term_string\"}}],\"inLanguage\":\"pt-BR\"},{\"@type\":\"Organization\",\"@id\":\"https:\/\/sudoesteacontece.com.br\/#organization\",\"name\":\"Sudoesteacontece\",\"url\":\"https:\/\/sudoesteacontece.com.br\/\",\"logo\":{\"@type\":\"ImageObject\",\"inLanguage\":\"pt-BR\",\"@id\":\"https:\/\/sudoesteacontece.com.br\/#\/schema\/logo\/image\/\",\"url\":\"https:\/\/sudoesteacontece.com.br\/wp-content\/uploads\/2025\/12\/cropped-logo-2-180x180-1.png\",\"contentUrl\":\"https:\/\/sudoesteacontece.com.br\/wp-content\/uploads\/2025\/12\/cropped-logo-2-180x180-1.png\",\"width\":180,\"height\":180,\"caption\":\"Sudoesteacontece\"},\"image\":{\"@id\":\"https:\/\/sudoesteacontece.com.br\/#\/schema\/logo\/image\/\"},\"sameAs\":[\"https:\/\/www.facebook.com\/sudoesteacontece\/?locale=pt_BR\"]},{\"@type\":\"Person\",\"@id\":\"https:\/\/sudoesteacontece.com.br\/#\/schema\/person\/3cf2cf009926a9683ebc29d5379fa79c\",\"name\":\"Washington Tiago\",\"image\":{\"@type\":\"ImageObject\",\"inLanguage\":\"pt-BR\",\"@id\":\"https:\/\/sudoesteacontece.com.br\/#\/schema\/person\/image\/\",\"url\":\"https:\/\/secure.gravatar.com\/avatar\/33c43b8668157e040f9d1fe93c354bf087cbd8ba36270c1163198bd3ddcf2a56?s=96&d=mm&r=g\",\"contentUrl\":\"https:\/\/secure.gravatar.com\/avatar\/33c43b8668157e040f9d1fe93c354bf087cbd8ba36270c1163198bd3ddcf2a56?s=96&d=mm&r=g\",\"caption\":\"Washington Tiago\"},\"url\":\"https:\/\/sudoesteacontece.com.br\/?author=2\"}]}<\/script>\n<!-- \/ Yoast SEO plugin. -->","yoast_head_json":{"title":"Retorno de Jo\u00e3o Vitor acende guerra pol\u00edtica em Riacho de Santana - Sudoesteacontece","robots":{"index":"index","follow":"follow","max-snippet":"max-snippet:-1","max-image-preview":"max-image-preview:large","max-video-preview":"max-video-preview:-1"},"canonical":"https:\/\/sudoesteacontece.com.br\/?p=3628","og_locale":"pt_BR","og_type":"article","og_title":"Retorno de Jo\u00e3o Vitor acende guerra pol\u00edtica em Riacho de Santana - Sudoesteacontece","og_description":"A curta gest\u00e3o de Tito Eug\u00eanio (Podemos) deve terminar antes de completar 40 dias. O vice assumiu ap\u00f3s o afastamento de Jo\u00e3o Vitor Laranjeira (PSD) pelo STF na s\u00e9tima fase da opera\u00e7\u00e3o Overclean. Rupturas internas explodiram nos bastidores assim que Tito sentou na cadeira de prefeito. Mudan\u00e7as no primeiro escal\u00e3o irritaram a ala fiel a Jo\u00e3o Vitor, que viu nas trocas um movimento de for\u00e7a do vice. Sinais de retorno do prefeito afastado ganharam corpo nesta semana. A defesa obteve avan\u00e7o no STF, e a not\u00edcia percorreu gabinetes e corredores pol\u00edticos como p\u00f3lvora acesa. Aliados de Jo\u00e3o Vitor tratam a volta como quest\u00e3o de tempo. O tom nos bastidores \u00e9 de revanche. A ordem \u00e9 retomar cargos, desmontar altera\u00e7\u00f5es feitas por Tito e realinhar a m\u00e1quina municipal. Clima na prefeitura virou campo de batalha. Secret\u00e1rios e secret\u00e1rias relatam press\u00f5es, disputas por espa\u00e7os e uma transi\u00e7\u00e3o marcada por desconfian\u00e7a. Jo\u00e3o Vitor, eleito com margem recorde, n\u00e3o deve reencontrar um ambiente pacificado. O retorno promete confronto direto com parte da equipe que aderiu, ainda que discretamente, ao comando provis\u00f3rio do vice. Tito deve deixar o cargo sob fogo cruzado. Seu breve per\u00edodo no poder criou fissuras que seguir\u00e3o vivas mesmo ap\u00f3s a troca oficial no comando. Cen\u00e1rio aponta para uma semana decisiva, com rearranjo pol\u00edtico e nova rodada de embates internos. Riacho de Santana respira tens\u00e3o.","og_url":"https:\/\/sudoesteacontece.com.br\/?p=3628","og_site_name":"Sudoesteacontece","article_publisher":"https:\/\/www.facebook.com\/sudoesteacontece\/?locale=pt_BR","article_published_time":"2025-12-08T13:49:28+00:00","article_modified_time":"2025-12-08T13:49:29+00:00","og_image":[{"width":900,"height":600,"url":"https:\/\/sudoesteacontece.com.br\/wp-content\/uploads\/2025\/12\/Retorno-de-Joao-Vitor-acende-guerra-politica-em-Riacho-de-Santana-sudoeste-acontece.jpg","type":"image\/jpeg"}],"author":"Washington Tiago","twitter_card":"summary_large_image","twitter_misc":{"Escrito por":"Washington Tiago","Est. tempo de leitura":"1 minuto"},"schema":{"@context":"https:\/\/schema.org","@graph":[{"@type":"Article","@id":"https:\/\/sudoesteacontece.com.br\/?p=3628#article","isPartOf":{"@id":"https:\/\/sudoesteacontece.com.br\/?p=3628"},"author":{"name":"Washington Tiago","@id":"https:\/\/sudoesteacontece.com.br\/#\/schema\/person\/3cf2cf009926a9683ebc29d5379fa79c"},"headline":"Retorno de Jo\u00e3o Vitor acende guerra pol\u00edtica em Riacho de Santana","datePublished":"2025-12-08T13:49:28+00:00","dateModified":"2025-12-08T13:49:29+00:00","mainEntityOfPage":{"@id":"https:\/\/sudoesteacontece.com.br\/?p=3628"},"wordCount":267,"commentCount":0,"publisher":{"@id":"https:\/\/sudoesteacontece.com.br\/#organization"},"image":{"@id":"https:\/\/sudoesteacontece.com.br\/?p=3628#primaryimage"},"thumbnailUrl":"https:\/\/sudoesteacontece.com.br\/wp-content\/uploads\/2025\/12\/Retorno-de-Joao-Vitor-acende-guerra-politica-em-Riacho-de-Santana-sudoeste-acontece.jpg","articleSection":["Cidades","Pol\u00edtica","Riacho de Santana"],"inLanguage":"pt-BR","potentialAction":[{"@type":"CommentAction","name":"Comment","target":["https:\/\/sudoesteacontece.com.br\/?p=3628#respond"]}]},{"@type":"WebPage","@id":"https:\/\/sudoesteacontece.com.br\/?p=3628","url":"https:\/\/sudoesteacontece.com.br\/?p=3628","name":"Retorno de Jo\u00e3o Vitor acende guerra pol\u00edtica em Riacho de Santana - Sudoesteacontece","isPartOf":{"@id":"https:\/\/sudoesteacontece.com.br\/#website"},"primaryImageOfPage":{"@id":"https:\/\/sudoesteacontece.com.br\/?p=3628#primaryimage"},"image":{"@id":"https:\/\/sudoesteacontece.com.br\/?p=3628#primaryimage"},"thumbnailUrl":"https:\/\/sudoesteacontece.com.br\/wp-content\/uploads\/2025\/12\/Retorno-de-Joao-Vitor-acende-guerra-politica-em-Riacho-de-Santana-sudoeste-acontece.jpg","datePublished":"2025-12-08T13:49:28+00:00","dateModified":"2025-12-08T13:49:29+00:00","breadcrumb":{"@id":"https:\/\/sudoesteacontece.com.br\/?p=3628#breadcrumb"},"inLanguage":"pt-BR","potentialAction":[{"@type":"ReadAction","target":["https:\/\/sudoesteacontece.com.br\/?p=3628"]}]},{"@type":"ImageObject","inLanguage":"pt-BR","@id":"https:\/\/sudoesteacontece.com.br\/?p=3628#primaryimage","url":"https:\/\/sudoesteacontece.com.br\/wp-content\/uploads\/2025\/12\/Retorno-de-Joao-Vitor-acende-guerra-politica-em-Riacho-de-Santana-sudoeste-acontece.jpg","contentUrl":"https:\/\/sudoesteacontece.com.br\/wp-content\/uploads\/2025\/12\/Retorno-de-Joao-Vitor-acende-guerra-politica-em-Riacho-de-Santana-sudoeste-acontece.jpg","width":900,"height":600},{"@type":"BreadcrumbList","@id":"https:\/\/sudoesteacontece.com.br\/?p=3628#breadcrumb","itemListElement":[{"@type":"ListItem","position":1,"name":"In\u00edcio","item":"https:\/\/sudoesteacontece.com.br\/"},{"@type":"ListItem","position":2,"name":"Retorno de Jo\u00e3o Vitor acende guerra pol\u00edtica em Riacho de Santana"}]},{"@type":"WebSite","@id":"https:\/\/sudoesteacontece.com.br\/#website","url":"https:\/\/sudoesteacontece.com.br\/","name":"Sudoesteacontece","description":"","publisher":{"@id":"https:\/\/sudoesteacontece.com.br\/#organization"},"potentialAction":[{"@type":"SearchAction","target":{"@type":"EntryPoint","urlTemplate":"https:\/\/sudoesteacontece.com.br\/?s={search_term_string}"},"query-input":{"@type":"PropertyValueSpecification","valueRequired":true,"valueName":"search_term_string"}}],"inLanguage":"pt-BR"},{"@type":"Organization","@id":"https:\/\/sudoesteacontece.com.br\/#organization","name":"Sudoesteacontece","url":"https:\/\/sudoesteacontece.com.br\/","logo":{"@type":"ImageObject","inLanguage":"pt-BR","@id":"https:\/\/sudoesteacontece.com.br\/#\/schema\/logo\/image\/","url":"https:\/\/sudoesteacontece.com.br\/wp-content\/uploads\/2025\/12\/cropped-logo-2-180x180-1.png","contentUrl":"https:\/\/sudoesteacontece.com.br\/wp-content\/uploads\/2025\/12\/cropped-logo-2-180x180-1.png","width":180,"height":180,"caption":"Sudoesteacontece"},"image":{"@id":"https:\/\/sudoesteacontece.com.br\/#\/schema\/logo\/image\/"},"sameAs":["https:\/\/www.facebook.com\/sudoesteacontece\/?locale=pt_BR"]},{"@type":"Person","@id":"https:\/\/sudoesteacontece.com.br\/#\/schema\/person\/3cf2cf009926a9683ebc29d5379fa79c","name":"Washington Tiago","image":{"@type":"ImageObject","inLanguage":"pt-BR","@id":"https:\/\/sudoesteacontece.com.br\/#\/schema\/person\/image\/","url":"https:\/\/secure.gravatar.com\/avatar\/33c43b8668157e040f9d1fe93c354bf087cbd8ba36270c1163198bd3ddcf2a56?s=96&d=mm&r=g","contentUrl":"https:\/\/secure.gravatar.com\/avatar\/33c43b8668157e040f9d1fe93c354bf087cbd8ba36270c1163198bd3ddcf2a56?s=96&d=mm&r=g","caption":"Washington Tiago"},"url":"https:\/\/sudoesteacontece.com.br\/?author=2"}]}},"_links":{"self":[{"href":"https:\/\/sudoesteacontece.com.br\/index.php?rest_route=\/wp\/v2\/posts\/3628","targetHints":{"allow":["GET"]}}],"collection":[{"href":"https:\/\/sudoesteacontece.com.br\/index.php?rest_route=\/wp\/v2\/posts"}],"about":[{"href":"https:\/\/sudoesteacontece.com.br\/index.php?rest_route=\/wp\/v2\/types\/post"}],"author":[{"embeddable":true,"href":"https:\/\/sudoesteacontece.com.br\/index.php?rest_route=\/wp\/v2\/users\/2"}],"replies":[{"embeddable":true,"href":"https:\/\/sudoesteacontece.com.br\/index.php?rest_route=%2Fwp%2Fv2%2Fcomments&post=3628"}],"version-history":[{"count":0,"href":"https:\/\/sudoesteacontece.com.br\/index.php?rest_route=\/wp\/v2\/posts\/3628\/revisions"}],"wp:featuredmedia":[{"embeddable":true,"href":"https:\/\/sudoesteacontece.com.br\/index.php?rest_route=\/wp\/v2\/media\/3645"}],"wp:attachment":[{"href":"https:\/\/sudoesteacontece.com.br\/index.php?rest_route=%2Fwp%2Fv2%2Fmedia&parent=3628"}],"wp:term":[{"taxonomy":"category","embeddable":true,"href":"https:\/\/sudoesteacontece.com.br\/index.php?rest_route=%2Fwp%2Fv2%2Fcategories&post=3628"},{"taxonomy":"post_tag","embeddable":true,"href":"https:\/\/sudoesteacontece.com.br\/index.php?rest_route=%2Fwp%2Fv2%2Ftags&post=3628"}],"curies":[{"name":"wp","href":"https:\/\/api.w.org\/{rel}","templated":true}]}}