{"id":3720,"date":"2025-12-09T10:13:56","date_gmt":"2025-12-09T13:13:56","guid":{"rendered":"https:\/\/sudoesteacontece.com.br\/?p=3720"},"modified":"2025-12-09T10:13:57","modified_gmt":"2025-12-09T13:13:57","slug":"pm-intensifica-combate-ao-grau-em-brumado-e-alerta-para-riscos-a-populacao","status":"publish","type":"post","link":"https:\/\/sudoesteacontece.com.br\/?p=3720","title":{"rendered":"PM intensifica combate ao \u201cGrau\u201d em Brumado e alerta para riscos \u00e0 popula\u00e7\u00e3o"},"content":{"rendered":"<div class=\"wp-block-image\">\n<figure class=\"aligncenter size-full\"><img fetchpriority=\"high\" decoding=\"async\" width=\"900\" height=\"600\" src=\"http:\/\/sudoesteacontece.com.br\/wp-content\/uploads\/2025\/12\/PM-intensifica-combate-ao-Grau-em-Brumado-e-alerta-para-riscos-a-populacao-sudoeste-acontece.jpg\" alt=\"\" class=\"wp-image-3746\" srcset=\"https:\/\/sudoesteacontece.com.br\/wp-content\/uploads\/2025\/12\/PM-intensifica-combate-ao-Grau-em-Brumado-e-alerta-para-riscos-a-populacao-sudoeste-acontece.jpg 900w, https:\/\/sudoesteacontece.com.br\/wp-content\/uploads\/2025\/12\/PM-intensifica-combate-ao-Grau-em-Brumado-e-alerta-para-riscos-a-populacao-sudoeste-acontece-300x200.jpg 300w, https:\/\/sudoesteacontece.com.br\/wp-content\/uploads\/2025\/12\/PM-intensifica-combate-ao-Grau-em-Brumado-e-alerta-para-riscos-a-populacao-sudoeste-acontece-768x512.jpg 768w\" sizes=\"(max-width: 900px) 100vw, 900px\" \/><\/figure>\n<\/div>\n\n\n<p>Brumado vive opera\u00e7\u00e3o intensa do 24\u00ba Batalh\u00e3o de Pol\u00edcia Militar para coibir a pr\u00e1tica do \u201cGrau\u201d, manobras perigosas em motos que colocam a comunidade em risco. Comandante Jocev\u00e3 Oliveira destacou que a atividade j\u00e1 causou mortes em outros locais. Ele alerta que o \u201cGrau\u201d \u00e9 um transtorno e amea\u00e7a direta \u00e0 seguran\u00e7a de moradores e pedestres.<\/p>\n\n\n\n<p>Fiscaliza\u00e7\u00e3o identificou que muitos praticantes circulam sem CNH e utilizam motos inadequadas ou com licenciamento atrasado. Oliveira refor\u00e7ou que a PM n\u00e3o pode permitir infra\u00e7\u00f5es graves de tr\u00e2nsito. Enquanto n\u00e3o houver regulamenta\u00e7\u00e3o ou locais apropriados para a pr\u00e1tica, a Pol\u00edcia Militar seguir\u00e1 reprimindo a atividade. \u201cPrecisamos proteger a popula\u00e7\u00e3o. A fiscaliza\u00e7\u00e3o continuar\u00e1 intensa\u201d, afirmou o comandante.<\/p>\n\n\n\n<p>Governador Jer\u00f4nimo Rodrigues sugeriu que o \u201cGrau\u201d seja reconhecido como modalidade esportiva, com locais seguros e normas de seguran\u00e7a. Oliveira concorda e refor\u00e7a a import\u00e2ncia da regulamenta\u00e7\u00e3o.<\/p>\n","protected":false},"excerpt":{"rendered":"<p>Brumado vive opera\u00e7\u00e3o intensa do 24\u00ba Batalh\u00e3o de Pol\u00edcia Militar para coibir a pr\u00e1tica do \u201cGrau\u201d, manobras perigosas em motos que colocam a comunidade em risco. Comandante Jocev\u00e3 Oliveira destacou que a atividade j\u00e1 causou mortes em outros locais. Ele alerta que o \u201cGrau\u201d \u00e9 um transtorno e amea\u00e7a direta \u00e0 seguran\u00e7a de moradores e pedestres. Fiscaliza\u00e7\u00e3o identificou que muitos praticantes circulam sem CNH e utilizam motos inadequadas ou com licenciamento atrasado. Oliveira refor\u00e7ou que a PM n\u00e3o pode permitir infra\u00e7\u00f5es graves de tr\u00e2nsito. Enquanto n\u00e3o houver regulamenta\u00e7\u00e3o ou locais apropriados para a pr\u00e1tica, a Pol\u00edcia Militar seguir\u00e1 reprimindo a atividade. \u201cPrecisamos proteger a popula\u00e7\u00e3o. A fiscaliza\u00e7\u00e3o continuar\u00e1 intensa\u201d, afirmou o comandante. Governador Jer\u00f4nimo Rodrigues sugeriu que o \u201cGrau\u201d seja reconhecido como modalidade esportiva, com locais seguros e normas de seguran\u00e7a. Oliveira concorda e refor\u00e7a a import\u00e2ncia da regulamenta\u00e7\u00e3o.<\/p>\n","protected":false},"author":2,"featured_media":3746,"comment_status":"open","ping_status":"open","sticky":false,"template":"","format":"standard","meta":{"footnotes":""},"categories":[10,4,3],"tags":[],"class_list":["post-3720","post","type-post","status-publish","format-standard","has-post-thumbnail","hentry","category-brumado","category-cidades","category-policia"],"yoast_head":"<!-- This site is optimized with the Yoast SEO plugin v26.5 - https:\/\/yoast.com\/wordpress\/plugins\/seo\/ -->\n<title>PM intensifica combate ao \u201cGrau\u201d em Brumado e alerta para riscos \u00e0 popula\u00e7\u00e3o - Sudoesteacontece<\/title>\n<meta name=\"robots\" content=\"index, follow, max-snippet:-1, max-image-preview:large, max-video-preview:-1\" \/>\n<link rel=\"canonical\" href=\"https:\/\/sudoesteacontece.com.br\/?p=3720\" \/>\n<meta property=\"og:locale\" content=\"pt_BR\" \/>\n<meta property=\"og:type\" content=\"article\" \/>\n<meta property=\"og:title\" content=\"PM intensifica combate ao \u201cGrau\u201d em Brumado e alerta para riscos \u00e0 popula\u00e7\u00e3o - Sudoesteacontece\" \/>\n<meta property=\"og:description\" content=\"Brumado vive opera\u00e7\u00e3o intensa do 24\u00ba Batalh\u00e3o de Pol\u00edcia Militar para coibir a pr\u00e1tica do \u201cGrau\u201d, manobras perigosas em motos que colocam a comunidade em risco. Comandante Jocev\u00e3 Oliveira destacou que a atividade j\u00e1 causou mortes em outros locais. Ele alerta que o \u201cGrau\u201d \u00e9 um transtorno e amea\u00e7a direta \u00e0 seguran\u00e7a de moradores e pedestres. Fiscaliza\u00e7\u00e3o identificou que muitos praticantes circulam sem CNH e utilizam motos inadequadas ou com licenciamento atrasado. Oliveira refor\u00e7ou que a PM n\u00e3o pode permitir infra\u00e7\u00f5es graves de tr\u00e2nsito. Enquanto n\u00e3o houver regulamenta\u00e7\u00e3o ou locais apropriados para a pr\u00e1tica, a Pol\u00edcia Militar seguir\u00e1 reprimindo a atividade. \u201cPrecisamos proteger a popula\u00e7\u00e3o. A fiscaliza\u00e7\u00e3o continuar\u00e1 intensa\u201d, afirmou o comandante. Governador Jer\u00f4nimo Rodrigues sugeriu que o \u201cGrau\u201d seja reconhecido como modalidade esportiva, com locais seguros e normas de seguran\u00e7a. Oliveira concorda e refor\u00e7a a import\u00e2ncia da regulamenta\u00e7\u00e3o.\" \/>\n<meta property=\"og:url\" content=\"https:\/\/sudoesteacontece.com.br\/?p=3720\" \/>\n<meta property=\"og:site_name\" content=\"Sudoesteacontece\" \/>\n<meta property=\"article:publisher\" content=\"https:\/\/www.facebook.com\/sudoesteacontece\/?locale=pt_BR\" \/>\n<meta property=\"article:published_time\" content=\"2025-12-09T13:13:56+00:00\" \/>\n<meta property=\"article:modified_time\" content=\"2025-12-09T13:13:57+00:00\" \/>\n<meta property=\"og:image\" content=\"https:\/\/sudoesteacontece.com.br\/wp-content\/uploads\/2025\/12\/PM-intensifica-combate-ao-Grau-em-Brumado-e-alerta-para-riscos-a-populacao-sudoeste-acontece.jpg\" \/>\n\t<meta property=\"og:image:width\" content=\"900\" \/>\n\t<meta property=\"og:image:height\" content=\"600\" \/>\n\t<meta property=\"og:image:type\" content=\"image\/jpeg\" \/>\n<meta name=\"author\" content=\"Washington Tiago\" \/>\n<meta name=\"twitter:card\" content=\"summary_large_image\" \/>\n<meta name=\"twitter:label1\" content=\"Escrito por\" \/>\n\t<meta name=\"twitter:data1\" content=\"Washington Tiago\" \/>\n\t<meta name=\"twitter:label2\" content=\"Est. tempo de leitura\" \/>\n\t<meta name=\"twitter:data2\" content=\"1 minuto\" \/>\n<script type=\"application\/ld+json\" class=\"yoast-schema-graph\">{\"@context\":\"https:\/\/schema.org\",\"@graph\":[{\"@type\":\"Article\",\"@id\":\"https:\/\/sudoesteacontece.com.br\/?p=3720#article\",\"isPartOf\":{\"@id\":\"https:\/\/sudoesteacontece.com.br\/?p=3720\"},\"author\":{\"name\":\"Washington Tiago\",\"@id\":\"https:\/\/sudoesteacontece.com.br\/#\/schema\/person\/3cf2cf009926a9683ebc29d5379fa79c\"},\"headline\":\"PM intensifica combate ao \u201cGrau\u201d em Brumado e alerta para riscos \u00e0 popula\u00e7\u00e3o\",\"datePublished\":\"2025-12-09T13:13:56+00:00\",\"dateModified\":\"2025-12-09T13:13:57+00:00\",\"mainEntityOfPage\":{\"@id\":\"https:\/\/sudoesteacontece.com.br\/?p=3720\"},\"wordCount\":171,\"commentCount\":0,\"publisher\":{\"@id\":\"https:\/\/sudoesteacontece.com.br\/#organization\"},\"image\":{\"@id\":\"https:\/\/sudoesteacontece.com.br\/?p=3720#primaryimage\"},\"thumbnailUrl\":\"https:\/\/sudoesteacontece.com.br\/wp-content\/uploads\/2025\/12\/PM-intensifica-combate-ao-Grau-em-Brumado-e-alerta-para-riscos-a-populacao-sudoeste-acontece.jpg\",\"articleSection\":[\"Brumado\",\"Cidades\",\"Pol\u00edcia\"],\"inLanguage\":\"pt-BR\",\"potentialAction\":[{\"@type\":\"CommentAction\",\"name\":\"Comment\",\"target\":[\"https:\/\/sudoesteacontece.com.br\/?p=3720#respond\"]}]},{\"@type\":\"WebPage\",\"@id\":\"https:\/\/sudoesteacontece.com.br\/?p=3720\",\"url\":\"https:\/\/sudoesteacontece.com.br\/?p=3720\",\"name\":\"PM intensifica combate ao \u201cGrau\u201d em Brumado e alerta para riscos \u00e0 popula\u00e7\u00e3o - Sudoesteacontece\",\"isPartOf\":{\"@id\":\"https:\/\/sudoesteacontece.com.br\/#website\"},\"primaryImageOfPage\":{\"@id\":\"https:\/\/sudoesteacontece.com.br\/?p=3720#primaryimage\"},\"image\":{\"@id\":\"https:\/\/sudoesteacontece.com.br\/?p=3720#primaryimage\"},\"thumbnailUrl\":\"https:\/\/sudoesteacontece.com.br\/wp-content\/uploads\/2025\/12\/PM-intensifica-combate-ao-Grau-em-Brumado-e-alerta-para-riscos-a-populacao-sudoeste-acontece.jpg\",\"datePublished\":\"2025-12-09T13:13:56+00:00\",\"dateModified\":\"2025-12-09T13:13:57+00:00\",\"breadcrumb\":{\"@id\":\"https:\/\/sudoesteacontece.com.br\/?p=3720#breadcrumb\"},\"inLanguage\":\"pt-BR\",\"potentialAction\":[{\"@type\":\"ReadAction\",\"target\":[\"https:\/\/sudoesteacontece.com.br\/?p=3720\"]}]},{\"@type\":\"ImageObject\",\"inLanguage\":\"pt-BR\",\"@id\":\"https:\/\/sudoesteacontece.com.br\/?p=3720#primaryimage\",\"url\":\"https:\/\/sudoesteacontece.com.br\/wp-content\/uploads\/2025\/12\/PM-intensifica-combate-ao-Grau-em-Brumado-e-alerta-para-riscos-a-populacao-sudoeste-acontece.jpg\",\"contentUrl\":\"https:\/\/sudoesteacontece.com.br\/wp-content\/uploads\/2025\/12\/PM-intensifica-combate-ao-Grau-em-Brumado-e-alerta-para-riscos-a-populacao-sudoeste-acontece.jpg\",\"width\":900,\"height\":600},{\"@type\":\"BreadcrumbList\",\"@id\":\"https:\/\/sudoesteacontece.com.br\/?p=3720#breadcrumb\",\"itemListElement\":[{\"@type\":\"ListItem\",\"position\":1,\"name\":\"In\u00edcio\",\"item\":\"https:\/\/sudoesteacontece.com.br\/\"},{\"@type\":\"ListItem\",\"position\":2,\"name\":\"PM intensifica combate ao \u201cGrau\u201d em Brumado e alerta para riscos \u00e0 popula\u00e7\u00e3o\"}]},{\"@type\":\"WebSite\",\"@id\":\"https:\/\/sudoesteacontece.com.br\/#website\",\"url\":\"https:\/\/sudoesteacontece.com.br\/\",\"name\":\"Sudoesteacontece\",\"description\":\"\",\"publisher\":{\"@id\":\"https:\/\/sudoesteacontece.com.br\/#organization\"},\"potentialAction\":[{\"@type\":\"SearchAction\",\"target\":{\"@type\":\"EntryPoint\",\"urlTemplate\":\"https:\/\/sudoesteacontece.com.br\/?s={search_term_string}\"},\"query-input\":{\"@type\":\"PropertyValueSpecification\",\"valueRequired\":true,\"valueName\":\"search_term_string\"}}],\"inLanguage\":\"pt-BR\"},{\"@type\":\"Organization\",\"@id\":\"https:\/\/sudoesteacontece.com.br\/#organization\",\"name\":\"Sudoesteacontece\",\"url\":\"https:\/\/sudoesteacontece.com.br\/\",\"logo\":{\"@type\":\"ImageObject\",\"inLanguage\":\"pt-BR\",\"@id\":\"https:\/\/sudoesteacontece.com.br\/#\/schema\/logo\/image\/\",\"url\":\"https:\/\/sudoesteacontece.com.br\/wp-content\/uploads\/2025\/12\/cropped-logo-2-180x180-1.png\",\"contentUrl\":\"https:\/\/sudoesteacontece.com.br\/wp-content\/uploads\/2025\/12\/cropped-logo-2-180x180-1.png\",\"width\":180,\"height\":180,\"caption\":\"Sudoesteacontece\"},\"image\":{\"@id\":\"https:\/\/sudoesteacontece.com.br\/#\/schema\/logo\/image\/\"},\"sameAs\":[\"https:\/\/www.facebook.com\/sudoesteacontece\/?locale=pt_BR\"]},{\"@type\":\"Person\",\"@id\":\"https:\/\/sudoesteacontece.com.br\/#\/schema\/person\/3cf2cf009926a9683ebc29d5379fa79c\",\"name\":\"Washington Tiago\",\"image\":{\"@type\":\"ImageObject\",\"inLanguage\":\"pt-BR\",\"@id\":\"https:\/\/sudoesteacontece.com.br\/#\/schema\/person\/image\/\",\"url\":\"https:\/\/secure.gravatar.com\/avatar\/33c43b8668157e040f9d1fe93c354bf087cbd8ba36270c1163198bd3ddcf2a56?s=96&d=mm&r=g\",\"contentUrl\":\"https:\/\/secure.gravatar.com\/avatar\/33c43b8668157e040f9d1fe93c354bf087cbd8ba36270c1163198bd3ddcf2a56?s=96&d=mm&r=g\",\"caption\":\"Washington Tiago\"},\"url\":\"https:\/\/sudoesteacontece.com.br\/?author=2\"}]}<\/script>\n<!-- \/ Yoast SEO plugin. -->","yoast_head_json":{"title":"PM intensifica combate ao \u201cGrau\u201d em Brumado e alerta para riscos \u00e0 popula\u00e7\u00e3o - Sudoesteacontece","robots":{"index":"index","follow":"follow","max-snippet":"max-snippet:-1","max-image-preview":"max-image-preview:large","max-video-preview":"max-video-preview:-1"},"canonical":"https:\/\/sudoesteacontece.com.br\/?p=3720","og_locale":"pt_BR","og_type":"article","og_title":"PM intensifica combate ao \u201cGrau\u201d em Brumado e alerta para riscos \u00e0 popula\u00e7\u00e3o - Sudoesteacontece","og_description":"Brumado vive opera\u00e7\u00e3o intensa do 24\u00ba Batalh\u00e3o de Pol\u00edcia Militar para coibir a pr\u00e1tica do \u201cGrau\u201d, manobras perigosas em motos que colocam a comunidade em risco. Comandante Jocev\u00e3 Oliveira destacou que a atividade j\u00e1 causou mortes em outros locais. Ele alerta que o \u201cGrau\u201d \u00e9 um transtorno e amea\u00e7a direta \u00e0 seguran\u00e7a de moradores e pedestres. Fiscaliza\u00e7\u00e3o identificou que muitos praticantes circulam sem CNH e utilizam motos inadequadas ou com licenciamento atrasado. Oliveira refor\u00e7ou que a PM n\u00e3o pode permitir infra\u00e7\u00f5es graves de tr\u00e2nsito. Enquanto n\u00e3o houver regulamenta\u00e7\u00e3o ou locais apropriados para a pr\u00e1tica, a Pol\u00edcia Militar seguir\u00e1 reprimindo a atividade. \u201cPrecisamos proteger a popula\u00e7\u00e3o. A fiscaliza\u00e7\u00e3o continuar\u00e1 intensa\u201d, afirmou o comandante. Governador Jer\u00f4nimo Rodrigues sugeriu que o \u201cGrau\u201d seja reconhecido como modalidade esportiva, com locais seguros e normas de seguran\u00e7a. Oliveira concorda e refor\u00e7a a import\u00e2ncia da regulamenta\u00e7\u00e3o.","og_url":"https:\/\/sudoesteacontece.com.br\/?p=3720","og_site_name":"Sudoesteacontece","article_publisher":"https:\/\/www.facebook.com\/sudoesteacontece\/?locale=pt_BR","article_published_time":"2025-12-09T13:13:56+00:00","article_modified_time":"2025-12-09T13:13:57+00:00","og_image":[{"width":900,"height":600,"url":"https:\/\/sudoesteacontece.com.br\/wp-content\/uploads\/2025\/12\/PM-intensifica-combate-ao-Grau-em-Brumado-e-alerta-para-riscos-a-populacao-sudoeste-acontece.jpg","type":"image\/jpeg"}],"author":"Washington Tiago","twitter_card":"summary_large_image","twitter_misc":{"Escrito por":"Washington Tiago","Est. tempo de leitura":"1 minuto"},"schema":{"@context":"https:\/\/schema.org","@graph":[{"@type":"Article","@id":"https:\/\/sudoesteacontece.com.br\/?p=3720#article","isPartOf":{"@id":"https:\/\/sudoesteacontece.com.br\/?p=3720"},"author":{"name":"Washington Tiago","@id":"https:\/\/sudoesteacontece.com.br\/#\/schema\/person\/3cf2cf009926a9683ebc29d5379fa79c"},"headline":"PM intensifica combate ao \u201cGrau\u201d em Brumado e alerta para riscos \u00e0 popula\u00e7\u00e3o","datePublished":"2025-12-09T13:13:56+00:00","dateModified":"2025-12-09T13:13:57+00:00","mainEntityOfPage":{"@id":"https:\/\/sudoesteacontece.com.br\/?p=3720"},"wordCount":171,"commentCount":0,"publisher":{"@id":"https:\/\/sudoesteacontece.com.br\/#organization"},"image":{"@id":"https:\/\/sudoesteacontece.com.br\/?p=3720#primaryimage"},"thumbnailUrl":"https:\/\/sudoesteacontece.com.br\/wp-content\/uploads\/2025\/12\/PM-intensifica-combate-ao-Grau-em-Brumado-e-alerta-para-riscos-a-populacao-sudoeste-acontece.jpg","articleSection":["Brumado","Cidades","Pol\u00edcia"],"inLanguage":"pt-BR","potentialAction":[{"@type":"CommentAction","name":"Comment","target":["https:\/\/sudoesteacontece.com.br\/?p=3720#respond"]}]},{"@type":"WebPage","@id":"https:\/\/sudoesteacontece.com.br\/?p=3720","url":"https:\/\/sudoesteacontece.com.br\/?p=3720","name":"PM intensifica combate ao \u201cGrau\u201d em Brumado e alerta para riscos \u00e0 popula\u00e7\u00e3o - Sudoesteacontece","isPartOf":{"@id":"https:\/\/sudoesteacontece.com.br\/#website"},"primaryImageOfPage":{"@id":"https:\/\/sudoesteacontece.com.br\/?p=3720#primaryimage"},"image":{"@id":"https:\/\/sudoesteacontece.com.br\/?p=3720#primaryimage"},"thumbnailUrl":"https:\/\/sudoesteacontece.com.br\/wp-content\/uploads\/2025\/12\/PM-intensifica-combate-ao-Grau-em-Brumado-e-alerta-para-riscos-a-populacao-sudoeste-acontece.jpg","datePublished":"2025-12-09T13:13:56+00:00","dateModified":"2025-12-09T13:13:57+00:00","breadcrumb":{"@id":"https:\/\/sudoesteacontece.com.br\/?p=3720#breadcrumb"},"inLanguage":"pt-BR","potentialAction":[{"@type":"ReadAction","target":["https:\/\/sudoesteacontece.com.br\/?p=3720"]}]},{"@type":"ImageObject","inLanguage":"pt-BR","@id":"https:\/\/sudoesteacontece.com.br\/?p=3720#primaryimage","url":"https:\/\/sudoesteacontece.com.br\/wp-content\/uploads\/2025\/12\/PM-intensifica-combate-ao-Grau-em-Brumado-e-alerta-para-riscos-a-populacao-sudoeste-acontece.jpg","contentUrl":"https:\/\/sudoesteacontece.com.br\/wp-content\/uploads\/2025\/12\/PM-intensifica-combate-ao-Grau-em-Brumado-e-alerta-para-riscos-a-populacao-sudoeste-acontece.jpg","width":900,"height":600},{"@type":"BreadcrumbList","@id":"https:\/\/sudoesteacontece.com.br\/?p=3720#breadcrumb","itemListElement":[{"@type":"ListItem","position":1,"name":"In\u00edcio","item":"https:\/\/sudoesteacontece.com.br\/"},{"@type":"ListItem","position":2,"name":"PM intensifica combate ao \u201cGrau\u201d em Brumado e alerta para riscos \u00e0 popula\u00e7\u00e3o"}]},{"@type":"WebSite","@id":"https:\/\/sudoesteacontece.com.br\/#website","url":"https:\/\/sudoesteacontece.com.br\/","name":"Sudoesteacontece","description":"","publisher":{"@id":"https:\/\/sudoesteacontece.com.br\/#organization"},"potentialAction":[{"@type":"SearchAction","target":{"@type":"EntryPoint","urlTemplate":"https:\/\/sudoesteacontece.com.br\/?s={search_term_string}"},"query-input":{"@type":"PropertyValueSpecification","valueRequired":true,"valueName":"search_term_string"}}],"inLanguage":"pt-BR"},{"@type":"Organization","@id":"https:\/\/sudoesteacontece.com.br\/#organization","name":"Sudoesteacontece","url":"https:\/\/sudoesteacontece.com.br\/","logo":{"@type":"ImageObject","inLanguage":"pt-BR","@id":"https:\/\/sudoesteacontece.com.br\/#\/schema\/logo\/image\/","url":"https:\/\/sudoesteacontece.com.br\/wp-content\/uploads\/2025\/12\/cropped-logo-2-180x180-1.png","contentUrl":"https:\/\/sudoesteacontece.com.br\/wp-content\/uploads\/2025\/12\/cropped-logo-2-180x180-1.png","width":180,"height":180,"caption":"Sudoesteacontece"},"image":{"@id":"https:\/\/sudoesteacontece.com.br\/#\/schema\/logo\/image\/"},"sameAs":["https:\/\/www.facebook.com\/sudoesteacontece\/?locale=pt_BR"]},{"@type":"Person","@id":"https:\/\/sudoesteacontece.com.br\/#\/schema\/person\/3cf2cf009926a9683ebc29d5379fa79c","name":"Washington Tiago","image":{"@type":"ImageObject","inLanguage":"pt-BR","@id":"https:\/\/sudoesteacontece.com.br\/#\/schema\/person\/image\/","url":"https:\/\/secure.gravatar.com\/avatar\/33c43b8668157e040f9d1fe93c354bf087cbd8ba36270c1163198bd3ddcf2a56?s=96&d=mm&r=g","contentUrl":"https:\/\/secure.gravatar.com\/avatar\/33c43b8668157e040f9d1fe93c354bf087cbd8ba36270c1163198bd3ddcf2a56?s=96&d=mm&r=g","caption":"Washington Tiago"},"url":"https:\/\/sudoesteacontece.com.br\/?author=2"}]}},"_links":{"self":[{"href":"https:\/\/sudoesteacontece.com.br\/index.php?rest_route=\/wp\/v2\/posts\/3720","targetHints":{"allow":["GET"]}}],"collection":[{"href":"https:\/\/sudoesteacontece.com.br\/index.php?rest_route=\/wp\/v2\/posts"}],"about":[{"href":"https:\/\/sudoesteacontece.com.br\/index.php?rest_route=\/wp\/v2\/types\/post"}],"author":[{"embeddable":true,"href":"https:\/\/sudoesteacontece.com.br\/index.php?rest_route=\/wp\/v2\/users\/2"}],"replies":[{"embeddable":true,"href":"https:\/\/sudoesteacontece.com.br\/index.php?rest_route=%2Fwp%2Fv2%2Fcomments&post=3720"}],"version-history":[{"count":0,"href":"https:\/\/sudoesteacontece.com.br\/index.php?rest_route=\/wp\/v2\/posts\/3720\/revisions"}],"wp:featuredmedia":[{"embeddable":true,"href":"https:\/\/sudoesteacontece.com.br\/index.php?rest_route=\/wp\/v2\/media\/3746"}],"wp:attachment":[{"href":"https:\/\/sudoesteacontece.com.br\/index.php?rest_route=%2Fwp%2Fv2%2Fmedia&parent=3720"}],"wp:term":[{"taxonomy":"category","embeddable":true,"href":"https:\/\/sudoesteacontece.com.br\/index.php?rest_route=%2Fwp%2Fv2%2Fcategories&post=3720"},{"taxonomy":"post_tag","embeddable":true,"href":"https:\/\/sudoesteacontece.com.br\/index.php?rest_route=%2Fwp%2Fv2%2Ftags&post=3720"}],"curies":[{"name":"wp","href":"https:\/\/api.w.org\/{rel}","templated":true}]}}