{"id":3773,"date":"2025-12-10T16:18:01","date_gmt":"2025-12-10T19:18:01","guid":{"rendered":"https:\/\/sudoesteacontece.com.br\/?p=3773"},"modified":"2025-12-10T16:18:02","modified_gmt":"2025-12-10T19:18:02","slug":"morte-de-trabalhador-revela-falhas-de-seguranca-em-vitoria-da-conquista","status":"publish","type":"post","link":"https:\/\/sudoesteacontece.com.br\/?p=3773","title":{"rendered":"Morte de trabalhador revela falhas de seguran\u00e7a em Vit\u00f3ria da Conquista"},"content":{"rendered":"<div class=\"wp-block-image\">\n<figure class=\"aligncenter size-full\"><img fetchpriority=\"high\" decoding=\"async\" width=\"900\" height=\"600\" src=\"http:\/\/sudoesteacontece.com.br\/wp-content\/uploads\/2025\/12\/Morte-de-trabalhador-revela-falhas-de-seguranca-em-Vitoria-da-Conquista-sudoeste-acontece.jpg\" alt=\"\" class=\"wp-image-3787\" srcset=\"https:\/\/sudoesteacontece.com.br\/wp-content\/uploads\/2025\/12\/Morte-de-trabalhador-revela-falhas-de-seguranca-em-Vitoria-da-Conquista-sudoeste-acontece.jpg 900w, https:\/\/sudoesteacontece.com.br\/wp-content\/uploads\/2025\/12\/Morte-de-trabalhador-revela-falhas-de-seguranca-em-Vitoria-da-Conquista-sudoeste-acontece-300x200.jpg 300w, https:\/\/sudoesteacontece.com.br\/wp-content\/uploads\/2025\/12\/Morte-de-trabalhador-revela-falhas-de-seguranca-em-Vitoria-da-Conquista-sudoeste-acontece-768x512.jpg 768w\" sizes=\"(max-width: 900px) 100vw, 900px\" \/><\/figure>\n<\/div>\n\n\n<p>Trag\u00e9dia marcou a tarde de segunda-feira (8) em Vit\u00f3ria da Conquista. Um trabalhador de 58 anos, identificado como Carlos Luiz de Jesus Nunes, morreu ap\u00f3s despencar em uma cisterna que ele mesmo havia constru\u00eddo. Profissional era experiente na constru\u00e7\u00e3o desse tipo de estrutura.<\/p>\n\n\n\n<p> Segundo a TV Sudoeste, Carlos voltou ao fundo da cisterna ap\u00f3s o expediente para buscar materiais, quando um dos cabos que o sustentavam arrebentou. Queda ocorreu em uma profundidade superior a 20 metros. Pessoas que estavam pr\u00f3ximas acionaram o Corpo de Bombeiros, mas, ao chegarem, os socorristas encontraram a v\u00edtima sem vida.<\/p>\n\n\n\n<p>Resgate exigiu uma opera\u00e7\u00e3o complexa. Bombeiros levaram pelo menos tr\u00eas horas para retirar o corpo do trabalhador devido \u00e0 profundidade e \u00e0s condi\u00e7\u00f5es do local. Procedimentos seguiram ap\u00f3s o resgate. O corpo de Carlos Luiz foi encaminhado ao Instituto M\u00e9dico Legal (IML) de Vit\u00f3ria da Conquista, onde passar\u00e1 por exames periciais.<\/p>\n","protected":false},"excerpt":{"rendered":"<p>Trag\u00e9dia marcou a tarde de segunda-feira (8) em Vit\u00f3ria da Conquista. Um trabalhador de 58 anos, identificado como Carlos Luiz de Jesus Nunes, morreu ap\u00f3s despencar em uma cisterna que ele mesmo havia constru\u00eddo. Profissional era experiente na constru\u00e7\u00e3o desse tipo de estrutura. Segundo a TV Sudoeste, Carlos voltou ao fundo da cisterna ap\u00f3s o expediente para buscar materiais, quando um dos cabos que o sustentavam arrebentou. Queda ocorreu em uma profundidade superior a 20 metros. Pessoas que estavam pr\u00f3ximas acionaram o Corpo de Bombeiros, mas, ao chegarem, os socorristas encontraram a v\u00edtima sem vida. Resgate exigiu uma opera\u00e7\u00e3o complexa. Bombeiros levaram pelo menos tr\u00eas horas para retirar o corpo do trabalhador devido \u00e0 profundidade e \u00e0s condi\u00e7\u00f5es do local. Procedimentos seguiram ap\u00f3s o resgate. O corpo de Carlos Luiz foi encaminhado ao Instituto M\u00e9dico Legal (IML) de Vit\u00f3ria da Conquista, onde passar\u00e1 por exames periciais.<\/p>\n","protected":false},"author":2,"featured_media":3787,"comment_status":"open","ping_status":"open","sticky":false,"template":"","format":"standard","meta":{"footnotes":""},"categories":[4],"tags":[],"class_list":["post-3773","post","type-post","status-publish","format-standard","has-post-thumbnail","hentry","category-cidades"],"yoast_head":"<!-- This site is optimized with the Yoast SEO plugin v26.5 - https:\/\/yoast.com\/wordpress\/plugins\/seo\/ -->\n<title>Morte de trabalhador revela falhas de seguran\u00e7a em Vit\u00f3ria da Conquista - Sudoesteacontece<\/title>\n<meta name=\"robots\" content=\"index, follow, max-snippet:-1, max-image-preview:large, max-video-preview:-1\" \/>\n<link rel=\"canonical\" href=\"https:\/\/sudoesteacontece.com.br\/?p=3773\" \/>\n<meta property=\"og:locale\" content=\"pt_BR\" \/>\n<meta property=\"og:type\" content=\"article\" \/>\n<meta property=\"og:title\" content=\"Morte de trabalhador revela falhas de seguran\u00e7a em Vit\u00f3ria da Conquista - Sudoesteacontece\" \/>\n<meta property=\"og:description\" content=\"Trag\u00e9dia marcou a tarde de segunda-feira (8) em Vit\u00f3ria da Conquista. Um trabalhador de 58 anos, identificado como Carlos Luiz de Jesus Nunes, morreu ap\u00f3s despencar em uma cisterna que ele mesmo havia constru\u00eddo. Profissional era experiente na constru\u00e7\u00e3o desse tipo de estrutura. Segundo a TV Sudoeste, Carlos voltou ao fundo da cisterna ap\u00f3s o expediente para buscar materiais, quando um dos cabos que o sustentavam arrebentou. Queda ocorreu em uma profundidade superior a 20 metros. Pessoas que estavam pr\u00f3ximas acionaram o Corpo de Bombeiros, mas, ao chegarem, os socorristas encontraram a v\u00edtima sem vida. Resgate exigiu uma opera\u00e7\u00e3o complexa. Bombeiros levaram pelo menos tr\u00eas horas para retirar o corpo do trabalhador devido \u00e0 profundidade e \u00e0s condi\u00e7\u00f5es do local. Procedimentos seguiram ap\u00f3s o resgate. O corpo de Carlos Luiz foi encaminhado ao Instituto M\u00e9dico Legal (IML) de Vit\u00f3ria da Conquista, onde passar\u00e1 por exames periciais.\" \/>\n<meta property=\"og:url\" content=\"https:\/\/sudoesteacontece.com.br\/?p=3773\" \/>\n<meta property=\"og:site_name\" content=\"Sudoesteacontece\" \/>\n<meta property=\"article:publisher\" content=\"https:\/\/www.facebook.com\/sudoesteacontece\/?locale=pt_BR\" \/>\n<meta property=\"article:published_time\" content=\"2025-12-10T19:18:01+00:00\" \/>\n<meta property=\"article:modified_time\" content=\"2025-12-10T19:18:02+00:00\" \/>\n<meta property=\"og:image\" content=\"https:\/\/sudoesteacontece.com.br\/wp-content\/uploads\/2025\/12\/Morte-de-trabalhador-revela-falhas-de-seguranca-em-Vitoria-da-Conquista-sudoeste-acontece.jpg\" \/>\n\t<meta property=\"og:image:width\" content=\"900\" \/>\n\t<meta property=\"og:image:height\" content=\"600\" \/>\n\t<meta property=\"og:image:type\" content=\"image\/jpeg\" \/>\n<meta name=\"author\" content=\"Washington Tiago\" \/>\n<meta name=\"twitter:card\" content=\"summary_large_image\" \/>\n<meta name=\"twitter:label1\" content=\"Escrito por\" \/>\n\t<meta name=\"twitter:data1\" content=\"Washington Tiago\" \/>\n\t<meta name=\"twitter:label2\" content=\"Est. tempo de leitura\" \/>\n\t<meta name=\"twitter:data2\" content=\"1 minuto\" \/>\n<script type=\"application\/ld+json\" class=\"yoast-schema-graph\">{\"@context\":\"https:\/\/schema.org\",\"@graph\":[{\"@type\":\"Article\",\"@id\":\"https:\/\/sudoesteacontece.com.br\/?p=3773#article\",\"isPartOf\":{\"@id\":\"https:\/\/sudoesteacontece.com.br\/?p=3773\"},\"author\":{\"name\":\"Washington Tiago\",\"@id\":\"https:\/\/sudoesteacontece.com.br\/#\/schema\/person\/3cf2cf009926a9683ebc29d5379fa79c\"},\"headline\":\"Morte de trabalhador revela falhas de seguran\u00e7a em Vit\u00f3ria da Conquista\",\"datePublished\":\"2025-12-10T19:18:01+00:00\",\"dateModified\":\"2025-12-10T19:18:02+00:00\",\"mainEntityOfPage\":{\"@id\":\"https:\/\/sudoesteacontece.com.br\/?p=3773\"},\"wordCount\":169,\"commentCount\":0,\"publisher\":{\"@id\":\"https:\/\/sudoesteacontece.com.br\/#organization\"},\"image\":{\"@id\":\"https:\/\/sudoesteacontece.com.br\/?p=3773#primaryimage\"},\"thumbnailUrl\":\"https:\/\/sudoesteacontece.com.br\/wp-content\/uploads\/2025\/12\/Morte-de-trabalhador-revela-falhas-de-seguranca-em-Vitoria-da-Conquista-sudoeste-acontece.jpg\",\"articleSection\":[\"Cidades\"],\"inLanguage\":\"pt-BR\",\"potentialAction\":[{\"@type\":\"CommentAction\",\"name\":\"Comment\",\"target\":[\"https:\/\/sudoesteacontece.com.br\/?p=3773#respond\"]}]},{\"@type\":\"WebPage\",\"@id\":\"https:\/\/sudoesteacontece.com.br\/?p=3773\",\"url\":\"https:\/\/sudoesteacontece.com.br\/?p=3773\",\"name\":\"Morte de trabalhador revela falhas de seguran\u00e7a em Vit\u00f3ria da Conquista - Sudoesteacontece\",\"isPartOf\":{\"@id\":\"https:\/\/sudoesteacontece.com.br\/#website\"},\"primaryImageOfPage\":{\"@id\":\"https:\/\/sudoesteacontece.com.br\/?p=3773#primaryimage\"},\"image\":{\"@id\":\"https:\/\/sudoesteacontece.com.br\/?p=3773#primaryimage\"},\"thumbnailUrl\":\"https:\/\/sudoesteacontece.com.br\/wp-content\/uploads\/2025\/12\/Morte-de-trabalhador-revela-falhas-de-seguranca-em-Vitoria-da-Conquista-sudoeste-acontece.jpg\",\"datePublished\":\"2025-12-10T19:18:01+00:00\",\"dateModified\":\"2025-12-10T19:18:02+00:00\",\"breadcrumb\":{\"@id\":\"https:\/\/sudoesteacontece.com.br\/?p=3773#breadcrumb\"},\"inLanguage\":\"pt-BR\",\"potentialAction\":[{\"@type\":\"ReadAction\",\"target\":[\"https:\/\/sudoesteacontece.com.br\/?p=3773\"]}]},{\"@type\":\"ImageObject\",\"inLanguage\":\"pt-BR\",\"@id\":\"https:\/\/sudoesteacontece.com.br\/?p=3773#primaryimage\",\"url\":\"https:\/\/sudoesteacontece.com.br\/wp-content\/uploads\/2025\/12\/Morte-de-trabalhador-revela-falhas-de-seguranca-em-Vitoria-da-Conquista-sudoeste-acontece.jpg\",\"contentUrl\":\"https:\/\/sudoesteacontece.com.br\/wp-content\/uploads\/2025\/12\/Morte-de-trabalhador-revela-falhas-de-seguranca-em-Vitoria-da-Conquista-sudoeste-acontece.jpg\",\"width\":900,\"height\":600},{\"@type\":\"BreadcrumbList\",\"@id\":\"https:\/\/sudoesteacontece.com.br\/?p=3773#breadcrumb\",\"itemListElement\":[{\"@type\":\"ListItem\",\"position\":1,\"name\":\"In\u00edcio\",\"item\":\"https:\/\/sudoesteacontece.com.br\/\"},{\"@type\":\"ListItem\",\"position\":2,\"name\":\"Morte de trabalhador revela falhas de seguran\u00e7a em Vit\u00f3ria da Conquista\"}]},{\"@type\":\"WebSite\",\"@id\":\"https:\/\/sudoesteacontece.com.br\/#website\",\"url\":\"https:\/\/sudoesteacontece.com.br\/\",\"name\":\"Sudoesteacontece\",\"description\":\"\",\"publisher\":{\"@id\":\"https:\/\/sudoesteacontece.com.br\/#organization\"},\"potentialAction\":[{\"@type\":\"SearchAction\",\"target\":{\"@type\":\"EntryPoint\",\"urlTemplate\":\"https:\/\/sudoesteacontece.com.br\/?s={search_term_string}\"},\"query-input\":{\"@type\":\"PropertyValueSpecification\",\"valueRequired\":true,\"valueName\":\"search_term_string\"}}],\"inLanguage\":\"pt-BR\"},{\"@type\":\"Organization\",\"@id\":\"https:\/\/sudoesteacontece.com.br\/#organization\",\"name\":\"Sudoesteacontece\",\"url\":\"https:\/\/sudoesteacontece.com.br\/\",\"logo\":{\"@type\":\"ImageObject\",\"inLanguage\":\"pt-BR\",\"@id\":\"https:\/\/sudoesteacontece.com.br\/#\/schema\/logo\/image\/\",\"url\":\"https:\/\/sudoesteacontece.com.br\/wp-content\/uploads\/2025\/12\/cropped-logo-2-180x180-1.png\",\"contentUrl\":\"https:\/\/sudoesteacontece.com.br\/wp-content\/uploads\/2025\/12\/cropped-logo-2-180x180-1.png\",\"width\":180,\"height\":180,\"caption\":\"Sudoesteacontece\"},\"image\":{\"@id\":\"https:\/\/sudoesteacontece.com.br\/#\/schema\/logo\/image\/\"},\"sameAs\":[\"https:\/\/www.facebook.com\/sudoesteacontece\/?locale=pt_BR\"]},{\"@type\":\"Person\",\"@id\":\"https:\/\/sudoesteacontece.com.br\/#\/schema\/person\/3cf2cf009926a9683ebc29d5379fa79c\",\"name\":\"Washington Tiago\",\"image\":{\"@type\":\"ImageObject\",\"inLanguage\":\"pt-BR\",\"@id\":\"https:\/\/sudoesteacontece.com.br\/#\/schema\/person\/image\/\",\"url\":\"https:\/\/secure.gravatar.com\/avatar\/33c43b8668157e040f9d1fe93c354bf087cbd8ba36270c1163198bd3ddcf2a56?s=96&d=mm&r=g\",\"contentUrl\":\"https:\/\/secure.gravatar.com\/avatar\/33c43b8668157e040f9d1fe93c354bf087cbd8ba36270c1163198bd3ddcf2a56?s=96&d=mm&r=g\",\"caption\":\"Washington Tiago\"},\"url\":\"https:\/\/sudoesteacontece.com.br\/?author=2\"}]}<\/script>\n<!-- \/ Yoast SEO plugin. -->","yoast_head_json":{"title":"Morte de trabalhador revela falhas de seguran\u00e7a em Vit\u00f3ria da Conquista - Sudoesteacontece","robots":{"index":"index","follow":"follow","max-snippet":"max-snippet:-1","max-image-preview":"max-image-preview:large","max-video-preview":"max-video-preview:-1"},"canonical":"https:\/\/sudoesteacontece.com.br\/?p=3773","og_locale":"pt_BR","og_type":"article","og_title":"Morte de trabalhador revela falhas de seguran\u00e7a em Vit\u00f3ria da Conquista - Sudoesteacontece","og_description":"Trag\u00e9dia marcou a tarde de segunda-feira (8) em Vit\u00f3ria da Conquista. Um trabalhador de 58 anos, identificado como Carlos Luiz de Jesus Nunes, morreu ap\u00f3s despencar em uma cisterna que ele mesmo havia constru\u00eddo. Profissional era experiente na constru\u00e7\u00e3o desse tipo de estrutura. Segundo a TV Sudoeste, Carlos voltou ao fundo da cisterna ap\u00f3s o expediente para buscar materiais, quando um dos cabos que o sustentavam arrebentou. Queda ocorreu em uma profundidade superior a 20 metros. Pessoas que estavam pr\u00f3ximas acionaram o Corpo de Bombeiros, mas, ao chegarem, os socorristas encontraram a v\u00edtima sem vida. Resgate exigiu uma opera\u00e7\u00e3o complexa. Bombeiros levaram pelo menos tr\u00eas horas para retirar o corpo do trabalhador devido \u00e0 profundidade e \u00e0s condi\u00e7\u00f5es do local. Procedimentos seguiram ap\u00f3s o resgate. O corpo de Carlos Luiz foi encaminhado ao Instituto M\u00e9dico Legal (IML) de Vit\u00f3ria da Conquista, onde passar\u00e1 por exames periciais.","og_url":"https:\/\/sudoesteacontece.com.br\/?p=3773","og_site_name":"Sudoesteacontece","article_publisher":"https:\/\/www.facebook.com\/sudoesteacontece\/?locale=pt_BR","article_published_time":"2025-12-10T19:18:01+00:00","article_modified_time":"2025-12-10T19:18:02+00:00","og_image":[{"width":900,"height":600,"url":"https:\/\/sudoesteacontece.com.br\/wp-content\/uploads\/2025\/12\/Morte-de-trabalhador-revela-falhas-de-seguranca-em-Vitoria-da-Conquista-sudoeste-acontece.jpg","type":"image\/jpeg"}],"author":"Washington Tiago","twitter_card":"summary_large_image","twitter_misc":{"Escrito por":"Washington Tiago","Est. tempo de leitura":"1 minuto"},"schema":{"@context":"https:\/\/schema.org","@graph":[{"@type":"Article","@id":"https:\/\/sudoesteacontece.com.br\/?p=3773#article","isPartOf":{"@id":"https:\/\/sudoesteacontece.com.br\/?p=3773"},"author":{"name":"Washington Tiago","@id":"https:\/\/sudoesteacontece.com.br\/#\/schema\/person\/3cf2cf009926a9683ebc29d5379fa79c"},"headline":"Morte de trabalhador revela falhas de seguran\u00e7a em Vit\u00f3ria da Conquista","datePublished":"2025-12-10T19:18:01+00:00","dateModified":"2025-12-10T19:18:02+00:00","mainEntityOfPage":{"@id":"https:\/\/sudoesteacontece.com.br\/?p=3773"},"wordCount":169,"commentCount":0,"publisher":{"@id":"https:\/\/sudoesteacontece.com.br\/#organization"},"image":{"@id":"https:\/\/sudoesteacontece.com.br\/?p=3773#primaryimage"},"thumbnailUrl":"https:\/\/sudoesteacontece.com.br\/wp-content\/uploads\/2025\/12\/Morte-de-trabalhador-revela-falhas-de-seguranca-em-Vitoria-da-Conquista-sudoeste-acontece.jpg","articleSection":["Cidades"],"inLanguage":"pt-BR","potentialAction":[{"@type":"CommentAction","name":"Comment","target":["https:\/\/sudoesteacontece.com.br\/?p=3773#respond"]}]},{"@type":"WebPage","@id":"https:\/\/sudoesteacontece.com.br\/?p=3773","url":"https:\/\/sudoesteacontece.com.br\/?p=3773","name":"Morte de trabalhador revela falhas de seguran\u00e7a em Vit\u00f3ria da Conquista - Sudoesteacontece","isPartOf":{"@id":"https:\/\/sudoesteacontece.com.br\/#website"},"primaryImageOfPage":{"@id":"https:\/\/sudoesteacontece.com.br\/?p=3773#primaryimage"},"image":{"@id":"https:\/\/sudoesteacontece.com.br\/?p=3773#primaryimage"},"thumbnailUrl":"https:\/\/sudoesteacontece.com.br\/wp-content\/uploads\/2025\/12\/Morte-de-trabalhador-revela-falhas-de-seguranca-em-Vitoria-da-Conquista-sudoeste-acontece.jpg","datePublished":"2025-12-10T19:18:01+00:00","dateModified":"2025-12-10T19:18:02+00:00","breadcrumb":{"@id":"https:\/\/sudoesteacontece.com.br\/?p=3773#breadcrumb"},"inLanguage":"pt-BR","potentialAction":[{"@type":"ReadAction","target":["https:\/\/sudoesteacontece.com.br\/?p=3773"]}]},{"@type":"ImageObject","inLanguage":"pt-BR","@id":"https:\/\/sudoesteacontece.com.br\/?p=3773#primaryimage","url":"https:\/\/sudoesteacontece.com.br\/wp-content\/uploads\/2025\/12\/Morte-de-trabalhador-revela-falhas-de-seguranca-em-Vitoria-da-Conquista-sudoeste-acontece.jpg","contentUrl":"https:\/\/sudoesteacontece.com.br\/wp-content\/uploads\/2025\/12\/Morte-de-trabalhador-revela-falhas-de-seguranca-em-Vitoria-da-Conquista-sudoeste-acontece.jpg","width":900,"height":600},{"@type":"BreadcrumbList","@id":"https:\/\/sudoesteacontece.com.br\/?p=3773#breadcrumb","itemListElement":[{"@type":"ListItem","position":1,"name":"In\u00edcio","item":"https:\/\/sudoesteacontece.com.br\/"},{"@type":"ListItem","position":2,"name":"Morte de trabalhador revela falhas de seguran\u00e7a em Vit\u00f3ria da Conquista"}]},{"@type":"WebSite","@id":"https:\/\/sudoesteacontece.com.br\/#website","url":"https:\/\/sudoesteacontece.com.br\/","name":"Sudoesteacontece","description":"","publisher":{"@id":"https:\/\/sudoesteacontece.com.br\/#organization"},"potentialAction":[{"@type":"SearchAction","target":{"@type":"EntryPoint","urlTemplate":"https:\/\/sudoesteacontece.com.br\/?s={search_term_string}"},"query-input":{"@type":"PropertyValueSpecification","valueRequired":true,"valueName":"search_term_string"}}],"inLanguage":"pt-BR"},{"@type":"Organization","@id":"https:\/\/sudoesteacontece.com.br\/#organization","name":"Sudoesteacontece","url":"https:\/\/sudoesteacontece.com.br\/","logo":{"@type":"ImageObject","inLanguage":"pt-BR","@id":"https:\/\/sudoesteacontece.com.br\/#\/schema\/logo\/image\/","url":"https:\/\/sudoesteacontece.com.br\/wp-content\/uploads\/2025\/12\/cropped-logo-2-180x180-1.png","contentUrl":"https:\/\/sudoesteacontece.com.br\/wp-content\/uploads\/2025\/12\/cropped-logo-2-180x180-1.png","width":180,"height":180,"caption":"Sudoesteacontece"},"image":{"@id":"https:\/\/sudoesteacontece.com.br\/#\/schema\/logo\/image\/"},"sameAs":["https:\/\/www.facebook.com\/sudoesteacontece\/?locale=pt_BR"]},{"@type":"Person","@id":"https:\/\/sudoesteacontece.com.br\/#\/schema\/person\/3cf2cf009926a9683ebc29d5379fa79c","name":"Washington Tiago","image":{"@type":"ImageObject","inLanguage":"pt-BR","@id":"https:\/\/sudoesteacontece.com.br\/#\/schema\/person\/image\/","url":"https:\/\/secure.gravatar.com\/avatar\/33c43b8668157e040f9d1fe93c354bf087cbd8ba36270c1163198bd3ddcf2a56?s=96&d=mm&r=g","contentUrl":"https:\/\/secure.gravatar.com\/avatar\/33c43b8668157e040f9d1fe93c354bf087cbd8ba36270c1163198bd3ddcf2a56?s=96&d=mm&r=g","caption":"Washington Tiago"},"url":"https:\/\/sudoesteacontece.com.br\/?author=2"}]}},"_links":{"self":[{"href":"https:\/\/sudoesteacontece.com.br\/index.php?rest_route=\/wp\/v2\/posts\/3773","targetHints":{"allow":["GET"]}}],"collection":[{"href":"https:\/\/sudoesteacontece.com.br\/index.php?rest_route=\/wp\/v2\/posts"}],"about":[{"href":"https:\/\/sudoesteacontece.com.br\/index.php?rest_route=\/wp\/v2\/types\/post"}],"author":[{"embeddable":true,"href":"https:\/\/sudoesteacontece.com.br\/index.php?rest_route=\/wp\/v2\/users\/2"}],"replies":[{"embeddable":true,"href":"https:\/\/sudoesteacontece.com.br\/index.php?rest_route=%2Fwp%2Fv2%2Fcomments&post=3773"}],"version-history":[{"count":0,"href":"https:\/\/sudoesteacontece.com.br\/index.php?rest_route=\/wp\/v2\/posts\/3773\/revisions"}],"wp:featuredmedia":[{"embeddable":true,"href":"https:\/\/sudoesteacontece.com.br\/index.php?rest_route=\/wp\/v2\/media\/3787"}],"wp:attachment":[{"href":"https:\/\/sudoesteacontece.com.br\/index.php?rest_route=%2Fwp%2Fv2%2Fmedia&parent=3773"}],"wp:term":[{"taxonomy":"category","embeddable":true,"href":"https:\/\/sudoesteacontece.com.br\/index.php?rest_route=%2Fwp%2Fv2%2Fcategories&post=3773"},{"taxonomy":"post_tag","embeddable":true,"href":"https:\/\/sudoesteacontece.com.br\/index.php?rest_route=%2Fwp%2Fv2%2Ftags&post=3773"}],"curies":[{"name":"wp","href":"https:\/\/api.w.org\/{rel}","templated":true}]}}