{"id":3776,"date":"2025-12-10T16:42:44","date_gmt":"2025-12-10T19:42:44","guid":{"rendered":"https:\/\/sudoesteacontece.com.br\/?p=3776"},"modified":"2025-12-10T16:42:45","modified_gmt":"2025-12-10T19:42:45","slug":"prefeito-fabricio-abrantes-fecha-o-ano-com-alta-aprovacao-e-cenario-politico-favoravel","status":"publish","type":"post","link":"https:\/\/sudoesteacontece.com.br\/?p=3776","title":{"rendered":"Prefeito Fabr\u00edcio Abrantes fecha o ano com alta aprova\u00e7\u00e3o e cen\u00e1rio pol\u00edtico favor\u00e1vel"},"content":{"rendered":"<div class=\"wp-block-image\">\n<figure class=\"aligncenter size-full\"><img fetchpriority=\"high\" decoding=\"async\" width=\"900\" height=\"600\" src=\"http:\/\/sudoesteacontece.com.br\/wp-content\/uploads\/2025\/12\/Fabricio-Abrantes.jpg\" alt=\"\" class=\"wp-image-3385\" srcset=\"https:\/\/sudoesteacontece.com.br\/wp-content\/uploads\/2025\/12\/Fabricio-Abrantes.jpg 900w, https:\/\/sudoesteacontece.com.br\/wp-content\/uploads\/2025\/12\/Fabricio-Abrantes-300x200.jpg 300w, https:\/\/sudoesteacontece.com.br\/wp-content\/uploads\/2025\/12\/Fabricio-Abrantes-768x512.jpg 768w\" sizes=\"(max-width: 900px) 100vw, 900px\" \/><\/figure>\n<\/div>\n\n\n<p>Uma pesquisa do Instituto O Eco, realizada nos dias 5 e 6 de dezembro, revelou forte apoio popular ao primeiro ano de governo do prefeito Fabr\u00edcio Abrantes. O levantamento ouviu 314 moradores da sede e da zona rural, com margem de erro de 5 pontos percentuais e confian\u00e7a de 95%.<\/p>\n\n\n\n<p>Dados mostram que 70,4% dos entrevistados avaliam a administra\u00e7\u00e3o como \u201c\u00f3tima\u201d ou \u201cboa\u201d. Outros 22,3% consideram \u201cregular\u201d, enquanto apenas 7% classificam como \u201cruim\u201d ou \u201cp\u00e9ssima\u201d. Apenas 0,3% n\u00e3o soube responder, refor\u00e7ando a clareza das percep\u00e7\u00f5es.<\/p>\n\n\n\n<p>N\u00fameros indicam que a gest\u00e3o atingiu um dos melhores resultados hist\u00f3ricos do munic\u00edpio. A sintonia entre as a\u00e7\u00f5es do governo e as expectativas da popula\u00e7\u00e3o aparece como fator central para o desempenho positivo.<\/p>\n\n\n\n<p>Moradores tamb\u00e9m relataram melhora na cidade. Para 71% dos participantes, Brumado avan\u00e7ou nos \u00faltimos 12 meses. J\u00e1 23,9% acreditam que nada mudou, e 5,1% afirmam que houve piora, apontando um cen\u00e1rio de aprova\u00e7\u00e3o consolidada.<\/p>\n\n\n\n<p>Outro ponto de destaque \u00e9 o impacto das a\u00e7\u00f5es da prefeitura. Para 83,8% dos entrevistados, as iniciativas municipais geraram efeitos positivos no dia a dia ou nas comunidades. Apenas 5,4% enxergaram impacto negativo; 7,6% n\u00e3o perceberam mudan\u00e7as e 3,2% n\u00e3o opinaram.<\/p>\n\n\n\n<p>Pesquisa ainda mediu o potencial pol\u00edtico para 2026. Se a elei\u00e7\u00e3o fosse hoje, 59,6% votariam em candidatos apoiados pelo prefeito. Outros 14,6% prefeririam nomes da oposi\u00e7\u00e3o, enquanto 6,4% rejeitam ambos os grupos e 19,4% ainda n\u00e3o definiram posi\u00e7\u00e3o.<\/p>\n\n\n\n<p>Conjunto dos indicadores aponta que Fabr\u00edcio Abrantes encerra o primeiro ano com aprova\u00e7\u00e3o s\u00f3lida, ambiente de estabilidade e forte influ\u00eancia pol\u00edtica. O resultado projeta cen\u00e1rio favor\u00e1vel para a continuidade dos projetos previstos at\u00e9 2028.<\/p>\n","protected":false},"excerpt":{"rendered":"<p>Uma pesquisa do Instituto O Eco, realizada nos dias 5 e 6 de dezembro, revelou forte apoio popular ao primeiro ano de governo do prefeito Fabr\u00edcio Abrantes. O levantamento ouviu 314 moradores da sede e da zona rural, com margem de erro de 5 pontos percentuais e confian\u00e7a de 95%. Dados mostram que 70,4% dos entrevistados avaliam a administra\u00e7\u00e3o como \u201c\u00f3tima\u201d ou \u201cboa\u201d. Outros 22,3% consideram \u201cregular\u201d, enquanto apenas 7% classificam como \u201cruim\u201d ou \u201cp\u00e9ssima\u201d. Apenas 0,3% n\u00e3o soube responder, refor\u00e7ando a clareza das percep\u00e7\u00f5es. N\u00fameros indicam que a gest\u00e3o atingiu um dos melhores resultados hist\u00f3ricos do munic\u00edpio. A sintonia entre as a\u00e7\u00f5es do governo e as expectativas da popula\u00e7\u00e3o aparece como fator central para o desempenho positivo. Moradores tamb\u00e9m relataram melhora na cidade. Para 71% dos participantes, Brumado avan\u00e7ou nos \u00faltimos 12 meses. J\u00e1 23,9% acreditam que nada mudou, e 5,1% afirmam que houve piora, apontando um cen\u00e1rio de aprova\u00e7\u00e3o consolidada. Outro ponto de destaque \u00e9 o impacto das a\u00e7\u00f5es da prefeitura. Para 83,8% dos entrevistados, as iniciativas municipais geraram efeitos positivos no dia a dia ou nas comunidades. Apenas 5,4% enxergaram impacto negativo; 7,6% n\u00e3o perceberam mudan\u00e7as e 3,2% n\u00e3o opinaram. Pesquisa ainda mediu o potencial pol\u00edtico para 2026. Se a elei\u00e7\u00e3o fosse hoje, 59,6% votariam em candidatos apoiados pelo prefeito. Outros 14,6% prefeririam nomes da oposi\u00e7\u00e3o, enquanto 6,4% rejeitam ambos os grupos e 19,4% ainda n\u00e3o definiram posi\u00e7\u00e3o. Conjunto dos indicadores aponta que Fabr\u00edcio Abrantes encerra o primeiro ano com aprova\u00e7\u00e3o s\u00f3lida, ambiente de estabilidade e forte influ\u00eancia pol\u00edtica. O resultado projeta cen\u00e1rio favor\u00e1vel para a continuidade dos projetos previstos at\u00e9 2028.<\/p>\n","protected":false},"author":2,"featured_media":3385,"comment_status":"open","ping_status":"open","sticky":false,"template":"","format":"standard","meta":{"footnotes":""},"categories":[10,4,6],"tags":[],"class_list":["post-3776","post","type-post","status-publish","format-standard","has-post-thumbnail","hentry","category-brumado","category-cidades","category-politica"],"yoast_head":"<!-- This site is optimized with the Yoast SEO plugin v26.5 - https:\/\/yoast.com\/wordpress\/plugins\/seo\/ -->\n<title>Prefeito Fabr\u00edcio Abrantes fecha o ano com alta aprova\u00e7\u00e3o e cen\u00e1rio pol\u00edtico favor\u00e1vel - Sudoesteacontece<\/title>\n<meta name=\"robots\" content=\"index, follow, max-snippet:-1, max-image-preview:large, max-video-preview:-1\" \/>\n<link rel=\"canonical\" href=\"https:\/\/sudoesteacontece.com.br\/?p=3776\" \/>\n<meta property=\"og:locale\" content=\"pt_BR\" \/>\n<meta property=\"og:type\" content=\"article\" \/>\n<meta property=\"og:title\" content=\"Prefeito Fabr\u00edcio Abrantes fecha o ano com alta aprova\u00e7\u00e3o e cen\u00e1rio pol\u00edtico favor\u00e1vel - Sudoesteacontece\" \/>\n<meta property=\"og:description\" content=\"Uma pesquisa do Instituto O Eco, realizada nos dias 5 e 6 de dezembro, revelou forte apoio popular ao primeiro ano de governo do prefeito Fabr\u00edcio Abrantes. O levantamento ouviu 314 moradores da sede e da zona rural, com margem de erro de 5 pontos percentuais e confian\u00e7a de 95%. Dados mostram que 70,4% dos entrevistados avaliam a administra\u00e7\u00e3o como \u201c\u00f3tima\u201d ou \u201cboa\u201d. Outros 22,3% consideram \u201cregular\u201d, enquanto apenas 7% classificam como \u201cruim\u201d ou \u201cp\u00e9ssima\u201d. Apenas 0,3% n\u00e3o soube responder, refor\u00e7ando a clareza das percep\u00e7\u00f5es. N\u00fameros indicam que a gest\u00e3o atingiu um dos melhores resultados hist\u00f3ricos do munic\u00edpio. A sintonia entre as a\u00e7\u00f5es do governo e as expectativas da popula\u00e7\u00e3o aparece como fator central para o desempenho positivo. Moradores tamb\u00e9m relataram melhora na cidade. Para 71% dos participantes, Brumado avan\u00e7ou nos \u00faltimos 12 meses. J\u00e1 23,9% acreditam que nada mudou, e 5,1% afirmam que houve piora, apontando um cen\u00e1rio de aprova\u00e7\u00e3o consolidada. Outro ponto de destaque \u00e9 o impacto das a\u00e7\u00f5es da prefeitura. Para 83,8% dos entrevistados, as iniciativas municipais geraram efeitos positivos no dia a dia ou nas comunidades. Apenas 5,4% enxergaram impacto negativo; 7,6% n\u00e3o perceberam mudan\u00e7as e 3,2% n\u00e3o opinaram. Pesquisa ainda mediu o potencial pol\u00edtico para 2026. Se a elei\u00e7\u00e3o fosse hoje, 59,6% votariam em candidatos apoiados pelo prefeito. Outros 14,6% prefeririam nomes da oposi\u00e7\u00e3o, enquanto 6,4% rejeitam ambos os grupos e 19,4% ainda n\u00e3o definiram posi\u00e7\u00e3o. Conjunto dos indicadores aponta que Fabr\u00edcio Abrantes encerra o primeiro ano com aprova\u00e7\u00e3o s\u00f3lida, ambiente de estabilidade e forte influ\u00eancia pol\u00edtica. O resultado projeta cen\u00e1rio favor\u00e1vel para a continuidade dos projetos previstos at\u00e9 2028.\" \/>\n<meta property=\"og:url\" content=\"https:\/\/sudoesteacontece.com.br\/?p=3776\" \/>\n<meta property=\"og:site_name\" content=\"Sudoesteacontece\" \/>\n<meta property=\"article:publisher\" content=\"https:\/\/www.facebook.com\/sudoesteacontece\/?locale=pt_BR\" \/>\n<meta property=\"article:published_time\" content=\"2025-12-10T19:42:44+00:00\" \/>\n<meta property=\"article:modified_time\" content=\"2025-12-10T19:42:45+00:00\" \/>\n<meta property=\"og:image\" content=\"https:\/\/sudoesteacontece.com.br\/wp-content\/uploads\/2025\/12\/Fabricio-Abrantes.jpg\" \/>\n\t<meta property=\"og:image:width\" content=\"900\" \/>\n\t<meta property=\"og:image:height\" content=\"600\" \/>\n\t<meta property=\"og:image:type\" content=\"image\/jpeg\" \/>\n<meta name=\"author\" content=\"Washington Tiago\" \/>\n<meta name=\"twitter:card\" content=\"summary_large_image\" \/>\n<meta name=\"twitter:label1\" content=\"Escrito por\" \/>\n\t<meta name=\"twitter:data1\" content=\"Washington Tiago\" \/>\n\t<meta name=\"twitter:label2\" content=\"Est. tempo de leitura\" \/>\n\t<meta name=\"twitter:data2\" content=\"1 minuto\" \/>\n<script type=\"application\/ld+json\" class=\"yoast-schema-graph\">{\"@context\":\"https:\/\/schema.org\",\"@graph\":[{\"@type\":\"Article\",\"@id\":\"https:\/\/sudoesteacontece.com.br\/?p=3776#article\",\"isPartOf\":{\"@id\":\"https:\/\/sudoesteacontece.com.br\/?p=3776\"},\"author\":{\"name\":\"Washington Tiago\",\"@id\":\"https:\/\/sudoesteacontece.com.br\/#\/schema\/person\/3cf2cf009926a9683ebc29d5379fa79c\"},\"headline\":\"Prefeito Fabr\u00edcio Abrantes fecha o ano com alta aprova\u00e7\u00e3o e cen\u00e1rio pol\u00edtico favor\u00e1vel\",\"datePublished\":\"2025-12-10T19:42:44+00:00\",\"dateModified\":\"2025-12-10T19:42:45+00:00\",\"mainEntityOfPage\":{\"@id\":\"https:\/\/sudoesteacontece.com.br\/?p=3776\"},\"wordCount\":292,\"commentCount\":0,\"publisher\":{\"@id\":\"https:\/\/sudoesteacontece.com.br\/#organization\"},\"image\":{\"@id\":\"https:\/\/sudoesteacontece.com.br\/?p=3776#primaryimage\"},\"thumbnailUrl\":\"https:\/\/sudoesteacontece.com.br\/wp-content\/uploads\/2025\/12\/Fabricio-Abrantes.jpg\",\"articleSection\":[\"Brumado\",\"Cidades\",\"Pol\u00edtica\"],\"inLanguage\":\"pt-BR\",\"potentialAction\":[{\"@type\":\"CommentAction\",\"name\":\"Comment\",\"target\":[\"https:\/\/sudoesteacontece.com.br\/?p=3776#respond\"]}]},{\"@type\":\"WebPage\",\"@id\":\"https:\/\/sudoesteacontece.com.br\/?p=3776\",\"url\":\"https:\/\/sudoesteacontece.com.br\/?p=3776\",\"name\":\"Prefeito Fabr\u00edcio Abrantes fecha o ano com alta aprova\u00e7\u00e3o e cen\u00e1rio pol\u00edtico favor\u00e1vel - Sudoesteacontece\",\"isPartOf\":{\"@id\":\"https:\/\/sudoesteacontece.com.br\/#website\"},\"primaryImageOfPage\":{\"@id\":\"https:\/\/sudoesteacontece.com.br\/?p=3776#primaryimage\"},\"image\":{\"@id\":\"https:\/\/sudoesteacontece.com.br\/?p=3776#primaryimage\"},\"thumbnailUrl\":\"https:\/\/sudoesteacontece.com.br\/wp-content\/uploads\/2025\/12\/Fabricio-Abrantes.jpg\",\"datePublished\":\"2025-12-10T19:42:44+00:00\",\"dateModified\":\"2025-12-10T19:42:45+00:00\",\"breadcrumb\":{\"@id\":\"https:\/\/sudoesteacontece.com.br\/?p=3776#breadcrumb\"},\"inLanguage\":\"pt-BR\",\"potentialAction\":[{\"@type\":\"ReadAction\",\"target\":[\"https:\/\/sudoesteacontece.com.br\/?p=3776\"]}]},{\"@type\":\"ImageObject\",\"inLanguage\":\"pt-BR\",\"@id\":\"https:\/\/sudoesteacontece.com.br\/?p=3776#primaryimage\",\"url\":\"https:\/\/sudoesteacontece.com.br\/wp-content\/uploads\/2025\/12\/Fabricio-Abrantes.jpg\",\"contentUrl\":\"https:\/\/sudoesteacontece.com.br\/wp-content\/uploads\/2025\/12\/Fabricio-Abrantes.jpg\",\"width\":900,\"height\":600},{\"@type\":\"BreadcrumbList\",\"@id\":\"https:\/\/sudoesteacontece.com.br\/?p=3776#breadcrumb\",\"itemListElement\":[{\"@type\":\"ListItem\",\"position\":1,\"name\":\"In\u00edcio\",\"item\":\"https:\/\/sudoesteacontece.com.br\/\"},{\"@type\":\"ListItem\",\"position\":2,\"name\":\"Prefeito Fabr\u00edcio Abrantes fecha o ano com alta aprova\u00e7\u00e3o e cen\u00e1rio pol\u00edtico favor\u00e1vel\"}]},{\"@type\":\"WebSite\",\"@id\":\"https:\/\/sudoesteacontece.com.br\/#website\",\"url\":\"https:\/\/sudoesteacontece.com.br\/\",\"name\":\"Sudoesteacontece\",\"description\":\"\",\"publisher\":{\"@id\":\"https:\/\/sudoesteacontece.com.br\/#organization\"},\"potentialAction\":[{\"@type\":\"SearchAction\",\"target\":{\"@type\":\"EntryPoint\",\"urlTemplate\":\"https:\/\/sudoesteacontece.com.br\/?s={search_term_string}\"},\"query-input\":{\"@type\":\"PropertyValueSpecification\",\"valueRequired\":true,\"valueName\":\"search_term_string\"}}],\"inLanguage\":\"pt-BR\"},{\"@type\":\"Organization\",\"@id\":\"https:\/\/sudoesteacontece.com.br\/#organization\",\"name\":\"Sudoesteacontece\",\"url\":\"https:\/\/sudoesteacontece.com.br\/\",\"logo\":{\"@type\":\"ImageObject\",\"inLanguage\":\"pt-BR\",\"@id\":\"https:\/\/sudoesteacontece.com.br\/#\/schema\/logo\/image\/\",\"url\":\"https:\/\/sudoesteacontece.com.br\/wp-content\/uploads\/2025\/12\/cropped-logo-2-180x180-1.png\",\"contentUrl\":\"https:\/\/sudoesteacontece.com.br\/wp-content\/uploads\/2025\/12\/cropped-logo-2-180x180-1.png\",\"width\":180,\"height\":180,\"caption\":\"Sudoesteacontece\"},\"image\":{\"@id\":\"https:\/\/sudoesteacontece.com.br\/#\/schema\/logo\/image\/\"},\"sameAs\":[\"https:\/\/www.facebook.com\/sudoesteacontece\/?locale=pt_BR\"]},{\"@type\":\"Person\",\"@id\":\"https:\/\/sudoesteacontece.com.br\/#\/schema\/person\/3cf2cf009926a9683ebc29d5379fa79c\",\"name\":\"Washington Tiago\",\"image\":{\"@type\":\"ImageObject\",\"inLanguage\":\"pt-BR\",\"@id\":\"https:\/\/sudoesteacontece.com.br\/#\/schema\/person\/image\/\",\"url\":\"https:\/\/secure.gravatar.com\/avatar\/33c43b8668157e040f9d1fe93c354bf087cbd8ba36270c1163198bd3ddcf2a56?s=96&d=mm&r=g\",\"contentUrl\":\"https:\/\/secure.gravatar.com\/avatar\/33c43b8668157e040f9d1fe93c354bf087cbd8ba36270c1163198bd3ddcf2a56?s=96&d=mm&r=g\",\"caption\":\"Washington Tiago\"},\"url\":\"https:\/\/sudoesteacontece.com.br\/?author=2\"}]}<\/script>\n<!-- \/ Yoast SEO plugin. -->","yoast_head_json":{"title":"Prefeito Fabr\u00edcio Abrantes fecha o ano com alta aprova\u00e7\u00e3o e cen\u00e1rio pol\u00edtico favor\u00e1vel - Sudoesteacontece","robots":{"index":"index","follow":"follow","max-snippet":"max-snippet:-1","max-image-preview":"max-image-preview:large","max-video-preview":"max-video-preview:-1"},"canonical":"https:\/\/sudoesteacontece.com.br\/?p=3776","og_locale":"pt_BR","og_type":"article","og_title":"Prefeito Fabr\u00edcio Abrantes fecha o ano com alta aprova\u00e7\u00e3o e cen\u00e1rio pol\u00edtico favor\u00e1vel - Sudoesteacontece","og_description":"Uma pesquisa do Instituto O Eco, realizada nos dias 5 e 6 de dezembro, revelou forte apoio popular ao primeiro ano de governo do prefeito Fabr\u00edcio Abrantes. O levantamento ouviu 314 moradores da sede e da zona rural, com margem de erro de 5 pontos percentuais e confian\u00e7a de 95%. Dados mostram que 70,4% dos entrevistados avaliam a administra\u00e7\u00e3o como \u201c\u00f3tima\u201d ou \u201cboa\u201d. Outros 22,3% consideram \u201cregular\u201d, enquanto apenas 7% classificam como \u201cruim\u201d ou \u201cp\u00e9ssima\u201d. Apenas 0,3% n\u00e3o soube responder, refor\u00e7ando a clareza das percep\u00e7\u00f5es. N\u00fameros indicam que a gest\u00e3o atingiu um dos melhores resultados hist\u00f3ricos do munic\u00edpio. A sintonia entre as a\u00e7\u00f5es do governo e as expectativas da popula\u00e7\u00e3o aparece como fator central para o desempenho positivo. Moradores tamb\u00e9m relataram melhora na cidade. Para 71% dos participantes, Brumado avan\u00e7ou nos \u00faltimos 12 meses. J\u00e1 23,9% acreditam que nada mudou, e 5,1% afirmam que houve piora, apontando um cen\u00e1rio de aprova\u00e7\u00e3o consolidada. Outro ponto de destaque \u00e9 o impacto das a\u00e7\u00f5es da prefeitura. Para 83,8% dos entrevistados, as iniciativas municipais geraram efeitos positivos no dia a dia ou nas comunidades. Apenas 5,4% enxergaram impacto negativo; 7,6% n\u00e3o perceberam mudan\u00e7as e 3,2% n\u00e3o opinaram. Pesquisa ainda mediu o potencial pol\u00edtico para 2026. Se a elei\u00e7\u00e3o fosse hoje, 59,6% votariam em candidatos apoiados pelo prefeito. Outros 14,6% prefeririam nomes da oposi\u00e7\u00e3o, enquanto 6,4% rejeitam ambos os grupos e 19,4% ainda n\u00e3o definiram posi\u00e7\u00e3o. Conjunto dos indicadores aponta que Fabr\u00edcio Abrantes encerra o primeiro ano com aprova\u00e7\u00e3o s\u00f3lida, ambiente de estabilidade e forte influ\u00eancia pol\u00edtica. O resultado projeta cen\u00e1rio favor\u00e1vel para a continuidade dos projetos previstos at\u00e9 2028.","og_url":"https:\/\/sudoesteacontece.com.br\/?p=3776","og_site_name":"Sudoesteacontece","article_publisher":"https:\/\/www.facebook.com\/sudoesteacontece\/?locale=pt_BR","article_published_time":"2025-12-10T19:42:44+00:00","article_modified_time":"2025-12-10T19:42:45+00:00","og_image":[{"width":900,"height":600,"url":"https:\/\/sudoesteacontece.com.br\/wp-content\/uploads\/2025\/12\/Fabricio-Abrantes.jpg","type":"image\/jpeg"}],"author":"Washington Tiago","twitter_card":"summary_large_image","twitter_misc":{"Escrito por":"Washington Tiago","Est. tempo de leitura":"1 minuto"},"schema":{"@context":"https:\/\/schema.org","@graph":[{"@type":"Article","@id":"https:\/\/sudoesteacontece.com.br\/?p=3776#article","isPartOf":{"@id":"https:\/\/sudoesteacontece.com.br\/?p=3776"},"author":{"name":"Washington Tiago","@id":"https:\/\/sudoesteacontece.com.br\/#\/schema\/person\/3cf2cf009926a9683ebc29d5379fa79c"},"headline":"Prefeito Fabr\u00edcio Abrantes fecha o ano com alta aprova\u00e7\u00e3o e cen\u00e1rio pol\u00edtico favor\u00e1vel","datePublished":"2025-12-10T19:42:44+00:00","dateModified":"2025-12-10T19:42:45+00:00","mainEntityOfPage":{"@id":"https:\/\/sudoesteacontece.com.br\/?p=3776"},"wordCount":292,"commentCount":0,"publisher":{"@id":"https:\/\/sudoesteacontece.com.br\/#organization"},"image":{"@id":"https:\/\/sudoesteacontece.com.br\/?p=3776#primaryimage"},"thumbnailUrl":"https:\/\/sudoesteacontece.com.br\/wp-content\/uploads\/2025\/12\/Fabricio-Abrantes.jpg","articleSection":["Brumado","Cidades","Pol\u00edtica"],"inLanguage":"pt-BR","potentialAction":[{"@type":"CommentAction","name":"Comment","target":["https:\/\/sudoesteacontece.com.br\/?p=3776#respond"]}]},{"@type":"WebPage","@id":"https:\/\/sudoesteacontece.com.br\/?p=3776","url":"https:\/\/sudoesteacontece.com.br\/?p=3776","name":"Prefeito Fabr\u00edcio Abrantes fecha o ano com alta aprova\u00e7\u00e3o e cen\u00e1rio pol\u00edtico favor\u00e1vel - Sudoesteacontece","isPartOf":{"@id":"https:\/\/sudoesteacontece.com.br\/#website"},"primaryImageOfPage":{"@id":"https:\/\/sudoesteacontece.com.br\/?p=3776#primaryimage"},"image":{"@id":"https:\/\/sudoesteacontece.com.br\/?p=3776#primaryimage"},"thumbnailUrl":"https:\/\/sudoesteacontece.com.br\/wp-content\/uploads\/2025\/12\/Fabricio-Abrantes.jpg","datePublished":"2025-12-10T19:42:44+00:00","dateModified":"2025-12-10T19:42:45+00:00","breadcrumb":{"@id":"https:\/\/sudoesteacontece.com.br\/?p=3776#breadcrumb"},"inLanguage":"pt-BR","potentialAction":[{"@type":"ReadAction","target":["https:\/\/sudoesteacontece.com.br\/?p=3776"]}]},{"@type":"ImageObject","inLanguage":"pt-BR","@id":"https:\/\/sudoesteacontece.com.br\/?p=3776#primaryimage","url":"https:\/\/sudoesteacontece.com.br\/wp-content\/uploads\/2025\/12\/Fabricio-Abrantes.jpg","contentUrl":"https:\/\/sudoesteacontece.com.br\/wp-content\/uploads\/2025\/12\/Fabricio-Abrantes.jpg","width":900,"height":600},{"@type":"BreadcrumbList","@id":"https:\/\/sudoesteacontece.com.br\/?p=3776#breadcrumb","itemListElement":[{"@type":"ListItem","position":1,"name":"In\u00edcio","item":"https:\/\/sudoesteacontece.com.br\/"},{"@type":"ListItem","position":2,"name":"Prefeito Fabr\u00edcio Abrantes fecha o ano com alta aprova\u00e7\u00e3o e cen\u00e1rio pol\u00edtico favor\u00e1vel"}]},{"@type":"WebSite","@id":"https:\/\/sudoesteacontece.com.br\/#website","url":"https:\/\/sudoesteacontece.com.br\/","name":"Sudoesteacontece","description":"","publisher":{"@id":"https:\/\/sudoesteacontece.com.br\/#organization"},"potentialAction":[{"@type":"SearchAction","target":{"@type":"EntryPoint","urlTemplate":"https:\/\/sudoesteacontece.com.br\/?s={search_term_string}"},"query-input":{"@type":"PropertyValueSpecification","valueRequired":true,"valueName":"search_term_string"}}],"inLanguage":"pt-BR"},{"@type":"Organization","@id":"https:\/\/sudoesteacontece.com.br\/#organization","name":"Sudoesteacontece","url":"https:\/\/sudoesteacontece.com.br\/","logo":{"@type":"ImageObject","inLanguage":"pt-BR","@id":"https:\/\/sudoesteacontece.com.br\/#\/schema\/logo\/image\/","url":"https:\/\/sudoesteacontece.com.br\/wp-content\/uploads\/2025\/12\/cropped-logo-2-180x180-1.png","contentUrl":"https:\/\/sudoesteacontece.com.br\/wp-content\/uploads\/2025\/12\/cropped-logo-2-180x180-1.png","width":180,"height":180,"caption":"Sudoesteacontece"},"image":{"@id":"https:\/\/sudoesteacontece.com.br\/#\/schema\/logo\/image\/"},"sameAs":["https:\/\/www.facebook.com\/sudoesteacontece\/?locale=pt_BR"]},{"@type":"Person","@id":"https:\/\/sudoesteacontece.com.br\/#\/schema\/person\/3cf2cf009926a9683ebc29d5379fa79c","name":"Washington Tiago","image":{"@type":"ImageObject","inLanguage":"pt-BR","@id":"https:\/\/sudoesteacontece.com.br\/#\/schema\/person\/image\/","url":"https:\/\/secure.gravatar.com\/avatar\/33c43b8668157e040f9d1fe93c354bf087cbd8ba36270c1163198bd3ddcf2a56?s=96&d=mm&r=g","contentUrl":"https:\/\/secure.gravatar.com\/avatar\/33c43b8668157e040f9d1fe93c354bf087cbd8ba36270c1163198bd3ddcf2a56?s=96&d=mm&r=g","caption":"Washington Tiago"},"url":"https:\/\/sudoesteacontece.com.br\/?author=2"}]}},"_links":{"self":[{"href":"https:\/\/sudoesteacontece.com.br\/index.php?rest_route=\/wp\/v2\/posts\/3776","targetHints":{"allow":["GET"]}}],"collection":[{"href":"https:\/\/sudoesteacontece.com.br\/index.php?rest_route=\/wp\/v2\/posts"}],"about":[{"href":"https:\/\/sudoesteacontece.com.br\/index.php?rest_route=\/wp\/v2\/types\/post"}],"author":[{"embeddable":true,"href":"https:\/\/sudoesteacontece.com.br\/index.php?rest_route=\/wp\/v2\/users\/2"}],"replies":[{"embeddable":true,"href":"https:\/\/sudoesteacontece.com.br\/index.php?rest_route=%2Fwp%2Fv2%2Fcomments&post=3776"}],"version-history":[{"count":0,"href":"https:\/\/sudoesteacontece.com.br\/index.php?rest_route=\/wp\/v2\/posts\/3776\/revisions"}],"wp:featuredmedia":[{"embeddable":true,"href":"https:\/\/sudoesteacontece.com.br\/index.php?rest_route=\/wp\/v2\/media\/3385"}],"wp:attachment":[{"href":"https:\/\/sudoesteacontece.com.br\/index.php?rest_route=%2Fwp%2Fv2%2Fmedia&parent=3776"}],"wp:term":[{"taxonomy":"category","embeddable":true,"href":"https:\/\/sudoesteacontece.com.br\/index.php?rest_route=%2Fwp%2Fv2%2Fcategories&post=3776"},{"taxonomy":"post_tag","embeddable":true,"href":"https:\/\/sudoesteacontece.com.br\/index.php?rest_route=%2Fwp%2Fv2%2Ftags&post=3776"}],"curies":[{"name":"wp","href":"https:\/\/api.w.org\/{rel}","templated":true}]}}