{"id":3823,"date":"2025-12-10T17:26:38","date_gmt":"2025-12-10T20:26:38","guid":{"rendered":"https:\/\/sudoesteacontece.com.br\/?p=3823"},"modified":"2025-12-10T17:26:39","modified_gmt":"2025-12-10T20:26:39","slug":"reparo-emergencial-interrompe-abastecimento-em-brumado-e-malhada-de-pedras-nesta-quarta","status":"publish","type":"post","link":"https:\/\/sudoesteacontece.com.br\/?p=3823","title":{"rendered":"Reparo emergencial interrompe abastecimento em Brumado e Malhada de Pedras nesta quarta"},"content":{"rendered":"<div class=\"wp-block-image\">\n<figure class=\"aligncenter size-full\"><img fetchpriority=\"high\" decoding=\"async\" width=\"900\" height=\"600\" src=\"http:\/\/sudoesteacontece.com.br\/wp-content\/uploads\/2025\/12\/Reparo-emergencial-interrompe-abastecimento-em-Brumado-e-Malhada-de-Pedras-nesta-quarta-sudoeste-acontece.jpg\" alt=\"\" class=\"wp-image-3830\" srcset=\"https:\/\/sudoesteacontece.com.br\/wp-content\/uploads\/2025\/12\/Reparo-emergencial-interrompe-abastecimento-em-Brumado-e-Malhada-de-Pedras-nesta-quarta-sudoeste-acontece.jpg 900w, https:\/\/sudoesteacontece.com.br\/wp-content\/uploads\/2025\/12\/Reparo-emergencial-interrompe-abastecimento-em-Brumado-e-Malhada-de-Pedras-nesta-quarta-sudoeste-acontece-300x200.jpg 300w, https:\/\/sudoesteacontece.com.br\/wp-content\/uploads\/2025\/12\/Reparo-emergencial-interrompe-abastecimento-em-Brumado-e-Malhada-de-Pedras-nesta-quarta-sudoeste-acontece-768x512.jpg 768w\" sizes=\"(max-width: 900px) 100vw, 900px\" \/><\/figure>\n<\/div>\n\n\n<p>A Embasa suspendeu o abastecimento de \u00e1gua nesta quarta-feira (10) em bairros de Brumado e no munic\u00edpio de Malhada de Pedras por causa de um reparo emergencial no sistema.<\/p>\n\n\n\n<p>A interrup\u00e7\u00e3o atinge os bairros S\u00e3o Jorge, Cidade das Esmeraldas, S\u00e3o F\u00e9lix, Malhada Branca, Irm\u00e3 Dulce e Pres\u00eddio. Comunidades rurais tamb\u00e9m foram afetadas, como Pompeia, Pebas, Tanquinho, Volta do Rio, Covas da Mandioca, Cachoeira, Arrecifinho, Canudos, Tocassu, Queimada Grande, Arrasta P\u00e9, Fazenda Nova, Lapinha, Boa Vista, Frutuoso, Lagoa Redonda, Lagoa do Juli\u00e3o, Vila Presidente Vargas, Espinheiro, Campo Seco I e II, Passagem de Pedra, Barrinha, Jurema e Riacho da Caveira.<\/p>\n\n\n\n<p>A empresa informou que o reparo deve ser conclu\u00eddo no fim da tarde. A retomada do abastecimento ser\u00e1 gradual e pode levar at\u00e9 48 horas para normalizar totalmente, conforme a capacidade do sistema.<\/p>\n\n\n\n<p>A Embasa recomenda que os moradores economizem a \u00e1gua dos reservat\u00f3rios domiciliares at\u00e9 a regulariza\u00e7\u00e3o completa do fornecimento.<\/p>\n","protected":false},"excerpt":{"rendered":"<p>A Embasa suspendeu o abastecimento de \u00e1gua nesta quarta-feira (10) em bairros de Brumado e no munic\u00edpio de Malhada de Pedras por causa de um reparo emergencial no sistema. A interrup\u00e7\u00e3o atinge os bairros S\u00e3o Jorge, Cidade das Esmeraldas, S\u00e3o F\u00e9lix, Malhada Branca, Irm\u00e3 Dulce e Pres\u00eddio. Comunidades rurais tamb\u00e9m foram afetadas, como Pompeia, Pebas, Tanquinho, Volta do Rio, Covas da Mandioca, Cachoeira, Arrecifinho, Canudos, Tocassu, Queimada Grande, Arrasta P\u00e9, Fazenda Nova, Lapinha, Boa Vista, Frutuoso, Lagoa Redonda, Lagoa do Juli\u00e3o, Vila Presidente Vargas, Espinheiro, Campo Seco I e II, Passagem de Pedra, Barrinha, Jurema e Riacho da Caveira. A empresa informou que o reparo deve ser conclu\u00eddo no fim da tarde. A retomada do abastecimento ser\u00e1 gradual e pode levar at\u00e9 48 horas para normalizar totalmente, conforme a capacidade do sistema. A Embasa recomenda que os moradores economizem a \u00e1gua dos reservat\u00f3rios domiciliares at\u00e9 a regulariza\u00e7\u00e3o completa do fornecimento.<\/p>\n","protected":false},"author":2,"featured_media":3830,"comment_status":"open","ping_status":"open","sticky":false,"template":"","format":"standard","meta":{"footnotes":""},"categories":[10,4,60],"tags":[],"class_list":["post-3823","post","type-post","status-publish","format-standard","has-post-thumbnail","hentry","category-brumado","category-cidades","category-malhada-de-pedras"],"yoast_head":"<!-- This site is optimized with the Yoast SEO plugin v26.5 - https:\/\/yoast.com\/wordpress\/plugins\/seo\/ -->\n<title>Reparo emergencial interrompe abastecimento em Brumado e Malhada de Pedras nesta quarta - Sudoesteacontece<\/title>\n<meta name=\"robots\" content=\"index, follow, max-snippet:-1, max-image-preview:large, max-video-preview:-1\" \/>\n<link rel=\"canonical\" href=\"https:\/\/sudoesteacontece.com.br\/?p=3823\" \/>\n<meta property=\"og:locale\" content=\"pt_BR\" \/>\n<meta property=\"og:type\" content=\"article\" \/>\n<meta property=\"og:title\" content=\"Reparo emergencial interrompe abastecimento em Brumado e Malhada de Pedras nesta quarta - Sudoesteacontece\" \/>\n<meta property=\"og:description\" content=\"A Embasa suspendeu o abastecimento de \u00e1gua nesta quarta-feira (10) em bairros de Brumado e no munic\u00edpio de Malhada de Pedras por causa de um reparo emergencial no sistema. A interrup\u00e7\u00e3o atinge os bairros S\u00e3o Jorge, Cidade das Esmeraldas, S\u00e3o F\u00e9lix, Malhada Branca, Irm\u00e3 Dulce e Pres\u00eddio. Comunidades rurais tamb\u00e9m foram afetadas, como Pompeia, Pebas, Tanquinho, Volta do Rio, Covas da Mandioca, Cachoeira, Arrecifinho, Canudos, Tocassu, Queimada Grande, Arrasta P\u00e9, Fazenda Nova, Lapinha, Boa Vista, Frutuoso, Lagoa Redonda, Lagoa do Juli\u00e3o, Vila Presidente Vargas, Espinheiro, Campo Seco I e II, Passagem de Pedra, Barrinha, Jurema e Riacho da Caveira. A empresa informou que o reparo deve ser conclu\u00eddo no fim da tarde. A retomada do abastecimento ser\u00e1 gradual e pode levar at\u00e9 48 horas para normalizar totalmente, conforme a capacidade do sistema. A Embasa recomenda que os moradores economizem a \u00e1gua dos reservat\u00f3rios domiciliares at\u00e9 a regulariza\u00e7\u00e3o completa do fornecimento.\" \/>\n<meta property=\"og:url\" content=\"https:\/\/sudoesteacontece.com.br\/?p=3823\" \/>\n<meta property=\"og:site_name\" content=\"Sudoesteacontece\" \/>\n<meta property=\"article:publisher\" content=\"https:\/\/www.facebook.com\/sudoesteacontece\/?locale=pt_BR\" \/>\n<meta property=\"article:published_time\" content=\"2025-12-10T20:26:38+00:00\" \/>\n<meta property=\"article:modified_time\" content=\"2025-12-10T20:26:39+00:00\" \/>\n<meta property=\"og:image\" content=\"https:\/\/sudoesteacontece.com.br\/wp-content\/uploads\/2025\/12\/Reparo-emergencial-interrompe-abastecimento-em-Brumado-e-Malhada-de-Pedras-nesta-quarta-sudoeste-acontece.jpg\" \/>\n\t<meta property=\"og:image:width\" content=\"900\" \/>\n\t<meta property=\"og:image:height\" content=\"600\" \/>\n\t<meta property=\"og:image:type\" content=\"image\/jpeg\" \/>\n<meta name=\"author\" content=\"Washington Tiago\" \/>\n<meta name=\"twitter:card\" content=\"summary_large_image\" \/>\n<meta name=\"twitter:label1\" content=\"Escrito por\" \/>\n\t<meta name=\"twitter:data1\" content=\"Washington Tiago\" \/>\n\t<meta name=\"twitter:label2\" content=\"Est. tempo de leitura\" \/>\n\t<meta name=\"twitter:data2\" content=\"1 minuto\" \/>\n<script type=\"application\/ld+json\" class=\"yoast-schema-graph\">{\"@context\":\"https:\/\/schema.org\",\"@graph\":[{\"@type\":\"Article\",\"@id\":\"https:\/\/sudoesteacontece.com.br\/?p=3823#article\",\"isPartOf\":{\"@id\":\"https:\/\/sudoesteacontece.com.br\/?p=3823\"},\"author\":{\"name\":\"Washington Tiago\",\"@id\":\"https:\/\/sudoesteacontece.com.br\/#\/schema\/person\/3cf2cf009926a9683ebc29d5379fa79c\"},\"headline\":\"Reparo emergencial interrompe abastecimento em Brumado e Malhada de Pedras nesta quarta\",\"datePublished\":\"2025-12-10T20:26:38+00:00\",\"dateModified\":\"2025-12-10T20:26:39+00:00\",\"mainEntityOfPage\":{\"@id\":\"https:\/\/sudoesteacontece.com.br\/?p=3823\"},\"wordCount\":171,\"commentCount\":0,\"publisher\":{\"@id\":\"https:\/\/sudoesteacontece.com.br\/#organization\"},\"image\":{\"@id\":\"https:\/\/sudoesteacontece.com.br\/?p=3823#primaryimage\"},\"thumbnailUrl\":\"https:\/\/sudoesteacontece.com.br\/wp-content\/uploads\/2025\/12\/Reparo-emergencial-interrompe-abastecimento-em-Brumado-e-Malhada-de-Pedras-nesta-quarta-sudoeste-acontece.jpg\",\"articleSection\":[\"Brumado\",\"Cidades\",\"Malhada de Pedras\"],\"inLanguage\":\"pt-BR\",\"potentialAction\":[{\"@type\":\"CommentAction\",\"name\":\"Comment\",\"target\":[\"https:\/\/sudoesteacontece.com.br\/?p=3823#respond\"]}]},{\"@type\":\"WebPage\",\"@id\":\"https:\/\/sudoesteacontece.com.br\/?p=3823\",\"url\":\"https:\/\/sudoesteacontece.com.br\/?p=3823\",\"name\":\"Reparo emergencial interrompe abastecimento em Brumado e Malhada de Pedras nesta quarta - Sudoesteacontece\",\"isPartOf\":{\"@id\":\"https:\/\/sudoesteacontece.com.br\/#website\"},\"primaryImageOfPage\":{\"@id\":\"https:\/\/sudoesteacontece.com.br\/?p=3823#primaryimage\"},\"image\":{\"@id\":\"https:\/\/sudoesteacontece.com.br\/?p=3823#primaryimage\"},\"thumbnailUrl\":\"https:\/\/sudoesteacontece.com.br\/wp-content\/uploads\/2025\/12\/Reparo-emergencial-interrompe-abastecimento-em-Brumado-e-Malhada-de-Pedras-nesta-quarta-sudoeste-acontece.jpg\",\"datePublished\":\"2025-12-10T20:26:38+00:00\",\"dateModified\":\"2025-12-10T20:26:39+00:00\",\"breadcrumb\":{\"@id\":\"https:\/\/sudoesteacontece.com.br\/?p=3823#breadcrumb\"},\"inLanguage\":\"pt-BR\",\"potentialAction\":[{\"@type\":\"ReadAction\",\"target\":[\"https:\/\/sudoesteacontece.com.br\/?p=3823\"]}]},{\"@type\":\"ImageObject\",\"inLanguage\":\"pt-BR\",\"@id\":\"https:\/\/sudoesteacontece.com.br\/?p=3823#primaryimage\",\"url\":\"https:\/\/sudoesteacontece.com.br\/wp-content\/uploads\/2025\/12\/Reparo-emergencial-interrompe-abastecimento-em-Brumado-e-Malhada-de-Pedras-nesta-quarta-sudoeste-acontece.jpg\",\"contentUrl\":\"https:\/\/sudoesteacontece.com.br\/wp-content\/uploads\/2025\/12\/Reparo-emergencial-interrompe-abastecimento-em-Brumado-e-Malhada-de-Pedras-nesta-quarta-sudoeste-acontece.jpg\",\"width\":900,\"height\":600},{\"@type\":\"BreadcrumbList\",\"@id\":\"https:\/\/sudoesteacontece.com.br\/?p=3823#breadcrumb\",\"itemListElement\":[{\"@type\":\"ListItem\",\"position\":1,\"name\":\"In\u00edcio\",\"item\":\"https:\/\/sudoesteacontece.com.br\/\"},{\"@type\":\"ListItem\",\"position\":2,\"name\":\"Reparo emergencial interrompe abastecimento em Brumado e Malhada de Pedras nesta quarta\"}]},{\"@type\":\"WebSite\",\"@id\":\"https:\/\/sudoesteacontece.com.br\/#website\",\"url\":\"https:\/\/sudoesteacontece.com.br\/\",\"name\":\"Sudoesteacontece\",\"description\":\"\",\"publisher\":{\"@id\":\"https:\/\/sudoesteacontece.com.br\/#organization\"},\"potentialAction\":[{\"@type\":\"SearchAction\",\"target\":{\"@type\":\"EntryPoint\",\"urlTemplate\":\"https:\/\/sudoesteacontece.com.br\/?s={search_term_string}\"},\"query-input\":{\"@type\":\"PropertyValueSpecification\",\"valueRequired\":true,\"valueName\":\"search_term_string\"}}],\"inLanguage\":\"pt-BR\"},{\"@type\":\"Organization\",\"@id\":\"https:\/\/sudoesteacontece.com.br\/#organization\",\"name\":\"Sudoesteacontece\",\"url\":\"https:\/\/sudoesteacontece.com.br\/\",\"logo\":{\"@type\":\"ImageObject\",\"inLanguage\":\"pt-BR\",\"@id\":\"https:\/\/sudoesteacontece.com.br\/#\/schema\/logo\/image\/\",\"url\":\"https:\/\/sudoesteacontece.com.br\/wp-content\/uploads\/2025\/12\/cropped-logo-2-180x180-1.png\",\"contentUrl\":\"https:\/\/sudoesteacontece.com.br\/wp-content\/uploads\/2025\/12\/cropped-logo-2-180x180-1.png\",\"width\":180,\"height\":180,\"caption\":\"Sudoesteacontece\"},\"image\":{\"@id\":\"https:\/\/sudoesteacontece.com.br\/#\/schema\/logo\/image\/\"},\"sameAs\":[\"https:\/\/www.facebook.com\/sudoesteacontece\/?locale=pt_BR\"]},{\"@type\":\"Person\",\"@id\":\"https:\/\/sudoesteacontece.com.br\/#\/schema\/person\/3cf2cf009926a9683ebc29d5379fa79c\",\"name\":\"Washington Tiago\",\"image\":{\"@type\":\"ImageObject\",\"inLanguage\":\"pt-BR\",\"@id\":\"https:\/\/sudoesteacontece.com.br\/#\/schema\/person\/image\/\",\"url\":\"https:\/\/secure.gravatar.com\/avatar\/33c43b8668157e040f9d1fe93c354bf087cbd8ba36270c1163198bd3ddcf2a56?s=96&d=mm&r=g\",\"contentUrl\":\"https:\/\/secure.gravatar.com\/avatar\/33c43b8668157e040f9d1fe93c354bf087cbd8ba36270c1163198bd3ddcf2a56?s=96&d=mm&r=g\",\"caption\":\"Washington Tiago\"},\"url\":\"https:\/\/sudoesteacontece.com.br\/?author=2\"}]}<\/script>\n<!-- \/ Yoast SEO plugin. -->","yoast_head_json":{"title":"Reparo emergencial interrompe abastecimento em Brumado e Malhada de Pedras nesta quarta - Sudoesteacontece","robots":{"index":"index","follow":"follow","max-snippet":"max-snippet:-1","max-image-preview":"max-image-preview:large","max-video-preview":"max-video-preview:-1"},"canonical":"https:\/\/sudoesteacontece.com.br\/?p=3823","og_locale":"pt_BR","og_type":"article","og_title":"Reparo emergencial interrompe abastecimento em Brumado e Malhada de Pedras nesta quarta - Sudoesteacontece","og_description":"A Embasa suspendeu o abastecimento de \u00e1gua nesta quarta-feira (10) em bairros de Brumado e no munic\u00edpio de Malhada de Pedras por causa de um reparo emergencial no sistema. A interrup\u00e7\u00e3o atinge os bairros S\u00e3o Jorge, Cidade das Esmeraldas, S\u00e3o F\u00e9lix, Malhada Branca, Irm\u00e3 Dulce e Pres\u00eddio. Comunidades rurais tamb\u00e9m foram afetadas, como Pompeia, Pebas, Tanquinho, Volta do Rio, Covas da Mandioca, Cachoeira, Arrecifinho, Canudos, Tocassu, Queimada Grande, Arrasta P\u00e9, Fazenda Nova, Lapinha, Boa Vista, Frutuoso, Lagoa Redonda, Lagoa do Juli\u00e3o, Vila Presidente Vargas, Espinheiro, Campo Seco I e II, Passagem de Pedra, Barrinha, Jurema e Riacho da Caveira. A empresa informou que o reparo deve ser conclu\u00eddo no fim da tarde. A retomada do abastecimento ser\u00e1 gradual e pode levar at\u00e9 48 horas para normalizar totalmente, conforme a capacidade do sistema. A Embasa recomenda que os moradores economizem a \u00e1gua dos reservat\u00f3rios domiciliares at\u00e9 a regulariza\u00e7\u00e3o completa do fornecimento.","og_url":"https:\/\/sudoesteacontece.com.br\/?p=3823","og_site_name":"Sudoesteacontece","article_publisher":"https:\/\/www.facebook.com\/sudoesteacontece\/?locale=pt_BR","article_published_time":"2025-12-10T20:26:38+00:00","article_modified_time":"2025-12-10T20:26:39+00:00","og_image":[{"width":900,"height":600,"url":"https:\/\/sudoesteacontece.com.br\/wp-content\/uploads\/2025\/12\/Reparo-emergencial-interrompe-abastecimento-em-Brumado-e-Malhada-de-Pedras-nesta-quarta-sudoeste-acontece.jpg","type":"image\/jpeg"}],"author":"Washington Tiago","twitter_card":"summary_large_image","twitter_misc":{"Escrito por":"Washington Tiago","Est. tempo de leitura":"1 minuto"},"schema":{"@context":"https:\/\/schema.org","@graph":[{"@type":"Article","@id":"https:\/\/sudoesteacontece.com.br\/?p=3823#article","isPartOf":{"@id":"https:\/\/sudoesteacontece.com.br\/?p=3823"},"author":{"name":"Washington Tiago","@id":"https:\/\/sudoesteacontece.com.br\/#\/schema\/person\/3cf2cf009926a9683ebc29d5379fa79c"},"headline":"Reparo emergencial interrompe abastecimento em Brumado e Malhada de Pedras nesta quarta","datePublished":"2025-12-10T20:26:38+00:00","dateModified":"2025-12-10T20:26:39+00:00","mainEntityOfPage":{"@id":"https:\/\/sudoesteacontece.com.br\/?p=3823"},"wordCount":171,"commentCount":0,"publisher":{"@id":"https:\/\/sudoesteacontece.com.br\/#organization"},"image":{"@id":"https:\/\/sudoesteacontece.com.br\/?p=3823#primaryimage"},"thumbnailUrl":"https:\/\/sudoesteacontece.com.br\/wp-content\/uploads\/2025\/12\/Reparo-emergencial-interrompe-abastecimento-em-Brumado-e-Malhada-de-Pedras-nesta-quarta-sudoeste-acontece.jpg","articleSection":["Brumado","Cidades","Malhada de Pedras"],"inLanguage":"pt-BR","potentialAction":[{"@type":"CommentAction","name":"Comment","target":["https:\/\/sudoesteacontece.com.br\/?p=3823#respond"]}]},{"@type":"WebPage","@id":"https:\/\/sudoesteacontece.com.br\/?p=3823","url":"https:\/\/sudoesteacontece.com.br\/?p=3823","name":"Reparo emergencial interrompe abastecimento em Brumado e Malhada de Pedras nesta quarta - Sudoesteacontece","isPartOf":{"@id":"https:\/\/sudoesteacontece.com.br\/#website"},"primaryImageOfPage":{"@id":"https:\/\/sudoesteacontece.com.br\/?p=3823#primaryimage"},"image":{"@id":"https:\/\/sudoesteacontece.com.br\/?p=3823#primaryimage"},"thumbnailUrl":"https:\/\/sudoesteacontece.com.br\/wp-content\/uploads\/2025\/12\/Reparo-emergencial-interrompe-abastecimento-em-Brumado-e-Malhada-de-Pedras-nesta-quarta-sudoeste-acontece.jpg","datePublished":"2025-12-10T20:26:38+00:00","dateModified":"2025-12-10T20:26:39+00:00","breadcrumb":{"@id":"https:\/\/sudoesteacontece.com.br\/?p=3823#breadcrumb"},"inLanguage":"pt-BR","potentialAction":[{"@type":"ReadAction","target":["https:\/\/sudoesteacontece.com.br\/?p=3823"]}]},{"@type":"ImageObject","inLanguage":"pt-BR","@id":"https:\/\/sudoesteacontece.com.br\/?p=3823#primaryimage","url":"https:\/\/sudoesteacontece.com.br\/wp-content\/uploads\/2025\/12\/Reparo-emergencial-interrompe-abastecimento-em-Brumado-e-Malhada-de-Pedras-nesta-quarta-sudoeste-acontece.jpg","contentUrl":"https:\/\/sudoesteacontece.com.br\/wp-content\/uploads\/2025\/12\/Reparo-emergencial-interrompe-abastecimento-em-Brumado-e-Malhada-de-Pedras-nesta-quarta-sudoeste-acontece.jpg","width":900,"height":600},{"@type":"BreadcrumbList","@id":"https:\/\/sudoesteacontece.com.br\/?p=3823#breadcrumb","itemListElement":[{"@type":"ListItem","position":1,"name":"In\u00edcio","item":"https:\/\/sudoesteacontece.com.br\/"},{"@type":"ListItem","position":2,"name":"Reparo emergencial interrompe abastecimento em Brumado e Malhada de Pedras nesta quarta"}]},{"@type":"WebSite","@id":"https:\/\/sudoesteacontece.com.br\/#website","url":"https:\/\/sudoesteacontece.com.br\/","name":"Sudoesteacontece","description":"","publisher":{"@id":"https:\/\/sudoesteacontece.com.br\/#organization"},"potentialAction":[{"@type":"SearchAction","target":{"@type":"EntryPoint","urlTemplate":"https:\/\/sudoesteacontece.com.br\/?s={search_term_string}"},"query-input":{"@type":"PropertyValueSpecification","valueRequired":true,"valueName":"search_term_string"}}],"inLanguage":"pt-BR"},{"@type":"Organization","@id":"https:\/\/sudoesteacontece.com.br\/#organization","name":"Sudoesteacontece","url":"https:\/\/sudoesteacontece.com.br\/","logo":{"@type":"ImageObject","inLanguage":"pt-BR","@id":"https:\/\/sudoesteacontece.com.br\/#\/schema\/logo\/image\/","url":"https:\/\/sudoesteacontece.com.br\/wp-content\/uploads\/2025\/12\/cropped-logo-2-180x180-1.png","contentUrl":"https:\/\/sudoesteacontece.com.br\/wp-content\/uploads\/2025\/12\/cropped-logo-2-180x180-1.png","width":180,"height":180,"caption":"Sudoesteacontece"},"image":{"@id":"https:\/\/sudoesteacontece.com.br\/#\/schema\/logo\/image\/"},"sameAs":["https:\/\/www.facebook.com\/sudoesteacontece\/?locale=pt_BR"]},{"@type":"Person","@id":"https:\/\/sudoesteacontece.com.br\/#\/schema\/person\/3cf2cf009926a9683ebc29d5379fa79c","name":"Washington Tiago","image":{"@type":"ImageObject","inLanguage":"pt-BR","@id":"https:\/\/sudoesteacontece.com.br\/#\/schema\/person\/image\/","url":"https:\/\/secure.gravatar.com\/avatar\/33c43b8668157e040f9d1fe93c354bf087cbd8ba36270c1163198bd3ddcf2a56?s=96&d=mm&r=g","contentUrl":"https:\/\/secure.gravatar.com\/avatar\/33c43b8668157e040f9d1fe93c354bf087cbd8ba36270c1163198bd3ddcf2a56?s=96&d=mm&r=g","caption":"Washington Tiago"},"url":"https:\/\/sudoesteacontece.com.br\/?author=2"}]}},"_links":{"self":[{"href":"https:\/\/sudoesteacontece.com.br\/index.php?rest_route=\/wp\/v2\/posts\/3823","targetHints":{"allow":["GET"]}}],"collection":[{"href":"https:\/\/sudoesteacontece.com.br\/index.php?rest_route=\/wp\/v2\/posts"}],"about":[{"href":"https:\/\/sudoesteacontece.com.br\/index.php?rest_route=\/wp\/v2\/types\/post"}],"author":[{"embeddable":true,"href":"https:\/\/sudoesteacontece.com.br\/index.php?rest_route=\/wp\/v2\/users\/2"}],"replies":[{"embeddable":true,"href":"https:\/\/sudoesteacontece.com.br\/index.php?rest_route=%2Fwp%2Fv2%2Fcomments&post=3823"}],"version-history":[{"count":0,"href":"https:\/\/sudoesteacontece.com.br\/index.php?rest_route=\/wp\/v2\/posts\/3823\/revisions"}],"wp:featuredmedia":[{"embeddable":true,"href":"https:\/\/sudoesteacontece.com.br\/index.php?rest_route=\/wp\/v2\/media\/3830"}],"wp:attachment":[{"href":"https:\/\/sudoesteacontece.com.br\/index.php?rest_route=%2Fwp%2Fv2%2Fmedia&parent=3823"}],"wp:term":[{"taxonomy":"category","embeddable":true,"href":"https:\/\/sudoesteacontece.com.br\/index.php?rest_route=%2Fwp%2Fv2%2Fcategories&post=3823"},{"taxonomy":"post_tag","embeddable":true,"href":"https:\/\/sudoesteacontece.com.br\/index.php?rest_route=%2Fwp%2Fv2%2Ftags&post=3823"}],"curies":[{"name":"wp","href":"https:\/\/api.w.org\/{rel}","templated":true}]}}