{"id":4368,"date":"2025-12-18T17:10:41","date_gmt":"2025-12-18T20:10:41","guid":{"rendered":"https:\/\/sudoesteacontece.com.br\/?p=4368"},"modified":"2025-12-18T17:10:44","modified_gmt":"2025-12-18T20:10:44","slug":"acusado-de-matar-mecanico-em-brumado-recebe-liberdade-provisoria","status":"publish","type":"post","link":"https:\/\/sudoesteacontece.com.br\/?p=4368","title":{"rendered":"Acusado de matar mec\u00e2nico em Brumado recebe liberdade provis\u00f3ria"},"content":{"rendered":"<div class=\"wp-block-image\">\n<figure class=\"aligncenter size-full\"><img fetchpriority=\"high\" decoding=\"async\" width=\"900\" height=\"600\" src=\"http:\/\/sudoesteacontece.com.br\/wp-content\/uploads\/2025\/12\/Acusado-de-matar-mecanico-em-Brumado-recebe-liberdade-provisoria-sudoeste-acontece.jpg\" alt=\"\" class=\"wp-image-4376\" srcset=\"https:\/\/sudoesteacontece.com.br\/wp-content\/uploads\/2025\/12\/Acusado-de-matar-mecanico-em-Brumado-recebe-liberdade-provisoria-sudoeste-acontece.jpg 900w, https:\/\/sudoesteacontece.com.br\/wp-content\/uploads\/2025\/12\/Acusado-de-matar-mecanico-em-Brumado-recebe-liberdade-provisoria-sudoeste-acontece-300x200.jpg 300w, https:\/\/sudoesteacontece.com.br\/wp-content\/uploads\/2025\/12\/Acusado-de-matar-mecanico-em-Brumado-recebe-liberdade-provisoria-sudoeste-acontece-768x512.jpg 768w\" sizes=\"(max-width: 900px) 100vw, 900px\" \/><\/figure>\n<\/div>\n\n\n<p>Decis\u00e3o do Tribunal de Justi\u00e7a da Bahia (TJ-BA) concedeu liberdade provis\u00f3ria a Anderson Karany da Silva Santos, acusado de matar Cl\u00e1udio Tavares Souza, conhecido como \u201cTatai\u201d, a tiros na zona rural de Brumado, em 5 de maio de 2024, na comunidade de Pedra Preta.<\/p>\n\n\n\n<p>Juiz Genivaldo Alves Guimar\u00e3es, da Vara Criminal de Brumado, determinou que Anderson responder\u00e1 por homic\u00eddio qualificado pelo recurso que dificultou a defesa da v\u00edtima. A qualificadora de motivo f\u00fatil foi afastada devido a rixa antiga iniciada em 2003, quando Anderson foi esfaqueado durante uma confus\u00e3o.<\/p>\n\n\n\n<p>Segundo a den\u00fancia do Minist\u00e9rio P\u00fablico, Cl\u00e1udio foi surpreendido por disparos enquanto aguardava mesa em um bar, acompanhado da esposa, da filha e de amigos. O crime gerou como\u00e7\u00e3o na comunidade e mobilizou a pol\u00edcia local para investiga\u00e7\u00e3o imediata.<\/p>\n\n\n\n<p>Ao analisar o pedido de revoga\u00e7\u00e3o da pris\u00e3o preventiva, o juiz considerou que o r\u00e9u n\u00e3o possui condena\u00e7\u00f5es, mant\u00e9m resid\u00eancia fixa, v\u00ednculos familiares e atua no ramo da constru\u00e7\u00e3o civil, permitindo a substitui\u00e7\u00e3o da pris\u00e3o por medidas cautelares espec\u00edficas determinadas pelo Tribunal.<\/p>\n\n\n\n<p>Entre as condi\u00e7\u00f5es impostas est\u00e3o o pagamento de fian\u00e7a de R$ 50 mil, atualiza\u00e7\u00e3o obrigat\u00f3ria de endere\u00e7o, proibi\u00e7\u00e3o de se ausentar da comarca sem autoriza\u00e7\u00e3o judicial, manter dist\u00e2ncia m\u00ednima de 200 metros da vi\u00fava da v\u00edtima e comparecimento obrigat\u00f3rio ao julgamento pelo Tribunal do J\u00fari.<\/p>\n","protected":false},"excerpt":{"rendered":"<p>Decis\u00e3o do Tribunal de Justi\u00e7a da Bahia (TJ-BA) concedeu liberdade provis\u00f3ria a Anderson Karany da Silva Santos, acusado de matar Cl\u00e1udio Tavares Souza, conhecido como \u201cTatai\u201d, a tiros na zona rural de Brumado, em 5 de maio de 2024, na comunidade de Pedra Preta. Juiz Genivaldo Alves Guimar\u00e3es, da Vara Criminal de Brumado, determinou que Anderson responder\u00e1 por homic\u00eddio qualificado pelo recurso que dificultou a defesa da v\u00edtima. A qualificadora de motivo f\u00fatil foi afastada devido a rixa antiga iniciada em 2003, quando Anderson foi esfaqueado durante uma confus\u00e3o. Segundo a den\u00fancia do Minist\u00e9rio P\u00fablico, Cl\u00e1udio foi surpreendido por disparos enquanto aguardava mesa em um bar, acompanhado da esposa, da filha e de amigos. O crime gerou como\u00e7\u00e3o na comunidade e mobilizou a pol\u00edcia local para investiga\u00e7\u00e3o imediata. Ao analisar o pedido de revoga\u00e7\u00e3o da pris\u00e3o preventiva, o juiz considerou que o r\u00e9u n\u00e3o possui condena\u00e7\u00f5es, mant\u00e9m resid\u00eancia fixa, v\u00ednculos familiares e atua no ramo da constru\u00e7\u00e3o civil, permitindo a substitui\u00e7\u00e3o da pris\u00e3o por medidas cautelares espec\u00edficas determinadas pelo Tribunal. Entre as condi\u00e7\u00f5es impostas est\u00e3o o pagamento de fian\u00e7a de R$ 50 mil, atualiza\u00e7\u00e3o obrigat\u00f3ria de endere\u00e7o, proibi\u00e7\u00e3o de se ausentar da comarca sem autoriza\u00e7\u00e3o judicial, manter dist\u00e2ncia m\u00ednima de 200 metros da vi\u00fava da v\u00edtima e comparecimento obrigat\u00f3rio ao julgamento pelo Tribunal do J\u00fari.<\/p>\n","protected":false},"author":2,"featured_media":4376,"comment_status":"open","ping_status":"open","sticky":false,"template":"","format":"standard","meta":{"footnotes":""},"categories":[10,13,3],"tags":[],"class_list":["post-4368","post","type-post","status-publish","format-standard","has-post-thumbnail","hentry","category-brumado","category-justica","category-policia"],"yoast_head":"<!-- This site is optimized with the Yoast SEO plugin v26.5 - https:\/\/yoast.com\/wordpress\/plugins\/seo\/ -->\n<title>Acusado de matar mec\u00e2nico em Brumado recebe liberdade provis\u00f3ria - Sudoesteacontece<\/title>\n<meta name=\"robots\" content=\"index, follow, max-snippet:-1, max-image-preview:large, max-video-preview:-1\" \/>\n<link rel=\"canonical\" href=\"https:\/\/sudoesteacontece.com.br\/?p=4368\" \/>\n<meta property=\"og:locale\" content=\"pt_BR\" \/>\n<meta property=\"og:type\" content=\"article\" \/>\n<meta property=\"og:title\" content=\"Acusado de matar mec\u00e2nico em Brumado recebe liberdade provis\u00f3ria - Sudoesteacontece\" \/>\n<meta property=\"og:description\" content=\"Decis\u00e3o do Tribunal de Justi\u00e7a da Bahia (TJ-BA) concedeu liberdade provis\u00f3ria a Anderson Karany da Silva Santos, acusado de matar Cl\u00e1udio Tavares Souza, conhecido como \u201cTatai\u201d, a tiros na zona rural de Brumado, em 5 de maio de 2024, na comunidade de Pedra Preta. Juiz Genivaldo Alves Guimar\u00e3es, da Vara Criminal de Brumado, determinou que Anderson responder\u00e1 por homic\u00eddio qualificado pelo recurso que dificultou a defesa da v\u00edtima. A qualificadora de motivo f\u00fatil foi afastada devido a rixa antiga iniciada em 2003, quando Anderson foi esfaqueado durante uma confus\u00e3o. Segundo a den\u00fancia do Minist\u00e9rio P\u00fablico, Cl\u00e1udio foi surpreendido por disparos enquanto aguardava mesa em um bar, acompanhado da esposa, da filha e de amigos. O crime gerou como\u00e7\u00e3o na comunidade e mobilizou a pol\u00edcia local para investiga\u00e7\u00e3o imediata. Ao analisar o pedido de revoga\u00e7\u00e3o da pris\u00e3o preventiva, o juiz considerou que o r\u00e9u n\u00e3o possui condena\u00e7\u00f5es, mant\u00e9m resid\u00eancia fixa, v\u00ednculos familiares e atua no ramo da constru\u00e7\u00e3o civil, permitindo a substitui\u00e7\u00e3o da pris\u00e3o por medidas cautelares espec\u00edficas determinadas pelo Tribunal. Entre as condi\u00e7\u00f5es impostas est\u00e3o o pagamento de fian\u00e7a de R$ 50 mil, atualiza\u00e7\u00e3o obrigat\u00f3ria de endere\u00e7o, proibi\u00e7\u00e3o de se ausentar da comarca sem autoriza\u00e7\u00e3o judicial, manter dist\u00e2ncia m\u00ednima de 200 metros da vi\u00fava da v\u00edtima e comparecimento obrigat\u00f3rio ao julgamento pelo Tribunal do J\u00fari.\" \/>\n<meta property=\"og:url\" content=\"https:\/\/sudoesteacontece.com.br\/?p=4368\" \/>\n<meta property=\"og:site_name\" content=\"Sudoesteacontece\" \/>\n<meta property=\"article:publisher\" content=\"https:\/\/www.facebook.com\/sudoesteacontece\/?locale=pt_BR\" \/>\n<meta property=\"article:published_time\" content=\"2025-12-18T20:10:41+00:00\" \/>\n<meta property=\"article:modified_time\" content=\"2025-12-18T20:10:44+00:00\" \/>\n<meta property=\"og:image\" content=\"https:\/\/sudoesteacontece.com.br\/wp-content\/uploads\/2025\/12\/Acusado-de-matar-mecanico-em-Brumado-recebe-liberdade-provisoria-sudoeste-acontece.jpg\" \/>\n\t<meta property=\"og:image:width\" content=\"900\" \/>\n\t<meta property=\"og:image:height\" content=\"600\" \/>\n\t<meta property=\"og:image:type\" content=\"image\/jpeg\" \/>\n<meta name=\"author\" content=\"Washington Tiago\" \/>\n<meta name=\"twitter:card\" content=\"summary_large_image\" \/>\n<meta name=\"twitter:label1\" content=\"Escrito por\" \/>\n\t<meta name=\"twitter:data1\" content=\"Washington Tiago\" \/>\n\t<meta name=\"twitter:label2\" content=\"Est. tempo de leitura\" \/>\n\t<meta name=\"twitter:data2\" content=\"2 minutos\" \/>\n<script type=\"application\/ld+json\" class=\"yoast-schema-graph\">{\"@context\":\"https:\/\/schema.org\",\"@graph\":[{\"@type\":\"Article\",\"@id\":\"https:\/\/sudoesteacontece.com.br\/?p=4368#article\",\"isPartOf\":{\"@id\":\"https:\/\/sudoesteacontece.com.br\/?p=4368\"},\"author\":{\"name\":\"Washington Tiago\",\"@id\":\"https:\/\/sudoesteacontece.com.br\/#\/schema\/person\/3cf2cf009926a9683ebc29d5379fa79c\"},\"headline\":\"Acusado de matar mec\u00e2nico em Brumado recebe liberdade provis\u00f3ria\",\"datePublished\":\"2025-12-18T20:10:41+00:00\",\"dateModified\":\"2025-12-18T20:10:44+00:00\",\"mainEntityOfPage\":{\"@id\":\"https:\/\/sudoesteacontece.com.br\/?p=4368\"},\"wordCount\":263,\"commentCount\":0,\"publisher\":{\"@id\":\"https:\/\/sudoesteacontece.com.br\/#organization\"},\"image\":{\"@id\":\"https:\/\/sudoesteacontece.com.br\/?p=4368#primaryimage\"},\"thumbnailUrl\":\"https:\/\/sudoesteacontece.com.br\/wp-content\/uploads\/2025\/12\/Acusado-de-matar-mecanico-em-Brumado-recebe-liberdade-provisoria-sudoeste-acontece.jpg\",\"articleSection\":[\"Brumado\",\"Justi\u00e7a\",\"Pol\u00edcia\"],\"inLanguage\":\"pt-BR\",\"potentialAction\":[{\"@type\":\"CommentAction\",\"name\":\"Comment\",\"target\":[\"https:\/\/sudoesteacontece.com.br\/?p=4368#respond\"]}]},{\"@type\":\"WebPage\",\"@id\":\"https:\/\/sudoesteacontece.com.br\/?p=4368\",\"url\":\"https:\/\/sudoesteacontece.com.br\/?p=4368\",\"name\":\"Acusado de matar mec\u00e2nico em Brumado recebe liberdade provis\u00f3ria - Sudoesteacontece\",\"isPartOf\":{\"@id\":\"https:\/\/sudoesteacontece.com.br\/#website\"},\"primaryImageOfPage\":{\"@id\":\"https:\/\/sudoesteacontece.com.br\/?p=4368#primaryimage\"},\"image\":{\"@id\":\"https:\/\/sudoesteacontece.com.br\/?p=4368#primaryimage\"},\"thumbnailUrl\":\"https:\/\/sudoesteacontece.com.br\/wp-content\/uploads\/2025\/12\/Acusado-de-matar-mecanico-em-Brumado-recebe-liberdade-provisoria-sudoeste-acontece.jpg\",\"datePublished\":\"2025-12-18T20:10:41+00:00\",\"dateModified\":\"2025-12-18T20:10:44+00:00\",\"breadcrumb\":{\"@id\":\"https:\/\/sudoesteacontece.com.br\/?p=4368#breadcrumb\"},\"inLanguage\":\"pt-BR\",\"potentialAction\":[{\"@type\":\"ReadAction\",\"target\":[\"https:\/\/sudoesteacontece.com.br\/?p=4368\"]}]},{\"@type\":\"ImageObject\",\"inLanguage\":\"pt-BR\",\"@id\":\"https:\/\/sudoesteacontece.com.br\/?p=4368#primaryimage\",\"url\":\"https:\/\/sudoesteacontece.com.br\/wp-content\/uploads\/2025\/12\/Acusado-de-matar-mecanico-em-Brumado-recebe-liberdade-provisoria-sudoeste-acontece.jpg\",\"contentUrl\":\"https:\/\/sudoesteacontece.com.br\/wp-content\/uploads\/2025\/12\/Acusado-de-matar-mecanico-em-Brumado-recebe-liberdade-provisoria-sudoeste-acontece.jpg\",\"width\":900,\"height\":600},{\"@type\":\"BreadcrumbList\",\"@id\":\"https:\/\/sudoesteacontece.com.br\/?p=4368#breadcrumb\",\"itemListElement\":[{\"@type\":\"ListItem\",\"position\":1,\"name\":\"In\u00edcio\",\"item\":\"https:\/\/sudoesteacontece.com.br\/\"},{\"@type\":\"ListItem\",\"position\":2,\"name\":\"Acusado de matar mec\u00e2nico em Brumado recebe liberdade provis\u00f3ria\"}]},{\"@type\":\"WebSite\",\"@id\":\"https:\/\/sudoesteacontece.com.br\/#website\",\"url\":\"https:\/\/sudoesteacontece.com.br\/\",\"name\":\"Sudoesteacontece\",\"description\":\"\",\"publisher\":{\"@id\":\"https:\/\/sudoesteacontece.com.br\/#organization\"},\"potentialAction\":[{\"@type\":\"SearchAction\",\"target\":{\"@type\":\"EntryPoint\",\"urlTemplate\":\"https:\/\/sudoesteacontece.com.br\/?s={search_term_string}\"},\"query-input\":{\"@type\":\"PropertyValueSpecification\",\"valueRequired\":true,\"valueName\":\"search_term_string\"}}],\"inLanguage\":\"pt-BR\"},{\"@type\":\"Organization\",\"@id\":\"https:\/\/sudoesteacontece.com.br\/#organization\",\"name\":\"Sudoesteacontece\",\"url\":\"https:\/\/sudoesteacontece.com.br\/\",\"logo\":{\"@type\":\"ImageObject\",\"inLanguage\":\"pt-BR\",\"@id\":\"https:\/\/sudoesteacontece.com.br\/#\/schema\/logo\/image\/\",\"url\":\"https:\/\/sudoesteacontece.com.br\/wp-content\/uploads\/2025\/12\/cropped-logo-2-180x180-1.png\",\"contentUrl\":\"https:\/\/sudoesteacontece.com.br\/wp-content\/uploads\/2025\/12\/cropped-logo-2-180x180-1.png\",\"width\":180,\"height\":180,\"caption\":\"Sudoesteacontece\"},\"image\":{\"@id\":\"https:\/\/sudoesteacontece.com.br\/#\/schema\/logo\/image\/\"},\"sameAs\":[\"https:\/\/www.facebook.com\/sudoesteacontece\/?locale=pt_BR\"]},{\"@type\":\"Person\",\"@id\":\"https:\/\/sudoesteacontece.com.br\/#\/schema\/person\/3cf2cf009926a9683ebc29d5379fa79c\",\"name\":\"Washington Tiago\",\"image\":{\"@type\":\"ImageObject\",\"inLanguage\":\"pt-BR\",\"@id\":\"https:\/\/sudoesteacontece.com.br\/#\/schema\/person\/image\/\",\"url\":\"https:\/\/secure.gravatar.com\/avatar\/33c43b8668157e040f9d1fe93c354bf087cbd8ba36270c1163198bd3ddcf2a56?s=96&d=mm&r=g\",\"contentUrl\":\"https:\/\/secure.gravatar.com\/avatar\/33c43b8668157e040f9d1fe93c354bf087cbd8ba36270c1163198bd3ddcf2a56?s=96&d=mm&r=g\",\"caption\":\"Washington Tiago\"},\"url\":\"https:\/\/sudoesteacontece.com.br\/?author=2\"}]}<\/script>\n<!-- \/ Yoast SEO plugin. -->","yoast_head_json":{"title":"Acusado de matar mec\u00e2nico em Brumado recebe liberdade provis\u00f3ria - Sudoesteacontece","robots":{"index":"index","follow":"follow","max-snippet":"max-snippet:-1","max-image-preview":"max-image-preview:large","max-video-preview":"max-video-preview:-1"},"canonical":"https:\/\/sudoesteacontece.com.br\/?p=4368","og_locale":"pt_BR","og_type":"article","og_title":"Acusado de matar mec\u00e2nico em Brumado recebe liberdade provis\u00f3ria - Sudoesteacontece","og_description":"Decis\u00e3o do Tribunal de Justi\u00e7a da Bahia (TJ-BA) concedeu liberdade provis\u00f3ria a Anderson Karany da Silva Santos, acusado de matar Cl\u00e1udio Tavares Souza, conhecido como \u201cTatai\u201d, a tiros na zona rural de Brumado, em 5 de maio de 2024, na comunidade de Pedra Preta. Juiz Genivaldo Alves Guimar\u00e3es, da Vara Criminal de Brumado, determinou que Anderson responder\u00e1 por homic\u00eddio qualificado pelo recurso que dificultou a defesa da v\u00edtima. A qualificadora de motivo f\u00fatil foi afastada devido a rixa antiga iniciada em 2003, quando Anderson foi esfaqueado durante uma confus\u00e3o. Segundo a den\u00fancia do Minist\u00e9rio P\u00fablico, Cl\u00e1udio foi surpreendido por disparos enquanto aguardava mesa em um bar, acompanhado da esposa, da filha e de amigos. O crime gerou como\u00e7\u00e3o na comunidade e mobilizou a pol\u00edcia local para investiga\u00e7\u00e3o imediata. Ao analisar o pedido de revoga\u00e7\u00e3o da pris\u00e3o preventiva, o juiz considerou que o r\u00e9u n\u00e3o possui condena\u00e7\u00f5es, mant\u00e9m resid\u00eancia fixa, v\u00ednculos familiares e atua no ramo da constru\u00e7\u00e3o civil, permitindo a substitui\u00e7\u00e3o da pris\u00e3o por medidas cautelares espec\u00edficas determinadas pelo Tribunal. Entre as condi\u00e7\u00f5es impostas est\u00e3o o pagamento de fian\u00e7a de R$ 50 mil, atualiza\u00e7\u00e3o obrigat\u00f3ria de endere\u00e7o, proibi\u00e7\u00e3o de se ausentar da comarca sem autoriza\u00e7\u00e3o judicial, manter dist\u00e2ncia m\u00ednima de 200 metros da vi\u00fava da v\u00edtima e comparecimento obrigat\u00f3rio ao julgamento pelo Tribunal do J\u00fari.","og_url":"https:\/\/sudoesteacontece.com.br\/?p=4368","og_site_name":"Sudoesteacontece","article_publisher":"https:\/\/www.facebook.com\/sudoesteacontece\/?locale=pt_BR","article_published_time":"2025-12-18T20:10:41+00:00","article_modified_time":"2025-12-18T20:10:44+00:00","og_image":[{"width":900,"height":600,"url":"https:\/\/sudoesteacontece.com.br\/wp-content\/uploads\/2025\/12\/Acusado-de-matar-mecanico-em-Brumado-recebe-liberdade-provisoria-sudoeste-acontece.jpg","type":"image\/jpeg"}],"author":"Washington Tiago","twitter_card":"summary_large_image","twitter_misc":{"Escrito por":"Washington Tiago","Est. tempo de leitura":"2 minutos"},"schema":{"@context":"https:\/\/schema.org","@graph":[{"@type":"Article","@id":"https:\/\/sudoesteacontece.com.br\/?p=4368#article","isPartOf":{"@id":"https:\/\/sudoesteacontece.com.br\/?p=4368"},"author":{"name":"Washington Tiago","@id":"https:\/\/sudoesteacontece.com.br\/#\/schema\/person\/3cf2cf009926a9683ebc29d5379fa79c"},"headline":"Acusado de matar mec\u00e2nico em Brumado recebe liberdade provis\u00f3ria","datePublished":"2025-12-18T20:10:41+00:00","dateModified":"2025-12-18T20:10:44+00:00","mainEntityOfPage":{"@id":"https:\/\/sudoesteacontece.com.br\/?p=4368"},"wordCount":263,"commentCount":0,"publisher":{"@id":"https:\/\/sudoesteacontece.com.br\/#organization"},"image":{"@id":"https:\/\/sudoesteacontece.com.br\/?p=4368#primaryimage"},"thumbnailUrl":"https:\/\/sudoesteacontece.com.br\/wp-content\/uploads\/2025\/12\/Acusado-de-matar-mecanico-em-Brumado-recebe-liberdade-provisoria-sudoeste-acontece.jpg","articleSection":["Brumado","Justi\u00e7a","Pol\u00edcia"],"inLanguage":"pt-BR","potentialAction":[{"@type":"CommentAction","name":"Comment","target":["https:\/\/sudoesteacontece.com.br\/?p=4368#respond"]}]},{"@type":"WebPage","@id":"https:\/\/sudoesteacontece.com.br\/?p=4368","url":"https:\/\/sudoesteacontece.com.br\/?p=4368","name":"Acusado de matar mec\u00e2nico em Brumado recebe liberdade provis\u00f3ria - Sudoesteacontece","isPartOf":{"@id":"https:\/\/sudoesteacontece.com.br\/#website"},"primaryImageOfPage":{"@id":"https:\/\/sudoesteacontece.com.br\/?p=4368#primaryimage"},"image":{"@id":"https:\/\/sudoesteacontece.com.br\/?p=4368#primaryimage"},"thumbnailUrl":"https:\/\/sudoesteacontece.com.br\/wp-content\/uploads\/2025\/12\/Acusado-de-matar-mecanico-em-Brumado-recebe-liberdade-provisoria-sudoeste-acontece.jpg","datePublished":"2025-12-18T20:10:41+00:00","dateModified":"2025-12-18T20:10:44+00:00","breadcrumb":{"@id":"https:\/\/sudoesteacontece.com.br\/?p=4368#breadcrumb"},"inLanguage":"pt-BR","potentialAction":[{"@type":"ReadAction","target":["https:\/\/sudoesteacontece.com.br\/?p=4368"]}]},{"@type":"ImageObject","inLanguage":"pt-BR","@id":"https:\/\/sudoesteacontece.com.br\/?p=4368#primaryimage","url":"https:\/\/sudoesteacontece.com.br\/wp-content\/uploads\/2025\/12\/Acusado-de-matar-mecanico-em-Brumado-recebe-liberdade-provisoria-sudoeste-acontece.jpg","contentUrl":"https:\/\/sudoesteacontece.com.br\/wp-content\/uploads\/2025\/12\/Acusado-de-matar-mecanico-em-Brumado-recebe-liberdade-provisoria-sudoeste-acontece.jpg","width":900,"height":600},{"@type":"BreadcrumbList","@id":"https:\/\/sudoesteacontece.com.br\/?p=4368#breadcrumb","itemListElement":[{"@type":"ListItem","position":1,"name":"In\u00edcio","item":"https:\/\/sudoesteacontece.com.br\/"},{"@type":"ListItem","position":2,"name":"Acusado de matar mec\u00e2nico em Brumado recebe liberdade provis\u00f3ria"}]},{"@type":"WebSite","@id":"https:\/\/sudoesteacontece.com.br\/#website","url":"https:\/\/sudoesteacontece.com.br\/","name":"Sudoesteacontece","description":"","publisher":{"@id":"https:\/\/sudoesteacontece.com.br\/#organization"},"potentialAction":[{"@type":"SearchAction","target":{"@type":"EntryPoint","urlTemplate":"https:\/\/sudoesteacontece.com.br\/?s={search_term_string}"},"query-input":{"@type":"PropertyValueSpecification","valueRequired":true,"valueName":"search_term_string"}}],"inLanguage":"pt-BR"},{"@type":"Organization","@id":"https:\/\/sudoesteacontece.com.br\/#organization","name":"Sudoesteacontece","url":"https:\/\/sudoesteacontece.com.br\/","logo":{"@type":"ImageObject","inLanguage":"pt-BR","@id":"https:\/\/sudoesteacontece.com.br\/#\/schema\/logo\/image\/","url":"https:\/\/sudoesteacontece.com.br\/wp-content\/uploads\/2025\/12\/cropped-logo-2-180x180-1.png","contentUrl":"https:\/\/sudoesteacontece.com.br\/wp-content\/uploads\/2025\/12\/cropped-logo-2-180x180-1.png","width":180,"height":180,"caption":"Sudoesteacontece"},"image":{"@id":"https:\/\/sudoesteacontece.com.br\/#\/schema\/logo\/image\/"},"sameAs":["https:\/\/www.facebook.com\/sudoesteacontece\/?locale=pt_BR"]},{"@type":"Person","@id":"https:\/\/sudoesteacontece.com.br\/#\/schema\/person\/3cf2cf009926a9683ebc29d5379fa79c","name":"Washington Tiago","image":{"@type":"ImageObject","inLanguage":"pt-BR","@id":"https:\/\/sudoesteacontece.com.br\/#\/schema\/person\/image\/","url":"https:\/\/secure.gravatar.com\/avatar\/33c43b8668157e040f9d1fe93c354bf087cbd8ba36270c1163198bd3ddcf2a56?s=96&d=mm&r=g","contentUrl":"https:\/\/secure.gravatar.com\/avatar\/33c43b8668157e040f9d1fe93c354bf087cbd8ba36270c1163198bd3ddcf2a56?s=96&d=mm&r=g","caption":"Washington Tiago"},"url":"https:\/\/sudoesteacontece.com.br\/?author=2"}]}},"_links":{"self":[{"href":"https:\/\/sudoesteacontece.com.br\/index.php?rest_route=\/wp\/v2\/posts\/4368","targetHints":{"allow":["GET"]}}],"collection":[{"href":"https:\/\/sudoesteacontece.com.br\/index.php?rest_route=\/wp\/v2\/posts"}],"about":[{"href":"https:\/\/sudoesteacontece.com.br\/index.php?rest_route=\/wp\/v2\/types\/post"}],"author":[{"embeddable":true,"href":"https:\/\/sudoesteacontece.com.br\/index.php?rest_route=\/wp\/v2\/users\/2"}],"replies":[{"embeddable":true,"href":"https:\/\/sudoesteacontece.com.br\/index.php?rest_route=%2Fwp%2Fv2%2Fcomments&post=4368"}],"version-history":[{"count":0,"href":"https:\/\/sudoesteacontece.com.br\/index.php?rest_route=\/wp\/v2\/posts\/4368\/revisions"}],"wp:featuredmedia":[{"embeddable":true,"href":"https:\/\/sudoesteacontece.com.br\/index.php?rest_route=\/wp\/v2\/media\/4376"}],"wp:attachment":[{"href":"https:\/\/sudoesteacontece.com.br\/index.php?rest_route=%2Fwp%2Fv2%2Fmedia&parent=4368"}],"wp:term":[{"taxonomy":"category","embeddable":true,"href":"https:\/\/sudoesteacontece.com.br\/index.php?rest_route=%2Fwp%2Fv2%2Fcategories&post=4368"},{"taxonomy":"post_tag","embeddable":true,"href":"https:\/\/sudoesteacontece.com.br\/index.php?rest_route=%2Fwp%2Fv2%2Ftags&post=4368"}],"curies":[{"name":"wp","href":"https:\/\/api.w.org\/{rel}","templated":true}]}}