{"id":4400,"date":"2025-12-19T09:57:43","date_gmt":"2025-12-19T12:57:43","guid":{"rendered":"https:\/\/sudoesteacontece.com.br\/?p=4400"},"modified":"2025-12-19T09:57:45","modified_gmt":"2025-12-19T12:57:45","slug":"caminhao-perde-freios-na-serra-das-almas-e-motorista-evita-tragedia-na-ba-148","status":"publish","type":"post","link":"https:\/\/sudoesteacontece.com.br\/?p=4400","title":{"rendered":"Caminh\u00e3o perde freios na Serra das Almas e motorista evita trag\u00e9dia na BA-148"},"content":{"rendered":"<div class=\"wp-block-image\">\n<figure class=\"aligncenter size-full\"><img fetchpriority=\"high\" decoding=\"async\" width=\"900\" height=\"600\" src=\"http:\/\/sudoesteacontece.com.br\/wp-content\/uploads\/2025\/12\/Caminhao-perde-freios-na-Serra-das-Almas-e-motorista-evita-tragedia-na-BA-148-sudoeste-acontece.jpg\" alt=\"\" class=\"wp-image-4428\" srcset=\"https:\/\/sudoesteacontece.com.br\/wp-content\/uploads\/2025\/12\/Caminhao-perde-freios-na-Serra-das-Almas-e-motorista-evita-tragedia-na-BA-148-sudoeste-acontece.jpg 900w, https:\/\/sudoesteacontece.com.br\/wp-content\/uploads\/2025\/12\/Caminhao-perde-freios-na-Serra-das-Almas-e-motorista-evita-tragedia-na-BA-148-sudoeste-acontece-300x200.jpg 300w, https:\/\/sudoesteacontece.com.br\/wp-content\/uploads\/2025\/12\/Caminhao-perde-freios-na-Serra-das-Almas-e-motorista-evita-tragedia-na-BA-148-sudoeste-acontece-768x512.jpg 768w\" sizes=\"(max-width: 900px) 100vw, 900px\" \/><\/figure>\n<\/div>\n\n\n<p>Susto tomou conta da tarde de quinta-feira (18) na BA-148, quando um caminh\u00e3o perdeu os freios na Serra das Almas, trecho entre Livramento de Nossa Senhora e Rio de Contas. O incidente ocorreu em uma \u00e1rea cr\u00edtica da rodovia, conhecida como curva do \u201cS\u201d, onde o risco \u00e9 elevado. A situa\u00e7\u00e3o mobilizou aten\u00e7\u00e3o de quem passava pelo local e gerou apreens\u00e3o.<\/p>\n\n\n\n<p>Mesmo diante da falha mec\u00e2nica, o motorista demonstrou habilidade e sangue-frio ao manter o controle do caminh\u00e3o em meio \u00e0s curvas acentuadas. Com uma manobra decisiva, ele direcionou o ve\u00edculo para um barranco \u00e0s margens da pista, evitando uma poss\u00edvel colis\u00e3o frontal ou queda em \u00e1rea de risco, o que poderia resultar em consequ\u00eancias graves.<\/p>\n\n\n\n<p>Dentro do caminh\u00e3o estavam o condutor e um ajudante, que escaparam ilesos apesar do impacto e do susto. O acidente provocou apenas danos materiais. Durante o atendimento da ocorr\u00eancia, o tr\u00e2nsito ficou parcialmente comprometido por um curto per\u00edodo, mas seguiu sem registro de outros ve\u00edculos envolvidos no trecho.<\/p>\n\n\n\n<p>Conhecida pela complexidade do tra\u00e7ado, a Serra das Almas exige aten\u00e7\u00e3o redobrada, especialmente de caminh\u00f5es e ve\u00edculos de carga pesada. Moradores e motoristas alertam para os riscos constantes. As causas da falha nos freios ainda n\u00e3o foram oficialmente informadas, e o caso deve ser apurado pelas autoridades competentes.<\/p>\n","protected":false},"excerpt":{"rendered":"<p>Susto tomou conta da tarde de quinta-feira (18) na BA-148, quando um caminh\u00e3o perdeu os freios na Serra das Almas, trecho entre Livramento de Nossa Senhora e Rio de Contas. O incidente ocorreu em uma \u00e1rea cr\u00edtica da rodovia, conhecida como curva do \u201cS\u201d, onde o risco \u00e9 elevado. A situa\u00e7\u00e3o mobilizou aten\u00e7\u00e3o de quem passava pelo local e gerou apreens\u00e3o. Mesmo diante da falha mec\u00e2nica, o motorista demonstrou habilidade e sangue-frio ao manter o controle do caminh\u00e3o em meio \u00e0s curvas acentuadas. Com uma manobra decisiva, ele direcionou o ve\u00edculo para um barranco \u00e0s margens da pista, evitando uma poss\u00edvel colis\u00e3o frontal ou queda em \u00e1rea de risco, o que poderia resultar em consequ\u00eancias graves. Dentro do caminh\u00e3o estavam o condutor e um ajudante, que escaparam ilesos apesar do impacto e do susto. O acidente provocou apenas danos materiais. Durante o atendimento da ocorr\u00eancia, o tr\u00e2nsito ficou parcialmente comprometido por um curto per\u00edodo, mas seguiu sem registro de outros ve\u00edculos envolvidos no trecho. Conhecida pela complexidade do tra\u00e7ado, a Serra das Almas exige aten\u00e7\u00e3o redobrada, especialmente de caminh\u00f5es e ve\u00edculos de carga pesada. Moradores e motoristas alertam para os riscos constantes. As causas da falha nos freios ainda n\u00e3o foram oficialmente informadas, e o caso deve ser apurado pelas autoridades competentes.<\/p>\n","protected":false},"author":2,"featured_media":4428,"comment_status":"open","ping_status":"open","sticky":false,"template":"","format":"standard","meta":{"footnotes":""},"categories":[5,18,62],"tags":[],"class_list":["post-4400","post","type-post","status-publish","format-standard","has-post-thumbnail","hentry","category-acidente","category-livramento","category-rio-de-contas"],"yoast_head":"<!-- This site is optimized with the Yoast SEO plugin v26.5 - https:\/\/yoast.com\/wordpress\/plugins\/seo\/ -->\n<title>Caminh\u00e3o perde freios na Serra das Almas e motorista evita trag\u00e9dia na BA-148 - Sudoesteacontece<\/title>\n<meta name=\"robots\" content=\"index, follow, max-snippet:-1, max-image-preview:large, max-video-preview:-1\" \/>\n<link rel=\"canonical\" href=\"https:\/\/sudoesteacontece.com.br\/?p=4400\" \/>\n<meta property=\"og:locale\" content=\"pt_BR\" \/>\n<meta property=\"og:type\" content=\"article\" \/>\n<meta property=\"og:title\" content=\"Caminh\u00e3o perde freios na Serra das Almas e motorista evita trag\u00e9dia na BA-148 - Sudoesteacontece\" \/>\n<meta property=\"og:description\" content=\"Susto tomou conta da tarde de quinta-feira (18) na BA-148, quando um caminh\u00e3o perdeu os freios na Serra das Almas, trecho entre Livramento de Nossa Senhora e Rio de Contas. O incidente ocorreu em uma \u00e1rea cr\u00edtica da rodovia, conhecida como curva do \u201cS\u201d, onde o risco \u00e9 elevado. A situa\u00e7\u00e3o mobilizou aten\u00e7\u00e3o de quem passava pelo local e gerou apreens\u00e3o. Mesmo diante da falha mec\u00e2nica, o motorista demonstrou habilidade e sangue-frio ao manter o controle do caminh\u00e3o em meio \u00e0s curvas acentuadas. Com uma manobra decisiva, ele direcionou o ve\u00edculo para um barranco \u00e0s margens da pista, evitando uma poss\u00edvel colis\u00e3o frontal ou queda em \u00e1rea de risco, o que poderia resultar em consequ\u00eancias graves. Dentro do caminh\u00e3o estavam o condutor e um ajudante, que escaparam ilesos apesar do impacto e do susto. O acidente provocou apenas danos materiais. Durante o atendimento da ocorr\u00eancia, o tr\u00e2nsito ficou parcialmente comprometido por um curto per\u00edodo, mas seguiu sem registro de outros ve\u00edculos envolvidos no trecho. Conhecida pela complexidade do tra\u00e7ado, a Serra das Almas exige aten\u00e7\u00e3o redobrada, especialmente de caminh\u00f5es e ve\u00edculos de carga pesada. Moradores e motoristas alertam para os riscos constantes. As causas da falha nos freios ainda n\u00e3o foram oficialmente informadas, e o caso deve ser apurado pelas autoridades competentes.\" \/>\n<meta property=\"og:url\" content=\"https:\/\/sudoesteacontece.com.br\/?p=4400\" \/>\n<meta property=\"og:site_name\" content=\"Sudoesteacontece\" \/>\n<meta property=\"article:publisher\" content=\"https:\/\/www.facebook.com\/sudoesteacontece\/?locale=pt_BR\" \/>\n<meta property=\"article:published_time\" content=\"2025-12-19T12:57:43+00:00\" \/>\n<meta property=\"article:modified_time\" content=\"2025-12-19T12:57:45+00:00\" \/>\n<meta property=\"og:image\" content=\"https:\/\/sudoesteacontece.com.br\/wp-content\/uploads\/2025\/12\/Caminhao-perde-freios-na-Serra-das-Almas-e-motorista-evita-tragedia-na-BA-148-sudoeste-acontece.jpg\" \/>\n\t<meta property=\"og:image:width\" content=\"900\" \/>\n\t<meta property=\"og:image:height\" content=\"600\" \/>\n\t<meta property=\"og:image:type\" content=\"image\/jpeg\" \/>\n<meta name=\"author\" content=\"Washington Tiago\" \/>\n<meta name=\"twitter:card\" content=\"summary_large_image\" \/>\n<meta name=\"twitter:label1\" content=\"Escrito por\" \/>\n\t<meta name=\"twitter:data1\" content=\"Washington Tiago\" \/>\n\t<meta name=\"twitter:label2\" content=\"Est. tempo de leitura\" \/>\n\t<meta name=\"twitter:data2\" content=\"2 minutos\" \/>\n<script type=\"application\/ld+json\" class=\"yoast-schema-graph\">{\"@context\":\"https:\/\/schema.org\",\"@graph\":[{\"@type\":\"Article\",\"@id\":\"https:\/\/sudoesteacontece.com.br\/?p=4400#article\",\"isPartOf\":{\"@id\":\"https:\/\/sudoesteacontece.com.br\/?p=4400\"},\"author\":{\"name\":\"Washington Tiago\",\"@id\":\"https:\/\/sudoesteacontece.com.br\/#\/schema\/person\/3cf2cf009926a9683ebc29d5379fa79c\"},\"headline\":\"Caminh\u00e3o perde freios na Serra das Almas e motorista evita trag\u00e9dia na BA-148\",\"datePublished\":\"2025-12-19T12:57:43+00:00\",\"dateModified\":\"2025-12-19T12:57:45+00:00\",\"mainEntityOfPage\":{\"@id\":\"https:\/\/sudoesteacontece.com.br\/?p=4400\"},\"wordCount\":246,\"commentCount\":0,\"publisher\":{\"@id\":\"https:\/\/sudoesteacontece.com.br\/#organization\"},\"image\":{\"@id\":\"https:\/\/sudoesteacontece.com.br\/?p=4400#primaryimage\"},\"thumbnailUrl\":\"https:\/\/sudoesteacontece.com.br\/wp-content\/uploads\/2025\/12\/Caminhao-perde-freios-na-Serra-das-Almas-e-motorista-evita-tragedia-na-BA-148-sudoeste-acontece.jpg\",\"articleSection\":[\"Acidente\",\"Livramento\",\"Rio de Contas\"],\"inLanguage\":\"pt-BR\",\"potentialAction\":[{\"@type\":\"CommentAction\",\"name\":\"Comment\",\"target\":[\"https:\/\/sudoesteacontece.com.br\/?p=4400#respond\"]}]},{\"@type\":\"WebPage\",\"@id\":\"https:\/\/sudoesteacontece.com.br\/?p=4400\",\"url\":\"https:\/\/sudoesteacontece.com.br\/?p=4400\",\"name\":\"Caminh\u00e3o perde freios na Serra das Almas e motorista evita trag\u00e9dia na BA-148 - Sudoesteacontece\",\"isPartOf\":{\"@id\":\"https:\/\/sudoesteacontece.com.br\/#website\"},\"primaryImageOfPage\":{\"@id\":\"https:\/\/sudoesteacontece.com.br\/?p=4400#primaryimage\"},\"image\":{\"@id\":\"https:\/\/sudoesteacontece.com.br\/?p=4400#primaryimage\"},\"thumbnailUrl\":\"https:\/\/sudoesteacontece.com.br\/wp-content\/uploads\/2025\/12\/Caminhao-perde-freios-na-Serra-das-Almas-e-motorista-evita-tragedia-na-BA-148-sudoeste-acontece.jpg\",\"datePublished\":\"2025-12-19T12:57:43+00:00\",\"dateModified\":\"2025-12-19T12:57:45+00:00\",\"breadcrumb\":{\"@id\":\"https:\/\/sudoesteacontece.com.br\/?p=4400#breadcrumb\"},\"inLanguage\":\"pt-BR\",\"potentialAction\":[{\"@type\":\"ReadAction\",\"target\":[\"https:\/\/sudoesteacontece.com.br\/?p=4400\"]}]},{\"@type\":\"ImageObject\",\"inLanguage\":\"pt-BR\",\"@id\":\"https:\/\/sudoesteacontece.com.br\/?p=4400#primaryimage\",\"url\":\"https:\/\/sudoesteacontece.com.br\/wp-content\/uploads\/2025\/12\/Caminhao-perde-freios-na-Serra-das-Almas-e-motorista-evita-tragedia-na-BA-148-sudoeste-acontece.jpg\",\"contentUrl\":\"https:\/\/sudoesteacontece.com.br\/wp-content\/uploads\/2025\/12\/Caminhao-perde-freios-na-Serra-das-Almas-e-motorista-evita-tragedia-na-BA-148-sudoeste-acontece.jpg\",\"width\":900,\"height\":600},{\"@type\":\"BreadcrumbList\",\"@id\":\"https:\/\/sudoesteacontece.com.br\/?p=4400#breadcrumb\",\"itemListElement\":[{\"@type\":\"ListItem\",\"position\":1,\"name\":\"In\u00edcio\",\"item\":\"https:\/\/sudoesteacontece.com.br\/\"},{\"@type\":\"ListItem\",\"position\":2,\"name\":\"Caminh\u00e3o perde freios na Serra das Almas e motorista evita trag\u00e9dia na BA-148\"}]},{\"@type\":\"WebSite\",\"@id\":\"https:\/\/sudoesteacontece.com.br\/#website\",\"url\":\"https:\/\/sudoesteacontece.com.br\/\",\"name\":\"Sudoesteacontece\",\"description\":\"\",\"publisher\":{\"@id\":\"https:\/\/sudoesteacontece.com.br\/#organization\"},\"potentialAction\":[{\"@type\":\"SearchAction\",\"target\":{\"@type\":\"EntryPoint\",\"urlTemplate\":\"https:\/\/sudoesteacontece.com.br\/?s={search_term_string}\"},\"query-input\":{\"@type\":\"PropertyValueSpecification\",\"valueRequired\":true,\"valueName\":\"search_term_string\"}}],\"inLanguage\":\"pt-BR\"},{\"@type\":\"Organization\",\"@id\":\"https:\/\/sudoesteacontece.com.br\/#organization\",\"name\":\"Sudoesteacontece\",\"url\":\"https:\/\/sudoesteacontece.com.br\/\",\"logo\":{\"@type\":\"ImageObject\",\"inLanguage\":\"pt-BR\",\"@id\":\"https:\/\/sudoesteacontece.com.br\/#\/schema\/logo\/image\/\",\"url\":\"https:\/\/sudoesteacontece.com.br\/wp-content\/uploads\/2025\/12\/cropped-logo-2-180x180-1.png\",\"contentUrl\":\"https:\/\/sudoesteacontece.com.br\/wp-content\/uploads\/2025\/12\/cropped-logo-2-180x180-1.png\",\"width\":180,\"height\":180,\"caption\":\"Sudoesteacontece\"},\"image\":{\"@id\":\"https:\/\/sudoesteacontece.com.br\/#\/schema\/logo\/image\/\"},\"sameAs\":[\"https:\/\/www.facebook.com\/sudoesteacontece\/?locale=pt_BR\"]},{\"@type\":\"Person\",\"@id\":\"https:\/\/sudoesteacontece.com.br\/#\/schema\/person\/3cf2cf009926a9683ebc29d5379fa79c\",\"name\":\"Washington Tiago\",\"image\":{\"@type\":\"ImageObject\",\"inLanguage\":\"pt-BR\",\"@id\":\"https:\/\/sudoesteacontece.com.br\/#\/schema\/person\/image\/\",\"url\":\"https:\/\/secure.gravatar.com\/avatar\/33c43b8668157e040f9d1fe93c354bf087cbd8ba36270c1163198bd3ddcf2a56?s=96&d=mm&r=g\",\"contentUrl\":\"https:\/\/secure.gravatar.com\/avatar\/33c43b8668157e040f9d1fe93c354bf087cbd8ba36270c1163198bd3ddcf2a56?s=96&d=mm&r=g\",\"caption\":\"Washington Tiago\"},\"url\":\"https:\/\/sudoesteacontece.com.br\/?author=2\"}]}<\/script>\n<!-- \/ Yoast SEO plugin. -->","yoast_head_json":{"title":"Caminh\u00e3o perde freios na Serra das Almas e motorista evita trag\u00e9dia na BA-148 - Sudoesteacontece","robots":{"index":"index","follow":"follow","max-snippet":"max-snippet:-1","max-image-preview":"max-image-preview:large","max-video-preview":"max-video-preview:-1"},"canonical":"https:\/\/sudoesteacontece.com.br\/?p=4400","og_locale":"pt_BR","og_type":"article","og_title":"Caminh\u00e3o perde freios na Serra das Almas e motorista evita trag\u00e9dia na BA-148 - Sudoesteacontece","og_description":"Susto tomou conta da tarde de quinta-feira (18) na BA-148, quando um caminh\u00e3o perdeu os freios na Serra das Almas, trecho entre Livramento de Nossa Senhora e Rio de Contas. O incidente ocorreu em uma \u00e1rea cr\u00edtica da rodovia, conhecida como curva do \u201cS\u201d, onde o risco \u00e9 elevado. A situa\u00e7\u00e3o mobilizou aten\u00e7\u00e3o de quem passava pelo local e gerou apreens\u00e3o. Mesmo diante da falha mec\u00e2nica, o motorista demonstrou habilidade e sangue-frio ao manter o controle do caminh\u00e3o em meio \u00e0s curvas acentuadas. Com uma manobra decisiva, ele direcionou o ve\u00edculo para um barranco \u00e0s margens da pista, evitando uma poss\u00edvel colis\u00e3o frontal ou queda em \u00e1rea de risco, o que poderia resultar em consequ\u00eancias graves. Dentro do caminh\u00e3o estavam o condutor e um ajudante, que escaparam ilesos apesar do impacto e do susto. O acidente provocou apenas danos materiais. Durante o atendimento da ocorr\u00eancia, o tr\u00e2nsito ficou parcialmente comprometido por um curto per\u00edodo, mas seguiu sem registro de outros ve\u00edculos envolvidos no trecho. Conhecida pela complexidade do tra\u00e7ado, a Serra das Almas exige aten\u00e7\u00e3o redobrada, especialmente de caminh\u00f5es e ve\u00edculos de carga pesada. Moradores e motoristas alertam para os riscos constantes. As causas da falha nos freios ainda n\u00e3o foram oficialmente informadas, e o caso deve ser apurado pelas autoridades competentes.","og_url":"https:\/\/sudoesteacontece.com.br\/?p=4400","og_site_name":"Sudoesteacontece","article_publisher":"https:\/\/www.facebook.com\/sudoesteacontece\/?locale=pt_BR","article_published_time":"2025-12-19T12:57:43+00:00","article_modified_time":"2025-12-19T12:57:45+00:00","og_image":[{"width":900,"height":600,"url":"https:\/\/sudoesteacontece.com.br\/wp-content\/uploads\/2025\/12\/Caminhao-perde-freios-na-Serra-das-Almas-e-motorista-evita-tragedia-na-BA-148-sudoeste-acontece.jpg","type":"image\/jpeg"}],"author":"Washington Tiago","twitter_card":"summary_large_image","twitter_misc":{"Escrito por":"Washington Tiago","Est. tempo de leitura":"2 minutos"},"schema":{"@context":"https:\/\/schema.org","@graph":[{"@type":"Article","@id":"https:\/\/sudoesteacontece.com.br\/?p=4400#article","isPartOf":{"@id":"https:\/\/sudoesteacontece.com.br\/?p=4400"},"author":{"name":"Washington Tiago","@id":"https:\/\/sudoesteacontece.com.br\/#\/schema\/person\/3cf2cf009926a9683ebc29d5379fa79c"},"headline":"Caminh\u00e3o perde freios na Serra das Almas e motorista evita trag\u00e9dia na BA-148","datePublished":"2025-12-19T12:57:43+00:00","dateModified":"2025-12-19T12:57:45+00:00","mainEntityOfPage":{"@id":"https:\/\/sudoesteacontece.com.br\/?p=4400"},"wordCount":246,"commentCount":0,"publisher":{"@id":"https:\/\/sudoesteacontece.com.br\/#organization"},"image":{"@id":"https:\/\/sudoesteacontece.com.br\/?p=4400#primaryimage"},"thumbnailUrl":"https:\/\/sudoesteacontece.com.br\/wp-content\/uploads\/2025\/12\/Caminhao-perde-freios-na-Serra-das-Almas-e-motorista-evita-tragedia-na-BA-148-sudoeste-acontece.jpg","articleSection":["Acidente","Livramento","Rio de Contas"],"inLanguage":"pt-BR","potentialAction":[{"@type":"CommentAction","name":"Comment","target":["https:\/\/sudoesteacontece.com.br\/?p=4400#respond"]}]},{"@type":"WebPage","@id":"https:\/\/sudoesteacontece.com.br\/?p=4400","url":"https:\/\/sudoesteacontece.com.br\/?p=4400","name":"Caminh\u00e3o perde freios na Serra das Almas e motorista evita trag\u00e9dia na BA-148 - Sudoesteacontece","isPartOf":{"@id":"https:\/\/sudoesteacontece.com.br\/#website"},"primaryImageOfPage":{"@id":"https:\/\/sudoesteacontece.com.br\/?p=4400#primaryimage"},"image":{"@id":"https:\/\/sudoesteacontece.com.br\/?p=4400#primaryimage"},"thumbnailUrl":"https:\/\/sudoesteacontece.com.br\/wp-content\/uploads\/2025\/12\/Caminhao-perde-freios-na-Serra-das-Almas-e-motorista-evita-tragedia-na-BA-148-sudoeste-acontece.jpg","datePublished":"2025-12-19T12:57:43+00:00","dateModified":"2025-12-19T12:57:45+00:00","breadcrumb":{"@id":"https:\/\/sudoesteacontece.com.br\/?p=4400#breadcrumb"},"inLanguage":"pt-BR","potentialAction":[{"@type":"ReadAction","target":["https:\/\/sudoesteacontece.com.br\/?p=4400"]}]},{"@type":"ImageObject","inLanguage":"pt-BR","@id":"https:\/\/sudoesteacontece.com.br\/?p=4400#primaryimage","url":"https:\/\/sudoesteacontece.com.br\/wp-content\/uploads\/2025\/12\/Caminhao-perde-freios-na-Serra-das-Almas-e-motorista-evita-tragedia-na-BA-148-sudoeste-acontece.jpg","contentUrl":"https:\/\/sudoesteacontece.com.br\/wp-content\/uploads\/2025\/12\/Caminhao-perde-freios-na-Serra-das-Almas-e-motorista-evita-tragedia-na-BA-148-sudoeste-acontece.jpg","width":900,"height":600},{"@type":"BreadcrumbList","@id":"https:\/\/sudoesteacontece.com.br\/?p=4400#breadcrumb","itemListElement":[{"@type":"ListItem","position":1,"name":"In\u00edcio","item":"https:\/\/sudoesteacontece.com.br\/"},{"@type":"ListItem","position":2,"name":"Caminh\u00e3o perde freios na Serra das Almas e motorista evita trag\u00e9dia na BA-148"}]},{"@type":"WebSite","@id":"https:\/\/sudoesteacontece.com.br\/#website","url":"https:\/\/sudoesteacontece.com.br\/","name":"Sudoesteacontece","description":"","publisher":{"@id":"https:\/\/sudoesteacontece.com.br\/#organization"},"potentialAction":[{"@type":"SearchAction","target":{"@type":"EntryPoint","urlTemplate":"https:\/\/sudoesteacontece.com.br\/?s={search_term_string}"},"query-input":{"@type":"PropertyValueSpecification","valueRequired":true,"valueName":"search_term_string"}}],"inLanguage":"pt-BR"},{"@type":"Organization","@id":"https:\/\/sudoesteacontece.com.br\/#organization","name":"Sudoesteacontece","url":"https:\/\/sudoesteacontece.com.br\/","logo":{"@type":"ImageObject","inLanguage":"pt-BR","@id":"https:\/\/sudoesteacontece.com.br\/#\/schema\/logo\/image\/","url":"https:\/\/sudoesteacontece.com.br\/wp-content\/uploads\/2025\/12\/cropped-logo-2-180x180-1.png","contentUrl":"https:\/\/sudoesteacontece.com.br\/wp-content\/uploads\/2025\/12\/cropped-logo-2-180x180-1.png","width":180,"height":180,"caption":"Sudoesteacontece"},"image":{"@id":"https:\/\/sudoesteacontece.com.br\/#\/schema\/logo\/image\/"},"sameAs":["https:\/\/www.facebook.com\/sudoesteacontece\/?locale=pt_BR"]},{"@type":"Person","@id":"https:\/\/sudoesteacontece.com.br\/#\/schema\/person\/3cf2cf009926a9683ebc29d5379fa79c","name":"Washington Tiago","image":{"@type":"ImageObject","inLanguage":"pt-BR","@id":"https:\/\/sudoesteacontece.com.br\/#\/schema\/person\/image\/","url":"https:\/\/secure.gravatar.com\/avatar\/33c43b8668157e040f9d1fe93c354bf087cbd8ba36270c1163198bd3ddcf2a56?s=96&d=mm&r=g","contentUrl":"https:\/\/secure.gravatar.com\/avatar\/33c43b8668157e040f9d1fe93c354bf087cbd8ba36270c1163198bd3ddcf2a56?s=96&d=mm&r=g","caption":"Washington Tiago"},"url":"https:\/\/sudoesteacontece.com.br\/?author=2"}]}},"_links":{"self":[{"href":"https:\/\/sudoesteacontece.com.br\/index.php?rest_route=\/wp\/v2\/posts\/4400","targetHints":{"allow":["GET"]}}],"collection":[{"href":"https:\/\/sudoesteacontece.com.br\/index.php?rest_route=\/wp\/v2\/posts"}],"about":[{"href":"https:\/\/sudoesteacontece.com.br\/index.php?rest_route=\/wp\/v2\/types\/post"}],"author":[{"embeddable":true,"href":"https:\/\/sudoesteacontece.com.br\/index.php?rest_route=\/wp\/v2\/users\/2"}],"replies":[{"embeddable":true,"href":"https:\/\/sudoesteacontece.com.br\/index.php?rest_route=%2Fwp%2Fv2%2Fcomments&post=4400"}],"version-history":[{"count":0,"href":"https:\/\/sudoesteacontece.com.br\/index.php?rest_route=\/wp\/v2\/posts\/4400\/revisions"}],"wp:featuredmedia":[{"embeddable":true,"href":"https:\/\/sudoesteacontece.com.br\/index.php?rest_route=\/wp\/v2\/media\/4428"}],"wp:attachment":[{"href":"https:\/\/sudoesteacontece.com.br\/index.php?rest_route=%2Fwp%2Fv2%2Fmedia&parent=4400"}],"wp:term":[{"taxonomy":"category","embeddable":true,"href":"https:\/\/sudoesteacontece.com.br\/index.php?rest_route=%2Fwp%2Fv2%2Fcategories&post=4400"},{"taxonomy":"post_tag","embeddable":true,"href":"https:\/\/sudoesteacontece.com.br\/index.php?rest_route=%2Fwp%2Fv2%2Ftags&post=4400"}],"curies":[{"name":"wp","href":"https:\/\/api.w.org\/{rel}","templated":true}]}}