{"id":4654,"date":"2025-12-23T11:21:41","date_gmt":"2025-12-23T14:21:41","guid":{"rendered":"https:\/\/sudoesteacontece.com.br\/?p=4654"},"modified":"2025-12-23T11:21:43","modified_gmt":"2025-12-23T14:21:43","slug":"sargento-ademir-alves-se-destaca-por-dedicacao-a-seguranca-e-vira-referencia-em-aracatu","status":"publish","type":"post","link":"https:\/\/sudoesteacontece.com.br\/?p=4654","title":{"rendered":"Sargento Ademir Alves se destaca por dedica\u00e7\u00e3o \u00e0 seguran\u00e7a e vira refer\u00eancia em Aracatu"},"content":{"rendered":"<div class=\"wp-block-image\">\n<figure class=\"aligncenter size-full\"><img fetchpriority=\"high\" decoding=\"async\" width=\"900\" height=\"600\" src=\"http:\/\/sudoesteacontece.com.br\/wp-content\/uploads\/2025\/12\/Sargento-Ademir-Alves-se-destaca-por-dedicacao-a-seguranca-e-vira-referencia-em-Aracatu-sudoeste-acontece.jpg\" alt=\"\" class=\"wp-image-4687\" srcset=\"https:\/\/sudoesteacontece.com.br\/wp-content\/uploads\/2025\/12\/Sargento-Ademir-Alves-se-destaca-por-dedicacao-a-seguranca-e-vira-referencia-em-Aracatu-sudoeste-acontece.jpg 900w, https:\/\/sudoesteacontece.com.br\/wp-content\/uploads\/2025\/12\/Sargento-Ademir-Alves-se-destaca-por-dedicacao-a-seguranca-e-vira-referencia-em-Aracatu-sudoeste-acontece-300x200.jpg 300w, https:\/\/sudoesteacontece.com.br\/wp-content\/uploads\/2025\/12\/Sargento-Ademir-Alves-se-destaca-por-dedicacao-a-seguranca-e-vira-referencia-em-Aracatu-sudoeste-acontece-768x512.jpg 768w\" sizes=\"(max-width: 900px) 100vw, 900px\" \/><\/figure>\n<\/div>\n\n\n<p>Aracatu reconhece a trajet\u00f3ria do sargento da Pol\u00edcia Militar Ademir Alves de Jesus, natural de Brumado, que construiu uma rela\u00e7\u00e3o profunda com o munic\u00edpio ao longo dos anos. Filho de Abelino de Jesus e de Arlinda Alves de Jesus, o policial mant\u00e9m la\u00e7os afetivos com a regi\u00e3o e consolidou sua atua\u00e7\u00e3o marcada por compromisso, respeito e proximidade com a comunidade local.<\/p>\n\n\n\n<p>Atua\u00e7\u00e3o no munic\u00edpio soma nove anos de servi\u00e7os prestados \u00e0 seguran\u00e7a p\u00fablica. Durante esse per\u00edodo, Ademir trabalhou em diferentes gest\u00f5es municipais, exercendo a fun\u00e7\u00e3o com profissionalismo e humanidade. A postura firme aliada ao di\u00e1logo rendeu reconhecimento da popula\u00e7\u00e3o e de lideran\u00e7as locais, fortalecendo a confian\u00e7a da comunidade na Pol\u00edcia Militar.<\/p>\n\n\n\n<p>Reconhecimento veio em 2025, quando o nome do sargento foi eternizado na placa de inaugura\u00e7\u00e3o do novo Pelot\u00e3o da Pol\u00edcia Militar de Aracatu. A homenagem simboliza o agradecimento institucional e popular pelo trabalho desenvolvido ao longo dos anos, consolidando sua imagem como refer\u00eancia na seguran\u00e7a do munic\u00edpio.<\/p>\n\n\n\n<p>Durante solenidade na C\u00e2mara Municipal, Ademir participou da cerim\u00f4nia que concedeu Mo\u00e7\u00e3o de Aplausos \u00e0 79\u00aa Companhia Independente da Pol\u00edcia Militar, sediada em Po\u00e7\u00f5es. A honraria foi entregue pela vereadora Juliana Maia, com presen\u00e7a da comandante major Ana Paula Fagundes Rocha, destacando a atua\u00e7\u00e3o da corpora\u00e7\u00e3o na cidade.<\/p>\n\n\n\n<p>Al\u00e9m disso, a pr\u00f3pria 79\u00aa CIPM homenageou o sargento como Policial Destaque 2025 em Aracatu. O reconhecimento oficial refor\u00e7a sua compet\u00eancia, disciplina e dedica\u00e7\u00e3o, legitimando sua trajet\u00f3ria dentro da corpora\u00e7\u00e3o e evidenciando sua contribui\u00e7\u00e3o direta para a seguran\u00e7a e o bem-estar da popula\u00e7\u00e3o.<\/p>\n\n\n\n<p>Para os moradores, o sargento Ademir representa mais que autoridade policial. Ele simboliza seguran\u00e7a com acolhimento, respeito e compromisso p\u00fablico. Sua conduta o transformou em refer\u00eancia que ultrapassa a farda, sendo reconhecido como cidad\u00e3o presente, admirado e comprometido com a ordem e a paz social.<\/p>\n","protected":false},"excerpt":{"rendered":"<p>Aracatu reconhece a trajet\u00f3ria do sargento da Pol\u00edcia Militar Ademir Alves de Jesus, natural de Brumado, que construiu uma rela\u00e7\u00e3o profunda com o munic\u00edpio ao longo dos anos. Filho de Abelino de Jesus e de Arlinda Alves de Jesus, o policial mant\u00e9m la\u00e7os afetivos com a regi\u00e3o e consolidou sua atua\u00e7\u00e3o marcada por compromisso, respeito e proximidade com a comunidade local. Atua\u00e7\u00e3o no munic\u00edpio soma nove anos de servi\u00e7os prestados \u00e0 seguran\u00e7a p\u00fablica. Durante esse per\u00edodo, Ademir trabalhou em diferentes gest\u00f5es municipais, exercendo a fun\u00e7\u00e3o com profissionalismo e humanidade. A postura firme aliada ao di\u00e1logo rendeu reconhecimento da popula\u00e7\u00e3o e de lideran\u00e7as locais, fortalecendo a confian\u00e7a da comunidade na Pol\u00edcia Militar. Reconhecimento veio em 2025, quando o nome do sargento foi eternizado na placa de inaugura\u00e7\u00e3o do novo Pelot\u00e3o da Pol\u00edcia Militar de Aracatu. A homenagem simboliza o agradecimento institucional e popular pelo trabalho desenvolvido ao longo dos anos, consolidando sua imagem como refer\u00eancia na seguran\u00e7a do munic\u00edpio. Durante solenidade na C\u00e2mara Municipal, Ademir participou da cerim\u00f4nia que concedeu Mo\u00e7\u00e3o de Aplausos \u00e0 79\u00aa Companhia Independente da Pol\u00edcia Militar, sediada em Po\u00e7\u00f5es. A honraria foi entregue pela vereadora Juliana Maia, com presen\u00e7a da comandante major Ana Paula Fagundes Rocha, destacando a atua\u00e7\u00e3o da corpora\u00e7\u00e3o na cidade. Al\u00e9m disso, a pr\u00f3pria 79\u00aa CIPM homenageou o sargento como Policial Destaque 2025 em Aracatu. O reconhecimento oficial refor\u00e7a sua compet\u00eancia, disciplina e dedica\u00e7\u00e3o, legitimando sua trajet\u00f3ria dentro da corpora\u00e7\u00e3o e evidenciando sua contribui\u00e7\u00e3o direta para a seguran\u00e7a e o bem-estar da popula\u00e7\u00e3o. Para os moradores, o sargento Ademir representa mais que autoridade policial. Ele simboliza seguran\u00e7a com acolhimento, respeito e compromisso p\u00fablico. Sua conduta o transformou em refer\u00eancia que ultrapassa a farda, sendo reconhecido como cidad\u00e3o presente, admirado e comprometido com a ordem e a paz social.<\/p>\n","protected":false},"author":2,"featured_media":4687,"comment_status":"open","ping_status":"open","sticky":false,"template":"","format":"standard","meta":{"footnotes":""},"categories":[72,4,3],"tags":[],"class_list":["post-4654","post","type-post","status-publish","format-standard","has-post-thumbnail","hentry","category-aracatu","category-cidades","category-policia"],"yoast_head":"<!-- This site is optimized with the Yoast SEO plugin v26.5 - https:\/\/yoast.com\/wordpress\/plugins\/seo\/ -->\n<title>Sargento Ademir Alves se destaca por dedica\u00e7\u00e3o \u00e0 seguran\u00e7a e vira refer\u00eancia em Aracatu - Sudoesteacontece<\/title>\n<meta name=\"robots\" content=\"index, follow, max-snippet:-1, max-image-preview:large, max-video-preview:-1\" \/>\n<link rel=\"canonical\" href=\"https:\/\/sudoesteacontece.com.br\/?p=4654\" \/>\n<meta property=\"og:locale\" content=\"pt_BR\" \/>\n<meta property=\"og:type\" content=\"article\" \/>\n<meta property=\"og:title\" content=\"Sargento Ademir Alves se destaca por dedica\u00e7\u00e3o \u00e0 seguran\u00e7a e vira refer\u00eancia em Aracatu - Sudoesteacontece\" \/>\n<meta property=\"og:description\" content=\"Aracatu reconhece a trajet\u00f3ria do sargento da Pol\u00edcia Militar Ademir Alves de Jesus, natural de Brumado, que construiu uma rela\u00e7\u00e3o profunda com o munic\u00edpio ao longo dos anos. Filho de Abelino de Jesus e de Arlinda Alves de Jesus, o policial mant\u00e9m la\u00e7os afetivos com a regi\u00e3o e consolidou sua atua\u00e7\u00e3o marcada por compromisso, respeito e proximidade com a comunidade local. Atua\u00e7\u00e3o no munic\u00edpio soma nove anos de servi\u00e7os prestados \u00e0 seguran\u00e7a p\u00fablica. Durante esse per\u00edodo, Ademir trabalhou em diferentes gest\u00f5es municipais, exercendo a fun\u00e7\u00e3o com profissionalismo e humanidade. A postura firme aliada ao di\u00e1logo rendeu reconhecimento da popula\u00e7\u00e3o e de lideran\u00e7as locais, fortalecendo a confian\u00e7a da comunidade na Pol\u00edcia Militar. Reconhecimento veio em 2025, quando o nome do sargento foi eternizado na placa de inaugura\u00e7\u00e3o do novo Pelot\u00e3o da Pol\u00edcia Militar de Aracatu. A homenagem simboliza o agradecimento institucional e popular pelo trabalho desenvolvido ao longo dos anos, consolidando sua imagem como refer\u00eancia na seguran\u00e7a do munic\u00edpio. Durante solenidade na C\u00e2mara Municipal, Ademir participou da cerim\u00f4nia que concedeu Mo\u00e7\u00e3o de Aplausos \u00e0 79\u00aa Companhia Independente da Pol\u00edcia Militar, sediada em Po\u00e7\u00f5es. A honraria foi entregue pela vereadora Juliana Maia, com presen\u00e7a da comandante major Ana Paula Fagundes Rocha, destacando a atua\u00e7\u00e3o da corpora\u00e7\u00e3o na cidade. Al\u00e9m disso, a pr\u00f3pria 79\u00aa CIPM homenageou o sargento como Policial Destaque 2025 em Aracatu. O reconhecimento oficial refor\u00e7a sua compet\u00eancia, disciplina e dedica\u00e7\u00e3o, legitimando sua trajet\u00f3ria dentro da corpora\u00e7\u00e3o e evidenciando sua contribui\u00e7\u00e3o direta para a seguran\u00e7a e o bem-estar da popula\u00e7\u00e3o. Para os moradores, o sargento Ademir representa mais que autoridade policial. Ele simboliza seguran\u00e7a com acolhimento, respeito e compromisso p\u00fablico. Sua conduta o transformou em refer\u00eancia que ultrapassa a farda, sendo reconhecido como cidad\u00e3o presente, admirado e comprometido com a ordem e a paz social.\" \/>\n<meta property=\"og:url\" content=\"https:\/\/sudoesteacontece.com.br\/?p=4654\" \/>\n<meta property=\"og:site_name\" content=\"Sudoesteacontece\" \/>\n<meta property=\"article:publisher\" content=\"https:\/\/www.facebook.com\/sudoesteacontece\/?locale=pt_BR\" \/>\n<meta property=\"article:published_time\" content=\"2025-12-23T14:21:41+00:00\" \/>\n<meta property=\"article:modified_time\" content=\"2025-12-23T14:21:43+00:00\" \/>\n<meta property=\"og:image\" content=\"https:\/\/sudoesteacontece.com.br\/wp-content\/uploads\/2025\/12\/Sargento-Ademir-Alves-se-destaca-por-dedicacao-a-seguranca-e-vira-referencia-em-Aracatu-sudoeste-acontece.jpg\" \/>\n\t<meta property=\"og:image:width\" content=\"900\" \/>\n\t<meta property=\"og:image:height\" content=\"600\" \/>\n\t<meta property=\"og:image:type\" content=\"image\/jpeg\" \/>\n<meta name=\"author\" content=\"Washington Tiago\" \/>\n<meta name=\"twitter:card\" content=\"summary_large_image\" \/>\n<meta name=\"twitter:label1\" content=\"Escrito por\" \/>\n\t<meta name=\"twitter:data1\" content=\"Washington Tiago\" \/>\n\t<meta name=\"twitter:label2\" content=\"Est. tempo de leitura\" \/>\n\t<meta name=\"twitter:data2\" content=\"3 minutos\" \/>\n<script type=\"application\/ld+json\" class=\"yoast-schema-graph\">{\"@context\":\"https:\/\/schema.org\",\"@graph\":[{\"@type\":\"Article\",\"@id\":\"https:\/\/sudoesteacontece.com.br\/?p=4654#article\",\"isPartOf\":{\"@id\":\"https:\/\/sudoesteacontece.com.br\/?p=4654\"},\"author\":{\"name\":\"Washington Tiago\",\"@id\":\"https:\/\/sudoesteacontece.com.br\/#\/schema\/person\/3cf2cf009926a9683ebc29d5379fa79c\"},\"headline\":\"Sargento Ademir Alves se destaca por dedica\u00e7\u00e3o \u00e0 seguran\u00e7a e vira refer\u00eancia em Aracatu\",\"datePublished\":\"2025-12-23T14:21:41+00:00\",\"dateModified\":\"2025-12-23T14:21:43+00:00\",\"mainEntityOfPage\":{\"@id\":\"https:\/\/sudoesteacontece.com.br\/?p=4654\"},\"wordCount\":353,\"commentCount\":0,\"publisher\":{\"@id\":\"https:\/\/sudoesteacontece.com.br\/#organization\"},\"image\":{\"@id\":\"https:\/\/sudoesteacontece.com.br\/?p=4654#primaryimage\"},\"thumbnailUrl\":\"https:\/\/sudoesteacontece.com.br\/wp-content\/uploads\/2025\/12\/Sargento-Ademir-Alves-se-destaca-por-dedicacao-a-seguranca-e-vira-referencia-em-Aracatu-sudoeste-acontece.jpg\",\"articleSection\":[\"Aracatu\",\"Cidades\",\"Pol\u00edcia\"],\"inLanguage\":\"pt-BR\",\"potentialAction\":[{\"@type\":\"CommentAction\",\"name\":\"Comment\",\"target\":[\"https:\/\/sudoesteacontece.com.br\/?p=4654#respond\"]}]},{\"@type\":\"WebPage\",\"@id\":\"https:\/\/sudoesteacontece.com.br\/?p=4654\",\"url\":\"https:\/\/sudoesteacontece.com.br\/?p=4654\",\"name\":\"Sargento Ademir Alves se destaca por dedica\u00e7\u00e3o \u00e0 seguran\u00e7a e vira refer\u00eancia em Aracatu - Sudoesteacontece\",\"isPartOf\":{\"@id\":\"https:\/\/sudoesteacontece.com.br\/#website\"},\"primaryImageOfPage\":{\"@id\":\"https:\/\/sudoesteacontece.com.br\/?p=4654#primaryimage\"},\"image\":{\"@id\":\"https:\/\/sudoesteacontece.com.br\/?p=4654#primaryimage\"},\"thumbnailUrl\":\"https:\/\/sudoesteacontece.com.br\/wp-content\/uploads\/2025\/12\/Sargento-Ademir-Alves-se-destaca-por-dedicacao-a-seguranca-e-vira-referencia-em-Aracatu-sudoeste-acontece.jpg\",\"datePublished\":\"2025-12-23T14:21:41+00:00\",\"dateModified\":\"2025-12-23T14:21:43+00:00\",\"breadcrumb\":{\"@id\":\"https:\/\/sudoesteacontece.com.br\/?p=4654#breadcrumb\"},\"inLanguage\":\"pt-BR\",\"potentialAction\":[{\"@type\":\"ReadAction\",\"target\":[\"https:\/\/sudoesteacontece.com.br\/?p=4654\"]}]},{\"@type\":\"ImageObject\",\"inLanguage\":\"pt-BR\",\"@id\":\"https:\/\/sudoesteacontece.com.br\/?p=4654#primaryimage\",\"url\":\"https:\/\/sudoesteacontece.com.br\/wp-content\/uploads\/2025\/12\/Sargento-Ademir-Alves-se-destaca-por-dedicacao-a-seguranca-e-vira-referencia-em-Aracatu-sudoeste-acontece.jpg\",\"contentUrl\":\"https:\/\/sudoesteacontece.com.br\/wp-content\/uploads\/2025\/12\/Sargento-Ademir-Alves-se-destaca-por-dedicacao-a-seguranca-e-vira-referencia-em-Aracatu-sudoeste-acontece.jpg\",\"width\":900,\"height\":600},{\"@type\":\"BreadcrumbList\",\"@id\":\"https:\/\/sudoesteacontece.com.br\/?p=4654#breadcrumb\",\"itemListElement\":[{\"@type\":\"ListItem\",\"position\":1,\"name\":\"In\u00edcio\",\"item\":\"https:\/\/sudoesteacontece.com.br\/\"},{\"@type\":\"ListItem\",\"position\":2,\"name\":\"Sargento Ademir Alves se destaca por dedica\u00e7\u00e3o \u00e0 seguran\u00e7a e vira refer\u00eancia em Aracatu\"}]},{\"@type\":\"WebSite\",\"@id\":\"https:\/\/sudoesteacontece.com.br\/#website\",\"url\":\"https:\/\/sudoesteacontece.com.br\/\",\"name\":\"Sudoesteacontece\",\"description\":\"\",\"publisher\":{\"@id\":\"https:\/\/sudoesteacontece.com.br\/#organization\"},\"potentialAction\":[{\"@type\":\"SearchAction\",\"target\":{\"@type\":\"EntryPoint\",\"urlTemplate\":\"https:\/\/sudoesteacontece.com.br\/?s={search_term_string}\"},\"query-input\":{\"@type\":\"PropertyValueSpecification\",\"valueRequired\":true,\"valueName\":\"search_term_string\"}}],\"inLanguage\":\"pt-BR\"},{\"@type\":\"Organization\",\"@id\":\"https:\/\/sudoesteacontece.com.br\/#organization\",\"name\":\"Sudoesteacontece\",\"url\":\"https:\/\/sudoesteacontece.com.br\/\",\"logo\":{\"@type\":\"ImageObject\",\"inLanguage\":\"pt-BR\",\"@id\":\"https:\/\/sudoesteacontece.com.br\/#\/schema\/logo\/image\/\",\"url\":\"https:\/\/sudoesteacontece.com.br\/wp-content\/uploads\/2025\/12\/cropped-logo-2-180x180-1.png\",\"contentUrl\":\"https:\/\/sudoesteacontece.com.br\/wp-content\/uploads\/2025\/12\/cropped-logo-2-180x180-1.png\",\"width\":180,\"height\":180,\"caption\":\"Sudoesteacontece\"},\"image\":{\"@id\":\"https:\/\/sudoesteacontece.com.br\/#\/schema\/logo\/image\/\"},\"sameAs\":[\"https:\/\/www.facebook.com\/sudoesteacontece\/?locale=pt_BR\"]},{\"@type\":\"Person\",\"@id\":\"https:\/\/sudoesteacontece.com.br\/#\/schema\/person\/3cf2cf009926a9683ebc29d5379fa79c\",\"name\":\"Washington Tiago\",\"image\":{\"@type\":\"ImageObject\",\"inLanguage\":\"pt-BR\",\"@id\":\"https:\/\/sudoesteacontece.com.br\/#\/schema\/person\/image\/\",\"url\":\"https:\/\/secure.gravatar.com\/avatar\/33c43b8668157e040f9d1fe93c354bf087cbd8ba36270c1163198bd3ddcf2a56?s=96&d=mm&r=g\",\"contentUrl\":\"https:\/\/secure.gravatar.com\/avatar\/33c43b8668157e040f9d1fe93c354bf087cbd8ba36270c1163198bd3ddcf2a56?s=96&d=mm&r=g\",\"caption\":\"Washington Tiago\"},\"url\":\"https:\/\/sudoesteacontece.com.br\/?author=2\"}]}<\/script>\n<!-- \/ Yoast SEO plugin. -->","yoast_head_json":{"title":"Sargento Ademir Alves se destaca por dedica\u00e7\u00e3o \u00e0 seguran\u00e7a e vira refer\u00eancia em Aracatu - Sudoesteacontece","robots":{"index":"index","follow":"follow","max-snippet":"max-snippet:-1","max-image-preview":"max-image-preview:large","max-video-preview":"max-video-preview:-1"},"canonical":"https:\/\/sudoesteacontece.com.br\/?p=4654","og_locale":"pt_BR","og_type":"article","og_title":"Sargento Ademir Alves se destaca por dedica\u00e7\u00e3o \u00e0 seguran\u00e7a e vira refer\u00eancia em Aracatu - Sudoesteacontece","og_description":"Aracatu reconhece a trajet\u00f3ria do sargento da Pol\u00edcia Militar Ademir Alves de Jesus, natural de Brumado, que construiu uma rela\u00e7\u00e3o profunda com o munic\u00edpio ao longo dos anos. Filho de Abelino de Jesus e de Arlinda Alves de Jesus, o policial mant\u00e9m la\u00e7os afetivos com a regi\u00e3o e consolidou sua atua\u00e7\u00e3o marcada por compromisso, respeito e proximidade com a comunidade local. Atua\u00e7\u00e3o no munic\u00edpio soma nove anos de servi\u00e7os prestados \u00e0 seguran\u00e7a p\u00fablica. Durante esse per\u00edodo, Ademir trabalhou em diferentes gest\u00f5es municipais, exercendo a fun\u00e7\u00e3o com profissionalismo e humanidade. A postura firme aliada ao di\u00e1logo rendeu reconhecimento da popula\u00e7\u00e3o e de lideran\u00e7as locais, fortalecendo a confian\u00e7a da comunidade na Pol\u00edcia Militar. Reconhecimento veio em 2025, quando o nome do sargento foi eternizado na placa de inaugura\u00e7\u00e3o do novo Pelot\u00e3o da Pol\u00edcia Militar de Aracatu. A homenagem simboliza o agradecimento institucional e popular pelo trabalho desenvolvido ao longo dos anos, consolidando sua imagem como refer\u00eancia na seguran\u00e7a do munic\u00edpio. Durante solenidade na C\u00e2mara Municipal, Ademir participou da cerim\u00f4nia que concedeu Mo\u00e7\u00e3o de Aplausos \u00e0 79\u00aa Companhia Independente da Pol\u00edcia Militar, sediada em Po\u00e7\u00f5es. A honraria foi entregue pela vereadora Juliana Maia, com presen\u00e7a da comandante major Ana Paula Fagundes Rocha, destacando a atua\u00e7\u00e3o da corpora\u00e7\u00e3o na cidade. Al\u00e9m disso, a pr\u00f3pria 79\u00aa CIPM homenageou o sargento como Policial Destaque 2025 em Aracatu. O reconhecimento oficial refor\u00e7a sua compet\u00eancia, disciplina e dedica\u00e7\u00e3o, legitimando sua trajet\u00f3ria dentro da corpora\u00e7\u00e3o e evidenciando sua contribui\u00e7\u00e3o direta para a seguran\u00e7a e o bem-estar da popula\u00e7\u00e3o. Para os moradores, o sargento Ademir representa mais que autoridade policial. Ele simboliza seguran\u00e7a com acolhimento, respeito e compromisso p\u00fablico. Sua conduta o transformou em refer\u00eancia que ultrapassa a farda, sendo reconhecido como cidad\u00e3o presente, admirado e comprometido com a ordem e a paz social.","og_url":"https:\/\/sudoesteacontece.com.br\/?p=4654","og_site_name":"Sudoesteacontece","article_publisher":"https:\/\/www.facebook.com\/sudoesteacontece\/?locale=pt_BR","article_published_time":"2025-12-23T14:21:41+00:00","article_modified_time":"2025-12-23T14:21:43+00:00","og_image":[{"width":900,"height":600,"url":"https:\/\/sudoesteacontece.com.br\/wp-content\/uploads\/2025\/12\/Sargento-Ademir-Alves-se-destaca-por-dedicacao-a-seguranca-e-vira-referencia-em-Aracatu-sudoeste-acontece.jpg","type":"image\/jpeg"}],"author":"Washington Tiago","twitter_card":"summary_large_image","twitter_misc":{"Escrito por":"Washington Tiago","Est. tempo de leitura":"3 minutos"},"schema":{"@context":"https:\/\/schema.org","@graph":[{"@type":"Article","@id":"https:\/\/sudoesteacontece.com.br\/?p=4654#article","isPartOf":{"@id":"https:\/\/sudoesteacontece.com.br\/?p=4654"},"author":{"name":"Washington Tiago","@id":"https:\/\/sudoesteacontece.com.br\/#\/schema\/person\/3cf2cf009926a9683ebc29d5379fa79c"},"headline":"Sargento Ademir Alves se destaca por dedica\u00e7\u00e3o \u00e0 seguran\u00e7a e vira refer\u00eancia em Aracatu","datePublished":"2025-12-23T14:21:41+00:00","dateModified":"2025-12-23T14:21:43+00:00","mainEntityOfPage":{"@id":"https:\/\/sudoesteacontece.com.br\/?p=4654"},"wordCount":353,"commentCount":0,"publisher":{"@id":"https:\/\/sudoesteacontece.com.br\/#organization"},"image":{"@id":"https:\/\/sudoesteacontece.com.br\/?p=4654#primaryimage"},"thumbnailUrl":"https:\/\/sudoesteacontece.com.br\/wp-content\/uploads\/2025\/12\/Sargento-Ademir-Alves-se-destaca-por-dedicacao-a-seguranca-e-vira-referencia-em-Aracatu-sudoeste-acontece.jpg","articleSection":["Aracatu","Cidades","Pol\u00edcia"],"inLanguage":"pt-BR","potentialAction":[{"@type":"CommentAction","name":"Comment","target":["https:\/\/sudoesteacontece.com.br\/?p=4654#respond"]}]},{"@type":"WebPage","@id":"https:\/\/sudoesteacontece.com.br\/?p=4654","url":"https:\/\/sudoesteacontece.com.br\/?p=4654","name":"Sargento Ademir Alves se destaca por dedica\u00e7\u00e3o \u00e0 seguran\u00e7a e vira refer\u00eancia em Aracatu - Sudoesteacontece","isPartOf":{"@id":"https:\/\/sudoesteacontece.com.br\/#website"},"primaryImageOfPage":{"@id":"https:\/\/sudoesteacontece.com.br\/?p=4654#primaryimage"},"image":{"@id":"https:\/\/sudoesteacontece.com.br\/?p=4654#primaryimage"},"thumbnailUrl":"https:\/\/sudoesteacontece.com.br\/wp-content\/uploads\/2025\/12\/Sargento-Ademir-Alves-se-destaca-por-dedicacao-a-seguranca-e-vira-referencia-em-Aracatu-sudoeste-acontece.jpg","datePublished":"2025-12-23T14:21:41+00:00","dateModified":"2025-12-23T14:21:43+00:00","breadcrumb":{"@id":"https:\/\/sudoesteacontece.com.br\/?p=4654#breadcrumb"},"inLanguage":"pt-BR","potentialAction":[{"@type":"ReadAction","target":["https:\/\/sudoesteacontece.com.br\/?p=4654"]}]},{"@type":"ImageObject","inLanguage":"pt-BR","@id":"https:\/\/sudoesteacontece.com.br\/?p=4654#primaryimage","url":"https:\/\/sudoesteacontece.com.br\/wp-content\/uploads\/2025\/12\/Sargento-Ademir-Alves-se-destaca-por-dedicacao-a-seguranca-e-vira-referencia-em-Aracatu-sudoeste-acontece.jpg","contentUrl":"https:\/\/sudoesteacontece.com.br\/wp-content\/uploads\/2025\/12\/Sargento-Ademir-Alves-se-destaca-por-dedicacao-a-seguranca-e-vira-referencia-em-Aracatu-sudoeste-acontece.jpg","width":900,"height":600},{"@type":"BreadcrumbList","@id":"https:\/\/sudoesteacontece.com.br\/?p=4654#breadcrumb","itemListElement":[{"@type":"ListItem","position":1,"name":"In\u00edcio","item":"https:\/\/sudoesteacontece.com.br\/"},{"@type":"ListItem","position":2,"name":"Sargento Ademir Alves se destaca por dedica\u00e7\u00e3o \u00e0 seguran\u00e7a e vira refer\u00eancia em Aracatu"}]},{"@type":"WebSite","@id":"https:\/\/sudoesteacontece.com.br\/#website","url":"https:\/\/sudoesteacontece.com.br\/","name":"Sudoesteacontece","description":"","publisher":{"@id":"https:\/\/sudoesteacontece.com.br\/#organization"},"potentialAction":[{"@type":"SearchAction","target":{"@type":"EntryPoint","urlTemplate":"https:\/\/sudoesteacontece.com.br\/?s={search_term_string}"},"query-input":{"@type":"PropertyValueSpecification","valueRequired":true,"valueName":"search_term_string"}}],"inLanguage":"pt-BR"},{"@type":"Organization","@id":"https:\/\/sudoesteacontece.com.br\/#organization","name":"Sudoesteacontece","url":"https:\/\/sudoesteacontece.com.br\/","logo":{"@type":"ImageObject","inLanguage":"pt-BR","@id":"https:\/\/sudoesteacontece.com.br\/#\/schema\/logo\/image\/","url":"https:\/\/sudoesteacontece.com.br\/wp-content\/uploads\/2025\/12\/cropped-logo-2-180x180-1.png","contentUrl":"https:\/\/sudoesteacontece.com.br\/wp-content\/uploads\/2025\/12\/cropped-logo-2-180x180-1.png","width":180,"height":180,"caption":"Sudoesteacontece"},"image":{"@id":"https:\/\/sudoesteacontece.com.br\/#\/schema\/logo\/image\/"},"sameAs":["https:\/\/www.facebook.com\/sudoesteacontece\/?locale=pt_BR"]},{"@type":"Person","@id":"https:\/\/sudoesteacontece.com.br\/#\/schema\/person\/3cf2cf009926a9683ebc29d5379fa79c","name":"Washington Tiago","image":{"@type":"ImageObject","inLanguage":"pt-BR","@id":"https:\/\/sudoesteacontece.com.br\/#\/schema\/person\/image\/","url":"https:\/\/secure.gravatar.com\/avatar\/33c43b8668157e040f9d1fe93c354bf087cbd8ba36270c1163198bd3ddcf2a56?s=96&d=mm&r=g","contentUrl":"https:\/\/secure.gravatar.com\/avatar\/33c43b8668157e040f9d1fe93c354bf087cbd8ba36270c1163198bd3ddcf2a56?s=96&d=mm&r=g","caption":"Washington Tiago"},"url":"https:\/\/sudoesteacontece.com.br\/?author=2"}]}},"_links":{"self":[{"href":"https:\/\/sudoesteacontece.com.br\/index.php?rest_route=\/wp\/v2\/posts\/4654","targetHints":{"allow":["GET"]}}],"collection":[{"href":"https:\/\/sudoesteacontece.com.br\/index.php?rest_route=\/wp\/v2\/posts"}],"about":[{"href":"https:\/\/sudoesteacontece.com.br\/index.php?rest_route=\/wp\/v2\/types\/post"}],"author":[{"embeddable":true,"href":"https:\/\/sudoesteacontece.com.br\/index.php?rest_route=\/wp\/v2\/users\/2"}],"replies":[{"embeddable":true,"href":"https:\/\/sudoesteacontece.com.br\/index.php?rest_route=%2Fwp%2Fv2%2Fcomments&post=4654"}],"version-history":[{"count":0,"href":"https:\/\/sudoesteacontece.com.br\/index.php?rest_route=\/wp\/v2\/posts\/4654\/revisions"}],"wp:featuredmedia":[{"embeddable":true,"href":"https:\/\/sudoesteacontece.com.br\/index.php?rest_route=\/wp\/v2\/media\/4687"}],"wp:attachment":[{"href":"https:\/\/sudoesteacontece.com.br\/index.php?rest_route=%2Fwp%2Fv2%2Fmedia&parent=4654"}],"wp:term":[{"taxonomy":"category","embeddable":true,"href":"https:\/\/sudoesteacontece.com.br\/index.php?rest_route=%2Fwp%2Fv2%2Fcategories&post=4654"},{"taxonomy":"post_tag","embeddable":true,"href":"https:\/\/sudoesteacontece.com.br\/index.php?rest_route=%2Fwp%2Fv2%2Ftags&post=4654"}],"curies":[{"name":"wp","href":"https:\/\/api.w.org\/{rel}","templated":true}]}}