{"id":5248,"date":"2026-01-03T18:13:19","date_gmt":"2026-01-03T21:13:19","guid":{"rendered":"https:\/\/sudoesteacontece.com.br\/?p=5248"},"modified":"2026-01-03T18:13:22","modified_gmt":"2026-01-03T21:13:22","slug":"tragedia-familiar-no-reveillon-bebe-de-11-meses-e-morta-a-facadas-e-pai-mata-suspeito","status":"publish","type":"post","link":"https:\/\/sudoesteacontece.com.br\/?p=5248","title":{"rendered":"Trag\u00e9dia familiar no R\u00e9veillon: beb\u00ea de 11 meses \u00e9 morta a facadas e pai mata suspeito"},"content":{"rendered":"<div class=\"wp-block-image\">\n<figure class=\"aligncenter size-full\"><img fetchpriority=\"high\" decoding=\"async\" width=\"900\" height=\"600\" src=\"http:\/\/sudoesteacontece.com.br\/wp-content\/uploads\/2026\/01\/Tragedia-familiar-no-Reveillon-bebe-de-11-meses-e-morta-a-facadas-e-pai-mata-suspeito-no-Maranhao-sudoeste-acontece.jpg\" alt=\"\" class=\"wp-image-5286\" srcset=\"https:\/\/sudoesteacontece.com.br\/wp-content\/uploads\/2026\/01\/Tragedia-familiar-no-Reveillon-bebe-de-11-meses-e-morta-a-facadas-e-pai-mata-suspeito-no-Maranhao-sudoeste-acontece.jpg 900w, https:\/\/sudoesteacontece.com.br\/wp-content\/uploads\/2026\/01\/Tragedia-familiar-no-Reveillon-bebe-de-11-meses-e-morta-a-facadas-e-pai-mata-suspeito-no-Maranhao-sudoeste-acontece-300x200.jpg 300w, https:\/\/sudoesteacontece.com.br\/wp-content\/uploads\/2026\/01\/Tragedia-familiar-no-Reveillon-bebe-de-11-meses-e-morta-a-facadas-e-pai-mata-suspeito-no-Maranhao-sudoeste-acontece-768x512.jpg 768w\" sizes=\"(max-width: 900px) 100vw, 900px\" \/><\/figure>\n<\/div>\n\n\n<p>Uma beb\u00ea de 11 meses morreu ap\u00f3s ser atacada a facadas na noite de quinta-feira (1\u00ba), em Buriticupu, no interior do Maranh\u00e3o. O crime ocorreu dentro da casa da fam\u00edlia, durante o R\u00e9veillon. A v\u00edtima foi identificada como Mavie Louise Andrade Silva. O caso gerou como\u00e7\u00e3o e interrompeu as celebra\u00e7\u00f5es na cidade.<\/p>\n\n\n\n<p>Segundo a Pol\u00edcia Militar, o principal suspeito do ataque \u00e9 Ant\u00f4nio Jos\u00e9 dos Santos Silva, tio da crian\u00e7a. Informa\u00e7\u00f5es iniciais apontam que ele estava no im\u00f3vel no momento do crime. As circunst\u00e2ncias que levaram \u00e0 agress\u00e3o ainda n\u00e3o foram esclarecidas, e testemunhas devem ser ouvidas para reconstruir os fatos.<\/p>\n\n\n\n<p>Ap\u00f3s o assassinato da beb\u00ea, o pai da crian\u00e7a, Nairon Abreu Silva, reagiu e matou o suspeito. De acordo com a PM, ele usou uma picareta durante o confronto. Quando os policiais chegaram ao local, encontraram os dois corpos, confirmando a sequ\u00eancia tr\u00e1gica dos acontecimentos.<\/p>\n\n\n\n<p>Diante da situa\u00e7\u00e3o, Nairon fugiu e passou a ser considerado foragido. Equipes da Pol\u00edcia Militar realizaram buscas na regi\u00e3o e em \u00e1reas pr\u00f3ximas ao munic\u00edpio. At\u00e9 a \u00faltima atualiza\u00e7\u00e3o, o pai da crian\u00e7a n\u00e3o havia sido localizado pelas autoridades.<\/p>\n\n\n\n<p>Agora, a Pol\u00edcia Civil do Maranh\u00e3o conduz a investiga\u00e7\u00e3o. Os agentes apuram o homic\u00eddio da beb\u00ea, a morte do suspeito e as poss\u00edveis responsabilidades criminais. O inqu\u00e9rito deve esclarecer a din\u00e2mica do crime e se houve outros envolvidos na trag\u00e9dia familiar.<\/p>\n","protected":false},"excerpt":{"rendered":"<p>Uma beb\u00ea de 11 meses morreu ap\u00f3s ser atacada a facadas na noite de quinta-feira (1\u00ba), em Buriticupu, no interior do Maranh\u00e3o. O crime ocorreu dentro da casa da fam\u00edlia, durante o R\u00e9veillon. A v\u00edtima foi identificada como Mavie Louise Andrade Silva. O caso gerou como\u00e7\u00e3o e interrompeu as celebra\u00e7\u00f5es na cidade. Segundo a Pol\u00edcia Militar, o principal suspeito do ataque \u00e9 Ant\u00f4nio Jos\u00e9 dos Santos Silva, tio da crian\u00e7a. Informa\u00e7\u00f5es iniciais apontam que ele estava no im\u00f3vel no momento do crime. As circunst\u00e2ncias que levaram \u00e0 agress\u00e3o ainda n\u00e3o foram esclarecidas, e testemunhas devem ser ouvidas para reconstruir os fatos. Ap\u00f3s o assassinato da beb\u00ea, o pai da crian\u00e7a, Nairon Abreu Silva, reagiu e matou o suspeito. De acordo com a PM, ele usou uma picareta durante o confronto. Quando os policiais chegaram ao local, encontraram os dois corpos, confirmando a sequ\u00eancia tr\u00e1gica dos acontecimentos. Diante da situa\u00e7\u00e3o, Nairon fugiu e passou a ser considerado foragido. Equipes da Pol\u00edcia Militar realizaram buscas na regi\u00e3o e em \u00e1reas pr\u00f3ximas ao munic\u00edpio. At\u00e9 a \u00faltima atualiza\u00e7\u00e3o, o pai da crian\u00e7a n\u00e3o havia sido localizado pelas autoridades. Agora, a Pol\u00edcia Civil do Maranh\u00e3o conduz a investiga\u00e7\u00e3o. Os agentes apuram o homic\u00eddio da beb\u00ea, a morte do suspeito e as poss\u00edveis responsabilidades criminais. O inqu\u00e9rito deve esclarecer a din\u00e2mica do crime e se houve outros envolvidos na trag\u00e9dia familiar.<\/p>\n","protected":false},"author":2,"featured_media":5286,"comment_status":"open","ping_status":"open","sticky":false,"template":"","format":"standard","meta":{"footnotes":""},"categories":[53,3],"tags":[],"class_list":["post-5248","post","type-post","status-publish","format-standard","has-post-thumbnail","hentry","category-brasil","category-policia"],"yoast_head":"<!-- This site is optimized with the Yoast SEO plugin v26.5 - https:\/\/yoast.com\/wordpress\/plugins\/seo\/ -->\n<title>Trag\u00e9dia familiar no R\u00e9veillon: beb\u00ea de 11 meses \u00e9 morta a facadas e pai mata suspeito - Sudoesteacontece<\/title>\n<meta name=\"robots\" content=\"index, follow, max-snippet:-1, max-image-preview:large, max-video-preview:-1\" \/>\n<link rel=\"canonical\" href=\"https:\/\/sudoesteacontece.com.br\/?p=5248\" \/>\n<meta property=\"og:locale\" content=\"pt_BR\" \/>\n<meta property=\"og:type\" content=\"article\" \/>\n<meta property=\"og:title\" content=\"Trag\u00e9dia familiar no R\u00e9veillon: beb\u00ea de 11 meses \u00e9 morta a facadas e pai mata suspeito - Sudoesteacontece\" \/>\n<meta property=\"og:description\" content=\"Uma beb\u00ea de 11 meses morreu ap\u00f3s ser atacada a facadas na noite de quinta-feira (1\u00ba), em Buriticupu, no interior do Maranh\u00e3o. O crime ocorreu dentro da casa da fam\u00edlia, durante o R\u00e9veillon. A v\u00edtima foi identificada como Mavie Louise Andrade Silva. O caso gerou como\u00e7\u00e3o e interrompeu as celebra\u00e7\u00f5es na cidade. Segundo a Pol\u00edcia Militar, o principal suspeito do ataque \u00e9 Ant\u00f4nio Jos\u00e9 dos Santos Silva, tio da crian\u00e7a. Informa\u00e7\u00f5es iniciais apontam que ele estava no im\u00f3vel no momento do crime. As circunst\u00e2ncias que levaram \u00e0 agress\u00e3o ainda n\u00e3o foram esclarecidas, e testemunhas devem ser ouvidas para reconstruir os fatos. Ap\u00f3s o assassinato da beb\u00ea, o pai da crian\u00e7a, Nairon Abreu Silva, reagiu e matou o suspeito. De acordo com a PM, ele usou uma picareta durante o confronto. Quando os policiais chegaram ao local, encontraram os dois corpos, confirmando a sequ\u00eancia tr\u00e1gica dos acontecimentos. Diante da situa\u00e7\u00e3o, Nairon fugiu e passou a ser considerado foragido. Equipes da Pol\u00edcia Militar realizaram buscas na regi\u00e3o e em \u00e1reas pr\u00f3ximas ao munic\u00edpio. At\u00e9 a \u00faltima atualiza\u00e7\u00e3o, o pai da crian\u00e7a n\u00e3o havia sido localizado pelas autoridades. Agora, a Pol\u00edcia Civil do Maranh\u00e3o conduz a investiga\u00e7\u00e3o. Os agentes apuram o homic\u00eddio da beb\u00ea, a morte do suspeito e as poss\u00edveis responsabilidades criminais. O inqu\u00e9rito deve esclarecer a din\u00e2mica do crime e se houve outros envolvidos na trag\u00e9dia familiar.\" \/>\n<meta property=\"og:url\" content=\"https:\/\/sudoesteacontece.com.br\/?p=5248\" \/>\n<meta property=\"og:site_name\" content=\"Sudoesteacontece\" \/>\n<meta property=\"article:publisher\" content=\"https:\/\/www.facebook.com\/sudoesteacontece\/?locale=pt_BR\" \/>\n<meta property=\"article:published_time\" content=\"2026-01-03T21:13:19+00:00\" \/>\n<meta property=\"article:modified_time\" content=\"2026-01-03T21:13:22+00:00\" \/>\n<meta property=\"og:image\" content=\"https:\/\/sudoesteacontece.com.br\/wp-content\/uploads\/2026\/01\/Tragedia-familiar-no-Reveillon-bebe-de-11-meses-e-morta-a-facadas-e-pai-mata-suspeito-no-Maranhao-sudoeste-acontece.jpg\" \/>\n\t<meta property=\"og:image:width\" content=\"900\" \/>\n\t<meta property=\"og:image:height\" content=\"600\" \/>\n\t<meta property=\"og:image:type\" content=\"image\/jpeg\" \/>\n<meta name=\"author\" content=\"Washington Tiago\" \/>\n<meta name=\"twitter:card\" content=\"summary_large_image\" \/>\n<meta name=\"twitter:label1\" content=\"Escrito por\" \/>\n\t<meta name=\"twitter:data1\" content=\"Washington Tiago\" \/>\n\t<meta name=\"twitter:label2\" content=\"Est. tempo de leitura\" \/>\n\t<meta name=\"twitter:data2\" content=\"2 minutos\" \/>\n<script type=\"application\/ld+json\" class=\"yoast-schema-graph\">{\"@context\":\"https:\/\/schema.org\",\"@graph\":[{\"@type\":\"Article\",\"@id\":\"https:\/\/sudoesteacontece.com.br\/?p=5248#article\",\"isPartOf\":{\"@id\":\"https:\/\/sudoesteacontece.com.br\/?p=5248\"},\"author\":{\"name\":\"Washington Tiago\",\"@id\":\"https:\/\/sudoesteacontece.com.br\/#\/schema\/person\/3cf2cf009926a9683ebc29d5379fa79c\"},\"headline\":\"Trag\u00e9dia familiar no R\u00e9veillon: beb\u00ea de 11 meses \u00e9 morta a facadas e pai mata suspeito\",\"datePublished\":\"2026-01-03T21:13:19+00:00\",\"dateModified\":\"2026-01-03T21:13:22+00:00\",\"mainEntityOfPage\":{\"@id\":\"https:\/\/sudoesteacontece.com.br\/?p=5248\"},\"wordCount\":273,\"commentCount\":0,\"publisher\":{\"@id\":\"https:\/\/sudoesteacontece.com.br\/#organization\"},\"image\":{\"@id\":\"https:\/\/sudoesteacontece.com.br\/?p=5248#primaryimage\"},\"thumbnailUrl\":\"https:\/\/sudoesteacontece.com.br\/wp-content\/uploads\/2026\/01\/Tragedia-familiar-no-Reveillon-bebe-de-11-meses-e-morta-a-facadas-e-pai-mata-suspeito-no-Maranhao-sudoeste-acontece.jpg\",\"articleSection\":[\"Brasil\",\"Pol\u00edcia\"],\"inLanguage\":\"pt-BR\",\"potentialAction\":[{\"@type\":\"CommentAction\",\"name\":\"Comment\",\"target\":[\"https:\/\/sudoesteacontece.com.br\/?p=5248#respond\"]}]},{\"@type\":\"WebPage\",\"@id\":\"https:\/\/sudoesteacontece.com.br\/?p=5248\",\"url\":\"https:\/\/sudoesteacontece.com.br\/?p=5248\",\"name\":\"Trag\u00e9dia familiar no R\u00e9veillon: beb\u00ea de 11 meses \u00e9 morta a facadas e pai mata suspeito - Sudoesteacontece\",\"isPartOf\":{\"@id\":\"https:\/\/sudoesteacontece.com.br\/#website\"},\"primaryImageOfPage\":{\"@id\":\"https:\/\/sudoesteacontece.com.br\/?p=5248#primaryimage\"},\"image\":{\"@id\":\"https:\/\/sudoesteacontece.com.br\/?p=5248#primaryimage\"},\"thumbnailUrl\":\"https:\/\/sudoesteacontece.com.br\/wp-content\/uploads\/2026\/01\/Tragedia-familiar-no-Reveillon-bebe-de-11-meses-e-morta-a-facadas-e-pai-mata-suspeito-no-Maranhao-sudoeste-acontece.jpg\",\"datePublished\":\"2026-01-03T21:13:19+00:00\",\"dateModified\":\"2026-01-03T21:13:22+00:00\",\"breadcrumb\":{\"@id\":\"https:\/\/sudoesteacontece.com.br\/?p=5248#breadcrumb\"},\"inLanguage\":\"pt-BR\",\"potentialAction\":[{\"@type\":\"ReadAction\",\"target\":[\"https:\/\/sudoesteacontece.com.br\/?p=5248\"]}]},{\"@type\":\"ImageObject\",\"inLanguage\":\"pt-BR\",\"@id\":\"https:\/\/sudoesteacontece.com.br\/?p=5248#primaryimage\",\"url\":\"https:\/\/sudoesteacontece.com.br\/wp-content\/uploads\/2026\/01\/Tragedia-familiar-no-Reveillon-bebe-de-11-meses-e-morta-a-facadas-e-pai-mata-suspeito-no-Maranhao-sudoeste-acontece.jpg\",\"contentUrl\":\"https:\/\/sudoesteacontece.com.br\/wp-content\/uploads\/2026\/01\/Tragedia-familiar-no-Reveillon-bebe-de-11-meses-e-morta-a-facadas-e-pai-mata-suspeito-no-Maranhao-sudoeste-acontece.jpg\",\"width\":900,\"height\":600},{\"@type\":\"BreadcrumbList\",\"@id\":\"https:\/\/sudoesteacontece.com.br\/?p=5248#breadcrumb\",\"itemListElement\":[{\"@type\":\"ListItem\",\"position\":1,\"name\":\"In\u00edcio\",\"item\":\"https:\/\/sudoesteacontece.com.br\/\"},{\"@type\":\"ListItem\",\"position\":2,\"name\":\"Trag\u00e9dia familiar no R\u00e9veillon: beb\u00ea de 11 meses \u00e9 morta a facadas e pai mata suspeito\"}]},{\"@type\":\"WebSite\",\"@id\":\"https:\/\/sudoesteacontece.com.br\/#website\",\"url\":\"https:\/\/sudoesteacontece.com.br\/\",\"name\":\"Sudoesteacontece\",\"description\":\"\",\"publisher\":{\"@id\":\"https:\/\/sudoesteacontece.com.br\/#organization\"},\"potentialAction\":[{\"@type\":\"SearchAction\",\"target\":{\"@type\":\"EntryPoint\",\"urlTemplate\":\"https:\/\/sudoesteacontece.com.br\/?s={search_term_string}\"},\"query-input\":{\"@type\":\"PropertyValueSpecification\",\"valueRequired\":true,\"valueName\":\"search_term_string\"}}],\"inLanguage\":\"pt-BR\"},{\"@type\":\"Organization\",\"@id\":\"https:\/\/sudoesteacontece.com.br\/#organization\",\"name\":\"Sudoesteacontece\",\"url\":\"https:\/\/sudoesteacontece.com.br\/\",\"logo\":{\"@type\":\"ImageObject\",\"inLanguage\":\"pt-BR\",\"@id\":\"https:\/\/sudoesteacontece.com.br\/#\/schema\/logo\/image\/\",\"url\":\"https:\/\/sudoesteacontece.com.br\/wp-content\/uploads\/2025\/12\/cropped-logo-2-180x180-1.png\",\"contentUrl\":\"https:\/\/sudoesteacontece.com.br\/wp-content\/uploads\/2025\/12\/cropped-logo-2-180x180-1.png\",\"width\":180,\"height\":180,\"caption\":\"Sudoesteacontece\"},\"image\":{\"@id\":\"https:\/\/sudoesteacontece.com.br\/#\/schema\/logo\/image\/\"},\"sameAs\":[\"https:\/\/www.facebook.com\/sudoesteacontece\/?locale=pt_BR\"]},{\"@type\":\"Person\",\"@id\":\"https:\/\/sudoesteacontece.com.br\/#\/schema\/person\/3cf2cf009926a9683ebc29d5379fa79c\",\"name\":\"Washington Tiago\",\"image\":{\"@type\":\"ImageObject\",\"inLanguage\":\"pt-BR\",\"@id\":\"https:\/\/sudoesteacontece.com.br\/#\/schema\/person\/image\/\",\"url\":\"https:\/\/secure.gravatar.com\/avatar\/33c43b8668157e040f9d1fe93c354bf087cbd8ba36270c1163198bd3ddcf2a56?s=96&d=mm&r=g\",\"contentUrl\":\"https:\/\/secure.gravatar.com\/avatar\/33c43b8668157e040f9d1fe93c354bf087cbd8ba36270c1163198bd3ddcf2a56?s=96&d=mm&r=g\",\"caption\":\"Washington Tiago\"},\"url\":\"https:\/\/sudoesteacontece.com.br\/?author=2\"}]}<\/script>\n<!-- \/ Yoast SEO plugin. -->","yoast_head_json":{"title":"Trag\u00e9dia familiar no R\u00e9veillon: beb\u00ea de 11 meses \u00e9 morta a facadas e pai mata suspeito - Sudoesteacontece","robots":{"index":"index","follow":"follow","max-snippet":"max-snippet:-1","max-image-preview":"max-image-preview:large","max-video-preview":"max-video-preview:-1"},"canonical":"https:\/\/sudoesteacontece.com.br\/?p=5248","og_locale":"pt_BR","og_type":"article","og_title":"Trag\u00e9dia familiar no R\u00e9veillon: beb\u00ea de 11 meses \u00e9 morta a facadas e pai mata suspeito - Sudoesteacontece","og_description":"Uma beb\u00ea de 11 meses morreu ap\u00f3s ser atacada a facadas na noite de quinta-feira (1\u00ba), em Buriticupu, no interior do Maranh\u00e3o. O crime ocorreu dentro da casa da fam\u00edlia, durante o R\u00e9veillon. A v\u00edtima foi identificada como Mavie Louise Andrade Silva. O caso gerou como\u00e7\u00e3o e interrompeu as celebra\u00e7\u00f5es na cidade. Segundo a Pol\u00edcia Militar, o principal suspeito do ataque \u00e9 Ant\u00f4nio Jos\u00e9 dos Santos Silva, tio da crian\u00e7a. Informa\u00e7\u00f5es iniciais apontam que ele estava no im\u00f3vel no momento do crime. As circunst\u00e2ncias que levaram \u00e0 agress\u00e3o ainda n\u00e3o foram esclarecidas, e testemunhas devem ser ouvidas para reconstruir os fatos. Ap\u00f3s o assassinato da beb\u00ea, o pai da crian\u00e7a, Nairon Abreu Silva, reagiu e matou o suspeito. De acordo com a PM, ele usou uma picareta durante o confronto. Quando os policiais chegaram ao local, encontraram os dois corpos, confirmando a sequ\u00eancia tr\u00e1gica dos acontecimentos. Diante da situa\u00e7\u00e3o, Nairon fugiu e passou a ser considerado foragido. Equipes da Pol\u00edcia Militar realizaram buscas na regi\u00e3o e em \u00e1reas pr\u00f3ximas ao munic\u00edpio. At\u00e9 a \u00faltima atualiza\u00e7\u00e3o, o pai da crian\u00e7a n\u00e3o havia sido localizado pelas autoridades. Agora, a Pol\u00edcia Civil do Maranh\u00e3o conduz a investiga\u00e7\u00e3o. Os agentes apuram o homic\u00eddio da beb\u00ea, a morte do suspeito e as poss\u00edveis responsabilidades criminais. O inqu\u00e9rito deve esclarecer a din\u00e2mica do crime e se houve outros envolvidos na trag\u00e9dia familiar.","og_url":"https:\/\/sudoesteacontece.com.br\/?p=5248","og_site_name":"Sudoesteacontece","article_publisher":"https:\/\/www.facebook.com\/sudoesteacontece\/?locale=pt_BR","article_published_time":"2026-01-03T21:13:19+00:00","article_modified_time":"2026-01-03T21:13:22+00:00","og_image":[{"width":900,"height":600,"url":"https:\/\/sudoesteacontece.com.br\/wp-content\/uploads\/2026\/01\/Tragedia-familiar-no-Reveillon-bebe-de-11-meses-e-morta-a-facadas-e-pai-mata-suspeito-no-Maranhao-sudoeste-acontece.jpg","type":"image\/jpeg"}],"author":"Washington Tiago","twitter_card":"summary_large_image","twitter_misc":{"Escrito por":"Washington Tiago","Est. tempo de leitura":"2 minutos"},"schema":{"@context":"https:\/\/schema.org","@graph":[{"@type":"Article","@id":"https:\/\/sudoesteacontece.com.br\/?p=5248#article","isPartOf":{"@id":"https:\/\/sudoesteacontece.com.br\/?p=5248"},"author":{"name":"Washington Tiago","@id":"https:\/\/sudoesteacontece.com.br\/#\/schema\/person\/3cf2cf009926a9683ebc29d5379fa79c"},"headline":"Trag\u00e9dia familiar no R\u00e9veillon: beb\u00ea de 11 meses \u00e9 morta a facadas e pai mata suspeito","datePublished":"2026-01-03T21:13:19+00:00","dateModified":"2026-01-03T21:13:22+00:00","mainEntityOfPage":{"@id":"https:\/\/sudoesteacontece.com.br\/?p=5248"},"wordCount":273,"commentCount":0,"publisher":{"@id":"https:\/\/sudoesteacontece.com.br\/#organization"},"image":{"@id":"https:\/\/sudoesteacontece.com.br\/?p=5248#primaryimage"},"thumbnailUrl":"https:\/\/sudoesteacontece.com.br\/wp-content\/uploads\/2026\/01\/Tragedia-familiar-no-Reveillon-bebe-de-11-meses-e-morta-a-facadas-e-pai-mata-suspeito-no-Maranhao-sudoeste-acontece.jpg","articleSection":["Brasil","Pol\u00edcia"],"inLanguage":"pt-BR","potentialAction":[{"@type":"CommentAction","name":"Comment","target":["https:\/\/sudoesteacontece.com.br\/?p=5248#respond"]}]},{"@type":"WebPage","@id":"https:\/\/sudoesteacontece.com.br\/?p=5248","url":"https:\/\/sudoesteacontece.com.br\/?p=5248","name":"Trag\u00e9dia familiar no R\u00e9veillon: beb\u00ea de 11 meses \u00e9 morta a facadas e pai mata suspeito - Sudoesteacontece","isPartOf":{"@id":"https:\/\/sudoesteacontece.com.br\/#website"},"primaryImageOfPage":{"@id":"https:\/\/sudoesteacontece.com.br\/?p=5248#primaryimage"},"image":{"@id":"https:\/\/sudoesteacontece.com.br\/?p=5248#primaryimage"},"thumbnailUrl":"https:\/\/sudoesteacontece.com.br\/wp-content\/uploads\/2026\/01\/Tragedia-familiar-no-Reveillon-bebe-de-11-meses-e-morta-a-facadas-e-pai-mata-suspeito-no-Maranhao-sudoeste-acontece.jpg","datePublished":"2026-01-03T21:13:19+00:00","dateModified":"2026-01-03T21:13:22+00:00","breadcrumb":{"@id":"https:\/\/sudoesteacontece.com.br\/?p=5248#breadcrumb"},"inLanguage":"pt-BR","potentialAction":[{"@type":"ReadAction","target":["https:\/\/sudoesteacontece.com.br\/?p=5248"]}]},{"@type":"ImageObject","inLanguage":"pt-BR","@id":"https:\/\/sudoesteacontece.com.br\/?p=5248#primaryimage","url":"https:\/\/sudoesteacontece.com.br\/wp-content\/uploads\/2026\/01\/Tragedia-familiar-no-Reveillon-bebe-de-11-meses-e-morta-a-facadas-e-pai-mata-suspeito-no-Maranhao-sudoeste-acontece.jpg","contentUrl":"https:\/\/sudoesteacontece.com.br\/wp-content\/uploads\/2026\/01\/Tragedia-familiar-no-Reveillon-bebe-de-11-meses-e-morta-a-facadas-e-pai-mata-suspeito-no-Maranhao-sudoeste-acontece.jpg","width":900,"height":600},{"@type":"BreadcrumbList","@id":"https:\/\/sudoesteacontece.com.br\/?p=5248#breadcrumb","itemListElement":[{"@type":"ListItem","position":1,"name":"In\u00edcio","item":"https:\/\/sudoesteacontece.com.br\/"},{"@type":"ListItem","position":2,"name":"Trag\u00e9dia familiar no R\u00e9veillon: beb\u00ea de 11 meses \u00e9 morta a facadas e pai mata suspeito"}]},{"@type":"WebSite","@id":"https:\/\/sudoesteacontece.com.br\/#website","url":"https:\/\/sudoesteacontece.com.br\/","name":"Sudoesteacontece","description":"","publisher":{"@id":"https:\/\/sudoesteacontece.com.br\/#organization"},"potentialAction":[{"@type":"SearchAction","target":{"@type":"EntryPoint","urlTemplate":"https:\/\/sudoesteacontece.com.br\/?s={search_term_string}"},"query-input":{"@type":"PropertyValueSpecification","valueRequired":true,"valueName":"search_term_string"}}],"inLanguage":"pt-BR"},{"@type":"Organization","@id":"https:\/\/sudoesteacontece.com.br\/#organization","name":"Sudoesteacontece","url":"https:\/\/sudoesteacontece.com.br\/","logo":{"@type":"ImageObject","inLanguage":"pt-BR","@id":"https:\/\/sudoesteacontece.com.br\/#\/schema\/logo\/image\/","url":"https:\/\/sudoesteacontece.com.br\/wp-content\/uploads\/2025\/12\/cropped-logo-2-180x180-1.png","contentUrl":"https:\/\/sudoesteacontece.com.br\/wp-content\/uploads\/2025\/12\/cropped-logo-2-180x180-1.png","width":180,"height":180,"caption":"Sudoesteacontece"},"image":{"@id":"https:\/\/sudoesteacontece.com.br\/#\/schema\/logo\/image\/"},"sameAs":["https:\/\/www.facebook.com\/sudoesteacontece\/?locale=pt_BR"]},{"@type":"Person","@id":"https:\/\/sudoesteacontece.com.br\/#\/schema\/person\/3cf2cf009926a9683ebc29d5379fa79c","name":"Washington Tiago","image":{"@type":"ImageObject","inLanguage":"pt-BR","@id":"https:\/\/sudoesteacontece.com.br\/#\/schema\/person\/image\/","url":"https:\/\/secure.gravatar.com\/avatar\/33c43b8668157e040f9d1fe93c354bf087cbd8ba36270c1163198bd3ddcf2a56?s=96&d=mm&r=g","contentUrl":"https:\/\/secure.gravatar.com\/avatar\/33c43b8668157e040f9d1fe93c354bf087cbd8ba36270c1163198bd3ddcf2a56?s=96&d=mm&r=g","caption":"Washington Tiago"},"url":"https:\/\/sudoesteacontece.com.br\/?author=2"}]}},"_links":{"self":[{"href":"https:\/\/sudoesteacontece.com.br\/index.php?rest_route=\/wp\/v2\/posts\/5248","targetHints":{"allow":["GET"]}}],"collection":[{"href":"https:\/\/sudoesteacontece.com.br\/index.php?rest_route=\/wp\/v2\/posts"}],"about":[{"href":"https:\/\/sudoesteacontece.com.br\/index.php?rest_route=\/wp\/v2\/types\/post"}],"author":[{"embeddable":true,"href":"https:\/\/sudoesteacontece.com.br\/index.php?rest_route=\/wp\/v2\/users\/2"}],"replies":[{"embeddable":true,"href":"https:\/\/sudoesteacontece.com.br\/index.php?rest_route=%2Fwp%2Fv2%2Fcomments&post=5248"}],"version-history":[{"count":0,"href":"https:\/\/sudoesteacontece.com.br\/index.php?rest_route=\/wp\/v2\/posts\/5248\/revisions"}],"wp:featuredmedia":[{"embeddable":true,"href":"https:\/\/sudoesteacontece.com.br\/index.php?rest_route=\/wp\/v2\/media\/5286"}],"wp:attachment":[{"href":"https:\/\/sudoesteacontece.com.br\/index.php?rest_route=%2Fwp%2Fv2%2Fmedia&parent=5248"}],"wp:term":[{"taxonomy":"category","embeddable":true,"href":"https:\/\/sudoesteacontece.com.br\/index.php?rest_route=%2Fwp%2Fv2%2Fcategories&post=5248"},{"taxonomy":"post_tag","embeddable":true,"href":"https:\/\/sudoesteacontece.com.br\/index.php?rest_route=%2Fwp%2Fv2%2Ftags&post=5248"}],"curies":[{"name":"wp","href":"https:\/\/api.w.org\/{rel}","templated":true}]}}