{"id":5254,"date":"2026-01-03T18:18:49","date_gmt":"2026-01-03T21:18:49","guid":{"rendered":"https:\/\/sudoesteacontece.com.br\/?p=5254"},"modified":"2026-01-03T18:18:52","modified_gmt":"2026-01-03T21:18:52","slug":"brumado-cria-secretaria-de-comunicacao-e-aposta-em-transparencia-bethania-guimaraes-assume-a-pasta","status":"publish","type":"post","link":"https:\/\/sudoesteacontece.com.br\/?p=5254","title":{"rendered":"Brumado cria Secretaria de Comunica\u00e7\u00e3o e aposta em transpar\u00eancia; Beth\u00e2nia Guimar\u00e3es assume a pasta"},"content":{"rendered":"<div class=\"wp-block-image\">\n<figure class=\"aligncenter size-full\"><img fetchpriority=\"high\" decoding=\"async\" width=\"900\" height=\"600\" src=\"http:\/\/sudoesteacontece.com.br\/wp-content\/uploads\/2026\/01\/Brumado-cria-Secretaria-de-Comunicacao-e-aposta-em-transparencia-Bethania-Guimaraes-assume-a-pasta-sudoeste-acontece.jpg\" alt=\"\" class=\"wp-image-5290\" srcset=\"https:\/\/sudoesteacontece.com.br\/wp-content\/uploads\/2026\/01\/Brumado-cria-Secretaria-de-Comunicacao-e-aposta-em-transparencia-Bethania-Guimaraes-assume-a-pasta-sudoeste-acontece.jpg 900w, https:\/\/sudoesteacontece.com.br\/wp-content\/uploads\/2026\/01\/Brumado-cria-Secretaria-de-Comunicacao-e-aposta-em-transparencia-Bethania-Guimaraes-assume-a-pasta-sudoeste-acontece-300x200.jpg 300w, https:\/\/sudoesteacontece.com.br\/wp-content\/uploads\/2026\/01\/Brumado-cria-Secretaria-de-Comunicacao-e-aposta-em-transparencia-Bethania-Guimaraes-assume-a-pasta-sudoeste-acontece-768x512.jpg 768w\" sizes=\"(max-width: 900px) 100vw, 900px\" \/><\/figure>\n<\/div>\n\n\n<p>Brumado oficializou nesta sexta-feira (2) a cria\u00e7\u00e3o da Secretaria Municipal de Comunica\u00e7\u00e3o Social (Secom) e nomeou a jornalista Beth\u00e2nia Guimar\u00e3es como titular da pasta. A nomea\u00e7\u00e3o foi publicada no Di\u00e1rio Oficial do Munic\u00edpio e marca o in\u00edcio da atua\u00e7\u00e3o da nova secretaria, institu\u00edda por lei em 17 de dezembro.<\/p>\n\n\n\n<p>Formada em Jornalismo pela Universidade Estadual do Sudoeste da Bahia (UESB) e com especializa\u00e7\u00e3o em Orat\u00f3ria pela Funda\u00e7\u00e3o Getulio Vargas (FGV), Beth\u00e2nia acumula mais de dez anos de experi\u00eancia na \u00e1rea. Durante a gradua\u00e7\u00e3o, passou por ve\u00edculos como a TV UESB e a TV Sudoeste, fortalecendo a forma\u00e7\u00e3o pr\u00e1tica no jornalismo regional.<\/p>\n\n\n\n<p>Ao longo da carreira, a jornalista construiu trajet\u00f3ria em reportagens, campanhas pol\u00edticas, projetos institucionais e a\u00e7\u00f5es governamentais. O trabalho, segundo a prefeitura, sempre foi guiado pela \u00e9tica profissional, responsabilidade social e compromisso com o interesse p\u00fablico, caracter\u00edsticas apontadas como decisivas para a escolha.<\/p>\n\n\n\n<p>Criada para organizar e planejar a pol\u00edtica de comunica\u00e7\u00e3o do Executivo, a Secom ser\u00e1 respons\u00e1vel pela gest\u00e3o dos canais oficiais do munic\u00edpio. A pasta tamb\u00e9m atuar\u00e1 na padroniza\u00e7\u00e3o da comunica\u00e7\u00e3o institucional e no fortalecimento da transpar\u00eancia, ampliando o acesso da popula\u00e7\u00e3o \u00e0s informa\u00e7\u00f5es da gest\u00e3o.<\/p>\n\n\n\n<p>Para o prefeito Fabr\u00edcio Abrantes, a nova secretaria representa avan\u00e7o na moderniza\u00e7\u00e3o administrativa. Ele destacou que a comunica\u00e7\u00e3o p\u00fablica \u00e9 ferramenta essencial para garantir informa\u00e7\u00e3o clara, di\u00e1logo direto e aproxima\u00e7\u00e3o com os cidad\u00e3os, refor\u00e7ando a import\u00e2ncia de uma estrutura t\u00e9cnica e profissional.<\/p>\n\n\n\n<p>Segundo Abrantes, a escolha da secret\u00e1ria considerou experi\u00eancia, forma\u00e7\u00e3o e capacidade de construir uma comunica\u00e7\u00e3o \u00e9tica. O prefeito afirmou que o trabalho desenvolvido ao longo do \u00faltimo ano mostrou a necessidade de uma pasta espec\u00edfica para assegurar informa\u00e7\u00e3o democr\u00e1tica e respons\u00e1vel aos brumadenses.<\/p>\n\n\n\n<p>\u00c0 frente da Secom, Beth\u00e2nia Guimar\u00e3es afirmou que a miss\u00e3o vai al\u00e9m de informar. A secret\u00e1ria destacou que a comunica\u00e7\u00e3o p\u00fablica deve ouvir a popula\u00e7\u00e3o e atuar como ponte entre governo e sociedade, com foco em transpar\u00eancia, compromisso social e servi\u00e7o \u00e0 comunidade de Brumado.<\/p>\n","protected":false},"excerpt":{"rendered":"<p>Brumado oficializou nesta sexta-feira (2) a cria\u00e7\u00e3o da Secretaria Municipal de Comunica\u00e7\u00e3o Social (Secom) e nomeou a jornalista Beth\u00e2nia Guimar\u00e3es como titular da pasta. A nomea\u00e7\u00e3o foi publicada no Di\u00e1rio Oficial do Munic\u00edpio e marca o in\u00edcio da atua\u00e7\u00e3o da nova secretaria, institu\u00edda por lei em 17 de dezembro. Formada em Jornalismo pela Universidade Estadual do Sudoeste da Bahia (UESB) e com especializa\u00e7\u00e3o em Orat\u00f3ria pela Funda\u00e7\u00e3o Getulio Vargas (FGV), Beth\u00e2nia acumula mais de dez anos de experi\u00eancia na \u00e1rea. Durante a gradua\u00e7\u00e3o, passou por ve\u00edculos como a TV UESB e a TV Sudoeste, fortalecendo a forma\u00e7\u00e3o pr\u00e1tica no jornalismo regional. Ao longo da carreira, a jornalista construiu trajet\u00f3ria em reportagens, campanhas pol\u00edticas, projetos institucionais e a\u00e7\u00f5es governamentais. O trabalho, segundo a prefeitura, sempre foi guiado pela \u00e9tica profissional, responsabilidade social e compromisso com o interesse p\u00fablico, caracter\u00edsticas apontadas como decisivas para a escolha. Criada para organizar e planejar a pol\u00edtica de comunica\u00e7\u00e3o do Executivo, a Secom ser\u00e1 respons\u00e1vel pela gest\u00e3o dos canais oficiais do munic\u00edpio. A pasta tamb\u00e9m atuar\u00e1 na padroniza\u00e7\u00e3o da comunica\u00e7\u00e3o institucional e no fortalecimento da transpar\u00eancia, ampliando o acesso da popula\u00e7\u00e3o \u00e0s informa\u00e7\u00f5es da gest\u00e3o. Para o prefeito Fabr\u00edcio Abrantes, a nova secretaria representa avan\u00e7o na moderniza\u00e7\u00e3o administrativa. Ele destacou que a comunica\u00e7\u00e3o p\u00fablica \u00e9 ferramenta essencial para garantir informa\u00e7\u00e3o clara, di\u00e1logo direto e aproxima\u00e7\u00e3o com os cidad\u00e3os, refor\u00e7ando a import\u00e2ncia de uma estrutura t\u00e9cnica e profissional. Segundo Abrantes, a escolha da secret\u00e1ria considerou experi\u00eancia, forma\u00e7\u00e3o e capacidade de construir uma comunica\u00e7\u00e3o \u00e9tica. O prefeito afirmou que o trabalho desenvolvido ao longo do \u00faltimo ano mostrou a necessidade de uma pasta espec\u00edfica para assegurar informa\u00e7\u00e3o democr\u00e1tica e respons\u00e1vel aos brumadenses. \u00c0 frente da Secom, Beth\u00e2nia Guimar\u00e3es afirmou que a miss\u00e3o vai al\u00e9m de informar. A secret\u00e1ria destacou que a comunica\u00e7\u00e3o p\u00fablica deve ouvir a popula\u00e7\u00e3o e atuar como ponte entre governo e sociedade, com foco em transpar\u00eancia, compromisso social e servi\u00e7o \u00e0 comunidade de Brumado.<\/p>\n","protected":false},"author":2,"featured_media":5290,"comment_status":"open","ping_status":"open","sticky":false,"template":"","format":"standard","meta":{"footnotes":""},"categories":[10,4,6],"tags":[],"class_list":["post-5254","post","type-post","status-publish","format-standard","has-post-thumbnail","hentry","category-brumado","category-cidades","category-politica"],"yoast_head":"<!-- This site is optimized with the Yoast SEO plugin v26.5 - https:\/\/yoast.com\/wordpress\/plugins\/seo\/ -->\n<title>Brumado cria Secretaria de Comunica\u00e7\u00e3o e aposta em transpar\u00eancia; Beth\u00e2nia Guimar\u00e3es assume a pasta - Sudoesteacontece<\/title>\n<meta name=\"robots\" content=\"index, follow, max-snippet:-1, max-image-preview:large, max-video-preview:-1\" \/>\n<link rel=\"canonical\" href=\"https:\/\/sudoesteacontece.com.br\/?p=5254\" \/>\n<meta property=\"og:locale\" content=\"pt_BR\" \/>\n<meta property=\"og:type\" content=\"article\" \/>\n<meta property=\"og:title\" content=\"Brumado cria Secretaria de Comunica\u00e7\u00e3o e aposta em transpar\u00eancia; Beth\u00e2nia Guimar\u00e3es assume a pasta - Sudoesteacontece\" \/>\n<meta property=\"og:description\" content=\"Brumado oficializou nesta sexta-feira (2) a cria\u00e7\u00e3o da Secretaria Municipal de Comunica\u00e7\u00e3o Social (Secom) e nomeou a jornalista Beth\u00e2nia Guimar\u00e3es como titular da pasta. A nomea\u00e7\u00e3o foi publicada no Di\u00e1rio Oficial do Munic\u00edpio e marca o in\u00edcio da atua\u00e7\u00e3o da nova secretaria, institu\u00edda por lei em 17 de dezembro. Formada em Jornalismo pela Universidade Estadual do Sudoeste da Bahia (UESB) e com especializa\u00e7\u00e3o em Orat\u00f3ria pela Funda\u00e7\u00e3o Getulio Vargas (FGV), Beth\u00e2nia acumula mais de dez anos de experi\u00eancia na \u00e1rea. Durante a gradua\u00e7\u00e3o, passou por ve\u00edculos como a TV UESB e a TV Sudoeste, fortalecendo a forma\u00e7\u00e3o pr\u00e1tica no jornalismo regional. Ao longo da carreira, a jornalista construiu trajet\u00f3ria em reportagens, campanhas pol\u00edticas, projetos institucionais e a\u00e7\u00f5es governamentais. O trabalho, segundo a prefeitura, sempre foi guiado pela \u00e9tica profissional, responsabilidade social e compromisso com o interesse p\u00fablico, caracter\u00edsticas apontadas como decisivas para a escolha. Criada para organizar e planejar a pol\u00edtica de comunica\u00e7\u00e3o do Executivo, a Secom ser\u00e1 respons\u00e1vel pela gest\u00e3o dos canais oficiais do munic\u00edpio. A pasta tamb\u00e9m atuar\u00e1 na padroniza\u00e7\u00e3o da comunica\u00e7\u00e3o institucional e no fortalecimento da transpar\u00eancia, ampliando o acesso da popula\u00e7\u00e3o \u00e0s informa\u00e7\u00f5es da gest\u00e3o. Para o prefeito Fabr\u00edcio Abrantes, a nova secretaria representa avan\u00e7o na moderniza\u00e7\u00e3o administrativa. Ele destacou que a comunica\u00e7\u00e3o p\u00fablica \u00e9 ferramenta essencial para garantir informa\u00e7\u00e3o clara, di\u00e1logo direto e aproxima\u00e7\u00e3o com os cidad\u00e3os, refor\u00e7ando a import\u00e2ncia de uma estrutura t\u00e9cnica e profissional. Segundo Abrantes, a escolha da secret\u00e1ria considerou experi\u00eancia, forma\u00e7\u00e3o e capacidade de construir uma comunica\u00e7\u00e3o \u00e9tica. O prefeito afirmou que o trabalho desenvolvido ao longo do \u00faltimo ano mostrou a necessidade de uma pasta espec\u00edfica para assegurar informa\u00e7\u00e3o democr\u00e1tica e respons\u00e1vel aos brumadenses. \u00c0 frente da Secom, Beth\u00e2nia Guimar\u00e3es afirmou que a miss\u00e3o vai al\u00e9m de informar. A secret\u00e1ria destacou que a comunica\u00e7\u00e3o p\u00fablica deve ouvir a popula\u00e7\u00e3o e atuar como ponte entre governo e sociedade, com foco em transpar\u00eancia, compromisso social e servi\u00e7o \u00e0 comunidade de Brumado.\" \/>\n<meta property=\"og:url\" content=\"https:\/\/sudoesteacontece.com.br\/?p=5254\" \/>\n<meta property=\"og:site_name\" content=\"Sudoesteacontece\" \/>\n<meta property=\"article:publisher\" content=\"https:\/\/www.facebook.com\/sudoesteacontece\/?locale=pt_BR\" \/>\n<meta property=\"article:published_time\" content=\"2026-01-03T21:18:49+00:00\" \/>\n<meta property=\"article:modified_time\" content=\"2026-01-03T21:18:52+00:00\" \/>\n<meta property=\"og:image\" content=\"https:\/\/sudoesteacontece.com.br\/wp-content\/uploads\/2026\/01\/Brumado-cria-Secretaria-de-Comunicacao-e-aposta-em-transparencia-Bethania-Guimaraes-assume-a-pasta-sudoeste-acontece.jpg\" \/>\n\t<meta property=\"og:image:width\" content=\"900\" \/>\n\t<meta property=\"og:image:height\" content=\"600\" \/>\n\t<meta property=\"og:image:type\" content=\"image\/jpeg\" \/>\n<meta name=\"author\" content=\"Washington Tiago\" \/>\n<meta name=\"twitter:card\" content=\"summary_large_image\" \/>\n<meta name=\"twitter:label1\" content=\"Escrito por\" \/>\n\t<meta name=\"twitter:data1\" content=\"Washington Tiago\" \/>\n\t<meta name=\"twitter:label2\" content=\"Est. tempo de leitura\" \/>\n\t<meta name=\"twitter:data2\" content=\"3 minutos\" \/>\n<script type=\"application\/ld+json\" class=\"yoast-schema-graph\">{\"@context\":\"https:\/\/schema.org\",\"@graph\":[{\"@type\":\"Article\",\"@id\":\"https:\/\/sudoesteacontece.com.br\/?p=5254#article\",\"isPartOf\":{\"@id\":\"https:\/\/sudoesteacontece.com.br\/?p=5254\"},\"author\":{\"name\":\"Washington Tiago\",\"@id\":\"https:\/\/sudoesteacontece.com.br\/#\/schema\/person\/3cf2cf009926a9683ebc29d5379fa79c\"},\"headline\":\"Brumado cria Secretaria de Comunica\u00e7\u00e3o e aposta em transpar\u00eancia; Beth\u00e2nia Guimar\u00e3es assume a pasta\",\"datePublished\":\"2026-01-03T21:18:49+00:00\",\"dateModified\":\"2026-01-03T21:18:52+00:00\",\"mainEntityOfPage\":{\"@id\":\"https:\/\/sudoesteacontece.com.br\/?p=5254\"},\"wordCount\":398,\"commentCount\":0,\"publisher\":{\"@id\":\"https:\/\/sudoesteacontece.com.br\/#organization\"},\"image\":{\"@id\":\"https:\/\/sudoesteacontece.com.br\/?p=5254#primaryimage\"},\"thumbnailUrl\":\"https:\/\/sudoesteacontece.com.br\/wp-content\/uploads\/2026\/01\/Brumado-cria-Secretaria-de-Comunicacao-e-aposta-em-transparencia-Bethania-Guimaraes-assume-a-pasta-sudoeste-acontece.jpg\",\"articleSection\":[\"Brumado\",\"Cidades\",\"Pol\u00edtica\"],\"inLanguage\":\"pt-BR\",\"potentialAction\":[{\"@type\":\"CommentAction\",\"name\":\"Comment\",\"target\":[\"https:\/\/sudoesteacontece.com.br\/?p=5254#respond\"]}]},{\"@type\":\"WebPage\",\"@id\":\"https:\/\/sudoesteacontece.com.br\/?p=5254\",\"url\":\"https:\/\/sudoesteacontece.com.br\/?p=5254\",\"name\":\"Brumado cria Secretaria de Comunica\u00e7\u00e3o e aposta em transpar\u00eancia; Beth\u00e2nia Guimar\u00e3es assume a pasta - Sudoesteacontece\",\"isPartOf\":{\"@id\":\"https:\/\/sudoesteacontece.com.br\/#website\"},\"primaryImageOfPage\":{\"@id\":\"https:\/\/sudoesteacontece.com.br\/?p=5254#primaryimage\"},\"image\":{\"@id\":\"https:\/\/sudoesteacontece.com.br\/?p=5254#primaryimage\"},\"thumbnailUrl\":\"https:\/\/sudoesteacontece.com.br\/wp-content\/uploads\/2026\/01\/Brumado-cria-Secretaria-de-Comunicacao-e-aposta-em-transparencia-Bethania-Guimaraes-assume-a-pasta-sudoeste-acontece.jpg\",\"datePublished\":\"2026-01-03T21:18:49+00:00\",\"dateModified\":\"2026-01-03T21:18:52+00:00\",\"breadcrumb\":{\"@id\":\"https:\/\/sudoesteacontece.com.br\/?p=5254#breadcrumb\"},\"inLanguage\":\"pt-BR\",\"potentialAction\":[{\"@type\":\"ReadAction\",\"target\":[\"https:\/\/sudoesteacontece.com.br\/?p=5254\"]}]},{\"@type\":\"ImageObject\",\"inLanguage\":\"pt-BR\",\"@id\":\"https:\/\/sudoesteacontece.com.br\/?p=5254#primaryimage\",\"url\":\"https:\/\/sudoesteacontece.com.br\/wp-content\/uploads\/2026\/01\/Brumado-cria-Secretaria-de-Comunicacao-e-aposta-em-transparencia-Bethania-Guimaraes-assume-a-pasta-sudoeste-acontece.jpg\",\"contentUrl\":\"https:\/\/sudoesteacontece.com.br\/wp-content\/uploads\/2026\/01\/Brumado-cria-Secretaria-de-Comunicacao-e-aposta-em-transparencia-Bethania-Guimaraes-assume-a-pasta-sudoeste-acontece.jpg\",\"width\":900,\"height\":600},{\"@type\":\"BreadcrumbList\",\"@id\":\"https:\/\/sudoesteacontece.com.br\/?p=5254#breadcrumb\",\"itemListElement\":[{\"@type\":\"ListItem\",\"position\":1,\"name\":\"In\u00edcio\",\"item\":\"https:\/\/sudoesteacontece.com.br\/\"},{\"@type\":\"ListItem\",\"position\":2,\"name\":\"Brumado cria Secretaria de Comunica\u00e7\u00e3o e aposta em transpar\u00eancia; Beth\u00e2nia Guimar\u00e3es assume a pasta\"}]},{\"@type\":\"WebSite\",\"@id\":\"https:\/\/sudoesteacontece.com.br\/#website\",\"url\":\"https:\/\/sudoesteacontece.com.br\/\",\"name\":\"Sudoesteacontece\",\"description\":\"\",\"publisher\":{\"@id\":\"https:\/\/sudoesteacontece.com.br\/#organization\"},\"potentialAction\":[{\"@type\":\"SearchAction\",\"target\":{\"@type\":\"EntryPoint\",\"urlTemplate\":\"https:\/\/sudoesteacontece.com.br\/?s={search_term_string}\"},\"query-input\":{\"@type\":\"PropertyValueSpecification\",\"valueRequired\":true,\"valueName\":\"search_term_string\"}}],\"inLanguage\":\"pt-BR\"},{\"@type\":\"Organization\",\"@id\":\"https:\/\/sudoesteacontece.com.br\/#organization\",\"name\":\"Sudoesteacontece\",\"url\":\"https:\/\/sudoesteacontece.com.br\/\",\"logo\":{\"@type\":\"ImageObject\",\"inLanguage\":\"pt-BR\",\"@id\":\"https:\/\/sudoesteacontece.com.br\/#\/schema\/logo\/image\/\",\"url\":\"https:\/\/sudoesteacontece.com.br\/wp-content\/uploads\/2025\/12\/cropped-logo-2-180x180-1.png\",\"contentUrl\":\"https:\/\/sudoesteacontece.com.br\/wp-content\/uploads\/2025\/12\/cropped-logo-2-180x180-1.png\",\"width\":180,\"height\":180,\"caption\":\"Sudoesteacontece\"},\"image\":{\"@id\":\"https:\/\/sudoesteacontece.com.br\/#\/schema\/logo\/image\/\"},\"sameAs\":[\"https:\/\/www.facebook.com\/sudoesteacontece\/?locale=pt_BR\"]},{\"@type\":\"Person\",\"@id\":\"https:\/\/sudoesteacontece.com.br\/#\/schema\/person\/3cf2cf009926a9683ebc29d5379fa79c\",\"name\":\"Washington Tiago\",\"image\":{\"@type\":\"ImageObject\",\"inLanguage\":\"pt-BR\",\"@id\":\"https:\/\/sudoesteacontece.com.br\/#\/schema\/person\/image\/\",\"url\":\"https:\/\/secure.gravatar.com\/avatar\/33c43b8668157e040f9d1fe93c354bf087cbd8ba36270c1163198bd3ddcf2a56?s=96&d=mm&r=g\",\"contentUrl\":\"https:\/\/secure.gravatar.com\/avatar\/33c43b8668157e040f9d1fe93c354bf087cbd8ba36270c1163198bd3ddcf2a56?s=96&d=mm&r=g\",\"caption\":\"Washington Tiago\"},\"url\":\"https:\/\/sudoesteacontece.com.br\/?author=2\"}]}<\/script>\n<!-- \/ Yoast SEO plugin. -->","yoast_head_json":{"title":"Brumado cria Secretaria de Comunica\u00e7\u00e3o e aposta em transpar\u00eancia; Beth\u00e2nia Guimar\u00e3es assume a pasta - Sudoesteacontece","robots":{"index":"index","follow":"follow","max-snippet":"max-snippet:-1","max-image-preview":"max-image-preview:large","max-video-preview":"max-video-preview:-1"},"canonical":"https:\/\/sudoesteacontece.com.br\/?p=5254","og_locale":"pt_BR","og_type":"article","og_title":"Brumado cria Secretaria de Comunica\u00e7\u00e3o e aposta em transpar\u00eancia; Beth\u00e2nia Guimar\u00e3es assume a pasta - Sudoesteacontece","og_description":"Brumado oficializou nesta sexta-feira (2) a cria\u00e7\u00e3o da Secretaria Municipal de Comunica\u00e7\u00e3o Social (Secom) e nomeou a jornalista Beth\u00e2nia Guimar\u00e3es como titular da pasta. A nomea\u00e7\u00e3o foi publicada no Di\u00e1rio Oficial do Munic\u00edpio e marca o in\u00edcio da atua\u00e7\u00e3o da nova secretaria, institu\u00edda por lei em 17 de dezembro. Formada em Jornalismo pela Universidade Estadual do Sudoeste da Bahia (UESB) e com especializa\u00e7\u00e3o em Orat\u00f3ria pela Funda\u00e7\u00e3o Getulio Vargas (FGV), Beth\u00e2nia acumula mais de dez anos de experi\u00eancia na \u00e1rea. Durante a gradua\u00e7\u00e3o, passou por ve\u00edculos como a TV UESB e a TV Sudoeste, fortalecendo a forma\u00e7\u00e3o pr\u00e1tica no jornalismo regional. Ao longo da carreira, a jornalista construiu trajet\u00f3ria em reportagens, campanhas pol\u00edticas, projetos institucionais e a\u00e7\u00f5es governamentais. O trabalho, segundo a prefeitura, sempre foi guiado pela \u00e9tica profissional, responsabilidade social e compromisso com o interesse p\u00fablico, caracter\u00edsticas apontadas como decisivas para a escolha. Criada para organizar e planejar a pol\u00edtica de comunica\u00e7\u00e3o do Executivo, a Secom ser\u00e1 respons\u00e1vel pela gest\u00e3o dos canais oficiais do munic\u00edpio. A pasta tamb\u00e9m atuar\u00e1 na padroniza\u00e7\u00e3o da comunica\u00e7\u00e3o institucional e no fortalecimento da transpar\u00eancia, ampliando o acesso da popula\u00e7\u00e3o \u00e0s informa\u00e7\u00f5es da gest\u00e3o. Para o prefeito Fabr\u00edcio Abrantes, a nova secretaria representa avan\u00e7o na moderniza\u00e7\u00e3o administrativa. Ele destacou que a comunica\u00e7\u00e3o p\u00fablica \u00e9 ferramenta essencial para garantir informa\u00e7\u00e3o clara, di\u00e1logo direto e aproxima\u00e7\u00e3o com os cidad\u00e3os, refor\u00e7ando a import\u00e2ncia de uma estrutura t\u00e9cnica e profissional. Segundo Abrantes, a escolha da secret\u00e1ria considerou experi\u00eancia, forma\u00e7\u00e3o e capacidade de construir uma comunica\u00e7\u00e3o \u00e9tica. O prefeito afirmou que o trabalho desenvolvido ao longo do \u00faltimo ano mostrou a necessidade de uma pasta espec\u00edfica para assegurar informa\u00e7\u00e3o democr\u00e1tica e respons\u00e1vel aos brumadenses. \u00c0 frente da Secom, Beth\u00e2nia Guimar\u00e3es afirmou que a miss\u00e3o vai al\u00e9m de informar. A secret\u00e1ria destacou que a comunica\u00e7\u00e3o p\u00fablica deve ouvir a popula\u00e7\u00e3o e atuar como ponte entre governo e sociedade, com foco em transpar\u00eancia, compromisso social e servi\u00e7o \u00e0 comunidade de Brumado.","og_url":"https:\/\/sudoesteacontece.com.br\/?p=5254","og_site_name":"Sudoesteacontece","article_publisher":"https:\/\/www.facebook.com\/sudoesteacontece\/?locale=pt_BR","article_published_time":"2026-01-03T21:18:49+00:00","article_modified_time":"2026-01-03T21:18:52+00:00","og_image":[{"width":900,"height":600,"url":"https:\/\/sudoesteacontece.com.br\/wp-content\/uploads\/2026\/01\/Brumado-cria-Secretaria-de-Comunicacao-e-aposta-em-transparencia-Bethania-Guimaraes-assume-a-pasta-sudoeste-acontece.jpg","type":"image\/jpeg"}],"author":"Washington Tiago","twitter_card":"summary_large_image","twitter_misc":{"Escrito por":"Washington Tiago","Est. tempo de leitura":"3 minutos"},"schema":{"@context":"https:\/\/schema.org","@graph":[{"@type":"Article","@id":"https:\/\/sudoesteacontece.com.br\/?p=5254#article","isPartOf":{"@id":"https:\/\/sudoesteacontece.com.br\/?p=5254"},"author":{"name":"Washington Tiago","@id":"https:\/\/sudoesteacontece.com.br\/#\/schema\/person\/3cf2cf009926a9683ebc29d5379fa79c"},"headline":"Brumado cria Secretaria de Comunica\u00e7\u00e3o e aposta em transpar\u00eancia; Beth\u00e2nia Guimar\u00e3es assume a pasta","datePublished":"2026-01-03T21:18:49+00:00","dateModified":"2026-01-03T21:18:52+00:00","mainEntityOfPage":{"@id":"https:\/\/sudoesteacontece.com.br\/?p=5254"},"wordCount":398,"commentCount":0,"publisher":{"@id":"https:\/\/sudoesteacontece.com.br\/#organization"},"image":{"@id":"https:\/\/sudoesteacontece.com.br\/?p=5254#primaryimage"},"thumbnailUrl":"https:\/\/sudoesteacontece.com.br\/wp-content\/uploads\/2026\/01\/Brumado-cria-Secretaria-de-Comunicacao-e-aposta-em-transparencia-Bethania-Guimaraes-assume-a-pasta-sudoeste-acontece.jpg","articleSection":["Brumado","Cidades","Pol\u00edtica"],"inLanguage":"pt-BR","potentialAction":[{"@type":"CommentAction","name":"Comment","target":["https:\/\/sudoesteacontece.com.br\/?p=5254#respond"]}]},{"@type":"WebPage","@id":"https:\/\/sudoesteacontece.com.br\/?p=5254","url":"https:\/\/sudoesteacontece.com.br\/?p=5254","name":"Brumado cria Secretaria de Comunica\u00e7\u00e3o e aposta em transpar\u00eancia; Beth\u00e2nia Guimar\u00e3es assume a pasta - Sudoesteacontece","isPartOf":{"@id":"https:\/\/sudoesteacontece.com.br\/#website"},"primaryImageOfPage":{"@id":"https:\/\/sudoesteacontece.com.br\/?p=5254#primaryimage"},"image":{"@id":"https:\/\/sudoesteacontece.com.br\/?p=5254#primaryimage"},"thumbnailUrl":"https:\/\/sudoesteacontece.com.br\/wp-content\/uploads\/2026\/01\/Brumado-cria-Secretaria-de-Comunicacao-e-aposta-em-transparencia-Bethania-Guimaraes-assume-a-pasta-sudoeste-acontece.jpg","datePublished":"2026-01-03T21:18:49+00:00","dateModified":"2026-01-03T21:18:52+00:00","breadcrumb":{"@id":"https:\/\/sudoesteacontece.com.br\/?p=5254#breadcrumb"},"inLanguage":"pt-BR","potentialAction":[{"@type":"ReadAction","target":["https:\/\/sudoesteacontece.com.br\/?p=5254"]}]},{"@type":"ImageObject","inLanguage":"pt-BR","@id":"https:\/\/sudoesteacontece.com.br\/?p=5254#primaryimage","url":"https:\/\/sudoesteacontece.com.br\/wp-content\/uploads\/2026\/01\/Brumado-cria-Secretaria-de-Comunicacao-e-aposta-em-transparencia-Bethania-Guimaraes-assume-a-pasta-sudoeste-acontece.jpg","contentUrl":"https:\/\/sudoesteacontece.com.br\/wp-content\/uploads\/2026\/01\/Brumado-cria-Secretaria-de-Comunicacao-e-aposta-em-transparencia-Bethania-Guimaraes-assume-a-pasta-sudoeste-acontece.jpg","width":900,"height":600},{"@type":"BreadcrumbList","@id":"https:\/\/sudoesteacontece.com.br\/?p=5254#breadcrumb","itemListElement":[{"@type":"ListItem","position":1,"name":"In\u00edcio","item":"https:\/\/sudoesteacontece.com.br\/"},{"@type":"ListItem","position":2,"name":"Brumado cria Secretaria de Comunica\u00e7\u00e3o e aposta em transpar\u00eancia; Beth\u00e2nia Guimar\u00e3es assume a pasta"}]},{"@type":"WebSite","@id":"https:\/\/sudoesteacontece.com.br\/#website","url":"https:\/\/sudoesteacontece.com.br\/","name":"Sudoesteacontece","description":"","publisher":{"@id":"https:\/\/sudoesteacontece.com.br\/#organization"},"potentialAction":[{"@type":"SearchAction","target":{"@type":"EntryPoint","urlTemplate":"https:\/\/sudoesteacontece.com.br\/?s={search_term_string}"},"query-input":{"@type":"PropertyValueSpecification","valueRequired":true,"valueName":"search_term_string"}}],"inLanguage":"pt-BR"},{"@type":"Organization","@id":"https:\/\/sudoesteacontece.com.br\/#organization","name":"Sudoesteacontece","url":"https:\/\/sudoesteacontece.com.br\/","logo":{"@type":"ImageObject","inLanguage":"pt-BR","@id":"https:\/\/sudoesteacontece.com.br\/#\/schema\/logo\/image\/","url":"https:\/\/sudoesteacontece.com.br\/wp-content\/uploads\/2025\/12\/cropped-logo-2-180x180-1.png","contentUrl":"https:\/\/sudoesteacontece.com.br\/wp-content\/uploads\/2025\/12\/cropped-logo-2-180x180-1.png","width":180,"height":180,"caption":"Sudoesteacontece"},"image":{"@id":"https:\/\/sudoesteacontece.com.br\/#\/schema\/logo\/image\/"},"sameAs":["https:\/\/www.facebook.com\/sudoesteacontece\/?locale=pt_BR"]},{"@type":"Person","@id":"https:\/\/sudoesteacontece.com.br\/#\/schema\/person\/3cf2cf009926a9683ebc29d5379fa79c","name":"Washington Tiago","image":{"@type":"ImageObject","inLanguage":"pt-BR","@id":"https:\/\/sudoesteacontece.com.br\/#\/schema\/person\/image\/","url":"https:\/\/secure.gravatar.com\/avatar\/33c43b8668157e040f9d1fe93c354bf087cbd8ba36270c1163198bd3ddcf2a56?s=96&d=mm&r=g","contentUrl":"https:\/\/secure.gravatar.com\/avatar\/33c43b8668157e040f9d1fe93c354bf087cbd8ba36270c1163198bd3ddcf2a56?s=96&d=mm&r=g","caption":"Washington Tiago"},"url":"https:\/\/sudoesteacontece.com.br\/?author=2"}]}},"_links":{"self":[{"href":"https:\/\/sudoesteacontece.com.br\/index.php?rest_route=\/wp\/v2\/posts\/5254","targetHints":{"allow":["GET"]}}],"collection":[{"href":"https:\/\/sudoesteacontece.com.br\/index.php?rest_route=\/wp\/v2\/posts"}],"about":[{"href":"https:\/\/sudoesteacontece.com.br\/index.php?rest_route=\/wp\/v2\/types\/post"}],"author":[{"embeddable":true,"href":"https:\/\/sudoesteacontece.com.br\/index.php?rest_route=\/wp\/v2\/users\/2"}],"replies":[{"embeddable":true,"href":"https:\/\/sudoesteacontece.com.br\/index.php?rest_route=%2Fwp%2Fv2%2Fcomments&post=5254"}],"version-history":[{"count":0,"href":"https:\/\/sudoesteacontece.com.br\/index.php?rest_route=\/wp\/v2\/posts\/5254\/revisions"}],"wp:featuredmedia":[{"embeddable":true,"href":"https:\/\/sudoesteacontece.com.br\/index.php?rest_route=\/wp\/v2\/media\/5290"}],"wp:attachment":[{"href":"https:\/\/sudoesteacontece.com.br\/index.php?rest_route=%2Fwp%2Fv2%2Fmedia&parent=5254"}],"wp:term":[{"taxonomy":"category","embeddable":true,"href":"https:\/\/sudoesteacontece.com.br\/index.php?rest_route=%2Fwp%2Fv2%2Fcategories&post=5254"},{"taxonomy":"post_tag","embeddable":true,"href":"https:\/\/sudoesteacontece.com.br\/index.php?rest_route=%2Fwp%2Fv2%2Ftags&post=5254"}],"curies":[{"name":"wp","href":"https:\/\/api.w.org\/{rel}","templated":true}]}}