{"id":5317,"date":"2026-01-04T16:23:11","date_gmt":"2026-01-04T19:23:11","guid":{"rendered":"https:\/\/sudoesteacontece.com.br\/?p=5317"},"modified":"2026-01-04T16:23:13","modified_gmt":"2026-01-04T19:23:13","slug":"suspeito-de-matar-vizinho-tem-casa-incendiada-por-moradores-e-e-investigado-por-outros-crimes-no-oeste-da-bahia","status":"publish","type":"post","link":"https:\/\/sudoesteacontece.com.br\/?p=5317","title":{"rendered":"Suspeito de matar vizinho tem casa incendiada por moradores e \u00e9 investigado por outros crimes no oeste da Bahia"},"content":{"rendered":"<div class=\"wp-block-image\">\n<figure class=\"aligncenter size-full\"><img fetchpriority=\"high\" decoding=\"async\" width=\"900\" height=\"600\" src=\"http:\/\/sudoesteacontece.com.br\/wp-content\/uploads\/2026\/01\/Suspeito-de-matar-vizinho-tem-casa-incendiada-por-moradores-e-e-investigado-por-outros-crimes-no-oeste-da-Bahia-sudoeste-acontece.jpg\" alt=\"\" class=\"wp-image-5335\" srcset=\"https:\/\/sudoesteacontece.com.br\/wp-content\/uploads\/2026\/01\/Suspeito-de-matar-vizinho-tem-casa-incendiada-por-moradores-e-e-investigado-por-outros-crimes-no-oeste-da-Bahia-sudoeste-acontece.jpg 900w, https:\/\/sudoesteacontece.com.br\/wp-content\/uploads\/2026\/01\/Suspeito-de-matar-vizinho-tem-casa-incendiada-por-moradores-e-e-investigado-por-outros-crimes-no-oeste-da-Bahia-sudoeste-acontece-300x200.jpg 300w, https:\/\/sudoesteacontece.com.br\/wp-content\/uploads\/2026\/01\/Suspeito-de-matar-vizinho-tem-casa-incendiada-por-moradores-e-e-investigado-por-outros-crimes-no-oeste-da-Bahia-sudoeste-acontece-768x512.jpg 768w\" sizes=\"(max-width: 900px) 100vw, 900px\" \/><\/figure>\n<\/div>\n\n\n<p>Revolta tomou conta de Feira da Mata, no oeste da Bahia, na noite de sexta-feira (2). Moradores incendiaram a casa de Manoel Pereira dos Santos, de 46 anos, preso horas antes e apontado como principal suspeito de matar a facadas o vizinho Ant\u00f4nio Bispo Santana. A a\u00e7\u00e3o ocorreu ap\u00f3s a pris\u00e3o e n\u00e3o deixou feridos.<\/p>\n\n\n\n<p>Segundo a pol\u00edcia, Manoel foi detido pela manh\u00e3, ap\u00f3s ser identificado como autor do ataque ocorrido na noite de quinta-feira (1\u00ba), na localidade conhecida como Vila 57. Ant\u00f4nio foi esfaqueado durante um desentendimento e, mesmo gravemente ferido, conseguiu caminhar at\u00e9 a casa de uma irm\u00e3 para pedir socorro.<\/p>\n\n\n\n<p>Apesar do resgate, a v\u00edtima n\u00e3o resistiu. Ant\u00f4nio foi levado ao Hospital Municipal S\u00e3o Sebasti\u00e3o, em Cocos, mas morreu devido \u00e0 gravidade dos ferimentos. O crime gerou forte como\u00e7\u00e3o na comunidade e ampliou a tens\u00e3o entre moradores, que passaram a relatar outros epis\u00f3dios atribu\u00eddos ao suspeito.<\/p>\n\n\n\n<p>Apura\u00e7\u00e3o do Folha do Vale indica que Manoel tamb\u00e9m \u00e9 investigado por poss\u00edveis crimes cometidos na Bahia e no estado de Goi\u00e1s. Moradores afirmam que ele teria se envolvido em um homic\u00eddio em territ\u00f3rio goiano antes de se mudar para Feira da Mata, informa\u00e7\u00e3o ainda em fase de verifica\u00e7\u00e3o oficial.<\/p>\n\n\n\n<p>Al\u00e9m disso, Manoel figura como principal suspeito na morte da companheira Isabel Dias de Jesus, de 60 anos, registrada em junho de 2024. Na \u00e9poca, ele alegou que o caso foi um acidente de tr\u00e2nsito na BA-161, ap\u00f3s queda de motocicleta ao passar por um quebra-molas.<\/p>\n\n\n\n<p>Entretanto, a vers\u00e3o apresentada n\u00e3o convenceu moradores da regi\u00e3o, que sempre levantaram d\u00favidas sobre a din\u00e2mica do ocorrido. As investiga\u00e7\u00f5es n\u00e3o avan\u00e7aram naquele momento, mas o hist\u00f3rico voltou a ser analisado ap\u00f3s o novo homic\u00eddio atribu\u00eddo ao suspeito.<\/p>\n\n\n\n<p>Agora, a Pol\u00edcia Civil investiga o assassinato de Ant\u00f4nio Bispo Santana e apura a poss\u00edvel liga\u00e7\u00e3o de Manoel com outros crimes. O inc\u00eandio da resid\u00eancia tamb\u00e9m ser\u00e1 analisado. As autoridades refor\u00e7am que atos de viol\u00eancia e retalia\u00e7\u00e3o ser\u00e3o igualmente responsabilizados.<\/p>\n","protected":false},"excerpt":{"rendered":"<p>Revolta tomou conta de Feira da Mata, no oeste da Bahia, na noite de sexta-feira (2). Moradores incendiaram a casa de Manoel Pereira dos Santos, de 46 anos, preso horas antes e apontado como principal suspeito de matar a facadas o vizinho Ant\u00f4nio Bispo Santana. A a\u00e7\u00e3o ocorreu ap\u00f3s a pris\u00e3o e n\u00e3o deixou feridos. Segundo a pol\u00edcia, Manoel foi detido pela manh\u00e3, ap\u00f3s ser identificado como autor do ataque ocorrido na noite de quinta-feira (1\u00ba), na localidade conhecida como Vila 57. Ant\u00f4nio foi esfaqueado durante um desentendimento e, mesmo gravemente ferido, conseguiu caminhar at\u00e9 a casa de uma irm\u00e3 para pedir socorro. Apesar do resgate, a v\u00edtima n\u00e3o resistiu. Ant\u00f4nio foi levado ao Hospital Municipal S\u00e3o Sebasti\u00e3o, em Cocos, mas morreu devido \u00e0 gravidade dos ferimentos. O crime gerou forte como\u00e7\u00e3o na comunidade e ampliou a tens\u00e3o entre moradores, que passaram a relatar outros epis\u00f3dios atribu\u00eddos ao suspeito. Apura\u00e7\u00e3o do Folha do Vale indica que Manoel tamb\u00e9m \u00e9 investigado por poss\u00edveis crimes cometidos na Bahia e no estado de Goi\u00e1s. Moradores afirmam que ele teria se envolvido em um homic\u00eddio em territ\u00f3rio goiano antes de se mudar para Feira da Mata, informa\u00e7\u00e3o ainda em fase de verifica\u00e7\u00e3o oficial. Al\u00e9m disso, Manoel figura como principal suspeito na morte da companheira Isabel Dias de Jesus, de 60 anos, registrada em junho de 2024. Na \u00e9poca, ele alegou que o caso foi um acidente de tr\u00e2nsito na BA-161, ap\u00f3s queda de motocicleta ao passar por um quebra-molas. Entretanto, a vers\u00e3o apresentada n\u00e3o convenceu moradores da regi\u00e3o, que sempre levantaram d\u00favidas sobre a din\u00e2mica do ocorrido. As investiga\u00e7\u00f5es n\u00e3o avan\u00e7aram naquele momento, mas o hist\u00f3rico voltou a ser analisado ap\u00f3s o novo homic\u00eddio atribu\u00eddo ao suspeito. Agora, a Pol\u00edcia Civil investiga o assassinato de Ant\u00f4nio Bispo Santana e apura a poss\u00edvel liga\u00e7\u00e3o de Manoel com outros crimes. O inc\u00eandio da resid\u00eancia tamb\u00e9m ser\u00e1 analisado. As autoridades refor\u00e7am que atos de viol\u00eancia e retalia\u00e7\u00e3o ser\u00e3o igualmente responsabilizados.<\/p>\n","protected":false},"author":2,"featured_media":5335,"comment_status":"open","ping_status":"open","sticky":false,"template":"","format":"standard","meta":{"footnotes":""},"categories":[4,3],"tags":[],"class_list":["post-5317","post","type-post","status-publish","format-standard","has-post-thumbnail","hentry","category-cidades","category-policia"],"yoast_head":"<!-- This site is optimized with the Yoast SEO plugin v26.5 - https:\/\/yoast.com\/wordpress\/plugins\/seo\/ -->\n<title>Suspeito de matar vizinho tem casa incendiada por moradores e \u00e9 investigado por outros crimes no oeste da Bahia - Sudoesteacontece<\/title>\n<meta name=\"robots\" content=\"index, follow, max-snippet:-1, max-image-preview:large, max-video-preview:-1\" \/>\n<link rel=\"canonical\" href=\"https:\/\/sudoesteacontece.com.br\/?p=5317\" \/>\n<meta property=\"og:locale\" content=\"pt_BR\" \/>\n<meta property=\"og:type\" content=\"article\" \/>\n<meta property=\"og:title\" content=\"Suspeito de matar vizinho tem casa incendiada por moradores e \u00e9 investigado por outros crimes no oeste da Bahia - Sudoesteacontece\" \/>\n<meta property=\"og:description\" content=\"Revolta tomou conta de Feira da Mata, no oeste da Bahia, na noite de sexta-feira (2). Moradores incendiaram a casa de Manoel Pereira dos Santos, de 46 anos, preso horas antes e apontado como principal suspeito de matar a facadas o vizinho Ant\u00f4nio Bispo Santana. A a\u00e7\u00e3o ocorreu ap\u00f3s a pris\u00e3o e n\u00e3o deixou feridos. Segundo a pol\u00edcia, Manoel foi detido pela manh\u00e3, ap\u00f3s ser identificado como autor do ataque ocorrido na noite de quinta-feira (1\u00ba), na localidade conhecida como Vila 57. Ant\u00f4nio foi esfaqueado durante um desentendimento e, mesmo gravemente ferido, conseguiu caminhar at\u00e9 a casa de uma irm\u00e3 para pedir socorro. Apesar do resgate, a v\u00edtima n\u00e3o resistiu. Ant\u00f4nio foi levado ao Hospital Municipal S\u00e3o Sebasti\u00e3o, em Cocos, mas morreu devido \u00e0 gravidade dos ferimentos. O crime gerou forte como\u00e7\u00e3o na comunidade e ampliou a tens\u00e3o entre moradores, que passaram a relatar outros epis\u00f3dios atribu\u00eddos ao suspeito. Apura\u00e7\u00e3o do Folha do Vale indica que Manoel tamb\u00e9m \u00e9 investigado por poss\u00edveis crimes cometidos na Bahia e no estado de Goi\u00e1s. Moradores afirmam que ele teria se envolvido em um homic\u00eddio em territ\u00f3rio goiano antes de se mudar para Feira da Mata, informa\u00e7\u00e3o ainda em fase de verifica\u00e7\u00e3o oficial. Al\u00e9m disso, Manoel figura como principal suspeito na morte da companheira Isabel Dias de Jesus, de 60 anos, registrada em junho de 2024. Na \u00e9poca, ele alegou que o caso foi um acidente de tr\u00e2nsito na BA-161, ap\u00f3s queda de motocicleta ao passar por um quebra-molas. Entretanto, a vers\u00e3o apresentada n\u00e3o convenceu moradores da regi\u00e3o, que sempre levantaram d\u00favidas sobre a din\u00e2mica do ocorrido. As investiga\u00e7\u00f5es n\u00e3o avan\u00e7aram naquele momento, mas o hist\u00f3rico voltou a ser analisado ap\u00f3s o novo homic\u00eddio atribu\u00eddo ao suspeito. Agora, a Pol\u00edcia Civil investiga o assassinato de Ant\u00f4nio Bispo Santana e apura a poss\u00edvel liga\u00e7\u00e3o de Manoel com outros crimes. O inc\u00eandio da resid\u00eancia tamb\u00e9m ser\u00e1 analisado. As autoridades refor\u00e7am que atos de viol\u00eancia e retalia\u00e7\u00e3o ser\u00e3o igualmente responsabilizados.\" \/>\n<meta property=\"og:url\" content=\"https:\/\/sudoesteacontece.com.br\/?p=5317\" \/>\n<meta property=\"og:site_name\" content=\"Sudoesteacontece\" \/>\n<meta property=\"article:publisher\" content=\"https:\/\/www.facebook.com\/sudoesteacontece\/?locale=pt_BR\" \/>\n<meta property=\"article:published_time\" content=\"2026-01-04T19:23:11+00:00\" \/>\n<meta property=\"article:modified_time\" content=\"2026-01-04T19:23:13+00:00\" \/>\n<meta property=\"og:image\" content=\"https:\/\/sudoesteacontece.com.br\/wp-content\/uploads\/2026\/01\/Suspeito-de-matar-vizinho-tem-casa-incendiada-por-moradores-e-e-investigado-por-outros-crimes-no-oeste-da-Bahia-sudoeste-acontece.jpg\" \/>\n\t<meta property=\"og:image:width\" content=\"900\" \/>\n\t<meta property=\"og:image:height\" content=\"600\" \/>\n\t<meta property=\"og:image:type\" content=\"image\/jpeg\" \/>\n<meta name=\"author\" content=\"Washington Tiago\" \/>\n<meta name=\"twitter:card\" content=\"summary_large_image\" \/>\n<meta name=\"twitter:label1\" content=\"Escrito por\" \/>\n\t<meta name=\"twitter:data1\" content=\"Washington Tiago\" \/>\n\t<meta name=\"twitter:label2\" content=\"Est. tempo de leitura\" \/>\n\t<meta name=\"twitter:data2\" content=\"3 minutos\" \/>\n<script type=\"application\/ld+json\" class=\"yoast-schema-graph\">{\"@context\":\"https:\/\/schema.org\",\"@graph\":[{\"@type\":\"Article\",\"@id\":\"https:\/\/sudoesteacontece.com.br\/?p=5317#article\",\"isPartOf\":{\"@id\":\"https:\/\/sudoesteacontece.com.br\/?p=5317\"},\"author\":{\"name\":\"Washington Tiago\",\"@id\":\"https:\/\/sudoesteacontece.com.br\/#\/schema\/person\/3cf2cf009926a9683ebc29d5379fa79c\"},\"headline\":\"Suspeito de matar vizinho tem casa incendiada por moradores e \u00e9 investigado por outros crimes no oeste da Bahia\",\"datePublished\":\"2026-01-04T19:23:11+00:00\",\"dateModified\":\"2026-01-04T19:23:13+00:00\",\"mainEntityOfPage\":{\"@id\":\"https:\/\/sudoesteacontece.com.br\/?p=5317\"},\"wordCount\":384,\"commentCount\":0,\"publisher\":{\"@id\":\"https:\/\/sudoesteacontece.com.br\/#organization\"},\"image\":{\"@id\":\"https:\/\/sudoesteacontece.com.br\/?p=5317#primaryimage\"},\"thumbnailUrl\":\"https:\/\/sudoesteacontece.com.br\/wp-content\/uploads\/2026\/01\/Suspeito-de-matar-vizinho-tem-casa-incendiada-por-moradores-e-e-investigado-por-outros-crimes-no-oeste-da-Bahia-sudoeste-acontece.jpg\",\"articleSection\":[\"Cidades\",\"Pol\u00edcia\"],\"inLanguage\":\"pt-BR\",\"potentialAction\":[{\"@type\":\"CommentAction\",\"name\":\"Comment\",\"target\":[\"https:\/\/sudoesteacontece.com.br\/?p=5317#respond\"]}]},{\"@type\":\"WebPage\",\"@id\":\"https:\/\/sudoesteacontece.com.br\/?p=5317\",\"url\":\"https:\/\/sudoesteacontece.com.br\/?p=5317\",\"name\":\"Suspeito de matar vizinho tem casa incendiada por moradores e \u00e9 investigado por outros crimes no oeste da Bahia - Sudoesteacontece\",\"isPartOf\":{\"@id\":\"https:\/\/sudoesteacontece.com.br\/#website\"},\"primaryImageOfPage\":{\"@id\":\"https:\/\/sudoesteacontece.com.br\/?p=5317#primaryimage\"},\"image\":{\"@id\":\"https:\/\/sudoesteacontece.com.br\/?p=5317#primaryimage\"},\"thumbnailUrl\":\"https:\/\/sudoesteacontece.com.br\/wp-content\/uploads\/2026\/01\/Suspeito-de-matar-vizinho-tem-casa-incendiada-por-moradores-e-e-investigado-por-outros-crimes-no-oeste-da-Bahia-sudoeste-acontece.jpg\",\"datePublished\":\"2026-01-04T19:23:11+00:00\",\"dateModified\":\"2026-01-04T19:23:13+00:00\",\"breadcrumb\":{\"@id\":\"https:\/\/sudoesteacontece.com.br\/?p=5317#breadcrumb\"},\"inLanguage\":\"pt-BR\",\"potentialAction\":[{\"@type\":\"ReadAction\",\"target\":[\"https:\/\/sudoesteacontece.com.br\/?p=5317\"]}]},{\"@type\":\"ImageObject\",\"inLanguage\":\"pt-BR\",\"@id\":\"https:\/\/sudoesteacontece.com.br\/?p=5317#primaryimage\",\"url\":\"https:\/\/sudoesteacontece.com.br\/wp-content\/uploads\/2026\/01\/Suspeito-de-matar-vizinho-tem-casa-incendiada-por-moradores-e-e-investigado-por-outros-crimes-no-oeste-da-Bahia-sudoeste-acontece.jpg\",\"contentUrl\":\"https:\/\/sudoesteacontece.com.br\/wp-content\/uploads\/2026\/01\/Suspeito-de-matar-vizinho-tem-casa-incendiada-por-moradores-e-e-investigado-por-outros-crimes-no-oeste-da-Bahia-sudoeste-acontece.jpg\",\"width\":900,\"height\":600},{\"@type\":\"BreadcrumbList\",\"@id\":\"https:\/\/sudoesteacontece.com.br\/?p=5317#breadcrumb\",\"itemListElement\":[{\"@type\":\"ListItem\",\"position\":1,\"name\":\"In\u00edcio\",\"item\":\"https:\/\/sudoesteacontece.com.br\/\"},{\"@type\":\"ListItem\",\"position\":2,\"name\":\"Suspeito de matar vizinho tem casa incendiada por moradores e \u00e9 investigado por outros crimes no oeste da Bahia\"}]},{\"@type\":\"WebSite\",\"@id\":\"https:\/\/sudoesteacontece.com.br\/#website\",\"url\":\"https:\/\/sudoesteacontece.com.br\/\",\"name\":\"Sudoesteacontece\",\"description\":\"\",\"publisher\":{\"@id\":\"https:\/\/sudoesteacontece.com.br\/#organization\"},\"potentialAction\":[{\"@type\":\"SearchAction\",\"target\":{\"@type\":\"EntryPoint\",\"urlTemplate\":\"https:\/\/sudoesteacontece.com.br\/?s={search_term_string}\"},\"query-input\":{\"@type\":\"PropertyValueSpecification\",\"valueRequired\":true,\"valueName\":\"search_term_string\"}}],\"inLanguage\":\"pt-BR\"},{\"@type\":\"Organization\",\"@id\":\"https:\/\/sudoesteacontece.com.br\/#organization\",\"name\":\"Sudoesteacontece\",\"url\":\"https:\/\/sudoesteacontece.com.br\/\",\"logo\":{\"@type\":\"ImageObject\",\"inLanguage\":\"pt-BR\",\"@id\":\"https:\/\/sudoesteacontece.com.br\/#\/schema\/logo\/image\/\",\"url\":\"https:\/\/sudoesteacontece.com.br\/wp-content\/uploads\/2025\/12\/cropped-logo-2-180x180-1.png\",\"contentUrl\":\"https:\/\/sudoesteacontece.com.br\/wp-content\/uploads\/2025\/12\/cropped-logo-2-180x180-1.png\",\"width\":180,\"height\":180,\"caption\":\"Sudoesteacontece\"},\"image\":{\"@id\":\"https:\/\/sudoesteacontece.com.br\/#\/schema\/logo\/image\/\"},\"sameAs\":[\"https:\/\/www.facebook.com\/sudoesteacontece\/?locale=pt_BR\"]},{\"@type\":\"Person\",\"@id\":\"https:\/\/sudoesteacontece.com.br\/#\/schema\/person\/3cf2cf009926a9683ebc29d5379fa79c\",\"name\":\"Washington Tiago\",\"image\":{\"@type\":\"ImageObject\",\"inLanguage\":\"pt-BR\",\"@id\":\"https:\/\/sudoesteacontece.com.br\/#\/schema\/person\/image\/\",\"url\":\"https:\/\/secure.gravatar.com\/avatar\/33c43b8668157e040f9d1fe93c354bf087cbd8ba36270c1163198bd3ddcf2a56?s=96&d=mm&r=g\",\"contentUrl\":\"https:\/\/secure.gravatar.com\/avatar\/33c43b8668157e040f9d1fe93c354bf087cbd8ba36270c1163198bd3ddcf2a56?s=96&d=mm&r=g\",\"caption\":\"Washington Tiago\"},\"url\":\"https:\/\/sudoesteacontece.com.br\/?author=2\"}]}<\/script>\n<!-- \/ Yoast SEO plugin. -->","yoast_head_json":{"title":"Suspeito de matar vizinho tem casa incendiada por moradores e \u00e9 investigado por outros crimes no oeste da Bahia - Sudoesteacontece","robots":{"index":"index","follow":"follow","max-snippet":"max-snippet:-1","max-image-preview":"max-image-preview:large","max-video-preview":"max-video-preview:-1"},"canonical":"https:\/\/sudoesteacontece.com.br\/?p=5317","og_locale":"pt_BR","og_type":"article","og_title":"Suspeito de matar vizinho tem casa incendiada por moradores e \u00e9 investigado por outros crimes no oeste da Bahia - Sudoesteacontece","og_description":"Revolta tomou conta de Feira da Mata, no oeste da Bahia, na noite de sexta-feira (2). Moradores incendiaram a casa de Manoel Pereira dos Santos, de 46 anos, preso horas antes e apontado como principal suspeito de matar a facadas o vizinho Ant\u00f4nio Bispo Santana. A a\u00e7\u00e3o ocorreu ap\u00f3s a pris\u00e3o e n\u00e3o deixou feridos. Segundo a pol\u00edcia, Manoel foi detido pela manh\u00e3, ap\u00f3s ser identificado como autor do ataque ocorrido na noite de quinta-feira (1\u00ba), na localidade conhecida como Vila 57. Ant\u00f4nio foi esfaqueado durante um desentendimento e, mesmo gravemente ferido, conseguiu caminhar at\u00e9 a casa de uma irm\u00e3 para pedir socorro. Apesar do resgate, a v\u00edtima n\u00e3o resistiu. Ant\u00f4nio foi levado ao Hospital Municipal S\u00e3o Sebasti\u00e3o, em Cocos, mas morreu devido \u00e0 gravidade dos ferimentos. O crime gerou forte como\u00e7\u00e3o na comunidade e ampliou a tens\u00e3o entre moradores, que passaram a relatar outros epis\u00f3dios atribu\u00eddos ao suspeito. Apura\u00e7\u00e3o do Folha do Vale indica que Manoel tamb\u00e9m \u00e9 investigado por poss\u00edveis crimes cometidos na Bahia e no estado de Goi\u00e1s. Moradores afirmam que ele teria se envolvido em um homic\u00eddio em territ\u00f3rio goiano antes de se mudar para Feira da Mata, informa\u00e7\u00e3o ainda em fase de verifica\u00e7\u00e3o oficial. Al\u00e9m disso, Manoel figura como principal suspeito na morte da companheira Isabel Dias de Jesus, de 60 anos, registrada em junho de 2024. Na \u00e9poca, ele alegou que o caso foi um acidente de tr\u00e2nsito na BA-161, ap\u00f3s queda de motocicleta ao passar por um quebra-molas. Entretanto, a vers\u00e3o apresentada n\u00e3o convenceu moradores da regi\u00e3o, que sempre levantaram d\u00favidas sobre a din\u00e2mica do ocorrido. As investiga\u00e7\u00f5es n\u00e3o avan\u00e7aram naquele momento, mas o hist\u00f3rico voltou a ser analisado ap\u00f3s o novo homic\u00eddio atribu\u00eddo ao suspeito. Agora, a Pol\u00edcia Civil investiga o assassinato de Ant\u00f4nio Bispo Santana e apura a poss\u00edvel liga\u00e7\u00e3o de Manoel com outros crimes. O inc\u00eandio da resid\u00eancia tamb\u00e9m ser\u00e1 analisado. As autoridades refor\u00e7am que atos de viol\u00eancia e retalia\u00e7\u00e3o ser\u00e3o igualmente responsabilizados.","og_url":"https:\/\/sudoesteacontece.com.br\/?p=5317","og_site_name":"Sudoesteacontece","article_publisher":"https:\/\/www.facebook.com\/sudoesteacontece\/?locale=pt_BR","article_published_time":"2026-01-04T19:23:11+00:00","article_modified_time":"2026-01-04T19:23:13+00:00","og_image":[{"width":900,"height":600,"url":"https:\/\/sudoesteacontece.com.br\/wp-content\/uploads\/2026\/01\/Suspeito-de-matar-vizinho-tem-casa-incendiada-por-moradores-e-e-investigado-por-outros-crimes-no-oeste-da-Bahia-sudoeste-acontece.jpg","type":"image\/jpeg"}],"author":"Washington Tiago","twitter_card":"summary_large_image","twitter_misc":{"Escrito por":"Washington Tiago","Est. tempo de leitura":"3 minutos"},"schema":{"@context":"https:\/\/schema.org","@graph":[{"@type":"Article","@id":"https:\/\/sudoesteacontece.com.br\/?p=5317#article","isPartOf":{"@id":"https:\/\/sudoesteacontece.com.br\/?p=5317"},"author":{"name":"Washington Tiago","@id":"https:\/\/sudoesteacontece.com.br\/#\/schema\/person\/3cf2cf009926a9683ebc29d5379fa79c"},"headline":"Suspeito de matar vizinho tem casa incendiada por moradores e \u00e9 investigado por outros crimes no oeste da Bahia","datePublished":"2026-01-04T19:23:11+00:00","dateModified":"2026-01-04T19:23:13+00:00","mainEntityOfPage":{"@id":"https:\/\/sudoesteacontece.com.br\/?p=5317"},"wordCount":384,"commentCount":0,"publisher":{"@id":"https:\/\/sudoesteacontece.com.br\/#organization"},"image":{"@id":"https:\/\/sudoesteacontece.com.br\/?p=5317#primaryimage"},"thumbnailUrl":"https:\/\/sudoesteacontece.com.br\/wp-content\/uploads\/2026\/01\/Suspeito-de-matar-vizinho-tem-casa-incendiada-por-moradores-e-e-investigado-por-outros-crimes-no-oeste-da-Bahia-sudoeste-acontece.jpg","articleSection":["Cidades","Pol\u00edcia"],"inLanguage":"pt-BR","potentialAction":[{"@type":"CommentAction","name":"Comment","target":["https:\/\/sudoesteacontece.com.br\/?p=5317#respond"]}]},{"@type":"WebPage","@id":"https:\/\/sudoesteacontece.com.br\/?p=5317","url":"https:\/\/sudoesteacontece.com.br\/?p=5317","name":"Suspeito de matar vizinho tem casa incendiada por moradores e \u00e9 investigado por outros crimes no oeste da Bahia - Sudoesteacontece","isPartOf":{"@id":"https:\/\/sudoesteacontece.com.br\/#website"},"primaryImageOfPage":{"@id":"https:\/\/sudoesteacontece.com.br\/?p=5317#primaryimage"},"image":{"@id":"https:\/\/sudoesteacontece.com.br\/?p=5317#primaryimage"},"thumbnailUrl":"https:\/\/sudoesteacontece.com.br\/wp-content\/uploads\/2026\/01\/Suspeito-de-matar-vizinho-tem-casa-incendiada-por-moradores-e-e-investigado-por-outros-crimes-no-oeste-da-Bahia-sudoeste-acontece.jpg","datePublished":"2026-01-04T19:23:11+00:00","dateModified":"2026-01-04T19:23:13+00:00","breadcrumb":{"@id":"https:\/\/sudoesteacontece.com.br\/?p=5317#breadcrumb"},"inLanguage":"pt-BR","potentialAction":[{"@type":"ReadAction","target":["https:\/\/sudoesteacontece.com.br\/?p=5317"]}]},{"@type":"ImageObject","inLanguage":"pt-BR","@id":"https:\/\/sudoesteacontece.com.br\/?p=5317#primaryimage","url":"https:\/\/sudoesteacontece.com.br\/wp-content\/uploads\/2026\/01\/Suspeito-de-matar-vizinho-tem-casa-incendiada-por-moradores-e-e-investigado-por-outros-crimes-no-oeste-da-Bahia-sudoeste-acontece.jpg","contentUrl":"https:\/\/sudoesteacontece.com.br\/wp-content\/uploads\/2026\/01\/Suspeito-de-matar-vizinho-tem-casa-incendiada-por-moradores-e-e-investigado-por-outros-crimes-no-oeste-da-Bahia-sudoeste-acontece.jpg","width":900,"height":600},{"@type":"BreadcrumbList","@id":"https:\/\/sudoesteacontece.com.br\/?p=5317#breadcrumb","itemListElement":[{"@type":"ListItem","position":1,"name":"In\u00edcio","item":"https:\/\/sudoesteacontece.com.br\/"},{"@type":"ListItem","position":2,"name":"Suspeito de matar vizinho tem casa incendiada por moradores e \u00e9 investigado por outros crimes no oeste da Bahia"}]},{"@type":"WebSite","@id":"https:\/\/sudoesteacontece.com.br\/#website","url":"https:\/\/sudoesteacontece.com.br\/","name":"Sudoesteacontece","description":"","publisher":{"@id":"https:\/\/sudoesteacontece.com.br\/#organization"},"potentialAction":[{"@type":"SearchAction","target":{"@type":"EntryPoint","urlTemplate":"https:\/\/sudoesteacontece.com.br\/?s={search_term_string}"},"query-input":{"@type":"PropertyValueSpecification","valueRequired":true,"valueName":"search_term_string"}}],"inLanguage":"pt-BR"},{"@type":"Organization","@id":"https:\/\/sudoesteacontece.com.br\/#organization","name":"Sudoesteacontece","url":"https:\/\/sudoesteacontece.com.br\/","logo":{"@type":"ImageObject","inLanguage":"pt-BR","@id":"https:\/\/sudoesteacontece.com.br\/#\/schema\/logo\/image\/","url":"https:\/\/sudoesteacontece.com.br\/wp-content\/uploads\/2025\/12\/cropped-logo-2-180x180-1.png","contentUrl":"https:\/\/sudoesteacontece.com.br\/wp-content\/uploads\/2025\/12\/cropped-logo-2-180x180-1.png","width":180,"height":180,"caption":"Sudoesteacontece"},"image":{"@id":"https:\/\/sudoesteacontece.com.br\/#\/schema\/logo\/image\/"},"sameAs":["https:\/\/www.facebook.com\/sudoesteacontece\/?locale=pt_BR"]},{"@type":"Person","@id":"https:\/\/sudoesteacontece.com.br\/#\/schema\/person\/3cf2cf009926a9683ebc29d5379fa79c","name":"Washington Tiago","image":{"@type":"ImageObject","inLanguage":"pt-BR","@id":"https:\/\/sudoesteacontece.com.br\/#\/schema\/person\/image\/","url":"https:\/\/secure.gravatar.com\/avatar\/33c43b8668157e040f9d1fe93c354bf087cbd8ba36270c1163198bd3ddcf2a56?s=96&d=mm&r=g","contentUrl":"https:\/\/secure.gravatar.com\/avatar\/33c43b8668157e040f9d1fe93c354bf087cbd8ba36270c1163198bd3ddcf2a56?s=96&d=mm&r=g","caption":"Washington Tiago"},"url":"https:\/\/sudoesteacontece.com.br\/?author=2"}]}},"_links":{"self":[{"href":"https:\/\/sudoesteacontece.com.br\/index.php?rest_route=\/wp\/v2\/posts\/5317","targetHints":{"allow":["GET"]}}],"collection":[{"href":"https:\/\/sudoesteacontece.com.br\/index.php?rest_route=\/wp\/v2\/posts"}],"about":[{"href":"https:\/\/sudoesteacontece.com.br\/index.php?rest_route=\/wp\/v2\/types\/post"}],"author":[{"embeddable":true,"href":"https:\/\/sudoesteacontece.com.br\/index.php?rest_route=\/wp\/v2\/users\/2"}],"replies":[{"embeddable":true,"href":"https:\/\/sudoesteacontece.com.br\/index.php?rest_route=%2Fwp%2Fv2%2Fcomments&post=5317"}],"version-history":[{"count":0,"href":"https:\/\/sudoesteacontece.com.br\/index.php?rest_route=\/wp\/v2\/posts\/5317\/revisions"}],"wp:featuredmedia":[{"embeddable":true,"href":"https:\/\/sudoesteacontece.com.br\/index.php?rest_route=\/wp\/v2\/media\/5335"}],"wp:attachment":[{"href":"https:\/\/sudoesteacontece.com.br\/index.php?rest_route=%2Fwp%2Fv2%2Fmedia&parent=5317"}],"wp:term":[{"taxonomy":"category","embeddable":true,"href":"https:\/\/sudoesteacontece.com.br\/index.php?rest_route=%2Fwp%2Fv2%2Fcategories&post=5317"},{"taxonomy":"post_tag","embeddable":true,"href":"https:\/\/sudoesteacontece.com.br\/index.php?rest_route=%2Fwp%2Fv2%2Ftags&post=5317"}],"curies":[{"name":"wp","href":"https:\/\/api.w.org\/{rel}","templated":true}]}}