{"id":5319,"date":"2026-01-04T16:29:37","date_gmt":"2026-01-04T19:29:37","guid":{"rendered":"https:\/\/sudoesteacontece.com.br\/?p=5319"},"modified":"2026-01-04T16:29:39","modified_gmt":"2026-01-04T19:29:39","slug":"ciprv-brumado-apreende-carro-com-restricao-de-circulacao-durante-fiscalizacao","status":"publish","type":"post","link":"https:\/\/sudoesteacontece.com.br\/?p=5319","title":{"rendered":"CIPRv\/Brumado apreende carro com restri\u00e7\u00e3o de circula\u00e7\u00e3o durante fiscaliza\u00e7\u00e3o"},"content":{"rendered":"<div class=\"wp-block-image\">\n<figure class=\"aligncenter size-full\"><img fetchpriority=\"high\" decoding=\"async\" width=\"900\" height=\"600\" src=\"http:\/\/sudoesteacontece.com.br\/wp-content\/uploads\/2026\/01\/CIPRvBrumado-apreende-carro-com-restricao-de-circulacao-durante-fiscalizacao-sudoeste-acontece.jpg\" alt=\"\" class=\"wp-image-5338\" srcset=\"https:\/\/sudoesteacontece.com.br\/wp-content\/uploads\/2026\/01\/CIPRvBrumado-apreende-carro-com-restricao-de-circulacao-durante-fiscalizacao-sudoeste-acontece.jpg 900w, https:\/\/sudoesteacontece.com.br\/wp-content\/uploads\/2026\/01\/CIPRvBrumado-apreende-carro-com-restricao-de-circulacao-durante-fiscalizacao-sudoeste-acontece-300x200.jpg 300w, https:\/\/sudoesteacontece.com.br\/wp-content\/uploads\/2026\/01\/CIPRvBrumado-apreende-carro-com-restricao-de-circulacao-durante-fiscalizacao-sudoeste-acontece-768x512.jpg 768w\" sizes=\"(max-width: 900px) 100vw, 900px\" \/><\/figure>\n<\/div>\n\n\n<p>Fiscaliza\u00e7\u00e3o da Companhia Independente de Pol\u00edcia Rodovi\u00e1ria resultou na apreens\u00e3o de um ve\u00edculo com restri\u00e7\u00e3o de circula\u00e7\u00e3o na tarde deste s\u00e1bado (3), em Brumado, no sudoeste da Bahia. A abordagem ocorreu por volta das 17h50, durante a\u00e7\u00e3o de rotina no posto rodovi\u00e1rio do munic\u00edpio.<\/p>\n\n\n\n<p>Durante a checagem da documenta\u00e7\u00e3o e a consulta aos sistemas oficiais, os policiais constataram que o autom\u00f3vel possu\u00eda restri\u00e7\u00e3o de circula\u00e7\u00e3o ativa registrada no pr\u00f3prio munic\u00edpio. A irregularidade impediu a continuidade do tr\u00e1fego e levou \u00e0 ado\u00e7\u00e3o imediata das medidas administrativas.<\/p>\n\n\n\n<p>Diante da situa\u00e7\u00e3o, a guarni\u00e7\u00e3o realizou a remo\u00e7\u00e3o do ve\u00edculo, que foi encaminhado ao p\u00e1tio do Departamento Estadual de Tr\u00e2nsito. O procedimento seguiu o que determina a legisla\u00e7\u00e3o vigente para casos desse tipo.<\/p>\n\n\n\n<p>A\u00e7\u00e3o integra o trabalho preventivo da CIPRv, que mant\u00e9m fiscaliza\u00e7\u00f5es constantes nas rodovias da regi\u00e3o. A pol\u00edcia refor\u00e7a que as abordagens visam garantir a seguran\u00e7a vi\u00e1ria e coibir a circula\u00e7\u00e3o de ve\u00edculos irregulares.<\/p>\n","protected":false},"excerpt":{"rendered":"<p>Fiscaliza\u00e7\u00e3o da Companhia Independente de Pol\u00edcia Rodovi\u00e1ria resultou na apreens\u00e3o de um ve\u00edculo com restri\u00e7\u00e3o de circula\u00e7\u00e3o na tarde deste s\u00e1bado (3), em Brumado, no sudoeste da Bahia. A abordagem ocorreu por volta das 17h50, durante a\u00e7\u00e3o de rotina no posto rodovi\u00e1rio do munic\u00edpio. Durante a checagem da documenta\u00e7\u00e3o e a consulta aos sistemas oficiais, os policiais constataram que o autom\u00f3vel possu\u00eda restri\u00e7\u00e3o de circula\u00e7\u00e3o ativa registrada no pr\u00f3prio munic\u00edpio. A irregularidade impediu a continuidade do tr\u00e1fego e levou \u00e0 ado\u00e7\u00e3o imediata das medidas administrativas. Diante da situa\u00e7\u00e3o, a guarni\u00e7\u00e3o realizou a remo\u00e7\u00e3o do ve\u00edculo, que foi encaminhado ao p\u00e1tio do Departamento Estadual de Tr\u00e2nsito. O procedimento seguiu o que determina a legisla\u00e7\u00e3o vigente para casos desse tipo. A\u00e7\u00e3o integra o trabalho preventivo da CIPRv, que mant\u00e9m fiscaliza\u00e7\u00f5es constantes nas rodovias da regi\u00e3o. A pol\u00edcia refor\u00e7a que as abordagens visam garantir a seguran\u00e7a vi\u00e1ria e coibir a circula\u00e7\u00e3o de ve\u00edculos irregulares.<\/p>\n","protected":false},"author":4,"featured_media":5338,"comment_status":"open","ping_status":"open","sticky":false,"template":"","format":"standard","meta":{"footnotes":""},"categories":[10,3],"tags":[],"class_list":["post-5319","post","type-post","status-publish","format-standard","has-post-thumbnail","hentry","category-brumado","category-policia"],"yoast_head":"<!-- This site is optimized with the Yoast SEO plugin v26.5 - https:\/\/yoast.com\/wordpress\/plugins\/seo\/ -->\n<title>CIPRv\/Brumado apreende carro com restri\u00e7\u00e3o de circula\u00e7\u00e3o durante fiscaliza\u00e7\u00e3o - Sudoesteacontece<\/title>\n<meta name=\"robots\" content=\"index, follow, max-snippet:-1, max-image-preview:large, max-video-preview:-1\" \/>\n<link rel=\"canonical\" href=\"https:\/\/sudoesteacontece.com.br\/?p=5319\" \/>\n<meta property=\"og:locale\" content=\"pt_BR\" \/>\n<meta property=\"og:type\" content=\"article\" \/>\n<meta property=\"og:title\" content=\"CIPRv\/Brumado apreende carro com restri\u00e7\u00e3o de circula\u00e7\u00e3o durante fiscaliza\u00e7\u00e3o - Sudoesteacontece\" \/>\n<meta property=\"og:description\" content=\"Fiscaliza\u00e7\u00e3o da Companhia Independente de Pol\u00edcia Rodovi\u00e1ria resultou na apreens\u00e3o de um ve\u00edculo com restri\u00e7\u00e3o de circula\u00e7\u00e3o na tarde deste s\u00e1bado (3), em Brumado, no sudoeste da Bahia. A abordagem ocorreu por volta das 17h50, durante a\u00e7\u00e3o de rotina no posto rodovi\u00e1rio do munic\u00edpio. Durante a checagem da documenta\u00e7\u00e3o e a consulta aos sistemas oficiais, os policiais constataram que o autom\u00f3vel possu\u00eda restri\u00e7\u00e3o de circula\u00e7\u00e3o ativa registrada no pr\u00f3prio munic\u00edpio. A irregularidade impediu a continuidade do tr\u00e1fego e levou \u00e0 ado\u00e7\u00e3o imediata das medidas administrativas. Diante da situa\u00e7\u00e3o, a guarni\u00e7\u00e3o realizou a remo\u00e7\u00e3o do ve\u00edculo, que foi encaminhado ao p\u00e1tio do Departamento Estadual de Tr\u00e2nsito. O procedimento seguiu o que determina a legisla\u00e7\u00e3o vigente para casos desse tipo. A\u00e7\u00e3o integra o trabalho preventivo da CIPRv, que mant\u00e9m fiscaliza\u00e7\u00f5es constantes nas rodovias da regi\u00e3o. A pol\u00edcia refor\u00e7a que as abordagens visam garantir a seguran\u00e7a vi\u00e1ria e coibir a circula\u00e7\u00e3o de ve\u00edculos irregulares.\" \/>\n<meta property=\"og:url\" content=\"https:\/\/sudoesteacontece.com.br\/?p=5319\" \/>\n<meta property=\"og:site_name\" content=\"Sudoesteacontece\" \/>\n<meta property=\"article:publisher\" content=\"https:\/\/www.facebook.com\/sudoesteacontece\/?locale=pt_BR\" \/>\n<meta property=\"article:published_time\" content=\"2026-01-04T19:29:37+00:00\" \/>\n<meta property=\"article:modified_time\" content=\"2026-01-04T19:29:39+00:00\" \/>\n<meta property=\"og:image\" content=\"https:\/\/sudoesteacontece.com.br\/wp-content\/uploads\/2026\/01\/CIPRvBrumado-apreende-carro-com-restricao-de-circulacao-durante-fiscalizacao-sudoeste-acontece.jpg\" \/>\n\t<meta property=\"og:image:width\" content=\"900\" \/>\n\t<meta property=\"og:image:height\" content=\"600\" \/>\n\t<meta property=\"og:image:type\" content=\"image\/jpeg\" \/>\n<meta name=\"author\" content=\"Reda\u00e7\u00e3o\" \/>\n<meta name=\"twitter:card\" content=\"summary_large_image\" \/>\n<meta name=\"twitter:label1\" content=\"Escrito por\" \/>\n\t<meta name=\"twitter:data1\" content=\"Reda\u00e7\u00e3o\" \/>\n\t<meta name=\"twitter:label2\" content=\"Est. tempo de leitura\" \/>\n\t<meta name=\"twitter:data2\" content=\"2 minutos\" \/>\n<script type=\"application\/ld+json\" class=\"yoast-schema-graph\">{\"@context\":\"https:\/\/schema.org\",\"@graph\":[{\"@type\":\"Article\",\"@id\":\"https:\/\/sudoesteacontece.com.br\/?p=5319#article\",\"isPartOf\":{\"@id\":\"https:\/\/sudoesteacontece.com.br\/?p=5319\"},\"author\":{\"name\":\"Reda\u00e7\u00e3o\",\"@id\":\"https:\/\/sudoesteacontece.com.br\/#\/schema\/person\/a4f22429c1d0923ef8f7d43343f8dc38\"},\"headline\":\"CIPRv\/Brumado apreende carro com restri\u00e7\u00e3o de circula\u00e7\u00e3o durante fiscaliza\u00e7\u00e3o\",\"datePublished\":\"2026-01-04T19:29:37+00:00\",\"dateModified\":\"2026-01-04T19:29:39+00:00\",\"mainEntityOfPage\":{\"@id\":\"https:\/\/sudoesteacontece.com.br\/?p=5319\"},\"wordCount\":199,\"commentCount\":0,\"publisher\":{\"@id\":\"https:\/\/sudoesteacontece.com.br\/#organization\"},\"image\":{\"@id\":\"https:\/\/sudoesteacontece.com.br\/?p=5319#primaryimage\"},\"thumbnailUrl\":\"https:\/\/sudoesteacontece.com.br\/wp-content\/uploads\/2026\/01\/CIPRvBrumado-apreende-carro-com-restricao-de-circulacao-durante-fiscalizacao-sudoeste-acontece.jpg\",\"articleSection\":[\"Brumado\",\"Pol\u00edcia\"],\"inLanguage\":\"pt-BR\",\"potentialAction\":[{\"@type\":\"CommentAction\",\"name\":\"Comment\",\"target\":[\"https:\/\/sudoesteacontece.com.br\/?p=5319#respond\"]}]},{\"@type\":\"WebPage\",\"@id\":\"https:\/\/sudoesteacontece.com.br\/?p=5319\",\"url\":\"https:\/\/sudoesteacontece.com.br\/?p=5319\",\"name\":\"CIPRv\/Brumado apreende carro com restri\u00e7\u00e3o de circula\u00e7\u00e3o durante fiscaliza\u00e7\u00e3o - Sudoesteacontece\",\"isPartOf\":{\"@id\":\"https:\/\/sudoesteacontece.com.br\/#website\"},\"primaryImageOfPage\":{\"@id\":\"https:\/\/sudoesteacontece.com.br\/?p=5319#primaryimage\"},\"image\":{\"@id\":\"https:\/\/sudoesteacontece.com.br\/?p=5319#primaryimage\"},\"thumbnailUrl\":\"https:\/\/sudoesteacontece.com.br\/wp-content\/uploads\/2026\/01\/CIPRvBrumado-apreende-carro-com-restricao-de-circulacao-durante-fiscalizacao-sudoeste-acontece.jpg\",\"datePublished\":\"2026-01-04T19:29:37+00:00\",\"dateModified\":\"2026-01-04T19:29:39+00:00\",\"breadcrumb\":{\"@id\":\"https:\/\/sudoesteacontece.com.br\/?p=5319#breadcrumb\"},\"inLanguage\":\"pt-BR\",\"potentialAction\":[{\"@type\":\"ReadAction\",\"target\":[\"https:\/\/sudoesteacontece.com.br\/?p=5319\"]}]},{\"@type\":\"ImageObject\",\"inLanguage\":\"pt-BR\",\"@id\":\"https:\/\/sudoesteacontece.com.br\/?p=5319#primaryimage\",\"url\":\"https:\/\/sudoesteacontece.com.br\/wp-content\/uploads\/2026\/01\/CIPRvBrumado-apreende-carro-com-restricao-de-circulacao-durante-fiscalizacao-sudoeste-acontece.jpg\",\"contentUrl\":\"https:\/\/sudoesteacontece.com.br\/wp-content\/uploads\/2026\/01\/CIPRvBrumado-apreende-carro-com-restricao-de-circulacao-durante-fiscalizacao-sudoeste-acontece.jpg\",\"width\":900,\"height\":600},{\"@type\":\"BreadcrumbList\",\"@id\":\"https:\/\/sudoesteacontece.com.br\/?p=5319#breadcrumb\",\"itemListElement\":[{\"@type\":\"ListItem\",\"position\":1,\"name\":\"In\u00edcio\",\"item\":\"https:\/\/sudoesteacontece.com.br\/\"},{\"@type\":\"ListItem\",\"position\":2,\"name\":\"CIPRv\/Brumado apreende carro com restri\u00e7\u00e3o de circula\u00e7\u00e3o durante fiscaliza\u00e7\u00e3o\"}]},{\"@type\":\"WebSite\",\"@id\":\"https:\/\/sudoesteacontece.com.br\/#website\",\"url\":\"https:\/\/sudoesteacontece.com.br\/\",\"name\":\"Sudoesteacontece\",\"description\":\"\",\"publisher\":{\"@id\":\"https:\/\/sudoesteacontece.com.br\/#organization\"},\"potentialAction\":[{\"@type\":\"SearchAction\",\"target\":{\"@type\":\"EntryPoint\",\"urlTemplate\":\"https:\/\/sudoesteacontece.com.br\/?s={search_term_string}\"},\"query-input\":{\"@type\":\"PropertyValueSpecification\",\"valueRequired\":true,\"valueName\":\"search_term_string\"}}],\"inLanguage\":\"pt-BR\"},{\"@type\":\"Organization\",\"@id\":\"https:\/\/sudoesteacontece.com.br\/#organization\",\"name\":\"Sudoesteacontece\",\"url\":\"https:\/\/sudoesteacontece.com.br\/\",\"logo\":{\"@type\":\"ImageObject\",\"inLanguage\":\"pt-BR\",\"@id\":\"https:\/\/sudoesteacontece.com.br\/#\/schema\/logo\/image\/\",\"url\":\"https:\/\/sudoesteacontece.com.br\/wp-content\/uploads\/2025\/12\/cropped-logo-2-180x180-1.png\",\"contentUrl\":\"https:\/\/sudoesteacontece.com.br\/wp-content\/uploads\/2025\/12\/cropped-logo-2-180x180-1.png\",\"width\":180,\"height\":180,\"caption\":\"Sudoesteacontece\"},\"image\":{\"@id\":\"https:\/\/sudoesteacontece.com.br\/#\/schema\/logo\/image\/\"},\"sameAs\":[\"https:\/\/www.facebook.com\/sudoesteacontece\/?locale=pt_BR\"]},{\"@type\":\"Person\",\"@id\":\"https:\/\/sudoesteacontece.com.br\/#\/schema\/person\/a4f22429c1d0923ef8f7d43343f8dc38\",\"name\":\"Reda\u00e7\u00e3o\",\"image\":{\"@type\":\"ImageObject\",\"inLanguage\":\"pt-BR\",\"@id\":\"https:\/\/sudoesteacontece.com.br\/#\/schema\/person\/image\/\",\"url\":\"https:\/\/secure.gravatar.com\/avatar\/c3a5b3c93f268a709c25a2df414c629a96fb3b1b4bf97a94fb3f72e54ae76903?s=96&d=mm&r=g\",\"contentUrl\":\"https:\/\/secure.gravatar.com\/avatar\/c3a5b3c93f268a709c25a2df414c629a96fb3b1b4bf97a94fb3f72e54ae76903?s=96&d=mm&r=g\",\"caption\":\"Reda\u00e7\u00e3o\"},\"url\":\"https:\/\/sudoesteacontece.com.br\/?author=4\"}]}<\/script>\n<!-- \/ Yoast SEO plugin. -->","yoast_head_json":{"title":"CIPRv\/Brumado apreende carro com restri\u00e7\u00e3o de circula\u00e7\u00e3o durante fiscaliza\u00e7\u00e3o - Sudoesteacontece","robots":{"index":"index","follow":"follow","max-snippet":"max-snippet:-1","max-image-preview":"max-image-preview:large","max-video-preview":"max-video-preview:-1"},"canonical":"https:\/\/sudoesteacontece.com.br\/?p=5319","og_locale":"pt_BR","og_type":"article","og_title":"CIPRv\/Brumado apreende carro com restri\u00e7\u00e3o de circula\u00e7\u00e3o durante fiscaliza\u00e7\u00e3o - Sudoesteacontece","og_description":"Fiscaliza\u00e7\u00e3o da Companhia Independente de Pol\u00edcia Rodovi\u00e1ria resultou na apreens\u00e3o de um ve\u00edculo com restri\u00e7\u00e3o de circula\u00e7\u00e3o na tarde deste s\u00e1bado (3), em Brumado, no sudoeste da Bahia. A abordagem ocorreu por volta das 17h50, durante a\u00e7\u00e3o de rotina no posto rodovi\u00e1rio do munic\u00edpio. Durante a checagem da documenta\u00e7\u00e3o e a consulta aos sistemas oficiais, os policiais constataram que o autom\u00f3vel possu\u00eda restri\u00e7\u00e3o de circula\u00e7\u00e3o ativa registrada no pr\u00f3prio munic\u00edpio. A irregularidade impediu a continuidade do tr\u00e1fego e levou \u00e0 ado\u00e7\u00e3o imediata das medidas administrativas. Diante da situa\u00e7\u00e3o, a guarni\u00e7\u00e3o realizou a remo\u00e7\u00e3o do ve\u00edculo, que foi encaminhado ao p\u00e1tio do Departamento Estadual de Tr\u00e2nsito. O procedimento seguiu o que determina a legisla\u00e7\u00e3o vigente para casos desse tipo. A\u00e7\u00e3o integra o trabalho preventivo da CIPRv, que mant\u00e9m fiscaliza\u00e7\u00f5es constantes nas rodovias da regi\u00e3o. A pol\u00edcia refor\u00e7a que as abordagens visam garantir a seguran\u00e7a vi\u00e1ria e coibir a circula\u00e7\u00e3o de ve\u00edculos irregulares.","og_url":"https:\/\/sudoesteacontece.com.br\/?p=5319","og_site_name":"Sudoesteacontece","article_publisher":"https:\/\/www.facebook.com\/sudoesteacontece\/?locale=pt_BR","article_published_time":"2026-01-04T19:29:37+00:00","article_modified_time":"2026-01-04T19:29:39+00:00","og_image":[{"width":900,"height":600,"url":"https:\/\/sudoesteacontece.com.br\/wp-content\/uploads\/2026\/01\/CIPRvBrumado-apreende-carro-com-restricao-de-circulacao-durante-fiscalizacao-sudoeste-acontece.jpg","type":"image\/jpeg"}],"author":"Reda\u00e7\u00e3o","twitter_card":"summary_large_image","twitter_misc":{"Escrito por":"Reda\u00e7\u00e3o","Est. tempo de leitura":"2 minutos"},"schema":{"@context":"https:\/\/schema.org","@graph":[{"@type":"Article","@id":"https:\/\/sudoesteacontece.com.br\/?p=5319#article","isPartOf":{"@id":"https:\/\/sudoesteacontece.com.br\/?p=5319"},"author":{"name":"Reda\u00e7\u00e3o","@id":"https:\/\/sudoesteacontece.com.br\/#\/schema\/person\/a4f22429c1d0923ef8f7d43343f8dc38"},"headline":"CIPRv\/Brumado apreende carro com restri\u00e7\u00e3o de circula\u00e7\u00e3o durante fiscaliza\u00e7\u00e3o","datePublished":"2026-01-04T19:29:37+00:00","dateModified":"2026-01-04T19:29:39+00:00","mainEntityOfPage":{"@id":"https:\/\/sudoesteacontece.com.br\/?p=5319"},"wordCount":199,"commentCount":0,"publisher":{"@id":"https:\/\/sudoesteacontece.com.br\/#organization"},"image":{"@id":"https:\/\/sudoesteacontece.com.br\/?p=5319#primaryimage"},"thumbnailUrl":"https:\/\/sudoesteacontece.com.br\/wp-content\/uploads\/2026\/01\/CIPRvBrumado-apreende-carro-com-restricao-de-circulacao-durante-fiscalizacao-sudoeste-acontece.jpg","articleSection":["Brumado","Pol\u00edcia"],"inLanguage":"pt-BR","potentialAction":[{"@type":"CommentAction","name":"Comment","target":["https:\/\/sudoesteacontece.com.br\/?p=5319#respond"]}]},{"@type":"WebPage","@id":"https:\/\/sudoesteacontece.com.br\/?p=5319","url":"https:\/\/sudoesteacontece.com.br\/?p=5319","name":"CIPRv\/Brumado apreende carro com restri\u00e7\u00e3o de circula\u00e7\u00e3o durante fiscaliza\u00e7\u00e3o - Sudoesteacontece","isPartOf":{"@id":"https:\/\/sudoesteacontece.com.br\/#website"},"primaryImageOfPage":{"@id":"https:\/\/sudoesteacontece.com.br\/?p=5319#primaryimage"},"image":{"@id":"https:\/\/sudoesteacontece.com.br\/?p=5319#primaryimage"},"thumbnailUrl":"https:\/\/sudoesteacontece.com.br\/wp-content\/uploads\/2026\/01\/CIPRvBrumado-apreende-carro-com-restricao-de-circulacao-durante-fiscalizacao-sudoeste-acontece.jpg","datePublished":"2026-01-04T19:29:37+00:00","dateModified":"2026-01-04T19:29:39+00:00","breadcrumb":{"@id":"https:\/\/sudoesteacontece.com.br\/?p=5319#breadcrumb"},"inLanguage":"pt-BR","potentialAction":[{"@type":"ReadAction","target":["https:\/\/sudoesteacontece.com.br\/?p=5319"]}]},{"@type":"ImageObject","inLanguage":"pt-BR","@id":"https:\/\/sudoesteacontece.com.br\/?p=5319#primaryimage","url":"https:\/\/sudoesteacontece.com.br\/wp-content\/uploads\/2026\/01\/CIPRvBrumado-apreende-carro-com-restricao-de-circulacao-durante-fiscalizacao-sudoeste-acontece.jpg","contentUrl":"https:\/\/sudoesteacontece.com.br\/wp-content\/uploads\/2026\/01\/CIPRvBrumado-apreende-carro-com-restricao-de-circulacao-durante-fiscalizacao-sudoeste-acontece.jpg","width":900,"height":600},{"@type":"BreadcrumbList","@id":"https:\/\/sudoesteacontece.com.br\/?p=5319#breadcrumb","itemListElement":[{"@type":"ListItem","position":1,"name":"In\u00edcio","item":"https:\/\/sudoesteacontece.com.br\/"},{"@type":"ListItem","position":2,"name":"CIPRv\/Brumado apreende carro com restri\u00e7\u00e3o de circula\u00e7\u00e3o durante fiscaliza\u00e7\u00e3o"}]},{"@type":"WebSite","@id":"https:\/\/sudoesteacontece.com.br\/#website","url":"https:\/\/sudoesteacontece.com.br\/","name":"Sudoesteacontece","description":"","publisher":{"@id":"https:\/\/sudoesteacontece.com.br\/#organization"},"potentialAction":[{"@type":"SearchAction","target":{"@type":"EntryPoint","urlTemplate":"https:\/\/sudoesteacontece.com.br\/?s={search_term_string}"},"query-input":{"@type":"PropertyValueSpecification","valueRequired":true,"valueName":"search_term_string"}}],"inLanguage":"pt-BR"},{"@type":"Organization","@id":"https:\/\/sudoesteacontece.com.br\/#organization","name":"Sudoesteacontece","url":"https:\/\/sudoesteacontece.com.br\/","logo":{"@type":"ImageObject","inLanguage":"pt-BR","@id":"https:\/\/sudoesteacontece.com.br\/#\/schema\/logo\/image\/","url":"https:\/\/sudoesteacontece.com.br\/wp-content\/uploads\/2025\/12\/cropped-logo-2-180x180-1.png","contentUrl":"https:\/\/sudoesteacontece.com.br\/wp-content\/uploads\/2025\/12\/cropped-logo-2-180x180-1.png","width":180,"height":180,"caption":"Sudoesteacontece"},"image":{"@id":"https:\/\/sudoesteacontece.com.br\/#\/schema\/logo\/image\/"},"sameAs":["https:\/\/www.facebook.com\/sudoesteacontece\/?locale=pt_BR"]},{"@type":"Person","@id":"https:\/\/sudoesteacontece.com.br\/#\/schema\/person\/a4f22429c1d0923ef8f7d43343f8dc38","name":"Reda\u00e7\u00e3o","image":{"@type":"ImageObject","inLanguage":"pt-BR","@id":"https:\/\/sudoesteacontece.com.br\/#\/schema\/person\/image\/","url":"https:\/\/secure.gravatar.com\/avatar\/c3a5b3c93f268a709c25a2df414c629a96fb3b1b4bf97a94fb3f72e54ae76903?s=96&d=mm&r=g","contentUrl":"https:\/\/secure.gravatar.com\/avatar\/c3a5b3c93f268a709c25a2df414c629a96fb3b1b4bf97a94fb3f72e54ae76903?s=96&d=mm&r=g","caption":"Reda\u00e7\u00e3o"},"url":"https:\/\/sudoesteacontece.com.br\/?author=4"}]}},"_links":{"self":[{"href":"https:\/\/sudoesteacontece.com.br\/index.php?rest_route=\/wp\/v2\/posts\/5319","targetHints":{"allow":["GET"]}}],"collection":[{"href":"https:\/\/sudoesteacontece.com.br\/index.php?rest_route=\/wp\/v2\/posts"}],"about":[{"href":"https:\/\/sudoesteacontece.com.br\/index.php?rest_route=\/wp\/v2\/types\/post"}],"author":[{"embeddable":true,"href":"https:\/\/sudoesteacontece.com.br\/index.php?rest_route=\/wp\/v2\/users\/4"}],"replies":[{"embeddable":true,"href":"https:\/\/sudoesteacontece.com.br\/index.php?rest_route=%2Fwp%2Fv2%2Fcomments&post=5319"}],"version-history":[{"count":0,"href":"https:\/\/sudoesteacontece.com.br\/index.php?rest_route=\/wp\/v2\/posts\/5319\/revisions"}],"wp:featuredmedia":[{"embeddable":true,"href":"https:\/\/sudoesteacontece.com.br\/index.php?rest_route=\/wp\/v2\/media\/5338"}],"wp:attachment":[{"href":"https:\/\/sudoesteacontece.com.br\/index.php?rest_route=%2Fwp%2Fv2%2Fmedia&parent=5319"}],"wp:term":[{"taxonomy":"category","embeddable":true,"href":"https:\/\/sudoesteacontece.com.br\/index.php?rest_route=%2Fwp%2Fv2%2Fcategories&post=5319"},{"taxonomy":"post_tag","embeddable":true,"href":"https:\/\/sudoesteacontece.com.br\/index.php?rest_route=%2Fwp%2Fv2%2Ftags&post=5319"}],"curies":[{"name":"wp","href":"https:\/\/api.w.org\/{rel}","templated":true}]}}