{"id":5371,"date":"2026-01-05T09:46:50","date_gmt":"2026-01-05T12:46:50","guid":{"rendered":"https:\/\/sudoesteacontece.com.br\/?p=5371"},"modified":"2026-01-05T09:46:52","modified_gmt":"2026-01-05T12:46:52","slug":"uesb-abre-inscricoes-para-pos-gratuita-em-politicas-publicas-com-vagas-para-brumado","status":"publish","type":"post","link":"https:\/\/sudoesteacontece.com.br\/?p=5371","title":{"rendered":"UESB abre inscri\u00e7\u00f5es para p\u00f3s gratuita em Pol\u00edticas P\u00fablicas com vagas para Brumado"},"content":{"rendered":"<div class=\"wp-block-image\">\n<figure class=\"aligncenter size-full\"><img fetchpriority=\"high\" decoding=\"async\" width=\"900\" height=\"600\" src=\"http:\/\/sudoesteacontece.com.br\/wp-content\/uploads\/2026\/01\/UESB-abre-inscricoes-para-pos-gratuita-em-Politicas-Publicas-com-vagas-para-Brumado-sudoeste-acontece.jpg\" alt=\"\" class=\"wp-image-5402\" srcset=\"https:\/\/sudoesteacontece.com.br\/wp-content\/uploads\/2026\/01\/UESB-abre-inscricoes-para-pos-gratuita-em-Politicas-Publicas-com-vagas-para-Brumado-sudoeste-acontece.jpg 900w, https:\/\/sudoesteacontece.com.br\/wp-content\/uploads\/2026\/01\/UESB-abre-inscricoes-para-pos-gratuita-em-Politicas-Publicas-com-vagas-para-Brumado-sudoeste-acontece-300x200.jpg 300w, https:\/\/sudoesteacontece.com.br\/wp-content\/uploads\/2026\/01\/UESB-abre-inscricoes-para-pos-gratuita-em-Politicas-Publicas-com-vagas-para-Brumado-sudoeste-acontece-768x512.jpg 768w\" sizes=\"(max-width: 900px) 100vw, 900px\" \/><\/figure>\n<\/div>\n\n\n<p>Universidade Estadual do Sudoeste da Bahia abriu as inscri\u00e7\u00f5es para o curso de P\u00f3s-Gradua\u00e7\u00e3o Lato Sensu em Pol\u00edticas P\u00fablicas e Desenvolvimento Regional, na modalidade a dist\u00e2ncia. A sele\u00e7\u00e3o ocorre por meio do Edital n\u00ba 396\/2025 e oferece forma\u00e7\u00e3o gratuita voltada \u00e0 qualifica\u00e7\u00e3o de profissionais interessados em fortalecer a gest\u00e3o p\u00fablica e o desenvolvimento regional.<\/p>\n\n\n\n<p>Curso ser\u00e1 ofertado em parceria com o Sistema Universidade Aberta do Brasil (UAB), com apoio da Capes e do MEC. A especializa\u00e7\u00e3o busca preparar profissionais para analisar, planejar e avaliar pol\u00edticas p\u00fablicas, com foco em solu\u00e7\u00f5es concretas para os desafios sociais e econ\u00f4micos das regi\u00f5es atendidas pela universidade.<\/p>\n\n\n\n<p>Vagas somam 150 oportunidades distribu\u00eddas em seis polos da Bahia. Brumado aparece entre os munic\u00edpios contemplados, com 25 vagas destinadas ao Polo UAB local, ampliando o acesso ao ensino superior gratuito e de qualidade para profissionais da regi\u00e3o sudoeste do estado.<\/p>\n\n\n\n<p>Inscri\u00e7\u00f5es podem ser realizadas entre os dias 20 de dezembro de 2025 e 15 de janeiro de 2026, exclusivamente pela internet. O candidato deve preencher o formul\u00e1rio eletr\u00f4nico dispon\u00edvel no site da UESB e anexar a documenta\u00e7\u00e3o exigida, incluindo comprovante de gradua\u00e7\u00e3o e documentos para pontua\u00e7\u00e3o curricular.<\/p>\n\n\n\n<p>Sele\u00e7\u00e3o ocorrer\u00e1 por an\u00e1lise de curr\u00edculo, conforme crit\u00e9rios definidos em barema no edital. Podem participar candidatos com diploma de curso superior em Ci\u00eancias Econ\u00f4micas e \u00e1reas afins. O resultado, cronograma e demais etapas do processo seletivo ser\u00e3o divulgados nos canais oficiais da universidade.<\/p>\n\n\n\n<p>Oportunidade refor\u00e7a o papel da UESB na forma\u00e7\u00e3o de quadros qualificados para o setor p\u00fablico. A especializa\u00e7\u00e3o permite avan\u00e7o profissional, amplia\u00e7\u00e3o do conhecimento t\u00e9cnico e contribui\u00e7\u00e3o direta para pol\u00edticas p\u00fablicas mais eficientes, com impacto positivo no desenvolvimento regional.<\/p>\n","protected":false},"excerpt":{"rendered":"<p>Universidade Estadual do Sudoeste da Bahia abriu as inscri\u00e7\u00f5es para o curso de P\u00f3s-Gradua\u00e7\u00e3o Lato Sensu em Pol\u00edticas P\u00fablicas e Desenvolvimento Regional, na modalidade a dist\u00e2ncia. A sele\u00e7\u00e3o ocorre por meio do Edital n\u00ba 396\/2025 e oferece forma\u00e7\u00e3o gratuita voltada \u00e0 qualifica\u00e7\u00e3o de profissionais interessados em fortalecer a gest\u00e3o p\u00fablica e o desenvolvimento regional. Curso ser\u00e1 ofertado em parceria com o Sistema Universidade Aberta do Brasil (UAB), com apoio da Capes e do MEC. A especializa\u00e7\u00e3o busca preparar profissionais para analisar, planejar e avaliar pol\u00edticas p\u00fablicas, com foco em solu\u00e7\u00f5es concretas para os desafios sociais e econ\u00f4micos das regi\u00f5es atendidas pela universidade. Vagas somam 150 oportunidades distribu\u00eddas em seis polos da Bahia. Brumado aparece entre os munic\u00edpios contemplados, com 25 vagas destinadas ao Polo UAB local, ampliando o acesso ao ensino superior gratuito e de qualidade para profissionais da regi\u00e3o sudoeste do estado. Inscri\u00e7\u00f5es podem ser realizadas entre os dias 20 de dezembro de 2025 e 15 de janeiro de 2026, exclusivamente pela internet. O candidato deve preencher o formul\u00e1rio eletr\u00f4nico dispon\u00edvel no site da UESB e anexar a documenta\u00e7\u00e3o exigida, incluindo comprovante de gradua\u00e7\u00e3o e documentos para pontua\u00e7\u00e3o curricular. Sele\u00e7\u00e3o ocorrer\u00e1 por an\u00e1lise de curr\u00edculo, conforme crit\u00e9rios definidos em barema no edital. Podem participar candidatos com diploma de curso superior em Ci\u00eancias Econ\u00f4micas e \u00e1reas afins. O resultado, cronograma e demais etapas do processo seletivo ser\u00e3o divulgados nos canais oficiais da universidade. Oportunidade refor\u00e7a o papel da UESB na forma\u00e7\u00e3o de quadros qualificados para o setor p\u00fablico. A especializa\u00e7\u00e3o permite avan\u00e7o profissional, amplia\u00e7\u00e3o do conhecimento t\u00e9cnico e contribui\u00e7\u00e3o direta para pol\u00edticas p\u00fablicas mais eficientes, com impacto positivo no desenvolvimento regional.<\/p>\n","protected":false},"author":4,"featured_media":5402,"comment_status":"open","ping_status":"open","sticky":false,"template":"","format":"standard","meta":{"footnotes":""},"categories":[10,43],"tags":[],"class_list":["post-5371","post","type-post","status-publish","format-standard","has-post-thumbnail","hentry","category-brumado","category-educacao"],"yoast_head":"<!-- This site is optimized with the Yoast SEO plugin v26.5 - https:\/\/yoast.com\/wordpress\/plugins\/seo\/ -->\n<title>UESB abre inscri\u00e7\u00f5es para p\u00f3s gratuita em Pol\u00edticas P\u00fablicas com vagas para Brumado - Sudoesteacontece<\/title>\n<meta name=\"robots\" content=\"index, follow, max-snippet:-1, max-image-preview:large, max-video-preview:-1\" \/>\n<link rel=\"canonical\" href=\"https:\/\/sudoesteacontece.com.br\/?p=5371\" \/>\n<meta property=\"og:locale\" content=\"pt_BR\" \/>\n<meta property=\"og:type\" content=\"article\" \/>\n<meta property=\"og:title\" content=\"UESB abre inscri\u00e7\u00f5es para p\u00f3s gratuita em Pol\u00edticas P\u00fablicas com vagas para Brumado - Sudoesteacontece\" \/>\n<meta property=\"og:description\" content=\"Universidade Estadual do Sudoeste da Bahia abriu as inscri\u00e7\u00f5es para o curso de P\u00f3s-Gradua\u00e7\u00e3o Lato Sensu em Pol\u00edticas P\u00fablicas e Desenvolvimento Regional, na modalidade a dist\u00e2ncia. A sele\u00e7\u00e3o ocorre por meio do Edital n\u00ba 396\/2025 e oferece forma\u00e7\u00e3o gratuita voltada \u00e0 qualifica\u00e7\u00e3o de profissionais interessados em fortalecer a gest\u00e3o p\u00fablica e o desenvolvimento regional. Curso ser\u00e1 ofertado em parceria com o Sistema Universidade Aberta do Brasil (UAB), com apoio da Capes e do MEC. A especializa\u00e7\u00e3o busca preparar profissionais para analisar, planejar e avaliar pol\u00edticas p\u00fablicas, com foco em solu\u00e7\u00f5es concretas para os desafios sociais e econ\u00f4micos das regi\u00f5es atendidas pela universidade. Vagas somam 150 oportunidades distribu\u00eddas em seis polos da Bahia. Brumado aparece entre os munic\u00edpios contemplados, com 25 vagas destinadas ao Polo UAB local, ampliando o acesso ao ensino superior gratuito e de qualidade para profissionais da regi\u00e3o sudoeste do estado. Inscri\u00e7\u00f5es podem ser realizadas entre os dias 20 de dezembro de 2025 e 15 de janeiro de 2026, exclusivamente pela internet. O candidato deve preencher o formul\u00e1rio eletr\u00f4nico dispon\u00edvel no site da UESB e anexar a documenta\u00e7\u00e3o exigida, incluindo comprovante de gradua\u00e7\u00e3o e documentos para pontua\u00e7\u00e3o curricular. Sele\u00e7\u00e3o ocorrer\u00e1 por an\u00e1lise de curr\u00edculo, conforme crit\u00e9rios definidos em barema no edital. Podem participar candidatos com diploma de curso superior em Ci\u00eancias Econ\u00f4micas e \u00e1reas afins. O resultado, cronograma e demais etapas do processo seletivo ser\u00e3o divulgados nos canais oficiais da universidade. Oportunidade refor\u00e7a o papel da UESB na forma\u00e7\u00e3o de quadros qualificados para o setor p\u00fablico. A especializa\u00e7\u00e3o permite avan\u00e7o profissional, amplia\u00e7\u00e3o do conhecimento t\u00e9cnico e contribui\u00e7\u00e3o direta para pol\u00edticas p\u00fablicas mais eficientes, com impacto positivo no desenvolvimento regional.\" \/>\n<meta property=\"og:url\" content=\"https:\/\/sudoesteacontece.com.br\/?p=5371\" \/>\n<meta property=\"og:site_name\" content=\"Sudoesteacontece\" \/>\n<meta property=\"article:publisher\" content=\"https:\/\/www.facebook.com\/sudoesteacontece\/?locale=pt_BR\" \/>\n<meta property=\"article:published_time\" content=\"2026-01-05T12:46:50+00:00\" \/>\n<meta property=\"article:modified_time\" content=\"2026-01-05T12:46:52+00:00\" \/>\n<meta property=\"og:image\" content=\"https:\/\/sudoesteacontece.com.br\/wp-content\/uploads\/2026\/01\/UESB-abre-inscricoes-para-pos-gratuita-em-Politicas-Publicas-com-vagas-para-Brumado-sudoeste-acontece.jpg\" \/>\n\t<meta property=\"og:image:width\" content=\"900\" \/>\n\t<meta property=\"og:image:height\" content=\"600\" \/>\n\t<meta property=\"og:image:type\" content=\"image\/jpeg\" \/>\n<meta name=\"author\" content=\"Reda\u00e7\u00e3o\" \/>\n<meta name=\"twitter:card\" content=\"summary_large_image\" \/>\n<meta name=\"twitter:label1\" content=\"Escrito por\" \/>\n\t<meta name=\"twitter:data1\" content=\"Reda\u00e7\u00e3o\" \/>\n\t<meta name=\"twitter:label2\" content=\"Est. tempo de leitura\" \/>\n\t<meta name=\"twitter:data2\" content=\"2 minutos\" \/>\n<script type=\"application\/ld+json\" class=\"yoast-schema-graph\">{\"@context\":\"https:\/\/schema.org\",\"@graph\":[{\"@type\":\"Article\",\"@id\":\"https:\/\/sudoesteacontece.com.br\/?p=5371#article\",\"isPartOf\":{\"@id\":\"https:\/\/sudoesteacontece.com.br\/?p=5371\"},\"author\":{\"name\":\"Reda\u00e7\u00e3o\",\"@id\":\"https:\/\/sudoesteacontece.com.br\/#\/schema\/person\/a4f22429c1d0923ef8f7d43343f8dc38\"},\"headline\":\"UESB abre inscri\u00e7\u00f5es para p\u00f3s gratuita em Pol\u00edticas P\u00fablicas com vagas para Brumado\",\"datePublished\":\"2026-01-05T12:46:50+00:00\",\"dateModified\":\"2026-01-05T12:46:52+00:00\",\"mainEntityOfPage\":{\"@id\":\"https:\/\/sudoesteacontece.com.br\/?p=5371\"},\"wordCount\":324,\"commentCount\":0,\"publisher\":{\"@id\":\"https:\/\/sudoesteacontece.com.br\/#organization\"},\"image\":{\"@id\":\"https:\/\/sudoesteacontece.com.br\/?p=5371#primaryimage\"},\"thumbnailUrl\":\"https:\/\/sudoesteacontece.com.br\/wp-content\/uploads\/2026\/01\/UESB-abre-inscricoes-para-pos-gratuita-em-Politicas-Publicas-com-vagas-para-Brumado-sudoeste-acontece.jpg\",\"articleSection\":[\"Brumado\",\"Educa\u00e7\u00e3o\"],\"inLanguage\":\"pt-BR\",\"potentialAction\":[{\"@type\":\"CommentAction\",\"name\":\"Comment\",\"target\":[\"https:\/\/sudoesteacontece.com.br\/?p=5371#respond\"]}]},{\"@type\":\"WebPage\",\"@id\":\"https:\/\/sudoesteacontece.com.br\/?p=5371\",\"url\":\"https:\/\/sudoesteacontece.com.br\/?p=5371\",\"name\":\"UESB abre inscri\u00e7\u00f5es para p\u00f3s gratuita em Pol\u00edticas P\u00fablicas com vagas para Brumado - Sudoesteacontece\",\"isPartOf\":{\"@id\":\"https:\/\/sudoesteacontece.com.br\/#website\"},\"primaryImageOfPage\":{\"@id\":\"https:\/\/sudoesteacontece.com.br\/?p=5371#primaryimage\"},\"image\":{\"@id\":\"https:\/\/sudoesteacontece.com.br\/?p=5371#primaryimage\"},\"thumbnailUrl\":\"https:\/\/sudoesteacontece.com.br\/wp-content\/uploads\/2026\/01\/UESB-abre-inscricoes-para-pos-gratuita-em-Politicas-Publicas-com-vagas-para-Brumado-sudoeste-acontece.jpg\",\"datePublished\":\"2026-01-05T12:46:50+00:00\",\"dateModified\":\"2026-01-05T12:46:52+00:00\",\"breadcrumb\":{\"@id\":\"https:\/\/sudoesteacontece.com.br\/?p=5371#breadcrumb\"},\"inLanguage\":\"pt-BR\",\"potentialAction\":[{\"@type\":\"ReadAction\",\"target\":[\"https:\/\/sudoesteacontece.com.br\/?p=5371\"]}]},{\"@type\":\"ImageObject\",\"inLanguage\":\"pt-BR\",\"@id\":\"https:\/\/sudoesteacontece.com.br\/?p=5371#primaryimage\",\"url\":\"https:\/\/sudoesteacontece.com.br\/wp-content\/uploads\/2026\/01\/UESB-abre-inscricoes-para-pos-gratuita-em-Politicas-Publicas-com-vagas-para-Brumado-sudoeste-acontece.jpg\",\"contentUrl\":\"https:\/\/sudoesteacontece.com.br\/wp-content\/uploads\/2026\/01\/UESB-abre-inscricoes-para-pos-gratuita-em-Politicas-Publicas-com-vagas-para-Brumado-sudoeste-acontece.jpg\",\"width\":900,\"height\":600},{\"@type\":\"BreadcrumbList\",\"@id\":\"https:\/\/sudoesteacontece.com.br\/?p=5371#breadcrumb\",\"itemListElement\":[{\"@type\":\"ListItem\",\"position\":1,\"name\":\"In\u00edcio\",\"item\":\"https:\/\/sudoesteacontece.com.br\/\"},{\"@type\":\"ListItem\",\"position\":2,\"name\":\"UESB abre inscri\u00e7\u00f5es para p\u00f3s gratuita em Pol\u00edticas P\u00fablicas com vagas para Brumado\"}]},{\"@type\":\"WebSite\",\"@id\":\"https:\/\/sudoesteacontece.com.br\/#website\",\"url\":\"https:\/\/sudoesteacontece.com.br\/\",\"name\":\"Sudoesteacontece\",\"description\":\"\",\"publisher\":{\"@id\":\"https:\/\/sudoesteacontece.com.br\/#organization\"},\"potentialAction\":[{\"@type\":\"SearchAction\",\"target\":{\"@type\":\"EntryPoint\",\"urlTemplate\":\"https:\/\/sudoesteacontece.com.br\/?s={search_term_string}\"},\"query-input\":{\"@type\":\"PropertyValueSpecification\",\"valueRequired\":true,\"valueName\":\"search_term_string\"}}],\"inLanguage\":\"pt-BR\"},{\"@type\":\"Organization\",\"@id\":\"https:\/\/sudoesteacontece.com.br\/#organization\",\"name\":\"Sudoesteacontece\",\"url\":\"https:\/\/sudoesteacontece.com.br\/\",\"logo\":{\"@type\":\"ImageObject\",\"inLanguage\":\"pt-BR\",\"@id\":\"https:\/\/sudoesteacontece.com.br\/#\/schema\/logo\/image\/\",\"url\":\"https:\/\/sudoesteacontece.com.br\/wp-content\/uploads\/2025\/12\/cropped-logo-2-180x180-1.png\",\"contentUrl\":\"https:\/\/sudoesteacontece.com.br\/wp-content\/uploads\/2025\/12\/cropped-logo-2-180x180-1.png\",\"width\":180,\"height\":180,\"caption\":\"Sudoesteacontece\"},\"image\":{\"@id\":\"https:\/\/sudoesteacontece.com.br\/#\/schema\/logo\/image\/\"},\"sameAs\":[\"https:\/\/www.facebook.com\/sudoesteacontece\/?locale=pt_BR\"]},{\"@type\":\"Person\",\"@id\":\"https:\/\/sudoesteacontece.com.br\/#\/schema\/person\/a4f22429c1d0923ef8f7d43343f8dc38\",\"name\":\"Reda\u00e7\u00e3o\",\"image\":{\"@type\":\"ImageObject\",\"inLanguage\":\"pt-BR\",\"@id\":\"https:\/\/sudoesteacontece.com.br\/#\/schema\/person\/image\/\",\"url\":\"https:\/\/secure.gravatar.com\/avatar\/c3a5b3c93f268a709c25a2df414c629a96fb3b1b4bf97a94fb3f72e54ae76903?s=96&d=mm&r=g\",\"contentUrl\":\"https:\/\/secure.gravatar.com\/avatar\/c3a5b3c93f268a709c25a2df414c629a96fb3b1b4bf97a94fb3f72e54ae76903?s=96&d=mm&r=g\",\"caption\":\"Reda\u00e7\u00e3o\"},\"url\":\"https:\/\/sudoesteacontece.com.br\/?author=4\"}]}<\/script>\n<!-- \/ Yoast SEO plugin. -->","yoast_head_json":{"title":"UESB abre inscri\u00e7\u00f5es para p\u00f3s gratuita em Pol\u00edticas P\u00fablicas com vagas para Brumado - Sudoesteacontece","robots":{"index":"index","follow":"follow","max-snippet":"max-snippet:-1","max-image-preview":"max-image-preview:large","max-video-preview":"max-video-preview:-1"},"canonical":"https:\/\/sudoesteacontece.com.br\/?p=5371","og_locale":"pt_BR","og_type":"article","og_title":"UESB abre inscri\u00e7\u00f5es para p\u00f3s gratuita em Pol\u00edticas P\u00fablicas com vagas para Brumado - Sudoesteacontece","og_description":"Universidade Estadual do Sudoeste da Bahia abriu as inscri\u00e7\u00f5es para o curso de P\u00f3s-Gradua\u00e7\u00e3o Lato Sensu em Pol\u00edticas P\u00fablicas e Desenvolvimento Regional, na modalidade a dist\u00e2ncia. A sele\u00e7\u00e3o ocorre por meio do Edital n\u00ba 396\/2025 e oferece forma\u00e7\u00e3o gratuita voltada \u00e0 qualifica\u00e7\u00e3o de profissionais interessados em fortalecer a gest\u00e3o p\u00fablica e o desenvolvimento regional. Curso ser\u00e1 ofertado em parceria com o Sistema Universidade Aberta do Brasil (UAB), com apoio da Capes e do MEC. A especializa\u00e7\u00e3o busca preparar profissionais para analisar, planejar e avaliar pol\u00edticas p\u00fablicas, com foco em solu\u00e7\u00f5es concretas para os desafios sociais e econ\u00f4micos das regi\u00f5es atendidas pela universidade. Vagas somam 150 oportunidades distribu\u00eddas em seis polos da Bahia. Brumado aparece entre os munic\u00edpios contemplados, com 25 vagas destinadas ao Polo UAB local, ampliando o acesso ao ensino superior gratuito e de qualidade para profissionais da regi\u00e3o sudoeste do estado. Inscri\u00e7\u00f5es podem ser realizadas entre os dias 20 de dezembro de 2025 e 15 de janeiro de 2026, exclusivamente pela internet. O candidato deve preencher o formul\u00e1rio eletr\u00f4nico dispon\u00edvel no site da UESB e anexar a documenta\u00e7\u00e3o exigida, incluindo comprovante de gradua\u00e7\u00e3o e documentos para pontua\u00e7\u00e3o curricular. Sele\u00e7\u00e3o ocorrer\u00e1 por an\u00e1lise de curr\u00edculo, conforme crit\u00e9rios definidos em barema no edital. Podem participar candidatos com diploma de curso superior em Ci\u00eancias Econ\u00f4micas e \u00e1reas afins. O resultado, cronograma e demais etapas do processo seletivo ser\u00e3o divulgados nos canais oficiais da universidade. Oportunidade refor\u00e7a o papel da UESB na forma\u00e7\u00e3o de quadros qualificados para o setor p\u00fablico. A especializa\u00e7\u00e3o permite avan\u00e7o profissional, amplia\u00e7\u00e3o do conhecimento t\u00e9cnico e contribui\u00e7\u00e3o direta para pol\u00edticas p\u00fablicas mais eficientes, com impacto positivo no desenvolvimento regional.","og_url":"https:\/\/sudoesteacontece.com.br\/?p=5371","og_site_name":"Sudoesteacontece","article_publisher":"https:\/\/www.facebook.com\/sudoesteacontece\/?locale=pt_BR","article_published_time":"2026-01-05T12:46:50+00:00","article_modified_time":"2026-01-05T12:46:52+00:00","og_image":[{"width":900,"height":600,"url":"https:\/\/sudoesteacontece.com.br\/wp-content\/uploads\/2026\/01\/UESB-abre-inscricoes-para-pos-gratuita-em-Politicas-Publicas-com-vagas-para-Brumado-sudoeste-acontece.jpg","type":"image\/jpeg"}],"author":"Reda\u00e7\u00e3o","twitter_card":"summary_large_image","twitter_misc":{"Escrito por":"Reda\u00e7\u00e3o","Est. tempo de leitura":"2 minutos"},"schema":{"@context":"https:\/\/schema.org","@graph":[{"@type":"Article","@id":"https:\/\/sudoesteacontece.com.br\/?p=5371#article","isPartOf":{"@id":"https:\/\/sudoesteacontece.com.br\/?p=5371"},"author":{"name":"Reda\u00e7\u00e3o","@id":"https:\/\/sudoesteacontece.com.br\/#\/schema\/person\/a4f22429c1d0923ef8f7d43343f8dc38"},"headline":"UESB abre inscri\u00e7\u00f5es para p\u00f3s gratuita em Pol\u00edticas P\u00fablicas com vagas para Brumado","datePublished":"2026-01-05T12:46:50+00:00","dateModified":"2026-01-05T12:46:52+00:00","mainEntityOfPage":{"@id":"https:\/\/sudoesteacontece.com.br\/?p=5371"},"wordCount":324,"commentCount":0,"publisher":{"@id":"https:\/\/sudoesteacontece.com.br\/#organization"},"image":{"@id":"https:\/\/sudoesteacontece.com.br\/?p=5371#primaryimage"},"thumbnailUrl":"https:\/\/sudoesteacontece.com.br\/wp-content\/uploads\/2026\/01\/UESB-abre-inscricoes-para-pos-gratuita-em-Politicas-Publicas-com-vagas-para-Brumado-sudoeste-acontece.jpg","articleSection":["Brumado","Educa\u00e7\u00e3o"],"inLanguage":"pt-BR","potentialAction":[{"@type":"CommentAction","name":"Comment","target":["https:\/\/sudoesteacontece.com.br\/?p=5371#respond"]}]},{"@type":"WebPage","@id":"https:\/\/sudoesteacontece.com.br\/?p=5371","url":"https:\/\/sudoesteacontece.com.br\/?p=5371","name":"UESB abre inscri\u00e7\u00f5es para p\u00f3s gratuita em Pol\u00edticas P\u00fablicas com vagas para Brumado - Sudoesteacontece","isPartOf":{"@id":"https:\/\/sudoesteacontece.com.br\/#website"},"primaryImageOfPage":{"@id":"https:\/\/sudoesteacontece.com.br\/?p=5371#primaryimage"},"image":{"@id":"https:\/\/sudoesteacontece.com.br\/?p=5371#primaryimage"},"thumbnailUrl":"https:\/\/sudoesteacontece.com.br\/wp-content\/uploads\/2026\/01\/UESB-abre-inscricoes-para-pos-gratuita-em-Politicas-Publicas-com-vagas-para-Brumado-sudoeste-acontece.jpg","datePublished":"2026-01-05T12:46:50+00:00","dateModified":"2026-01-05T12:46:52+00:00","breadcrumb":{"@id":"https:\/\/sudoesteacontece.com.br\/?p=5371#breadcrumb"},"inLanguage":"pt-BR","potentialAction":[{"@type":"ReadAction","target":["https:\/\/sudoesteacontece.com.br\/?p=5371"]}]},{"@type":"ImageObject","inLanguage":"pt-BR","@id":"https:\/\/sudoesteacontece.com.br\/?p=5371#primaryimage","url":"https:\/\/sudoesteacontece.com.br\/wp-content\/uploads\/2026\/01\/UESB-abre-inscricoes-para-pos-gratuita-em-Politicas-Publicas-com-vagas-para-Brumado-sudoeste-acontece.jpg","contentUrl":"https:\/\/sudoesteacontece.com.br\/wp-content\/uploads\/2026\/01\/UESB-abre-inscricoes-para-pos-gratuita-em-Politicas-Publicas-com-vagas-para-Brumado-sudoeste-acontece.jpg","width":900,"height":600},{"@type":"BreadcrumbList","@id":"https:\/\/sudoesteacontece.com.br\/?p=5371#breadcrumb","itemListElement":[{"@type":"ListItem","position":1,"name":"In\u00edcio","item":"https:\/\/sudoesteacontece.com.br\/"},{"@type":"ListItem","position":2,"name":"UESB abre inscri\u00e7\u00f5es para p\u00f3s gratuita em Pol\u00edticas P\u00fablicas com vagas para Brumado"}]},{"@type":"WebSite","@id":"https:\/\/sudoesteacontece.com.br\/#website","url":"https:\/\/sudoesteacontece.com.br\/","name":"Sudoesteacontece","description":"","publisher":{"@id":"https:\/\/sudoesteacontece.com.br\/#organization"},"potentialAction":[{"@type":"SearchAction","target":{"@type":"EntryPoint","urlTemplate":"https:\/\/sudoesteacontece.com.br\/?s={search_term_string}"},"query-input":{"@type":"PropertyValueSpecification","valueRequired":true,"valueName":"search_term_string"}}],"inLanguage":"pt-BR"},{"@type":"Organization","@id":"https:\/\/sudoesteacontece.com.br\/#organization","name":"Sudoesteacontece","url":"https:\/\/sudoesteacontece.com.br\/","logo":{"@type":"ImageObject","inLanguage":"pt-BR","@id":"https:\/\/sudoesteacontece.com.br\/#\/schema\/logo\/image\/","url":"https:\/\/sudoesteacontece.com.br\/wp-content\/uploads\/2025\/12\/cropped-logo-2-180x180-1.png","contentUrl":"https:\/\/sudoesteacontece.com.br\/wp-content\/uploads\/2025\/12\/cropped-logo-2-180x180-1.png","width":180,"height":180,"caption":"Sudoesteacontece"},"image":{"@id":"https:\/\/sudoesteacontece.com.br\/#\/schema\/logo\/image\/"},"sameAs":["https:\/\/www.facebook.com\/sudoesteacontece\/?locale=pt_BR"]},{"@type":"Person","@id":"https:\/\/sudoesteacontece.com.br\/#\/schema\/person\/a4f22429c1d0923ef8f7d43343f8dc38","name":"Reda\u00e7\u00e3o","image":{"@type":"ImageObject","inLanguage":"pt-BR","@id":"https:\/\/sudoesteacontece.com.br\/#\/schema\/person\/image\/","url":"https:\/\/secure.gravatar.com\/avatar\/c3a5b3c93f268a709c25a2df414c629a96fb3b1b4bf97a94fb3f72e54ae76903?s=96&d=mm&r=g","contentUrl":"https:\/\/secure.gravatar.com\/avatar\/c3a5b3c93f268a709c25a2df414c629a96fb3b1b4bf97a94fb3f72e54ae76903?s=96&d=mm&r=g","caption":"Reda\u00e7\u00e3o"},"url":"https:\/\/sudoesteacontece.com.br\/?author=4"}]}},"_links":{"self":[{"href":"https:\/\/sudoesteacontece.com.br\/index.php?rest_route=\/wp\/v2\/posts\/5371","targetHints":{"allow":["GET"]}}],"collection":[{"href":"https:\/\/sudoesteacontece.com.br\/index.php?rest_route=\/wp\/v2\/posts"}],"about":[{"href":"https:\/\/sudoesteacontece.com.br\/index.php?rest_route=\/wp\/v2\/types\/post"}],"author":[{"embeddable":true,"href":"https:\/\/sudoesteacontece.com.br\/index.php?rest_route=\/wp\/v2\/users\/4"}],"replies":[{"embeddable":true,"href":"https:\/\/sudoesteacontece.com.br\/index.php?rest_route=%2Fwp%2Fv2%2Fcomments&post=5371"}],"version-history":[{"count":0,"href":"https:\/\/sudoesteacontece.com.br\/index.php?rest_route=\/wp\/v2\/posts\/5371\/revisions"}],"wp:featuredmedia":[{"embeddable":true,"href":"https:\/\/sudoesteacontece.com.br\/index.php?rest_route=\/wp\/v2\/media\/5402"}],"wp:attachment":[{"href":"https:\/\/sudoesteacontece.com.br\/index.php?rest_route=%2Fwp%2Fv2%2Fmedia&parent=5371"}],"wp:term":[{"taxonomy":"category","embeddable":true,"href":"https:\/\/sudoesteacontece.com.br\/index.php?rest_route=%2Fwp%2Fv2%2Fcategories&post=5371"},{"taxonomy":"post_tag","embeddable":true,"href":"https:\/\/sudoesteacontece.com.br\/index.php?rest_route=%2Fwp%2Fv2%2Ftags&post=5371"}],"curies":[{"name":"wp","href":"https:\/\/api.w.org\/{rel}","templated":true}]}}