{"id":5376,"date":"2026-01-05T10:09:04","date_gmt":"2026-01-05T13:09:04","guid":{"rendered":"https:\/\/sudoesteacontece.com.br\/?p=5376"},"modified":"2026-01-05T10:09:06","modified_gmt":"2026-01-05T13:09:06","slug":"filho-de-vice-prefeito-e-encontrado-morto-no-df-e-policia-investiga-causas","status":"publish","type":"post","link":"https:\/\/sudoesteacontece.com.br\/?p=5376","title":{"rendered":"Filho de vice-prefeito \u00e9 encontrado morto no DF e pol\u00edcia investiga causas"},"content":{"rendered":"<div class=\"wp-block-image\">\n<figure class=\"aligncenter size-full\"><img fetchpriority=\"high\" decoding=\"async\" width=\"900\" height=\"600\" src=\"http:\/\/sudoesteacontece.com.br\/wp-content\/uploads\/2026\/01\/Filho-de-vice-prefeito-e-encontrado-morto-no-DF-e-policia-investiga-causas-sudoeste-acontece.jpg\" alt=\"\" class=\"wp-image-5410\" srcset=\"https:\/\/sudoesteacontece.com.br\/wp-content\/uploads\/2026\/01\/Filho-de-vice-prefeito-e-encontrado-morto-no-DF-e-policia-investiga-causas-sudoeste-acontece.jpg 900w, https:\/\/sudoesteacontece.com.br\/wp-content\/uploads\/2026\/01\/Filho-de-vice-prefeito-e-encontrado-morto-no-DF-e-policia-investiga-causas-sudoeste-acontece-300x200.jpg 300w, https:\/\/sudoesteacontece.com.br\/wp-content\/uploads\/2026\/01\/Filho-de-vice-prefeito-e-encontrado-morto-no-DF-e-policia-investiga-causas-sudoeste-acontece-768x512.jpg 768w\" sizes=\"(max-width: 900px) 100vw, 900px\" \/><\/figure>\n<\/div>\n\n\n<p>Pol\u00edcia Civil do Distrito Federal investiga a morte do professor Jo\u00e3o Emmanuel Moura, de 32 anos, encontrado sem vida na manh\u00e3 de domingo (4). Filho do vice-prefeito de Isa\u00edas Coelho, no Piau\u00ed, ele foi localizado em uma parada de \u00f4nibus \u00e0s margens da DF-150, no km 2, na regi\u00e3o do Grande Colorado, em Sobradinho II.<\/p>\n\n\n\n<p>Corpo estava ca\u00eddo ao lado da rodovia quando equipes foram acionadas. Per\u00edcia inicial n\u00e3o apontou a causa da morte, segundo informa\u00e7\u00f5es preliminares. Investigadores descartaram atropelamento e aguardam laudos t\u00e9cnicos para esclarecer o que ocorreu nas horas que antecederam o \u00f3bito.<\/p>\n\n\n\n<p>Professor atuava no Instituto S\u00e3o Jos\u00e9, escola particular de Sobradinho, onde era reconhecido pelo compromisso com o ensino e pela rela\u00e7\u00e3o pr\u00f3xima com os alunos. Natural de Teresina, Jo\u00e3o Emmanuel construiu carreira no Distrito Federal e se tornou refer\u00eancia no ambiente escolar.<\/p>\n\n\n\n<p>Prefeitura de Isa\u00edas Coelho divulgou nota de pesar. O prefeito Waldemar Mauriz Filho manifestou solidariedade \u00e0 fam\u00edlia e destacou a dor da perda. O vice-prefeito George Moura, pai da v\u00edtima, recebeu mensagens de apoio de autoridades e moradores do munic\u00edpio.<\/p>\n\n\n\n<p>Escola tamb\u00e9m lamentou a morte do educador. Em comunicado, o Instituto S\u00e3o Jos\u00e9 afirmou que Jo\u00e3o Emmanuel deixou um legado humano e profissional marcante. A institui\u00e7\u00e3o destacou a presen\u00e7a inspiradora do professor e o impacto positivo na forma\u00e7\u00e3o dos estudantes.<\/p>\n\n\n\n<p>Investiga\u00e7\u00e3o segue em andamento e novas informa\u00e7\u00f5es devem ser divulgadas ap\u00f3s a conclus\u00e3o dos exames periciais. A Pol\u00edcia Civil mant\u00e9m o caso sob apura\u00e7\u00e3o para esclarecer as circunst\u00e2ncias da morte, que ainda permanecem envoltas em mist\u00e9rio.<\/p>\n","protected":false},"excerpt":{"rendered":"<p>Pol\u00edcia Civil do Distrito Federal investiga a morte do professor Jo\u00e3o Emmanuel Moura, de 32 anos, encontrado sem vida na manh\u00e3 de domingo (4). Filho do vice-prefeito de Isa\u00edas Coelho, no Piau\u00ed, ele foi localizado em uma parada de \u00f4nibus \u00e0s margens da DF-150, no km 2, na regi\u00e3o do Grande Colorado, em Sobradinho II. Corpo estava ca\u00eddo ao lado da rodovia quando equipes foram acionadas. Per\u00edcia inicial n\u00e3o apontou a causa da morte, segundo informa\u00e7\u00f5es preliminares. Investigadores descartaram atropelamento e aguardam laudos t\u00e9cnicos para esclarecer o que ocorreu nas horas que antecederam o \u00f3bito. Professor atuava no Instituto S\u00e3o Jos\u00e9, escola particular de Sobradinho, onde era reconhecido pelo compromisso com o ensino e pela rela\u00e7\u00e3o pr\u00f3xima com os alunos. Natural de Teresina, Jo\u00e3o Emmanuel construiu carreira no Distrito Federal e se tornou refer\u00eancia no ambiente escolar. Prefeitura de Isa\u00edas Coelho divulgou nota de pesar. O prefeito Waldemar Mauriz Filho manifestou solidariedade \u00e0 fam\u00edlia e destacou a dor da perda. O vice-prefeito George Moura, pai da v\u00edtima, recebeu mensagens de apoio de autoridades e moradores do munic\u00edpio. Escola tamb\u00e9m lamentou a morte do educador. Em comunicado, o Instituto S\u00e3o Jos\u00e9 afirmou que Jo\u00e3o Emmanuel deixou um legado humano e profissional marcante. A institui\u00e7\u00e3o destacou a presen\u00e7a inspiradora do professor e o impacto positivo na forma\u00e7\u00e3o dos estudantes. Investiga\u00e7\u00e3o segue em andamento e novas informa\u00e7\u00f5es devem ser divulgadas ap\u00f3s a conclus\u00e3o dos exames periciais. A Pol\u00edcia Civil mant\u00e9m o caso sob apura\u00e7\u00e3o para esclarecer as circunst\u00e2ncias da morte, que ainda permanecem envoltas em mist\u00e9rio.<\/p>\n","protected":false},"author":4,"featured_media":5410,"comment_status":"open","ping_status":"open","sticky":false,"template":"","format":"standard","meta":{"footnotes":""},"categories":[3,6],"tags":[],"class_list":["post-5376","post","type-post","status-publish","format-standard","has-post-thumbnail","hentry","category-policia","category-politica"],"yoast_head":"<!-- This site is optimized with the Yoast SEO plugin v26.5 - https:\/\/yoast.com\/wordpress\/plugins\/seo\/ -->\n<title>Filho de vice-prefeito \u00e9 encontrado morto no DF e pol\u00edcia investiga causas - Sudoesteacontece<\/title>\n<meta name=\"robots\" content=\"index, follow, max-snippet:-1, max-image-preview:large, max-video-preview:-1\" \/>\n<link rel=\"canonical\" href=\"https:\/\/sudoesteacontece.com.br\/?p=5376\" \/>\n<meta property=\"og:locale\" content=\"pt_BR\" \/>\n<meta property=\"og:type\" content=\"article\" \/>\n<meta property=\"og:title\" content=\"Filho de vice-prefeito \u00e9 encontrado morto no DF e pol\u00edcia investiga causas - Sudoesteacontece\" \/>\n<meta property=\"og:description\" content=\"Pol\u00edcia Civil do Distrito Federal investiga a morte do professor Jo\u00e3o Emmanuel Moura, de 32 anos, encontrado sem vida na manh\u00e3 de domingo (4). Filho do vice-prefeito de Isa\u00edas Coelho, no Piau\u00ed, ele foi localizado em uma parada de \u00f4nibus \u00e0s margens da DF-150, no km 2, na regi\u00e3o do Grande Colorado, em Sobradinho II. Corpo estava ca\u00eddo ao lado da rodovia quando equipes foram acionadas. Per\u00edcia inicial n\u00e3o apontou a causa da morte, segundo informa\u00e7\u00f5es preliminares. Investigadores descartaram atropelamento e aguardam laudos t\u00e9cnicos para esclarecer o que ocorreu nas horas que antecederam o \u00f3bito. Professor atuava no Instituto S\u00e3o Jos\u00e9, escola particular de Sobradinho, onde era reconhecido pelo compromisso com o ensino e pela rela\u00e7\u00e3o pr\u00f3xima com os alunos. Natural de Teresina, Jo\u00e3o Emmanuel construiu carreira no Distrito Federal e se tornou refer\u00eancia no ambiente escolar. Prefeitura de Isa\u00edas Coelho divulgou nota de pesar. O prefeito Waldemar Mauriz Filho manifestou solidariedade \u00e0 fam\u00edlia e destacou a dor da perda. O vice-prefeito George Moura, pai da v\u00edtima, recebeu mensagens de apoio de autoridades e moradores do munic\u00edpio. Escola tamb\u00e9m lamentou a morte do educador. Em comunicado, o Instituto S\u00e3o Jos\u00e9 afirmou que Jo\u00e3o Emmanuel deixou um legado humano e profissional marcante. A institui\u00e7\u00e3o destacou a presen\u00e7a inspiradora do professor e o impacto positivo na forma\u00e7\u00e3o dos estudantes. Investiga\u00e7\u00e3o segue em andamento e novas informa\u00e7\u00f5es devem ser divulgadas ap\u00f3s a conclus\u00e3o dos exames periciais. A Pol\u00edcia Civil mant\u00e9m o caso sob apura\u00e7\u00e3o para esclarecer as circunst\u00e2ncias da morte, que ainda permanecem envoltas em mist\u00e9rio.\" \/>\n<meta property=\"og:url\" content=\"https:\/\/sudoesteacontece.com.br\/?p=5376\" \/>\n<meta property=\"og:site_name\" content=\"Sudoesteacontece\" \/>\n<meta property=\"article:publisher\" content=\"https:\/\/www.facebook.com\/sudoesteacontece\/?locale=pt_BR\" \/>\n<meta property=\"article:published_time\" content=\"2026-01-05T13:09:04+00:00\" \/>\n<meta property=\"article:modified_time\" content=\"2026-01-05T13:09:06+00:00\" \/>\n<meta property=\"og:image\" content=\"https:\/\/sudoesteacontece.com.br\/wp-content\/uploads\/2026\/01\/Filho-de-vice-prefeito-e-encontrado-morto-no-DF-e-policia-investiga-causas-sudoeste-acontece.jpg\" \/>\n\t<meta property=\"og:image:width\" content=\"900\" \/>\n\t<meta property=\"og:image:height\" content=\"600\" \/>\n\t<meta property=\"og:image:type\" content=\"image\/jpeg\" \/>\n<meta name=\"author\" content=\"Reda\u00e7\u00e3o\" \/>\n<meta name=\"twitter:card\" content=\"summary_large_image\" \/>\n<meta name=\"twitter:label1\" content=\"Escrito por\" \/>\n\t<meta name=\"twitter:data1\" content=\"Reda\u00e7\u00e3o\" \/>\n\t<meta name=\"twitter:label2\" content=\"Est. tempo de leitura\" \/>\n\t<meta name=\"twitter:data2\" content=\"2 minutos\" \/>\n<script type=\"application\/ld+json\" class=\"yoast-schema-graph\">{\"@context\":\"https:\/\/schema.org\",\"@graph\":[{\"@type\":\"Article\",\"@id\":\"https:\/\/sudoesteacontece.com.br\/?p=5376#article\",\"isPartOf\":{\"@id\":\"https:\/\/sudoesteacontece.com.br\/?p=5376\"},\"author\":{\"name\":\"Reda\u00e7\u00e3o\",\"@id\":\"https:\/\/sudoesteacontece.com.br\/#\/schema\/person\/a4f22429c1d0923ef8f7d43343f8dc38\"},\"headline\":\"Filho de vice-prefeito \u00e9 encontrado morto no DF e pol\u00edcia investiga causas\",\"datePublished\":\"2026-01-05T13:09:04+00:00\",\"dateModified\":\"2026-01-05T13:09:06+00:00\",\"mainEntityOfPage\":{\"@id\":\"https:\/\/sudoesteacontece.com.br\/?p=5376\"},\"wordCount\":294,\"commentCount\":0,\"publisher\":{\"@id\":\"https:\/\/sudoesteacontece.com.br\/#organization\"},\"image\":{\"@id\":\"https:\/\/sudoesteacontece.com.br\/?p=5376#primaryimage\"},\"thumbnailUrl\":\"https:\/\/sudoesteacontece.com.br\/wp-content\/uploads\/2026\/01\/Filho-de-vice-prefeito-e-encontrado-morto-no-DF-e-policia-investiga-causas-sudoeste-acontece.jpg\",\"articleSection\":[\"Pol\u00edcia\",\"Pol\u00edtica\"],\"inLanguage\":\"pt-BR\",\"potentialAction\":[{\"@type\":\"CommentAction\",\"name\":\"Comment\",\"target\":[\"https:\/\/sudoesteacontece.com.br\/?p=5376#respond\"]}]},{\"@type\":\"WebPage\",\"@id\":\"https:\/\/sudoesteacontece.com.br\/?p=5376\",\"url\":\"https:\/\/sudoesteacontece.com.br\/?p=5376\",\"name\":\"Filho de vice-prefeito \u00e9 encontrado morto no DF e pol\u00edcia investiga causas - Sudoesteacontece\",\"isPartOf\":{\"@id\":\"https:\/\/sudoesteacontece.com.br\/#website\"},\"primaryImageOfPage\":{\"@id\":\"https:\/\/sudoesteacontece.com.br\/?p=5376#primaryimage\"},\"image\":{\"@id\":\"https:\/\/sudoesteacontece.com.br\/?p=5376#primaryimage\"},\"thumbnailUrl\":\"https:\/\/sudoesteacontece.com.br\/wp-content\/uploads\/2026\/01\/Filho-de-vice-prefeito-e-encontrado-morto-no-DF-e-policia-investiga-causas-sudoeste-acontece.jpg\",\"datePublished\":\"2026-01-05T13:09:04+00:00\",\"dateModified\":\"2026-01-05T13:09:06+00:00\",\"breadcrumb\":{\"@id\":\"https:\/\/sudoesteacontece.com.br\/?p=5376#breadcrumb\"},\"inLanguage\":\"pt-BR\",\"potentialAction\":[{\"@type\":\"ReadAction\",\"target\":[\"https:\/\/sudoesteacontece.com.br\/?p=5376\"]}]},{\"@type\":\"ImageObject\",\"inLanguage\":\"pt-BR\",\"@id\":\"https:\/\/sudoesteacontece.com.br\/?p=5376#primaryimage\",\"url\":\"https:\/\/sudoesteacontece.com.br\/wp-content\/uploads\/2026\/01\/Filho-de-vice-prefeito-e-encontrado-morto-no-DF-e-policia-investiga-causas-sudoeste-acontece.jpg\",\"contentUrl\":\"https:\/\/sudoesteacontece.com.br\/wp-content\/uploads\/2026\/01\/Filho-de-vice-prefeito-e-encontrado-morto-no-DF-e-policia-investiga-causas-sudoeste-acontece.jpg\",\"width\":900,\"height\":600},{\"@type\":\"BreadcrumbList\",\"@id\":\"https:\/\/sudoesteacontece.com.br\/?p=5376#breadcrumb\",\"itemListElement\":[{\"@type\":\"ListItem\",\"position\":1,\"name\":\"In\u00edcio\",\"item\":\"https:\/\/sudoesteacontece.com.br\/\"},{\"@type\":\"ListItem\",\"position\":2,\"name\":\"Filho de vice-prefeito \u00e9 encontrado morto no DF e pol\u00edcia investiga causas\"}]},{\"@type\":\"WebSite\",\"@id\":\"https:\/\/sudoesteacontece.com.br\/#website\",\"url\":\"https:\/\/sudoesteacontece.com.br\/\",\"name\":\"Sudoesteacontece\",\"description\":\"\",\"publisher\":{\"@id\":\"https:\/\/sudoesteacontece.com.br\/#organization\"},\"potentialAction\":[{\"@type\":\"SearchAction\",\"target\":{\"@type\":\"EntryPoint\",\"urlTemplate\":\"https:\/\/sudoesteacontece.com.br\/?s={search_term_string}\"},\"query-input\":{\"@type\":\"PropertyValueSpecification\",\"valueRequired\":true,\"valueName\":\"search_term_string\"}}],\"inLanguage\":\"pt-BR\"},{\"@type\":\"Organization\",\"@id\":\"https:\/\/sudoesteacontece.com.br\/#organization\",\"name\":\"Sudoesteacontece\",\"url\":\"https:\/\/sudoesteacontece.com.br\/\",\"logo\":{\"@type\":\"ImageObject\",\"inLanguage\":\"pt-BR\",\"@id\":\"https:\/\/sudoesteacontece.com.br\/#\/schema\/logo\/image\/\",\"url\":\"https:\/\/sudoesteacontece.com.br\/wp-content\/uploads\/2025\/12\/cropped-logo-2-180x180-1.png\",\"contentUrl\":\"https:\/\/sudoesteacontece.com.br\/wp-content\/uploads\/2025\/12\/cropped-logo-2-180x180-1.png\",\"width\":180,\"height\":180,\"caption\":\"Sudoesteacontece\"},\"image\":{\"@id\":\"https:\/\/sudoesteacontece.com.br\/#\/schema\/logo\/image\/\"},\"sameAs\":[\"https:\/\/www.facebook.com\/sudoesteacontece\/?locale=pt_BR\"]},{\"@type\":\"Person\",\"@id\":\"https:\/\/sudoesteacontece.com.br\/#\/schema\/person\/a4f22429c1d0923ef8f7d43343f8dc38\",\"name\":\"Reda\u00e7\u00e3o\",\"image\":{\"@type\":\"ImageObject\",\"inLanguage\":\"pt-BR\",\"@id\":\"https:\/\/sudoesteacontece.com.br\/#\/schema\/person\/image\/\",\"url\":\"https:\/\/secure.gravatar.com\/avatar\/c3a5b3c93f268a709c25a2df414c629a96fb3b1b4bf97a94fb3f72e54ae76903?s=96&d=mm&r=g\",\"contentUrl\":\"https:\/\/secure.gravatar.com\/avatar\/c3a5b3c93f268a709c25a2df414c629a96fb3b1b4bf97a94fb3f72e54ae76903?s=96&d=mm&r=g\",\"caption\":\"Reda\u00e7\u00e3o\"},\"url\":\"https:\/\/sudoesteacontece.com.br\/?author=4\"}]}<\/script>\n<!-- \/ Yoast SEO plugin. -->","yoast_head_json":{"title":"Filho de vice-prefeito \u00e9 encontrado morto no DF e pol\u00edcia investiga causas - Sudoesteacontece","robots":{"index":"index","follow":"follow","max-snippet":"max-snippet:-1","max-image-preview":"max-image-preview:large","max-video-preview":"max-video-preview:-1"},"canonical":"https:\/\/sudoesteacontece.com.br\/?p=5376","og_locale":"pt_BR","og_type":"article","og_title":"Filho de vice-prefeito \u00e9 encontrado morto no DF e pol\u00edcia investiga causas - Sudoesteacontece","og_description":"Pol\u00edcia Civil do Distrito Federal investiga a morte do professor Jo\u00e3o Emmanuel Moura, de 32 anos, encontrado sem vida na manh\u00e3 de domingo (4). Filho do vice-prefeito de Isa\u00edas Coelho, no Piau\u00ed, ele foi localizado em uma parada de \u00f4nibus \u00e0s margens da DF-150, no km 2, na regi\u00e3o do Grande Colorado, em Sobradinho II. Corpo estava ca\u00eddo ao lado da rodovia quando equipes foram acionadas. Per\u00edcia inicial n\u00e3o apontou a causa da morte, segundo informa\u00e7\u00f5es preliminares. Investigadores descartaram atropelamento e aguardam laudos t\u00e9cnicos para esclarecer o que ocorreu nas horas que antecederam o \u00f3bito. Professor atuava no Instituto S\u00e3o Jos\u00e9, escola particular de Sobradinho, onde era reconhecido pelo compromisso com o ensino e pela rela\u00e7\u00e3o pr\u00f3xima com os alunos. Natural de Teresina, Jo\u00e3o Emmanuel construiu carreira no Distrito Federal e se tornou refer\u00eancia no ambiente escolar. Prefeitura de Isa\u00edas Coelho divulgou nota de pesar. O prefeito Waldemar Mauriz Filho manifestou solidariedade \u00e0 fam\u00edlia e destacou a dor da perda. O vice-prefeito George Moura, pai da v\u00edtima, recebeu mensagens de apoio de autoridades e moradores do munic\u00edpio. Escola tamb\u00e9m lamentou a morte do educador. Em comunicado, o Instituto S\u00e3o Jos\u00e9 afirmou que Jo\u00e3o Emmanuel deixou um legado humano e profissional marcante. A institui\u00e7\u00e3o destacou a presen\u00e7a inspiradora do professor e o impacto positivo na forma\u00e7\u00e3o dos estudantes. Investiga\u00e7\u00e3o segue em andamento e novas informa\u00e7\u00f5es devem ser divulgadas ap\u00f3s a conclus\u00e3o dos exames periciais. A Pol\u00edcia Civil mant\u00e9m o caso sob apura\u00e7\u00e3o para esclarecer as circunst\u00e2ncias da morte, que ainda permanecem envoltas em mist\u00e9rio.","og_url":"https:\/\/sudoesteacontece.com.br\/?p=5376","og_site_name":"Sudoesteacontece","article_publisher":"https:\/\/www.facebook.com\/sudoesteacontece\/?locale=pt_BR","article_published_time":"2026-01-05T13:09:04+00:00","article_modified_time":"2026-01-05T13:09:06+00:00","og_image":[{"width":900,"height":600,"url":"https:\/\/sudoesteacontece.com.br\/wp-content\/uploads\/2026\/01\/Filho-de-vice-prefeito-e-encontrado-morto-no-DF-e-policia-investiga-causas-sudoeste-acontece.jpg","type":"image\/jpeg"}],"author":"Reda\u00e7\u00e3o","twitter_card":"summary_large_image","twitter_misc":{"Escrito por":"Reda\u00e7\u00e3o","Est. tempo de leitura":"2 minutos"},"schema":{"@context":"https:\/\/schema.org","@graph":[{"@type":"Article","@id":"https:\/\/sudoesteacontece.com.br\/?p=5376#article","isPartOf":{"@id":"https:\/\/sudoesteacontece.com.br\/?p=5376"},"author":{"name":"Reda\u00e7\u00e3o","@id":"https:\/\/sudoesteacontece.com.br\/#\/schema\/person\/a4f22429c1d0923ef8f7d43343f8dc38"},"headline":"Filho de vice-prefeito \u00e9 encontrado morto no DF e pol\u00edcia investiga causas","datePublished":"2026-01-05T13:09:04+00:00","dateModified":"2026-01-05T13:09:06+00:00","mainEntityOfPage":{"@id":"https:\/\/sudoesteacontece.com.br\/?p=5376"},"wordCount":294,"commentCount":0,"publisher":{"@id":"https:\/\/sudoesteacontece.com.br\/#organization"},"image":{"@id":"https:\/\/sudoesteacontece.com.br\/?p=5376#primaryimage"},"thumbnailUrl":"https:\/\/sudoesteacontece.com.br\/wp-content\/uploads\/2026\/01\/Filho-de-vice-prefeito-e-encontrado-morto-no-DF-e-policia-investiga-causas-sudoeste-acontece.jpg","articleSection":["Pol\u00edcia","Pol\u00edtica"],"inLanguage":"pt-BR","potentialAction":[{"@type":"CommentAction","name":"Comment","target":["https:\/\/sudoesteacontece.com.br\/?p=5376#respond"]}]},{"@type":"WebPage","@id":"https:\/\/sudoesteacontece.com.br\/?p=5376","url":"https:\/\/sudoesteacontece.com.br\/?p=5376","name":"Filho de vice-prefeito \u00e9 encontrado morto no DF e pol\u00edcia investiga causas - Sudoesteacontece","isPartOf":{"@id":"https:\/\/sudoesteacontece.com.br\/#website"},"primaryImageOfPage":{"@id":"https:\/\/sudoesteacontece.com.br\/?p=5376#primaryimage"},"image":{"@id":"https:\/\/sudoesteacontece.com.br\/?p=5376#primaryimage"},"thumbnailUrl":"https:\/\/sudoesteacontece.com.br\/wp-content\/uploads\/2026\/01\/Filho-de-vice-prefeito-e-encontrado-morto-no-DF-e-policia-investiga-causas-sudoeste-acontece.jpg","datePublished":"2026-01-05T13:09:04+00:00","dateModified":"2026-01-05T13:09:06+00:00","breadcrumb":{"@id":"https:\/\/sudoesteacontece.com.br\/?p=5376#breadcrumb"},"inLanguage":"pt-BR","potentialAction":[{"@type":"ReadAction","target":["https:\/\/sudoesteacontece.com.br\/?p=5376"]}]},{"@type":"ImageObject","inLanguage":"pt-BR","@id":"https:\/\/sudoesteacontece.com.br\/?p=5376#primaryimage","url":"https:\/\/sudoesteacontece.com.br\/wp-content\/uploads\/2026\/01\/Filho-de-vice-prefeito-e-encontrado-morto-no-DF-e-policia-investiga-causas-sudoeste-acontece.jpg","contentUrl":"https:\/\/sudoesteacontece.com.br\/wp-content\/uploads\/2026\/01\/Filho-de-vice-prefeito-e-encontrado-morto-no-DF-e-policia-investiga-causas-sudoeste-acontece.jpg","width":900,"height":600},{"@type":"BreadcrumbList","@id":"https:\/\/sudoesteacontece.com.br\/?p=5376#breadcrumb","itemListElement":[{"@type":"ListItem","position":1,"name":"In\u00edcio","item":"https:\/\/sudoesteacontece.com.br\/"},{"@type":"ListItem","position":2,"name":"Filho de vice-prefeito \u00e9 encontrado morto no DF e pol\u00edcia investiga causas"}]},{"@type":"WebSite","@id":"https:\/\/sudoesteacontece.com.br\/#website","url":"https:\/\/sudoesteacontece.com.br\/","name":"Sudoesteacontece","description":"","publisher":{"@id":"https:\/\/sudoesteacontece.com.br\/#organization"},"potentialAction":[{"@type":"SearchAction","target":{"@type":"EntryPoint","urlTemplate":"https:\/\/sudoesteacontece.com.br\/?s={search_term_string}"},"query-input":{"@type":"PropertyValueSpecification","valueRequired":true,"valueName":"search_term_string"}}],"inLanguage":"pt-BR"},{"@type":"Organization","@id":"https:\/\/sudoesteacontece.com.br\/#organization","name":"Sudoesteacontece","url":"https:\/\/sudoesteacontece.com.br\/","logo":{"@type":"ImageObject","inLanguage":"pt-BR","@id":"https:\/\/sudoesteacontece.com.br\/#\/schema\/logo\/image\/","url":"https:\/\/sudoesteacontece.com.br\/wp-content\/uploads\/2025\/12\/cropped-logo-2-180x180-1.png","contentUrl":"https:\/\/sudoesteacontece.com.br\/wp-content\/uploads\/2025\/12\/cropped-logo-2-180x180-1.png","width":180,"height":180,"caption":"Sudoesteacontece"},"image":{"@id":"https:\/\/sudoesteacontece.com.br\/#\/schema\/logo\/image\/"},"sameAs":["https:\/\/www.facebook.com\/sudoesteacontece\/?locale=pt_BR"]},{"@type":"Person","@id":"https:\/\/sudoesteacontece.com.br\/#\/schema\/person\/a4f22429c1d0923ef8f7d43343f8dc38","name":"Reda\u00e7\u00e3o","image":{"@type":"ImageObject","inLanguage":"pt-BR","@id":"https:\/\/sudoesteacontece.com.br\/#\/schema\/person\/image\/","url":"https:\/\/secure.gravatar.com\/avatar\/c3a5b3c93f268a709c25a2df414c629a96fb3b1b4bf97a94fb3f72e54ae76903?s=96&d=mm&r=g","contentUrl":"https:\/\/secure.gravatar.com\/avatar\/c3a5b3c93f268a709c25a2df414c629a96fb3b1b4bf97a94fb3f72e54ae76903?s=96&d=mm&r=g","caption":"Reda\u00e7\u00e3o"},"url":"https:\/\/sudoesteacontece.com.br\/?author=4"}]}},"_links":{"self":[{"href":"https:\/\/sudoesteacontece.com.br\/index.php?rest_route=\/wp\/v2\/posts\/5376","targetHints":{"allow":["GET"]}}],"collection":[{"href":"https:\/\/sudoesteacontece.com.br\/index.php?rest_route=\/wp\/v2\/posts"}],"about":[{"href":"https:\/\/sudoesteacontece.com.br\/index.php?rest_route=\/wp\/v2\/types\/post"}],"author":[{"embeddable":true,"href":"https:\/\/sudoesteacontece.com.br\/index.php?rest_route=\/wp\/v2\/users\/4"}],"replies":[{"embeddable":true,"href":"https:\/\/sudoesteacontece.com.br\/index.php?rest_route=%2Fwp%2Fv2%2Fcomments&post=5376"}],"version-history":[{"count":0,"href":"https:\/\/sudoesteacontece.com.br\/index.php?rest_route=\/wp\/v2\/posts\/5376\/revisions"}],"wp:featuredmedia":[{"embeddable":true,"href":"https:\/\/sudoesteacontece.com.br\/index.php?rest_route=\/wp\/v2\/media\/5410"}],"wp:attachment":[{"href":"https:\/\/sudoesteacontece.com.br\/index.php?rest_route=%2Fwp%2Fv2%2Fmedia&parent=5376"}],"wp:term":[{"taxonomy":"category","embeddable":true,"href":"https:\/\/sudoesteacontece.com.br\/index.php?rest_route=%2Fwp%2Fv2%2Fcategories&post=5376"},{"taxonomy":"post_tag","embeddable":true,"href":"https:\/\/sudoesteacontece.com.br\/index.php?rest_route=%2Fwp%2Fv2%2Ftags&post=5376"}],"curies":[{"name":"wp","href":"https:\/\/api.w.org\/{rel}","templated":true}]}}