{"id":5430,"date":"2026-01-05T11:37:36","date_gmt":"2026-01-05T14:37:36","guid":{"rendered":"https:\/\/sudoesteacontece.com.br\/?p=5430"},"modified":"2026-01-05T11:37:38","modified_gmt":"2026-01-05T14:37:38","slug":"chuvas-devolvem-esperanca-e-barragem-luiz-vieira-ultrapassa-31-em-rio-de-contas","status":"publish","type":"post","link":"https:\/\/sudoesteacontece.com.br\/?p=5430","title":{"rendered":"Chuvas devolvem esperan\u00e7a e Barragem Luiz Vieira ultrapassa 31% em Rio de Contas"},"content":{"rendered":"\n<figure class=\"wp-block-image size-full\"><img fetchpriority=\"high\" decoding=\"async\" width=\"1000\" height=\"750\" src=\"http:\/\/sudoesteacontece.com.br\/wp-content\/uploads\/2025\/11\/Barragem-Luiz-Vieira-ganha-novo-folego-e-acumula-mais-de-1-milhao-de-m\u00b3-em-apenas-dois-dias-sudoeste-acontece.jpg\" alt=\"\" class=\"wp-image-2405\" srcset=\"https:\/\/sudoesteacontece.com.br\/wp-content\/uploads\/2025\/11\/Barragem-Luiz-Vieira-ganha-novo-folego-e-acumula-mais-de-1-milhao-de-m\u00b3-em-apenas-dois-dias-sudoeste-acontece.jpg 1000w, https:\/\/sudoesteacontece.com.br\/wp-content\/uploads\/2025\/11\/Barragem-Luiz-Vieira-ganha-novo-folego-e-acumula-mais-de-1-milhao-de-m\u00b3-em-apenas-dois-dias-sudoeste-acontece-300x225.jpg 300w, https:\/\/sudoesteacontece.com.br\/wp-content\/uploads\/2025\/11\/Barragem-Luiz-Vieira-ganha-novo-folego-e-acumula-mais-de-1-milhao-de-m\u00b3-em-apenas-dois-dias-sudoeste-acontece-768x576.jpg 768w\" sizes=\"(max-width: 1000px) 100vw, 1000px\" \/><\/figure>\n\n\n\n<p>Volume da Barragem Luiz Vieira, em Rio de Contas, voltou a crescer e superou 31% da capacidade neste domingo (4). O reservat\u00f3rio, conhecido como A\u00e7ude Brumado, chegou a 31,67%, com cerca de 31,4 milh\u00f5es de metros c\u00fabicos de \u00e1gua, ap\u00f3s semanas seguidas de chuvas na Chapada Diamantina, trazendo al\u00edvio ap\u00f3s longo per\u00edodo de estiagem.<\/p>\n\n\n\n<p>Dados divulgados pela Associa\u00e7\u00e3o do Distrito Irrigado do Brumado (ADIB), apontam que a cota do a\u00e7ude alcan\u00e7ou 1.014,59 metros. O avan\u00e7o mais consistente come\u00e7ou no fim de outubro e ganhou ritmo em novembro e dezembro, quando o n\u00edvel saiu de cerca de 20%, cen\u00e1rio que preocupava moradores e produtores rurais da regi\u00e3o.<\/p>\n\n\n\n<p>Abastecimento das cidades de Rio de Contas, Livramento de Nossa Senhora e Dom Bas\u00edlio sente impacto direto da recupera\u00e7\u00e3o. O reservat\u00f3rio \u00e9 a principal fonte h\u00eddrica da regi\u00e3o e sua eleva\u00e7\u00e3o reduz riscos de racionamento, al\u00e9m de refor\u00e7ar a seguran\u00e7a no fornecimento de \u00e1gua para milhares de fam\u00edlias.<\/p>\n\n\n\n<p>Import\u00e2ncia do manancial tamb\u00e9m se reflete na economia local. A barragem sustenta projetos de irriga\u00e7\u00e3o fundamentais para a fruticultura regional, com destaque para o cultivo de manga e maracuj\u00e1, atividades que sofreram perdas significativas durante a estiagem prolongada.<\/p>\n\n\n\n<p>Capacidade original do a\u00e7ude era de 105 milh\u00f5es de metros c\u00fabicos, mas o assoreamento reduziu o volume m\u00e1ximo para cerca de 99,3 milh\u00f5es. Mesmo assim, t\u00e9cnicos avaliam que o crescimento recente \u00e9 expressivo e sinaliza um processo gradual de recupera\u00e7\u00e3o h\u00eddrica.<\/p>\n\n\n\n<p>Previs\u00e3o do tempo indica continuidade das chuvas nos pr\u00f3ximos dias na Chapada Diamantina. A expectativa \u00e9 de que o n\u00edvel da Barragem Luiz Vieira siga em eleva\u00e7\u00e3o, renovando a esperan\u00e7a de moradores e produtores ap\u00f3s meses de apreens\u00e3o.<\/p>\n","protected":false},"excerpt":{"rendered":"<p>Volume da Barragem Luiz Vieira, em Rio de Contas, voltou a crescer e superou 31% da capacidade neste domingo (4). O reservat\u00f3rio, conhecido como A\u00e7ude Brumado, chegou a 31,67%, com cerca de 31,4 milh\u00f5es de metros c\u00fabicos de \u00e1gua, ap\u00f3s semanas seguidas de chuvas na Chapada Diamantina, trazendo al\u00edvio ap\u00f3s longo per\u00edodo de estiagem. Dados divulgados pela Associa\u00e7\u00e3o do Distrito Irrigado do Brumado (ADIB), apontam que a cota do a\u00e7ude alcan\u00e7ou 1.014,59 metros. O avan\u00e7o mais consistente come\u00e7ou no fim de outubro e ganhou ritmo em novembro e dezembro, quando o n\u00edvel saiu de cerca de 20%, cen\u00e1rio que preocupava moradores e produtores rurais da regi\u00e3o. Abastecimento das cidades de Rio de Contas, Livramento de Nossa Senhora e Dom Bas\u00edlio sente impacto direto da recupera\u00e7\u00e3o. O reservat\u00f3rio \u00e9 a principal fonte h\u00eddrica da regi\u00e3o e sua eleva\u00e7\u00e3o reduz riscos de racionamento, al\u00e9m de refor\u00e7ar a seguran\u00e7a no fornecimento de \u00e1gua para milhares de fam\u00edlias. Import\u00e2ncia do manancial tamb\u00e9m se reflete na economia local. A barragem sustenta projetos de irriga\u00e7\u00e3o fundamentais para a fruticultura regional, com destaque para o cultivo de manga e maracuj\u00e1, atividades que sofreram perdas significativas durante a estiagem prolongada. Capacidade original do a\u00e7ude era de 105 milh\u00f5es de metros c\u00fabicos, mas o assoreamento reduziu o volume m\u00e1ximo para cerca de 99,3 milh\u00f5es. Mesmo assim, t\u00e9cnicos avaliam que o crescimento recente \u00e9 expressivo e sinaliza um processo gradual de recupera\u00e7\u00e3o h\u00eddrica. Previs\u00e3o do tempo indica continuidade das chuvas nos pr\u00f3ximos dias na Chapada Diamantina. A expectativa \u00e9 de que o n\u00edvel da Barragem Luiz Vieira siga em eleva\u00e7\u00e3o, renovando a esperan\u00e7a de moradores e produtores ap\u00f3s meses de apreens\u00e3o.<\/p>\n","protected":false},"author":4,"featured_media":2405,"comment_status":"open","ping_status":"open","sticky":false,"template":"","format":"standard","meta":{"footnotes":""},"categories":[4,63,62],"tags":[],"class_list":["post-5430","post","type-post","status-publish","format-standard","has-post-thumbnail","hentry","category-cidades","category-dom-basilio","category-rio-de-contas"],"yoast_head":"<!-- This site is optimized with the Yoast SEO plugin v26.5 - https:\/\/yoast.com\/wordpress\/plugins\/seo\/ -->\n<title>Chuvas devolvem esperan\u00e7a e Barragem Luiz Vieira ultrapassa 31% em Rio de Contas - Sudoesteacontece<\/title>\n<meta name=\"robots\" content=\"index, follow, max-snippet:-1, max-image-preview:large, max-video-preview:-1\" \/>\n<link rel=\"canonical\" href=\"https:\/\/sudoesteacontece.com.br\/?p=5430\" \/>\n<meta property=\"og:locale\" content=\"pt_BR\" \/>\n<meta property=\"og:type\" content=\"article\" \/>\n<meta property=\"og:title\" content=\"Chuvas devolvem esperan\u00e7a e Barragem Luiz Vieira ultrapassa 31% em Rio de Contas - Sudoesteacontece\" \/>\n<meta property=\"og:description\" content=\"Volume da Barragem Luiz Vieira, em Rio de Contas, voltou a crescer e superou 31% da capacidade neste domingo (4). O reservat\u00f3rio, conhecido como A\u00e7ude Brumado, chegou a 31,67%, com cerca de 31,4 milh\u00f5es de metros c\u00fabicos de \u00e1gua, ap\u00f3s semanas seguidas de chuvas na Chapada Diamantina, trazendo al\u00edvio ap\u00f3s longo per\u00edodo de estiagem. Dados divulgados pela Associa\u00e7\u00e3o do Distrito Irrigado do Brumado (ADIB), apontam que a cota do a\u00e7ude alcan\u00e7ou 1.014,59 metros. O avan\u00e7o mais consistente come\u00e7ou no fim de outubro e ganhou ritmo em novembro e dezembro, quando o n\u00edvel saiu de cerca de 20%, cen\u00e1rio que preocupava moradores e produtores rurais da regi\u00e3o. Abastecimento das cidades de Rio de Contas, Livramento de Nossa Senhora e Dom Bas\u00edlio sente impacto direto da recupera\u00e7\u00e3o. O reservat\u00f3rio \u00e9 a principal fonte h\u00eddrica da regi\u00e3o e sua eleva\u00e7\u00e3o reduz riscos de racionamento, al\u00e9m de refor\u00e7ar a seguran\u00e7a no fornecimento de \u00e1gua para milhares de fam\u00edlias. Import\u00e2ncia do manancial tamb\u00e9m se reflete na economia local. A barragem sustenta projetos de irriga\u00e7\u00e3o fundamentais para a fruticultura regional, com destaque para o cultivo de manga e maracuj\u00e1, atividades que sofreram perdas significativas durante a estiagem prolongada. Capacidade original do a\u00e7ude era de 105 milh\u00f5es de metros c\u00fabicos, mas o assoreamento reduziu o volume m\u00e1ximo para cerca de 99,3 milh\u00f5es. Mesmo assim, t\u00e9cnicos avaliam que o crescimento recente \u00e9 expressivo e sinaliza um processo gradual de recupera\u00e7\u00e3o h\u00eddrica. Previs\u00e3o do tempo indica continuidade das chuvas nos pr\u00f3ximos dias na Chapada Diamantina. A expectativa \u00e9 de que o n\u00edvel da Barragem Luiz Vieira siga em eleva\u00e7\u00e3o, renovando a esperan\u00e7a de moradores e produtores ap\u00f3s meses de apreens\u00e3o.\" \/>\n<meta property=\"og:url\" content=\"https:\/\/sudoesteacontece.com.br\/?p=5430\" \/>\n<meta property=\"og:site_name\" content=\"Sudoesteacontece\" \/>\n<meta property=\"article:publisher\" content=\"https:\/\/www.facebook.com\/sudoesteacontece\/?locale=pt_BR\" \/>\n<meta property=\"article:published_time\" content=\"2026-01-05T14:37:36+00:00\" \/>\n<meta property=\"article:modified_time\" content=\"2026-01-05T14:37:38+00:00\" \/>\n<meta property=\"og:image\" content=\"https:\/\/sudoesteacontece.com.br\/wp-content\/uploads\/2025\/11\/Barragem-Luiz-Vieira-ganha-novo-folego-e-acumula-mais-de-1-milhao-de-m\u00b3-em-apenas-dois-dias-sudoeste-acontece.jpg\" \/>\n\t<meta property=\"og:image:width\" content=\"1000\" \/>\n\t<meta property=\"og:image:height\" content=\"750\" \/>\n\t<meta property=\"og:image:type\" content=\"image\/jpeg\" \/>\n<meta name=\"author\" content=\"Reda\u00e7\u00e3o\" \/>\n<meta name=\"twitter:card\" content=\"summary_large_image\" \/>\n<meta name=\"twitter:label1\" content=\"Escrito por\" \/>\n\t<meta name=\"twitter:data1\" content=\"Reda\u00e7\u00e3o\" \/>\n\t<meta name=\"twitter:label2\" content=\"Est. tempo de leitura\" \/>\n\t<meta name=\"twitter:data2\" content=\"2 minutos\" \/>\n<script type=\"application\/ld+json\" class=\"yoast-schema-graph\">{\"@context\":\"https:\/\/schema.org\",\"@graph\":[{\"@type\":\"Article\",\"@id\":\"https:\/\/sudoesteacontece.com.br\/?p=5430#article\",\"isPartOf\":{\"@id\":\"https:\/\/sudoesteacontece.com.br\/?p=5430\"},\"author\":{\"name\":\"Reda\u00e7\u00e3o\",\"@id\":\"https:\/\/sudoesteacontece.com.br\/#\/schema\/person\/a4f22429c1d0923ef8f7d43343f8dc38\"},\"headline\":\"Chuvas devolvem esperan\u00e7a e Barragem Luiz Vieira ultrapassa 31% em Rio de Contas\",\"datePublished\":\"2026-01-05T14:37:36+00:00\",\"dateModified\":\"2026-01-05T14:37:38+00:00\",\"mainEntityOfPage\":{\"@id\":\"https:\/\/sudoesteacontece.com.br\/?p=5430\"},\"wordCount\":317,\"commentCount\":0,\"publisher\":{\"@id\":\"https:\/\/sudoesteacontece.com.br\/#organization\"},\"image\":{\"@id\":\"https:\/\/sudoesteacontece.com.br\/?p=5430#primaryimage\"},\"thumbnailUrl\":\"https:\/\/sudoesteacontece.com.br\/wp-content\/uploads\/2025\/11\/Barragem-Luiz-Vieira-ganha-novo-folego-e-acumula-mais-de-1-milhao-de-m\u00b3-em-apenas-dois-dias-sudoeste-acontece.jpg\",\"articleSection\":[\"Cidades\",\"Dom Bas\u00edlio\",\"Rio de Contas\"],\"inLanguage\":\"pt-BR\",\"potentialAction\":[{\"@type\":\"CommentAction\",\"name\":\"Comment\",\"target\":[\"https:\/\/sudoesteacontece.com.br\/?p=5430#respond\"]}]},{\"@type\":\"WebPage\",\"@id\":\"https:\/\/sudoesteacontece.com.br\/?p=5430\",\"url\":\"https:\/\/sudoesteacontece.com.br\/?p=5430\",\"name\":\"Chuvas devolvem esperan\u00e7a e Barragem Luiz Vieira ultrapassa 31% em Rio de Contas - Sudoesteacontece\",\"isPartOf\":{\"@id\":\"https:\/\/sudoesteacontece.com.br\/#website\"},\"primaryImageOfPage\":{\"@id\":\"https:\/\/sudoesteacontece.com.br\/?p=5430#primaryimage\"},\"image\":{\"@id\":\"https:\/\/sudoesteacontece.com.br\/?p=5430#primaryimage\"},\"thumbnailUrl\":\"https:\/\/sudoesteacontece.com.br\/wp-content\/uploads\/2025\/11\/Barragem-Luiz-Vieira-ganha-novo-folego-e-acumula-mais-de-1-milhao-de-m\u00b3-em-apenas-dois-dias-sudoeste-acontece.jpg\",\"datePublished\":\"2026-01-05T14:37:36+00:00\",\"dateModified\":\"2026-01-05T14:37:38+00:00\",\"breadcrumb\":{\"@id\":\"https:\/\/sudoesteacontece.com.br\/?p=5430#breadcrumb\"},\"inLanguage\":\"pt-BR\",\"potentialAction\":[{\"@type\":\"ReadAction\",\"target\":[\"https:\/\/sudoesteacontece.com.br\/?p=5430\"]}]},{\"@type\":\"ImageObject\",\"inLanguage\":\"pt-BR\",\"@id\":\"https:\/\/sudoesteacontece.com.br\/?p=5430#primaryimage\",\"url\":\"https:\/\/sudoesteacontece.com.br\/wp-content\/uploads\/2025\/11\/Barragem-Luiz-Vieira-ganha-novo-folego-e-acumula-mais-de-1-milhao-de-m\u00b3-em-apenas-dois-dias-sudoeste-acontece.jpg\",\"contentUrl\":\"https:\/\/sudoesteacontece.com.br\/wp-content\/uploads\/2025\/11\/Barragem-Luiz-Vieira-ganha-novo-folego-e-acumula-mais-de-1-milhao-de-m\u00b3-em-apenas-dois-dias-sudoeste-acontece.jpg\",\"width\":1000,\"height\":750},{\"@type\":\"BreadcrumbList\",\"@id\":\"https:\/\/sudoesteacontece.com.br\/?p=5430#breadcrumb\",\"itemListElement\":[{\"@type\":\"ListItem\",\"position\":1,\"name\":\"In\u00edcio\",\"item\":\"https:\/\/sudoesteacontece.com.br\/\"},{\"@type\":\"ListItem\",\"position\":2,\"name\":\"Chuvas devolvem esperan\u00e7a e Barragem Luiz Vieira ultrapassa 31% em Rio de Contas\"}]},{\"@type\":\"WebSite\",\"@id\":\"https:\/\/sudoesteacontece.com.br\/#website\",\"url\":\"https:\/\/sudoesteacontece.com.br\/\",\"name\":\"Sudoesteacontece\",\"description\":\"\",\"publisher\":{\"@id\":\"https:\/\/sudoesteacontece.com.br\/#organization\"},\"potentialAction\":[{\"@type\":\"SearchAction\",\"target\":{\"@type\":\"EntryPoint\",\"urlTemplate\":\"https:\/\/sudoesteacontece.com.br\/?s={search_term_string}\"},\"query-input\":{\"@type\":\"PropertyValueSpecification\",\"valueRequired\":true,\"valueName\":\"search_term_string\"}}],\"inLanguage\":\"pt-BR\"},{\"@type\":\"Organization\",\"@id\":\"https:\/\/sudoesteacontece.com.br\/#organization\",\"name\":\"Sudoesteacontece\",\"url\":\"https:\/\/sudoesteacontece.com.br\/\",\"logo\":{\"@type\":\"ImageObject\",\"inLanguage\":\"pt-BR\",\"@id\":\"https:\/\/sudoesteacontece.com.br\/#\/schema\/logo\/image\/\",\"url\":\"https:\/\/sudoesteacontece.com.br\/wp-content\/uploads\/2025\/12\/cropped-logo-2-180x180-1.png\",\"contentUrl\":\"https:\/\/sudoesteacontece.com.br\/wp-content\/uploads\/2025\/12\/cropped-logo-2-180x180-1.png\",\"width\":180,\"height\":180,\"caption\":\"Sudoesteacontece\"},\"image\":{\"@id\":\"https:\/\/sudoesteacontece.com.br\/#\/schema\/logo\/image\/\"},\"sameAs\":[\"https:\/\/www.facebook.com\/sudoesteacontece\/?locale=pt_BR\"]},{\"@type\":\"Person\",\"@id\":\"https:\/\/sudoesteacontece.com.br\/#\/schema\/person\/a4f22429c1d0923ef8f7d43343f8dc38\",\"name\":\"Reda\u00e7\u00e3o\",\"image\":{\"@type\":\"ImageObject\",\"inLanguage\":\"pt-BR\",\"@id\":\"https:\/\/sudoesteacontece.com.br\/#\/schema\/person\/image\/\",\"url\":\"https:\/\/secure.gravatar.com\/avatar\/c3a5b3c93f268a709c25a2df414c629a96fb3b1b4bf97a94fb3f72e54ae76903?s=96&d=mm&r=g\",\"contentUrl\":\"https:\/\/secure.gravatar.com\/avatar\/c3a5b3c93f268a709c25a2df414c629a96fb3b1b4bf97a94fb3f72e54ae76903?s=96&d=mm&r=g\",\"caption\":\"Reda\u00e7\u00e3o\"},\"url\":\"https:\/\/sudoesteacontece.com.br\/?author=4\"}]}<\/script>\n<!-- \/ Yoast SEO plugin. -->","yoast_head_json":{"title":"Chuvas devolvem esperan\u00e7a e Barragem Luiz Vieira ultrapassa 31% em Rio de Contas - Sudoesteacontece","robots":{"index":"index","follow":"follow","max-snippet":"max-snippet:-1","max-image-preview":"max-image-preview:large","max-video-preview":"max-video-preview:-1"},"canonical":"https:\/\/sudoesteacontece.com.br\/?p=5430","og_locale":"pt_BR","og_type":"article","og_title":"Chuvas devolvem esperan\u00e7a e Barragem Luiz Vieira ultrapassa 31% em Rio de Contas - Sudoesteacontece","og_description":"Volume da Barragem Luiz Vieira, em Rio de Contas, voltou a crescer e superou 31% da capacidade neste domingo (4). O reservat\u00f3rio, conhecido como A\u00e7ude Brumado, chegou a 31,67%, com cerca de 31,4 milh\u00f5es de metros c\u00fabicos de \u00e1gua, ap\u00f3s semanas seguidas de chuvas na Chapada Diamantina, trazendo al\u00edvio ap\u00f3s longo per\u00edodo de estiagem. Dados divulgados pela Associa\u00e7\u00e3o do Distrito Irrigado do Brumado (ADIB), apontam que a cota do a\u00e7ude alcan\u00e7ou 1.014,59 metros. O avan\u00e7o mais consistente come\u00e7ou no fim de outubro e ganhou ritmo em novembro e dezembro, quando o n\u00edvel saiu de cerca de 20%, cen\u00e1rio que preocupava moradores e produtores rurais da regi\u00e3o. Abastecimento das cidades de Rio de Contas, Livramento de Nossa Senhora e Dom Bas\u00edlio sente impacto direto da recupera\u00e7\u00e3o. O reservat\u00f3rio \u00e9 a principal fonte h\u00eddrica da regi\u00e3o e sua eleva\u00e7\u00e3o reduz riscos de racionamento, al\u00e9m de refor\u00e7ar a seguran\u00e7a no fornecimento de \u00e1gua para milhares de fam\u00edlias. Import\u00e2ncia do manancial tamb\u00e9m se reflete na economia local. A barragem sustenta projetos de irriga\u00e7\u00e3o fundamentais para a fruticultura regional, com destaque para o cultivo de manga e maracuj\u00e1, atividades que sofreram perdas significativas durante a estiagem prolongada. Capacidade original do a\u00e7ude era de 105 milh\u00f5es de metros c\u00fabicos, mas o assoreamento reduziu o volume m\u00e1ximo para cerca de 99,3 milh\u00f5es. Mesmo assim, t\u00e9cnicos avaliam que o crescimento recente \u00e9 expressivo e sinaliza um processo gradual de recupera\u00e7\u00e3o h\u00eddrica. Previs\u00e3o do tempo indica continuidade das chuvas nos pr\u00f3ximos dias na Chapada Diamantina. A expectativa \u00e9 de que o n\u00edvel da Barragem Luiz Vieira siga em eleva\u00e7\u00e3o, renovando a esperan\u00e7a de moradores e produtores ap\u00f3s meses de apreens\u00e3o.","og_url":"https:\/\/sudoesteacontece.com.br\/?p=5430","og_site_name":"Sudoesteacontece","article_publisher":"https:\/\/www.facebook.com\/sudoesteacontece\/?locale=pt_BR","article_published_time":"2026-01-05T14:37:36+00:00","article_modified_time":"2026-01-05T14:37:38+00:00","og_image":[{"width":1000,"height":750,"url":"https:\/\/sudoesteacontece.com.br\/wp-content\/uploads\/2025\/11\/Barragem-Luiz-Vieira-ganha-novo-folego-e-acumula-mais-de-1-milhao-de-m\u00b3-em-apenas-dois-dias-sudoeste-acontece.jpg","type":"image\/jpeg"}],"author":"Reda\u00e7\u00e3o","twitter_card":"summary_large_image","twitter_misc":{"Escrito por":"Reda\u00e7\u00e3o","Est. tempo de leitura":"2 minutos"},"schema":{"@context":"https:\/\/schema.org","@graph":[{"@type":"Article","@id":"https:\/\/sudoesteacontece.com.br\/?p=5430#article","isPartOf":{"@id":"https:\/\/sudoesteacontece.com.br\/?p=5430"},"author":{"name":"Reda\u00e7\u00e3o","@id":"https:\/\/sudoesteacontece.com.br\/#\/schema\/person\/a4f22429c1d0923ef8f7d43343f8dc38"},"headline":"Chuvas devolvem esperan\u00e7a e Barragem Luiz Vieira ultrapassa 31% em Rio de Contas","datePublished":"2026-01-05T14:37:36+00:00","dateModified":"2026-01-05T14:37:38+00:00","mainEntityOfPage":{"@id":"https:\/\/sudoesteacontece.com.br\/?p=5430"},"wordCount":317,"commentCount":0,"publisher":{"@id":"https:\/\/sudoesteacontece.com.br\/#organization"},"image":{"@id":"https:\/\/sudoesteacontece.com.br\/?p=5430#primaryimage"},"thumbnailUrl":"https:\/\/sudoesteacontece.com.br\/wp-content\/uploads\/2025\/11\/Barragem-Luiz-Vieira-ganha-novo-folego-e-acumula-mais-de-1-milhao-de-m\u00b3-em-apenas-dois-dias-sudoeste-acontece.jpg","articleSection":["Cidades","Dom Bas\u00edlio","Rio de Contas"],"inLanguage":"pt-BR","potentialAction":[{"@type":"CommentAction","name":"Comment","target":["https:\/\/sudoesteacontece.com.br\/?p=5430#respond"]}]},{"@type":"WebPage","@id":"https:\/\/sudoesteacontece.com.br\/?p=5430","url":"https:\/\/sudoesteacontece.com.br\/?p=5430","name":"Chuvas devolvem esperan\u00e7a e Barragem Luiz Vieira ultrapassa 31% em Rio de Contas - Sudoesteacontece","isPartOf":{"@id":"https:\/\/sudoesteacontece.com.br\/#website"},"primaryImageOfPage":{"@id":"https:\/\/sudoesteacontece.com.br\/?p=5430#primaryimage"},"image":{"@id":"https:\/\/sudoesteacontece.com.br\/?p=5430#primaryimage"},"thumbnailUrl":"https:\/\/sudoesteacontece.com.br\/wp-content\/uploads\/2025\/11\/Barragem-Luiz-Vieira-ganha-novo-folego-e-acumula-mais-de-1-milhao-de-m\u00b3-em-apenas-dois-dias-sudoeste-acontece.jpg","datePublished":"2026-01-05T14:37:36+00:00","dateModified":"2026-01-05T14:37:38+00:00","breadcrumb":{"@id":"https:\/\/sudoesteacontece.com.br\/?p=5430#breadcrumb"},"inLanguage":"pt-BR","potentialAction":[{"@type":"ReadAction","target":["https:\/\/sudoesteacontece.com.br\/?p=5430"]}]},{"@type":"ImageObject","inLanguage":"pt-BR","@id":"https:\/\/sudoesteacontece.com.br\/?p=5430#primaryimage","url":"https:\/\/sudoesteacontece.com.br\/wp-content\/uploads\/2025\/11\/Barragem-Luiz-Vieira-ganha-novo-folego-e-acumula-mais-de-1-milhao-de-m\u00b3-em-apenas-dois-dias-sudoeste-acontece.jpg","contentUrl":"https:\/\/sudoesteacontece.com.br\/wp-content\/uploads\/2025\/11\/Barragem-Luiz-Vieira-ganha-novo-folego-e-acumula-mais-de-1-milhao-de-m\u00b3-em-apenas-dois-dias-sudoeste-acontece.jpg","width":1000,"height":750},{"@type":"BreadcrumbList","@id":"https:\/\/sudoesteacontece.com.br\/?p=5430#breadcrumb","itemListElement":[{"@type":"ListItem","position":1,"name":"In\u00edcio","item":"https:\/\/sudoesteacontece.com.br\/"},{"@type":"ListItem","position":2,"name":"Chuvas devolvem esperan\u00e7a e Barragem Luiz Vieira ultrapassa 31% em Rio de Contas"}]},{"@type":"WebSite","@id":"https:\/\/sudoesteacontece.com.br\/#website","url":"https:\/\/sudoesteacontece.com.br\/","name":"Sudoesteacontece","description":"","publisher":{"@id":"https:\/\/sudoesteacontece.com.br\/#organization"},"potentialAction":[{"@type":"SearchAction","target":{"@type":"EntryPoint","urlTemplate":"https:\/\/sudoesteacontece.com.br\/?s={search_term_string}"},"query-input":{"@type":"PropertyValueSpecification","valueRequired":true,"valueName":"search_term_string"}}],"inLanguage":"pt-BR"},{"@type":"Organization","@id":"https:\/\/sudoesteacontece.com.br\/#organization","name":"Sudoesteacontece","url":"https:\/\/sudoesteacontece.com.br\/","logo":{"@type":"ImageObject","inLanguage":"pt-BR","@id":"https:\/\/sudoesteacontece.com.br\/#\/schema\/logo\/image\/","url":"https:\/\/sudoesteacontece.com.br\/wp-content\/uploads\/2025\/12\/cropped-logo-2-180x180-1.png","contentUrl":"https:\/\/sudoesteacontece.com.br\/wp-content\/uploads\/2025\/12\/cropped-logo-2-180x180-1.png","width":180,"height":180,"caption":"Sudoesteacontece"},"image":{"@id":"https:\/\/sudoesteacontece.com.br\/#\/schema\/logo\/image\/"},"sameAs":["https:\/\/www.facebook.com\/sudoesteacontece\/?locale=pt_BR"]},{"@type":"Person","@id":"https:\/\/sudoesteacontece.com.br\/#\/schema\/person\/a4f22429c1d0923ef8f7d43343f8dc38","name":"Reda\u00e7\u00e3o","image":{"@type":"ImageObject","inLanguage":"pt-BR","@id":"https:\/\/sudoesteacontece.com.br\/#\/schema\/person\/image\/","url":"https:\/\/secure.gravatar.com\/avatar\/c3a5b3c93f268a709c25a2df414c629a96fb3b1b4bf97a94fb3f72e54ae76903?s=96&d=mm&r=g","contentUrl":"https:\/\/secure.gravatar.com\/avatar\/c3a5b3c93f268a709c25a2df414c629a96fb3b1b4bf97a94fb3f72e54ae76903?s=96&d=mm&r=g","caption":"Reda\u00e7\u00e3o"},"url":"https:\/\/sudoesteacontece.com.br\/?author=4"}]}},"_links":{"self":[{"href":"https:\/\/sudoesteacontece.com.br\/index.php?rest_route=\/wp\/v2\/posts\/5430","targetHints":{"allow":["GET"]}}],"collection":[{"href":"https:\/\/sudoesteacontece.com.br\/index.php?rest_route=\/wp\/v2\/posts"}],"about":[{"href":"https:\/\/sudoesteacontece.com.br\/index.php?rest_route=\/wp\/v2\/types\/post"}],"author":[{"embeddable":true,"href":"https:\/\/sudoesteacontece.com.br\/index.php?rest_route=\/wp\/v2\/users\/4"}],"replies":[{"embeddable":true,"href":"https:\/\/sudoesteacontece.com.br\/index.php?rest_route=%2Fwp%2Fv2%2Fcomments&post=5430"}],"version-history":[{"count":0,"href":"https:\/\/sudoesteacontece.com.br\/index.php?rest_route=\/wp\/v2\/posts\/5430\/revisions"}],"wp:featuredmedia":[{"embeddable":true,"href":"https:\/\/sudoesteacontece.com.br\/index.php?rest_route=\/wp\/v2\/media\/2405"}],"wp:attachment":[{"href":"https:\/\/sudoesteacontece.com.br\/index.php?rest_route=%2Fwp%2Fv2%2Fmedia&parent=5430"}],"wp:term":[{"taxonomy":"category","embeddable":true,"href":"https:\/\/sudoesteacontece.com.br\/index.php?rest_route=%2Fwp%2Fv2%2Fcategories&post=5430"},{"taxonomy":"post_tag","embeddable":true,"href":"https:\/\/sudoesteacontece.com.br\/index.php?rest_route=%2Fwp%2Fv2%2Ftags&post=5430"}],"curies":[{"name":"wp","href":"https:\/\/api.w.org\/{rel}","templated":true}]}}