{"id":5431,"date":"2026-01-05T11:33:10","date_gmt":"2026-01-05T14:33:10","guid":{"rendered":"https:\/\/sudoesteacontece.com.br\/?p=5431"},"modified":"2026-01-05T11:33:12","modified_gmt":"2026-01-05T14:33:12","slug":"execucao-a-luz-do-dia-mecanico-de-18-anos-e-morto-a-tiros-enquanto-trabalhava-em-eunapolis","status":"publish","type":"post","link":"https:\/\/sudoesteacontece.com.br\/?p=5431","title":{"rendered":"Execu\u00e7\u00e3o \u00e0 luz do dia: mec\u00e2nico de 18 anos \u00e9 morto a tiros enquanto trabalhava em Eun\u00e1polis"},"content":{"rendered":"<div class=\"wp-block-image\">\n<figure class=\"aligncenter size-full\"><img fetchpriority=\"high\" decoding=\"async\" width=\"900\" height=\"600\" src=\"http:\/\/sudoesteacontece.com.br\/wp-content\/uploads\/2026\/01\/Execucao-a-luz-do-dia-mecanico-de-18-anos-e-morto-a-tiros-enquanto-trabalhava-em-Eunapolis-sudoeste-acontece.jpg\" alt=\"\" class=\"wp-image-5432\" srcset=\"https:\/\/sudoesteacontece.com.br\/wp-content\/uploads\/2026\/01\/Execucao-a-luz-do-dia-mecanico-de-18-anos-e-morto-a-tiros-enquanto-trabalhava-em-Eunapolis-sudoeste-acontece.jpg 900w, https:\/\/sudoesteacontece.com.br\/wp-content\/uploads\/2026\/01\/Execucao-a-luz-do-dia-mecanico-de-18-anos-e-morto-a-tiros-enquanto-trabalhava-em-Eunapolis-sudoeste-acontece-300x200.jpg 300w, https:\/\/sudoesteacontece.com.br\/wp-content\/uploads\/2026\/01\/Execucao-a-luz-do-dia-mecanico-de-18-anos-e-morto-a-tiros-enquanto-trabalhava-em-Eunapolis-sudoeste-acontece-768x512.jpg 768w\" sizes=\"(max-width: 900px) 100vw, 900px\" \/><\/figure>\n<\/div>\n\n\n<p>Viol\u00eancia chocou moradores da Avenida Lu\u00eds Eduardo Magalh\u00e3es na manh\u00e3 desta segunda-feira (5). Um jovem mec\u00e2nico, de apenas 18 anos, foi assassinado a tiros dentro de uma oficina de amortecedores, enquanto exercia sua rotina de trabalho. O crime ocorreu em plena atividade comercial e causou p\u00e2nico e como\u00e7\u00e3o entre clientes e comerciantes da regi\u00e3o.<\/p>\n\n\n\n<p>Segundo a apura\u00e7\u00e3o inicial da pol\u00edcia, dois homens chegaram ao local em uma motocicleta vermelha. A dupla desceu do ve\u00edculo, entrou pela parte frontal da mec\u00e2nica e, sem anunciar qualquer a\u00e7\u00e3o, efetuou v\u00e1rios disparos de arma de fogo contra a v\u00edtima, que n\u00e3o teve chance de defesa e foi atingida a curta dist\u00e2ncia.<\/p>\n\n\n\n<p>Ainda conforme as informa\u00e7\u00f5es, o jovem caiu no interior do estabelecimento e morreu antes de receber socorro. Ap\u00f3s a execu\u00e7\u00e3o, os suspeitos fugiram rapidamente, tomando destino desconhecido. A a\u00e7\u00e3o foi r\u00e1pida, precisa e refor\u00e7a caracter\u00edsticas de crime com poss\u00edvel execu\u00e7\u00e3o premeditada, segundo avalia\u00e7\u00e3o preliminar.<\/p>\n\n\n\n<p>Equipes da Pol\u00edcia Militar isolaram a \u00e1rea logo ap\u00f3s o ataque e acionaram o Departamento de Pol\u00edcia T\u00e9cnica. Peritos realizaram os levantamentos no local e encaminharam o corpo para o Instituto M\u00e9dico Legal. A Pol\u00edcia Civil abriu inqu\u00e9rito para investigar autoria e motiva\u00e7\u00e3o do homic\u00eddio.<\/p>\n\n\n\n<p>At\u00e9 a \u00faltima atualiza\u00e7\u00e3o, ningu\u00e9m havia sido preso. A pol\u00edcia pede que informa\u00e7\u00f5es que possam ajudar na identifica\u00e7\u00e3o dos autores sejam repassadas de forma an\u00f4nima. O crime amplia a sensa\u00e7\u00e3o de inseguran\u00e7a e reacende o alerta sobre a viol\u00eancia letal que atinge jovens trabalhadores na cidade.<\/p>\n","protected":false},"excerpt":{"rendered":"<p>Viol\u00eancia chocou moradores da Avenida Lu\u00eds Eduardo Magalh\u00e3es na manh\u00e3 desta segunda-feira (5). Um jovem mec\u00e2nico, de apenas 18 anos, foi assassinado a tiros dentro de uma oficina de amortecedores, enquanto exercia sua rotina de trabalho. O crime ocorreu em plena atividade comercial e causou p\u00e2nico e como\u00e7\u00e3o entre clientes e comerciantes da regi\u00e3o. Segundo a apura\u00e7\u00e3o inicial da pol\u00edcia, dois homens chegaram ao local em uma motocicleta vermelha. A dupla desceu do ve\u00edculo, entrou pela parte frontal da mec\u00e2nica e, sem anunciar qualquer a\u00e7\u00e3o, efetuou v\u00e1rios disparos de arma de fogo contra a v\u00edtima, que n\u00e3o teve chance de defesa e foi atingida a curta dist\u00e2ncia. Ainda conforme as informa\u00e7\u00f5es, o jovem caiu no interior do estabelecimento e morreu antes de receber socorro. Ap\u00f3s a execu\u00e7\u00e3o, os suspeitos fugiram rapidamente, tomando destino desconhecido. A a\u00e7\u00e3o foi r\u00e1pida, precisa e refor\u00e7a caracter\u00edsticas de crime com poss\u00edvel execu\u00e7\u00e3o premeditada, segundo avalia\u00e7\u00e3o preliminar. Equipes da Pol\u00edcia Militar isolaram a \u00e1rea logo ap\u00f3s o ataque e acionaram o Departamento de Pol\u00edcia T\u00e9cnica. Peritos realizaram os levantamentos no local e encaminharam o corpo para o Instituto M\u00e9dico Legal. A Pol\u00edcia Civil abriu inqu\u00e9rito para investigar autoria e motiva\u00e7\u00e3o do homic\u00eddio. At\u00e9 a \u00faltima atualiza\u00e7\u00e3o, ningu\u00e9m havia sido preso. A pol\u00edcia pede que informa\u00e7\u00f5es que possam ajudar na identifica\u00e7\u00e3o dos autores sejam repassadas de forma an\u00f4nima. O crime amplia a sensa\u00e7\u00e3o de inseguran\u00e7a e reacende o alerta sobre a viol\u00eancia letal que atinge jovens trabalhadores na cidade.<\/p>\n","protected":false},"author":4,"featured_media":5432,"comment_status":"open","ping_status":"open","sticky":false,"template":"","format":"standard","meta":{"footnotes":""},"categories":[3],"tags":[],"class_list":["post-5431","post","type-post","status-publish","format-standard","has-post-thumbnail","hentry","category-policia"],"yoast_head":"<!-- This site is optimized with the Yoast SEO plugin v26.5 - https:\/\/yoast.com\/wordpress\/plugins\/seo\/ -->\n<title>Execu\u00e7\u00e3o \u00e0 luz do dia: mec\u00e2nico de 18 anos \u00e9 morto a tiros enquanto trabalhava em Eun\u00e1polis - Sudoesteacontece<\/title>\n<meta name=\"robots\" content=\"index, follow, max-snippet:-1, max-image-preview:large, max-video-preview:-1\" \/>\n<link rel=\"canonical\" href=\"https:\/\/sudoesteacontece.com.br\/?p=5431\" \/>\n<meta property=\"og:locale\" content=\"pt_BR\" \/>\n<meta property=\"og:type\" content=\"article\" \/>\n<meta property=\"og:title\" content=\"Execu\u00e7\u00e3o \u00e0 luz do dia: mec\u00e2nico de 18 anos \u00e9 morto a tiros enquanto trabalhava em Eun\u00e1polis - Sudoesteacontece\" \/>\n<meta property=\"og:description\" content=\"Viol\u00eancia chocou moradores da Avenida Lu\u00eds Eduardo Magalh\u00e3es na manh\u00e3 desta segunda-feira (5). Um jovem mec\u00e2nico, de apenas 18 anos, foi assassinado a tiros dentro de uma oficina de amortecedores, enquanto exercia sua rotina de trabalho. O crime ocorreu em plena atividade comercial e causou p\u00e2nico e como\u00e7\u00e3o entre clientes e comerciantes da regi\u00e3o. Segundo a apura\u00e7\u00e3o inicial da pol\u00edcia, dois homens chegaram ao local em uma motocicleta vermelha. A dupla desceu do ve\u00edculo, entrou pela parte frontal da mec\u00e2nica e, sem anunciar qualquer a\u00e7\u00e3o, efetuou v\u00e1rios disparos de arma de fogo contra a v\u00edtima, que n\u00e3o teve chance de defesa e foi atingida a curta dist\u00e2ncia. Ainda conforme as informa\u00e7\u00f5es, o jovem caiu no interior do estabelecimento e morreu antes de receber socorro. Ap\u00f3s a execu\u00e7\u00e3o, os suspeitos fugiram rapidamente, tomando destino desconhecido. A a\u00e7\u00e3o foi r\u00e1pida, precisa e refor\u00e7a caracter\u00edsticas de crime com poss\u00edvel execu\u00e7\u00e3o premeditada, segundo avalia\u00e7\u00e3o preliminar. Equipes da Pol\u00edcia Militar isolaram a \u00e1rea logo ap\u00f3s o ataque e acionaram o Departamento de Pol\u00edcia T\u00e9cnica. Peritos realizaram os levantamentos no local e encaminharam o corpo para o Instituto M\u00e9dico Legal. A Pol\u00edcia Civil abriu inqu\u00e9rito para investigar autoria e motiva\u00e7\u00e3o do homic\u00eddio. At\u00e9 a \u00faltima atualiza\u00e7\u00e3o, ningu\u00e9m havia sido preso. A pol\u00edcia pede que informa\u00e7\u00f5es que possam ajudar na identifica\u00e7\u00e3o dos autores sejam repassadas de forma an\u00f4nima. O crime amplia a sensa\u00e7\u00e3o de inseguran\u00e7a e reacende o alerta sobre a viol\u00eancia letal que atinge jovens trabalhadores na cidade.\" \/>\n<meta property=\"og:url\" content=\"https:\/\/sudoesteacontece.com.br\/?p=5431\" \/>\n<meta property=\"og:site_name\" content=\"Sudoesteacontece\" \/>\n<meta property=\"article:publisher\" content=\"https:\/\/www.facebook.com\/sudoesteacontece\/?locale=pt_BR\" \/>\n<meta property=\"article:published_time\" content=\"2026-01-05T14:33:10+00:00\" \/>\n<meta property=\"article:modified_time\" content=\"2026-01-05T14:33:12+00:00\" \/>\n<meta property=\"og:image\" content=\"https:\/\/sudoesteacontece.com.br\/wp-content\/uploads\/2026\/01\/Execucao-a-luz-do-dia-mecanico-de-18-anos-e-morto-a-tiros-enquanto-trabalhava-em-Eunapolis-sudoeste-acontece.jpg\" \/>\n\t<meta property=\"og:image:width\" content=\"900\" \/>\n\t<meta property=\"og:image:height\" content=\"600\" \/>\n\t<meta property=\"og:image:type\" content=\"image\/jpeg\" \/>\n<meta name=\"author\" content=\"Reda\u00e7\u00e3o\" \/>\n<meta name=\"twitter:card\" content=\"summary_large_image\" \/>\n<meta name=\"twitter:label1\" content=\"Escrito por\" \/>\n\t<meta name=\"twitter:data1\" content=\"Reda\u00e7\u00e3o\" \/>\n\t<meta name=\"twitter:label2\" content=\"Est. tempo de leitura\" \/>\n\t<meta name=\"twitter:data2\" content=\"2 minutos\" \/>\n<script type=\"application\/ld+json\" class=\"yoast-schema-graph\">{\"@context\":\"https:\/\/schema.org\",\"@graph\":[{\"@type\":\"Article\",\"@id\":\"https:\/\/sudoesteacontece.com.br\/?p=5431#article\",\"isPartOf\":{\"@id\":\"https:\/\/sudoesteacontece.com.br\/?p=5431\"},\"author\":{\"name\":\"Reda\u00e7\u00e3o\",\"@id\":\"https:\/\/sudoesteacontece.com.br\/#\/schema\/person\/a4f22429c1d0923ef8f7d43343f8dc38\"},\"headline\":\"Execu\u00e7\u00e3o \u00e0 luz do dia: mec\u00e2nico de 18 anos \u00e9 morto a tiros enquanto trabalhava em Eun\u00e1polis\",\"datePublished\":\"2026-01-05T14:33:10+00:00\",\"dateModified\":\"2026-01-05T14:33:12+00:00\",\"mainEntityOfPage\":{\"@id\":\"https:\/\/sudoesteacontece.com.br\/?p=5431\"},\"wordCount\":301,\"commentCount\":0,\"publisher\":{\"@id\":\"https:\/\/sudoesteacontece.com.br\/#organization\"},\"image\":{\"@id\":\"https:\/\/sudoesteacontece.com.br\/?p=5431#primaryimage\"},\"thumbnailUrl\":\"https:\/\/sudoesteacontece.com.br\/wp-content\/uploads\/2026\/01\/Execucao-a-luz-do-dia-mecanico-de-18-anos-e-morto-a-tiros-enquanto-trabalhava-em-Eunapolis-sudoeste-acontece.jpg\",\"articleSection\":[\"Pol\u00edcia\"],\"inLanguage\":\"pt-BR\",\"potentialAction\":[{\"@type\":\"CommentAction\",\"name\":\"Comment\",\"target\":[\"https:\/\/sudoesteacontece.com.br\/?p=5431#respond\"]}]},{\"@type\":\"WebPage\",\"@id\":\"https:\/\/sudoesteacontece.com.br\/?p=5431\",\"url\":\"https:\/\/sudoesteacontece.com.br\/?p=5431\",\"name\":\"Execu\u00e7\u00e3o \u00e0 luz do dia: mec\u00e2nico de 18 anos \u00e9 morto a tiros enquanto trabalhava em Eun\u00e1polis - Sudoesteacontece\",\"isPartOf\":{\"@id\":\"https:\/\/sudoesteacontece.com.br\/#website\"},\"primaryImageOfPage\":{\"@id\":\"https:\/\/sudoesteacontece.com.br\/?p=5431#primaryimage\"},\"image\":{\"@id\":\"https:\/\/sudoesteacontece.com.br\/?p=5431#primaryimage\"},\"thumbnailUrl\":\"https:\/\/sudoesteacontece.com.br\/wp-content\/uploads\/2026\/01\/Execucao-a-luz-do-dia-mecanico-de-18-anos-e-morto-a-tiros-enquanto-trabalhava-em-Eunapolis-sudoeste-acontece.jpg\",\"datePublished\":\"2026-01-05T14:33:10+00:00\",\"dateModified\":\"2026-01-05T14:33:12+00:00\",\"breadcrumb\":{\"@id\":\"https:\/\/sudoesteacontece.com.br\/?p=5431#breadcrumb\"},\"inLanguage\":\"pt-BR\",\"potentialAction\":[{\"@type\":\"ReadAction\",\"target\":[\"https:\/\/sudoesteacontece.com.br\/?p=5431\"]}]},{\"@type\":\"ImageObject\",\"inLanguage\":\"pt-BR\",\"@id\":\"https:\/\/sudoesteacontece.com.br\/?p=5431#primaryimage\",\"url\":\"https:\/\/sudoesteacontece.com.br\/wp-content\/uploads\/2026\/01\/Execucao-a-luz-do-dia-mecanico-de-18-anos-e-morto-a-tiros-enquanto-trabalhava-em-Eunapolis-sudoeste-acontece.jpg\",\"contentUrl\":\"https:\/\/sudoesteacontece.com.br\/wp-content\/uploads\/2026\/01\/Execucao-a-luz-do-dia-mecanico-de-18-anos-e-morto-a-tiros-enquanto-trabalhava-em-Eunapolis-sudoeste-acontece.jpg\",\"width\":900,\"height\":600},{\"@type\":\"BreadcrumbList\",\"@id\":\"https:\/\/sudoesteacontece.com.br\/?p=5431#breadcrumb\",\"itemListElement\":[{\"@type\":\"ListItem\",\"position\":1,\"name\":\"In\u00edcio\",\"item\":\"https:\/\/sudoesteacontece.com.br\/\"},{\"@type\":\"ListItem\",\"position\":2,\"name\":\"Execu\u00e7\u00e3o \u00e0 luz do dia: mec\u00e2nico de 18 anos \u00e9 morto a tiros enquanto trabalhava em Eun\u00e1polis\"}]},{\"@type\":\"WebSite\",\"@id\":\"https:\/\/sudoesteacontece.com.br\/#website\",\"url\":\"https:\/\/sudoesteacontece.com.br\/\",\"name\":\"Sudoesteacontece\",\"description\":\"\",\"publisher\":{\"@id\":\"https:\/\/sudoesteacontece.com.br\/#organization\"},\"potentialAction\":[{\"@type\":\"SearchAction\",\"target\":{\"@type\":\"EntryPoint\",\"urlTemplate\":\"https:\/\/sudoesteacontece.com.br\/?s={search_term_string}\"},\"query-input\":{\"@type\":\"PropertyValueSpecification\",\"valueRequired\":true,\"valueName\":\"search_term_string\"}}],\"inLanguage\":\"pt-BR\"},{\"@type\":\"Organization\",\"@id\":\"https:\/\/sudoesteacontece.com.br\/#organization\",\"name\":\"Sudoesteacontece\",\"url\":\"https:\/\/sudoesteacontece.com.br\/\",\"logo\":{\"@type\":\"ImageObject\",\"inLanguage\":\"pt-BR\",\"@id\":\"https:\/\/sudoesteacontece.com.br\/#\/schema\/logo\/image\/\",\"url\":\"https:\/\/sudoesteacontece.com.br\/wp-content\/uploads\/2025\/12\/cropped-logo-2-180x180-1.png\",\"contentUrl\":\"https:\/\/sudoesteacontece.com.br\/wp-content\/uploads\/2025\/12\/cropped-logo-2-180x180-1.png\",\"width\":180,\"height\":180,\"caption\":\"Sudoesteacontece\"},\"image\":{\"@id\":\"https:\/\/sudoesteacontece.com.br\/#\/schema\/logo\/image\/\"},\"sameAs\":[\"https:\/\/www.facebook.com\/sudoesteacontece\/?locale=pt_BR\"]},{\"@type\":\"Person\",\"@id\":\"https:\/\/sudoesteacontece.com.br\/#\/schema\/person\/a4f22429c1d0923ef8f7d43343f8dc38\",\"name\":\"Reda\u00e7\u00e3o\",\"image\":{\"@type\":\"ImageObject\",\"inLanguage\":\"pt-BR\",\"@id\":\"https:\/\/sudoesteacontece.com.br\/#\/schema\/person\/image\/\",\"url\":\"https:\/\/secure.gravatar.com\/avatar\/c3a5b3c93f268a709c25a2df414c629a96fb3b1b4bf97a94fb3f72e54ae76903?s=96&d=mm&r=g\",\"contentUrl\":\"https:\/\/secure.gravatar.com\/avatar\/c3a5b3c93f268a709c25a2df414c629a96fb3b1b4bf97a94fb3f72e54ae76903?s=96&d=mm&r=g\",\"caption\":\"Reda\u00e7\u00e3o\"},\"url\":\"https:\/\/sudoesteacontece.com.br\/?author=4\"}]}<\/script>\n<!-- \/ Yoast SEO plugin. -->","yoast_head_json":{"title":"Execu\u00e7\u00e3o \u00e0 luz do dia: mec\u00e2nico de 18 anos \u00e9 morto a tiros enquanto trabalhava em Eun\u00e1polis - Sudoesteacontece","robots":{"index":"index","follow":"follow","max-snippet":"max-snippet:-1","max-image-preview":"max-image-preview:large","max-video-preview":"max-video-preview:-1"},"canonical":"https:\/\/sudoesteacontece.com.br\/?p=5431","og_locale":"pt_BR","og_type":"article","og_title":"Execu\u00e7\u00e3o \u00e0 luz do dia: mec\u00e2nico de 18 anos \u00e9 morto a tiros enquanto trabalhava em Eun\u00e1polis - Sudoesteacontece","og_description":"Viol\u00eancia chocou moradores da Avenida Lu\u00eds Eduardo Magalh\u00e3es na manh\u00e3 desta segunda-feira (5). Um jovem mec\u00e2nico, de apenas 18 anos, foi assassinado a tiros dentro de uma oficina de amortecedores, enquanto exercia sua rotina de trabalho. O crime ocorreu em plena atividade comercial e causou p\u00e2nico e como\u00e7\u00e3o entre clientes e comerciantes da regi\u00e3o. Segundo a apura\u00e7\u00e3o inicial da pol\u00edcia, dois homens chegaram ao local em uma motocicleta vermelha. A dupla desceu do ve\u00edculo, entrou pela parte frontal da mec\u00e2nica e, sem anunciar qualquer a\u00e7\u00e3o, efetuou v\u00e1rios disparos de arma de fogo contra a v\u00edtima, que n\u00e3o teve chance de defesa e foi atingida a curta dist\u00e2ncia. Ainda conforme as informa\u00e7\u00f5es, o jovem caiu no interior do estabelecimento e morreu antes de receber socorro. Ap\u00f3s a execu\u00e7\u00e3o, os suspeitos fugiram rapidamente, tomando destino desconhecido. A a\u00e7\u00e3o foi r\u00e1pida, precisa e refor\u00e7a caracter\u00edsticas de crime com poss\u00edvel execu\u00e7\u00e3o premeditada, segundo avalia\u00e7\u00e3o preliminar. Equipes da Pol\u00edcia Militar isolaram a \u00e1rea logo ap\u00f3s o ataque e acionaram o Departamento de Pol\u00edcia T\u00e9cnica. Peritos realizaram os levantamentos no local e encaminharam o corpo para o Instituto M\u00e9dico Legal. A Pol\u00edcia Civil abriu inqu\u00e9rito para investigar autoria e motiva\u00e7\u00e3o do homic\u00eddio. At\u00e9 a \u00faltima atualiza\u00e7\u00e3o, ningu\u00e9m havia sido preso. A pol\u00edcia pede que informa\u00e7\u00f5es que possam ajudar na identifica\u00e7\u00e3o dos autores sejam repassadas de forma an\u00f4nima. O crime amplia a sensa\u00e7\u00e3o de inseguran\u00e7a e reacende o alerta sobre a viol\u00eancia letal que atinge jovens trabalhadores na cidade.","og_url":"https:\/\/sudoesteacontece.com.br\/?p=5431","og_site_name":"Sudoesteacontece","article_publisher":"https:\/\/www.facebook.com\/sudoesteacontece\/?locale=pt_BR","article_published_time":"2026-01-05T14:33:10+00:00","article_modified_time":"2026-01-05T14:33:12+00:00","og_image":[{"width":900,"height":600,"url":"https:\/\/sudoesteacontece.com.br\/wp-content\/uploads\/2026\/01\/Execucao-a-luz-do-dia-mecanico-de-18-anos-e-morto-a-tiros-enquanto-trabalhava-em-Eunapolis-sudoeste-acontece.jpg","type":"image\/jpeg"}],"author":"Reda\u00e7\u00e3o","twitter_card":"summary_large_image","twitter_misc":{"Escrito por":"Reda\u00e7\u00e3o","Est. tempo de leitura":"2 minutos"},"schema":{"@context":"https:\/\/schema.org","@graph":[{"@type":"Article","@id":"https:\/\/sudoesteacontece.com.br\/?p=5431#article","isPartOf":{"@id":"https:\/\/sudoesteacontece.com.br\/?p=5431"},"author":{"name":"Reda\u00e7\u00e3o","@id":"https:\/\/sudoesteacontece.com.br\/#\/schema\/person\/a4f22429c1d0923ef8f7d43343f8dc38"},"headline":"Execu\u00e7\u00e3o \u00e0 luz do dia: mec\u00e2nico de 18 anos \u00e9 morto a tiros enquanto trabalhava em Eun\u00e1polis","datePublished":"2026-01-05T14:33:10+00:00","dateModified":"2026-01-05T14:33:12+00:00","mainEntityOfPage":{"@id":"https:\/\/sudoesteacontece.com.br\/?p=5431"},"wordCount":301,"commentCount":0,"publisher":{"@id":"https:\/\/sudoesteacontece.com.br\/#organization"},"image":{"@id":"https:\/\/sudoesteacontece.com.br\/?p=5431#primaryimage"},"thumbnailUrl":"https:\/\/sudoesteacontece.com.br\/wp-content\/uploads\/2026\/01\/Execucao-a-luz-do-dia-mecanico-de-18-anos-e-morto-a-tiros-enquanto-trabalhava-em-Eunapolis-sudoeste-acontece.jpg","articleSection":["Pol\u00edcia"],"inLanguage":"pt-BR","potentialAction":[{"@type":"CommentAction","name":"Comment","target":["https:\/\/sudoesteacontece.com.br\/?p=5431#respond"]}]},{"@type":"WebPage","@id":"https:\/\/sudoesteacontece.com.br\/?p=5431","url":"https:\/\/sudoesteacontece.com.br\/?p=5431","name":"Execu\u00e7\u00e3o \u00e0 luz do dia: mec\u00e2nico de 18 anos \u00e9 morto a tiros enquanto trabalhava em Eun\u00e1polis - Sudoesteacontece","isPartOf":{"@id":"https:\/\/sudoesteacontece.com.br\/#website"},"primaryImageOfPage":{"@id":"https:\/\/sudoesteacontece.com.br\/?p=5431#primaryimage"},"image":{"@id":"https:\/\/sudoesteacontece.com.br\/?p=5431#primaryimage"},"thumbnailUrl":"https:\/\/sudoesteacontece.com.br\/wp-content\/uploads\/2026\/01\/Execucao-a-luz-do-dia-mecanico-de-18-anos-e-morto-a-tiros-enquanto-trabalhava-em-Eunapolis-sudoeste-acontece.jpg","datePublished":"2026-01-05T14:33:10+00:00","dateModified":"2026-01-05T14:33:12+00:00","breadcrumb":{"@id":"https:\/\/sudoesteacontece.com.br\/?p=5431#breadcrumb"},"inLanguage":"pt-BR","potentialAction":[{"@type":"ReadAction","target":["https:\/\/sudoesteacontece.com.br\/?p=5431"]}]},{"@type":"ImageObject","inLanguage":"pt-BR","@id":"https:\/\/sudoesteacontece.com.br\/?p=5431#primaryimage","url":"https:\/\/sudoesteacontece.com.br\/wp-content\/uploads\/2026\/01\/Execucao-a-luz-do-dia-mecanico-de-18-anos-e-morto-a-tiros-enquanto-trabalhava-em-Eunapolis-sudoeste-acontece.jpg","contentUrl":"https:\/\/sudoesteacontece.com.br\/wp-content\/uploads\/2026\/01\/Execucao-a-luz-do-dia-mecanico-de-18-anos-e-morto-a-tiros-enquanto-trabalhava-em-Eunapolis-sudoeste-acontece.jpg","width":900,"height":600},{"@type":"BreadcrumbList","@id":"https:\/\/sudoesteacontece.com.br\/?p=5431#breadcrumb","itemListElement":[{"@type":"ListItem","position":1,"name":"In\u00edcio","item":"https:\/\/sudoesteacontece.com.br\/"},{"@type":"ListItem","position":2,"name":"Execu\u00e7\u00e3o \u00e0 luz do dia: mec\u00e2nico de 18 anos \u00e9 morto a tiros enquanto trabalhava em Eun\u00e1polis"}]},{"@type":"WebSite","@id":"https:\/\/sudoesteacontece.com.br\/#website","url":"https:\/\/sudoesteacontece.com.br\/","name":"Sudoesteacontece","description":"","publisher":{"@id":"https:\/\/sudoesteacontece.com.br\/#organization"},"potentialAction":[{"@type":"SearchAction","target":{"@type":"EntryPoint","urlTemplate":"https:\/\/sudoesteacontece.com.br\/?s={search_term_string}"},"query-input":{"@type":"PropertyValueSpecification","valueRequired":true,"valueName":"search_term_string"}}],"inLanguage":"pt-BR"},{"@type":"Organization","@id":"https:\/\/sudoesteacontece.com.br\/#organization","name":"Sudoesteacontece","url":"https:\/\/sudoesteacontece.com.br\/","logo":{"@type":"ImageObject","inLanguage":"pt-BR","@id":"https:\/\/sudoesteacontece.com.br\/#\/schema\/logo\/image\/","url":"https:\/\/sudoesteacontece.com.br\/wp-content\/uploads\/2025\/12\/cropped-logo-2-180x180-1.png","contentUrl":"https:\/\/sudoesteacontece.com.br\/wp-content\/uploads\/2025\/12\/cropped-logo-2-180x180-1.png","width":180,"height":180,"caption":"Sudoesteacontece"},"image":{"@id":"https:\/\/sudoesteacontece.com.br\/#\/schema\/logo\/image\/"},"sameAs":["https:\/\/www.facebook.com\/sudoesteacontece\/?locale=pt_BR"]},{"@type":"Person","@id":"https:\/\/sudoesteacontece.com.br\/#\/schema\/person\/a4f22429c1d0923ef8f7d43343f8dc38","name":"Reda\u00e7\u00e3o","image":{"@type":"ImageObject","inLanguage":"pt-BR","@id":"https:\/\/sudoesteacontece.com.br\/#\/schema\/person\/image\/","url":"https:\/\/secure.gravatar.com\/avatar\/c3a5b3c93f268a709c25a2df414c629a96fb3b1b4bf97a94fb3f72e54ae76903?s=96&d=mm&r=g","contentUrl":"https:\/\/secure.gravatar.com\/avatar\/c3a5b3c93f268a709c25a2df414c629a96fb3b1b4bf97a94fb3f72e54ae76903?s=96&d=mm&r=g","caption":"Reda\u00e7\u00e3o"},"url":"https:\/\/sudoesteacontece.com.br\/?author=4"}]}},"_links":{"self":[{"href":"https:\/\/sudoesteacontece.com.br\/index.php?rest_route=\/wp\/v2\/posts\/5431","targetHints":{"allow":["GET"]}}],"collection":[{"href":"https:\/\/sudoesteacontece.com.br\/index.php?rest_route=\/wp\/v2\/posts"}],"about":[{"href":"https:\/\/sudoesteacontece.com.br\/index.php?rest_route=\/wp\/v2\/types\/post"}],"author":[{"embeddable":true,"href":"https:\/\/sudoesteacontece.com.br\/index.php?rest_route=\/wp\/v2\/users\/4"}],"replies":[{"embeddable":true,"href":"https:\/\/sudoesteacontece.com.br\/index.php?rest_route=%2Fwp%2Fv2%2Fcomments&post=5431"}],"version-history":[{"count":0,"href":"https:\/\/sudoesteacontece.com.br\/index.php?rest_route=\/wp\/v2\/posts\/5431\/revisions"}],"wp:featuredmedia":[{"embeddable":true,"href":"https:\/\/sudoesteacontece.com.br\/index.php?rest_route=\/wp\/v2\/media\/5432"}],"wp:attachment":[{"href":"https:\/\/sudoesteacontece.com.br\/index.php?rest_route=%2Fwp%2Fv2%2Fmedia&parent=5431"}],"wp:term":[{"taxonomy":"category","embeddable":true,"href":"https:\/\/sudoesteacontece.com.br\/index.php?rest_route=%2Fwp%2Fv2%2Fcategories&post=5431"},{"taxonomy":"post_tag","embeddable":true,"href":"https:\/\/sudoesteacontece.com.br\/index.php?rest_route=%2Fwp%2Fv2%2Ftags&post=5431"}],"curies":[{"name":"wp","href":"https:\/\/api.w.org\/{rel}","templated":true}]}}