{"id":5460,"date":"2026-01-06T09:48:46","date_gmt":"2026-01-06T12:48:46","guid":{"rendered":"https:\/\/sudoesteacontece.com.br\/?p=5460"},"modified":"2026-01-06T09:48:48","modified_gmt":"2026-01-06T12:48:48","slug":"operacao-conjunta-apreende-drogas-e-armas-em-imovel-de-pocoes","status":"publish","type":"post","link":"https:\/\/sudoesteacontece.com.br\/?p=5460","title":{"rendered":"Opera\u00e7\u00e3o conjunta apreende drogas e armas em im\u00f3vel de Po\u00e7\u00f5es"},"content":{"rendered":"<div class=\"wp-block-image\">\n<figure class=\"aligncenter size-full\"><img fetchpriority=\"high\" decoding=\"async\" width=\"900\" height=\"600\" src=\"http:\/\/sudoesteacontece.com.br\/wp-content\/uploads\/2026\/01\/Operacao-conjunta-apreende-drogas-e-armas-em-imovel-de-Pocoes-sudoeste-acontece.jpg\" alt=\"\" class=\"wp-image-5482\" srcset=\"https:\/\/sudoesteacontece.com.br\/wp-content\/uploads\/2026\/01\/Operacao-conjunta-apreende-drogas-e-armas-em-imovel-de-Pocoes-sudoeste-acontece.jpg 900w, https:\/\/sudoesteacontece.com.br\/wp-content\/uploads\/2026\/01\/Operacao-conjunta-apreende-drogas-e-armas-em-imovel-de-Pocoes-sudoeste-acontece-300x200.jpg 300w, https:\/\/sudoesteacontece.com.br\/wp-content\/uploads\/2026\/01\/Operacao-conjunta-apreende-drogas-e-armas-em-imovel-de-Pocoes-sudoeste-acontece-768x512.jpg 768w\" sizes=\"(max-width: 900px) 100vw, 900px\" \/><\/figure>\n<\/div>\n\n\n<p>A\u00e7\u00e3o integrada da Pol\u00edcia Militar e da Pol\u00edcia Civil resultou na apreens\u00e3o de drogas e armas de fogo nesta segunda-feira (5), em Po\u00e7\u00f5es, no sudoeste da Bahia. A ofensiva ocorreu ap\u00f3s informa\u00e7\u00f5es apontarem que um im\u00f3vel estaria sendo usado para armazenar entorpecentes e armamentos, o que mobilizou equipes especializadas da regi\u00e3o.<\/p>\n\n\n\n<p>Durante as dilig\u00eancias, policiais da 79\u00aa Companhia Independente da Pol\u00edcia Militar localizaram uma caixa com 15 tabletes de subst\u00e2ncia semelhante \u00e0 coca\u00edna. O material estava escondido dentro da resid\u00eancia e refor\u00e7a a suspeita de que o local funcionava como ponto de apoio para atividades criminosas.<\/p>\n\n\n\n<p>Em outro c\u00f4modo do im\u00f3vel, as equipes encontraram duas espingardas calibre 28 ocultadas dentro de um colchonete. As armas estavam em condi\u00e7\u00e3o de uso, o que elevou o n\u00edvel de risco da ocorr\u00eancia e refor\u00e7ou a gravidade do material apreendido durante a opera\u00e7\u00e3o.<\/p>\n\n\n\n<p>Segundo relato da moradora, ela afirmou n\u00e3o saber a origem das drogas e das armas, mas disse suspeitar que o material perten\u00e7a a um homem que n\u00e3o estava na cidade no momento da a\u00e7\u00e3o policial. A declara\u00e7\u00e3o foi registrada para auxiliar o avan\u00e7o das apura\u00e7\u00f5es.<\/p>\n\n\n\n<p>Todo o material apreendido foi encaminhado \u00e0 delegacia de Po\u00e7\u00f5es, onde a ocorr\u00eancia foi formalizada. As investiga\u00e7\u00f5es seguem sob responsabilidade da Pol\u00edcia Civil, por meio da 10\u00aa Coorpin, sediada em Vit\u00f3ria da Conquista, que instaurou inqu\u00e9rito para identificar os respons\u00e1veis.<\/p>\n","protected":false},"excerpt":{"rendered":"<p>A\u00e7\u00e3o integrada da Pol\u00edcia Militar e da Pol\u00edcia Civil resultou na apreens\u00e3o de drogas e armas de fogo nesta segunda-feira (5), em Po\u00e7\u00f5es, no sudoeste da Bahia. A ofensiva ocorreu ap\u00f3s informa\u00e7\u00f5es apontarem que um im\u00f3vel estaria sendo usado para armazenar entorpecentes e armamentos, o que mobilizou equipes especializadas da regi\u00e3o. Durante as dilig\u00eancias, policiais da 79\u00aa Companhia Independente da Pol\u00edcia Militar localizaram uma caixa com 15 tabletes de subst\u00e2ncia semelhante \u00e0 coca\u00edna. O material estava escondido dentro da resid\u00eancia e refor\u00e7a a suspeita de que o local funcionava como ponto de apoio para atividades criminosas. Em outro c\u00f4modo do im\u00f3vel, as equipes encontraram duas espingardas calibre 28 ocultadas dentro de um colchonete. As armas estavam em condi\u00e7\u00e3o de uso, o que elevou o n\u00edvel de risco da ocorr\u00eancia e refor\u00e7ou a gravidade do material apreendido durante a opera\u00e7\u00e3o. Segundo relato da moradora, ela afirmou n\u00e3o saber a origem das drogas e das armas, mas disse suspeitar que o material perten\u00e7a a um homem que n\u00e3o estava na cidade no momento da a\u00e7\u00e3o policial. A declara\u00e7\u00e3o foi registrada para auxiliar o avan\u00e7o das apura\u00e7\u00f5es. Todo o material apreendido foi encaminhado \u00e0 delegacia de Po\u00e7\u00f5es, onde a ocorr\u00eancia foi formalizada. As investiga\u00e7\u00f5es seguem sob responsabilidade da Pol\u00edcia Civil, por meio da 10\u00aa Coorpin, sediada em Vit\u00f3ria da Conquista, que instaurou inqu\u00e9rito para identificar os respons\u00e1veis.<\/p>\n","protected":false},"author":4,"featured_media":5482,"comment_status":"open","ping_status":"open","sticky":false,"template":"","format":"standard","meta":{"footnotes":""},"categories":[74,3],"tags":[],"class_list":["post-5460","post","type-post","status-publish","format-standard","has-post-thumbnail","hentry","category-pocoes","category-policia"],"yoast_head":"<!-- This site is optimized with the Yoast SEO plugin v26.5 - https:\/\/yoast.com\/wordpress\/plugins\/seo\/ -->\n<title>Opera\u00e7\u00e3o conjunta apreende drogas e armas em im\u00f3vel de Po\u00e7\u00f5es - Sudoesteacontece<\/title>\n<meta name=\"robots\" content=\"index, follow, max-snippet:-1, max-image-preview:large, max-video-preview:-1\" \/>\n<link rel=\"canonical\" href=\"https:\/\/sudoesteacontece.com.br\/?p=5460\" \/>\n<meta property=\"og:locale\" content=\"pt_BR\" \/>\n<meta property=\"og:type\" content=\"article\" \/>\n<meta property=\"og:title\" content=\"Opera\u00e7\u00e3o conjunta apreende drogas e armas em im\u00f3vel de Po\u00e7\u00f5es - Sudoesteacontece\" \/>\n<meta property=\"og:description\" content=\"A\u00e7\u00e3o integrada da Pol\u00edcia Militar e da Pol\u00edcia Civil resultou na apreens\u00e3o de drogas e armas de fogo nesta segunda-feira (5), em Po\u00e7\u00f5es, no sudoeste da Bahia. A ofensiva ocorreu ap\u00f3s informa\u00e7\u00f5es apontarem que um im\u00f3vel estaria sendo usado para armazenar entorpecentes e armamentos, o que mobilizou equipes especializadas da regi\u00e3o. Durante as dilig\u00eancias, policiais da 79\u00aa Companhia Independente da Pol\u00edcia Militar localizaram uma caixa com 15 tabletes de subst\u00e2ncia semelhante \u00e0 coca\u00edna. O material estava escondido dentro da resid\u00eancia e refor\u00e7a a suspeita de que o local funcionava como ponto de apoio para atividades criminosas. Em outro c\u00f4modo do im\u00f3vel, as equipes encontraram duas espingardas calibre 28 ocultadas dentro de um colchonete. As armas estavam em condi\u00e7\u00e3o de uso, o que elevou o n\u00edvel de risco da ocorr\u00eancia e refor\u00e7ou a gravidade do material apreendido durante a opera\u00e7\u00e3o. Segundo relato da moradora, ela afirmou n\u00e3o saber a origem das drogas e das armas, mas disse suspeitar que o material perten\u00e7a a um homem que n\u00e3o estava na cidade no momento da a\u00e7\u00e3o policial. A declara\u00e7\u00e3o foi registrada para auxiliar o avan\u00e7o das apura\u00e7\u00f5es. Todo o material apreendido foi encaminhado \u00e0 delegacia de Po\u00e7\u00f5es, onde a ocorr\u00eancia foi formalizada. As investiga\u00e7\u00f5es seguem sob responsabilidade da Pol\u00edcia Civil, por meio da 10\u00aa Coorpin, sediada em Vit\u00f3ria da Conquista, que instaurou inqu\u00e9rito para identificar os respons\u00e1veis.\" \/>\n<meta property=\"og:url\" content=\"https:\/\/sudoesteacontece.com.br\/?p=5460\" \/>\n<meta property=\"og:site_name\" content=\"Sudoesteacontece\" \/>\n<meta property=\"article:publisher\" content=\"https:\/\/www.facebook.com\/sudoesteacontece\/?locale=pt_BR\" \/>\n<meta property=\"article:published_time\" content=\"2026-01-06T12:48:46+00:00\" \/>\n<meta property=\"article:modified_time\" content=\"2026-01-06T12:48:48+00:00\" \/>\n<meta property=\"og:image\" content=\"https:\/\/sudoesteacontece.com.br\/wp-content\/uploads\/2026\/01\/Operacao-conjunta-apreende-drogas-e-armas-em-imovel-de-Pocoes-sudoeste-acontece.jpg\" \/>\n\t<meta property=\"og:image:width\" content=\"900\" \/>\n\t<meta property=\"og:image:height\" content=\"600\" \/>\n\t<meta property=\"og:image:type\" content=\"image\/jpeg\" \/>\n<meta name=\"author\" content=\"Reda\u00e7\u00e3o\" \/>\n<meta name=\"twitter:card\" content=\"summary_large_image\" \/>\n<meta name=\"twitter:label1\" content=\"Escrito por\" \/>\n\t<meta name=\"twitter:data1\" content=\"Reda\u00e7\u00e3o\" \/>\n\t<meta name=\"twitter:label2\" content=\"Est. tempo de leitura\" \/>\n\t<meta name=\"twitter:data2\" content=\"2 minutos\" \/>\n<script type=\"application\/ld+json\" class=\"yoast-schema-graph\">{\"@context\":\"https:\/\/schema.org\",\"@graph\":[{\"@type\":\"Article\",\"@id\":\"https:\/\/sudoesteacontece.com.br\/?p=5460#article\",\"isPartOf\":{\"@id\":\"https:\/\/sudoesteacontece.com.br\/?p=5460\"},\"author\":{\"name\":\"Reda\u00e7\u00e3o\",\"@id\":\"https:\/\/sudoesteacontece.com.br\/#\/schema\/person\/a4f22429c1d0923ef8f7d43343f8dc38\"},\"headline\":\"Opera\u00e7\u00e3o conjunta apreende drogas e armas em im\u00f3vel de Po\u00e7\u00f5es\",\"datePublished\":\"2026-01-06T12:48:46+00:00\",\"dateModified\":\"2026-01-06T12:48:48+00:00\",\"mainEntityOfPage\":{\"@id\":\"https:\/\/sudoesteacontece.com.br\/?p=5460\"},\"wordCount\":266,\"commentCount\":0,\"publisher\":{\"@id\":\"https:\/\/sudoesteacontece.com.br\/#organization\"},\"image\":{\"@id\":\"https:\/\/sudoesteacontece.com.br\/?p=5460#primaryimage\"},\"thumbnailUrl\":\"https:\/\/sudoesteacontece.com.br\/wp-content\/uploads\/2026\/01\/Operacao-conjunta-apreende-drogas-e-armas-em-imovel-de-Pocoes-sudoeste-acontece.jpg\",\"articleSection\":[\"Po\u00e7\u00f5es\",\"Pol\u00edcia\"],\"inLanguage\":\"pt-BR\",\"potentialAction\":[{\"@type\":\"CommentAction\",\"name\":\"Comment\",\"target\":[\"https:\/\/sudoesteacontece.com.br\/?p=5460#respond\"]}]},{\"@type\":\"WebPage\",\"@id\":\"https:\/\/sudoesteacontece.com.br\/?p=5460\",\"url\":\"https:\/\/sudoesteacontece.com.br\/?p=5460\",\"name\":\"Opera\u00e7\u00e3o conjunta apreende drogas e armas em im\u00f3vel de Po\u00e7\u00f5es - Sudoesteacontece\",\"isPartOf\":{\"@id\":\"https:\/\/sudoesteacontece.com.br\/#website\"},\"primaryImageOfPage\":{\"@id\":\"https:\/\/sudoesteacontece.com.br\/?p=5460#primaryimage\"},\"image\":{\"@id\":\"https:\/\/sudoesteacontece.com.br\/?p=5460#primaryimage\"},\"thumbnailUrl\":\"https:\/\/sudoesteacontece.com.br\/wp-content\/uploads\/2026\/01\/Operacao-conjunta-apreende-drogas-e-armas-em-imovel-de-Pocoes-sudoeste-acontece.jpg\",\"datePublished\":\"2026-01-06T12:48:46+00:00\",\"dateModified\":\"2026-01-06T12:48:48+00:00\",\"breadcrumb\":{\"@id\":\"https:\/\/sudoesteacontece.com.br\/?p=5460#breadcrumb\"},\"inLanguage\":\"pt-BR\",\"potentialAction\":[{\"@type\":\"ReadAction\",\"target\":[\"https:\/\/sudoesteacontece.com.br\/?p=5460\"]}]},{\"@type\":\"ImageObject\",\"inLanguage\":\"pt-BR\",\"@id\":\"https:\/\/sudoesteacontece.com.br\/?p=5460#primaryimage\",\"url\":\"https:\/\/sudoesteacontece.com.br\/wp-content\/uploads\/2026\/01\/Operacao-conjunta-apreende-drogas-e-armas-em-imovel-de-Pocoes-sudoeste-acontece.jpg\",\"contentUrl\":\"https:\/\/sudoesteacontece.com.br\/wp-content\/uploads\/2026\/01\/Operacao-conjunta-apreende-drogas-e-armas-em-imovel-de-Pocoes-sudoeste-acontece.jpg\",\"width\":900,\"height\":600},{\"@type\":\"BreadcrumbList\",\"@id\":\"https:\/\/sudoesteacontece.com.br\/?p=5460#breadcrumb\",\"itemListElement\":[{\"@type\":\"ListItem\",\"position\":1,\"name\":\"In\u00edcio\",\"item\":\"https:\/\/sudoesteacontece.com.br\/\"},{\"@type\":\"ListItem\",\"position\":2,\"name\":\"Opera\u00e7\u00e3o conjunta apreende drogas e armas em im\u00f3vel de Po\u00e7\u00f5es\"}]},{\"@type\":\"WebSite\",\"@id\":\"https:\/\/sudoesteacontece.com.br\/#website\",\"url\":\"https:\/\/sudoesteacontece.com.br\/\",\"name\":\"Sudoesteacontece\",\"description\":\"\",\"publisher\":{\"@id\":\"https:\/\/sudoesteacontece.com.br\/#organization\"},\"potentialAction\":[{\"@type\":\"SearchAction\",\"target\":{\"@type\":\"EntryPoint\",\"urlTemplate\":\"https:\/\/sudoesteacontece.com.br\/?s={search_term_string}\"},\"query-input\":{\"@type\":\"PropertyValueSpecification\",\"valueRequired\":true,\"valueName\":\"search_term_string\"}}],\"inLanguage\":\"pt-BR\"},{\"@type\":\"Organization\",\"@id\":\"https:\/\/sudoesteacontece.com.br\/#organization\",\"name\":\"Sudoesteacontece\",\"url\":\"https:\/\/sudoesteacontece.com.br\/\",\"logo\":{\"@type\":\"ImageObject\",\"inLanguage\":\"pt-BR\",\"@id\":\"https:\/\/sudoesteacontece.com.br\/#\/schema\/logo\/image\/\",\"url\":\"https:\/\/sudoesteacontece.com.br\/wp-content\/uploads\/2025\/12\/cropped-logo-2-180x180-1.png\",\"contentUrl\":\"https:\/\/sudoesteacontece.com.br\/wp-content\/uploads\/2025\/12\/cropped-logo-2-180x180-1.png\",\"width\":180,\"height\":180,\"caption\":\"Sudoesteacontece\"},\"image\":{\"@id\":\"https:\/\/sudoesteacontece.com.br\/#\/schema\/logo\/image\/\"},\"sameAs\":[\"https:\/\/www.facebook.com\/sudoesteacontece\/?locale=pt_BR\"]},{\"@type\":\"Person\",\"@id\":\"https:\/\/sudoesteacontece.com.br\/#\/schema\/person\/a4f22429c1d0923ef8f7d43343f8dc38\",\"name\":\"Reda\u00e7\u00e3o\",\"image\":{\"@type\":\"ImageObject\",\"inLanguage\":\"pt-BR\",\"@id\":\"https:\/\/sudoesteacontece.com.br\/#\/schema\/person\/image\/\",\"url\":\"https:\/\/secure.gravatar.com\/avatar\/c3a5b3c93f268a709c25a2df414c629a96fb3b1b4bf97a94fb3f72e54ae76903?s=96&d=mm&r=g\",\"contentUrl\":\"https:\/\/secure.gravatar.com\/avatar\/c3a5b3c93f268a709c25a2df414c629a96fb3b1b4bf97a94fb3f72e54ae76903?s=96&d=mm&r=g\",\"caption\":\"Reda\u00e7\u00e3o\"},\"url\":\"https:\/\/sudoesteacontece.com.br\/?author=4\"}]}<\/script>\n<!-- \/ Yoast SEO plugin. -->","yoast_head_json":{"title":"Opera\u00e7\u00e3o conjunta apreende drogas e armas em im\u00f3vel de Po\u00e7\u00f5es - Sudoesteacontece","robots":{"index":"index","follow":"follow","max-snippet":"max-snippet:-1","max-image-preview":"max-image-preview:large","max-video-preview":"max-video-preview:-1"},"canonical":"https:\/\/sudoesteacontece.com.br\/?p=5460","og_locale":"pt_BR","og_type":"article","og_title":"Opera\u00e7\u00e3o conjunta apreende drogas e armas em im\u00f3vel de Po\u00e7\u00f5es - Sudoesteacontece","og_description":"A\u00e7\u00e3o integrada da Pol\u00edcia Militar e da Pol\u00edcia Civil resultou na apreens\u00e3o de drogas e armas de fogo nesta segunda-feira (5), em Po\u00e7\u00f5es, no sudoeste da Bahia. A ofensiva ocorreu ap\u00f3s informa\u00e7\u00f5es apontarem que um im\u00f3vel estaria sendo usado para armazenar entorpecentes e armamentos, o que mobilizou equipes especializadas da regi\u00e3o. Durante as dilig\u00eancias, policiais da 79\u00aa Companhia Independente da Pol\u00edcia Militar localizaram uma caixa com 15 tabletes de subst\u00e2ncia semelhante \u00e0 coca\u00edna. O material estava escondido dentro da resid\u00eancia e refor\u00e7a a suspeita de que o local funcionava como ponto de apoio para atividades criminosas. Em outro c\u00f4modo do im\u00f3vel, as equipes encontraram duas espingardas calibre 28 ocultadas dentro de um colchonete. As armas estavam em condi\u00e7\u00e3o de uso, o que elevou o n\u00edvel de risco da ocorr\u00eancia e refor\u00e7ou a gravidade do material apreendido durante a opera\u00e7\u00e3o. Segundo relato da moradora, ela afirmou n\u00e3o saber a origem das drogas e das armas, mas disse suspeitar que o material perten\u00e7a a um homem que n\u00e3o estava na cidade no momento da a\u00e7\u00e3o policial. A declara\u00e7\u00e3o foi registrada para auxiliar o avan\u00e7o das apura\u00e7\u00f5es. Todo o material apreendido foi encaminhado \u00e0 delegacia de Po\u00e7\u00f5es, onde a ocorr\u00eancia foi formalizada. As investiga\u00e7\u00f5es seguem sob responsabilidade da Pol\u00edcia Civil, por meio da 10\u00aa Coorpin, sediada em Vit\u00f3ria da Conquista, que instaurou inqu\u00e9rito para identificar os respons\u00e1veis.","og_url":"https:\/\/sudoesteacontece.com.br\/?p=5460","og_site_name":"Sudoesteacontece","article_publisher":"https:\/\/www.facebook.com\/sudoesteacontece\/?locale=pt_BR","article_published_time":"2026-01-06T12:48:46+00:00","article_modified_time":"2026-01-06T12:48:48+00:00","og_image":[{"width":900,"height":600,"url":"https:\/\/sudoesteacontece.com.br\/wp-content\/uploads\/2026\/01\/Operacao-conjunta-apreende-drogas-e-armas-em-imovel-de-Pocoes-sudoeste-acontece.jpg","type":"image\/jpeg"}],"author":"Reda\u00e7\u00e3o","twitter_card":"summary_large_image","twitter_misc":{"Escrito por":"Reda\u00e7\u00e3o","Est. tempo de leitura":"2 minutos"},"schema":{"@context":"https:\/\/schema.org","@graph":[{"@type":"Article","@id":"https:\/\/sudoesteacontece.com.br\/?p=5460#article","isPartOf":{"@id":"https:\/\/sudoesteacontece.com.br\/?p=5460"},"author":{"name":"Reda\u00e7\u00e3o","@id":"https:\/\/sudoesteacontece.com.br\/#\/schema\/person\/a4f22429c1d0923ef8f7d43343f8dc38"},"headline":"Opera\u00e7\u00e3o conjunta apreende drogas e armas em im\u00f3vel de Po\u00e7\u00f5es","datePublished":"2026-01-06T12:48:46+00:00","dateModified":"2026-01-06T12:48:48+00:00","mainEntityOfPage":{"@id":"https:\/\/sudoesteacontece.com.br\/?p=5460"},"wordCount":266,"commentCount":0,"publisher":{"@id":"https:\/\/sudoesteacontece.com.br\/#organization"},"image":{"@id":"https:\/\/sudoesteacontece.com.br\/?p=5460#primaryimage"},"thumbnailUrl":"https:\/\/sudoesteacontece.com.br\/wp-content\/uploads\/2026\/01\/Operacao-conjunta-apreende-drogas-e-armas-em-imovel-de-Pocoes-sudoeste-acontece.jpg","articleSection":["Po\u00e7\u00f5es","Pol\u00edcia"],"inLanguage":"pt-BR","potentialAction":[{"@type":"CommentAction","name":"Comment","target":["https:\/\/sudoesteacontece.com.br\/?p=5460#respond"]}]},{"@type":"WebPage","@id":"https:\/\/sudoesteacontece.com.br\/?p=5460","url":"https:\/\/sudoesteacontece.com.br\/?p=5460","name":"Opera\u00e7\u00e3o conjunta apreende drogas e armas em im\u00f3vel de Po\u00e7\u00f5es - Sudoesteacontece","isPartOf":{"@id":"https:\/\/sudoesteacontece.com.br\/#website"},"primaryImageOfPage":{"@id":"https:\/\/sudoesteacontece.com.br\/?p=5460#primaryimage"},"image":{"@id":"https:\/\/sudoesteacontece.com.br\/?p=5460#primaryimage"},"thumbnailUrl":"https:\/\/sudoesteacontece.com.br\/wp-content\/uploads\/2026\/01\/Operacao-conjunta-apreende-drogas-e-armas-em-imovel-de-Pocoes-sudoeste-acontece.jpg","datePublished":"2026-01-06T12:48:46+00:00","dateModified":"2026-01-06T12:48:48+00:00","breadcrumb":{"@id":"https:\/\/sudoesteacontece.com.br\/?p=5460#breadcrumb"},"inLanguage":"pt-BR","potentialAction":[{"@type":"ReadAction","target":["https:\/\/sudoesteacontece.com.br\/?p=5460"]}]},{"@type":"ImageObject","inLanguage":"pt-BR","@id":"https:\/\/sudoesteacontece.com.br\/?p=5460#primaryimage","url":"https:\/\/sudoesteacontece.com.br\/wp-content\/uploads\/2026\/01\/Operacao-conjunta-apreende-drogas-e-armas-em-imovel-de-Pocoes-sudoeste-acontece.jpg","contentUrl":"https:\/\/sudoesteacontece.com.br\/wp-content\/uploads\/2026\/01\/Operacao-conjunta-apreende-drogas-e-armas-em-imovel-de-Pocoes-sudoeste-acontece.jpg","width":900,"height":600},{"@type":"BreadcrumbList","@id":"https:\/\/sudoesteacontece.com.br\/?p=5460#breadcrumb","itemListElement":[{"@type":"ListItem","position":1,"name":"In\u00edcio","item":"https:\/\/sudoesteacontece.com.br\/"},{"@type":"ListItem","position":2,"name":"Opera\u00e7\u00e3o conjunta apreende drogas e armas em im\u00f3vel de Po\u00e7\u00f5es"}]},{"@type":"WebSite","@id":"https:\/\/sudoesteacontece.com.br\/#website","url":"https:\/\/sudoesteacontece.com.br\/","name":"Sudoesteacontece","description":"","publisher":{"@id":"https:\/\/sudoesteacontece.com.br\/#organization"},"potentialAction":[{"@type":"SearchAction","target":{"@type":"EntryPoint","urlTemplate":"https:\/\/sudoesteacontece.com.br\/?s={search_term_string}"},"query-input":{"@type":"PropertyValueSpecification","valueRequired":true,"valueName":"search_term_string"}}],"inLanguage":"pt-BR"},{"@type":"Organization","@id":"https:\/\/sudoesteacontece.com.br\/#organization","name":"Sudoesteacontece","url":"https:\/\/sudoesteacontece.com.br\/","logo":{"@type":"ImageObject","inLanguage":"pt-BR","@id":"https:\/\/sudoesteacontece.com.br\/#\/schema\/logo\/image\/","url":"https:\/\/sudoesteacontece.com.br\/wp-content\/uploads\/2025\/12\/cropped-logo-2-180x180-1.png","contentUrl":"https:\/\/sudoesteacontece.com.br\/wp-content\/uploads\/2025\/12\/cropped-logo-2-180x180-1.png","width":180,"height":180,"caption":"Sudoesteacontece"},"image":{"@id":"https:\/\/sudoesteacontece.com.br\/#\/schema\/logo\/image\/"},"sameAs":["https:\/\/www.facebook.com\/sudoesteacontece\/?locale=pt_BR"]},{"@type":"Person","@id":"https:\/\/sudoesteacontece.com.br\/#\/schema\/person\/a4f22429c1d0923ef8f7d43343f8dc38","name":"Reda\u00e7\u00e3o","image":{"@type":"ImageObject","inLanguage":"pt-BR","@id":"https:\/\/sudoesteacontece.com.br\/#\/schema\/person\/image\/","url":"https:\/\/secure.gravatar.com\/avatar\/c3a5b3c93f268a709c25a2df414c629a96fb3b1b4bf97a94fb3f72e54ae76903?s=96&d=mm&r=g","contentUrl":"https:\/\/secure.gravatar.com\/avatar\/c3a5b3c93f268a709c25a2df414c629a96fb3b1b4bf97a94fb3f72e54ae76903?s=96&d=mm&r=g","caption":"Reda\u00e7\u00e3o"},"url":"https:\/\/sudoesteacontece.com.br\/?author=4"}]}},"_links":{"self":[{"href":"https:\/\/sudoesteacontece.com.br\/index.php?rest_route=\/wp\/v2\/posts\/5460","targetHints":{"allow":["GET"]}}],"collection":[{"href":"https:\/\/sudoesteacontece.com.br\/index.php?rest_route=\/wp\/v2\/posts"}],"about":[{"href":"https:\/\/sudoesteacontece.com.br\/index.php?rest_route=\/wp\/v2\/types\/post"}],"author":[{"embeddable":true,"href":"https:\/\/sudoesteacontece.com.br\/index.php?rest_route=\/wp\/v2\/users\/4"}],"replies":[{"embeddable":true,"href":"https:\/\/sudoesteacontece.com.br\/index.php?rest_route=%2Fwp%2Fv2%2Fcomments&post=5460"}],"version-history":[{"count":0,"href":"https:\/\/sudoesteacontece.com.br\/index.php?rest_route=\/wp\/v2\/posts\/5460\/revisions"}],"wp:featuredmedia":[{"embeddable":true,"href":"https:\/\/sudoesteacontece.com.br\/index.php?rest_route=\/wp\/v2\/media\/5482"}],"wp:attachment":[{"href":"https:\/\/sudoesteacontece.com.br\/index.php?rest_route=%2Fwp%2Fv2%2Fmedia&parent=5460"}],"wp:term":[{"taxonomy":"category","embeddable":true,"href":"https:\/\/sudoesteacontece.com.br\/index.php?rest_route=%2Fwp%2Fv2%2Fcategories&post=5460"},{"taxonomy":"post_tag","embeddable":true,"href":"https:\/\/sudoesteacontece.com.br\/index.php?rest_route=%2Fwp%2Fv2%2Ftags&post=5460"}],"curies":[{"name":"wp","href":"https:\/\/api.w.org\/{rel}","templated":true}]}}